{"id":1771,"date":"2025-01-23T14:20:40","date_gmt":"2025-01-23T14:20:40","guid":{"rendered":"https:\/\/carpathiacenter.ro\/?p=1771"},"modified":"2025-01-28T08:54:00","modified_gmt":"2025-01-28T08:54:00","slug":"sua-trump-isi-intensifica-ofensiva-impotriva-imigratiei","status":"publish","type":"post","link":"https:\/\/carpathiacenter.ro\/en\/sua-trump-isi-intensifica-ofensiva-impotriva-imigratiei\/","title":{"rendered":"SUA: Trump \u00ee\u0219i intensific\u0103 ofensiva \u00eempotriva imigra\u021biei"},"content":{"rendered":"<p>Pre\u0219edintele american Donald Trump \u0219i-a intensificat miercuri m\u0103surile \u00eempotriva imigra\u021biei, \u00eenso\u021bite de declara\u021bii la fel de dure ca \u00eentotdeauna pe aceast\u0103 tem\u0103, la dou\u0103 zile dup\u0103 revenirea sa la Casa Alb\u0103, relateaz\u0103 AFP.<\/p>\n<p>Trump a vorbit din Biroul Oval cu Sean Hannity, unul dintre prezentatorii vedet\u0103 ai Fox News, pentru primul s\u0103u interviu de la \u00eenvestirea sa luni.<\/p>\n<p><strong>Republicanul, care s-a angajat s\u0103 expulzeze din SUA milioane de persoane f\u0103r\u0103 acte, a spus c\u0103 \u2018mii de terori\u0219ti\u2019 sunt prezen\u021bi \u00een \u021bar\u0103 din cauza politicilor privind frontiera ale administra\u021biei Biden, considerate prea laxe.<\/strong><\/p>\n<p>\u0218i \u00een special pentru c\u0103 \u021b\u0103ri precum Venezuela \u2018\u0219i-au luat bandele de pe str\u0103zi \u0219i le-au mutat \u00een Statele Unite\u2019, a declarat el.<\/p>\n<p>\u2018Ne vom ocupa de asta\u2019, a subliniat pre\u0219edintele american, ad\u0103ug\u00e2nd: \u2018Am ajuns la timp\u2019.<\/p>\n<p>Anterior, purt\u0103toarea sa de cuv\u00e2nt, Karoline Leavitt, a anun\u021bat c\u0103 armata va desf\u0103\u0219ura \u20181.500 de solda\u021bi suplimentari la grani\u021ba\u2019 cu Mexicul \u00een baza unui ordin executiv al pre\u0219edintelui.<\/p>\n<p>Ace\u0219ti solda\u021bi se vor ad\u0103uga celor peste 2.000 de militari deja prezen\u021bi de-a lungul acestei grani\u021be sudice.<\/p>\n<p>Noua administra\u021bie american\u0103 a suspendat, de asemenea, p\u00e2n\u0103 la noi ordine, toate sosirile \u00een Statele Unite ale miilor de refugia\u021bi din \u00eentreaga lume care au solicitat azil, inclusiv ale celor care l-au ob\u021binut.<\/p>\n<p>Departamentul de Justi\u021bie al SUA a amenin\u021bat autorit\u0103\u021bile locale cu ac\u021biuni \u00een justi\u021bie dac\u0103 politicile anti-imigra\u021bie ale lui Donald Trump nu sunt implementate.<\/p>\n<p>Congresul a adoptat miercuri primul proiect de lege al pre\u0219edin\u021biei Trump, care \u2013 ca simbol \u2013 abordeaz\u0103 imigra\u021bia ilegal\u0103.<\/p>\n<p>Proiectul de lege, care este de a\u0219teptat s\u0103 fie promulgat \u00een cur\u00e2nd de Donald Trump, cere deten\u021bia automat\u0103 de c\u0103tre for\u021bele federale a imigran\u021bilor ilegali care au fost condamna\u021bi sau acuza\u021bi de anumite infrac\u021biuni.<\/p>\n<p>Aproximativ patruzeci de ale\u0219i democra\u021bi au votat pentru aceast\u0103 lege, un semn al tendin\u021belor \u00een schimbare pe tema imigra\u021biei \u00een cadrul clasei politice americane. AGERPRES\/(AS \u2013 autor: Ionu\u021b Mare\u0219, editor: Gabriela Ionescu, editor online: Adrian D\u00e3d\u00e2rlat)<\/p>\n<p><a href=\"https:\/\/agerpres.ro\/politic-extern\/2025\/01\/23\/sua-trump-isi-intensifica-ofensiva-impotriva-imigratiei--1415414\">https:\/\/agerpres.ro\/politic-extern\/2025\/01\/23\/sua-trump-isi-intensifica-ofensiva-impotriva-imigratiei\u20131415414<\/a><\/p>","protected":false},"excerpt":{"rendered":"<p>Pre\u0219edintele american Donald Trump \u0219i-a intensificat miercuri m\u0103surile \u00eempotriva imigra\u021biei, \u00eenso\u021bite de declara\u021bii la fel de dure ca \u00eentotdeauna pe aceast\u0103 tem\u0103, la dou\u0103 zile dup\u0103 revenirea sa la Casa Alb\u0103, relateaz\u0103 AFP. Trump a vorbit din Biroul Oval cu Sean Hannity, unul dintre prezentatorii vedet\u0103 ai Fox News, pentru primul s\u0103u interviu de la&#8230;<\/p>","protected":false},"author":4,"featured_media":1776,"comment_status":"open","ping_status":"open","sticky":false,"template":"","format":"standard","meta":{"footnotes":""},"categories":[1],"tags":[],"class_list":["post-1771","post","type-post","status-publish","format-standard","has-post-thumbnail","hentry","category-uncategorized"],"yoast_head":"<!-- This site is optimized with the Yoast SEO plugin v26.1.1 - https:\/\/yoast.com\/wordpress\/plugins\/seo\/ -->\n<title>SUA: Trump \u00ee\u0219i intensific\u0103 ofensiva \u00eempotriva imigra\u021biei - Carpathia Center Romania<\/title>\n<meta name=\"robots\" content=\"index, follow, max-snippet:-1, max-image-preview:large, max-video-preview:-1\" \/>\n<link rel=\"canonical\" href=\"https:\/\/carpathiacenter.ro\/en\/sua-trump-isi-intensifica-ofensiva-impotriva-imigratiei\/\" \/>\n<meta property=\"og:locale\" content=\"en_GB\" \/>\n<meta property=\"og:type\" content=\"article\" \/>\n<meta property=\"og:title\" content=\"SUA: Trump \u00ee\u0219i intensific\u0103 ofensiva \u00eempotriva imigra\u021biei - Carpathia Center Romania\" \/>\n<meta property=\"og:description\" content=\"Pre\u0219edintele american Donald Trump \u0219i-a intensificat miercuri m\u0103surile \u00eempotriva imigra\u021biei, \u00eenso\u021bite de declara\u021bii la fel de dure ca \u00eentotdeauna pe aceast\u0103 tem\u0103, la dou\u0103 zile dup\u0103 revenirea sa la Casa Alb\u0103, relateaz\u0103 AFP. Trump a vorbit din Biroul Oval cu Sean Hannity, unul dintre prezentatorii vedet\u0103 ai Fox News, pentru primul s\u0103u interviu de la...\" \/>\n<meta property=\"og:url\" content=\"https:\/\/carpathiacenter.ro\/en\/sua-trump-isi-intensifica-ofensiva-impotriva-imigratiei\/\" \/>\n<meta property=\"og:site_name\" content=\"Carpathia Center Romania\" \/>\n<meta property=\"article:publisher\" content=\"https:\/\/www.facebook.com\/fdpscarpathia\/\" \/>\n<meta property=\"article:published_time\" content=\"2025-01-23T14:20:40+00:00\" \/>\n<meta property=\"article:modified_time\" content=\"2025-01-28T08:54:00+00:00\" \/>\n<meta property=\"og:image\" content=\"https:\/\/carpathiacenter.ro\/wp-content\/uploads\/2025\/01\/donald-trump-tari-nato-buget-aparare-pib-18935285.jpg\" \/>\n\t<meta property=\"og:image:width\" content=\"820\" \/>\n\t<meta property=\"og:image:height\" content=\"546\" \/>\n\t<meta property=\"og:image:type\" content=\"image\/jpeg\" \/>\n<meta name=\"author\" content=\"creativebitsolutions\" \/>\n<meta name=\"twitter:card\" content=\"summary_large_image\" \/>\n<meta name=\"twitter:label1\" content=\"Written by\" \/>\n\t<meta name=\"twitter:data1\" content=\"creativebitsolutions\" \/>\n\t<meta name=\"twitter:label2\" content=\"Estimated reading time\" \/>\n\t<meta name=\"twitter:data2\" content=\"2 minutes\" \/>\n<script type=\"application\/ld+json\" class=\"yoast-schema-graph\">{\"@context\":\"https:\/\/schema.org\",\"@graph\":[{\"@type\":\"Article\",\"@id\":\"https:\/\/carpathiacenter.ro\/sua-trump-isi-intensifica-ofensiva-impotriva-imigratiei\/#article\",\"isPartOf\":{\"@id\":\"https:\/\/carpathiacenter.ro\/sua-trump-isi-intensifica-ofensiva-impotriva-imigratiei\/\"},\"author\":{\"name\":\"creativebitsolutions\",\"@id\":\"https:\/\/carpathiacenter.ro\/#\/schema\/person\/03d9f58202fee8379268f34afa195006\"},\"headline\":\"SUA: Trump \u00ee\u0219i intensific\u0103 ofensiva \u00eempotriva imigra\u021biei\",\"datePublished\":\"2025-01-23T14:20:40+00:00\",\"dateModified\":\"2025-01-28T08:54:00+00:00\",\"mainEntityOfPage\":{\"@id\":\"https:\/\/carpathiacenter.ro\/sua-trump-isi-intensifica-ofensiva-impotriva-imigratiei\/\"},\"wordCount\":382,\"commentCount\":0,\"publisher\":{\"@id\":\"https:\/\/carpathiacenter.ro\/#organization\"},\"image\":{\"@id\":\"https:\/\/carpathiacenter.ro\/sua-trump-isi-intensifica-ofensiva-impotriva-imigratiei\/#primaryimage\"},\"thumbnailUrl\":\"https:\/\/carpathiacenter.ro\/wp-content\/uploads\/2025\/01\/donald-trump-tari-nato-buget-aparare-pib-18935285.jpg\",\"articleSection\":[\"Uncategorized\"],\"inLanguage\":\"en-GB\",\"potentialAction\":[{\"@type\":\"CommentAction\",\"name\":\"Comment\",\"target\":[\"https:\/\/carpathiacenter.ro\/sua-trump-isi-intensifica-ofensiva-impotriva-imigratiei\/#respond\"]}]},{\"@type\":\"WebPage\",\"@id\":\"https:\/\/carpathiacenter.ro\/sua-trump-isi-intensifica-ofensiva-impotriva-imigratiei\/\",\"url\":\"https:\/\/carpathiacenter.ro\/sua-trump-isi-intensifica-ofensiva-impotriva-imigratiei\/\",\"name\":\"SUA: Trump \u00ee\u0219i intensific\u0103 ofensiva \u00eempotriva imigra\u021biei - Carpathia Center Romania\",\"isPartOf\":{\"@id\":\"https:\/\/carpathiacenter.ro\/#website\"},\"primaryImageOfPage\":{\"@id\":\"https:\/\/carpathiacenter.ro\/sua-trump-isi-intensifica-ofensiva-impotriva-imigratiei\/#primaryimage\"},\"image\":{\"@id\":\"https:\/\/carpathiacenter.ro\/sua-trump-isi-intensifica-ofensiva-impotriva-imigratiei\/#primaryimage\"},\"thumbnailUrl\":\"https:\/\/carpathiacenter.ro\/wp-content\/uploads\/2025\/01\/donald-trump-tari-nato-buget-aparare-pib-18935285.jpg\",\"datePublished\":\"2025-01-23T14:20:40+00:00\",\"dateModified\":\"2025-01-28T08:54:00+00:00\",\"breadcrumb\":{\"@id\":\"https:\/\/carpathiacenter.ro\/sua-trump-isi-intensifica-ofensiva-impotriva-imigratiei\/#breadcrumb\"},\"inLanguage\":\"en-GB\",\"potentialAction\":[{\"@type\":\"ReadAction\",\"target\":[\"https:\/\/carpathiacenter.ro\/sua-trump-isi-intensifica-ofensiva-impotriva-imigratiei\/\"]}]},{\"@type\":\"ImageObject\",\"inLanguage\":\"en-GB\",\"@id\":\"https:\/\/carpathiacenter.ro\/sua-trump-isi-intensifica-ofensiva-impotriva-imigratiei\/#primaryimage\",\"url\":\"https:\/\/carpathiacenter.ro\/wp-content\/uploads\/2025\/01\/donald-trump-tari-nato-buget-aparare-pib-18935285.jpg\",\"contentUrl\":\"https:\/\/carpathiacenter.ro\/wp-content\/uploads\/2025\/01\/donald-trump-tari-nato-buget-aparare-pib-18935285.jpg\",\"width\":820,\"height\":546},{\"@type\":\"BreadcrumbList\",\"@id\":\"https:\/\/carpathiacenter.ro\/sua-trump-isi-intensifica-ofensiva-impotriva-imigratiei\/#breadcrumb\",\"itemListElement\":[{\"@type\":\"ListItem\",\"position\":1,\"name\":\"Prima pagin\u0103\",\"item\":\"https:\/\/carpathiacenter.ro\/\"},{\"@type\":\"ListItem\",\"position\":2,\"name\":\"SUA: Trump \u00ee\u0219i intensific\u0103 ofensiva \u00eempotriva imigra\u021biei\"}]},{\"@type\":\"WebSite\",\"@id\":\"https:\/\/carpathiacenter.ro\/#website\",\"url\":\"https:\/\/carpathiacenter.ro\/\",\"name\":\"Carpathia Center Romania\",\"description\":\"Impossible made possible!\",\"publisher\":{\"@id\":\"https:\/\/carpathiacenter.ro\/#organization\"},\"potentialAction\":[{\"@type\":\"SearchAction\",\"target\":{\"@type\":\"EntryPoint\",\"urlTemplate\":\"https:\/\/carpathiacenter.ro\/?s={search_term_string}\"},\"query-input\":{\"@type\":\"PropertyValueSpecification\",\"valueRequired\":true,\"valueName\":\"search_term_string\"}}],\"inLanguage\":\"en-GB\"},{\"@type\":\"Organization\",\"@id\":\"https:\/\/carpathiacenter.ro\/#organization\",\"name\":\"Carpathia Center Romania\",\"url\":\"https:\/\/carpathiacenter.ro\/\",\"logo\":{\"@type\":\"ImageObject\",\"inLanguage\":\"en-GB\",\"@id\":\"https:\/\/carpathiacenter.ro\/#\/schema\/logo\/image\/\",\"url\":\"https:\/\/carpathiacenter.ro\/wp-content\/uploads\/2024\/07\/logo-carpathia_bg_white-1024x941.png\",\"contentUrl\":\"https:\/\/carpathiacenter.ro\/wp-content\/uploads\/2024\/07\/logo-carpathia_bg_white-1024x941.png\",\"width\":1024,\"height\":941,\"caption\":\"Carpathia Center Romania\"},\"image\":{\"@id\":\"https:\/\/carpathiacenter.ro\/#\/schema\/logo\/image\/\"},\"sameAs\":[\"https:\/\/www.facebook.com\/fdpscarpathia\/\"]},{\"@type\":\"Person\",\"@id\":\"https:\/\/carpathiacenter.ro\/#\/schema\/person\/03d9f58202fee8379268f34afa195006\",\"name\":\"creativebitsolutions\",\"image\":{\"@type\":\"ImageObject\",\"inLanguage\":\"en-GB\",\"@id\":\"https:\/\/carpathiacenter.ro\/#\/schema\/person\/image\/\",\"url\":\"https:\/\/secure.gravatar.com\/avatar\/1b1a13e37f847c635dab78348f1dff2f07651ee2a3d77a5c355a4b8c75f9165a?s=96&d=mm&r=g\",\"contentUrl\":\"https:\/\/secure.gravatar.com\/avatar\/1b1a13e37f847c635dab78348f1dff2f07651ee2a3d77a5c355a4b8c75f9165a?s=96&d=mm&r=g\",\"caption\":\"creativebitsolutions\"},\"url\":\"https:\/\/carpathiacenter.ro\/en\/author\/creativebitsolutions\/\"}]}<\/script>\n<!-- \/ Yoast SEO plugin. -->","yoast_head_json":{"title":"SUA: Trump \u00ee\u0219i intensific\u0103 ofensiva \u00eempotriva imigra\u021biei - Carpathia Center Romania","robots":{"index":"index","follow":"follow","max-snippet":"max-snippet:-1","max-image-preview":"max-image-preview:large","max-video-preview":"max-video-preview:-1"},"canonical":"https:\/\/carpathiacenter.ro\/en\/sua-trump-isi-intensifica-ofensiva-impotriva-imigratiei\/","og_locale":"en_GB","og_type":"article","og_title":"SUA: Trump \u00ee\u0219i intensific\u0103 ofensiva \u00eempotriva imigra\u021biei - Carpathia Center Romania","og_description":"Pre\u0219edintele american Donald Trump \u0219i-a intensificat miercuri m\u0103surile \u00eempotriva imigra\u021biei, \u00eenso\u021bite de declara\u021bii la fel de dure ca \u00eentotdeauna pe aceast\u0103 tem\u0103, la dou\u0103 zile dup\u0103 revenirea sa la Casa Alb\u0103, relateaz\u0103 AFP. Trump a vorbit din Biroul Oval cu Sean Hannity, unul dintre prezentatorii vedet\u0103 ai Fox News, pentru primul s\u0103u interviu de la...","og_url":"https:\/\/carpathiacenter.ro\/en\/sua-trump-isi-intensifica-ofensiva-impotriva-imigratiei\/","og_site_name":"Carpathia Center Romania","article_publisher":"https:\/\/www.facebook.com\/fdpscarpathia\/","article_published_time":"2025-01-23T14:20:40+00:00","article_modified_time":"2025-01-28T08:54:00+00:00","og_image":[{"width":820,"height":546,"url":"https:\/\/carpathiacenter.ro\/wp-content\/uploads\/2025\/01\/donald-trump-tari-nato-buget-aparare-pib-18935285.jpg","type":"image\/jpeg"}],"author":"creativebitsolutions","twitter_card":"summary_large_image","twitter_misc":{"Written by":"creativebitsolutions","Estimated reading time":"2 minutes"},"schema":{"@context":"https:\/\/schema.org","@graph":[{"@type":"Article","@id":"https:\/\/carpathiacenter.ro\/sua-trump-isi-intensifica-ofensiva-impotriva-imigratiei\/#article","isPartOf":{"@id":"https:\/\/carpathiacenter.ro\/sua-trump-isi-intensifica-ofensiva-impotriva-imigratiei\/"},"author":{"name":"creativebitsolutions","@id":"https:\/\/carpathiacenter.ro\/#\/schema\/person\/03d9f58202fee8379268f34afa195006"},"headline":"SUA: Trump \u00ee\u0219i intensific\u0103 ofensiva \u00eempotriva imigra\u021biei","datePublished":"2025-01-23T14:20:40+00:00","dateModified":"2025-01-28T08:54:00+00:00","mainEntityOfPage":{"@id":"https:\/\/carpathiacenter.ro\/sua-trump-isi-intensifica-ofensiva-impotriva-imigratiei\/"},"wordCount":382,"commentCount":0,"publisher":{"@id":"https:\/\/carpathiacenter.ro\/#organization"},"image":{"@id":"https:\/\/carpathiacenter.ro\/sua-trump-isi-intensifica-ofensiva-impotriva-imigratiei\/#primaryimage"},"thumbnailUrl":"https:\/\/carpathiacenter.ro\/wp-content\/uploads\/2025\/01\/donald-trump-tari-nato-buget-aparare-pib-18935285.jpg","articleSection":["Uncategorized"],"inLanguage":"en-GB","potentialAction":[{"@type":"CommentAction","name":"Comment","target":["https:\/\/carpathiacenter.ro\/sua-trump-isi-intensifica-ofensiva-impotriva-imigratiei\/#respond"]}]},{"@type":"WebPage","@id":"https:\/\/carpathiacenter.ro\/sua-trump-isi-intensifica-ofensiva-impotriva-imigratiei\/","url":"https:\/\/carpathiacenter.ro\/sua-trump-isi-intensifica-ofensiva-impotriva-imigratiei\/","name":"SUA: Trump \u00ee\u0219i intensific\u0103 ofensiva \u00eempotriva imigra\u021biei - Carpathia Center Romania","isPartOf":{"@id":"https:\/\/carpathiacenter.ro\/#website"},"primaryImageOfPage":{"@id":"https:\/\/carpathiacenter.ro\/sua-trump-isi-intensifica-ofensiva-impotriva-imigratiei\/#primaryimage"},"image":{"@id":"https:\/\/carpathiacenter.ro\/sua-trump-isi-intensifica-ofensiva-impotriva-imigratiei\/#primaryimage"},"thumbnailUrl":"https:\/\/carpathiacenter.ro\/wp-content\/uploads\/2025\/01\/donald-trump-tari-nato-buget-aparare-pib-18935285.jpg","datePublished":"2025-01-23T14:20:40+00:00","dateModified":"2025-01-28T08:54:00+00:00","breadcrumb":{"@id":"https:\/\/carpathiacenter.ro\/sua-trump-isi-intensifica-ofensiva-impotriva-imigratiei\/#breadcrumb"},"inLanguage":"en-GB","potentialAction":[{"@type":"ReadAction","target":["https:\/\/carpathiacenter.ro\/sua-trump-isi-intensifica-ofensiva-impotriva-imigratiei\/"]}]},{"@type":"ImageObject","inLanguage":"en-GB","@id":"https:\/\/carpathiacenter.ro\/sua-trump-isi-intensifica-ofensiva-impotriva-imigratiei\/#primaryimage","url":"https:\/\/carpathiacenter.ro\/wp-content\/uploads\/2025\/01\/donald-trump-tari-nato-buget-aparare-pib-18935285.jpg","contentUrl":"https:\/\/carpathiacenter.ro\/wp-content\/uploads\/2025\/01\/donald-trump-tari-nato-buget-aparare-pib-18935285.jpg","width":820,"height":546},{"@type":"BreadcrumbList","@id":"https:\/\/carpathiacenter.ro\/sua-trump-isi-intensifica-ofensiva-impotriva-imigratiei\/#breadcrumb","itemListElement":[{"@type":"ListItem","position":1,"name":"Prima pagin\u0103","item":"https:\/\/carpathiacenter.ro\/"},{"@type":"ListItem","position":2,"name":"SUA: Trump \u00ee\u0219i intensific\u0103 ofensiva \u00eempotriva imigra\u021biei"}]},{"@type":"WebSite","@id":"https:\/\/carpathiacenter.ro\/#website","url":"https:\/\/carpathiacenter.ro\/","name":"Carpathia Center Romania","description":"Impossible made possible!","publisher":{"@id":"https:\/\/carpathiacenter.ro\/#organization"},"potentialAction":[{"@type":"SearchAction","target":{"@type":"EntryPoint","urlTemplate":"https:\/\/carpathiacenter.ro\/?s={search_term_string}"},"query-input":{"@type":"PropertyValueSpecification","valueRequired":true,"valueName":"search_term_string"}}],"inLanguage":"en-GB"},{"@type":"Organization","@id":"https:\/\/carpathiacenter.ro\/#organization","name":"Carpathia Center Romania","url":"https:\/\/carpathiacenter.ro\/","logo":{"@type":"ImageObject","inLanguage":"en-GB","@id":"https:\/\/carpathiacenter.ro\/#\/schema\/logo\/image\/","url":"https:\/\/carpathiacenter.ro\/wp-content\/uploads\/2024\/07\/logo-carpathia_bg_white-1024x941.png","contentUrl":"https:\/\/carpathiacenter.ro\/wp-content\/uploads\/2024\/07\/logo-carpathia_bg_white-1024x941.png","width":1024,"height":941,"caption":"Carpathia Center Romania"},"image":{"@id":"https:\/\/carpathiacenter.ro\/#\/schema\/logo\/image\/"},"sameAs":["https:\/\/www.facebook.com\/fdpscarpathia\/"]},{"@type":"Person","@id":"https:\/\/carpathiacenter.ro\/#\/schema\/person\/03d9f58202fee8379268f34afa195006","name":"creativebitsolutions","image":{"@type":"ImageObject","inLanguage":"en-GB","@id":"https:\/\/carpathiacenter.ro\/#\/schema\/person\/image\/","url":"https:\/\/secure.gravatar.com\/avatar\/1b1a13e37f847c635dab78348f1dff2f07651ee2a3d77a5c355a4b8c75f9165a?s=96&d=mm&r=g","contentUrl":"https:\/\/secure.gravatar.com\/avatar\/1b1a13e37f847c635dab78348f1dff2f07651ee2a3d77a5c355a4b8c75f9165a?s=96&d=mm&r=g","caption":"creativebitsolutions"},"url":"https:\/\/carpathiacenter.ro\/en\/author\/creativebitsolutions\/"}]}},"_links":{"self":[{"href":"https:\/\/carpathiacenter.ro\/en\/wp-json\/wp\/v2\/posts\/1771","targetHints":{"allow":["GET"]}}],"collection":[{"href":"https:\/\/carpathiacenter.ro\/en\/wp-json\/wp\/v2\/posts"}],"about":[{"href":"https:\/\/carpathiacenter.ro\/en\/wp-json\/wp\/v2\/types\/post"}],"author":[{"embeddable":true,"href":"https:\/\/carpathiacenter.ro\/en\/wp-json\/wp\/v2\/users\/4"}],"replies":[{"embeddable":true,"href":"https:\/\/carpathiacenter.ro\/en\/wp-json\/wp\/v2\/comments?post=1771"}],"version-history":[{"count":1,"href":"https:\/\/carpathiacenter.ro\/en\/wp-json\/wp\/v2\/posts\/1771\/revisions"}],"predecessor-version":[{"id":1773,"href":"https:\/\/carpathiacenter.ro\/en\/wp-json\/wp\/v2\/posts\/1771\/revisions\/1773"}],"wp:featuredmedia":[{"embeddable":true,"href":"https:\/\/carpathiacenter.ro\/en\/wp-json\/wp\/v2\/media\/1776"}],"wp:attachment":[{"href":"https:\/\/carpathiacenter.ro\/en\/wp-json\/wp\/v2\/media?parent=1771"}],"wp:term":[{"taxonomy":"category","embeddable":true,"href":"https:\/\/carpathiacenter.ro\/en\/wp-json\/wp\/v2\/categories?post=1771"},{"taxonomy":"post_tag","embeddable":true,"href":"https:\/\/carpathiacenter.ro\/en\/wp-json\/wp\/v2\/tags?post=1771"}],"curies":[{"name":"wp","href":"https:\/\/api.w.org\/{rel}","templated":true}]}}