{"id":1766,"date":"2025-01-22T14:19:03","date_gmt":"2025-01-22T14:19:03","guid":{"rendered":"https:\/\/carpathiacenter.ro\/?p=1766"},"modified":"2025-01-22T14:19:03","modified_gmt":"2025-01-22T14:19:03","slug":"iea-piata-mondiala-a-gazelor-va-ramane-tensionata-in-2025","status":"publish","type":"post","link":"https:\/\/carpathiacenter.ro\/en\/iea-piata-mondiala-a-gazelor-va-ramane-tensionata-in-2025\/","title":{"rendered":"IEA: Pia\u021ba mondial\u0103 a gazelor va r\u0103m\u00e2ne tensionat\u0103 \u00een 2025"},"content":{"rendered":"<p>Consumul mondial de gaze naturale a atins un nivel istoric \u00een 2024 \u0219i apetitul pentru gaze ar urma s\u0103 continue s\u0103 creasc\u0103 anul acesta, potrivit unui raport publicat, mar\u021bi, de Agen\u021bia Interna\u021bional\u0103 a Energiei (IEA), informeaz\u0103 AFP.<\/p>\n<p>Anul trecut, consumul mondial de gaze naturale a crescut cu 2,8%, sau 115 miliarde metri cubi, comparativ cu 2023, adic\u0103 un avans superior ritmului mediu de cre\u0219tere, de 2%, \u00eenregistrat \u00eentre anii 2010 \u0219i 2020, a subliniat IEA, \u00een ultimul s\u0103u raport trimestrial privind pia\u021ba gazelor.<\/p>\n<p>\u00cen luna octombrie a anului trecut, IEA evalua la 4.200 miliarde de metri cubi consumul mondial de gaze \u00een 2024.<\/p>\n<p>Potrivit estim\u0103rilor preliminare, gazele au acoperit aproximativ 40% din cre\u0219terea cererii energetice mondiale, superioar\u0103 oric\u0103rui alt combustibil, a precizat IEA. Gazele continu\u0103 s\u0103 \u00eenlocuiasc\u0103 petrolul \u0219i produsele petroliere \u00een diferite sectoare, precum transportul rutier pe distan\u021be lungi \u0219i sectorul produc\u021biei de electricitate.<\/p>\n<p>Cererea de gaze \u2018va continua s\u0103 creasc\u0103 \u00een 2025, \u00een principal gra\u021bie cre\u0219terii rapide a pie\u021belor asiatice\u2019, a explicat IEA, care a ad\u0103ugat \u00eens\u0103 c\u0103 \u2018echilibrul pe pia\u021ba mondial\u0103 a gazelor r\u0103m\u00e2ne fragil, \u00een condi\u021biile \u00een care oferta r\u0103m\u00e2ne limitat\u0103, iar tensiunile geopolitice continu\u0103 s\u0103 alimenteze volatilitatea pre\u021burilor\u2019.<\/p>\n<p>De asemenea, IEA subliniaz\u0103 c\u0103, de\u0219i oprirea tranzitului gazelor ruse\u0219ti prin Ucraina, de la 1 ianuarie 2025, \u2018nu ar urma s\u0103 reprezinte un risc iminent pentru securitatea aprovizion\u0103rii Uniunii Europene, ar putea cre\u0219te nevoile de importuri de gaze lichefiate ale UE \u0219i s\u0103 pun\u0103 presiuni asupra fundamentelor pie\u021bei \u00een acest an\u2019.<\/p>\n<p>Importurile europene de gaze lichefiate au sc\u0103zut cu 18% \u00een 2024. Cu toate acestea, SUA \u0219i-au conservat titlul de cel mai mare furnizor de GNL pentru Europa, urmate de Rusia, ale c\u0103rei livr\u0103ri spre Europa au crescut cu 17%. Belgia, Fran\u021ba \u0219i Spania au fost responsabile pentru 85% din importurile totale de gaze lichefiate ale Europei provenite din Rusia, \u00een 2024.<\/p>\n<p>Agen\u021bia Interna\u021bional\u0103 a Energiei este principalul organism de consiliere pe probleme energetice al celor mai dezvoltate 29 de state. Agen\u021bia a fost \u00eenfiin\u021bat\u0103 ca r\u0103spuns la primul \u0219oc petrolier din 1973 \u2013 1974, pentru a coordona eliberarea de petrol din stocurile de rezerv\u0103. AGERPRES\/(AS \u2013 autor: Constantin Balaban, editor: Oana Tilic\u0103, editor online: Anda Badea)<\/p>\n<p><a href=\"https:\/\/agerpres.ro\/economic-extern\/2025\/01\/21\/iea-piata-mondiala-a-gazelor-va-ramane-tensionata-in-2025--1414576\">https:\/\/agerpres.ro\/economic-extern\/2025\/01\/21\/iea-piata-mondiala-a-gazelor-va-ramane-tensionata-in-2025\u20131414576<\/a><\/p>","protected":false},"excerpt":{"rendered":"<p>Consumul mondial de gaze naturale a atins un nivel istoric \u00een 2024 \u0219i apetitul pentru gaze ar urma s\u0103 continue s\u0103 creasc\u0103 anul acesta, potrivit unui raport publicat, mar\u021bi, de Agen\u021bia Interna\u021bional\u0103 a Energiei (IEA), informeaz\u0103 AFP. Anul trecut, consumul mondial de gaze naturale a crescut cu 2,8%, sau 115 miliarde metri cubi, comparativ cu&#8230;<\/p>","protected":false},"author":4,"featured_media":1769,"comment_status":"open","ping_status":"open","sticky":false,"template":"","format":"standard","meta":{"footnotes":""},"categories":[1],"tags":[],"class_list":["post-1766","post","type-post","status-publish","format-standard","has-post-thumbnail","hentry","category-uncategorized"],"yoast_head":"<!-- This site is optimized with the Yoast SEO plugin v26.1.1 - https:\/\/yoast.com\/wordpress\/plugins\/seo\/ -->\n<title>IEA: Pia\u021ba mondial\u0103 a gazelor va r\u0103m\u00e2ne tensionat\u0103 \u00een 2025 - Carpathia Center Romania<\/title>\n<meta name=\"robots\" content=\"index, follow, max-snippet:-1, max-image-preview:large, max-video-preview:-1\" \/>\n<link rel=\"canonical\" href=\"https:\/\/carpathiacenter.ro\/en\/iea-piata-mondiala-a-gazelor-va-ramane-tensionata-in-2025\/\" \/>\n<meta property=\"og:locale\" content=\"en_GB\" \/>\n<meta property=\"og:type\" content=\"article\" \/>\n<meta property=\"og:title\" content=\"IEA: Pia\u021ba mondial\u0103 a gazelor va r\u0103m\u00e2ne tensionat\u0103 \u00een 2025 - Carpathia Center Romania\" \/>\n<meta property=\"og:description\" content=\"Consumul mondial de gaze naturale a atins un nivel istoric \u00een 2024 \u0219i apetitul pentru gaze ar urma s\u0103 continue s\u0103 creasc\u0103 anul acesta, potrivit unui raport publicat, mar\u021bi, de Agen\u021bia Interna\u021bional\u0103 a Energiei (IEA), informeaz\u0103 AFP. Anul trecut, consumul mondial de gaze naturale a crescut cu 2,8%, sau 115 miliarde metri cubi, comparativ cu...\" \/>\n<meta property=\"og:url\" content=\"https:\/\/carpathiacenter.ro\/en\/iea-piata-mondiala-a-gazelor-va-ramane-tensionata-in-2025\/\" \/>\n<meta property=\"og:site_name\" content=\"Carpathia Center Romania\" \/>\n<meta property=\"article:publisher\" content=\"https:\/\/www.facebook.com\/fdpscarpathia\/\" \/>\n<meta property=\"article:published_time\" content=\"2025-01-22T14:19:03+00:00\" \/>\n<meta property=\"og:image\" content=\"https:\/\/carpathiacenter.ro\/wp-content\/uploads\/2025\/01\/61964463.jpg\" \/>\n\t<meta property=\"og:image:width\" content=\"1920\" \/>\n\t<meta property=\"og:image:height\" content=\"1080\" \/>\n\t<meta property=\"og:image:type\" content=\"image\/jpeg\" \/>\n<meta name=\"author\" content=\"creativebitsolutions\" \/>\n<meta name=\"twitter:card\" content=\"summary_large_image\" \/>\n<meta name=\"twitter:label1\" content=\"Written by\" \/>\n\t<meta name=\"twitter:data1\" content=\"creativebitsolutions\" \/>\n\t<meta name=\"twitter:label2\" content=\"Estimated reading time\" \/>\n\t<meta name=\"twitter:data2\" content=\"2 minutes\" \/>\n<script type=\"application\/ld+json\" class=\"yoast-schema-graph\">{\"@context\":\"https:\/\/schema.org\",\"@graph\":[{\"@type\":\"Article\",\"@id\":\"https:\/\/carpathiacenter.ro\/iea-piata-mondiala-a-gazelor-va-ramane-tensionata-in-2025\/#article\",\"isPartOf\":{\"@id\":\"https:\/\/carpathiacenter.ro\/iea-piata-mondiala-a-gazelor-va-ramane-tensionata-in-2025\/\"},\"author\":{\"name\":\"creativebitsolutions\",\"@id\":\"https:\/\/carpathiacenter.ro\/#\/schema\/person\/03d9f58202fee8379268f34afa195006\"},\"headline\":\"IEA: Pia\u021ba mondial\u0103 a gazelor va r\u0103m\u00e2ne tensionat\u0103 \u00een 2025\",\"datePublished\":\"2025-01-22T14:19:03+00:00\",\"mainEntityOfPage\":{\"@id\":\"https:\/\/carpathiacenter.ro\/iea-piata-mondiala-a-gazelor-va-ramane-tensionata-in-2025\/\"},\"wordCount\":391,\"commentCount\":0,\"publisher\":{\"@id\":\"https:\/\/carpathiacenter.ro\/#organization\"},\"image\":{\"@id\":\"https:\/\/carpathiacenter.ro\/iea-piata-mondiala-a-gazelor-va-ramane-tensionata-in-2025\/#primaryimage\"},\"thumbnailUrl\":\"https:\/\/carpathiacenter.ro\/wp-content\/uploads\/2025\/01\/61964463.jpg\",\"articleSection\":[\"Uncategorized\"],\"inLanguage\":\"en-GB\",\"potentialAction\":[{\"@type\":\"CommentAction\",\"name\":\"Comment\",\"target\":[\"https:\/\/carpathiacenter.ro\/iea-piata-mondiala-a-gazelor-va-ramane-tensionata-in-2025\/#respond\"]}]},{\"@type\":\"WebPage\",\"@id\":\"https:\/\/carpathiacenter.ro\/iea-piata-mondiala-a-gazelor-va-ramane-tensionata-in-2025\/\",\"url\":\"https:\/\/carpathiacenter.ro\/iea-piata-mondiala-a-gazelor-va-ramane-tensionata-in-2025\/\",\"name\":\"IEA: Pia\u021ba mondial\u0103 a gazelor va r\u0103m\u00e2ne tensionat\u0103 \u00een 2025 - Carpathia Center Romania\",\"isPartOf\":{\"@id\":\"https:\/\/carpathiacenter.ro\/#website\"},\"primaryImageOfPage\":{\"@id\":\"https:\/\/carpathiacenter.ro\/iea-piata-mondiala-a-gazelor-va-ramane-tensionata-in-2025\/#primaryimage\"},\"image\":{\"@id\":\"https:\/\/carpathiacenter.ro\/iea-piata-mondiala-a-gazelor-va-ramane-tensionata-in-2025\/#primaryimage\"},\"thumbnailUrl\":\"https:\/\/carpathiacenter.ro\/wp-content\/uploads\/2025\/01\/61964463.jpg\",\"datePublished\":\"2025-01-22T14:19:03+00:00\",\"breadcrumb\":{\"@id\":\"https:\/\/carpathiacenter.ro\/iea-piata-mondiala-a-gazelor-va-ramane-tensionata-in-2025\/#breadcrumb\"},\"inLanguage\":\"en-GB\",\"potentialAction\":[{\"@type\":\"ReadAction\",\"target\":[\"https:\/\/carpathiacenter.ro\/iea-piata-mondiala-a-gazelor-va-ramane-tensionata-in-2025\/\"]}]},{\"@type\":\"ImageObject\",\"inLanguage\":\"en-GB\",\"@id\":\"https:\/\/carpathiacenter.ro\/iea-piata-mondiala-a-gazelor-va-ramane-tensionata-in-2025\/#primaryimage\",\"url\":\"https:\/\/carpathiacenter.ro\/wp-content\/uploads\/2025\/01\/61964463.jpg\",\"contentUrl\":\"https:\/\/carpathiacenter.ro\/wp-content\/uploads\/2025\/01\/61964463.jpg\",\"width\":1920,\"height\":1080},{\"@type\":\"BreadcrumbList\",\"@id\":\"https:\/\/carpathiacenter.ro\/iea-piata-mondiala-a-gazelor-va-ramane-tensionata-in-2025\/#breadcrumb\",\"itemListElement\":[{\"@type\":\"ListItem\",\"position\":1,\"name\":\"Prima pagin\u0103\",\"item\":\"https:\/\/carpathiacenter.ro\/\"},{\"@type\":\"ListItem\",\"position\":2,\"name\":\"IEA: Pia\u021ba mondial\u0103 a gazelor va r\u0103m\u00e2ne tensionat\u0103 \u00een 2025\"}]},{\"@type\":\"WebSite\",\"@id\":\"https:\/\/carpathiacenter.ro\/#website\",\"url\":\"https:\/\/carpathiacenter.ro\/\",\"name\":\"Carpathia Center Romania\",\"description\":\"Impossible made possible!\",\"publisher\":{\"@id\":\"https:\/\/carpathiacenter.ro\/#organization\"},\"potentialAction\":[{\"@type\":\"SearchAction\",\"target\":{\"@type\":\"EntryPoint\",\"urlTemplate\":\"https:\/\/carpathiacenter.ro\/?s={search_term_string}\"},\"query-input\":{\"@type\":\"PropertyValueSpecification\",\"valueRequired\":true,\"valueName\":\"search_term_string\"}}],\"inLanguage\":\"en-GB\"},{\"@type\":\"Organization\",\"@id\":\"https:\/\/carpathiacenter.ro\/#organization\",\"name\":\"Carpathia Center Romania\",\"url\":\"https:\/\/carpathiacenter.ro\/\",\"logo\":{\"@type\":\"ImageObject\",\"inLanguage\":\"en-GB\",\"@id\":\"https:\/\/carpathiacenter.ro\/#\/schema\/logo\/image\/\",\"url\":\"https:\/\/carpathiacenter.ro\/wp-content\/uploads\/2024\/07\/logo-carpathia_bg_white-1024x941.png\",\"contentUrl\":\"https:\/\/carpathiacenter.ro\/wp-content\/uploads\/2024\/07\/logo-carpathia_bg_white-1024x941.png\",\"width\":1024,\"height\":941,\"caption\":\"Carpathia Center Romania\"},\"image\":{\"@id\":\"https:\/\/carpathiacenter.ro\/#\/schema\/logo\/image\/\"},\"sameAs\":[\"https:\/\/www.facebook.com\/fdpscarpathia\/\"]},{\"@type\":\"Person\",\"@id\":\"https:\/\/carpathiacenter.ro\/#\/schema\/person\/03d9f58202fee8379268f34afa195006\",\"name\":\"creativebitsolutions\",\"image\":{\"@type\":\"ImageObject\",\"inLanguage\":\"en-GB\",\"@id\":\"https:\/\/carpathiacenter.ro\/#\/schema\/person\/image\/\",\"url\":\"https:\/\/secure.gravatar.com\/avatar\/1b1a13e37f847c635dab78348f1dff2f07651ee2a3d77a5c355a4b8c75f9165a?s=96&d=mm&r=g\",\"contentUrl\":\"https:\/\/secure.gravatar.com\/avatar\/1b1a13e37f847c635dab78348f1dff2f07651ee2a3d77a5c355a4b8c75f9165a?s=96&d=mm&r=g\",\"caption\":\"creativebitsolutions\"},\"url\":\"https:\/\/carpathiacenter.ro\/en\/author\/creativebitsolutions\/\"}]}<\/script>\n<!-- \/ Yoast SEO plugin. -->","yoast_head_json":{"title":"IEA: Pia\u021ba mondial\u0103 a gazelor va r\u0103m\u00e2ne tensionat\u0103 \u00een 2025 - Carpathia Center Romania","robots":{"index":"index","follow":"follow","max-snippet":"max-snippet:-1","max-image-preview":"max-image-preview:large","max-video-preview":"max-video-preview:-1"},"canonical":"https:\/\/carpathiacenter.ro\/en\/iea-piata-mondiala-a-gazelor-va-ramane-tensionata-in-2025\/","og_locale":"en_GB","og_type":"article","og_title":"IEA: Pia\u021ba mondial\u0103 a gazelor va r\u0103m\u00e2ne tensionat\u0103 \u00een 2025 - Carpathia Center Romania","og_description":"Consumul mondial de gaze naturale a atins un nivel istoric \u00een 2024 \u0219i apetitul pentru gaze ar urma s\u0103 continue s\u0103 creasc\u0103 anul acesta, potrivit unui raport publicat, mar\u021bi, de Agen\u021bia Interna\u021bional\u0103 a Energiei (IEA), informeaz\u0103 AFP. Anul trecut, consumul mondial de gaze naturale a crescut cu 2,8%, sau 115 miliarde metri cubi, comparativ cu...","og_url":"https:\/\/carpathiacenter.ro\/en\/iea-piata-mondiala-a-gazelor-va-ramane-tensionata-in-2025\/","og_site_name":"Carpathia Center Romania","article_publisher":"https:\/\/www.facebook.com\/fdpscarpathia\/","article_published_time":"2025-01-22T14:19:03+00:00","og_image":[{"width":1920,"height":1080,"url":"https:\/\/carpathiacenter.ro\/wp-content\/uploads\/2025\/01\/61964463.jpg","type":"image\/jpeg"}],"author":"creativebitsolutions","twitter_card":"summary_large_image","twitter_misc":{"Written by":"creativebitsolutions","Estimated reading time":"2 minutes"},"schema":{"@context":"https:\/\/schema.org","@graph":[{"@type":"Article","@id":"https:\/\/carpathiacenter.ro\/iea-piata-mondiala-a-gazelor-va-ramane-tensionata-in-2025\/#article","isPartOf":{"@id":"https:\/\/carpathiacenter.ro\/iea-piata-mondiala-a-gazelor-va-ramane-tensionata-in-2025\/"},"author":{"name":"creativebitsolutions","@id":"https:\/\/carpathiacenter.ro\/#\/schema\/person\/03d9f58202fee8379268f34afa195006"},"headline":"IEA: Pia\u021ba mondial\u0103 a gazelor va r\u0103m\u00e2ne tensionat\u0103 \u00een 2025","datePublished":"2025-01-22T14:19:03+00:00","mainEntityOfPage":{"@id":"https:\/\/carpathiacenter.ro\/iea-piata-mondiala-a-gazelor-va-ramane-tensionata-in-2025\/"},"wordCount":391,"commentCount":0,"publisher":{"@id":"https:\/\/carpathiacenter.ro\/#organization"},"image":{"@id":"https:\/\/carpathiacenter.ro\/iea-piata-mondiala-a-gazelor-va-ramane-tensionata-in-2025\/#primaryimage"},"thumbnailUrl":"https:\/\/carpathiacenter.ro\/wp-content\/uploads\/2025\/01\/61964463.jpg","articleSection":["Uncategorized"],"inLanguage":"en-GB","potentialAction":[{"@type":"CommentAction","name":"Comment","target":["https:\/\/carpathiacenter.ro\/iea-piata-mondiala-a-gazelor-va-ramane-tensionata-in-2025\/#respond"]}]},{"@type":"WebPage","@id":"https:\/\/carpathiacenter.ro\/iea-piata-mondiala-a-gazelor-va-ramane-tensionata-in-2025\/","url":"https:\/\/carpathiacenter.ro\/iea-piata-mondiala-a-gazelor-va-ramane-tensionata-in-2025\/","name":"IEA: Pia\u021ba mondial\u0103 a gazelor va r\u0103m\u00e2ne tensionat\u0103 \u00een 2025 - Carpathia Center Romania","isPartOf":{"@id":"https:\/\/carpathiacenter.ro\/#website"},"primaryImageOfPage":{"@id":"https:\/\/carpathiacenter.ro\/iea-piata-mondiala-a-gazelor-va-ramane-tensionata-in-2025\/#primaryimage"},"image":{"@id":"https:\/\/carpathiacenter.ro\/iea-piata-mondiala-a-gazelor-va-ramane-tensionata-in-2025\/#primaryimage"},"thumbnailUrl":"https:\/\/carpathiacenter.ro\/wp-content\/uploads\/2025\/01\/61964463.jpg","datePublished":"2025-01-22T14:19:03+00:00","breadcrumb":{"@id":"https:\/\/carpathiacenter.ro\/iea-piata-mondiala-a-gazelor-va-ramane-tensionata-in-2025\/#breadcrumb"},"inLanguage":"en-GB","potentialAction":[{"@type":"ReadAction","target":["https:\/\/carpathiacenter.ro\/iea-piata-mondiala-a-gazelor-va-ramane-tensionata-in-2025\/"]}]},{"@type":"ImageObject","inLanguage":"en-GB","@id":"https:\/\/carpathiacenter.ro\/iea-piata-mondiala-a-gazelor-va-ramane-tensionata-in-2025\/#primaryimage","url":"https:\/\/carpathiacenter.ro\/wp-content\/uploads\/2025\/01\/61964463.jpg","contentUrl":"https:\/\/carpathiacenter.ro\/wp-content\/uploads\/2025\/01\/61964463.jpg","width":1920,"height":1080},{"@type":"BreadcrumbList","@id":"https:\/\/carpathiacenter.ro\/iea-piata-mondiala-a-gazelor-va-ramane-tensionata-in-2025\/#breadcrumb","itemListElement":[{"@type":"ListItem","position":1,"name":"Prima pagin\u0103","item":"https:\/\/carpathiacenter.ro\/"},{"@type":"ListItem","position":2,"name":"IEA: Pia\u021ba mondial\u0103 a gazelor va r\u0103m\u00e2ne tensionat\u0103 \u00een 2025"}]},{"@type":"WebSite","@id":"https:\/\/carpathiacenter.ro\/#website","url":"https:\/\/carpathiacenter.ro\/","name":"Carpathia Center Romania","description":"Impossible made possible!","publisher":{"@id":"https:\/\/carpathiacenter.ro\/#organization"},"potentialAction":[{"@type":"SearchAction","target":{"@type":"EntryPoint","urlTemplate":"https:\/\/carpathiacenter.ro\/?s={search_term_string}"},"query-input":{"@type":"PropertyValueSpecification","valueRequired":true,"valueName":"search_term_string"}}],"inLanguage":"en-GB"},{"@type":"Organization","@id":"https:\/\/carpathiacenter.ro\/#organization","name":"Carpathia Center Romania","url":"https:\/\/carpathiacenter.ro\/","logo":{"@type":"ImageObject","inLanguage":"en-GB","@id":"https:\/\/carpathiacenter.ro\/#\/schema\/logo\/image\/","url":"https:\/\/carpathiacenter.ro\/wp-content\/uploads\/2024\/07\/logo-carpathia_bg_white-1024x941.png","contentUrl":"https:\/\/carpathiacenter.ro\/wp-content\/uploads\/2024\/07\/logo-carpathia_bg_white-1024x941.png","width":1024,"height":941,"caption":"Carpathia Center Romania"},"image":{"@id":"https:\/\/carpathiacenter.ro\/#\/schema\/logo\/image\/"},"sameAs":["https:\/\/www.facebook.com\/fdpscarpathia\/"]},{"@type":"Person","@id":"https:\/\/carpathiacenter.ro\/#\/schema\/person\/03d9f58202fee8379268f34afa195006","name":"creativebitsolutions","image":{"@type":"ImageObject","inLanguage":"en-GB","@id":"https:\/\/carpathiacenter.ro\/#\/schema\/person\/image\/","url":"https:\/\/secure.gravatar.com\/avatar\/1b1a13e37f847c635dab78348f1dff2f07651ee2a3d77a5c355a4b8c75f9165a?s=96&d=mm&r=g","contentUrl":"https:\/\/secure.gravatar.com\/avatar\/1b1a13e37f847c635dab78348f1dff2f07651ee2a3d77a5c355a4b8c75f9165a?s=96&d=mm&r=g","caption":"creativebitsolutions"},"url":"https:\/\/carpathiacenter.ro\/en\/author\/creativebitsolutions\/"}]}},"_links":{"self":[{"href":"https:\/\/carpathiacenter.ro\/en\/wp-json\/wp\/v2\/posts\/1766","targetHints":{"allow":["GET"]}}],"collection":[{"href":"https:\/\/carpathiacenter.ro\/en\/wp-json\/wp\/v2\/posts"}],"about":[{"href":"https:\/\/carpathiacenter.ro\/en\/wp-json\/wp\/v2\/types\/post"}],"author":[{"embeddable":true,"href":"https:\/\/carpathiacenter.ro\/en\/wp-json\/wp\/v2\/users\/4"}],"replies":[{"embeddable":true,"href":"https:\/\/carpathiacenter.ro\/en\/wp-json\/wp\/v2\/comments?post=1766"}],"version-history":[{"count":1,"href":"https:\/\/carpathiacenter.ro\/en\/wp-json\/wp\/v2\/posts\/1766\/revisions"}],"predecessor-version":[{"id":1770,"href":"https:\/\/carpathiacenter.ro\/en\/wp-json\/wp\/v2\/posts\/1766\/revisions\/1770"}],"wp:featuredmedia":[{"embeddable":true,"href":"https:\/\/carpathiacenter.ro\/en\/wp-json\/wp\/v2\/media\/1769"}],"wp:attachment":[{"href":"https:\/\/carpathiacenter.ro\/en\/wp-json\/wp\/v2\/media?parent=1766"}],"wp:term":[{"taxonomy":"category","embeddable":true,"href":"https:\/\/carpathiacenter.ro\/en\/wp-json\/wp\/v2\/categories?post=1766"},{"taxonomy":"post_tag","embeddable":true,"href":"https:\/\/carpathiacenter.ro\/en\/wp-json\/wp\/v2\/tags?post=1766"}],"curies":[{"name":"wp","href":"https:\/\/api.w.org\/{rel}","templated":true}]}}