{"id":1765,"date":"2025-01-22T14:17:43","date_gmt":"2025-01-22T14:17:43","guid":{"rendered":"https:\/\/carpathiacenter.ro\/?p=1765"},"modified":"2025-01-22T14:18:17","modified_gmt":"2025-01-22T14:18:17","slug":"exportatorii-germani-avertizeaza-asupra-perspectivelor-sumbre-din-2025","status":"publish","type":"post","link":"https:\/\/carpathiacenter.ro\/en\/exportatorii-germani-avertizeaza-asupra-perspectivelor-sumbre-din-2025\/","title":{"rendered":"Exportatorii germani avertizeaz\u0103 asupra perspectivelor sumbre din 2025"},"content":{"rendered":"<p><strong>Aproximativ 80% din companiile germane care fac comer\u021b peste hotare se a\u0219teapt\u0103 la un declin suplimentar al v\u00e2nz\u0103rilor \u00een acest an, a anun\u021bat mar\u021bi Asocia\u021bia de Afaceri a Germaniei (BGA), care estimeaz\u0103 o sc\u0103dere de 2,7% a cifrei de afaceri comparativ cu 2024, transmite Reuters.<\/strong><\/p>\n<p>\u201dPerspectivele pentru 2025 sunt sumbre. Companiile mici \u0219i medii \u0219i-au pierdut \u00eencrederea \u00een politic\u0103\u201d, a declarat pre\u0219edintele BGA, Dirk Jandura.<\/p>\n<p>Un alt risc pentru economia german\u0103 \u00eel reprezint\u0103 poten\u021bialele taxe vamale suplimentare ale SUA.<\/p>\n<p>Jandura sus\u021bine c\u0103 Germania \u0219i UE vor trebui s\u0103 a\u0219tepte s\u0103 vad\u0103 ce m\u0103suri va anun\u021ba Donald Trump.<\/p>\n<p>\u201dEu sus\u021bin c\u0103 nu trebui s\u0103 intr\u0103m \u00een panic\u0103, ci s\u0103 evalu\u0103m calm \u0219i s\u0103 ne construim o contra-pozi\u021bie solid\u0103, rezonabil\u0103\u201d. Trump este \u201do persoan\u0103 pragmatic\u0103\u201d care \u0219tie c\u0103 eventualele taxe vamale vor duce la pierderea prosperit\u0103\u021bii SUA \u00een c\u00e2teva luni, deoarece importurile vor deveni mult mai scumpe, a explicat pre\u0219edintele BGA.<\/p>\n<p>Jandura a dat asigur\u0103ri c\u0103 \u00eentotdeauna comer\u021bul exterior al Germaniei a fost \u201do ancor\u0103 de \u00eencredere\u201d pentru economie, dar acum \u00eencetinirea din sector va afecta pia\u021ba for\u021bei de munc\u0103. Conform unui studiu realizat de BGA, 30% din companii inten\u021bioneaz\u0103 s\u0103 fac\u0103 concedieri, iar 36% din firmele din sector au investit mai pu\u021bin \u00een 2024 dec\u00e2t \u00een 2023.<\/p>\n<p>\u201dF\u0103r\u0103 o revitalizare a politicii economice, f\u0103r\u0103 o schimbare politic\u0103 clar\u0103 dup\u0103 alegerile din 23 februarie, nu vom mai putea face fa\u021b\u0103 dificult\u0103\u021bilor prea mult timp\u201d, a avertizat Jandura, care a cerut investi\u021bii \u00een infrastructur\u0103, condi\u021bii mai bune pentru mediul de afaceri, reducerea birocra\u021biei, costuri mai sc\u0103zute cu energia \u0219i for\u021ba de munc\u0103.<\/p>\n<p>Asocia\u021bia exportatorilor se a\u0219teapt\u0103 la o stagnare \u00een 2025 a comer\u021bului cu ridicata \u00een termeni reali \u0219i un declin de 0,5% \u00een termeni nominali. AGERPRES\/(AS \u2013 autor: Mihaela Dicu, editor: Nicoleta Gherasi, editor online: Gabriela Badea)<\/p>\n<p><a href=\"https:\/\/agerpres.ro\/economic-extern\/2025\/01\/21\/exportatorii-germani-avertizeaza-asupra-perspectivelor-sumbre-din-2025--1414715\">https:\/\/agerpres.ro\/economic-extern\/2025\/01\/21\/exportatorii-germani-avertizeaza-asupra-perspectivelor-sumbre-din-2025\u20131414715<\/a><\/p>","protected":false},"excerpt":{"rendered":"<p>Aproximativ 80% din companiile germane care fac comer\u021b peste hotare se a\u0219teapt\u0103 la un declin suplimentar al v\u00e2nz\u0103rilor \u00een acest an, a anun\u021bat mar\u021bi Asocia\u021bia de Afaceri a Germaniei (BGA), care estimeaz\u0103 o sc\u0103dere de 2,7% a cifrei de afaceri comparativ cu 2024, transmite Reuters. \u201dPerspectivele pentru 2025 sunt sumbre. Companiile mici \u0219i medii \u0219i-au&#8230;<\/p>","protected":false},"author":4,"featured_media":1768,"comment_status":"open","ping_status":"open","sticky":false,"template":"","format":"standard","meta":{"footnotes":""},"categories":[1],"tags":[],"class_list":["post-1765","post","type-post","status-publish","format-standard","has-post-thumbnail","hentry","category-uncategorized"],"yoast_head":"<!-- This site is optimized with the Yoast SEO plugin v26.1.1 - https:\/\/yoast.com\/wordpress\/plugins\/seo\/ -->\n<title>Exportatorii germani avertizeaz\u0103 asupra perspectivelor sumbre din 2025 - Carpathia Center Romania<\/title>\n<meta name=\"robots\" content=\"index, follow, max-snippet:-1, max-image-preview:large, max-video-preview:-1\" \/>\n<link rel=\"canonical\" href=\"https:\/\/carpathiacenter.ro\/en\/exportatorii-germani-avertizeaza-asupra-perspectivelor-sumbre-din-2025\/\" \/>\n<meta property=\"og:locale\" content=\"en_GB\" \/>\n<meta property=\"og:type\" content=\"article\" \/>\n<meta property=\"og:title\" content=\"Exportatorii germani avertizeaz\u0103 asupra perspectivelor sumbre din 2025 - Carpathia Center Romania\" \/>\n<meta property=\"og:description\" content=\"Aproximativ 80% din companiile germane care fac comer\u021b peste hotare se a\u0219teapt\u0103 la un declin suplimentar al v\u00e2nz\u0103rilor \u00een acest an, a anun\u021bat mar\u021bi Asocia\u021bia de Afaceri a Germaniei (BGA), care estimeaz\u0103 o sc\u0103dere de 2,7% a cifrei de afaceri comparativ cu 2024, transmite Reuters. \u201dPerspectivele pentru 2025 sunt sumbre. Companiile mici \u0219i medii \u0219i-au...\" \/>\n<meta property=\"og:url\" content=\"https:\/\/carpathiacenter.ro\/en\/exportatorii-germani-avertizeaza-asupra-perspectivelor-sumbre-din-2025\/\" \/>\n<meta property=\"og:site_name\" content=\"Carpathia Center Romania\" \/>\n<meta property=\"article:publisher\" content=\"https:\/\/www.facebook.com\/fdpscarpathia\/\" \/>\n<meta property=\"article:published_time\" content=\"2025-01-22T14:17:43+00:00\" \/>\n<meta property=\"article:modified_time\" content=\"2025-01-22T14:18:17+00:00\" \/>\n<meta property=\"og:image\" content=\"https:\/\/carpathiacenter.ro\/wp-content\/uploads\/2025\/01\/CVOBJ7HTZNM37FRBFFHE7YADO4-scaled.jpg\" \/>\n\t<meta property=\"og:image:width\" content=\"2560\" \/>\n\t<meta property=\"og:image:height\" content=\"1753\" \/>\n\t<meta property=\"og:image:type\" content=\"image\/jpeg\" \/>\n<meta name=\"author\" content=\"creativebitsolutions\" \/>\n<meta name=\"twitter:card\" content=\"summary_large_image\" \/>\n<meta name=\"twitter:label1\" content=\"Written by\" \/>\n\t<meta name=\"twitter:data1\" content=\"creativebitsolutions\" \/>\n\t<meta name=\"twitter:label2\" content=\"Estimated reading time\" \/>\n\t<meta name=\"twitter:data2\" content=\"2 minutes\" \/>\n<script type=\"application\/ld+json\" class=\"yoast-schema-graph\">{\"@context\":\"https:\/\/schema.org\",\"@graph\":[{\"@type\":\"Article\",\"@id\":\"https:\/\/carpathiacenter.ro\/exportatorii-germani-avertizeaza-asupra-perspectivelor-sumbre-din-2025\/#article\",\"isPartOf\":{\"@id\":\"https:\/\/carpathiacenter.ro\/exportatorii-germani-avertizeaza-asupra-perspectivelor-sumbre-din-2025\/\"},\"author\":{\"name\":\"creativebitsolutions\",\"@id\":\"https:\/\/carpathiacenter.ro\/#\/schema\/person\/03d9f58202fee8379268f34afa195006\"},\"headline\":\"Exportatorii germani avertizeaz\u0103 asupra perspectivelor sumbre din 2025\",\"datePublished\":\"2025-01-22T14:17:43+00:00\",\"dateModified\":\"2025-01-22T14:18:17+00:00\",\"mainEntityOfPage\":{\"@id\":\"https:\/\/carpathiacenter.ro\/exportatorii-germani-avertizeaza-asupra-perspectivelor-sumbre-din-2025\/\"},\"wordCount\":334,\"commentCount\":0,\"publisher\":{\"@id\":\"https:\/\/carpathiacenter.ro\/#organization\"},\"image\":{\"@id\":\"https:\/\/carpathiacenter.ro\/exportatorii-germani-avertizeaza-asupra-perspectivelor-sumbre-din-2025\/#primaryimage\"},\"thumbnailUrl\":\"https:\/\/carpathiacenter.ro\/wp-content\/uploads\/2025\/01\/CVOBJ7HTZNM37FRBFFHE7YADO4-scaled.jpg\",\"articleSection\":[\"Uncategorized\"],\"inLanguage\":\"en-GB\",\"potentialAction\":[{\"@type\":\"CommentAction\",\"name\":\"Comment\",\"target\":[\"https:\/\/carpathiacenter.ro\/exportatorii-germani-avertizeaza-asupra-perspectivelor-sumbre-din-2025\/#respond\"]}]},{\"@type\":\"WebPage\",\"@id\":\"https:\/\/carpathiacenter.ro\/exportatorii-germani-avertizeaza-asupra-perspectivelor-sumbre-din-2025\/\",\"url\":\"https:\/\/carpathiacenter.ro\/exportatorii-germani-avertizeaza-asupra-perspectivelor-sumbre-din-2025\/\",\"name\":\"Exportatorii germani avertizeaz\u0103 asupra perspectivelor sumbre din 2025 - Carpathia Center Romania\",\"isPartOf\":{\"@id\":\"https:\/\/carpathiacenter.ro\/#website\"},\"primaryImageOfPage\":{\"@id\":\"https:\/\/carpathiacenter.ro\/exportatorii-germani-avertizeaza-asupra-perspectivelor-sumbre-din-2025\/#primaryimage\"},\"image\":{\"@id\":\"https:\/\/carpathiacenter.ro\/exportatorii-germani-avertizeaza-asupra-perspectivelor-sumbre-din-2025\/#primaryimage\"},\"thumbnailUrl\":\"https:\/\/carpathiacenter.ro\/wp-content\/uploads\/2025\/01\/CVOBJ7HTZNM37FRBFFHE7YADO4-scaled.jpg\",\"datePublished\":\"2025-01-22T14:17:43+00:00\",\"dateModified\":\"2025-01-22T14:18:17+00:00\",\"breadcrumb\":{\"@id\":\"https:\/\/carpathiacenter.ro\/exportatorii-germani-avertizeaza-asupra-perspectivelor-sumbre-din-2025\/#breadcrumb\"},\"inLanguage\":\"en-GB\",\"potentialAction\":[{\"@type\":\"ReadAction\",\"target\":[\"https:\/\/carpathiacenter.ro\/exportatorii-germani-avertizeaza-asupra-perspectivelor-sumbre-din-2025\/\"]}]},{\"@type\":\"ImageObject\",\"inLanguage\":\"en-GB\",\"@id\":\"https:\/\/carpathiacenter.ro\/exportatorii-germani-avertizeaza-asupra-perspectivelor-sumbre-din-2025\/#primaryimage\",\"url\":\"https:\/\/carpathiacenter.ro\/wp-content\/uploads\/2025\/01\/CVOBJ7HTZNM37FRBFFHE7YADO4-scaled.jpg\",\"contentUrl\":\"https:\/\/carpathiacenter.ro\/wp-content\/uploads\/2025\/01\/CVOBJ7HTZNM37FRBFFHE7YADO4-scaled.jpg\",\"width\":2560,\"height\":1753},{\"@type\":\"BreadcrumbList\",\"@id\":\"https:\/\/carpathiacenter.ro\/exportatorii-germani-avertizeaza-asupra-perspectivelor-sumbre-din-2025\/#breadcrumb\",\"itemListElement\":[{\"@type\":\"ListItem\",\"position\":1,\"name\":\"Prima pagin\u0103\",\"item\":\"https:\/\/carpathiacenter.ro\/\"},{\"@type\":\"ListItem\",\"position\":2,\"name\":\"Exportatorii germani avertizeaz\u0103 asupra perspectivelor sumbre din 2025\"}]},{\"@type\":\"WebSite\",\"@id\":\"https:\/\/carpathiacenter.ro\/#website\",\"url\":\"https:\/\/carpathiacenter.ro\/\",\"name\":\"Carpathia Center Romania\",\"description\":\"Impossible made possible!\",\"publisher\":{\"@id\":\"https:\/\/carpathiacenter.ro\/#organization\"},\"potentialAction\":[{\"@type\":\"SearchAction\",\"target\":{\"@type\":\"EntryPoint\",\"urlTemplate\":\"https:\/\/carpathiacenter.ro\/?s={search_term_string}\"},\"query-input\":{\"@type\":\"PropertyValueSpecification\",\"valueRequired\":true,\"valueName\":\"search_term_string\"}}],\"inLanguage\":\"en-GB\"},{\"@type\":\"Organization\",\"@id\":\"https:\/\/carpathiacenter.ro\/#organization\",\"name\":\"Carpathia Center Romania\",\"url\":\"https:\/\/carpathiacenter.ro\/\",\"logo\":{\"@type\":\"ImageObject\",\"inLanguage\":\"en-GB\",\"@id\":\"https:\/\/carpathiacenter.ro\/#\/schema\/logo\/image\/\",\"url\":\"https:\/\/carpathiacenter.ro\/wp-content\/uploads\/2024\/07\/logo-carpathia_bg_white-1024x941.png\",\"contentUrl\":\"https:\/\/carpathiacenter.ro\/wp-content\/uploads\/2024\/07\/logo-carpathia_bg_white-1024x941.png\",\"width\":1024,\"height\":941,\"caption\":\"Carpathia Center Romania\"},\"image\":{\"@id\":\"https:\/\/carpathiacenter.ro\/#\/schema\/logo\/image\/\"},\"sameAs\":[\"https:\/\/www.facebook.com\/fdpscarpathia\/\"]},{\"@type\":\"Person\",\"@id\":\"https:\/\/carpathiacenter.ro\/#\/schema\/person\/03d9f58202fee8379268f34afa195006\",\"name\":\"creativebitsolutions\",\"image\":{\"@type\":\"ImageObject\",\"inLanguage\":\"en-GB\",\"@id\":\"https:\/\/carpathiacenter.ro\/#\/schema\/person\/image\/\",\"url\":\"https:\/\/secure.gravatar.com\/avatar\/1b1a13e37f847c635dab78348f1dff2f07651ee2a3d77a5c355a4b8c75f9165a?s=96&d=mm&r=g\",\"contentUrl\":\"https:\/\/secure.gravatar.com\/avatar\/1b1a13e37f847c635dab78348f1dff2f07651ee2a3d77a5c355a4b8c75f9165a?s=96&d=mm&r=g\",\"caption\":\"creativebitsolutions\"},\"url\":\"https:\/\/carpathiacenter.ro\/en\/author\/creativebitsolutions\/\"}]}<\/script>\n<!-- \/ Yoast SEO plugin. -->","yoast_head_json":{"title":"Exportatorii germani avertizeaz\u0103 asupra perspectivelor sumbre din 2025 - Carpathia Center Romania","robots":{"index":"index","follow":"follow","max-snippet":"max-snippet:-1","max-image-preview":"max-image-preview:large","max-video-preview":"max-video-preview:-1"},"canonical":"https:\/\/carpathiacenter.ro\/en\/exportatorii-germani-avertizeaza-asupra-perspectivelor-sumbre-din-2025\/","og_locale":"en_GB","og_type":"article","og_title":"Exportatorii germani avertizeaz\u0103 asupra perspectivelor sumbre din 2025 - Carpathia Center Romania","og_description":"Aproximativ 80% din companiile germane care fac comer\u021b peste hotare se a\u0219teapt\u0103 la un declin suplimentar al v\u00e2nz\u0103rilor \u00een acest an, a anun\u021bat mar\u021bi Asocia\u021bia de Afaceri a Germaniei (BGA), care estimeaz\u0103 o sc\u0103dere de 2,7% a cifrei de afaceri comparativ cu 2024, transmite Reuters. \u201dPerspectivele pentru 2025 sunt sumbre. Companiile mici \u0219i medii \u0219i-au...","og_url":"https:\/\/carpathiacenter.ro\/en\/exportatorii-germani-avertizeaza-asupra-perspectivelor-sumbre-din-2025\/","og_site_name":"Carpathia Center Romania","article_publisher":"https:\/\/www.facebook.com\/fdpscarpathia\/","article_published_time":"2025-01-22T14:17:43+00:00","article_modified_time":"2025-01-22T14:18:17+00:00","og_image":[{"width":2560,"height":1753,"url":"https:\/\/carpathiacenter.ro\/wp-content\/uploads\/2025\/01\/CVOBJ7HTZNM37FRBFFHE7YADO4-scaled.jpg","type":"image\/jpeg"}],"author":"creativebitsolutions","twitter_card":"summary_large_image","twitter_misc":{"Written by":"creativebitsolutions","Estimated reading time":"2 minutes"},"schema":{"@context":"https:\/\/schema.org","@graph":[{"@type":"Article","@id":"https:\/\/carpathiacenter.ro\/exportatorii-germani-avertizeaza-asupra-perspectivelor-sumbre-din-2025\/#article","isPartOf":{"@id":"https:\/\/carpathiacenter.ro\/exportatorii-germani-avertizeaza-asupra-perspectivelor-sumbre-din-2025\/"},"author":{"name":"creativebitsolutions","@id":"https:\/\/carpathiacenter.ro\/#\/schema\/person\/03d9f58202fee8379268f34afa195006"},"headline":"Exportatorii germani avertizeaz\u0103 asupra perspectivelor sumbre din 2025","datePublished":"2025-01-22T14:17:43+00:00","dateModified":"2025-01-22T14:18:17+00:00","mainEntityOfPage":{"@id":"https:\/\/carpathiacenter.ro\/exportatorii-germani-avertizeaza-asupra-perspectivelor-sumbre-din-2025\/"},"wordCount":334,"commentCount":0,"publisher":{"@id":"https:\/\/carpathiacenter.ro\/#organization"},"image":{"@id":"https:\/\/carpathiacenter.ro\/exportatorii-germani-avertizeaza-asupra-perspectivelor-sumbre-din-2025\/#primaryimage"},"thumbnailUrl":"https:\/\/carpathiacenter.ro\/wp-content\/uploads\/2025\/01\/CVOBJ7HTZNM37FRBFFHE7YADO4-scaled.jpg","articleSection":["Uncategorized"],"inLanguage":"en-GB","potentialAction":[{"@type":"CommentAction","name":"Comment","target":["https:\/\/carpathiacenter.ro\/exportatorii-germani-avertizeaza-asupra-perspectivelor-sumbre-din-2025\/#respond"]}]},{"@type":"WebPage","@id":"https:\/\/carpathiacenter.ro\/exportatorii-germani-avertizeaza-asupra-perspectivelor-sumbre-din-2025\/","url":"https:\/\/carpathiacenter.ro\/exportatorii-germani-avertizeaza-asupra-perspectivelor-sumbre-din-2025\/","name":"Exportatorii germani avertizeaz\u0103 asupra perspectivelor sumbre din 2025 - Carpathia Center Romania","isPartOf":{"@id":"https:\/\/carpathiacenter.ro\/#website"},"primaryImageOfPage":{"@id":"https:\/\/carpathiacenter.ro\/exportatorii-germani-avertizeaza-asupra-perspectivelor-sumbre-din-2025\/#primaryimage"},"image":{"@id":"https:\/\/carpathiacenter.ro\/exportatorii-germani-avertizeaza-asupra-perspectivelor-sumbre-din-2025\/#primaryimage"},"thumbnailUrl":"https:\/\/carpathiacenter.ro\/wp-content\/uploads\/2025\/01\/CVOBJ7HTZNM37FRBFFHE7YADO4-scaled.jpg","datePublished":"2025-01-22T14:17:43+00:00","dateModified":"2025-01-22T14:18:17+00:00","breadcrumb":{"@id":"https:\/\/carpathiacenter.ro\/exportatorii-germani-avertizeaza-asupra-perspectivelor-sumbre-din-2025\/#breadcrumb"},"inLanguage":"en-GB","potentialAction":[{"@type":"ReadAction","target":["https:\/\/carpathiacenter.ro\/exportatorii-germani-avertizeaza-asupra-perspectivelor-sumbre-din-2025\/"]}]},{"@type":"ImageObject","inLanguage":"en-GB","@id":"https:\/\/carpathiacenter.ro\/exportatorii-germani-avertizeaza-asupra-perspectivelor-sumbre-din-2025\/#primaryimage","url":"https:\/\/carpathiacenter.ro\/wp-content\/uploads\/2025\/01\/CVOBJ7HTZNM37FRBFFHE7YADO4-scaled.jpg","contentUrl":"https:\/\/carpathiacenter.ro\/wp-content\/uploads\/2025\/01\/CVOBJ7HTZNM37FRBFFHE7YADO4-scaled.jpg","width":2560,"height":1753},{"@type":"BreadcrumbList","@id":"https:\/\/carpathiacenter.ro\/exportatorii-germani-avertizeaza-asupra-perspectivelor-sumbre-din-2025\/#breadcrumb","itemListElement":[{"@type":"ListItem","position":1,"name":"Prima pagin\u0103","item":"https:\/\/carpathiacenter.ro\/"},{"@type":"ListItem","position":2,"name":"Exportatorii germani avertizeaz\u0103 asupra perspectivelor sumbre din 2025"}]},{"@type":"WebSite","@id":"https:\/\/carpathiacenter.ro\/#website","url":"https:\/\/carpathiacenter.ro\/","name":"Carpathia Center Romania","description":"Impossible made possible!","publisher":{"@id":"https:\/\/carpathiacenter.ro\/#organization"},"potentialAction":[{"@type":"SearchAction","target":{"@type":"EntryPoint","urlTemplate":"https:\/\/carpathiacenter.ro\/?s={search_term_string}"},"query-input":{"@type":"PropertyValueSpecification","valueRequired":true,"valueName":"search_term_string"}}],"inLanguage":"en-GB"},{"@type":"Organization","@id":"https:\/\/carpathiacenter.ro\/#organization","name":"Carpathia Center Romania","url":"https:\/\/carpathiacenter.ro\/","logo":{"@type":"ImageObject","inLanguage":"en-GB","@id":"https:\/\/carpathiacenter.ro\/#\/schema\/logo\/image\/","url":"https:\/\/carpathiacenter.ro\/wp-content\/uploads\/2024\/07\/logo-carpathia_bg_white-1024x941.png","contentUrl":"https:\/\/carpathiacenter.ro\/wp-content\/uploads\/2024\/07\/logo-carpathia_bg_white-1024x941.png","width":1024,"height":941,"caption":"Carpathia Center Romania"},"image":{"@id":"https:\/\/carpathiacenter.ro\/#\/schema\/logo\/image\/"},"sameAs":["https:\/\/www.facebook.com\/fdpscarpathia\/"]},{"@type":"Person","@id":"https:\/\/carpathiacenter.ro\/#\/schema\/person\/03d9f58202fee8379268f34afa195006","name":"creativebitsolutions","image":{"@type":"ImageObject","inLanguage":"en-GB","@id":"https:\/\/carpathiacenter.ro\/#\/schema\/person\/image\/","url":"https:\/\/secure.gravatar.com\/avatar\/1b1a13e37f847c635dab78348f1dff2f07651ee2a3d77a5c355a4b8c75f9165a?s=96&d=mm&r=g","contentUrl":"https:\/\/secure.gravatar.com\/avatar\/1b1a13e37f847c635dab78348f1dff2f07651ee2a3d77a5c355a4b8c75f9165a?s=96&d=mm&r=g","caption":"creativebitsolutions"},"url":"https:\/\/carpathiacenter.ro\/en\/author\/creativebitsolutions\/"}]}},"_links":{"self":[{"href":"https:\/\/carpathiacenter.ro\/en\/wp-json\/wp\/v2\/posts\/1765","targetHints":{"allow":["GET"]}}],"collection":[{"href":"https:\/\/carpathiacenter.ro\/en\/wp-json\/wp\/v2\/posts"}],"about":[{"href":"https:\/\/carpathiacenter.ro\/en\/wp-json\/wp\/v2\/types\/post"}],"author":[{"embeddable":true,"href":"https:\/\/carpathiacenter.ro\/en\/wp-json\/wp\/v2\/users\/4"}],"replies":[{"embeddable":true,"href":"https:\/\/carpathiacenter.ro\/en\/wp-json\/wp\/v2\/comments?post=1765"}],"version-history":[{"count":1,"href":"https:\/\/carpathiacenter.ro\/en\/wp-json\/wp\/v2\/posts\/1765\/revisions"}],"predecessor-version":[{"id":1767,"href":"https:\/\/carpathiacenter.ro\/en\/wp-json\/wp\/v2\/posts\/1765\/revisions\/1767"}],"wp:featuredmedia":[{"embeddable":true,"href":"https:\/\/carpathiacenter.ro\/en\/wp-json\/wp\/v2\/media\/1768"}],"wp:attachment":[{"href":"https:\/\/carpathiacenter.ro\/en\/wp-json\/wp\/v2\/media?parent=1765"}],"wp:term":[{"taxonomy":"category","embeddable":true,"href":"https:\/\/carpathiacenter.ro\/en\/wp-json\/wp\/v2\/categories?post=1765"},{"taxonomy":"post_tag","embeddable":true,"href":"https:\/\/carpathiacenter.ro\/en\/wp-json\/wp\/v2\/tags?post=1765"}],"curies":[{"name":"wp","href":"https:\/\/api.w.org\/{rel}","templated":true}]}}