{"id":1759,"date":"2025-01-22T06:04:16","date_gmt":"2025-01-22T06:04:16","guid":{"rendered":"https:\/\/carpathiacenter.ro\/?p=1759"},"modified":"2025-01-22T06:04:16","modified_gmt":"2025-01-22T06:04:16","slug":"ministrul-finantelor-participa-marti-la-reuniunea-consiliului-afaceri-economice-si-financiare","status":"publish","type":"post","link":"https:\/\/carpathiacenter.ro\/en\/ministrul-finantelor-participa-marti-la-reuniunea-consiliului-afaceri-economice-si-financiare\/","title":{"rendered":"Ministrul Finan\u021belor particip\u0103 mar\u021bi la reuniunea Consiliului Afaceri Economice \u0219i Financiare"},"content":{"rendered":"<p>Ministrul Finan\u021belor, Tanczos Barna, particip\u0103 mar\u021bi, la Bruxelles, la reuniunea Consiliului Afaceri Economice \u0219i Financiare, potrivit reprezentan\u021bilor ministerului.<\/p>\n<p>Conform informa\u021biilor publicate pe site-ul Consiliului European, cu aceast\u0103 ocazie, Pre\u0219edin\u021bia polonez\u0103 \u00ee\u0219i va prezenta programul de lucru \u00een domeniul afacerilor economice \u0219i financiare pentru primul semestru al anului.<\/p>\n<p>De asemenea, mini\u0219trii vor lua parte la o dezbatere de orientare privind asigurarea unui mediu de afaceri competitiv global \u00een Europa prin simplificare, punere \u00een ordine \u0219i reducerea sarcinii de reglementare. Ace\u0219tia vor fi invita\u021bi s\u0103 furnizeze informa\u021bii Comisiei cu privire la propunerea planificat\u0103 de regulament \u2018omnibus\u2019, care vizeaz\u0103 ra\u021bionalizarea \u0219i reducerea sarcinii de reglementare asupra \u00eentreprinderilor.<\/p>\n<p>Mini\u0219trii vor desf\u0103\u0219ura \u0219i un schimb de opinii referitoare la situa\u021bia actual\u0103 \u00een ceea ce prive\u0219te impactul economic \u0219i financiar al agresiunii Rusiei \u00eempotriva Ucrainei, pe baza unor informa\u021bii actualizate prezentate de Comisie.<\/p>\n<p>\u00cen cadrul reuniunii ECOFIN, Consiliul urmeaz\u0103 s\u0103 adopte recomand\u0103ri privind planurile bugetar-structurale pe termen mediu \u00een contextul punerii \u00een aplicare a cadrului de guvernan\u021b\u0103 economic\u0103.<\/p>\n<p>Totodat\u0103, Consiliul urmeaz\u0103 s\u0103 adopte \u0219i recomand\u0103ri pentru statele membre care fac \u00een prezent obiectul unei proceduri aplicabile deficitelor excesive pentru ca acestea s\u0103 ia m\u0103suri eficace de corectare a deficitului lor \u00eentr-o anumit\u0103 perioad\u0103 de timp.<\/p>\n<p>Continu\u00e2nd lucr\u0103rile privind semestrul european 2025, Comisia va prezenta Raportul privind mecanismul de alert\u0103 pentru 2025 \u0219i proiectul de recomandare a Consiliului privind politica economic\u0103 a zonei euro. Prezentarea va fi urmat\u0103 de un schimb de opinii.<\/p>\n<p>Potrivit sursei citate, mini\u0219trii vor face \u0219i bilan\u021bul punerii \u00een aplicare a Mecanismului de redresare \u0219i rezilien\u021b\u0103 (MRR), iar Consiliul urmeaz\u0103 s\u0103 adopte decizii de punere \u00een aplicare prin care s\u0103 aprobe planurile de redresare \u0219i rezilien\u021b\u0103 modificate prezentate de unele state membre.<\/p>\n<p>De asemenea, Pre\u0219edin\u021bia va prezenta situa\u021bia actual\u0103 a propunerilor legislative \u00een domeniul serviciilor financiare. AGERPRES\/(AS \u2013 autor: Nicoleta Gherasi, editor: Oana Tilic\u0103, editor online: Anda Badea)<\/p>\n<p><a href=\"https:\/\/agerpres.ro\/economic\/2025\/01\/21\/ministrul-finantelor-participa-marti-la-reuniunea-consiliului-afaceri-economice-si-financiare--1414531\">https:\/\/agerpres.ro\/economic\/2025\/01\/21\/ministrul-finantelor-participa-marti-la-reuniunea-consiliului-afaceri-economice-si-financiare\u20131414531<\/a><\/p>","protected":false},"excerpt":{"rendered":"<p>Ministrul Finan\u021belor, Tanczos Barna, particip\u0103 mar\u021bi, la Bruxelles, la reuniunea Consiliului Afaceri Economice \u0219i Financiare, potrivit reprezentan\u021bilor ministerului. Conform informa\u021biilor publicate pe site-ul Consiliului European, cu aceast\u0103 ocazie, Pre\u0219edin\u021bia polonez\u0103 \u00ee\u0219i va prezenta programul de lucru \u00een domeniul afacerilor economice \u0219i financiare pentru primul semestru al anului. De asemenea, mini\u0219trii vor lua parte la o&#8230;<\/p>","protected":false},"author":4,"featured_media":1762,"comment_status":"open","ping_status":"open","sticky":false,"template":"","format":"standard","meta":{"footnotes":""},"categories":[1],"tags":[],"class_list":["post-1759","post","type-post","status-publish","format-standard","has-post-thumbnail","hentry","category-uncategorized"],"yoast_head":"<!-- This site is optimized with the Yoast SEO plugin v26.1.1 - https:\/\/yoast.com\/wordpress\/plugins\/seo\/ -->\n<title>Ministrul Finan\u021belor particip\u0103 mar\u021bi la reuniunea Consiliului Afaceri Economice \u0219i Financiare - Carpathia Center Romania<\/title>\n<meta name=\"robots\" content=\"index, follow, max-snippet:-1, max-image-preview:large, max-video-preview:-1\" \/>\n<link rel=\"canonical\" href=\"https:\/\/carpathiacenter.ro\/en\/ministrul-finantelor-participa-marti-la-reuniunea-consiliului-afaceri-economice-si-financiare\/\" \/>\n<meta property=\"og:locale\" content=\"en_GB\" \/>\n<meta property=\"og:type\" content=\"article\" \/>\n<meta property=\"og:title\" content=\"Ministrul Finan\u021belor particip\u0103 mar\u021bi la reuniunea Consiliului Afaceri Economice \u0219i Financiare - Carpathia Center Romania\" \/>\n<meta property=\"og:description\" content=\"Ministrul Finan\u021belor, Tanczos Barna, particip\u0103 mar\u021bi, la Bruxelles, la reuniunea Consiliului Afaceri Economice \u0219i Financiare, potrivit reprezentan\u021bilor ministerului. Conform informa\u021biilor publicate pe site-ul Consiliului European, cu aceast\u0103 ocazie, Pre\u0219edin\u021bia polonez\u0103 \u00ee\u0219i va prezenta programul de lucru \u00een domeniul afacerilor economice \u0219i financiare pentru primul semestru al anului. De asemenea, mini\u0219trii vor lua parte la o...\" \/>\n<meta property=\"og:url\" content=\"https:\/\/carpathiacenter.ro\/en\/ministrul-finantelor-participa-marti-la-reuniunea-consiliului-afaceri-economice-si-financiare\/\" \/>\n<meta property=\"og:site_name\" content=\"Carpathia Center Romania\" \/>\n<meta property=\"article:publisher\" content=\"https:\/\/www.facebook.com\/fdpscarpathia\/\" \/>\n<meta property=\"article:published_time\" content=\"2025-01-22T06:04:16+00:00\" \/>\n<meta property=\"og:image\" content=\"https:\/\/carpathiacenter.ro\/wp-content\/uploads\/2025\/01\/Tanczos-Barna-1-747x420-1.webp\" \/>\n\t<meta property=\"og:image:width\" content=\"1020\" \/>\n\t<meta property=\"og:image:height\" content=\"574\" \/>\n\t<meta property=\"og:image:type\" content=\"image\/webp\" \/>\n<meta name=\"author\" content=\"creativebitsolutions\" \/>\n<meta name=\"twitter:card\" content=\"summary_large_image\" \/>\n<meta name=\"twitter:label1\" content=\"Written by\" \/>\n\t<meta name=\"twitter:data1\" content=\"creativebitsolutions\" \/>\n\t<meta name=\"twitter:label2\" content=\"Estimated reading time\" \/>\n\t<meta name=\"twitter:data2\" content=\"2 minutes\" \/>\n<script type=\"application\/ld+json\" class=\"yoast-schema-graph\">{\"@context\":\"https:\/\/schema.org\",\"@graph\":[{\"@type\":\"Article\",\"@id\":\"https:\/\/carpathiacenter.ro\/ministrul-finantelor-participa-marti-la-reuniunea-consiliului-afaceri-economice-si-financiare\/#article\",\"isPartOf\":{\"@id\":\"https:\/\/carpathiacenter.ro\/ministrul-finantelor-participa-marti-la-reuniunea-consiliului-afaceri-economice-si-financiare\/\"},\"author\":{\"name\":\"creativebitsolutions\",\"@id\":\"https:\/\/carpathiacenter.ro\/#\/schema\/person\/03d9f58202fee8379268f34afa195006\"},\"headline\":\"Ministrul Finan\u021belor particip\u0103 mar\u021bi la reuniunea Consiliului Afaceri Economice \u0219i Financiare\",\"datePublished\":\"2025-01-22T06:04:16+00:00\",\"mainEntityOfPage\":{\"@id\":\"https:\/\/carpathiacenter.ro\/ministrul-finantelor-participa-marti-la-reuniunea-consiliului-afaceri-economice-si-financiare\/\"},\"wordCount\":347,\"commentCount\":0,\"publisher\":{\"@id\":\"https:\/\/carpathiacenter.ro\/#organization\"},\"image\":{\"@id\":\"https:\/\/carpathiacenter.ro\/ministrul-finantelor-participa-marti-la-reuniunea-consiliului-afaceri-economice-si-financiare\/#primaryimage\"},\"thumbnailUrl\":\"https:\/\/carpathiacenter.ro\/wp-content\/uploads\/2025\/01\/Tanczos-Barna-1-747x420-1.webp\",\"articleSection\":[\"Uncategorized\"],\"inLanguage\":\"en-GB\",\"potentialAction\":[{\"@type\":\"CommentAction\",\"name\":\"Comment\",\"target\":[\"https:\/\/carpathiacenter.ro\/ministrul-finantelor-participa-marti-la-reuniunea-consiliului-afaceri-economice-si-financiare\/#respond\"]}]},{\"@type\":\"WebPage\",\"@id\":\"https:\/\/carpathiacenter.ro\/ministrul-finantelor-participa-marti-la-reuniunea-consiliului-afaceri-economice-si-financiare\/\",\"url\":\"https:\/\/carpathiacenter.ro\/ministrul-finantelor-participa-marti-la-reuniunea-consiliului-afaceri-economice-si-financiare\/\",\"name\":\"Ministrul Finan\u021belor particip\u0103 mar\u021bi la reuniunea Consiliului Afaceri Economice \u0219i Financiare - Carpathia Center Romania\",\"isPartOf\":{\"@id\":\"https:\/\/carpathiacenter.ro\/#website\"},\"primaryImageOfPage\":{\"@id\":\"https:\/\/carpathiacenter.ro\/ministrul-finantelor-participa-marti-la-reuniunea-consiliului-afaceri-economice-si-financiare\/#primaryimage\"},\"image\":{\"@id\":\"https:\/\/carpathiacenter.ro\/ministrul-finantelor-participa-marti-la-reuniunea-consiliului-afaceri-economice-si-financiare\/#primaryimage\"},\"thumbnailUrl\":\"https:\/\/carpathiacenter.ro\/wp-content\/uploads\/2025\/01\/Tanczos-Barna-1-747x420-1.webp\",\"datePublished\":\"2025-01-22T06:04:16+00:00\",\"breadcrumb\":{\"@id\":\"https:\/\/carpathiacenter.ro\/ministrul-finantelor-participa-marti-la-reuniunea-consiliului-afaceri-economice-si-financiare\/#breadcrumb\"},\"inLanguage\":\"en-GB\",\"potentialAction\":[{\"@type\":\"ReadAction\",\"target\":[\"https:\/\/carpathiacenter.ro\/ministrul-finantelor-participa-marti-la-reuniunea-consiliului-afaceri-economice-si-financiare\/\"]}]},{\"@type\":\"ImageObject\",\"inLanguage\":\"en-GB\",\"@id\":\"https:\/\/carpathiacenter.ro\/ministrul-finantelor-participa-marti-la-reuniunea-consiliului-afaceri-economice-si-financiare\/#primaryimage\",\"url\":\"https:\/\/carpathiacenter.ro\/wp-content\/uploads\/2025\/01\/Tanczos-Barna-1-747x420-1.webp\",\"contentUrl\":\"https:\/\/carpathiacenter.ro\/wp-content\/uploads\/2025\/01\/Tanczos-Barna-1-747x420-1.webp\",\"width\":1020,\"height\":574},{\"@type\":\"BreadcrumbList\",\"@id\":\"https:\/\/carpathiacenter.ro\/ministrul-finantelor-participa-marti-la-reuniunea-consiliului-afaceri-economice-si-financiare\/#breadcrumb\",\"itemListElement\":[{\"@type\":\"ListItem\",\"position\":1,\"name\":\"Prima pagin\u0103\",\"item\":\"https:\/\/carpathiacenter.ro\/\"},{\"@type\":\"ListItem\",\"position\":2,\"name\":\"Ministrul Finan\u021belor particip\u0103 mar\u021bi la reuniunea Consiliului Afaceri Economice \u0219i Financiare\"}]},{\"@type\":\"WebSite\",\"@id\":\"https:\/\/carpathiacenter.ro\/#website\",\"url\":\"https:\/\/carpathiacenter.ro\/\",\"name\":\"Carpathia Center Romania\",\"description\":\"Impossible made possible!\",\"publisher\":{\"@id\":\"https:\/\/carpathiacenter.ro\/#organization\"},\"potentialAction\":[{\"@type\":\"SearchAction\",\"target\":{\"@type\":\"EntryPoint\",\"urlTemplate\":\"https:\/\/carpathiacenter.ro\/?s={search_term_string}\"},\"query-input\":{\"@type\":\"PropertyValueSpecification\",\"valueRequired\":true,\"valueName\":\"search_term_string\"}}],\"inLanguage\":\"en-GB\"},{\"@type\":\"Organization\",\"@id\":\"https:\/\/carpathiacenter.ro\/#organization\",\"name\":\"Carpathia Center Romania\",\"url\":\"https:\/\/carpathiacenter.ro\/\",\"logo\":{\"@type\":\"ImageObject\",\"inLanguage\":\"en-GB\",\"@id\":\"https:\/\/carpathiacenter.ro\/#\/schema\/logo\/image\/\",\"url\":\"https:\/\/carpathiacenter.ro\/wp-content\/uploads\/2024\/07\/logo-carpathia_bg_white-1024x941.png\",\"contentUrl\":\"https:\/\/carpathiacenter.ro\/wp-content\/uploads\/2024\/07\/logo-carpathia_bg_white-1024x941.png\",\"width\":1024,\"height\":941,\"caption\":\"Carpathia Center Romania\"},\"image\":{\"@id\":\"https:\/\/carpathiacenter.ro\/#\/schema\/logo\/image\/\"},\"sameAs\":[\"https:\/\/www.facebook.com\/fdpscarpathia\/\"]},{\"@type\":\"Person\",\"@id\":\"https:\/\/carpathiacenter.ro\/#\/schema\/person\/03d9f58202fee8379268f34afa195006\",\"name\":\"creativebitsolutions\",\"image\":{\"@type\":\"ImageObject\",\"inLanguage\":\"en-GB\",\"@id\":\"https:\/\/carpathiacenter.ro\/#\/schema\/person\/image\/\",\"url\":\"https:\/\/secure.gravatar.com\/avatar\/1b1a13e37f847c635dab78348f1dff2f07651ee2a3d77a5c355a4b8c75f9165a?s=96&d=mm&r=g\",\"contentUrl\":\"https:\/\/secure.gravatar.com\/avatar\/1b1a13e37f847c635dab78348f1dff2f07651ee2a3d77a5c355a4b8c75f9165a?s=96&d=mm&r=g\",\"caption\":\"creativebitsolutions\"},\"url\":\"https:\/\/carpathiacenter.ro\/en\/author\/creativebitsolutions\/\"}]}<\/script>\n<!-- \/ Yoast SEO plugin. -->","yoast_head_json":{"title":"Ministrul Finan\u021belor particip\u0103 mar\u021bi la reuniunea Consiliului Afaceri Economice \u0219i Financiare - Carpathia Center Romania","robots":{"index":"index","follow":"follow","max-snippet":"max-snippet:-1","max-image-preview":"max-image-preview:large","max-video-preview":"max-video-preview:-1"},"canonical":"https:\/\/carpathiacenter.ro\/en\/ministrul-finantelor-participa-marti-la-reuniunea-consiliului-afaceri-economice-si-financiare\/","og_locale":"en_GB","og_type":"article","og_title":"Ministrul Finan\u021belor particip\u0103 mar\u021bi la reuniunea Consiliului Afaceri Economice \u0219i Financiare - Carpathia Center Romania","og_description":"Ministrul Finan\u021belor, Tanczos Barna, particip\u0103 mar\u021bi, la Bruxelles, la reuniunea Consiliului Afaceri Economice \u0219i Financiare, potrivit reprezentan\u021bilor ministerului. Conform informa\u021biilor publicate pe site-ul Consiliului European, cu aceast\u0103 ocazie, Pre\u0219edin\u021bia polonez\u0103 \u00ee\u0219i va prezenta programul de lucru \u00een domeniul afacerilor economice \u0219i financiare pentru primul semestru al anului. De asemenea, mini\u0219trii vor lua parte la o...","og_url":"https:\/\/carpathiacenter.ro\/en\/ministrul-finantelor-participa-marti-la-reuniunea-consiliului-afaceri-economice-si-financiare\/","og_site_name":"Carpathia Center Romania","article_publisher":"https:\/\/www.facebook.com\/fdpscarpathia\/","article_published_time":"2025-01-22T06:04:16+00:00","og_image":[{"width":1020,"height":574,"url":"https:\/\/carpathiacenter.ro\/wp-content\/uploads\/2025\/01\/Tanczos-Barna-1-747x420-1.webp","type":"image\/webp"}],"author":"creativebitsolutions","twitter_card":"summary_large_image","twitter_misc":{"Written by":"creativebitsolutions","Estimated reading time":"2 minutes"},"schema":{"@context":"https:\/\/schema.org","@graph":[{"@type":"Article","@id":"https:\/\/carpathiacenter.ro\/ministrul-finantelor-participa-marti-la-reuniunea-consiliului-afaceri-economice-si-financiare\/#article","isPartOf":{"@id":"https:\/\/carpathiacenter.ro\/ministrul-finantelor-participa-marti-la-reuniunea-consiliului-afaceri-economice-si-financiare\/"},"author":{"name":"creativebitsolutions","@id":"https:\/\/carpathiacenter.ro\/#\/schema\/person\/03d9f58202fee8379268f34afa195006"},"headline":"Ministrul Finan\u021belor particip\u0103 mar\u021bi la reuniunea Consiliului Afaceri Economice \u0219i Financiare","datePublished":"2025-01-22T06:04:16+00:00","mainEntityOfPage":{"@id":"https:\/\/carpathiacenter.ro\/ministrul-finantelor-participa-marti-la-reuniunea-consiliului-afaceri-economice-si-financiare\/"},"wordCount":347,"commentCount":0,"publisher":{"@id":"https:\/\/carpathiacenter.ro\/#organization"},"image":{"@id":"https:\/\/carpathiacenter.ro\/ministrul-finantelor-participa-marti-la-reuniunea-consiliului-afaceri-economice-si-financiare\/#primaryimage"},"thumbnailUrl":"https:\/\/carpathiacenter.ro\/wp-content\/uploads\/2025\/01\/Tanczos-Barna-1-747x420-1.webp","articleSection":["Uncategorized"],"inLanguage":"en-GB","potentialAction":[{"@type":"CommentAction","name":"Comment","target":["https:\/\/carpathiacenter.ro\/ministrul-finantelor-participa-marti-la-reuniunea-consiliului-afaceri-economice-si-financiare\/#respond"]}]},{"@type":"WebPage","@id":"https:\/\/carpathiacenter.ro\/ministrul-finantelor-participa-marti-la-reuniunea-consiliului-afaceri-economice-si-financiare\/","url":"https:\/\/carpathiacenter.ro\/ministrul-finantelor-participa-marti-la-reuniunea-consiliului-afaceri-economice-si-financiare\/","name":"Ministrul Finan\u021belor particip\u0103 mar\u021bi la reuniunea Consiliului Afaceri Economice \u0219i Financiare - Carpathia Center Romania","isPartOf":{"@id":"https:\/\/carpathiacenter.ro\/#website"},"primaryImageOfPage":{"@id":"https:\/\/carpathiacenter.ro\/ministrul-finantelor-participa-marti-la-reuniunea-consiliului-afaceri-economice-si-financiare\/#primaryimage"},"image":{"@id":"https:\/\/carpathiacenter.ro\/ministrul-finantelor-participa-marti-la-reuniunea-consiliului-afaceri-economice-si-financiare\/#primaryimage"},"thumbnailUrl":"https:\/\/carpathiacenter.ro\/wp-content\/uploads\/2025\/01\/Tanczos-Barna-1-747x420-1.webp","datePublished":"2025-01-22T06:04:16+00:00","breadcrumb":{"@id":"https:\/\/carpathiacenter.ro\/ministrul-finantelor-participa-marti-la-reuniunea-consiliului-afaceri-economice-si-financiare\/#breadcrumb"},"inLanguage":"en-GB","potentialAction":[{"@type":"ReadAction","target":["https:\/\/carpathiacenter.ro\/ministrul-finantelor-participa-marti-la-reuniunea-consiliului-afaceri-economice-si-financiare\/"]}]},{"@type":"ImageObject","inLanguage":"en-GB","@id":"https:\/\/carpathiacenter.ro\/ministrul-finantelor-participa-marti-la-reuniunea-consiliului-afaceri-economice-si-financiare\/#primaryimage","url":"https:\/\/carpathiacenter.ro\/wp-content\/uploads\/2025\/01\/Tanczos-Barna-1-747x420-1.webp","contentUrl":"https:\/\/carpathiacenter.ro\/wp-content\/uploads\/2025\/01\/Tanczos-Barna-1-747x420-1.webp","width":1020,"height":574},{"@type":"BreadcrumbList","@id":"https:\/\/carpathiacenter.ro\/ministrul-finantelor-participa-marti-la-reuniunea-consiliului-afaceri-economice-si-financiare\/#breadcrumb","itemListElement":[{"@type":"ListItem","position":1,"name":"Prima pagin\u0103","item":"https:\/\/carpathiacenter.ro\/"},{"@type":"ListItem","position":2,"name":"Ministrul Finan\u021belor particip\u0103 mar\u021bi la reuniunea Consiliului Afaceri Economice \u0219i Financiare"}]},{"@type":"WebSite","@id":"https:\/\/carpathiacenter.ro\/#website","url":"https:\/\/carpathiacenter.ro\/","name":"Carpathia Center Romania","description":"Impossible made possible!","publisher":{"@id":"https:\/\/carpathiacenter.ro\/#organization"},"potentialAction":[{"@type":"SearchAction","target":{"@type":"EntryPoint","urlTemplate":"https:\/\/carpathiacenter.ro\/?s={search_term_string}"},"query-input":{"@type":"PropertyValueSpecification","valueRequired":true,"valueName":"search_term_string"}}],"inLanguage":"en-GB"},{"@type":"Organization","@id":"https:\/\/carpathiacenter.ro\/#organization","name":"Carpathia Center Romania","url":"https:\/\/carpathiacenter.ro\/","logo":{"@type":"ImageObject","inLanguage":"en-GB","@id":"https:\/\/carpathiacenter.ro\/#\/schema\/logo\/image\/","url":"https:\/\/carpathiacenter.ro\/wp-content\/uploads\/2024\/07\/logo-carpathia_bg_white-1024x941.png","contentUrl":"https:\/\/carpathiacenter.ro\/wp-content\/uploads\/2024\/07\/logo-carpathia_bg_white-1024x941.png","width":1024,"height":941,"caption":"Carpathia Center Romania"},"image":{"@id":"https:\/\/carpathiacenter.ro\/#\/schema\/logo\/image\/"},"sameAs":["https:\/\/www.facebook.com\/fdpscarpathia\/"]},{"@type":"Person","@id":"https:\/\/carpathiacenter.ro\/#\/schema\/person\/03d9f58202fee8379268f34afa195006","name":"creativebitsolutions","image":{"@type":"ImageObject","inLanguage":"en-GB","@id":"https:\/\/carpathiacenter.ro\/#\/schema\/person\/image\/","url":"https:\/\/secure.gravatar.com\/avatar\/1b1a13e37f847c635dab78348f1dff2f07651ee2a3d77a5c355a4b8c75f9165a?s=96&d=mm&r=g","contentUrl":"https:\/\/secure.gravatar.com\/avatar\/1b1a13e37f847c635dab78348f1dff2f07651ee2a3d77a5c355a4b8c75f9165a?s=96&d=mm&r=g","caption":"creativebitsolutions"},"url":"https:\/\/carpathiacenter.ro\/en\/author\/creativebitsolutions\/"}]}},"_links":{"self":[{"href":"https:\/\/carpathiacenter.ro\/en\/wp-json\/wp\/v2\/posts\/1759","targetHints":{"allow":["GET"]}}],"collection":[{"href":"https:\/\/carpathiacenter.ro\/en\/wp-json\/wp\/v2\/posts"}],"about":[{"href":"https:\/\/carpathiacenter.ro\/en\/wp-json\/wp\/v2\/types\/post"}],"author":[{"embeddable":true,"href":"https:\/\/carpathiacenter.ro\/en\/wp-json\/wp\/v2\/users\/4"}],"replies":[{"embeddable":true,"href":"https:\/\/carpathiacenter.ro\/en\/wp-json\/wp\/v2\/comments?post=1759"}],"version-history":[{"count":1,"href":"https:\/\/carpathiacenter.ro\/en\/wp-json\/wp\/v2\/posts\/1759\/revisions"}],"predecessor-version":[{"id":1764,"href":"https:\/\/carpathiacenter.ro\/en\/wp-json\/wp\/v2\/posts\/1759\/revisions\/1764"}],"wp:featuredmedia":[{"embeddable":true,"href":"https:\/\/carpathiacenter.ro\/en\/wp-json\/wp\/v2\/media\/1762"}],"wp:attachment":[{"href":"https:\/\/carpathiacenter.ro\/en\/wp-json\/wp\/v2\/media?parent=1759"}],"wp:term":[{"taxonomy":"category","embeddable":true,"href":"https:\/\/carpathiacenter.ro\/en\/wp-json\/wp\/v2\/categories?post=1759"},{"taxonomy":"post_tag","embeddable":true,"href":"https:\/\/carpathiacenter.ro\/en\/wp-json\/wp\/v2\/tags?post=1759"}],"curies":[{"name":"wp","href":"https:\/\/api.w.org\/{rel}","templated":true}]}}