{"id":1715,"date":"2025-01-07T14:33:04","date_gmt":"2025-01-07T14:33:04","guid":{"rendered":"https:\/\/carpathiacenter.ro\/?p=1715"},"modified":"2025-01-07T14:33:04","modified_gmt":"2025-01-07T14:33:04","slug":"aproape-2-milioane-de-romani-isi-sarbatoresc-onomastica-de-sfantul-ioan","status":"publish","type":"post","link":"https:\/\/carpathiacenter.ro\/en\/aproape-2-milioane-de-romani-isi-sarbatoresc-onomastica-de-sfantul-ioan\/","title":{"rendered":"Aproape 2 milioane de rom\u00e2ni \u00ee\u015fi s\u0103rb\u0103toresc onomastica de Sf\u00e2ntul Ioan"},"content":{"rendered":"<p>Aproape 2 milioane de rom\u00e2ni \u00ee\u015fi vor s\u0103rb\u0103tori onomastica mar\u0163i, la praznicul Sf\u00e2ntului Ioan Botez\u0103torul.<\/p>\n<p>Potrivit datelor furnizate de Direc\u0163ia pentru Eviden\u0163a Persoanei, este vorba despre 1.953.014 rom\u00e2ni, dintre care 1.296.437 b\u0103rba\u0163i \u015fi 656.577 femei.<\/p>\n<p><strong>Cei mai mul\u0163i s\u0103rb\u0103tori\u0163i sunt cei cu prenumele Ioan \u2013 436.873 \u015fi Ionu\u0163 \u2013 366.329.<\/strong><\/p>\n<p>Lor li se adaug\u0103 cei care se numesc Ion \u2013 319.994, Ionel \u2013 131.634, Nelu \u2013 19.867, Ivan \u2013 7.931, Jan \u2013 4.363, Ionic\u0103 \u2013 4.361, Jean \u2013 3.307 \u015fi Ioni\u0163\u0103 \u2013 1.778.<\/p>\n<p>Dintre femei, cele mai multe s\u0103rb\u0103torite poart\u0103 numele de Ioana \u2013 394.552.<\/p>\n<p>De Sf\u00e2ntul Ioan mai sunt s\u0103rb\u0103torite \u015fi cele care se numesc Ionela \u2013 148.488, Oana \u2013 71.757, Ionica \u2013 19.006, Nela \u2013 10.645, Ionelia \u2013 6.752, Jana \u2013 4.665, Ionu\u0163a \u2013 579 \u015fi Onu\u0163a \u2013 133. AGERPRES\/(AS \u2013 autor: Andreea Rotaru, editor: Florin Marin, editor online: Adrian D\u00e3d\u00e2rlat)<\/p>\n<p>Sursa<br \/>\nhttps:\/\/agerpres.ro\/social\/2025\/01\/07\/aproape-2-milioane-de-romani-isi-sarbatoresc-onomastica-de-sfantul-ioan\u20131410631<\/p>","protected":false},"excerpt":{"rendered":"<p>Aproape 2 milioane de rom\u00e2ni \u00ee\u015fi vor s\u0103rb\u0103tori onomastica mar\u0163i, la praznicul Sf\u00e2ntului Ioan Botez\u0103torul. Potrivit datelor furnizate de Direc\u0163ia pentru Eviden\u0163a Persoanei, este vorba despre 1.953.014 rom\u00e2ni, dintre care 1.296.437 b\u0103rba\u0163i \u015fi 656.577 femei. Cei mai mul\u0163i s\u0103rb\u0103tori\u0163i sunt cei cu prenumele Ioan \u2013 436.873 \u015fi Ionu\u0163 \u2013 366.329. Lor li se adaug\u0103 cei&#8230;<\/p>","protected":false},"author":4,"featured_media":1716,"comment_status":"open","ping_status":"open","sticky":false,"template":"","format":"standard","meta":{"footnotes":""},"categories":[1],"tags":[],"class_list":["post-1715","post","type-post","status-publish","format-standard","has-post-thumbnail","hentry","category-uncategorized"],"yoast_head":"<!-- This site is optimized with the Yoast SEO plugin v26.1.1 - https:\/\/yoast.com\/wordpress\/plugins\/seo\/ -->\n<title>Aproape 2 milioane de rom\u00e2ni \u00ee\u015fi s\u0103rb\u0103toresc onomastica de Sf\u00e2ntul Ioan - Carpathia Center Romania<\/title>\n<meta name=\"robots\" content=\"index, follow, max-snippet:-1, max-image-preview:large, max-video-preview:-1\" \/>\n<link rel=\"canonical\" href=\"https:\/\/carpathiacenter.ro\/en\/aproape-2-milioane-de-romani-isi-sarbatoresc-onomastica-de-sfantul-ioan\/\" \/>\n<meta property=\"og:locale\" content=\"en_GB\" \/>\n<meta property=\"og:type\" content=\"article\" \/>\n<meta property=\"og:title\" content=\"Aproape 2 milioane de rom\u00e2ni \u00ee\u015fi s\u0103rb\u0103toresc onomastica de Sf\u00e2ntul Ioan - Carpathia Center Romania\" \/>\n<meta property=\"og:description\" content=\"Aproape 2 milioane de rom\u00e2ni \u00ee\u015fi vor s\u0103rb\u0103tori onomastica mar\u0163i, la praznicul Sf\u00e2ntului Ioan Botez\u0103torul. Potrivit datelor furnizate de Direc\u0163ia pentru Eviden\u0163a Persoanei, este vorba despre 1.953.014 rom\u00e2ni, dintre care 1.296.437 b\u0103rba\u0163i \u015fi 656.577 femei. Cei mai mul\u0163i s\u0103rb\u0103tori\u0163i sunt cei cu prenumele Ioan \u2013 436.873 \u015fi Ionu\u0163 \u2013 366.329. Lor li se adaug\u0103 cei...\" \/>\n<meta property=\"og:url\" content=\"https:\/\/carpathiacenter.ro\/en\/aproape-2-milioane-de-romani-isi-sarbatoresc-onomastica-de-sfantul-ioan\/\" \/>\n<meta property=\"og:site_name\" content=\"Carpathia Center Romania\" \/>\n<meta property=\"article:publisher\" content=\"https:\/\/www.facebook.com\/fdpscarpathia\/\" \/>\n<meta property=\"article:published_time\" content=\"2025-01-07T14:33:04+00:00\" \/>\n<meta property=\"og:image\" content=\"https:\/\/carpathiacenter.ro\/wp-content\/uploads\/2025\/01\/ioan.jpg\" \/>\n\t<meta property=\"og:image:width\" content=\"960\" \/>\n\t<meta property=\"og:image:height\" content=\"540\" \/>\n\t<meta property=\"og:image:type\" content=\"image\/jpeg\" \/>\n<meta name=\"author\" content=\"creativebitsolutions\" \/>\n<meta name=\"twitter:card\" content=\"summary_large_image\" \/>\n<meta name=\"twitter:label1\" content=\"Written by\" \/>\n\t<meta name=\"twitter:data1\" content=\"creativebitsolutions\" \/>\n\t<meta name=\"twitter:label2\" content=\"Estimated reading time\" \/>\n\t<meta name=\"twitter:data2\" content=\"1 minute\" \/>\n<script type=\"application\/ld+json\" class=\"yoast-schema-graph\">{\"@context\":\"https:\/\/schema.org\",\"@graph\":[{\"@type\":\"Article\",\"@id\":\"https:\/\/carpathiacenter.ro\/aproape-2-milioane-de-romani-isi-sarbatoresc-onomastica-de-sfantul-ioan\/#article\",\"isPartOf\":{\"@id\":\"https:\/\/carpathiacenter.ro\/aproape-2-milioane-de-romani-isi-sarbatoresc-onomastica-de-sfantul-ioan\/\"},\"author\":{\"name\":\"creativebitsolutions\",\"@id\":\"https:\/\/carpathiacenter.ro\/#\/schema\/person\/03d9f58202fee8379268f34afa195006\"},\"headline\":\"Aproape 2 milioane de rom\u00e2ni \u00ee\u015fi s\u0103rb\u0103toresc onomastica de Sf\u00e2ntul Ioan\",\"datePublished\":\"2025-01-07T14:33:04+00:00\",\"mainEntityOfPage\":{\"@id\":\"https:\/\/carpathiacenter.ro\/aproape-2-milioane-de-romani-isi-sarbatoresc-onomastica-de-sfantul-ioan\/\"},\"wordCount\":146,\"commentCount\":0,\"publisher\":{\"@id\":\"https:\/\/carpathiacenter.ro\/#organization\"},\"image\":{\"@id\":\"https:\/\/carpathiacenter.ro\/aproape-2-milioane-de-romani-isi-sarbatoresc-onomastica-de-sfantul-ioan\/#primaryimage\"},\"thumbnailUrl\":\"https:\/\/carpathiacenter.ro\/wp-content\/uploads\/2025\/01\/ioan.jpg\",\"articleSection\":[\"Uncategorized\"],\"inLanguage\":\"en-GB\",\"potentialAction\":[{\"@type\":\"CommentAction\",\"name\":\"Comment\",\"target\":[\"https:\/\/carpathiacenter.ro\/aproape-2-milioane-de-romani-isi-sarbatoresc-onomastica-de-sfantul-ioan\/#respond\"]}]},{\"@type\":\"WebPage\",\"@id\":\"https:\/\/carpathiacenter.ro\/aproape-2-milioane-de-romani-isi-sarbatoresc-onomastica-de-sfantul-ioan\/\",\"url\":\"https:\/\/carpathiacenter.ro\/aproape-2-milioane-de-romani-isi-sarbatoresc-onomastica-de-sfantul-ioan\/\",\"name\":\"Aproape 2 milioane de rom\u00e2ni \u00ee\u015fi s\u0103rb\u0103toresc onomastica de Sf\u00e2ntul Ioan - Carpathia Center Romania\",\"isPartOf\":{\"@id\":\"https:\/\/carpathiacenter.ro\/#website\"},\"primaryImageOfPage\":{\"@id\":\"https:\/\/carpathiacenter.ro\/aproape-2-milioane-de-romani-isi-sarbatoresc-onomastica-de-sfantul-ioan\/#primaryimage\"},\"image\":{\"@id\":\"https:\/\/carpathiacenter.ro\/aproape-2-milioane-de-romani-isi-sarbatoresc-onomastica-de-sfantul-ioan\/#primaryimage\"},\"thumbnailUrl\":\"https:\/\/carpathiacenter.ro\/wp-content\/uploads\/2025\/01\/ioan.jpg\",\"datePublished\":\"2025-01-07T14:33:04+00:00\",\"breadcrumb\":{\"@id\":\"https:\/\/carpathiacenter.ro\/aproape-2-milioane-de-romani-isi-sarbatoresc-onomastica-de-sfantul-ioan\/#breadcrumb\"},\"inLanguage\":\"en-GB\",\"potentialAction\":[{\"@type\":\"ReadAction\",\"target\":[\"https:\/\/carpathiacenter.ro\/aproape-2-milioane-de-romani-isi-sarbatoresc-onomastica-de-sfantul-ioan\/\"]}]},{\"@type\":\"ImageObject\",\"inLanguage\":\"en-GB\",\"@id\":\"https:\/\/carpathiacenter.ro\/aproape-2-milioane-de-romani-isi-sarbatoresc-onomastica-de-sfantul-ioan\/#primaryimage\",\"url\":\"https:\/\/carpathiacenter.ro\/wp-content\/uploads\/2025\/01\/ioan.jpg\",\"contentUrl\":\"https:\/\/carpathiacenter.ro\/wp-content\/uploads\/2025\/01\/ioan.jpg\",\"width\":960,\"height\":540},{\"@type\":\"BreadcrumbList\",\"@id\":\"https:\/\/carpathiacenter.ro\/aproape-2-milioane-de-romani-isi-sarbatoresc-onomastica-de-sfantul-ioan\/#breadcrumb\",\"itemListElement\":[{\"@type\":\"ListItem\",\"position\":1,\"name\":\"Prima pagin\u0103\",\"item\":\"https:\/\/carpathiacenter.ro\/\"},{\"@type\":\"ListItem\",\"position\":2,\"name\":\"Aproape 2 milioane de rom\u00e2ni \u00ee\u015fi s\u0103rb\u0103toresc onomastica de Sf\u00e2ntul Ioan\"}]},{\"@type\":\"WebSite\",\"@id\":\"https:\/\/carpathiacenter.ro\/#website\",\"url\":\"https:\/\/carpathiacenter.ro\/\",\"name\":\"Carpathia Center Romania\",\"description\":\"Impossible made possible!\",\"publisher\":{\"@id\":\"https:\/\/carpathiacenter.ro\/#organization\"},\"potentialAction\":[{\"@type\":\"SearchAction\",\"target\":{\"@type\":\"EntryPoint\",\"urlTemplate\":\"https:\/\/carpathiacenter.ro\/?s={search_term_string}\"},\"query-input\":{\"@type\":\"PropertyValueSpecification\",\"valueRequired\":true,\"valueName\":\"search_term_string\"}}],\"inLanguage\":\"en-GB\"},{\"@type\":\"Organization\",\"@id\":\"https:\/\/carpathiacenter.ro\/#organization\",\"name\":\"Carpathia Center Romania\",\"url\":\"https:\/\/carpathiacenter.ro\/\",\"logo\":{\"@type\":\"ImageObject\",\"inLanguage\":\"en-GB\",\"@id\":\"https:\/\/carpathiacenter.ro\/#\/schema\/logo\/image\/\",\"url\":\"https:\/\/carpathiacenter.ro\/wp-content\/uploads\/2024\/07\/logo-carpathia_bg_white-1024x941.png\",\"contentUrl\":\"https:\/\/carpathiacenter.ro\/wp-content\/uploads\/2024\/07\/logo-carpathia_bg_white-1024x941.png\",\"width\":1024,\"height\":941,\"caption\":\"Carpathia Center Romania\"},\"image\":{\"@id\":\"https:\/\/carpathiacenter.ro\/#\/schema\/logo\/image\/\"},\"sameAs\":[\"https:\/\/www.facebook.com\/fdpscarpathia\/\"]},{\"@type\":\"Person\",\"@id\":\"https:\/\/carpathiacenter.ro\/#\/schema\/person\/03d9f58202fee8379268f34afa195006\",\"name\":\"creativebitsolutions\",\"image\":{\"@type\":\"ImageObject\",\"inLanguage\":\"en-GB\",\"@id\":\"https:\/\/carpathiacenter.ro\/#\/schema\/person\/image\/\",\"url\":\"https:\/\/secure.gravatar.com\/avatar\/1b1a13e37f847c635dab78348f1dff2f07651ee2a3d77a5c355a4b8c75f9165a?s=96&d=mm&r=g\",\"contentUrl\":\"https:\/\/secure.gravatar.com\/avatar\/1b1a13e37f847c635dab78348f1dff2f07651ee2a3d77a5c355a4b8c75f9165a?s=96&d=mm&r=g\",\"caption\":\"creativebitsolutions\"},\"url\":\"https:\/\/carpathiacenter.ro\/en\/author\/creativebitsolutions\/\"}]}<\/script>\n<!-- \/ Yoast SEO plugin. -->","yoast_head_json":{"title":"Aproape 2 milioane de rom\u00e2ni \u00ee\u015fi s\u0103rb\u0103toresc onomastica de Sf\u00e2ntul Ioan - Carpathia Center Romania","robots":{"index":"index","follow":"follow","max-snippet":"max-snippet:-1","max-image-preview":"max-image-preview:large","max-video-preview":"max-video-preview:-1"},"canonical":"https:\/\/carpathiacenter.ro\/en\/aproape-2-milioane-de-romani-isi-sarbatoresc-onomastica-de-sfantul-ioan\/","og_locale":"en_GB","og_type":"article","og_title":"Aproape 2 milioane de rom\u00e2ni \u00ee\u015fi s\u0103rb\u0103toresc onomastica de Sf\u00e2ntul Ioan - Carpathia Center Romania","og_description":"Aproape 2 milioane de rom\u00e2ni \u00ee\u015fi vor s\u0103rb\u0103tori onomastica mar\u0163i, la praznicul Sf\u00e2ntului Ioan Botez\u0103torul. Potrivit datelor furnizate de Direc\u0163ia pentru Eviden\u0163a Persoanei, este vorba despre 1.953.014 rom\u00e2ni, dintre care 1.296.437 b\u0103rba\u0163i \u015fi 656.577 femei. Cei mai mul\u0163i s\u0103rb\u0103tori\u0163i sunt cei cu prenumele Ioan \u2013 436.873 \u015fi Ionu\u0163 \u2013 366.329. Lor li se adaug\u0103 cei...","og_url":"https:\/\/carpathiacenter.ro\/en\/aproape-2-milioane-de-romani-isi-sarbatoresc-onomastica-de-sfantul-ioan\/","og_site_name":"Carpathia Center Romania","article_publisher":"https:\/\/www.facebook.com\/fdpscarpathia\/","article_published_time":"2025-01-07T14:33:04+00:00","og_image":[{"width":960,"height":540,"url":"https:\/\/carpathiacenter.ro\/wp-content\/uploads\/2025\/01\/ioan.jpg","type":"image\/jpeg"}],"author":"creativebitsolutions","twitter_card":"summary_large_image","twitter_misc":{"Written by":"creativebitsolutions","Estimated reading time":"1 minute"},"schema":{"@context":"https:\/\/schema.org","@graph":[{"@type":"Article","@id":"https:\/\/carpathiacenter.ro\/aproape-2-milioane-de-romani-isi-sarbatoresc-onomastica-de-sfantul-ioan\/#article","isPartOf":{"@id":"https:\/\/carpathiacenter.ro\/aproape-2-milioane-de-romani-isi-sarbatoresc-onomastica-de-sfantul-ioan\/"},"author":{"name":"creativebitsolutions","@id":"https:\/\/carpathiacenter.ro\/#\/schema\/person\/03d9f58202fee8379268f34afa195006"},"headline":"Aproape 2 milioane de rom\u00e2ni \u00ee\u015fi s\u0103rb\u0103toresc onomastica de Sf\u00e2ntul Ioan","datePublished":"2025-01-07T14:33:04+00:00","mainEntityOfPage":{"@id":"https:\/\/carpathiacenter.ro\/aproape-2-milioane-de-romani-isi-sarbatoresc-onomastica-de-sfantul-ioan\/"},"wordCount":146,"commentCount":0,"publisher":{"@id":"https:\/\/carpathiacenter.ro\/#organization"},"image":{"@id":"https:\/\/carpathiacenter.ro\/aproape-2-milioane-de-romani-isi-sarbatoresc-onomastica-de-sfantul-ioan\/#primaryimage"},"thumbnailUrl":"https:\/\/carpathiacenter.ro\/wp-content\/uploads\/2025\/01\/ioan.jpg","articleSection":["Uncategorized"],"inLanguage":"en-GB","potentialAction":[{"@type":"CommentAction","name":"Comment","target":["https:\/\/carpathiacenter.ro\/aproape-2-milioane-de-romani-isi-sarbatoresc-onomastica-de-sfantul-ioan\/#respond"]}]},{"@type":"WebPage","@id":"https:\/\/carpathiacenter.ro\/aproape-2-milioane-de-romani-isi-sarbatoresc-onomastica-de-sfantul-ioan\/","url":"https:\/\/carpathiacenter.ro\/aproape-2-milioane-de-romani-isi-sarbatoresc-onomastica-de-sfantul-ioan\/","name":"Aproape 2 milioane de rom\u00e2ni \u00ee\u015fi s\u0103rb\u0103toresc onomastica de Sf\u00e2ntul Ioan - Carpathia Center Romania","isPartOf":{"@id":"https:\/\/carpathiacenter.ro\/#website"},"primaryImageOfPage":{"@id":"https:\/\/carpathiacenter.ro\/aproape-2-milioane-de-romani-isi-sarbatoresc-onomastica-de-sfantul-ioan\/#primaryimage"},"image":{"@id":"https:\/\/carpathiacenter.ro\/aproape-2-milioane-de-romani-isi-sarbatoresc-onomastica-de-sfantul-ioan\/#primaryimage"},"thumbnailUrl":"https:\/\/carpathiacenter.ro\/wp-content\/uploads\/2025\/01\/ioan.jpg","datePublished":"2025-01-07T14:33:04+00:00","breadcrumb":{"@id":"https:\/\/carpathiacenter.ro\/aproape-2-milioane-de-romani-isi-sarbatoresc-onomastica-de-sfantul-ioan\/#breadcrumb"},"inLanguage":"en-GB","potentialAction":[{"@type":"ReadAction","target":["https:\/\/carpathiacenter.ro\/aproape-2-milioane-de-romani-isi-sarbatoresc-onomastica-de-sfantul-ioan\/"]}]},{"@type":"ImageObject","inLanguage":"en-GB","@id":"https:\/\/carpathiacenter.ro\/aproape-2-milioane-de-romani-isi-sarbatoresc-onomastica-de-sfantul-ioan\/#primaryimage","url":"https:\/\/carpathiacenter.ro\/wp-content\/uploads\/2025\/01\/ioan.jpg","contentUrl":"https:\/\/carpathiacenter.ro\/wp-content\/uploads\/2025\/01\/ioan.jpg","width":960,"height":540},{"@type":"BreadcrumbList","@id":"https:\/\/carpathiacenter.ro\/aproape-2-milioane-de-romani-isi-sarbatoresc-onomastica-de-sfantul-ioan\/#breadcrumb","itemListElement":[{"@type":"ListItem","position":1,"name":"Prima pagin\u0103","item":"https:\/\/carpathiacenter.ro\/"},{"@type":"ListItem","position":2,"name":"Aproape 2 milioane de rom\u00e2ni \u00ee\u015fi s\u0103rb\u0103toresc onomastica de Sf\u00e2ntul Ioan"}]},{"@type":"WebSite","@id":"https:\/\/carpathiacenter.ro\/#website","url":"https:\/\/carpathiacenter.ro\/","name":"Carpathia Center Romania","description":"Impossible made possible!","publisher":{"@id":"https:\/\/carpathiacenter.ro\/#organization"},"potentialAction":[{"@type":"SearchAction","target":{"@type":"EntryPoint","urlTemplate":"https:\/\/carpathiacenter.ro\/?s={search_term_string}"},"query-input":{"@type":"PropertyValueSpecification","valueRequired":true,"valueName":"search_term_string"}}],"inLanguage":"en-GB"},{"@type":"Organization","@id":"https:\/\/carpathiacenter.ro\/#organization","name":"Carpathia Center Romania","url":"https:\/\/carpathiacenter.ro\/","logo":{"@type":"ImageObject","inLanguage":"en-GB","@id":"https:\/\/carpathiacenter.ro\/#\/schema\/logo\/image\/","url":"https:\/\/carpathiacenter.ro\/wp-content\/uploads\/2024\/07\/logo-carpathia_bg_white-1024x941.png","contentUrl":"https:\/\/carpathiacenter.ro\/wp-content\/uploads\/2024\/07\/logo-carpathia_bg_white-1024x941.png","width":1024,"height":941,"caption":"Carpathia Center Romania"},"image":{"@id":"https:\/\/carpathiacenter.ro\/#\/schema\/logo\/image\/"},"sameAs":["https:\/\/www.facebook.com\/fdpscarpathia\/"]},{"@type":"Person","@id":"https:\/\/carpathiacenter.ro\/#\/schema\/person\/03d9f58202fee8379268f34afa195006","name":"creativebitsolutions","image":{"@type":"ImageObject","inLanguage":"en-GB","@id":"https:\/\/carpathiacenter.ro\/#\/schema\/person\/image\/","url":"https:\/\/secure.gravatar.com\/avatar\/1b1a13e37f847c635dab78348f1dff2f07651ee2a3d77a5c355a4b8c75f9165a?s=96&d=mm&r=g","contentUrl":"https:\/\/secure.gravatar.com\/avatar\/1b1a13e37f847c635dab78348f1dff2f07651ee2a3d77a5c355a4b8c75f9165a?s=96&d=mm&r=g","caption":"creativebitsolutions"},"url":"https:\/\/carpathiacenter.ro\/en\/author\/creativebitsolutions\/"}]}},"_links":{"self":[{"href":"https:\/\/carpathiacenter.ro\/en\/wp-json\/wp\/v2\/posts\/1715","targetHints":{"allow":["GET"]}}],"collection":[{"href":"https:\/\/carpathiacenter.ro\/en\/wp-json\/wp\/v2\/posts"}],"about":[{"href":"https:\/\/carpathiacenter.ro\/en\/wp-json\/wp\/v2\/types\/post"}],"author":[{"embeddable":true,"href":"https:\/\/carpathiacenter.ro\/en\/wp-json\/wp\/v2\/users\/4"}],"replies":[{"embeddable":true,"href":"https:\/\/carpathiacenter.ro\/en\/wp-json\/wp\/v2\/comments?post=1715"}],"version-history":[{"count":1,"href":"https:\/\/carpathiacenter.ro\/en\/wp-json\/wp\/v2\/posts\/1715\/revisions"}],"predecessor-version":[{"id":1717,"href":"https:\/\/carpathiacenter.ro\/en\/wp-json\/wp\/v2\/posts\/1715\/revisions\/1717"}],"wp:featuredmedia":[{"embeddable":true,"href":"https:\/\/carpathiacenter.ro\/en\/wp-json\/wp\/v2\/media\/1716"}],"wp:attachment":[{"href":"https:\/\/carpathiacenter.ro\/en\/wp-json\/wp\/v2\/media?parent=1715"}],"wp:term":[{"taxonomy":"category","embeddable":true,"href":"https:\/\/carpathiacenter.ro\/en\/wp-json\/wp\/v2\/categories?post=1715"},{"taxonomy":"post_tag","embeddable":true,"href":"https:\/\/carpathiacenter.ro\/en\/wp-json\/wp\/v2\/tags?post=1715"}],"curies":[{"name":"wp","href":"https:\/\/api.w.org\/{rel}","templated":true}]}}