{"id":1671,"date":"2024-12-20T10:40:21","date_gmt":"2024-12-20T10:40:21","guid":{"rendered":"https:\/\/carpathiacenter.ro\/?p=1671"},"modified":"2024-12-20T10:40:21","modified_gmt":"2024-12-20T10:40:21","slug":"premierul-ungar-viktor-orban-vine-la-bucuresti-se-intalneste-cu-prim-ministrul-marcel-ciolacu","status":"publish","type":"post","link":"https:\/\/carpathiacenter.ro\/en\/premierul-ungar-viktor-orban-vine-la-bucuresti-se-intalneste-cu-prim-ministrul-marcel-ciolacu\/","title":{"rendered":"Premierul ungar, Viktor Orban, vine la Bucure\u015fti; se \u00eent\u00e2lne\u015fte cu prim-ministrul Marcel Ciolacu"},"content":{"rendered":"<div class=\"td_block_wrap tdb_single_content tdi_306 td-pb-border-top td_block_template_1 td-post-content tagdiv-type\" data-td-block-uid=\"tdi_306\">\n<div class=\"tdb-block-inner td-fix-index\">\n<p><strong>Premierul Ungariei, Viktor Orban, se va afla vineri la Bucure\u015fti, unde va avea o \u00eentrevedere cu prim-ministrul Marcel Ciolacu.<\/strong><\/p>\n<p>Potrivit programului anun\u0163at de Biroul de pres\u0103 al Guvernului, cei doi vor purta discu\u0163ii la Palatul Victoria la ora 17,00, ulterior fiind programate declara\u0163ii comune de pres\u0103.<\/p>\n<p>Pe 22 noiembrie, prim-ministrul Marcel Ciolacu s-a \u00eent\u00e2lnit la Budapesta cu omologul s\u0103u ungar, cu care a discutat despre procesul de integrare deplin\u0103 a Rom\u00e2niei \u00een Spa\u0163iul Schengen.<\/p>\n<p>Vizita la Budapesta a avut loc \u00een contextul \u00een care Ungaria de\u0163ine, p\u00e2n\u0103 la 31 decembrie 2024, Pre\u015fedin\u0163ia rotativ\u0103 a Consiliului Uniunii Europene.<\/p>\n<p>Premierul Orban s-a aflat miercuri la Bruxelles, unde a participat la Summitul UE \u2013 Balcanii de Vest, iar joi a luat parte la Consiliul European.<\/p>\n<p>Vineri, acesta va merge \u015fi \u00een Bulgaria. AGERPRES\/(AS \u2013 autor: Georgiana T\u0103n\u0103sescu, editor: Claudia St\u0103nescu, editor online: Alexandru Cojocaru)<\/p>\n<p>Sursa:https:\/\/www.agerpres.ro\/politica\/2024\/12\/20\/premierul-ungar-viktor-orban-vine-la-bucuresti-se-intalneste-cu-prim-ministrul-marcel-ciolacu\u20131405975<\/p>\n<\/div>\n<\/div>","protected":false},"excerpt":{"rendered":"<p>Premierul Ungariei, Viktor Orban, se va afla vineri la Bucure\u015fti, unde va avea o \u00eentrevedere cu prim-ministrul Marcel Ciolacu. Potrivit programului anun\u0163at de Biroul de pres\u0103 al Guvernului, cei doi vor purta discu\u0163ii la Palatul Victoria la ora 17,00, ulterior fiind programate declara\u0163ii comune de pres\u0103. Pe 22 noiembrie, prim-ministrul Marcel Ciolacu s-a \u00eent\u00e2lnit la&#8230;<\/p>","protected":false},"author":4,"featured_media":1668,"comment_status":"open","ping_status":"open","sticky":false,"template":"","format":"standard","meta":{"footnotes":""},"categories":[1],"tags":[],"class_list":["post-1671","post","type-post","status-publish","format-standard","has-post-thumbnail","hentry","category-uncategorized"],"yoast_head":"<!-- This site is optimized with the Yoast SEO plugin v26.1.1 - https:\/\/yoast.com\/wordpress\/plugins\/seo\/ -->\n<title>Premierul ungar, Viktor Orban, vine la Bucure\u015fti; se \u00eent\u00e2lne\u015fte cu prim-ministrul Marcel Ciolacu - Carpathia Center Romania<\/title>\n<meta name=\"robots\" content=\"index, follow, max-snippet:-1, max-image-preview:large, max-video-preview:-1\" \/>\n<link rel=\"canonical\" href=\"https:\/\/carpathiacenter.ro\/en\/premierul-ungar-viktor-orban-vine-la-bucuresti-se-intalneste-cu-prim-ministrul-marcel-ciolacu\/\" \/>\n<meta property=\"og:locale\" content=\"en_GB\" \/>\n<meta property=\"og:type\" content=\"article\" \/>\n<meta property=\"og:title\" content=\"Premierul ungar, Viktor Orban, vine la Bucure\u015fti; se \u00eent\u00e2lne\u015fte cu prim-ministrul Marcel Ciolacu - Carpathia Center Romania\" \/>\n<meta property=\"og:description\" content=\"Premierul Ungariei, Viktor Orban, se va afla vineri la Bucure\u015fti, unde va avea o \u00eentrevedere cu prim-ministrul Marcel Ciolacu. Potrivit programului anun\u0163at de Biroul de pres\u0103 al Guvernului, cei doi vor purta discu\u0163ii la Palatul Victoria la ora 17,00, ulterior fiind programate declara\u0163ii comune de pres\u0103. Pe 22 noiembrie, prim-ministrul Marcel Ciolacu s-a \u00eent\u00e2lnit la...\" \/>\n<meta property=\"og:url\" content=\"https:\/\/carpathiacenter.ro\/en\/premierul-ungar-viktor-orban-vine-la-bucuresti-se-intalneste-cu-prim-ministrul-marcel-ciolacu\/\" \/>\n<meta property=\"og:site_name\" content=\"Carpathia Center Romania\" \/>\n<meta property=\"article:publisher\" content=\"https:\/\/www.facebook.com\/fdpscarpathia\/\" \/>\n<meta property=\"article:published_time\" content=\"2024-12-20T10:40:21+00:00\" \/>\n<meta property=\"og:image\" content=\"https:\/\/carpathiacenter.ro\/wp-content\/uploads\/2024\/12\/profimedia-0865722999-824x469-1.jpg\" \/>\n\t<meta property=\"og:image:width\" content=\"824\" \/>\n\t<meta property=\"og:image:height\" content=\"469\" \/>\n\t<meta property=\"og:image:type\" content=\"image\/jpeg\" \/>\n<meta name=\"author\" content=\"creativebitsolutions\" \/>\n<meta name=\"twitter:card\" content=\"summary_large_image\" \/>\n<meta name=\"twitter:label1\" content=\"Written by\" \/>\n\t<meta name=\"twitter:data1\" content=\"creativebitsolutions\" \/>\n\t<meta name=\"twitter:label2\" content=\"Estimated reading time\" \/>\n\t<meta name=\"twitter:data2\" content=\"1 minute\" \/>\n<script type=\"application\/ld+json\" class=\"yoast-schema-graph\">{\"@context\":\"https:\/\/schema.org\",\"@graph\":[{\"@type\":\"Article\",\"@id\":\"https:\/\/carpathiacenter.ro\/premierul-ungar-viktor-orban-vine-la-bucuresti-se-intalneste-cu-prim-ministrul-marcel-ciolacu\/#article\",\"isPartOf\":{\"@id\":\"https:\/\/carpathiacenter.ro\/premierul-ungar-viktor-orban-vine-la-bucuresti-se-intalneste-cu-prim-ministrul-marcel-ciolacu\/\"},\"author\":{\"name\":\"creativebitsolutions\",\"@id\":\"https:\/\/carpathiacenter.ro\/#\/schema\/person\/03d9f58202fee8379268f34afa195006\"},\"headline\":\"Premierul ungar, Viktor Orban, vine la Bucure\u015fti; se \u00eent\u00e2lne\u015fte cu prim-ministrul Marcel Ciolacu\",\"datePublished\":\"2024-12-20T10:40:21+00:00\",\"mainEntityOfPage\":{\"@id\":\"https:\/\/carpathiacenter.ro\/premierul-ungar-viktor-orban-vine-la-bucuresti-se-intalneste-cu-prim-ministrul-marcel-ciolacu\/\"},\"wordCount\":174,\"commentCount\":0,\"publisher\":{\"@id\":\"https:\/\/carpathiacenter.ro\/#organization\"},\"image\":{\"@id\":\"https:\/\/carpathiacenter.ro\/premierul-ungar-viktor-orban-vine-la-bucuresti-se-intalneste-cu-prim-ministrul-marcel-ciolacu\/#primaryimage\"},\"thumbnailUrl\":\"https:\/\/carpathiacenter.ro\/wp-content\/uploads\/2024\/12\/profimedia-0865722999-824x469-1.jpg\",\"articleSection\":[\"Uncategorized\"],\"inLanguage\":\"en-GB\",\"potentialAction\":[{\"@type\":\"CommentAction\",\"name\":\"Comment\",\"target\":[\"https:\/\/carpathiacenter.ro\/premierul-ungar-viktor-orban-vine-la-bucuresti-se-intalneste-cu-prim-ministrul-marcel-ciolacu\/#respond\"]}]},{\"@type\":\"WebPage\",\"@id\":\"https:\/\/carpathiacenter.ro\/premierul-ungar-viktor-orban-vine-la-bucuresti-se-intalneste-cu-prim-ministrul-marcel-ciolacu\/\",\"url\":\"https:\/\/carpathiacenter.ro\/premierul-ungar-viktor-orban-vine-la-bucuresti-se-intalneste-cu-prim-ministrul-marcel-ciolacu\/\",\"name\":\"Premierul ungar, Viktor Orban, vine la Bucure\u015fti; se \u00eent\u00e2lne\u015fte cu prim-ministrul Marcel Ciolacu - Carpathia Center Romania\",\"isPartOf\":{\"@id\":\"https:\/\/carpathiacenter.ro\/#website\"},\"primaryImageOfPage\":{\"@id\":\"https:\/\/carpathiacenter.ro\/premierul-ungar-viktor-orban-vine-la-bucuresti-se-intalneste-cu-prim-ministrul-marcel-ciolacu\/#primaryimage\"},\"image\":{\"@id\":\"https:\/\/carpathiacenter.ro\/premierul-ungar-viktor-orban-vine-la-bucuresti-se-intalneste-cu-prim-ministrul-marcel-ciolacu\/#primaryimage\"},\"thumbnailUrl\":\"https:\/\/carpathiacenter.ro\/wp-content\/uploads\/2024\/12\/profimedia-0865722999-824x469-1.jpg\",\"datePublished\":\"2024-12-20T10:40:21+00:00\",\"breadcrumb\":{\"@id\":\"https:\/\/carpathiacenter.ro\/premierul-ungar-viktor-orban-vine-la-bucuresti-se-intalneste-cu-prim-ministrul-marcel-ciolacu\/#breadcrumb\"},\"inLanguage\":\"en-GB\",\"potentialAction\":[{\"@type\":\"ReadAction\",\"target\":[\"https:\/\/carpathiacenter.ro\/premierul-ungar-viktor-orban-vine-la-bucuresti-se-intalneste-cu-prim-ministrul-marcel-ciolacu\/\"]}]},{\"@type\":\"ImageObject\",\"inLanguage\":\"en-GB\",\"@id\":\"https:\/\/carpathiacenter.ro\/premierul-ungar-viktor-orban-vine-la-bucuresti-se-intalneste-cu-prim-ministrul-marcel-ciolacu\/#primaryimage\",\"url\":\"https:\/\/carpathiacenter.ro\/wp-content\/uploads\/2024\/12\/profimedia-0865722999-824x469-1.jpg\",\"contentUrl\":\"https:\/\/carpathiacenter.ro\/wp-content\/uploads\/2024\/12\/profimedia-0865722999-824x469-1.jpg\",\"width\":824,\"height\":469,\"caption\":\"BRUSSELS, BELGIUM - APRIL 17: Prime Minister of Hungary Viktor Orban attends the EU Leaders Summit in Brussels, Belgium on April 17, 2024. Dursun Aydemir \/ Anadolu\/ABACAPRESS.COM,Image: 865722999, License: Rights-managed, Restrictions: , Model Release: no\"},{\"@type\":\"BreadcrumbList\",\"@id\":\"https:\/\/carpathiacenter.ro\/premierul-ungar-viktor-orban-vine-la-bucuresti-se-intalneste-cu-prim-ministrul-marcel-ciolacu\/#breadcrumb\",\"itemListElement\":[{\"@type\":\"ListItem\",\"position\":1,\"name\":\"Prima pagin\u0103\",\"item\":\"https:\/\/carpathiacenter.ro\/\"},{\"@type\":\"ListItem\",\"position\":2,\"name\":\"Premierul ungar, Viktor Orban, vine la Bucure\u015fti; se \u00eent\u00e2lne\u015fte cu prim-ministrul Marcel Ciolacu\"}]},{\"@type\":\"WebSite\",\"@id\":\"https:\/\/carpathiacenter.ro\/#website\",\"url\":\"https:\/\/carpathiacenter.ro\/\",\"name\":\"Carpathia Center Romania\",\"description\":\"Impossible made possible!\",\"publisher\":{\"@id\":\"https:\/\/carpathiacenter.ro\/#organization\"},\"potentialAction\":[{\"@type\":\"SearchAction\",\"target\":{\"@type\":\"EntryPoint\",\"urlTemplate\":\"https:\/\/carpathiacenter.ro\/?s={search_term_string}\"},\"query-input\":{\"@type\":\"PropertyValueSpecification\",\"valueRequired\":true,\"valueName\":\"search_term_string\"}}],\"inLanguage\":\"en-GB\"},{\"@type\":\"Organization\",\"@id\":\"https:\/\/carpathiacenter.ro\/#organization\",\"name\":\"Carpathia Center Romania\",\"url\":\"https:\/\/carpathiacenter.ro\/\",\"logo\":{\"@type\":\"ImageObject\",\"inLanguage\":\"en-GB\",\"@id\":\"https:\/\/carpathiacenter.ro\/#\/schema\/logo\/image\/\",\"url\":\"https:\/\/carpathiacenter.ro\/wp-content\/uploads\/2024\/07\/logo-carpathia_bg_white-1024x941.png\",\"contentUrl\":\"https:\/\/carpathiacenter.ro\/wp-content\/uploads\/2024\/07\/logo-carpathia_bg_white-1024x941.png\",\"width\":1024,\"height\":941,\"caption\":\"Carpathia Center Romania\"},\"image\":{\"@id\":\"https:\/\/carpathiacenter.ro\/#\/schema\/logo\/image\/\"},\"sameAs\":[\"https:\/\/www.facebook.com\/fdpscarpathia\/\"]},{\"@type\":\"Person\",\"@id\":\"https:\/\/carpathiacenter.ro\/#\/schema\/person\/03d9f58202fee8379268f34afa195006\",\"name\":\"creativebitsolutions\",\"image\":{\"@type\":\"ImageObject\",\"inLanguage\":\"en-GB\",\"@id\":\"https:\/\/carpathiacenter.ro\/#\/schema\/person\/image\/\",\"url\":\"https:\/\/secure.gravatar.com\/avatar\/1b1a13e37f847c635dab78348f1dff2f07651ee2a3d77a5c355a4b8c75f9165a?s=96&d=mm&r=g\",\"contentUrl\":\"https:\/\/secure.gravatar.com\/avatar\/1b1a13e37f847c635dab78348f1dff2f07651ee2a3d77a5c355a4b8c75f9165a?s=96&d=mm&r=g\",\"caption\":\"creativebitsolutions\"},\"url\":\"https:\/\/carpathiacenter.ro\/en\/author\/creativebitsolutions\/\"}]}<\/script>\n<!-- \/ Yoast SEO plugin. -->","yoast_head_json":{"title":"Premierul ungar, Viktor Orban, vine la Bucure\u015fti; se \u00eent\u00e2lne\u015fte cu prim-ministrul Marcel Ciolacu - Carpathia Center Romania","robots":{"index":"index","follow":"follow","max-snippet":"max-snippet:-1","max-image-preview":"max-image-preview:large","max-video-preview":"max-video-preview:-1"},"canonical":"https:\/\/carpathiacenter.ro\/en\/premierul-ungar-viktor-orban-vine-la-bucuresti-se-intalneste-cu-prim-ministrul-marcel-ciolacu\/","og_locale":"en_GB","og_type":"article","og_title":"Premierul ungar, Viktor Orban, vine la Bucure\u015fti; se \u00eent\u00e2lne\u015fte cu prim-ministrul Marcel Ciolacu - Carpathia Center Romania","og_description":"Premierul Ungariei, Viktor Orban, se va afla vineri la Bucure\u015fti, unde va avea o \u00eentrevedere cu prim-ministrul Marcel Ciolacu. Potrivit programului anun\u0163at de Biroul de pres\u0103 al Guvernului, cei doi vor purta discu\u0163ii la Palatul Victoria la ora 17,00, ulterior fiind programate declara\u0163ii comune de pres\u0103. Pe 22 noiembrie, prim-ministrul Marcel Ciolacu s-a \u00eent\u00e2lnit la...","og_url":"https:\/\/carpathiacenter.ro\/en\/premierul-ungar-viktor-orban-vine-la-bucuresti-se-intalneste-cu-prim-ministrul-marcel-ciolacu\/","og_site_name":"Carpathia Center Romania","article_publisher":"https:\/\/www.facebook.com\/fdpscarpathia\/","article_published_time":"2024-12-20T10:40:21+00:00","og_image":[{"width":824,"height":469,"url":"https:\/\/carpathiacenter.ro\/wp-content\/uploads\/2024\/12\/profimedia-0865722999-824x469-1.jpg","type":"image\/jpeg"}],"author":"creativebitsolutions","twitter_card":"summary_large_image","twitter_misc":{"Written by":"creativebitsolutions","Estimated reading time":"1 minute"},"schema":{"@context":"https:\/\/schema.org","@graph":[{"@type":"Article","@id":"https:\/\/carpathiacenter.ro\/premierul-ungar-viktor-orban-vine-la-bucuresti-se-intalneste-cu-prim-ministrul-marcel-ciolacu\/#article","isPartOf":{"@id":"https:\/\/carpathiacenter.ro\/premierul-ungar-viktor-orban-vine-la-bucuresti-se-intalneste-cu-prim-ministrul-marcel-ciolacu\/"},"author":{"name":"creativebitsolutions","@id":"https:\/\/carpathiacenter.ro\/#\/schema\/person\/03d9f58202fee8379268f34afa195006"},"headline":"Premierul ungar, Viktor Orban, vine la Bucure\u015fti; se \u00eent\u00e2lne\u015fte cu prim-ministrul Marcel Ciolacu","datePublished":"2024-12-20T10:40:21+00:00","mainEntityOfPage":{"@id":"https:\/\/carpathiacenter.ro\/premierul-ungar-viktor-orban-vine-la-bucuresti-se-intalneste-cu-prim-ministrul-marcel-ciolacu\/"},"wordCount":174,"commentCount":0,"publisher":{"@id":"https:\/\/carpathiacenter.ro\/#organization"},"image":{"@id":"https:\/\/carpathiacenter.ro\/premierul-ungar-viktor-orban-vine-la-bucuresti-se-intalneste-cu-prim-ministrul-marcel-ciolacu\/#primaryimage"},"thumbnailUrl":"https:\/\/carpathiacenter.ro\/wp-content\/uploads\/2024\/12\/profimedia-0865722999-824x469-1.jpg","articleSection":["Uncategorized"],"inLanguage":"en-GB","potentialAction":[{"@type":"CommentAction","name":"Comment","target":["https:\/\/carpathiacenter.ro\/premierul-ungar-viktor-orban-vine-la-bucuresti-se-intalneste-cu-prim-ministrul-marcel-ciolacu\/#respond"]}]},{"@type":"WebPage","@id":"https:\/\/carpathiacenter.ro\/premierul-ungar-viktor-orban-vine-la-bucuresti-se-intalneste-cu-prim-ministrul-marcel-ciolacu\/","url":"https:\/\/carpathiacenter.ro\/premierul-ungar-viktor-orban-vine-la-bucuresti-se-intalneste-cu-prim-ministrul-marcel-ciolacu\/","name":"Premierul ungar, Viktor Orban, vine la Bucure\u015fti; se \u00eent\u00e2lne\u015fte cu prim-ministrul Marcel Ciolacu - Carpathia Center Romania","isPartOf":{"@id":"https:\/\/carpathiacenter.ro\/#website"},"primaryImageOfPage":{"@id":"https:\/\/carpathiacenter.ro\/premierul-ungar-viktor-orban-vine-la-bucuresti-se-intalneste-cu-prim-ministrul-marcel-ciolacu\/#primaryimage"},"image":{"@id":"https:\/\/carpathiacenter.ro\/premierul-ungar-viktor-orban-vine-la-bucuresti-se-intalneste-cu-prim-ministrul-marcel-ciolacu\/#primaryimage"},"thumbnailUrl":"https:\/\/carpathiacenter.ro\/wp-content\/uploads\/2024\/12\/profimedia-0865722999-824x469-1.jpg","datePublished":"2024-12-20T10:40:21+00:00","breadcrumb":{"@id":"https:\/\/carpathiacenter.ro\/premierul-ungar-viktor-orban-vine-la-bucuresti-se-intalneste-cu-prim-ministrul-marcel-ciolacu\/#breadcrumb"},"inLanguage":"en-GB","potentialAction":[{"@type":"ReadAction","target":["https:\/\/carpathiacenter.ro\/premierul-ungar-viktor-orban-vine-la-bucuresti-se-intalneste-cu-prim-ministrul-marcel-ciolacu\/"]}]},{"@type":"ImageObject","inLanguage":"en-GB","@id":"https:\/\/carpathiacenter.ro\/premierul-ungar-viktor-orban-vine-la-bucuresti-se-intalneste-cu-prim-ministrul-marcel-ciolacu\/#primaryimage","url":"https:\/\/carpathiacenter.ro\/wp-content\/uploads\/2024\/12\/profimedia-0865722999-824x469-1.jpg","contentUrl":"https:\/\/carpathiacenter.ro\/wp-content\/uploads\/2024\/12\/profimedia-0865722999-824x469-1.jpg","width":824,"height":469,"caption":"BRUSSELS, BELGIUM - APRIL 17: Prime Minister of Hungary Viktor Orban attends the EU Leaders Summit in Brussels, Belgium on April 17, 2024. Dursun Aydemir \/ Anadolu\/ABACAPRESS.COM,Image: 865722999, License: Rights-managed, Restrictions: , Model Release: no"},{"@type":"BreadcrumbList","@id":"https:\/\/carpathiacenter.ro\/premierul-ungar-viktor-orban-vine-la-bucuresti-se-intalneste-cu-prim-ministrul-marcel-ciolacu\/#breadcrumb","itemListElement":[{"@type":"ListItem","position":1,"name":"Prima pagin\u0103","item":"https:\/\/carpathiacenter.ro\/"},{"@type":"ListItem","position":2,"name":"Premierul ungar, Viktor Orban, vine la Bucure\u015fti; se \u00eent\u00e2lne\u015fte cu prim-ministrul Marcel Ciolacu"}]},{"@type":"WebSite","@id":"https:\/\/carpathiacenter.ro\/#website","url":"https:\/\/carpathiacenter.ro\/","name":"Carpathia Center Romania","description":"Impossible made possible!","publisher":{"@id":"https:\/\/carpathiacenter.ro\/#organization"},"potentialAction":[{"@type":"SearchAction","target":{"@type":"EntryPoint","urlTemplate":"https:\/\/carpathiacenter.ro\/?s={search_term_string}"},"query-input":{"@type":"PropertyValueSpecification","valueRequired":true,"valueName":"search_term_string"}}],"inLanguage":"en-GB"},{"@type":"Organization","@id":"https:\/\/carpathiacenter.ro\/#organization","name":"Carpathia Center Romania","url":"https:\/\/carpathiacenter.ro\/","logo":{"@type":"ImageObject","inLanguage":"en-GB","@id":"https:\/\/carpathiacenter.ro\/#\/schema\/logo\/image\/","url":"https:\/\/carpathiacenter.ro\/wp-content\/uploads\/2024\/07\/logo-carpathia_bg_white-1024x941.png","contentUrl":"https:\/\/carpathiacenter.ro\/wp-content\/uploads\/2024\/07\/logo-carpathia_bg_white-1024x941.png","width":1024,"height":941,"caption":"Carpathia Center Romania"},"image":{"@id":"https:\/\/carpathiacenter.ro\/#\/schema\/logo\/image\/"},"sameAs":["https:\/\/www.facebook.com\/fdpscarpathia\/"]},{"@type":"Person","@id":"https:\/\/carpathiacenter.ro\/#\/schema\/person\/03d9f58202fee8379268f34afa195006","name":"creativebitsolutions","image":{"@type":"ImageObject","inLanguage":"en-GB","@id":"https:\/\/carpathiacenter.ro\/#\/schema\/person\/image\/","url":"https:\/\/secure.gravatar.com\/avatar\/1b1a13e37f847c635dab78348f1dff2f07651ee2a3d77a5c355a4b8c75f9165a?s=96&d=mm&r=g","contentUrl":"https:\/\/secure.gravatar.com\/avatar\/1b1a13e37f847c635dab78348f1dff2f07651ee2a3d77a5c355a4b8c75f9165a?s=96&d=mm&r=g","caption":"creativebitsolutions"},"url":"https:\/\/carpathiacenter.ro\/en\/author\/creativebitsolutions\/"}]}},"_links":{"self":[{"href":"https:\/\/carpathiacenter.ro\/en\/wp-json\/wp\/v2\/posts\/1671","targetHints":{"allow":["GET"]}}],"collection":[{"href":"https:\/\/carpathiacenter.ro\/en\/wp-json\/wp\/v2\/posts"}],"about":[{"href":"https:\/\/carpathiacenter.ro\/en\/wp-json\/wp\/v2\/types\/post"}],"author":[{"embeddable":true,"href":"https:\/\/carpathiacenter.ro\/en\/wp-json\/wp\/v2\/users\/4"}],"replies":[{"embeddable":true,"href":"https:\/\/carpathiacenter.ro\/en\/wp-json\/wp\/v2\/comments?post=1671"}],"version-history":[{"count":1,"href":"https:\/\/carpathiacenter.ro\/en\/wp-json\/wp\/v2\/posts\/1671\/revisions"}],"predecessor-version":[{"id":1672,"href":"https:\/\/carpathiacenter.ro\/en\/wp-json\/wp\/v2\/posts\/1671\/revisions\/1672"}],"wp:featuredmedia":[{"embeddable":true,"href":"https:\/\/carpathiacenter.ro\/en\/wp-json\/wp\/v2\/media\/1668"}],"wp:attachment":[{"href":"https:\/\/carpathiacenter.ro\/en\/wp-json\/wp\/v2\/media?parent=1671"}],"wp:term":[{"taxonomy":"category","embeddable":true,"href":"https:\/\/carpathiacenter.ro\/en\/wp-json\/wp\/v2\/categories?post=1671"},{"taxonomy":"post_tag","embeddable":true,"href":"https:\/\/carpathiacenter.ro\/en\/wp-json\/wp\/v2\/tags?post=1671"}],"curies":[{"name":"wp","href":"https:\/\/api.w.org\/{rel}","templated":true}]}}