{"id":1667,"date":"2024-12-20T10:39:08","date_gmt":"2024-12-20T10:39:08","guid":{"rendered":"https:\/\/carpathiacenter.ro\/?p=1667"},"modified":"2024-12-20T10:39:08","modified_gmt":"2024-12-20T10:39:08","slug":"elevii-intra-in-vacanta-de-vineri-dupa-terminarea-cursurilor","status":"publish","type":"post","link":"https:\/\/carpathiacenter.ro\/en\/elevii-intra-in-vacanta-de-vineri-dupa-terminarea-cursurilor\/","title":{"rendered":"Elevii intr\u0103 \u00een vacan\u0163\u0103 de vineri, dup\u0103 terminarea cursurilor"},"content":{"rendered":"<div class=\"tdb-block-inner td-fix-index\">\n<p><strong>Elevii intr\u0103 \u00een vacan\u0163a de iarn\u0103 de vineri, dup\u0103 terminarea cursurilor, \u015fi se vor \u00eentoarce la \u015fcoal\u0103 pe 8 ianuarie, miercuri, potrivit calendarului aprobat de Ministerul Educa\u0163iei.<\/strong><\/p>\n<p><strong>Anul \u015fcolar 2024-2025 se structureaz\u0103, pe intervale de cursuri \u015fi intervale de vacan\u0163\u0103, astfel:<\/strong><br \/>\n* intervale de cursuri:<br \/>\n\u2013 de luni, 9 septembrie 2024, p\u00e2n\u0103 vineri, 25 octombrie 2024;<br \/>\n\u2013 de luni, 4 noiembrie 2024, p\u00e2n\u0103 vineri, 20 decembrie 2024;<br \/>\n\u2013 de miercuri, 8 ianuarie 2025, p\u00e2n\u0103 vineri, 7 februarie 2025, respectiv vineri, 14 februarie 2025, sau vineri, 21 februarie 2025, dup\u0103 caz, la decizia inspectoratelor \u015fcolare jude\u0163ene\/al municipiului Bucure\u015fti, \u00een urma consult\u0103rilor cu beneficiarii primari ai educa\u0163iei, cu p\u0103rin\u0163ii\/reprezentan\u0163ii legali ai acestora \u015fi cu cadrele didactice, realizate la nivelul unit\u0103\u0163ilor de \u00eenv\u0103\u0163\u0103m\u00e2nt;<br \/>\n\u2013 de luni, 17 februarie 2025, respectiv luni, 24 februarie 2025, sau luni, 3 martie 2025, la decizia inspectoratelor \u015fcolare jude\u0163ene\/al municipiului Bucure\u015fti, dup\u0103 caz, p\u00e2n\u0103 joi, 17 aprilie 2025;<br \/>\n\u2013 de luni, 28 aprilie 2025, p\u00e2n\u0103 vineri, 20 iunie 2025;<\/p>\n<p><strong>* intervale de vacan\u0163\u0103:<\/strong><br \/>\n\u2013 de s\u00e2mb\u0103t\u0103, 26 octombrie 2024, p\u00e2n\u0103 duminic\u0103, 3 noiembrie 2024;<br \/>\n\u2013 de s\u00e2mb\u0103t\u0103, 21 decembrie 2024, p\u00e2n\u0103 mar\u0163i, 7 ianuarie 2025;<br \/>\n\u2013 o s\u0103pt\u0103m\u00e2n\u0103, la decizia inspectoratelor \u015fcolare jude\u0163ene\/al municipiului Bucure\u015fti, \u00een perioada 10 februarie \u2013 2 martie 2025;<br \/>\n\u2013 de vineri, 18 aprilie 2025, p\u00e2n\u0103 duminic\u0103, 27 aprilie 2025;<br \/>\n\u2013 de s\u00e2mb\u0103t\u0103, 21 iunie 2025, p\u00e2n\u0103 duminic\u0103, 7 septembrie 2025.<\/p>\n<p>\u00cen zilele nelucr\u0103toare sau de s\u0103rb\u0103toare legal\u0103 prev\u0103zute de lege \u015fi de contractul colectiv de munc\u0103 aplicabil nu se organizeaz\u0103 cursuri.<\/p>\n<p>Programul na\u0163ional \u201c\u015ecoala altfel\u201d \u015fi Programul \u201cS\u0103pt\u0103m\u00e2na verde\u201d se desf\u0103\u015foar\u0103 \u00een perioada 9 septembrie 2024 \u2013 30 mai 2025, \u00een intervale de c\u00e2te cinci zile consecutive lucr\u0103toare, a c\u0103ror planificare se afl\u0103 la decizia unit\u0103\u0163ii de \u00eenv\u0103\u0163\u0103m\u00e2nt. Derularea celor dou\u0103 programe se planific\u0103 \u00een intervale de cursuri diferite.<\/p>\n<p>La clasele din \u00eenv\u0103\u0163\u0103m\u00e2ntul liceal \u2013 filiera tehnologic\u0103 \u015fi din \u00eenv\u0103\u0163\u0103m\u00e2ntul profesional, \u00een perioadele dedicate programelor \u201c\u015ecoala altfel\u201d \u015fi \u201cS\u0103pt\u0103m\u00e2na verde\u201d se organizeaz\u0103 activit\u0103\u0163i de instruire practic\u0103, urm\u0103rind \u015fi scopul acestor programe.<\/p>\n<p>\u00cen situa\u0163ia suspend\u0103rii cursurilor conform Regulamentului-cadru de organizare \u015fi func\u0163ionare a unit\u0103\u0163ilor de \u00eenv\u0103\u0163\u0103m\u00e2nt preuniversitar, m\u0103surile privind parcurgerea integral\u0103 a programei \u015fcolare prin modalit\u0103\u0163i alternative stabilite de consiliul de administra\u0163ie al unit\u0103\u0163ii de \u00eenv\u0103\u0163\u0103m\u00e2nt nu se dispun \u00een perioada vacan\u0163elor \u015fcolare.<\/p>\n<p>\u00cen situa\u0163ii deosebite, bine fundamentate, \u00een func\u0163ie de condi\u0163iile climaterice locale speciale \u015fi de specificul \u015fcolii, inspectoratele \u015fcolare pot aproba, cu avizul Ministerului Educa\u0163iei, la cererea conducerii unit\u0103\u0163ilor de \u00eenv\u0103\u0163\u0103m\u00e2nt, modific\u0103ri ale structurii anului \u015fcolar.<\/p>\n<p>Aprobarea modific\u0103rii structurii anului \u015fcolar se acord\u0103 \u00een condi\u0163iile asigur\u0103rii parcurgerii integrale a programei \u015fcolare, precum \u015fi a posibilit\u0103\u0163ii ca to\u0163i elevii s\u0103 participe, f\u0103r\u0103 restric\u0163ii, la examenele \u015fi evalu\u0103rile na\u0163ionale. AGERPRES\/(AS \u2013 autor: Roberto Stan, editor: Florin Marin, editor online: Alexandru Cojocaru)<\/p>\n<p>Sursa:https:\/\/www.agerpres.ro\/educatie-stiinta\/2024\/12\/20\/elevii-intra-in-vacanta-de-vineri-dupa-terminarea-cursurilor\u20131405974<\/p>\n<\/div>","protected":false},"excerpt":{"rendered":"<p>Elevii intr\u0103 \u00een vacan\u0163a de iarn\u0103 de vineri, dup\u0103 terminarea cursurilor, \u015fi se vor \u00eentoarce la \u015fcoal\u0103 pe 8 ianuarie, miercuri, potrivit calendarului aprobat de Ministerul Educa\u0163iei. Anul \u015fcolar 2024-2025 se structureaz\u0103, pe intervale de cursuri \u015fi intervale de vacan\u0163\u0103, astfel: * intervale de cursuri: \u2013 de luni, 9 septembrie 2024, p\u00e2n\u0103 vineri, 25 octombrie&#8230;<\/p>","protected":false},"author":4,"featured_media":1669,"comment_status":"open","ping_status":"open","sticky":false,"template":"","format":"standard","meta":{"footnotes":""},"categories":[1],"tags":[],"class_list":["post-1667","post","type-post","status-publish","format-standard","has-post-thumbnail","hentry","category-uncategorized"],"yoast_head":"<!-- This site is optimized with the Yoast SEO plugin v26.1.1 - https:\/\/yoast.com\/wordpress\/plugins\/seo\/ -->\n<title>Elevii intr\u0103 \u00een vacan\u0163\u0103 de vineri, dup\u0103 terminarea cursurilor - Carpathia Center Romania<\/title>\n<meta name=\"robots\" content=\"index, follow, max-snippet:-1, max-image-preview:large, max-video-preview:-1\" \/>\n<link rel=\"canonical\" href=\"https:\/\/carpathiacenter.ro\/en\/elevii-intra-in-vacanta-de-vineri-dupa-terminarea-cursurilor\/\" \/>\n<meta property=\"og:locale\" content=\"en_GB\" \/>\n<meta property=\"og:type\" content=\"article\" \/>\n<meta property=\"og:title\" content=\"Elevii intr\u0103 \u00een vacan\u0163\u0103 de vineri, dup\u0103 terminarea cursurilor - Carpathia Center Romania\" \/>\n<meta property=\"og:description\" content=\"Elevii intr\u0103 \u00een vacan\u0163a de iarn\u0103 de vineri, dup\u0103 terminarea cursurilor, \u015fi se vor \u00eentoarce la \u015fcoal\u0103 pe 8 ianuarie, miercuri, potrivit calendarului aprobat de Ministerul Educa\u0163iei. Anul \u015fcolar 2024-2025 se structureaz\u0103, pe intervale de cursuri \u015fi intervale de vacan\u0163\u0103, astfel: * intervale de cursuri: \u2013 de luni, 9 septembrie 2024, p\u00e2n\u0103 vineri, 25 octombrie...\" \/>\n<meta property=\"og:url\" content=\"https:\/\/carpathiacenter.ro\/en\/elevii-intra-in-vacanta-de-vineri-dupa-terminarea-cursurilor\/\" \/>\n<meta property=\"og:site_name\" content=\"Carpathia Center Romania\" \/>\n<meta property=\"article:publisher\" content=\"https:\/\/www.facebook.com\/fdpscarpathia\/\" \/>\n<meta property=\"article:published_time\" content=\"2024-12-20T10:39:08+00:00\" \/>\n<meta property=\"og:image\" content=\"https:\/\/carpathiacenter.ro\/wp-content\/uploads\/2024\/12\/vacanta-1734680570.jpg\" \/>\n\t<meta property=\"og:image:width\" content=\"624\" \/>\n\t<meta property=\"og:image:height\" content=\"298\" \/>\n\t<meta property=\"og:image:type\" content=\"image\/jpeg\" \/>\n<meta name=\"author\" content=\"creativebitsolutions\" \/>\n<meta name=\"twitter:card\" content=\"summary_large_image\" \/>\n<meta name=\"twitter:label1\" content=\"Written by\" \/>\n\t<meta name=\"twitter:data1\" content=\"creativebitsolutions\" \/>\n\t<meta name=\"twitter:label2\" content=\"Estimated reading time\" \/>\n\t<meta name=\"twitter:data2\" content=\"2 minutes\" \/>\n<script type=\"application\/ld+json\" class=\"yoast-schema-graph\">{\"@context\":\"https:\/\/schema.org\",\"@graph\":[{\"@type\":\"Article\",\"@id\":\"https:\/\/carpathiacenter.ro\/elevii-intra-in-vacanta-de-vineri-dupa-terminarea-cursurilor\/#article\",\"isPartOf\":{\"@id\":\"https:\/\/carpathiacenter.ro\/elevii-intra-in-vacanta-de-vineri-dupa-terminarea-cursurilor\/\"},\"author\":{\"name\":\"creativebitsolutions\",\"@id\":\"https:\/\/carpathiacenter.ro\/#\/schema\/person\/03d9f58202fee8379268f34afa195006\"},\"headline\":\"Elevii intr\u0103 \u00een vacan\u0163\u0103 de vineri, dup\u0103 terminarea cursurilor\",\"datePublished\":\"2024-12-20T10:39:08+00:00\",\"mainEntityOfPage\":{\"@id\":\"https:\/\/carpathiacenter.ro\/elevii-intra-in-vacanta-de-vineri-dupa-terminarea-cursurilor\/\"},\"wordCount\":489,\"commentCount\":0,\"publisher\":{\"@id\":\"https:\/\/carpathiacenter.ro\/#organization\"},\"image\":{\"@id\":\"https:\/\/carpathiacenter.ro\/elevii-intra-in-vacanta-de-vineri-dupa-terminarea-cursurilor\/#primaryimage\"},\"thumbnailUrl\":\"https:\/\/carpathiacenter.ro\/wp-content\/uploads\/2024\/12\/vacanta-1734680570.jpg\",\"articleSection\":[\"Uncategorized\"],\"inLanguage\":\"en-GB\",\"potentialAction\":[{\"@type\":\"CommentAction\",\"name\":\"Comment\",\"target\":[\"https:\/\/carpathiacenter.ro\/elevii-intra-in-vacanta-de-vineri-dupa-terminarea-cursurilor\/#respond\"]}]},{\"@type\":\"WebPage\",\"@id\":\"https:\/\/carpathiacenter.ro\/elevii-intra-in-vacanta-de-vineri-dupa-terminarea-cursurilor\/\",\"url\":\"https:\/\/carpathiacenter.ro\/elevii-intra-in-vacanta-de-vineri-dupa-terminarea-cursurilor\/\",\"name\":\"Elevii intr\u0103 \u00een vacan\u0163\u0103 de vineri, dup\u0103 terminarea cursurilor - Carpathia Center Romania\",\"isPartOf\":{\"@id\":\"https:\/\/carpathiacenter.ro\/#website\"},\"primaryImageOfPage\":{\"@id\":\"https:\/\/carpathiacenter.ro\/elevii-intra-in-vacanta-de-vineri-dupa-terminarea-cursurilor\/#primaryimage\"},\"image\":{\"@id\":\"https:\/\/carpathiacenter.ro\/elevii-intra-in-vacanta-de-vineri-dupa-terminarea-cursurilor\/#primaryimage\"},\"thumbnailUrl\":\"https:\/\/carpathiacenter.ro\/wp-content\/uploads\/2024\/12\/vacanta-1734680570.jpg\",\"datePublished\":\"2024-12-20T10:39:08+00:00\",\"breadcrumb\":{\"@id\":\"https:\/\/carpathiacenter.ro\/elevii-intra-in-vacanta-de-vineri-dupa-terminarea-cursurilor\/#breadcrumb\"},\"inLanguage\":\"en-GB\",\"potentialAction\":[{\"@type\":\"ReadAction\",\"target\":[\"https:\/\/carpathiacenter.ro\/elevii-intra-in-vacanta-de-vineri-dupa-terminarea-cursurilor\/\"]}]},{\"@type\":\"ImageObject\",\"inLanguage\":\"en-GB\",\"@id\":\"https:\/\/carpathiacenter.ro\/elevii-intra-in-vacanta-de-vineri-dupa-terminarea-cursurilor\/#primaryimage\",\"url\":\"https:\/\/carpathiacenter.ro\/wp-content\/uploads\/2024\/12\/vacanta-1734680570.jpg\",\"contentUrl\":\"https:\/\/carpathiacenter.ro\/wp-content\/uploads\/2024\/12\/vacanta-1734680570.jpg\",\"width\":624,\"height\":298},{\"@type\":\"BreadcrumbList\",\"@id\":\"https:\/\/carpathiacenter.ro\/elevii-intra-in-vacanta-de-vineri-dupa-terminarea-cursurilor\/#breadcrumb\",\"itemListElement\":[{\"@type\":\"ListItem\",\"position\":1,\"name\":\"Prima pagin\u0103\",\"item\":\"https:\/\/carpathiacenter.ro\/\"},{\"@type\":\"ListItem\",\"position\":2,\"name\":\"Elevii intr\u0103 \u00een vacan\u0163\u0103 de vineri, dup\u0103 terminarea cursurilor\"}]},{\"@type\":\"WebSite\",\"@id\":\"https:\/\/carpathiacenter.ro\/#website\",\"url\":\"https:\/\/carpathiacenter.ro\/\",\"name\":\"Carpathia Center Romania\",\"description\":\"Impossible made possible!\",\"publisher\":{\"@id\":\"https:\/\/carpathiacenter.ro\/#organization\"},\"potentialAction\":[{\"@type\":\"SearchAction\",\"target\":{\"@type\":\"EntryPoint\",\"urlTemplate\":\"https:\/\/carpathiacenter.ro\/?s={search_term_string}\"},\"query-input\":{\"@type\":\"PropertyValueSpecification\",\"valueRequired\":true,\"valueName\":\"search_term_string\"}}],\"inLanguage\":\"en-GB\"},{\"@type\":\"Organization\",\"@id\":\"https:\/\/carpathiacenter.ro\/#organization\",\"name\":\"Carpathia Center Romania\",\"url\":\"https:\/\/carpathiacenter.ro\/\",\"logo\":{\"@type\":\"ImageObject\",\"inLanguage\":\"en-GB\",\"@id\":\"https:\/\/carpathiacenter.ro\/#\/schema\/logo\/image\/\",\"url\":\"https:\/\/carpathiacenter.ro\/wp-content\/uploads\/2024\/07\/logo-carpathia_bg_white-1024x941.png\",\"contentUrl\":\"https:\/\/carpathiacenter.ro\/wp-content\/uploads\/2024\/07\/logo-carpathia_bg_white-1024x941.png\",\"width\":1024,\"height\":941,\"caption\":\"Carpathia Center Romania\"},\"image\":{\"@id\":\"https:\/\/carpathiacenter.ro\/#\/schema\/logo\/image\/\"},\"sameAs\":[\"https:\/\/www.facebook.com\/fdpscarpathia\/\"]},{\"@type\":\"Person\",\"@id\":\"https:\/\/carpathiacenter.ro\/#\/schema\/person\/03d9f58202fee8379268f34afa195006\",\"name\":\"creativebitsolutions\",\"image\":{\"@type\":\"ImageObject\",\"inLanguage\":\"en-GB\",\"@id\":\"https:\/\/carpathiacenter.ro\/#\/schema\/person\/image\/\",\"url\":\"https:\/\/secure.gravatar.com\/avatar\/1b1a13e37f847c635dab78348f1dff2f07651ee2a3d77a5c355a4b8c75f9165a?s=96&d=mm&r=g\",\"contentUrl\":\"https:\/\/secure.gravatar.com\/avatar\/1b1a13e37f847c635dab78348f1dff2f07651ee2a3d77a5c355a4b8c75f9165a?s=96&d=mm&r=g\",\"caption\":\"creativebitsolutions\"},\"url\":\"https:\/\/carpathiacenter.ro\/en\/author\/creativebitsolutions\/\"}]}<\/script>\n<!-- \/ Yoast SEO plugin. -->","yoast_head_json":{"title":"Elevii intr\u0103 \u00een vacan\u0163\u0103 de vineri, dup\u0103 terminarea cursurilor - Carpathia Center Romania","robots":{"index":"index","follow":"follow","max-snippet":"max-snippet:-1","max-image-preview":"max-image-preview:large","max-video-preview":"max-video-preview:-1"},"canonical":"https:\/\/carpathiacenter.ro\/en\/elevii-intra-in-vacanta-de-vineri-dupa-terminarea-cursurilor\/","og_locale":"en_GB","og_type":"article","og_title":"Elevii intr\u0103 \u00een vacan\u0163\u0103 de vineri, dup\u0103 terminarea cursurilor - Carpathia Center Romania","og_description":"Elevii intr\u0103 \u00een vacan\u0163a de iarn\u0103 de vineri, dup\u0103 terminarea cursurilor, \u015fi se vor \u00eentoarce la \u015fcoal\u0103 pe 8 ianuarie, miercuri, potrivit calendarului aprobat de Ministerul Educa\u0163iei. Anul \u015fcolar 2024-2025 se structureaz\u0103, pe intervale de cursuri \u015fi intervale de vacan\u0163\u0103, astfel: * intervale de cursuri: \u2013 de luni, 9 septembrie 2024, p\u00e2n\u0103 vineri, 25 octombrie...","og_url":"https:\/\/carpathiacenter.ro\/en\/elevii-intra-in-vacanta-de-vineri-dupa-terminarea-cursurilor\/","og_site_name":"Carpathia Center Romania","article_publisher":"https:\/\/www.facebook.com\/fdpscarpathia\/","article_published_time":"2024-12-20T10:39:08+00:00","og_image":[{"width":624,"height":298,"url":"https:\/\/carpathiacenter.ro\/wp-content\/uploads\/2024\/12\/vacanta-1734680570.jpg","type":"image\/jpeg"}],"author":"creativebitsolutions","twitter_card":"summary_large_image","twitter_misc":{"Written by":"creativebitsolutions","Estimated reading time":"2 minutes"},"schema":{"@context":"https:\/\/schema.org","@graph":[{"@type":"Article","@id":"https:\/\/carpathiacenter.ro\/elevii-intra-in-vacanta-de-vineri-dupa-terminarea-cursurilor\/#article","isPartOf":{"@id":"https:\/\/carpathiacenter.ro\/elevii-intra-in-vacanta-de-vineri-dupa-terminarea-cursurilor\/"},"author":{"name":"creativebitsolutions","@id":"https:\/\/carpathiacenter.ro\/#\/schema\/person\/03d9f58202fee8379268f34afa195006"},"headline":"Elevii intr\u0103 \u00een vacan\u0163\u0103 de vineri, dup\u0103 terminarea cursurilor","datePublished":"2024-12-20T10:39:08+00:00","mainEntityOfPage":{"@id":"https:\/\/carpathiacenter.ro\/elevii-intra-in-vacanta-de-vineri-dupa-terminarea-cursurilor\/"},"wordCount":489,"commentCount":0,"publisher":{"@id":"https:\/\/carpathiacenter.ro\/#organization"},"image":{"@id":"https:\/\/carpathiacenter.ro\/elevii-intra-in-vacanta-de-vineri-dupa-terminarea-cursurilor\/#primaryimage"},"thumbnailUrl":"https:\/\/carpathiacenter.ro\/wp-content\/uploads\/2024\/12\/vacanta-1734680570.jpg","articleSection":["Uncategorized"],"inLanguage":"en-GB","potentialAction":[{"@type":"CommentAction","name":"Comment","target":["https:\/\/carpathiacenter.ro\/elevii-intra-in-vacanta-de-vineri-dupa-terminarea-cursurilor\/#respond"]}]},{"@type":"WebPage","@id":"https:\/\/carpathiacenter.ro\/elevii-intra-in-vacanta-de-vineri-dupa-terminarea-cursurilor\/","url":"https:\/\/carpathiacenter.ro\/elevii-intra-in-vacanta-de-vineri-dupa-terminarea-cursurilor\/","name":"Elevii intr\u0103 \u00een vacan\u0163\u0103 de vineri, dup\u0103 terminarea cursurilor - Carpathia Center Romania","isPartOf":{"@id":"https:\/\/carpathiacenter.ro\/#website"},"primaryImageOfPage":{"@id":"https:\/\/carpathiacenter.ro\/elevii-intra-in-vacanta-de-vineri-dupa-terminarea-cursurilor\/#primaryimage"},"image":{"@id":"https:\/\/carpathiacenter.ro\/elevii-intra-in-vacanta-de-vineri-dupa-terminarea-cursurilor\/#primaryimage"},"thumbnailUrl":"https:\/\/carpathiacenter.ro\/wp-content\/uploads\/2024\/12\/vacanta-1734680570.jpg","datePublished":"2024-12-20T10:39:08+00:00","breadcrumb":{"@id":"https:\/\/carpathiacenter.ro\/elevii-intra-in-vacanta-de-vineri-dupa-terminarea-cursurilor\/#breadcrumb"},"inLanguage":"en-GB","potentialAction":[{"@type":"ReadAction","target":["https:\/\/carpathiacenter.ro\/elevii-intra-in-vacanta-de-vineri-dupa-terminarea-cursurilor\/"]}]},{"@type":"ImageObject","inLanguage":"en-GB","@id":"https:\/\/carpathiacenter.ro\/elevii-intra-in-vacanta-de-vineri-dupa-terminarea-cursurilor\/#primaryimage","url":"https:\/\/carpathiacenter.ro\/wp-content\/uploads\/2024\/12\/vacanta-1734680570.jpg","contentUrl":"https:\/\/carpathiacenter.ro\/wp-content\/uploads\/2024\/12\/vacanta-1734680570.jpg","width":624,"height":298},{"@type":"BreadcrumbList","@id":"https:\/\/carpathiacenter.ro\/elevii-intra-in-vacanta-de-vineri-dupa-terminarea-cursurilor\/#breadcrumb","itemListElement":[{"@type":"ListItem","position":1,"name":"Prima pagin\u0103","item":"https:\/\/carpathiacenter.ro\/"},{"@type":"ListItem","position":2,"name":"Elevii intr\u0103 \u00een vacan\u0163\u0103 de vineri, dup\u0103 terminarea cursurilor"}]},{"@type":"WebSite","@id":"https:\/\/carpathiacenter.ro\/#website","url":"https:\/\/carpathiacenter.ro\/","name":"Carpathia Center Romania","description":"Impossible made possible!","publisher":{"@id":"https:\/\/carpathiacenter.ro\/#organization"},"potentialAction":[{"@type":"SearchAction","target":{"@type":"EntryPoint","urlTemplate":"https:\/\/carpathiacenter.ro\/?s={search_term_string}"},"query-input":{"@type":"PropertyValueSpecification","valueRequired":true,"valueName":"search_term_string"}}],"inLanguage":"en-GB"},{"@type":"Organization","@id":"https:\/\/carpathiacenter.ro\/#organization","name":"Carpathia Center Romania","url":"https:\/\/carpathiacenter.ro\/","logo":{"@type":"ImageObject","inLanguage":"en-GB","@id":"https:\/\/carpathiacenter.ro\/#\/schema\/logo\/image\/","url":"https:\/\/carpathiacenter.ro\/wp-content\/uploads\/2024\/07\/logo-carpathia_bg_white-1024x941.png","contentUrl":"https:\/\/carpathiacenter.ro\/wp-content\/uploads\/2024\/07\/logo-carpathia_bg_white-1024x941.png","width":1024,"height":941,"caption":"Carpathia Center Romania"},"image":{"@id":"https:\/\/carpathiacenter.ro\/#\/schema\/logo\/image\/"},"sameAs":["https:\/\/www.facebook.com\/fdpscarpathia\/"]},{"@type":"Person","@id":"https:\/\/carpathiacenter.ro\/#\/schema\/person\/03d9f58202fee8379268f34afa195006","name":"creativebitsolutions","image":{"@type":"ImageObject","inLanguage":"en-GB","@id":"https:\/\/carpathiacenter.ro\/#\/schema\/person\/image\/","url":"https:\/\/secure.gravatar.com\/avatar\/1b1a13e37f847c635dab78348f1dff2f07651ee2a3d77a5c355a4b8c75f9165a?s=96&d=mm&r=g","contentUrl":"https:\/\/secure.gravatar.com\/avatar\/1b1a13e37f847c635dab78348f1dff2f07651ee2a3d77a5c355a4b8c75f9165a?s=96&d=mm&r=g","caption":"creativebitsolutions"},"url":"https:\/\/carpathiacenter.ro\/en\/author\/creativebitsolutions\/"}]}},"_links":{"self":[{"href":"https:\/\/carpathiacenter.ro\/en\/wp-json\/wp\/v2\/posts\/1667","targetHints":{"allow":["GET"]}}],"collection":[{"href":"https:\/\/carpathiacenter.ro\/en\/wp-json\/wp\/v2\/posts"}],"about":[{"href":"https:\/\/carpathiacenter.ro\/en\/wp-json\/wp\/v2\/types\/post"}],"author":[{"embeddable":true,"href":"https:\/\/carpathiacenter.ro\/en\/wp-json\/wp\/v2\/users\/4"}],"replies":[{"embeddable":true,"href":"https:\/\/carpathiacenter.ro\/en\/wp-json\/wp\/v2\/comments?post=1667"}],"version-history":[{"count":1,"href":"https:\/\/carpathiacenter.ro\/en\/wp-json\/wp\/v2\/posts\/1667\/revisions"}],"predecessor-version":[{"id":1670,"href":"https:\/\/carpathiacenter.ro\/en\/wp-json\/wp\/v2\/posts\/1667\/revisions\/1670"}],"wp:featuredmedia":[{"embeddable":true,"href":"https:\/\/carpathiacenter.ro\/en\/wp-json\/wp\/v2\/media\/1669"}],"wp:attachment":[{"href":"https:\/\/carpathiacenter.ro\/en\/wp-json\/wp\/v2\/media?parent=1667"}],"wp:term":[{"taxonomy":"category","embeddable":true,"href":"https:\/\/carpathiacenter.ro\/en\/wp-json\/wp\/v2\/categories?post=1667"},{"taxonomy":"post_tag","embeddable":true,"href":"https:\/\/carpathiacenter.ro\/en\/wp-json\/wp\/v2\/tags?post=1667"}],"curies":[{"name":"wp","href":"https:\/\/api.w.org\/{rel}","templated":true}]}}