{"id":1661,"date":"2024-12-19T09:48:10","date_gmt":"2024-12-19T09:48:10","guid":{"rendered":"https:\/\/carpathiacenter.ro\/?p=1661"},"modified":"2024-12-19T09:48:10","modified_gmt":"2024-12-19T09:48:10","slug":"presedintele-iohannis-la-reuniunea-consiliului-european","status":"publish","type":"post","link":"https:\/\/carpathiacenter.ro\/en\/presedintele-iohannis-la-reuniunea-consiliului-european\/","title":{"rendered":"Pre\u015fedintele Iohannis \u2013 la reuniunea Consiliului European"},"content":{"rendered":"<div class=\"tdb-block-inner td-fix-index\">\n<p><strong>Pre\u015fedintele Klaus Iohannis particip\u0103 joi la reuniunea Consiliului European, care se desf\u0103\u015foar\u0103 la Bruxelles.<\/strong><\/p>\n<p>Potrivit Administra\u0163iei Preziden\u0163iale, agenda Consiliului European include subiecte precum: Ucraina, migra\u0163ia, situa\u0163ia din Orientul Mijlociu, preg\u0103tirea UE \u00een domeniul civil \u015fi militar \u015fi r\u0103spunsul la crize, rolul UE \u00een lume \u015fi extinderea Uniunii, Republica Moldova, Georgia \u015fi aspecte legate de libertate, securitate \u015fi justi\u0163ie.<\/p>\n<p>Discu\u0163ia liderilor europeni privind Ucraina are ca obiectiv analiza situa\u0163iei din teren \u015fi a celor mai adecvate modalit\u0103\u0163i de \u00eendeplinire a angajamentelor de sprijin fa\u0163\u0103 de poporul ucrainean \u015fi de continuare a eforturilor necesare pentru respingerea invaziei ruse \u015fi de a asigura prevalarea dreptului interna\u0163ional. Aceast\u0103 reuniune va fi \u015fi un bun prilej de a exprima, la nivel european, un mesaj unitar de sprijin pentru Ucraina \u015fi pentru implementarea unei p\u0103ci juste, cuprinz\u0103toare \u015fi de durat\u0103, precizeaz\u0103 sursa citat\u0103.<\/p>\n<p>Pre\u015fedintele Iohannis va eviden\u0163ia necesitatea continu\u0103rii unei abord\u0103ri strategice, multidimensionale \u015fi coerente pentru sus\u0163inerea Ucrainei.<\/p>\n<p>Referitor la rolul UE \u00een lume, este vizat\u0103 o discu\u0163ie strategic\u0103 \u015fi cuprinz\u0103toare asupra c\u0103ii de urmat \u00een ceea ce prive\u015fte angajarea la nivel global \u015fi priorit\u0103\u0163ile \u00eentr-un context multipolar \u015fi marcat de tensiuni geopolitice.<\/p>\n<p>Tema migra\u0163iei va fi abordat\u0103 din perspectiva evalu\u0103rii progreselor \u00eenregistrate \u00een implementarea legisla\u0163iei UE \u00een materie, cu accent pe dimensiunea extern\u0103, prevenirea \u015fi combaterea migra\u0163iei ilegale, lupta \u00eempotriva instrumentaliz\u0103rii \u015fi a traficului cu migran\u0163i.<\/p>\n<p>\u00cen ceea ce prive\u015fte evolu\u0163iile din Orientul Mijlociu, se va analiza situa\u0163ia din teren, inclusiv modalit\u0103\u0163ile prin care UE poate contribui la eforturile \u00een direc\u0163ia dezescalad\u0103rii conflictului. Va fi abordat\u0103, totodat\u0103, situa\u0163ia din Siria.<\/p>\n<p><strong>Pre\u015fedintele va informa membrii Consiliului European \u015fi cu privire la situa\u0163ia din Rom\u00e2nia ca urmare a interferen\u0163elor str\u0103ine \u00een procesul electoral.<\/strong><\/p>\n<p>\u201cVoi sublinia c\u0103 acest lucru nu este o amenin\u0163are doar la adresa Rom\u00e2niei, ci la adresa democra\u0163iilor \u015fi a valorilor europene, la modul cel mai general. Toate, repet, toate \u0163\u0103rile sunt expuse acestui risc. Este evident, \u015fi voi spune acest lucru \u015fi \u00een reuniune, c\u0103 este necesar\u0103 o coordonare eficient\u0103 la nivelul \u00eentregii Uniuni pe tema combaterii ingerin\u0163elor str\u0103ine \u015fi a atacurilor hibride din partea Rusiei. Pentru a ne ap\u0103ra \u015fi pentru a preveni aceste ingerin\u0163e trebuie s\u0103 adapt\u0103m \u015fi s\u0103 dezvolt\u0103m de urgen\u0163\u0103 instrumente \u015fi mecanisme, nu putem s\u0103 r\u0103m\u00e2nem doar la nivelul \u2018hai s\u0103 discut\u0103m cum s\u0103 rezolv\u0103m\u2019, trebuie mers mult mai departe. Trebuie g\u0103site instrumente concrete, proceduri corecte, mecanismele necesare pentru a ne putea ap\u0103ra \u00een fa\u0163a acestor atacuri\u201d, a spus pre\u015fedintele Klaus Iohannis, miercuri, \u00eentr-o conferin\u0163\u0103 de pres\u0103 sus\u0163inut\u0103 la Bruxelles. AGERPRES\/(AS \u2013 autor: Georgiana T\u0103n\u0103sescu, editor: Claudia St\u0103nescu, editor online: Alexandru Cojocaru)<\/p>\n<p>Sursa: <a href=\"https:\/\/www.agerpres.ro\/politica\/2024\/12\/19\/presedintele-iohannis-la-reuniunea-consiliului-european--1405384\" target=\"_blank\" rel=\"noopener\" title=\"\">https:\/\/www.agerpres.ro\/politica\/2024\/12\/19\/presedintele-iohannis-la-reuniunea-consiliului-european\u20131405384<\/a><\/p>\n<\/div>","protected":false},"excerpt":{"rendered":"<p>Pre\u015fedintele Klaus Iohannis particip\u0103 joi la reuniunea Consiliului European, care se desf\u0103\u015foar\u0103 la Bruxelles. Potrivit Administra\u0163iei Preziden\u0163iale, agenda Consiliului European include subiecte precum: Ucraina, migra\u0163ia, situa\u0163ia din Orientul Mijlociu, preg\u0103tirea UE \u00een domeniul civil \u015fi militar \u015fi r\u0103spunsul la crize, rolul UE \u00een lume \u015fi extinderea Uniunii, Republica Moldova, Georgia \u015fi aspecte legate de libertate,&#8230;<\/p>","protected":false},"author":4,"featured_media":1662,"comment_status":"open","ping_status":"open","sticky":false,"template":"","format":"standard","meta":{"footnotes":""},"categories":[1],"tags":[],"class_list":["post-1661","post","type-post","status-publish","format-standard","has-post-thumbnail","hentry","category-uncategorized"],"yoast_head":"<!-- This site is optimized with the Yoast SEO plugin v26.1.1 - https:\/\/yoast.com\/wordpress\/plugins\/seo\/ -->\n<title>Pre\u015fedintele Iohannis \u2013 la reuniunea Consiliului European - Carpathia Center Romania<\/title>\n<meta name=\"robots\" content=\"index, follow, max-snippet:-1, max-image-preview:large, max-video-preview:-1\" \/>\n<link rel=\"canonical\" href=\"https:\/\/carpathiacenter.ro\/en\/presedintele-iohannis-la-reuniunea-consiliului-european\/\" \/>\n<meta property=\"og:locale\" content=\"en_GB\" \/>\n<meta property=\"og:type\" content=\"article\" \/>\n<meta property=\"og:title\" content=\"Pre\u015fedintele Iohannis \u2013 la reuniunea Consiliului European - Carpathia Center Romania\" \/>\n<meta property=\"og:description\" content=\"Pre\u015fedintele Klaus Iohannis particip\u0103 joi la reuniunea Consiliului European, care se desf\u0103\u015foar\u0103 la Bruxelles. Potrivit Administra\u0163iei Preziden\u0163iale, agenda Consiliului European include subiecte precum: Ucraina, migra\u0163ia, situa\u0163ia din Orientul Mijlociu, preg\u0103tirea UE \u00een domeniul civil \u015fi militar \u015fi r\u0103spunsul la crize, rolul UE \u00een lume \u015fi extinderea Uniunii, Republica Moldova, Georgia \u015fi aspecte legate de libertate,...\" \/>\n<meta property=\"og:url\" content=\"https:\/\/carpathiacenter.ro\/en\/presedintele-iohannis-la-reuniunea-consiliului-european\/\" \/>\n<meta property=\"og:site_name\" content=\"Carpathia Center Romania\" \/>\n<meta property=\"article:publisher\" content=\"https:\/\/www.facebook.com\/fdpscarpathia\/\" \/>\n<meta property=\"article:published_time\" content=\"2024-12-19T09:48:10+00:00\" \/>\n<meta property=\"og:image\" content=\"https:\/\/carpathiacenter.ro\/wp-content\/uploads\/2024\/12\/big_original_reuniune_ce_18_oct_2018_1.jpg\" \/>\n\t<meta property=\"og:image:width\" content=\"960\" \/>\n\t<meta property=\"og:image:height\" content=\"540\" \/>\n\t<meta property=\"og:image:type\" content=\"image\/jpeg\" \/>\n<meta name=\"author\" content=\"creativebitsolutions\" \/>\n<meta name=\"twitter:card\" content=\"summary_large_image\" \/>\n<meta name=\"twitter:label1\" content=\"Written by\" \/>\n\t<meta name=\"twitter:data1\" content=\"creativebitsolutions\" \/>\n\t<meta name=\"twitter:label2\" content=\"Estimated reading time\" \/>\n\t<meta name=\"twitter:data2\" content=\"2 minutes\" \/>\n<script type=\"application\/ld+json\" class=\"yoast-schema-graph\">{\"@context\":\"https:\/\/schema.org\",\"@graph\":[{\"@type\":\"Article\",\"@id\":\"https:\/\/carpathiacenter.ro\/presedintele-iohannis-la-reuniunea-consiliului-european\/#article\",\"isPartOf\":{\"@id\":\"https:\/\/carpathiacenter.ro\/presedintele-iohannis-la-reuniunea-consiliului-european\/\"},\"author\":{\"name\":\"creativebitsolutions\",\"@id\":\"https:\/\/carpathiacenter.ro\/#\/schema\/person\/03d9f58202fee8379268f34afa195006\"},\"headline\":\"Pre\u015fedintele Iohannis \u2013 la reuniunea Consiliului European\",\"datePublished\":\"2024-12-19T09:48:10+00:00\",\"mainEntityOfPage\":{\"@id\":\"https:\/\/carpathiacenter.ro\/presedintele-iohannis-la-reuniunea-consiliului-european\/\"},\"wordCount\":501,\"commentCount\":0,\"publisher\":{\"@id\":\"https:\/\/carpathiacenter.ro\/#organization\"},\"image\":{\"@id\":\"https:\/\/carpathiacenter.ro\/presedintele-iohannis-la-reuniunea-consiliului-european\/#primaryimage\"},\"thumbnailUrl\":\"https:\/\/carpathiacenter.ro\/wp-content\/uploads\/2024\/12\/big_original_reuniune_ce_18_oct_2018_1.jpg\",\"articleSection\":[\"Uncategorized\"],\"inLanguage\":\"en-GB\",\"potentialAction\":[{\"@type\":\"CommentAction\",\"name\":\"Comment\",\"target\":[\"https:\/\/carpathiacenter.ro\/presedintele-iohannis-la-reuniunea-consiliului-european\/#respond\"]}]},{\"@type\":\"WebPage\",\"@id\":\"https:\/\/carpathiacenter.ro\/presedintele-iohannis-la-reuniunea-consiliului-european\/\",\"url\":\"https:\/\/carpathiacenter.ro\/presedintele-iohannis-la-reuniunea-consiliului-european\/\",\"name\":\"Pre\u015fedintele Iohannis \u2013 la reuniunea Consiliului European - Carpathia Center Romania\",\"isPartOf\":{\"@id\":\"https:\/\/carpathiacenter.ro\/#website\"},\"primaryImageOfPage\":{\"@id\":\"https:\/\/carpathiacenter.ro\/presedintele-iohannis-la-reuniunea-consiliului-european\/#primaryimage\"},\"image\":{\"@id\":\"https:\/\/carpathiacenter.ro\/presedintele-iohannis-la-reuniunea-consiliului-european\/#primaryimage\"},\"thumbnailUrl\":\"https:\/\/carpathiacenter.ro\/wp-content\/uploads\/2024\/12\/big_original_reuniune_ce_18_oct_2018_1.jpg\",\"datePublished\":\"2024-12-19T09:48:10+00:00\",\"breadcrumb\":{\"@id\":\"https:\/\/carpathiacenter.ro\/presedintele-iohannis-la-reuniunea-consiliului-european\/#breadcrumb\"},\"inLanguage\":\"en-GB\",\"potentialAction\":[{\"@type\":\"ReadAction\",\"target\":[\"https:\/\/carpathiacenter.ro\/presedintele-iohannis-la-reuniunea-consiliului-european\/\"]}]},{\"@type\":\"ImageObject\",\"inLanguage\":\"en-GB\",\"@id\":\"https:\/\/carpathiacenter.ro\/presedintele-iohannis-la-reuniunea-consiliului-european\/#primaryimage\",\"url\":\"https:\/\/carpathiacenter.ro\/wp-content\/uploads\/2024\/12\/big_original_reuniune_ce_18_oct_2018_1.jpg\",\"contentUrl\":\"https:\/\/carpathiacenter.ro\/wp-content\/uploads\/2024\/12\/big_original_reuniune_ce_18_oct_2018_1.jpg\",\"width\":960,\"height\":540},{\"@type\":\"BreadcrumbList\",\"@id\":\"https:\/\/carpathiacenter.ro\/presedintele-iohannis-la-reuniunea-consiliului-european\/#breadcrumb\",\"itemListElement\":[{\"@type\":\"ListItem\",\"position\":1,\"name\":\"Prima pagin\u0103\",\"item\":\"https:\/\/carpathiacenter.ro\/\"},{\"@type\":\"ListItem\",\"position\":2,\"name\":\"Pre\u015fedintele Iohannis \u2013 la reuniunea Consiliului European\"}]},{\"@type\":\"WebSite\",\"@id\":\"https:\/\/carpathiacenter.ro\/#website\",\"url\":\"https:\/\/carpathiacenter.ro\/\",\"name\":\"Carpathia Center Romania\",\"description\":\"Impossible made possible!\",\"publisher\":{\"@id\":\"https:\/\/carpathiacenter.ro\/#organization\"},\"potentialAction\":[{\"@type\":\"SearchAction\",\"target\":{\"@type\":\"EntryPoint\",\"urlTemplate\":\"https:\/\/carpathiacenter.ro\/?s={search_term_string}\"},\"query-input\":{\"@type\":\"PropertyValueSpecification\",\"valueRequired\":true,\"valueName\":\"search_term_string\"}}],\"inLanguage\":\"en-GB\"},{\"@type\":\"Organization\",\"@id\":\"https:\/\/carpathiacenter.ro\/#organization\",\"name\":\"Carpathia Center Romania\",\"url\":\"https:\/\/carpathiacenter.ro\/\",\"logo\":{\"@type\":\"ImageObject\",\"inLanguage\":\"en-GB\",\"@id\":\"https:\/\/carpathiacenter.ro\/#\/schema\/logo\/image\/\",\"url\":\"https:\/\/carpathiacenter.ro\/wp-content\/uploads\/2024\/07\/logo-carpathia_bg_white-1024x941.png\",\"contentUrl\":\"https:\/\/carpathiacenter.ro\/wp-content\/uploads\/2024\/07\/logo-carpathia_bg_white-1024x941.png\",\"width\":1024,\"height\":941,\"caption\":\"Carpathia Center Romania\"},\"image\":{\"@id\":\"https:\/\/carpathiacenter.ro\/#\/schema\/logo\/image\/\"},\"sameAs\":[\"https:\/\/www.facebook.com\/fdpscarpathia\/\"]},{\"@type\":\"Person\",\"@id\":\"https:\/\/carpathiacenter.ro\/#\/schema\/person\/03d9f58202fee8379268f34afa195006\",\"name\":\"creativebitsolutions\",\"image\":{\"@type\":\"ImageObject\",\"inLanguage\":\"en-GB\",\"@id\":\"https:\/\/carpathiacenter.ro\/#\/schema\/person\/image\/\",\"url\":\"https:\/\/secure.gravatar.com\/avatar\/1b1a13e37f847c635dab78348f1dff2f07651ee2a3d77a5c355a4b8c75f9165a?s=96&d=mm&r=g\",\"contentUrl\":\"https:\/\/secure.gravatar.com\/avatar\/1b1a13e37f847c635dab78348f1dff2f07651ee2a3d77a5c355a4b8c75f9165a?s=96&d=mm&r=g\",\"caption\":\"creativebitsolutions\"},\"url\":\"https:\/\/carpathiacenter.ro\/en\/author\/creativebitsolutions\/\"}]}<\/script>\n<!-- \/ Yoast SEO plugin. -->","yoast_head_json":{"title":"Pre\u015fedintele Iohannis \u2013 la reuniunea Consiliului European - Carpathia Center Romania","robots":{"index":"index","follow":"follow","max-snippet":"max-snippet:-1","max-image-preview":"max-image-preview:large","max-video-preview":"max-video-preview:-1"},"canonical":"https:\/\/carpathiacenter.ro\/en\/presedintele-iohannis-la-reuniunea-consiliului-european\/","og_locale":"en_GB","og_type":"article","og_title":"Pre\u015fedintele Iohannis \u2013 la reuniunea Consiliului European - Carpathia Center Romania","og_description":"Pre\u015fedintele Klaus Iohannis particip\u0103 joi la reuniunea Consiliului European, care se desf\u0103\u015foar\u0103 la Bruxelles. Potrivit Administra\u0163iei Preziden\u0163iale, agenda Consiliului European include subiecte precum: Ucraina, migra\u0163ia, situa\u0163ia din Orientul Mijlociu, preg\u0103tirea UE \u00een domeniul civil \u015fi militar \u015fi r\u0103spunsul la crize, rolul UE \u00een lume \u015fi extinderea Uniunii, Republica Moldova, Georgia \u015fi aspecte legate de libertate,...","og_url":"https:\/\/carpathiacenter.ro\/en\/presedintele-iohannis-la-reuniunea-consiliului-european\/","og_site_name":"Carpathia Center Romania","article_publisher":"https:\/\/www.facebook.com\/fdpscarpathia\/","article_published_time":"2024-12-19T09:48:10+00:00","og_image":[{"width":960,"height":540,"url":"https:\/\/carpathiacenter.ro\/wp-content\/uploads\/2024\/12\/big_original_reuniune_ce_18_oct_2018_1.jpg","type":"image\/jpeg"}],"author":"creativebitsolutions","twitter_card":"summary_large_image","twitter_misc":{"Written by":"creativebitsolutions","Estimated reading time":"2 minutes"},"schema":{"@context":"https:\/\/schema.org","@graph":[{"@type":"Article","@id":"https:\/\/carpathiacenter.ro\/presedintele-iohannis-la-reuniunea-consiliului-european\/#article","isPartOf":{"@id":"https:\/\/carpathiacenter.ro\/presedintele-iohannis-la-reuniunea-consiliului-european\/"},"author":{"name":"creativebitsolutions","@id":"https:\/\/carpathiacenter.ro\/#\/schema\/person\/03d9f58202fee8379268f34afa195006"},"headline":"Pre\u015fedintele Iohannis \u2013 la reuniunea Consiliului European","datePublished":"2024-12-19T09:48:10+00:00","mainEntityOfPage":{"@id":"https:\/\/carpathiacenter.ro\/presedintele-iohannis-la-reuniunea-consiliului-european\/"},"wordCount":501,"commentCount":0,"publisher":{"@id":"https:\/\/carpathiacenter.ro\/#organization"},"image":{"@id":"https:\/\/carpathiacenter.ro\/presedintele-iohannis-la-reuniunea-consiliului-european\/#primaryimage"},"thumbnailUrl":"https:\/\/carpathiacenter.ro\/wp-content\/uploads\/2024\/12\/big_original_reuniune_ce_18_oct_2018_1.jpg","articleSection":["Uncategorized"],"inLanguage":"en-GB","potentialAction":[{"@type":"CommentAction","name":"Comment","target":["https:\/\/carpathiacenter.ro\/presedintele-iohannis-la-reuniunea-consiliului-european\/#respond"]}]},{"@type":"WebPage","@id":"https:\/\/carpathiacenter.ro\/presedintele-iohannis-la-reuniunea-consiliului-european\/","url":"https:\/\/carpathiacenter.ro\/presedintele-iohannis-la-reuniunea-consiliului-european\/","name":"Pre\u015fedintele Iohannis \u2013 la reuniunea Consiliului European - Carpathia Center Romania","isPartOf":{"@id":"https:\/\/carpathiacenter.ro\/#website"},"primaryImageOfPage":{"@id":"https:\/\/carpathiacenter.ro\/presedintele-iohannis-la-reuniunea-consiliului-european\/#primaryimage"},"image":{"@id":"https:\/\/carpathiacenter.ro\/presedintele-iohannis-la-reuniunea-consiliului-european\/#primaryimage"},"thumbnailUrl":"https:\/\/carpathiacenter.ro\/wp-content\/uploads\/2024\/12\/big_original_reuniune_ce_18_oct_2018_1.jpg","datePublished":"2024-12-19T09:48:10+00:00","breadcrumb":{"@id":"https:\/\/carpathiacenter.ro\/presedintele-iohannis-la-reuniunea-consiliului-european\/#breadcrumb"},"inLanguage":"en-GB","potentialAction":[{"@type":"ReadAction","target":["https:\/\/carpathiacenter.ro\/presedintele-iohannis-la-reuniunea-consiliului-european\/"]}]},{"@type":"ImageObject","inLanguage":"en-GB","@id":"https:\/\/carpathiacenter.ro\/presedintele-iohannis-la-reuniunea-consiliului-european\/#primaryimage","url":"https:\/\/carpathiacenter.ro\/wp-content\/uploads\/2024\/12\/big_original_reuniune_ce_18_oct_2018_1.jpg","contentUrl":"https:\/\/carpathiacenter.ro\/wp-content\/uploads\/2024\/12\/big_original_reuniune_ce_18_oct_2018_1.jpg","width":960,"height":540},{"@type":"BreadcrumbList","@id":"https:\/\/carpathiacenter.ro\/presedintele-iohannis-la-reuniunea-consiliului-european\/#breadcrumb","itemListElement":[{"@type":"ListItem","position":1,"name":"Prima pagin\u0103","item":"https:\/\/carpathiacenter.ro\/"},{"@type":"ListItem","position":2,"name":"Pre\u015fedintele Iohannis \u2013 la reuniunea Consiliului European"}]},{"@type":"WebSite","@id":"https:\/\/carpathiacenter.ro\/#website","url":"https:\/\/carpathiacenter.ro\/","name":"Carpathia Center Romania","description":"Impossible made possible!","publisher":{"@id":"https:\/\/carpathiacenter.ro\/#organization"},"potentialAction":[{"@type":"SearchAction","target":{"@type":"EntryPoint","urlTemplate":"https:\/\/carpathiacenter.ro\/?s={search_term_string}"},"query-input":{"@type":"PropertyValueSpecification","valueRequired":true,"valueName":"search_term_string"}}],"inLanguage":"en-GB"},{"@type":"Organization","@id":"https:\/\/carpathiacenter.ro\/#organization","name":"Carpathia Center Romania","url":"https:\/\/carpathiacenter.ro\/","logo":{"@type":"ImageObject","inLanguage":"en-GB","@id":"https:\/\/carpathiacenter.ro\/#\/schema\/logo\/image\/","url":"https:\/\/carpathiacenter.ro\/wp-content\/uploads\/2024\/07\/logo-carpathia_bg_white-1024x941.png","contentUrl":"https:\/\/carpathiacenter.ro\/wp-content\/uploads\/2024\/07\/logo-carpathia_bg_white-1024x941.png","width":1024,"height":941,"caption":"Carpathia Center Romania"},"image":{"@id":"https:\/\/carpathiacenter.ro\/#\/schema\/logo\/image\/"},"sameAs":["https:\/\/www.facebook.com\/fdpscarpathia\/"]},{"@type":"Person","@id":"https:\/\/carpathiacenter.ro\/#\/schema\/person\/03d9f58202fee8379268f34afa195006","name":"creativebitsolutions","image":{"@type":"ImageObject","inLanguage":"en-GB","@id":"https:\/\/carpathiacenter.ro\/#\/schema\/person\/image\/","url":"https:\/\/secure.gravatar.com\/avatar\/1b1a13e37f847c635dab78348f1dff2f07651ee2a3d77a5c355a4b8c75f9165a?s=96&d=mm&r=g","contentUrl":"https:\/\/secure.gravatar.com\/avatar\/1b1a13e37f847c635dab78348f1dff2f07651ee2a3d77a5c355a4b8c75f9165a?s=96&d=mm&r=g","caption":"creativebitsolutions"},"url":"https:\/\/carpathiacenter.ro\/en\/author\/creativebitsolutions\/"}]}},"_links":{"self":[{"href":"https:\/\/carpathiacenter.ro\/en\/wp-json\/wp\/v2\/posts\/1661","targetHints":{"allow":["GET"]}}],"collection":[{"href":"https:\/\/carpathiacenter.ro\/en\/wp-json\/wp\/v2\/posts"}],"about":[{"href":"https:\/\/carpathiacenter.ro\/en\/wp-json\/wp\/v2\/types\/post"}],"author":[{"embeddable":true,"href":"https:\/\/carpathiacenter.ro\/en\/wp-json\/wp\/v2\/users\/4"}],"replies":[{"embeddable":true,"href":"https:\/\/carpathiacenter.ro\/en\/wp-json\/wp\/v2\/comments?post=1661"}],"version-history":[{"count":1,"href":"https:\/\/carpathiacenter.ro\/en\/wp-json\/wp\/v2\/posts\/1661\/revisions"}],"predecessor-version":[{"id":1663,"href":"https:\/\/carpathiacenter.ro\/en\/wp-json\/wp\/v2\/posts\/1661\/revisions\/1663"}],"wp:featuredmedia":[{"embeddable":true,"href":"https:\/\/carpathiacenter.ro\/en\/wp-json\/wp\/v2\/media\/1662"}],"wp:attachment":[{"href":"https:\/\/carpathiacenter.ro\/en\/wp-json\/wp\/v2\/media?parent=1661"}],"wp:term":[{"taxonomy":"category","embeddable":true,"href":"https:\/\/carpathiacenter.ro\/en\/wp-json\/wp\/v2\/categories?post=1661"},{"taxonomy":"post_tag","embeddable":true,"href":"https:\/\/carpathiacenter.ro\/en\/wp-json\/wp\/v2\/tags?post=1661"}],"curies":[{"name":"wp","href":"https:\/\/api.w.org\/{rel}","templated":true}]}}