{"id":1641,"date":"2024-12-16T14:05:56","date_gmt":"2024-12-16T14:05:56","guid":{"rendered":"https:\/\/carpathiacenter.ro\/?p=1641"},"modified":"2024-12-16T14:05:56","modified_gmt":"2024-12-16T14:05:56","slug":"pagini-celebre-din-muzica-filmelor-veronica-si-mama-in-concert-la-opera-nationala-din-bucuresti","status":"publish","type":"post","link":"https:\/\/carpathiacenter.ro\/en\/pagini-celebre-din-muzica-filmelor-veronica-si-mama-in-concert-la-opera-nationala-din-bucuresti\/","title":{"rendered":"Pagini celebre din muzica filmelor &#8221;Veronica&#8221; \u015fi &#8221;Mama&#8221; &#8211; \u00een concert la Opera Na\u0163ional\u0103 din Bucure\u015fti"},"content":{"rendered":"<div class=\"description_articol\">\n<p><strong>Publicul este invitat luni, de la ora 17,00, la Opera Na\u0163ional\u0103 din Bucure\u015fti, la concertul-spectacol de muzic\u0103 de film intitulat &#8220;Pove\u015ftile muzicale ale copil\u0103riei&#8221;, cuprinz\u00e2nd pagini celebre din coloana sonor\u0103 a peliculelor &#8221;Veronica&#8221; \u015fi &#8221;Mama&#8221;.<\/strong><\/p>\n<p>Evenimentul este organizat de Universitatea Na\u0163ional\u0103 de Muzic\u0103 din Bucure\u015fti, \u00een parteneriat cu Uniunea Compozitorilor \u015fi Muzicologilor din Rom\u00e2nia, Opera Na\u0163ional\u0103 Bucure\u015fti, Arhiva Na\u0163ional\u0103 de Filme \u015fi universit\u0103\u0163i de teatru \u015fi film din \u0163ar\u0103.<\/p>\n<p>Continu\u00e2nd proiectul de anul trecut, parteneriatul inter-universitar de anul acesta \u00ee\u015fi propune cercetarea, recuperarea din arhive \u015fi reintroducerea \u00een circuitul concertistic a muzicilor de film rom\u00e2nesc dedicate copiilor \u015fi care au fost compuse \u00eenainte de 1990, se arat\u0103 \u00eentr-un comunicat transmis AGERPRES.<\/p>\n<p>&#8221;Orchestra Operei Na\u0163ionale Bucure\u015fti, sub bagheta maestrului Daniel Jinga, \u015fi Corul de copii Symbol &#8211; Jean Lupu al Patriarhiei Rom\u00e2ne, condus de Lumini\u0163a Gu\u0163anu (c\u0103reia \u00eei apar\u0163ine ideea \u015fi conceptul acestui concert), vor readuce la lumin\u0103 pagini sonore de referin\u0163\u0103 care au asigurat succesul celor dou\u0103 filme pentru copii, etalon \u00een cinematografia rom\u00e2neasc\u0103 a secolului XX: &#8216;Veronica&#8217; \u015fi &#8216;Mama&#8217;. Aranjorii \u015fi orchestratorii acestor remarcabile pagini muzicale sunt distin\u015fi membri ai UCMR, Ioan Dobrinescu \u015fi Eugen Dan Dr\u0103goi, iar regizorul spectacolului este Alexandru Nagy&#8221;, informeaz\u0103 sursa citat\u0103.<\/p>\n<p>Accesul publicului se va realiza pe baz\u0103 de invita\u0163ii care se pot ob\u0163ine prin \u00eenscrieri prin email la adresa ucmr.office@gmail.com sau prin telefon la num\u0103rul 021 317 79 66, secretariatul Uniunii Compozitorilor \u015fi Muzicologilor din Rom\u00e2nia, \u00eentre orele 10,00 \u015fi 15,00. De asemenea, invita\u0163iile pot fi ridicate \u015fi de la rectoratul UNMB. AGERPRES\/(AS &#8211; autor: Georgiana T\u0103n\u0103sescu, editor: George Onea, editor online: Ada V\u00eelceanu)<\/p>\n<p>Sursa:https:\/\/www.agerpres.ro\/cultura\/2024\/12\/16\/pagini-celebre-din-muzica-filmelor-veronica-si-mama-in-concert-la-opera-nationala-din-bucuresti&#8211;1403648<\/p>\n<\/div>","protected":false},"excerpt":{"rendered":"<p>Publicul este invitat luni, de la ora 17,00, la Opera Na\u0163ional\u0103 din Bucure\u015fti, la concertul-spectacol de muzic\u0103 de film intitulat &#8220;Pove\u015ftile muzicale ale copil\u0103riei&#8221;, cuprinz\u00e2nd pagini celebre din coloana sonor\u0103 a peliculelor &#8221;Veronica&#8221; \u015fi &#8221;Mama&#8221;. Evenimentul este organizat de Universitatea Na\u0163ional\u0103 de Muzic\u0103 din Bucure\u015fti, \u00een parteneriat cu Uniunea Compozitorilor \u015fi Muzicologilor din Rom\u00e2nia, Opera&#8230;<\/p>","protected":false},"author":4,"featured_media":1645,"comment_status":"open","ping_status":"open","sticky":false,"template":"","format":"standard","meta":{"footnotes":""},"categories":[1],"tags":[],"class_list":["post-1641","post","type-post","status-publish","format-standard","has-post-thumbnail","hentry","category-uncategorized"],"yoast_head":"<!-- This site is optimized with the Yoast SEO plugin v26.1.1 - https:\/\/yoast.com\/wordpress\/plugins\/seo\/ -->\n<title>Pagini celebre din muzica filmelor &#039;&#039;Veronica&#039;&#039; \u015fi &#039;&#039;Mama&#039;&#039; - \u00een concert la Opera Na\u0163ional\u0103 din Bucure\u015fti - Carpathia Center Romania<\/title>\n<meta name=\"robots\" content=\"index, follow, max-snippet:-1, max-image-preview:large, max-video-preview:-1\" \/>\n<link rel=\"canonical\" href=\"https:\/\/carpathiacenter.ro\/en\/pagini-celebre-din-muzica-filmelor-veronica-si-mama-in-concert-la-opera-nationala-din-bucuresti\/\" \/>\n<meta property=\"og:locale\" content=\"en_GB\" \/>\n<meta property=\"og:type\" content=\"article\" \/>\n<meta property=\"og:title\" content=\"Pagini celebre din muzica filmelor &#039;&#039;Veronica&#039;&#039; \u015fi &#039;&#039;Mama&#039;&#039; - \u00een concert la Opera Na\u0163ional\u0103 din Bucure\u015fti - Carpathia Center Romania\" \/>\n<meta property=\"og:description\" content=\"Publicul este invitat luni, de la ora 17,00, la Opera Na\u0163ional\u0103 din Bucure\u015fti, la concertul-spectacol de muzic\u0103 de film intitulat &#8220;Pove\u015ftile muzicale ale copil\u0103riei&#8221;, cuprinz\u00e2nd pagini celebre din coloana sonor\u0103 a peliculelor &#8221;Veronica&#8221; \u015fi &#8221;Mama&#8221;. Evenimentul este organizat de Universitatea Na\u0163ional\u0103 de Muzic\u0103 din Bucure\u015fti, \u00een parteneriat cu Uniunea Compozitorilor \u015fi Muzicologilor din Rom\u00e2nia, Opera...\" \/>\n<meta property=\"og:url\" content=\"https:\/\/carpathiacenter.ro\/en\/pagini-celebre-din-muzica-filmelor-veronica-si-mama-in-concert-la-opera-nationala-din-bucuresti\/\" \/>\n<meta property=\"og:site_name\" content=\"Carpathia Center Romania\" \/>\n<meta property=\"article:publisher\" content=\"https:\/\/www.facebook.com\/fdpscarpathia\/\" \/>\n<meta property=\"article:published_time\" content=\"2024-12-16T14:05:56+00:00\" \/>\n<meta property=\"og:image\" content=\"https:\/\/carpathiacenter.ro\/wp-content\/uploads\/2024\/12\/img.jpg\" \/>\n\t<meta property=\"og:image:width\" content=\"960\" \/>\n\t<meta property=\"og:image:height\" content=\"540\" \/>\n\t<meta property=\"og:image:type\" content=\"image\/jpeg\" \/>\n<meta name=\"author\" content=\"creativebitsolutions\" \/>\n<meta name=\"twitter:card\" content=\"summary_large_image\" \/>\n<meta name=\"twitter:label1\" content=\"Written by\" \/>\n\t<meta name=\"twitter:data1\" content=\"creativebitsolutions\" \/>\n\t<meta name=\"twitter:label2\" content=\"Estimated reading time\" \/>\n\t<meta name=\"twitter:data2\" content=\"1 minute\" \/>\n<script type=\"application\/ld+json\" class=\"yoast-schema-graph\">{\"@context\":\"https:\/\/schema.org\",\"@graph\":[{\"@type\":\"Article\",\"@id\":\"https:\/\/carpathiacenter.ro\/pagini-celebre-din-muzica-filmelor-veronica-si-mama-in-concert-la-opera-nationala-din-bucuresti\/#article\",\"isPartOf\":{\"@id\":\"https:\/\/carpathiacenter.ro\/pagini-celebre-din-muzica-filmelor-veronica-si-mama-in-concert-la-opera-nationala-din-bucuresti\/\"},\"author\":{\"name\":\"creativebitsolutions\",\"@id\":\"https:\/\/carpathiacenter.ro\/#\/schema\/person\/03d9f58202fee8379268f34afa195006\"},\"headline\":\"Pagini celebre din muzica filmelor &#8221;Veronica&#8221; \u015fi &#8221;Mama&#8221; &#8211; \u00een concert la Opera Na\u0163ional\u0103 din Bucure\u015fti\",\"datePublished\":\"2024-12-16T14:05:56+00:00\",\"mainEntityOfPage\":{\"@id\":\"https:\/\/carpathiacenter.ro\/pagini-celebre-din-muzica-filmelor-veronica-si-mama-in-concert-la-opera-nationala-din-bucuresti\/\"},\"wordCount\":314,\"commentCount\":0,\"publisher\":{\"@id\":\"https:\/\/carpathiacenter.ro\/#organization\"},\"image\":{\"@id\":\"https:\/\/carpathiacenter.ro\/pagini-celebre-din-muzica-filmelor-veronica-si-mama-in-concert-la-opera-nationala-din-bucuresti\/#primaryimage\"},\"thumbnailUrl\":\"https:\/\/carpathiacenter.ro\/wp-content\/uploads\/2024\/12\/img.jpg\",\"articleSection\":[\"Uncategorized\"],\"inLanguage\":\"en-GB\",\"potentialAction\":[{\"@type\":\"CommentAction\",\"name\":\"Comment\",\"target\":[\"https:\/\/carpathiacenter.ro\/pagini-celebre-din-muzica-filmelor-veronica-si-mama-in-concert-la-opera-nationala-din-bucuresti\/#respond\"]}]},{\"@type\":\"WebPage\",\"@id\":\"https:\/\/carpathiacenter.ro\/pagini-celebre-din-muzica-filmelor-veronica-si-mama-in-concert-la-opera-nationala-din-bucuresti\/\",\"url\":\"https:\/\/carpathiacenter.ro\/pagini-celebre-din-muzica-filmelor-veronica-si-mama-in-concert-la-opera-nationala-din-bucuresti\/\",\"name\":\"Pagini celebre din muzica filmelor ''Veronica'' \u015fi ''Mama'' - \u00een concert la Opera Na\u0163ional\u0103 din Bucure\u015fti - Carpathia Center Romania\",\"isPartOf\":{\"@id\":\"https:\/\/carpathiacenter.ro\/#website\"},\"primaryImageOfPage\":{\"@id\":\"https:\/\/carpathiacenter.ro\/pagini-celebre-din-muzica-filmelor-veronica-si-mama-in-concert-la-opera-nationala-din-bucuresti\/#primaryimage\"},\"image\":{\"@id\":\"https:\/\/carpathiacenter.ro\/pagini-celebre-din-muzica-filmelor-veronica-si-mama-in-concert-la-opera-nationala-din-bucuresti\/#primaryimage\"},\"thumbnailUrl\":\"https:\/\/carpathiacenter.ro\/wp-content\/uploads\/2024\/12\/img.jpg\",\"datePublished\":\"2024-12-16T14:05:56+00:00\",\"breadcrumb\":{\"@id\":\"https:\/\/carpathiacenter.ro\/pagini-celebre-din-muzica-filmelor-veronica-si-mama-in-concert-la-opera-nationala-din-bucuresti\/#breadcrumb\"},\"inLanguage\":\"en-GB\",\"potentialAction\":[{\"@type\":\"ReadAction\",\"target\":[\"https:\/\/carpathiacenter.ro\/pagini-celebre-din-muzica-filmelor-veronica-si-mama-in-concert-la-opera-nationala-din-bucuresti\/\"]}]},{\"@type\":\"ImageObject\",\"inLanguage\":\"en-GB\",\"@id\":\"https:\/\/carpathiacenter.ro\/pagini-celebre-din-muzica-filmelor-veronica-si-mama-in-concert-la-opera-nationala-din-bucuresti\/#primaryimage\",\"url\":\"https:\/\/carpathiacenter.ro\/wp-content\/uploads\/2024\/12\/img.jpg\",\"contentUrl\":\"https:\/\/carpathiacenter.ro\/wp-content\/uploads\/2024\/12\/img.jpg\",\"width\":960,\"height\":540},{\"@type\":\"BreadcrumbList\",\"@id\":\"https:\/\/carpathiacenter.ro\/pagini-celebre-din-muzica-filmelor-veronica-si-mama-in-concert-la-opera-nationala-din-bucuresti\/#breadcrumb\",\"itemListElement\":[{\"@type\":\"ListItem\",\"position\":1,\"name\":\"Prima pagin\u0103\",\"item\":\"https:\/\/carpathiacenter.ro\/\"},{\"@type\":\"ListItem\",\"position\":2,\"name\":\"Pagini celebre din muzica filmelor &#8221;Veronica&#8221; \u015fi &#8221;Mama&#8221; &#8211; \u00een concert la Opera Na\u0163ional\u0103 din Bucure\u015fti\"}]},{\"@type\":\"WebSite\",\"@id\":\"https:\/\/carpathiacenter.ro\/#website\",\"url\":\"https:\/\/carpathiacenter.ro\/\",\"name\":\"Carpathia Center Romania\",\"description\":\"Impossible made possible!\",\"publisher\":{\"@id\":\"https:\/\/carpathiacenter.ro\/#organization\"},\"potentialAction\":[{\"@type\":\"SearchAction\",\"target\":{\"@type\":\"EntryPoint\",\"urlTemplate\":\"https:\/\/carpathiacenter.ro\/?s={search_term_string}\"},\"query-input\":{\"@type\":\"PropertyValueSpecification\",\"valueRequired\":true,\"valueName\":\"search_term_string\"}}],\"inLanguage\":\"en-GB\"},{\"@type\":\"Organization\",\"@id\":\"https:\/\/carpathiacenter.ro\/#organization\",\"name\":\"Carpathia Center Romania\",\"url\":\"https:\/\/carpathiacenter.ro\/\",\"logo\":{\"@type\":\"ImageObject\",\"inLanguage\":\"en-GB\",\"@id\":\"https:\/\/carpathiacenter.ro\/#\/schema\/logo\/image\/\",\"url\":\"https:\/\/carpathiacenter.ro\/wp-content\/uploads\/2024\/07\/logo-carpathia_bg_white-1024x941.png\",\"contentUrl\":\"https:\/\/carpathiacenter.ro\/wp-content\/uploads\/2024\/07\/logo-carpathia_bg_white-1024x941.png\",\"width\":1024,\"height\":941,\"caption\":\"Carpathia Center Romania\"},\"image\":{\"@id\":\"https:\/\/carpathiacenter.ro\/#\/schema\/logo\/image\/\"},\"sameAs\":[\"https:\/\/www.facebook.com\/fdpscarpathia\/\"]},{\"@type\":\"Person\",\"@id\":\"https:\/\/carpathiacenter.ro\/#\/schema\/person\/03d9f58202fee8379268f34afa195006\",\"name\":\"creativebitsolutions\",\"image\":{\"@type\":\"ImageObject\",\"inLanguage\":\"en-GB\",\"@id\":\"https:\/\/carpathiacenter.ro\/#\/schema\/person\/image\/\",\"url\":\"https:\/\/secure.gravatar.com\/avatar\/1b1a13e37f847c635dab78348f1dff2f07651ee2a3d77a5c355a4b8c75f9165a?s=96&d=mm&r=g\",\"contentUrl\":\"https:\/\/secure.gravatar.com\/avatar\/1b1a13e37f847c635dab78348f1dff2f07651ee2a3d77a5c355a4b8c75f9165a?s=96&d=mm&r=g\",\"caption\":\"creativebitsolutions\"},\"url\":\"https:\/\/carpathiacenter.ro\/en\/author\/creativebitsolutions\/\"}]}<\/script>\n<!-- \/ Yoast SEO plugin. -->","yoast_head_json":{"title":"Pagini celebre din muzica filmelor ''Veronica'' \u015fi ''Mama'' - \u00een concert la Opera Na\u0163ional\u0103 din Bucure\u015fti - Carpathia Center Romania","robots":{"index":"index","follow":"follow","max-snippet":"max-snippet:-1","max-image-preview":"max-image-preview:large","max-video-preview":"max-video-preview:-1"},"canonical":"https:\/\/carpathiacenter.ro\/en\/pagini-celebre-din-muzica-filmelor-veronica-si-mama-in-concert-la-opera-nationala-din-bucuresti\/","og_locale":"en_GB","og_type":"article","og_title":"Pagini celebre din muzica filmelor ''Veronica'' \u015fi ''Mama'' - \u00een concert la Opera Na\u0163ional\u0103 din Bucure\u015fti - Carpathia Center Romania","og_description":"Publicul este invitat luni, de la ora 17,00, la Opera Na\u0163ional\u0103 din Bucure\u015fti, la concertul-spectacol de muzic\u0103 de film intitulat &#8220;Pove\u015ftile muzicale ale copil\u0103riei&#8221;, cuprinz\u00e2nd pagini celebre din coloana sonor\u0103 a peliculelor &#8221;Veronica&#8221; \u015fi &#8221;Mama&#8221;. Evenimentul este organizat de Universitatea Na\u0163ional\u0103 de Muzic\u0103 din Bucure\u015fti, \u00een parteneriat cu Uniunea Compozitorilor \u015fi Muzicologilor din Rom\u00e2nia, Opera...","og_url":"https:\/\/carpathiacenter.ro\/en\/pagini-celebre-din-muzica-filmelor-veronica-si-mama-in-concert-la-opera-nationala-din-bucuresti\/","og_site_name":"Carpathia Center Romania","article_publisher":"https:\/\/www.facebook.com\/fdpscarpathia\/","article_published_time":"2024-12-16T14:05:56+00:00","og_image":[{"width":960,"height":540,"url":"https:\/\/carpathiacenter.ro\/wp-content\/uploads\/2024\/12\/img.jpg","type":"image\/jpeg"}],"author":"creativebitsolutions","twitter_card":"summary_large_image","twitter_misc":{"Written by":"creativebitsolutions","Estimated reading time":"1 minute"},"schema":{"@context":"https:\/\/schema.org","@graph":[{"@type":"Article","@id":"https:\/\/carpathiacenter.ro\/pagini-celebre-din-muzica-filmelor-veronica-si-mama-in-concert-la-opera-nationala-din-bucuresti\/#article","isPartOf":{"@id":"https:\/\/carpathiacenter.ro\/pagini-celebre-din-muzica-filmelor-veronica-si-mama-in-concert-la-opera-nationala-din-bucuresti\/"},"author":{"name":"creativebitsolutions","@id":"https:\/\/carpathiacenter.ro\/#\/schema\/person\/03d9f58202fee8379268f34afa195006"},"headline":"Pagini celebre din muzica filmelor &#8221;Veronica&#8221; \u015fi &#8221;Mama&#8221; &#8211; \u00een concert la Opera Na\u0163ional\u0103 din Bucure\u015fti","datePublished":"2024-12-16T14:05:56+00:00","mainEntityOfPage":{"@id":"https:\/\/carpathiacenter.ro\/pagini-celebre-din-muzica-filmelor-veronica-si-mama-in-concert-la-opera-nationala-din-bucuresti\/"},"wordCount":314,"commentCount":0,"publisher":{"@id":"https:\/\/carpathiacenter.ro\/#organization"},"image":{"@id":"https:\/\/carpathiacenter.ro\/pagini-celebre-din-muzica-filmelor-veronica-si-mama-in-concert-la-opera-nationala-din-bucuresti\/#primaryimage"},"thumbnailUrl":"https:\/\/carpathiacenter.ro\/wp-content\/uploads\/2024\/12\/img.jpg","articleSection":["Uncategorized"],"inLanguage":"en-GB","potentialAction":[{"@type":"CommentAction","name":"Comment","target":["https:\/\/carpathiacenter.ro\/pagini-celebre-din-muzica-filmelor-veronica-si-mama-in-concert-la-opera-nationala-din-bucuresti\/#respond"]}]},{"@type":"WebPage","@id":"https:\/\/carpathiacenter.ro\/pagini-celebre-din-muzica-filmelor-veronica-si-mama-in-concert-la-opera-nationala-din-bucuresti\/","url":"https:\/\/carpathiacenter.ro\/pagini-celebre-din-muzica-filmelor-veronica-si-mama-in-concert-la-opera-nationala-din-bucuresti\/","name":"Pagini celebre din muzica filmelor ''Veronica'' \u015fi ''Mama'' - \u00een concert la Opera Na\u0163ional\u0103 din Bucure\u015fti - Carpathia Center Romania","isPartOf":{"@id":"https:\/\/carpathiacenter.ro\/#website"},"primaryImageOfPage":{"@id":"https:\/\/carpathiacenter.ro\/pagini-celebre-din-muzica-filmelor-veronica-si-mama-in-concert-la-opera-nationala-din-bucuresti\/#primaryimage"},"image":{"@id":"https:\/\/carpathiacenter.ro\/pagini-celebre-din-muzica-filmelor-veronica-si-mama-in-concert-la-opera-nationala-din-bucuresti\/#primaryimage"},"thumbnailUrl":"https:\/\/carpathiacenter.ro\/wp-content\/uploads\/2024\/12\/img.jpg","datePublished":"2024-12-16T14:05:56+00:00","breadcrumb":{"@id":"https:\/\/carpathiacenter.ro\/pagini-celebre-din-muzica-filmelor-veronica-si-mama-in-concert-la-opera-nationala-din-bucuresti\/#breadcrumb"},"inLanguage":"en-GB","potentialAction":[{"@type":"ReadAction","target":["https:\/\/carpathiacenter.ro\/pagini-celebre-din-muzica-filmelor-veronica-si-mama-in-concert-la-opera-nationala-din-bucuresti\/"]}]},{"@type":"ImageObject","inLanguage":"en-GB","@id":"https:\/\/carpathiacenter.ro\/pagini-celebre-din-muzica-filmelor-veronica-si-mama-in-concert-la-opera-nationala-din-bucuresti\/#primaryimage","url":"https:\/\/carpathiacenter.ro\/wp-content\/uploads\/2024\/12\/img.jpg","contentUrl":"https:\/\/carpathiacenter.ro\/wp-content\/uploads\/2024\/12\/img.jpg","width":960,"height":540},{"@type":"BreadcrumbList","@id":"https:\/\/carpathiacenter.ro\/pagini-celebre-din-muzica-filmelor-veronica-si-mama-in-concert-la-opera-nationala-din-bucuresti\/#breadcrumb","itemListElement":[{"@type":"ListItem","position":1,"name":"Prima pagin\u0103","item":"https:\/\/carpathiacenter.ro\/"},{"@type":"ListItem","position":2,"name":"Pagini celebre din muzica filmelor &#8221;Veronica&#8221; \u015fi &#8221;Mama&#8221; &#8211; \u00een concert la Opera Na\u0163ional\u0103 din Bucure\u015fti"}]},{"@type":"WebSite","@id":"https:\/\/carpathiacenter.ro\/#website","url":"https:\/\/carpathiacenter.ro\/","name":"Carpathia Center Romania","description":"Impossible made possible!","publisher":{"@id":"https:\/\/carpathiacenter.ro\/#organization"},"potentialAction":[{"@type":"SearchAction","target":{"@type":"EntryPoint","urlTemplate":"https:\/\/carpathiacenter.ro\/?s={search_term_string}"},"query-input":{"@type":"PropertyValueSpecification","valueRequired":true,"valueName":"search_term_string"}}],"inLanguage":"en-GB"},{"@type":"Organization","@id":"https:\/\/carpathiacenter.ro\/#organization","name":"Carpathia Center Romania","url":"https:\/\/carpathiacenter.ro\/","logo":{"@type":"ImageObject","inLanguage":"en-GB","@id":"https:\/\/carpathiacenter.ro\/#\/schema\/logo\/image\/","url":"https:\/\/carpathiacenter.ro\/wp-content\/uploads\/2024\/07\/logo-carpathia_bg_white-1024x941.png","contentUrl":"https:\/\/carpathiacenter.ro\/wp-content\/uploads\/2024\/07\/logo-carpathia_bg_white-1024x941.png","width":1024,"height":941,"caption":"Carpathia Center Romania"},"image":{"@id":"https:\/\/carpathiacenter.ro\/#\/schema\/logo\/image\/"},"sameAs":["https:\/\/www.facebook.com\/fdpscarpathia\/"]},{"@type":"Person","@id":"https:\/\/carpathiacenter.ro\/#\/schema\/person\/03d9f58202fee8379268f34afa195006","name":"creativebitsolutions","image":{"@type":"ImageObject","inLanguage":"en-GB","@id":"https:\/\/carpathiacenter.ro\/#\/schema\/person\/image\/","url":"https:\/\/secure.gravatar.com\/avatar\/1b1a13e37f847c635dab78348f1dff2f07651ee2a3d77a5c355a4b8c75f9165a?s=96&d=mm&r=g","contentUrl":"https:\/\/secure.gravatar.com\/avatar\/1b1a13e37f847c635dab78348f1dff2f07651ee2a3d77a5c355a4b8c75f9165a?s=96&d=mm&r=g","caption":"creativebitsolutions"},"url":"https:\/\/carpathiacenter.ro\/en\/author\/creativebitsolutions\/"}]}},"_links":{"self":[{"href":"https:\/\/carpathiacenter.ro\/en\/wp-json\/wp\/v2\/posts\/1641","targetHints":{"allow":["GET"]}}],"collection":[{"href":"https:\/\/carpathiacenter.ro\/en\/wp-json\/wp\/v2\/posts"}],"about":[{"href":"https:\/\/carpathiacenter.ro\/en\/wp-json\/wp\/v2\/types\/post"}],"author":[{"embeddable":true,"href":"https:\/\/carpathiacenter.ro\/en\/wp-json\/wp\/v2\/users\/4"}],"replies":[{"embeddable":true,"href":"https:\/\/carpathiacenter.ro\/en\/wp-json\/wp\/v2\/comments?post=1641"}],"version-history":[{"count":1,"href":"https:\/\/carpathiacenter.ro\/en\/wp-json\/wp\/v2\/posts\/1641\/revisions"}],"predecessor-version":[{"id":1646,"href":"https:\/\/carpathiacenter.ro\/en\/wp-json\/wp\/v2\/posts\/1641\/revisions\/1646"}],"wp:featuredmedia":[{"embeddable":true,"href":"https:\/\/carpathiacenter.ro\/en\/wp-json\/wp\/v2\/media\/1645"}],"wp:attachment":[{"href":"https:\/\/carpathiacenter.ro\/en\/wp-json\/wp\/v2\/media?parent=1641"}],"wp:term":[{"taxonomy":"category","embeddable":true,"href":"https:\/\/carpathiacenter.ro\/en\/wp-json\/wp\/v2\/categories?post=1641"},{"taxonomy":"post_tag","embeddable":true,"href":"https:\/\/carpathiacenter.ro\/en\/wp-json\/wp\/v2\/tags?post=1641"}],"curies":[{"name":"wp","href":"https:\/\/api.w.org\/{rel}","templated":true}]}}