{"id":1640,"date":"2024-12-16T14:04:52","date_gmt":"2024-12-16T14:04:52","guid":{"rendered":"https:\/\/carpathiacenter.ro\/?p=1640"},"modified":"2024-12-16T14:04:52","modified_gmt":"2024-12-16T14:04:52","slug":"mapn-apararea-si-securitatea-romaniei-nu-sunt-amenintate-de-aliati-si-parteneri-au-aparut-noi-dezinformari","status":"publish","type":"post","link":"https:\/\/carpathiacenter.ro\/en\/mapn-apararea-si-securitatea-romaniei-nu-sunt-amenintate-de-aliati-si-parteneri-au-aparut-noi-dezinformari\/","title":{"rendered":"MApN: Ap\u0103rarea \u015fi securitatea Rom\u00e2niei nu sunt amenin\u0163ate de alia\u0163i \u015fi parteneri; au ap\u0103rut noi dezinform\u0103ri"},"content":{"rendered":"<div class=\"description_articol\">\n<p><strong>Ministerul Ap\u0103r\u0103rii Na\u0163ionale semnaleaz\u0103 c\u0103 au ap\u0103rut noi dezinform\u0103ri cu privire la ap\u0103rarea spa\u0163iului aerian al Rom\u00e2niei \u015fi precizeaz\u0103 c\u0103 &#8220;este c\u00e2t se poate de evident&#8221; c\u0103 ap\u0103rarea \u015fi securitatea Rom\u00e2niei nu sunt amenin\u0163ate de alia\u0163i \u015fi parteneri.<\/strong><\/p>\n<p>&#8220;Ministerul Ap\u0103r\u0103rii Na\u0163ionale reitereaz\u0103 faptul c\u0103, \u00een ultima vreme, s-au \u00eenmul\u0163it ac\u0163iunile de dezinformare \u015fi manipulare r\u0103sp\u00e2ndite \u00een spa\u0163iul public rom\u00e2nesc, prin care se \u00eencearc\u0103 discreditarea ac\u0163iunilor de \u00eent\u0103rire a capacit\u0103\u0163ii de ap\u0103rare \u015fi de reac\u0163ie \u00een fa\u0163a oric\u0103ror forme de agresiune luate la nivel na\u0163ional ori \u00eempreun\u0103 cu alia\u0163ii din NATO. Este c\u00e2t se poate de evident c\u0103 ap\u0103rarea \u015fi securitatea Rom\u00e2niei nu sunt amenin\u0163ate de Alia\u0163i \u015fi parteneri. Suveranitatea na\u0163ional\u0103 nu este o fraz\u0103 sau un concept speculativ, ci un complex de principii \u015fi ac\u0163iuni pe care statul rom\u00e2n le exercit\u0103 \u00een mod suveran, at\u00e2t prin ac\u0163iuni na\u0163ionale, c\u00e2t \u015fi \u00een cadrul Alian\u0163ei Nord-Atlantice, cea mai puternic\u0103 institu\u0163ie politico-militar\u0103 cu caracter defensiv din istorie&#8221;, se arat\u0103 \u00eentr-un comunicat de pres\u0103 al MApN, <a href=\"https:\/\/www.facebook.com\/mapn.ro\/posts\/pfbid02RVeNXgGSY7cVtMm4ssHrvUVmAan2hkdHKWiF14k5DQNtHBv9uQC3DPfKHqzaGJCdl\" target=\"_blank\" rel=\"noopener\">publicat<\/a> duminic\u0103 pe Inforadar.<\/p>\n<p>&nbsp;<\/p>\n<p><iframe style=\"border: none; overflow: hidden;\" src=\"https:\/\/www.facebook.com\/plugins\/post.php?href=https%3A%2F%2Fwww.facebook.com%2Fmapn.ro%2Fposts%2Fpfbid02RVeNXgGSY7cVtMm4ssHrvUVmAan2hkdHKWiF14k5DQNtHBv9uQC3DPfKHqzaGJCdl&amp;show_text=true&amp;width=500\" width=\"500\" height=\"596\" frameborder=\"0\" scrolling=\"no\" allowfullscreen=\"allowfullscreen\"><\/iframe><\/p>\n<p>Potrivit sursei citate, niciodat\u0103 Rom\u00e2nia nu a avut garan\u0163ii mai puternice pentru suveranitate \u015fi securitatea na\u0163ional\u0103, la nivelul asigurat de statutul de membru NATO, de care ne bucur\u0103m de 20 de ani. NATO opereaz\u0103 ca un instrument de amplificare \u015fi protejare a suveranit\u0103\u0163ii fiec\u0103ruia dintre membrii s\u0103i, nu doar \u00een domeniul ap\u0103r\u0103rii \u015fi securit\u0103\u0163ii, ci \u00een toate dimensiunile, subliniaz\u0103 MApN.<\/p>\n<p>&#8220;Pe acest fond, revenim cu preciz\u0103ri suplimentare \u00een leg\u0103tur\u0103 cu proiectele legislative ini\u0163iate de Ministerul Ap\u0103r\u0103rii Na\u0163ionale, Legea privind controlul utiliz\u0103rii spa\u0163iului aerian na\u0163ional, respectiv Legea privind desf\u0103\u015furarea pe timp de pace a misiunilor \u015fi opera\u0163iilor militare pe teritoriul statului rom\u00e2n, a c\u0103ror transmitere c\u0103tre Parlamentul Rom\u00e2niei a fost aprobat\u0103 de Guvern \u00een \u015fedin\u0163a din 12 decembrie. \u00cen plus fa\u0163\u0103 de dezinform\u0103rile detectate \u00een spa\u0163iul public \u015fi semnalate \u00een postarea realizat\u0103 \u00een 13 decembrie, atragem aten\u0163ia asupra unei noi \u00eencerc\u0103ri de manipulare r\u0103sp\u00e2ndit\u0103 \u00een platformele digitale \u015fi de unele publica\u0163ii on-line, prin care se acrediteaz\u0103 ideea fals\u0103 c\u0103 prevederile articolului 7 al proiectului Legii privind controlul utiliz\u0103rii spa\u0163iului aerian na\u0163ional, prin care se reglementeaz\u0103 modul \u00een care, \u00een scopul ap\u0103r\u0103rii colective, spa\u0163iul aerian na\u0163ional este integrat \u00een spa\u0163iul aerian al Organiza\u0163iei Tratatului Atlanticului de Nord, ar \u00eensemna un act de tr\u0103dare a intereselor na\u0163ionale (!). O astfel de interpretare este fals\u0103&#8221;, se arat\u0103 \u00een comunicat.<\/p>\n<p>MApN afirm\u0103 c\u0103 gestionarea \u00een comun a spa\u0163iului aerian al \u0163\u0103rilor NATO reprezint\u0103 un exemplu concret prin care Alian\u0163a Nord-Atlantic\u0103 \u00ee\u015fi \u00eendepline\u015fte \u00een mod eficient principala misiune asumat\u0103 prin Tratatul de la Washington, aceea a ap\u0103r\u0103rii colective \u00eempotriva oric\u0103ror amenin\u0163\u0103ri \u015fi provoc\u0103ri.<\/p>\n<p>&#8220;Spa\u0163iul aerian al \u0163\u0103rilor NATO este gestionat \u00eentr-o form\u0103 integrat\u0103, pentru utilizarea c\u00e2t mai eficient\u0103 a capabilit\u0103\u0163ilor defensive aflate permanent la datorie. Aceste m\u0103suri nu diminueaz\u0103 \u00een niciun fel suveranitatea \u0163\u0103rilor membre asupra propriilor spa\u0163ii aeriene. (&#8230;) R\u0103sp\u00e2ndirea unor informa\u0163ii false pe acest subiect nu are leg\u0103tur\u0103 cu ap\u0103rarea intereselor na\u0163ionale ale Rom\u00e2niei. \u00cencerc\u0103rile de a prezenta m\u0103surile concrete de \u00eent\u0103rire a capacit\u0103\u0163ii de ap\u0103rare a Rom\u00e2niei \u015fi a NATO drept acte de tr\u0103dare na\u0163ional\u0103 se \u00eenscriu \u00een tiparul campaniilor de dezinformare desf\u0103\u015furate \u00een spa\u0163iul public din Rom\u00e2nia, inclusiv de actori statali cu o agend\u0103 contrar\u0103 suveranit\u0103\u0163ii Rom\u00e2niei \u015fi \u00eempotriva NATO, prin care se \u00eencearc\u0103 inducerea unui climat de panic\u0103 \u015fi de sl\u0103bire a \u00eencrederii \u00een capacitatea institu\u0163iilor din sistemul na\u0163ional de securitate de a-\u015fi \u00eendeplini misiunile constitu\u0163ionale. Astfel de dezinform\u0103ri \u015fi manipul\u0103ri, prin care este atacat cel mai puternic instrument de garantare a acestora, constituie \u00eencerc\u0103ri de subminare a suveranit\u0103\u0163ii \u015fi securit\u0103\u0163ii na\u0163ionale&#8221;, precizeaz\u0103 documentul citat. AGERPRES\/(AS &#8211; autor: Dana Piciu, editor: George Onea, editor online: Andreea L\u00e3z\u00e3roiu)<\/p>\n<p>&nbsp;<\/p>\n<p>Sursa foto:\u00a0<a tabindex=\"0\" role=\"link\" href=\"https:\/\/www.facebook.com\/mapn.ro?__tn__=-UC*F\">Ministerul Apararii Nationale, Romania &#8211; www.mapn.ro<\/a>\/Facebook.com<\/p>\n<p>Sursa:https:\/\/www.agerpres.ro\/politica\/2024\/12\/15\/mapn-apararea-si-securitatea-romaniei-nu-sunt-amenintate-de-aliati-si-parteneri-au-aparut-noi-dezinformari&#8211;1403549<\/p>\n<\/div>","protected":false},"excerpt":{"rendered":"<p>Ministerul Ap\u0103r\u0103rii Na\u0163ionale semnaleaz\u0103 c\u0103 au ap\u0103rut noi dezinform\u0103ri cu privire la ap\u0103rarea spa\u0163iului aerian al Rom\u00e2niei \u015fi precizeaz\u0103 c\u0103 &#8220;este c\u00e2t se poate de evident&#8221; c\u0103 ap\u0103rarea \u015fi securitatea Rom\u00e2niei nu sunt amenin\u0163ate de alia\u0163i \u015fi parteneri. &#8220;Ministerul Ap\u0103r\u0103rii Na\u0163ionale reitereaz\u0103 faptul c\u0103, \u00een ultima vreme, s-au \u00eenmul\u0163it ac\u0163iunile de dezinformare \u015fi manipulare r\u0103sp\u00e2ndite&#8230;<\/p>","protected":false},"author":4,"featured_media":1642,"comment_status":"open","ping_status":"open","sticky":false,"template":"","format":"standard","meta":{"footnotes":""},"categories":[1],"tags":[],"class_list":["post-1640","post","type-post","status-publish","format-standard","has-post-thumbnail","hentry","category-uncategorized"],"yoast_head":"<!-- This site is optimized with the Yoast SEO plugin v26.1.1 - https:\/\/yoast.com\/wordpress\/plugins\/seo\/ -->\n<title>MApN: Ap\u0103rarea \u015fi securitatea Rom\u00e2niei nu sunt amenin\u0163ate de alia\u0163i \u015fi parteneri; au ap\u0103rut noi dezinform\u0103ri - Carpathia Center Romania<\/title>\n<meta name=\"robots\" content=\"index, follow, max-snippet:-1, max-image-preview:large, max-video-preview:-1\" \/>\n<link rel=\"canonical\" href=\"https:\/\/carpathiacenter.ro\/en\/mapn-apararea-si-securitatea-romaniei-nu-sunt-amenintate-de-aliati-si-parteneri-au-aparut-noi-dezinformari\/\" \/>\n<meta property=\"og:locale\" content=\"en_GB\" \/>\n<meta property=\"og:type\" content=\"article\" \/>\n<meta property=\"og:title\" content=\"MApN: Ap\u0103rarea \u015fi securitatea Rom\u00e2niei nu sunt amenin\u0163ate de alia\u0163i \u015fi parteneri; au ap\u0103rut noi dezinform\u0103ri - Carpathia Center Romania\" \/>\n<meta property=\"og:description\" content=\"Ministerul Ap\u0103r\u0103rii Na\u0163ionale semnaleaz\u0103 c\u0103 au ap\u0103rut noi dezinform\u0103ri cu privire la ap\u0103rarea spa\u0163iului aerian al Rom\u00e2niei \u015fi precizeaz\u0103 c\u0103 &#8220;este c\u00e2t se poate de evident&#8221; c\u0103 ap\u0103rarea \u015fi securitatea Rom\u00e2niei nu sunt amenin\u0163ate de alia\u0163i \u015fi parteneri. &#8220;Ministerul Ap\u0103r\u0103rii Na\u0163ionale reitereaz\u0103 faptul c\u0103, \u00een ultima vreme, s-au \u00eenmul\u0163it ac\u0163iunile de dezinformare \u015fi manipulare r\u0103sp\u00e2ndite...\" \/>\n<meta property=\"og:url\" content=\"https:\/\/carpathiacenter.ro\/en\/mapn-apararea-si-securitatea-romaniei-nu-sunt-amenintate-de-aliati-si-parteneri-au-aparut-noi-dezinformari\/\" \/>\n<meta property=\"og:site_name\" content=\"Carpathia Center Romania\" \/>\n<meta property=\"article:publisher\" content=\"https:\/\/www.facebook.com\/fdpscarpathia\/\" \/>\n<meta property=\"article:published_time\" content=\"2024-12-16T14:04:52+00:00\" \/>\n<meta property=\"og:image\" content=\"https:\/\/carpathiacenter.ro\/wp-content\/uploads\/2024\/12\/mapn-1734257979.jpg\" \/>\n\t<meta property=\"og:image:width\" content=\"1200\" \/>\n\t<meta property=\"og:image:height\" content=\"700\" \/>\n\t<meta property=\"og:image:type\" content=\"image\/jpeg\" \/>\n<meta name=\"author\" content=\"creativebitsolutions\" \/>\n<meta name=\"twitter:card\" content=\"summary_large_image\" \/>\n<meta name=\"twitter:label1\" content=\"Written by\" \/>\n\t<meta name=\"twitter:data1\" content=\"creativebitsolutions\" \/>\n\t<meta name=\"twitter:label2\" content=\"Estimated reading time\" \/>\n\t<meta name=\"twitter:data2\" content=\"4 minutes\" \/>\n<script type=\"application\/ld+json\" class=\"yoast-schema-graph\">{\"@context\":\"https:\/\/schema.org\",\"@graph\":[{\"@type\":\"Article\",\"@id\":\"https:\/\/carpathiacenter.ro\/mapn-apararea-si-securitatea-romaniei-nu-sunt-amenintate-de-aliati-si-parteneri-au-aparut-noi-dezinformari\/#article\",\"isPartOf\":{\"@id\":\"https:\/\/carpathiacenter.ro\/mapn-apararea-si-securitatea-romaniei-nu-sunt-amenintate-de-aliati-si-parteneri-au-aparut-noi-dezinformari\/\"},\"author\":{\"name\":\"creativebitsolutions\",\"@id\":\"https:\/\/carpathiacenter.ro\/#\/schema\/person\/03d9f58202fee8379268f34afa195006\"},\"headline\":\"MApN: Ap\u0103rarea \u015fi securitatea Rom\u00e2niei nu sunt amenin\u0163ate de alia\u0163i \u015fi parteneri; au ap\u0103rut noi dezinform\u0103ri\",\"datePublished\":\"2024-12-16T14:04:52+00:00\",\"mainEntityOfPage\":{\"@id\":\"https:\/\/carpathiacenter.ro\/mapn-apararea-si-securitatea-romaniei-nu-sunt-amenintate-de-aliati-si-parteneri-au-aparut-noi-dezinformari\/\"},\"wordCount\":765,\"commentCount\":0,\"publisher\":{\"@id\":\"https:\/\/carpathiacenter.ro\/#organization\"},\"image\":{\"@id\":\"https:\/\/carpathiacenter.ro\/mapn-apararea-si-securitatea-romaniei-nu-sunt-amenintate-de-aliati-si-parteneri-au-aparut-noi-dezinformari\/#primaryimage\"},\"thumbnailUrl\":\"https:\/\/carpathiacenter.ro\/wp-content\/uploads\/2024\/12\/mapn-1734257979.jpg\",\"articleSection\":[\"Uncategorized\"],\"inLanguage\":\"en-GB\",\"potentialAction\":[{\"@type\":\"CommentAction\",\"name\":\"Comment\",\"target\":[\"https:\/\/carpathiacenter.ro\/mapn-apararea-si-securitatea-romaniei-nu-sunt-amenintate-de-aliati-si-parteneri-au-aparut-noi-dezinformari\/#respond\"]}]},{\"@type\":\"WebPage\",\"@id\":\"https:\/\/carpathiacenter.ro\/mapn-apararea-si-securitatea-romaniei-nu-sunt-amenintate-de-aliati-si-parteneri-au-aparut-noi-dezinformari\/\",\"url\":\"https:\/\/carpathiacenter.ro\/mapn-apararea-si-securitatea-romaniei-nu-sunt-amenintate-de-aliati-si-parteneri-au-aparut-noi-dezinformari\/\",\"name\":\"MApN: Ap\u0103rarea \u015fi securitatea Rom\u00e2niei nu sunt amenin\u0163ate de alia\u0163i \u015fi parteneri; au ap\u0103rut noi dezinform\u0103ri - Carpathia Center Romania\",\"isPartOf\":{\"@id\":\"https:\/\/carpathiacenter.ro\/#website\"},\"primaryImageOfPage\":{\"@id\":\"https:\/\/carpathiacenter.ro\/mapn-apararea-si-securitatea-romaniei-nu-sunt-amenintate-de-aliati-si-parteneri-au-aparut-noi-dezinformari\/#primaryimage\"},\"image\":{\"@id\":\"https:\/\/carpathiacenter.ro\/mapn-apararea-si-securitatea-romaniei-nu-sunt-amenintate-de-aliati-si-parteneri-au-aparut-noi-dezinformari\/#primaryimage\"},\"thumbnailUrl\":\"https:\/\/carpathiacenter.ro\/wp-content\/uploads\/2024\/12\/mapn-1734257979.jpg\",\"datePublished\":\"2024-12-16T14:04:52+00:00\",\"breadcrumb\":{\"@id\":\"https:\/\/carpathiacenter.ro\/mapn-apararea-si-securitatea-romaniei-nu-sunt-amenintate-de-aliati-si-parteneri-au-aparut-noi-dezinformari\/#breadcrumb\"},\"inLanguage\":\"en-GB\",\"potentialAction\":[{\"@type\":\"ReadAction\",\"target\":[\"https:\/\/carpathiacenter.ro\/mapn-apararea-si-securitatea-romaniei-nu-sunt-amenintate-de-aliati-si-parteneri-au-aparut-noi-dezinformari\/\"]}]},{\"@type\":\"ImageObject\",\"inLanguage\":\"en-GB\",\"@id\":\"https:\/\/carpathiacenter.ro\/mapn-apararea-si-securitatea-romaniei-nu-sunt-amenintate-de-aliati-si-parteneri-au-aparut-noi-dezinformari\/#primaryimage\",\"url\":\"https:\/\/carpathiacenter.ro\/wp-content\/uploads\/2024\/12\/mapn-1734257979.jpg\",\"contentUrl\":\"https:\/\/carpathiacenter.ro\/wp-content\/uploads\/2024\/12\/mapn-1734257979.jpg\",\"width\":1200,\"height\":700},{\"@type\":\"BreadcrumbList\",\"@id\":\"https:\/\/carpathiacenter.ro\/mapn-apararea-si-securitatea-romaniei-nu-sunt-amenintate-de-aliati-si-parteneri-au-aparut-noi-dezinformari\/#breadcrumb\",\"itemListElement\":[{\"@type\":\"ListItem\",\"position\":1,\"name\":\"Prima pagin\u0103\",\"item\":\"https:\/\/carpathiacenter.ro\/\"},{\"@type\":\"ListItem\",\"position\":2,\"name\":\"MApN: Ap\u0103rarea \u015fi securitatea Rom\u00e2niei nu sunt amenin\u0163ate de alia\u0163i \u015fi parteneri; au ap\u0103rut noi dezinform\u0103ri\"}]},{\"@type\":\"WebSite\",\"@id\":\"https:\/\/carpathiacenter.ro\/#website\",\"url\":\"https:\/\/carpathiacenter.ro\/\",\"name\":\"Carpathia Center Romania\",\"description\":\"Impossible made possible!\",\"publisher\":{\"@id\":\"https:\/\/carpathiacenter.ro\/#organization\"},\"potentialAction\":[{\"@type\":\"SearchAction\",\"target\":{\"@type\":\"EntryPoint\",\"urlTemplate\":\"https:\/\/carpathiacenter.ro\/?s={search_term_string}\"},\"query-input\":{\"@type\":\"PropertyValueSpecification\",\"valueRequired\":true,\"valueName\":\"search_term_string\"}}],\"inLanguage\":\"en-GB\"},{\"@type\":\"Organization\",\"@id\":\"https:\/\/carpathiacenter.ro\/#organization\",\"name\":\"Carpathia Center Romania\",\"url\":\"https:\/\/carpathiacenter.ro\/\",\"logo\":{\"@type\":\"ImageObject\",\"inLanguage\":\"en-GB\",\"@id\":\"https:\/\/carpathiacenter.ro\/#\/schema\/logo\/image\/\",\"url\":\"https:\/\/carpathiacenter.ro\/wp-content\/uploads\/2024\/07\/logo-carpathia_bg_white-1024x941.png\",\"contentUrl\":\"https:\/\/carpathiacenter.ro\/wp-content\/uploads\/2024\/07\/logo-carpathia_bg_white-1024x941.png\",\"width\":1024,\"height\":941,\"caption\":\"Carpathia Center Romania\"},\"image\":{\"@id\":\"https:\/\/carpathiacenter.ro\/#\/schema\/logo\/image\/\"},\"sameAs\":[\"https:\/\/www.facebook.com\/fdpscarpathia\/\"]},{\"@type\":\"Person\",\"@id\":\"https:\/\/carpathiacenter.ro\/#\/schema\/person\/03d9f58202fee8379268f34afa195006\",\"name\":\"creativebitsolutions\",\"image\":{\"@type\":\"ImageObject\",\"inLanguage\":\"en-GB\",\"@id\":\"https:\/\/carpathiacenter.ro\/#\/schema\/person\/image\/\",\"url\":\"https:\/\/secure.gravatar.com\/avatar\/1b1a13e37f847c635dab78348f1dff2f07651ee2a3d77a5c355a4b8c75f9165a?s=96&d=mm&r=g\",\"contentUrl\":\"https:\/\/secure.gravatar.com\/avatar\/1b1a13e37f847c635dab78348f1dff2f07651ee2a3d77a5c355a4b8c75f9165a?s=96&d=mm&r=g\",\"caption\":\"creativebitsolutions\"},\"url\":\"https:\/\/carpathiacenter.ro\/en\/author\/creativebitsolutions\/\"}]}<\/script>\n<!-- \/ Yoast SEO plugin. -->","yoast_head_json":{"title":"MApN: Ap\u0103rarea \u015fi securitatea Rom\u00e2niei nu sunt amenin\u0163ate de alia\u0163i \u015fi parteneri; au ap\u0103rut noi dezinform\u0103ri - Carpathia Center Romania","robots":{"index":"index","follow":"follow","max-snippet":"max-snippet:-1","max-image-preview":"max-image-preview:large","max-video-preview":"max-video-preview:-1"},"canonical":"https:\/\/carpathiacenter.ro\/en\/mapn-apararea-si-securitatea-romaniei-nu-sunt-amenintate-de-aliati-si-parteneri-au-aparut-noi-dezinformari\/","og_locale":"en_GB","og_type":"article","og_title":"MApN: Ap\u0103rarea \u015fi securitatea Rom\u00e2niei nu sunt amenin\u0163ate de alia\u0163i \u015fi parteneri; au ap\u0103rut noi dezinform\u0103ri - Carpathia Center Romania","og_description":"Ministerul Ap\u0103r\u0103rii Na\u0163ionale semnaleaz\u0103 c\u0103 au ap\u0103rut noi dezinform\u0103ri cu privire la ap\u0103rarea spa\u0163iului aerian al Rom\u00e2niei \u015fi precizeaz\u0103 c\u0103 &#8220;este c\u00e2t se poate de evident&#8221; c\u0103 ap\u0103rarea \u015fi securitatea Rom\u00e2niei nu sunt amenin\u0163ate de alia\u0163i \u015fi parteneri. &#8220;Ministerul Ap\u0103r\u0103rii Na\u0163ionale reitereaz\u0103 faptul c\u0103, \u00een ultima vreme, s-au \u00eenmul\u0163it ac\u0163iunile de dezinformare \u015fi manipulare r\u0103sp\u00e2ndite...","og_url":"https:\/\/carpathiacenter.ro\/en\/mapn-apararea-si-securitatea-romaniei-nu-sunt-amenintate-de-aliati-si-parteneri-au-aparut-noi-dezinformari\/","og_site_name":"Carpathia Center Romania","article_publisher":"https:\/\/www.facebook.com\/fdpscarpathia\/","article_published_time":"2024-12-16T14:04:52+00:00","og_image":[{"width":1200,"height":700,"url":"https:\/\/carpathiacenter.ro\/wp-content\/uploads\/2024\/12\/mapn-1734257979.jpg","type":"image\/jpeg"}],"author":"creativebitsolutions","twitter_card":"summary_large_image","twitter_misc":{"Written by":"creativebitsolutions","Estimated reading time":"4 minutes"},"schema":{"@context":"https:\/\/schema.org","@graph":[{"@type":"Article","@id":"https:\/\/carpathiacenter.ro\/mapn-apararea-si-securitatea-romaniei-nu-sunt-amenintate-de-aliati-si-parteneri-au-aparut-noi-dezinformari\/#article","isPartOf":{"@id":"https:\/\/carpathiacenter.ro\/mapn-apararea-si-securitatea-romaniei-nu-sunt-amenintate-de-aliati-si-parteneri-au-aparut-noi-dezinformari\/"},"author":{"name":"creativebitsolutions","@id":"https:\/\/carpathiacenter.ro\/#\/schema\/person\/03d9f58202fee8379268f34afa195006"},"headline":"MApN: Ap\u0103rarea \u015fi securitatea Rom\u00e2niei nu sunt amenin\u0163ate de alia\u0163i \u015fi parteneri; au ap\u0103rut noi dezinform\u0103ri","datePublished":"2024-12-16T14:04:52+00:00","mainEntityOfPage":{"@id":"https:\/\/carpathiacenter.ro\/mapn-apararea-si-securitatea-romaniei-nu-sunt-amenintate-de-aliati-si-parteneri-au-aparut-noi-dezinformari\/"},"wordCount":765,"commentCount":0,"publisher":{"@id":"https:\/\/carpathiacenter.ro\/#organization"},"image":{"@id":"https:\/\/carpathiacenter.ro\/mapn-apararea-si-securitatea-romaniei-nu-sunt-amenintate-de-aliati-si-parteneri-au-aparut-noi-dezinformari\/#primaryimage"},"thumbnailUrl":"https:\/\/carpathiacenter.ro\/wp-content\/uploads\/2024\/12\/mapn-1734257979.jpg","articleSection":["Uncategorized"],"inLanguage":"en-GB","potentialAction":[{"@type":"CommentAction","name":"Comment","target":["https:\/\/carpathiacenter.ro\/mapn-apararea-si-securitatea-romaniei-nu-sunt-amenintate-de-aliati-si-parteneri-au-aparut-noi-dezinformari\/#respond"]}]},{"@type":"WebPage","@id":"https:\/\/carpathiacenter.ro\/mapn-apararea-si-securitatea-romaniei-nu-sunt-amenintate-de-aliati-si-parteneri-au-aparut-noi-dezinformari\/","url":"https:\/\/carpathiacenter.ro\/mapn-apararea-si-securitatea-romaniei-nu-sunt-amenintate-de-aliati-si-parteneri-au-aparut-noi-dezinformari\/","name":"MApN: Ap\u0103rarea \u015fi securitatea Rom\u00e2niei nu sunt amenin\u0163ate de alia\u0163i \u015fi parteneri; au ap\u0103rut noi dezinform\u0103ri - Carpathia Center Romania","isPartOf":{"@id":"https:\/\/carpathiacenter.ro\/#website"},"primaryImageOfPage":{"@id":"https:\/\/carpathiacenter.ro\/mapn-apararea-si-securitatea-romaniei-nu-sunt-amenintate-de-aliati-si-parteneri-au-aparut-noi-dezinformari\/#primaryimage"},"image":{"@id":"https:\/\/carpathiacenter.ro\/mapn-apararea-si-securitatea-romaniei-nu-sunt-amenintate-de-aliati-si-parteneri-au-aparut-noi-dezinformari\/#primaryimage"},"thumbnailUrl":"https:\/\/carpathiacenter.ro\/wp-content\/uploads\/2024\/12\/mapn-1734257979.jpg","datePublished":"2024-12-16T14:04:52+00:00","breadcrumb":{"@id":"https:\/\/carpathiacenter.ro\/mapn-apararea-si-securitatea-romaniei-nu-sunt-amenintate-de-aliati-si-parteneri-au-aparut-noi-dezinformari\/#breadcrumb"},"inLanguage":"en-GB","potentialAction":[{"@type":"ReadAction","target":["https:\/\/carpathiacenter.ro\/mapn-apararea-si-securitatea-romaniei-nu-sunt-amenintate-de-aliati-si-parteneri-au-aparut-noi-dezinformari\/"]}]},{"@type":"ImageObject","inLanguage":"en-GB","@id":"https:\/\/carpathiacenter.ro\/mapn-apararea-si-securitatea-romaniei-nu-sunt-amenintate-de-aliati-si-parteneri-au-aparut-noi-dezinformari\/#primaryimage","url":"https:\/\/carpathiacenter.ro\/wp-content\/uploads\/2024\/12\/mapn-1734257979.jpg","contentUrl":"https:\/\/carpathiacenter.ro\/wp-content\/uploads\/2024\/12\/mapn-1734257979.jpg","width":1200,"height":700},{"@type":"BreadcrumbList","@id":"https:\/\/carpathiacenter.ro\/mapn-apararea-si-securitatea-romaniei-nu-sunt-amenintate-de-aliati-si-parteneri-au-aparut-noi-dezinformari\/#breadcrumb","itemListElement":[{"@type":"ListItem","position":1,"name":"Prima pagin\u0103","item":"https:\/\/carpathiacenter.ro\/"},{"@type":"ListItem","position":2,"name":"MApN: Ap\u0103rarea \u015fi securitatea Rom\u00e2niei nu sunt amenin\u0163ate de alia\u0163i \u015fi parteneri; au ap\u0103rut noi dezinform\u0103ri"}]},{"@type":"WebSite","@id":"https:\/\/carpathiacenter.ro\/#website","url":"https:\/\/carpathiacenter.ro\/","name":"Carpathia Center Romania","description":"Impossible made possible!","publisher":{"@id":"https:\/\/carpathiacenter.ro\/#organization"},"potentialAction":[{"@type":"SearchAction","target":{"@type":"EntryPoint","urlTemplate":"https:\/\/carpathiacenter.ro\/?s={search_term_string}"},"query-input":{"@type":"PropertyValueSpecification","valueRequired":true,"valueName":"search_term_string"}}],"inLanguage":"en-GB"},{"@type":"Organization","@id":"https:\/\/carpathiacenter.ro\/#organization","name":"Carpathia Center Romania","url":"https:\/\/carpathiacenter.ro\/","logo":{"@type":"ImageObject","inLanguage":"en-GB","@id":"https:\/\/carpathiacenter.ro\/#\/schema\/logo\/image\/","url":"https:\/\/carpathiacenter.ro\/wp-content\/uploads\/2024\/07\/logo-carpathia_bg_white-1024x941.png","contentUrl":"https:\/\/carpathiacenter.ro\/wp-content\/uploads\/2024\/07\/logo-carpathia_bg_white-1024x941.png","width":1024,"height":941,"caption":"Carpathia Center Romania"},"image":{"@id":"https:\/\/carpathiacenter.ro\/#\/schema\/logo\/image\/"},"sameAs":["https:\/\/www.facebook.com\/fdpscarpathia\/"]},{"@type":"Person","@id":"https:\/\/carpathiacenter.ro\/#\/schema\/person\/03d9f58202fee8379268f34afa195006","name":"creativebitsolutions","image":{"@type":"ImageObject","inLanguage":"en-GB","@id":"https:\/\/carpathiacenter.ro\/#\/schema\/person\/image\/","url":"https:\/\/secure.gravatar.com\/avatar\/1b1a13e37f847c635dab78348f1dff2f07651ee2a3d77a5c355a4b8c75f9165a?s=96&d=mm&r=g","contentUrl":"https:\/\/secure.gravatar.com\/avatar\/1b1a13e37f847c635dab78348f1dff2f07651ee2a3d77a5c355a4b8c75f9165a?s=96&d=mm&r=g","caption":"creativebitsolutions"},"url":"https:\/\/carpathiacenter.ro\/en\/author\/creativebitsolutions\/"}]}},"_links":{"self":[{"href":"https:\/\/carpathiacenter.ro\/en\/wp-json\/wp\/v2\/posts\/1640","targetHints":{"allow":["GET"]}}],"collection":[{"href":"https:\/\/carpathiacenter.ro\/en\/wp-json\/wp\/v2\/posts"}],"about":[{"href":"https:\/\/carpathiacenter.ro\/en\/wp-json\/wp\/v2\/types\/post"}],"author":[{"embeddable":true,"href":"https:\/\/carpathiacenter.ro\/en\/wp-json\/wp\/v2\/users\/4"}],"replies":[{"embeddable":true,"href":"https:\/\/carpathiacenter.ro\/en\/wp-json\/wp\/v2\/comments?post=1640"}],"version-history":[{"count":1,"href":"https:\/\/carpathiacenter.ro\/en\/wp-json\/wp\/v2\/posts\/1640\/revisions"}],"predecessor-version":[{"id":1644,"href":"https:\/\/carpathiacenter.ro\/en\/wp-json\/wp\/v2\/posts\/1640\/revisions\/1644"}],"wp:featuredmedia":[{"embeddable":true,"href":"https:\/\/carpathiacenter.ro\/en\/wp-json\/wp\/v2\/media\/1642"}],"wp:attachment":[{"href":"https:\/\/carpathiacenter.ro\/en\/wp-json\/wp\/v2\/media?parent=1640"}],"wp:term":[{"taxonomy":"category","embeddable":true,"href":"https:\/\/carpathiacenter.ro\/en\/wp-json\/wp\/v2\/categories?post=1640"},{"taxonomy":"post_tag","embeddable":true,"href":"https:\/\/carpathiacenter.ro\/en\/wp-json\/wp\/v2\/tags?post=1640"}],"curies":[{"name":"wp","href":"https:\/\/api.w.org\/{rel}","templated":true}]}}