{"id":1632,"date":"2024-12-13T14:19:58","date_gmt":"2024-12-13T14:19:58","guid":{"rendered":"https:\/\/carpathiacenter.ro\/?p=1632"},"modified":"2024-12-13T14:20:28","modified_gmt":"2024-12-13T14:20:28","slug":"guvern-mentinerea-echilibrului-energetic-la-consumatorii-casnici-si-industriali-discutata-in-comitetul-pentru-protejarea-consumatorilor-vulnerabili","status":"publish","type":"post","link":"https:\/\/carpathiacenter.ro\/en\/guvern-mentinerea-echilibrului-energetic-la-consumatorii-casnici-si-industriali-discutata-in-comitetul-pentru-protejarea-consumatorilor-vulnerabili\/","title":{"rendered":"Guvern: Men\u0163inerea echilibrului energetic la consumatorii casnici \u015fi industriali, discutat\u0103 \u00een Comitetul pentru protejarea consumatorilor vulnerabili"},"content":{"rendered":"<div class=\"tdb-block-inner td-fix-index\">\n<p><strong>Comitetul interministerial pentru protejarea consumatorilor vulnerabili \u015fi combaterea s\u0103r\u0103ciei energetice a avut prima reuniune, miercuri, la Palatul Victoria, sub coordonarea vicepremierului Marian Neac\u015fu, discu\u0163iile fiind centrate pe modalit\u0103\u0163ile prin care \u201cs\u0103 se men\u0163in\u0103 echilibrul energetic pentru consumatorii casnici \u015fi industriali dup\u0103 ridicarea plafon\u0103rii pre\u0163ului la energie, prev\u0103zut\u0103 la finalul lui martie 2025\u201d.<\/strong><\/p>\n<p>Potrivit unui comunicat al Guvernului, organismul cu rol consultativ a fost \u00eenfiin\u0163at prin decizie a premierului Marcel Ciolacu la finele lui noiembrie, anul curent, cu scopul de a identifica \u015fi propune solu\u0163ii economice, sociale \u015fi legislative pentru stabilitatea sectorului energetic din Rom\u00e2nia \u015fi pentru protejarea categoriilor sociale vulnerabile.<\/p>\n<p>Comitetul este condus de vicepremierul Marian Neac\u015fu, \u00een calitate de pre\u015fedinte, al\u0103turi de vicepre\u015fedin\u0163ii Sebastian Burduja, ministrul Energiei, \u015fi Simona Bucura-Oprescu, ministrul Muncii \u015fi Solidarit\u0103\u0163ii Sociale, iar \u00een componen\u0163a sa se reg\u0103sesc reprezentan\u0163i ai tuturor ministerelor \u015fi institu\u0163iilor de stat cu rol \u00een asigurarea stabilit\u0103\u0163ii \u00een sectorul energetic din Rom\u00e2nia. Membrii titulari ai acestui for consultativ sunt, de asemenea, reprezentan\u0163i ai mediului universitar \u015fi ai produc\u0103torilor \u015fi furnizorilor de energie.<\/p>\n<p>\u201cAvem nevoie de o tranzi\u0163ie lin\u0103 spre noua etap\u0103 din sectorul energiei, care s\u0103 \u0163in\u0103 cont de categoriile vulnerabile de consumatori, s\u0103 nu ignore consumatorii industriali, iar impactul \u00een via\u0163a zilnic\u0103 al trecerii la etapa urm\u0103toare s\u0103 fie c\u00e2t mai redus pentru \u00eentreaga societate\u201d, a subliniat vicepremierul Neac\u015fu, citat \u00een comunicat.<\/p>\n<p>La r\u00e2ndul s\u0103u, ministrul Sebastian Burduja a accentuat asupra faptului c\u0103, \u00een prim\u0103 faz\u0103, vor fi avute \u00een vedere m\u0103suri pe termen scurt de stabilitate energetic\u0103, urm\u00e2nd ca \u00eentr-un orizont mediu de timp, prin investi\u0163ii \u015fi solu\u0163ii inovative de producere \u015fi stocare, s\u0103 scad\u0103 pre\u0163ul energiei.<\/p>\n<p>\u201cAvem nevoie de o pia\u0163\u0103 c\u00e2t mai lichid\u0103 din aprilie, neblocat\u0103 de c\u00e2\u0163iva juc\u0103tori. \u00centr-un an-doi, vom sta foarte bine la pre\u0163ul energiei\u201d, a \u00eencheiat ministrul de resort.<\/p>\n<p>Dup\u0103 reuniunea de ast\u0103zi, urmeaz\u0103 ca grupuri de lucru reunite sub umbrela comitetului s\u0103 identifice tot spectrul de probleme care compun tabloul de baz\u0103 \u00een generarea de m\u0103suri adecvate obiectivelor \u0163intite, inclusiv implementarea unui nou cadru legislativ care s\u0103 intre \u00een vigoare \u00eenainte de expirarea prevederilor actuale \u015fi dezvoltarea unei politici na\u0163ionale viz\u00e2nd combaterea s\u0103r\u0103ciei energetice, conform comunicatului. AGERPRES\/(AS \u2013 autor: Daniel Florea, editor: Florin Marin, editor online: Simona Aru\u015ftei)<\/p>\n<p>Sursa:https:\/\/www.agerpres.ro\/politica\/2024\/12\/11\/guvern-mentinerea-echilibrului-energetic-la-consumatorii-casnici-si-industriali-discutata-in-comitetul-pentru-protejarea-consumatorilor-vulnerabili\u20131402006<\/p>\n<p>\u2013<\/p>\n<\/div>","protected":false},"excerpt":{"rendered":"<p>Comitetul interministerial pentru protejarea consumatorilor vulnerabili \u015fi combaterea s\u0103r\u0103ciei energetice a avut prima reuniune, miercuri, la Palatul Victoria, sub coordonarea vicepremierului Marian Neac\u015fu, discu\u0163iile fiind centrate pe modalit\u0103\u0163ile prin care \u201cs\u0103 se men\u0163in\u0103 echilibrul energetic pentru consumatorii casnici \u015fi industriali dup\u0103 ridicarea plafon\u0103rii pre\u0163ului la energie, prev\u0103zut\u0103 la finalul lui martie 2025\u201d. Potrivit unui comunicat&#8230;<\/p>","protected":false},"author":4,"featured_media":0,"comment_status":"open","ping_status":"open","sticky":false,"template":"","format":"standard","meta":{"footnotes":""},"categories":[1],"tags":[],"class_list":["post-1632","post","type-post","status-publish","format-standard","hentry","category-uncategorized"],"yoast_head":"<!-- This site is optimized with the Yoast SEO plugin v26.1.1 - https:\/\/yoast.com\/wordpress\/plugins\/seo\/ -->\n<title>Guvern: Men\u0163inerea echilibrului energetic la consumatorii casnici \u015fi industriali, discutat\u0103 \u00een Comitetul pentru protejarea consumatorilor vulnerabili - Carpathia Center Romania<\/title>\n<meta name=\"robots\" content=\"index, follow, max-snippet:-1, max-image-preview:large, max-video-preview:-1\" \/>\n<link rel=\"canonical\" href=\"https:\/\/carpathiacenter.ro\/en\/guvern-mentinerea-echilibrului-energetic-la-consumatorii-casnici-si-industriali-discutata-in-comitetul-pentru-protejarea-consumatorilor-vulnerabili\/\" \/>\n<meta property=\"og:locale\" content=\"en_GB\" \/>\n<meta property=\"og:type\" content=\"article\" \/>\n<meta property=\"og:title\" content=\"Guvern: Men\u0163inerea echilibrului energetic la consumatorii casnici \u015fi industriali, discutat\u0103 \u00een Comitetul pentru protejarea consumatorilor vulnerabili - Carpathia Center Romania\" \/>\n<meta property=\"og:description\" content=\"Comitetul interministerial pentru protejarea consumatorilor vulnerabili \u015fi combaterea s\u0103r\u0103ciei energetice a avut prima reuniune, miercuri, la Palatul Victoria, sub coordonarea vicepremierului Marian Neac\u015fu, discu\u0163iile fiind centrate pe modalit\u0103\u0163ile prin care \u201cs\u0103 se men\u0163in\u0103 echilibrul energetic pentru consumatorii casnici \u015fi industriali dup\u0103 ridicarea plafon\u0103rii pre\u0163ului la energie, prev\u0103zut\u0103 la finalul lui martie 2025\u201d. Potrivit unui comunicat...\" \/>\n<meta property=\"og:url\" content=\"https:\/\/carpathiacenter.ro\/en\/guvern-mentinerea-echilibrului-energetic-la-consumatorii-casnici-si-industriali-discutata-in-comitetul-pentru-protejarea-consumatorilor-vulnerabili\/\" \/>\n<meta property=\"og:site_name\" content=\"Carpathia Center Romania\" \/>\n<meta property=\"article:publisher\" content=\"https:\/\/www.facebook.com\/fdpscarpathia\/\" \/>\n<meta property=\"article:published_time\" content=\"2024-12-13T14:19:58+00:00\" \/>\n<meta property=\"article:modified_time\" content=\"2024-12-13T14:20:28+00:00\" \/>\n<meta name=\"author\" content=\"creativebitsolutions\" \/>\n<meta name=\"twitter:card\" content=\"summary_large_image\" \/>\n<meta name=\"twitter:label1\" content=\"Written by\" \/>\n\t<meta name=\"twitter:data1\" content=\"creativebitsolutions\" \/>\n\t<meta name=\"twitter:label2\" content=\"Estimated reading time\" \/>\n\t<meta name=\"twitter:data2\" content=\"2 minutes\" \/>\n<script type=\"application\/ld+json\" class=\"yoast-schema-graph\">{\"@context\":\"https:\/\/schema.org\",\"@graph\":[{\"@type\":\"Article\",\"@id\":\"https:\/\/carpathiacenter.ro\/guvern-mentinerea-echilibrului-energetic-la-consumatorii-casnici-si-industriali-discutata-in-comitetul-pentru-protejarea-consumatorilor-vulnerabili\/#article\",\"isPartOf\":{\"@id\":\"https:\/\/carpathiacenter.ro\/guvern-mentinerea-echilibrului-energetic-la-consumatorii-casnici-si-industriali-discutata-in-comitetul-pentru-protejarea-consumatorilor-vulnerabili\/\"},\"author\":{\"name\":\"creativebitsolutions\",\"@id\":\"https:\/\/carpathiacenter.ro\/#\/schema\/person\/03d9f58202fee8379268f34afa195006\"},\"headline\":\"Guvern: Men\u0163inerea echilibrului energetic la consumatorii casnici \u015fi industriali, discutat\u0103 \u00een Comitetul pentru protejarea consumatorilor vulnerabili\",\"datePublished\":\"2024-12-13T14:19:58+00:00\",\"dateModified\":\"2024-12-13T14:20:28+00:00\",\"mainEntityOfPage\":{\"@id\":\"https:\/\/carpathiacenter.ro\/guvern-mentinerea-echilibrului-energetic-la-consumatorii-casnici-si-industriali-discutata-in-comitetul-pentru-protejarea-consumatorilor-vulnerabili\/\"},\"wordCount\":437,\"commentCount\":0,\"publisher\":{\"@id\":\"https:\/\/carpathiacenter.ro\/#organization\"},\"articleSection\":[\"Uncategorized\"],\"inLanguage\":\"en-GB\",\"potentialAction\":[{\"@type\":\"CommentAction\",\"name\":\"Comment\",\"target\":[\"https:\/\/carpathiacenter.ro\/guvern-mentinerea-echilibrului-energetic-la-consumatorii-casnici-si-industriali-discutata-in-comitetul-pentru-protejarea-consumatorilor-vulnerabili\/#respond\"]}]},{\"@type\":\"WebPage\",\"@id\":\"https:\/\/carpathiacenter.ro\/guvern-mentinerea-echilibrului-energetic-la-consumatorii-casnici-si-industriali-discutata-in-comitetul-pentru-protejarea-consumatorilor-vulnerabili\/\",\"url\":\"https:\/\/carpathiacenter.ro\/guvern-mentinerea-echilibrului-energetic-la-consumatorii-casnici-si-industriali-discutata-in-comitetul-pentru-protejarea-consumatorilor-vulnerabili\/\",\"name\":\"Guvern: Men\u0163inerea echilibrului energetic la consumatorii casnici \u015fi industriali, discutat\u0103 \u00een Comitetul pentru protejarea consumatorilor vulnerabili - Carpathia Center Romania\",\"isPartOf\":{\"@id\":\"https:\/\/carpathiacenter.ro\/#website\"},\"datePublished\":\"2024-12-13T14:19:58+00:00\",\"dateModified\":\"2024-12-13T14:20:28+00:00\",\"breadcrumb\":{\"@id\":\"https:\/\/carpathiacenter.ro\/guvern-mentinerea-echilibrului-energetic-la-consumatorii-casnici-si-industriali-discutata-in-comitetul-pentru-protejarea-consumatorilor-vulnerabili\/#breadcrumb\"},\"inLanguage\":\"en-GB\",\"potentialAction\":[{\"@type\":\"ReadAction\",\"target\":[\"https:\/\/carpathiacenter.ro\/guvern-mentinerea-echilibrului-energetic-la-consumatorii-casnici-si-industriali-discutata-in-comitetul-pentru-protejarea-consumatorilor-vulnerabili\/\"]}]},{\"@type\":\"BreadcrumbList\",\"@id\":\"https:\/\/carpathiacenter.ro\/guvern-mentinerea-echilibrului-energetic-la-consumatorii-casnici-si-industriali-discutata-in-comitetul-pentru-protejarea-consumatorilor-vulnerabili\/#breadcrumb\",\"itemListElement\":[{\"@type\":\"ListItem\",\"position\":1,\"name\":\"Prima pagin\u0103\",\"item\":\"https:\/\/carpathiacenter.ro\/\"},{\"@type\":\"ListItem\",\"position\":2,\"name\":\"Guvern: Men\u0163inerea echilibrului energetic la consumatorii casnici \u015fi industriali, discutat\u0103 \u00een Comitetul pentru protejarea consumatorilor vulnerabili\"}]},{\"@type\":\"WebSite\",\"@id\":\"https:\/\/carpathiacenter.ro\/#website\",\"url\":\"https:\/\/carpathiacenter.ro\/\",\"name\":\"Carpathia Center Romania\",\"description\":\"Impossible made possible!\",\"publisher\":{\"@id\":\"https:\/\/carpathiacenter.ro\/#organization\"},\"potentialAction\":[{\"@type\":\"SearchAction\",\"target\":{\"@type\":\"EntryPoint\",\"urlTemplate\":\"https:\/\/carpathiacenter.ro\/?s={search_term_string}\"},\"query-input\":{\"@type\":\"PropertyValueSpecification\",\"valueRequired\":true,\"valueName\":\"search_term_string\"}}],\"inLanguage\":\"en-GB\"},{\"@type\":\"Organization\",\"@id\":\"https:\/\/carpathiacenter.ro\/#organization\",\"name\":\"Carpathia Center Romania\",\"url\":\"https:\/\/carpathiacenter.ro\/\",\"logo\":{\"@type\":\"ImageObject\",\"inLanguage\":\"en-GB\",\"@id\":\"https:\/\/carpathiacenter.ro\/#\/schema\/logo\/image\/\",\"url\":\"https:\/\/carpathiacenter.ro\/wp-content\/uploads\/2024\/07\/logo-carpathia_bg_white-1024x941.png\",\"contentUrl\":\"https:\/\/carpathiacenter.ro\/wp-content\/uploads\/2024\/07\/logo-carpathia_bg_white-1024x941.png\",\"width\":1024,\"height\":941,\"caption\":\"Carpathia Center Romania\"},\"image\":{\"@id\":\"https:\/\/carpathiacenter.ro\/#\/schema\/logo\/image\/\"},\"sameAs\":[\"https:\/\/www.facebook.com\/fdpscarpathia\/\"]},{\"@type\":\"Person\",\"@id\":\"https:\/\/carpathiacenter.ro\/#\/schema\/person\/03d9f58202fee8379268f34afa195006\",\"name\":\"creativebitsolutions\",\"image\":{\"@type\":\"ImageObject\",\"inLanguage\":\"en-GB\",\"@id\":\"https:\/\/carpathiacenter.ro\/#\/schema\/person\/image\/\",\"url\":\"https:\/\/secure.gravatar.com\/avatar\/1b1a13e37f847c635dab78348f1dff2f07651ee2a3d77a5c355a4b8c75f9165a?s=96&d=mm&r=g\",\"contentUrl\":\"https:\/\/secure.gravatar.com\/avatar\/1b1a13e37f847c635dab78348f1dff2f07651ee2a3d77a5c355a4b8c75f9165a?s=96&d=mm&r=g\",\"caption\":\"creativebitsolutions\"},\"url\":\"https:\/\/carpathiacenter.ro\/en\/author\/creativebitsolutions\/\"}]}<\/script>\n<!-- \/ Yoast SEO plugin. -->","yoast_head_json":{"title":"Guvern: Men\u0163inerea echilibrului energetic la consumatorii casnici \u015fi industriali, discutat\u0103 \u00een Comitetul pentru protejarea consumatorilor vulnerabili - Carpathia Center Romania","robots":{"index":"index","follow":"follow","max-snippet":"max-snippet:-1","max-image-preview":"max-image-preview:large","max-video-preview":"max-video-preview:-1"},"canonical":"https:\/\/carpathiacenter.ro\/en\/guvern-mentinerea-echilibrului-energetic-la-consumatorii-casnici-si-industriali-discutata-in-comitetul-pentru-protejarea-consumatorilor-vulnerabili\/","og_locale":"en_GB","og_type":"article","og_title":"Guvern: Men\u0163inerea echilibrului energetic la consumatorii casnici \u015fi industriali, discutat\u0103 \u00een Comitetul pentru protejarea consumatorilor vulnerabili - Carpathia Center Romania","og_description":"Comitetul interministerial pentru protejarea consumatorilor vulnerabili \u015fi combaterea s\u0103r\u0103ciei energetice a avut prima reuniune, miercuri, la Palatul Victoria, sub coordonarea vicepremierului Marian Neac\u015fu, discu\u0163iile fiind centrate pe modalit\u0103\u0163ile prin care \u201cs\u0103 se men\u0163in\u0103 echilibrul energetic pentru consumatorii casnici \u015fi industriali dup\u0103 ridicarea plafon\u0103rii pre\u0163ului la energie, prev\u0103zut\u0103 la finalul lui martie 2025\u201d. Potrivit unui comunicat...","og_url":"https:\/\/carpathiacenter.ro\/en\/guvern-mentinerea-echilibrului-energetic-la-consumatorii-casnici-si-industriali-discutata-in-comitetul-pentru-protejarea-consumatorilor-vulnerabili\/","og_site_name":"Carpathia Center Romania","article_publisher":"https:\/\/www.facebook.com\/fdpscarpathia\/","article_published_time":"2024-12-13T14:19:58+00:00","article_modified_time":"2024-12-13T14:20:28+00:00","author":"creativebitsolutions","twitter_card":"summary_large_image","twitter_misc":{"Written by":"creativebitsolutions","Estimated reading time":"2 minutes"},"schema":{"@context":"https:\/\/schema.org","@graph":[{"@type":"Article","@id":"https:\/\/carpathiacenter.ro\/guvern-mentinerea-echilibrului-energetic-la-consumatorii-casnici-si-industriali-discutata-in-comitetul-pentru-protejarea-consumatorilor-vulnerabili\/#article","isPartOf":{"@id":"https:\/\/carpathiacenter.ro\/guvern-mentinerea-echilibrului-energetic-la-consumatorii-casnici-si-industriali-discutata-in-comitetul-pentru-protejarea-consumatorilor-vulnerabili\/"},"author":{"name":"creativebitsolutions","@id":"https:\/\/carpathiacenter.ro\/#\/schema\/person\/03d9f58202fee8379268f34afa195006"},"headline":"Guvern: Men\u0163inerea echilibrului energetic la consumatorii casnici \u015fi industriali, discutat\u0103 \u00een Comitetul pentru protejarea consumatorilor vulnerabili","datePublished":"2024-12-13T14:19:58+00:00","dateModified":"2024-12-13T14:20:28+00:00","mainEntityOfPage":{"@id":"https:\/\/carpathiacenter.ro\/guvern-mentinerea-echilibrului-energetic-la-consumatorii-casnici-si-industriali-discutata-in-comitetul-pentru-protejarea-consumatorilor-vulnerabili\/"},"wordCount":437,"commentCount":0,"publisher":{"@id":"https:\/\/carpathiacenter.ro\/#organization"},"articleSection":["Uncategorized"],"inLanguage":"en-GB","potentialAction":[{"@type":"CommentAction","name":"Comment","target":["https:\/\/carpathiacenter.ro\/guvern-mentinerea-echilibrului-energetic-la-consumatorii-casnici-si-industriali-discutata-in-comitetul-pentru-protejarea-consumatorilor-vulnerabili\/#respond"]}]},{"@type":"WebPage","@id":"https:\/\/carpathiacenter.ro\/guvern-mentinerea-echilibrului-energetic-la-consumatorii-casnici-si-industriali-discutata-in-comitetul-pentru-protejarea-consumatorilor-vulnerabili\/","url":"https:\/\/carpathiacenter.ro\/guvern-mentinerea-echilibrului-energetic-la-consumatorii-casnici-si-industriali-discutata-in-comitetul-pentru-protejarea-consumatorilor-vulnerabili\/","name":"Guvern: Men\u0163inerea echilibrului energetic la consumatorii casnici \u015fi industriali, discutat\u0103 \u00een Comitetul pentru protejarea consumatorilor vulnerabili - Carpathia Center Romania","isPartOf":{"@id":"https:\/\/carpathiacenter.ro\/#website"},"datePublished":"2024-12-13T14:19:58+00:00","dateModified":"2024-12-13T14:20:28+00:00","breadcrumb":{"@id":"https:\/\/carpathiacenter.ro\/guvern-mentinerea-echilibrului-energetic-la-consumatorii-casnici-si-industriali-discutata-in-comitetul-pentru-protejarea-consumatorilor-vulnerabili\/#breadcrumb"},"inLanguage":"en-GB","potentialAction":[{"@type":"ReadAction","target":["https:\/\/carpathiacenter.ro\/guvern-mentinerea-echilibrului-energetic-la-consumatorii-casnici-si-industriali-discutata-in-comitetul-pentru-protejarea-consumatorilor-vulnerabili\/"]}]},{"@type":"BreadcrumbList","@id":"https:\/\/carpathiacenter.ro\/guvern-mentinerea-echilibrului-energetic-la-consumatorii-casnici-si-industriali-discutata-in-comitetul-pentru-protejarea-consumatorilor-vulnerabili\/#breadcrumb","itemListElement":[{"@type":"ListItem","position":1,"name":"Prima pagin\u0103","item":"https:\/\/carpathiacenter.ro\/"},{"@type":"ListItem","position":2,"name":"Guvern: Men\u0163inerea echilibrului energetic la consumatorii casnici \u015fi industriali, discutat\u0103 \u00een Comitetul pentru protejarea consumatorilor vulnerabili"}]},{"@type":"WebSite","@id":"https:\/\/carpathiacenter.ro\/#website","url":"https:\/\/carpathiacenter.ro\/","name":"Carpathia Center Romania","description":"Impossible made possible!","publisher":{"@id":"https:\/\/carpathiacenter.ro\/#organization"},"potentialAction":[{"@type":"SearchAction","target":{"@type":"EntryPoint","urlTemplate":"https:\/\/carpathiacenter.ro\/?s={search_term_string}"},"query-input":{"@type":"PropertyValueSpecification","valueRequired":true,"valueName":"search_term_string"}}],"inLanguage":"en-GB"},{"@type":"Organization","@id":"https:\/\/carpathiacenter.ro\/#organization","name":"Carpathia Center Romania","url":"https:\/\/carpathiacenter.ro\/","logo":{"@type":"ImageObject","inLanguage":"en-GB","@id":"https:\/\/carpathiacenter.ro\/#\/schema\/logo\/image\/","url":"https:\/\/carpathiacenter.ro\/wp-content\/uploads\/2024\/07\/logo-carpathia_bg_white-1024x941.png","contentUrl":"https:\/\/carpathiacenter.ro\/wp-content\/uploads\/2024\/07\/logo-carpathia_bg_white-1024x941.png","width":1024,"height":941,"caption":"Carpathia Center Romania"},"image":{"@id":"https:\/\/carpathiacenter.ro\/#\/schema\/logo\/image\/"},"sameAs":["https:\/\/www.facebook.com\/fdpscarpathia\/"]},{"@type":"Person","@id":"https:\/\/carpathiacenter.ro\/#\/schema\/person\/03d9f58202fee8379268f34afa195006","name":"creativebitsolutions","image":{"@type":"ImageObject","inLanguage":"en-GB","@id":"https:\/\/carpathiacenter.ro\/#\/schema\/person\/image\/","url":"https:\/\/secure.gravatar.com\/avatar\/1b1a13e37f847c635dab78348f1dff2f07651ee2a3d77a5c355a4b8c75f9165a?s=96&d=mm&r=g","contentUrl":"https:\/\/secure.gravatar.com\/avatar\/1b1a13e37f847c635dab78348f1dff2f07651ee2a3d77a5c355a4b8c75f9165a?s=96&d=mm&r=g","caption":"creativebitsolutions"},"url":"https:\/\/carpathiacenter.ro\/en\/author\/creativebitsolutions\/"}]}},"_links":{"self":[{"href":"https:\/\/carpathiacenter.ro\/en\/wp-json\/wp\/v2\/posts\/1632","targetHints":{"allow":["GET"]}}],"collection":[{"href":"https:\/\/carpathiacenter.ro\/en\/wp-json\/wp\/v2\/posts"}],"about":[{"href":"https:\/\/carpathiacenter.ro\/en\/wp-json\/wp\/v2\/types\/post"}],"author":[{"embeddable":true,"href":"https:\/\/carpathiacenter.ro\/en\/wp-json\/wp\/v2\/users\/4"}],"replies":[{"embeddable":true,"href":"https:\/\/carpathiacenter.ro\/en\/wp-json\/wp\/v2\/comments?post=1632"}],"version-history":[{"count":1,"href":"https:\/\/carpathiacenter.ro\/en\/wp-json\/wp\/v2\/posts\/1632\/revisions"}],"predecessor-version":[{"id":1633,"href":"https:\/\/carpathiacenter.ro\/en\/wp-json\/wp\/v2\/posts\/1632\/revisions\/1633"}],"wp:attachment":[{"href":"https:\/\/carpathiacenter.ro\/en\/wp-json\/wp\/v2\/media?parent=1632"}],"wp:term":[{"taxonomy":"category","embeddable":true,"href":"https:\/\/carpathiacenter.ro\/en\/wp-json\/wp\/v2\/categories?post=1632"},{"taxonomy":"post_tag","embeddable":true,"href":"https:\/\/carpathiacenter.ro\/en\/wp-json\/wp\/v2\/tags?post=1632"}],"curies":[{"name":"wp","href":"https:\/\/api.w.org\/{rel}","templated":true}]}}