{"id":1629,"date":"2024-12-10T20:33:06","date_gmt":"2024-12-10T20:33:06","guid":{"rendered":"https:\/\/carpathiacenter.ro\/?p=1629"},"modified":"2024-12-10T20:33:06","modified_gmt":"2024-12-10T20:33:06","slug":"patru-sectii-si-doua-compartimente-de-la-spitalul-colentina-nu-vor-mai-face-internari-de-marti","status":"publish","type":"post","link":"https:\/\/carpathiacenter.ro\/en\/patru-sectii-si-doua-compartimente-de-la-spitalul-colentina-nu-vor-mai-face-internari-de-marti\/","title":{"rendered":"Patru sec\u0163ii \u015fi dou\u0103 compartimente de la Spitalul Colentina nu vor mai face intern\u0103ri de mar\u0163i"},"content":{"rendered":"<p>S<strong>pitalul Clinic Colentina a anun\u0163at c\u0103, \u00eencep\u00e2nd de mar\u0163i, temporar nu se vor mai face intern\u0103ri \u00een patru sec\u0163ii \u015fi dou\u0103 compartimente, ca urmare a faptului c\u0103 unitatea medical\u0103 a\u015fteapt\u0103 eliberarea unei noi autoriza\u0163ii de func\u0163ionare din partea Direc\u0163iei de S\u0103n\u0103tate Public\u0103 a Municipiului Bucure\u015fti.<\/strong><\/p>\n<p>Potrivit unui comunicat remis AGERPRES, este vorba despre Sec\u0163ia Neurochirurgie, Sec\u0163ia Hematologie I, Sec\u0163ia Clinic\u0103 Ortopedie I, Sec\u0163ia Clinic\u0103 Ortopedie II, Compartiment ORL, Compartiment chirurgie plastic\u0103 \u015fi microchirurgie reconstructiv\u0103.<\/p>\n<p>\u201cDecizia s-a impus ca urmare a faptului c\u0103 Spitalul Clinic Colentina a\u015fteapt\u0103 \u00een prezent eliberarea unei noi autoriza\u0163ii de func\u0163ionare din partea Direc\u0163iei de S\u0103n\u0103tate Public\u0103 a Municipiului Bucure\u015fti (DSP-MB), care s\u0103 includ\u0103 \u015fi sec\u0163iile \u015fi compartimentele sus-men\u0163ionate. Conducerea spitalului este \u00een contact permanent cu reprezentan\u0163ii DSP-MB \u015fi exist\u0103 toate premisele pentru ob\u0163inerea autoriza\u0163iei sanitare de func\u0163ionare la finalul acestei s\u0103pt\u0103m\u00e2ni \u015fi reluarea activit\u0103\u0163ii normale, inclusiv a intern\u0103rilor, la \u00eenceputul s\u0103pt\u0103m\u00e2nii viitoare\u201d, afirm\u0103 sursa citat\u0103.<\/p>\n<p>Conform aceleia\u015fi surse, pacien\u0163ii interna\u0163i \u00een prezent vor fi trata\u0163i de personalul medical cu \u201cgrij\u0103 \u015fi profesionalism\u201d, urm\u00e2nd a fi externa\u0163i treptat, pe m\u0103sur\u0103 ce afec\u0163iunile medicale pentru care sunt trata\u0163i se vor vindeca sau ameliora.<\/p>\n<p>De asemenea, pacien\u0163ii programa\u0163i \u015fi care temporar nu vor putea beneficia de internare vor fi reprograma\u0163i \u00een cel mai scurt timp, dup\u0103 ob\u0163inerea Autoriza\u0163iei Sanitare de Func\u0163ionare. AGERPRES\/(AS \u2013 autor: Roberto Stan, editor: Florin Marin, editor online: Simona Aru\u015ftei)<\/p>\n<p>Sursa:https:\/\/www.agerpres.ro\/sanatate\/2024\/12\/09\/patru-sectii-si-doua-compartimente-de-la-spitalul-colentina-nu-vor-mai-face-internari-de-marti\u20131400907<\/p>","protected":false},"excerpt":{"rendered":"<p>Spitalul Clinic Colentina a anun\u0163at c\u0103, \u00eencep\u00e2nd de mar\u0163i, temporar nu se vor mai face intern\u0103ri \u00een patru sec\u0163ii \u015fi dou\u0103 compartimente, ca urmare a faptului c\u0103 unitatea medical\u0103 a\u015fteapt\u0103 eliberarea unei noi autoriza\u0163ii de func\u0163ionare din partea Direc\u0163iei de S\u0103n\u0103tate Public\u0103 a Municipiului Bucure\u015fti. Potrivit unui comunicat remis AGERPRES, este vorba despre Sec\u0163ia Neurochirurgie,&#8230;<\/p>","protected":false},"author":4,"featured_media":1627,"comment_status":"open","ping_status":"open","sticky":false,"template":"","format":"standard","meta":{"footnotes":""},"categories":[1],"tags":[],"class_list":["post-1629","post","type-post","status-publish","format-standard","has-post-thumbnail","hentry","category-uncategorized"],"yoast_head":"<!-- This site is optimized with the Yoast SEO plugin v26.1.1 - https:\/\/yoast.com\/wordpress\/plugins\/seo\/ -->\n<title>Patru sec\u0163ii \u015fi dou\u0103 compartimente de la Spitalul Colentina nu vor mai face intern\u0103ri de mar\u0163i - Carpathia Center Romania<\/title>\n<meta name=\"robots\" content=\"index, follow, max-snippet:-1, max-image-preview:large, max-video-preview:-1\" \/>\n<link rel=\"canonical\" href=\"https:\/\/carpathiacenter.ro\/en\/patru-sectii-si-doua-compartimente-de-la-spitalul-colentina-nu-vor-mai-face-internari-de-marti\/\" \/>\n<meta property=\"og:locale\" content=\"en_GB\" \/>\n<meta property=\"og:type\" content=\"article\" \/>\n<meta property=\"og:title\" content=\"Patru sec\u0163ii \u015fi dou\u0103 compartimente de la Spitalul Colentina nu vor mai face intern\u0103ri de mar\u0163i - Carpathia Center Romania\" \/>\n<meta property=\"og:description\" content=\"Spitalul Clinic Colentina a anun\u0163at c\u0103, \u00eencep\u00e2nd de mar\u0163i, temporar nu se vor mai face intern\u0103ri \u00een patru sec\u0163ii \u015fi dou\u0103 compartimente, ca urmare a faptului c\u0103 unitatea medical\u0103 a\u015fteapt\u0103 eliberarea unei noi autoriza\u0163ii de func\u0163ionare din partea Direc\u0163iei de S\u0103n\u0103tate Public\u0103 a Municipiului Bucure\u015fti. Potrivit unui comunicat remis AGERPRES, este vorba despre Sec\u0163ia Neurochirurgie,...\" \/>\n<meta property=\"og:url\" content=\"https:\/\/carpathiacenter.ro\/en\/patru-sectii-si-doua-compartimente-de-la-spitalul-colentina-nu-vor-mai-face-internari-de-marti\/\" \/>\n<meta property=\"og:site_name\" content=\"Carpathia Center Romania\" \/>\n<meta property=\"article:publisher\" content=\"https:\/\/www.facebook.com\/fdpscarpathia\/\" \/>\n<meta property=\"article:published_time\" content=\"2024-12-10T20:33:06+00:00\" \/>\n<meta property=\"og:image\" content=\"https:\/\/carpathiacenter.ro\/wp-content\/uploads\/2024\/12\/spital-colentina-1.jpg\" \/>\n\t<meta property=\"og:image:width\" content=\"450\" \/>\n\t<meta property=\"og:image:height\" content=\"338\" \/>\n\t<meta property=\"og:image:type\" content=\"image\/jpeg\" \/>\n<meta name=\"author\" content=\"creativebitsolutions\" \/>\n<meta name=\"twitter:card\" content=\"summary_large_image\" \/>\n<meta name=\"twitter:label1\" content=\"Written by\" \/>\n\t<meta name=\"twitter:data1\" content=\"creativebitsolutions\" \/>\n\t<meta name=\"twitter:label2\" content=\"Estimated reading time\" \/>\n\t<meta name=\"twitter:data2\" content=\"1 minute\" \/>\n<script type=\"application\/ld+json\" class=\"yoast-schema-graph\">{\"@context\":\"https:\/\/schema.org\",\"@graph\":[{\"@type\":\"Article\",\"@id\":\"https:\/\/carpathiacenter.ro\/patru-sectii-si-doua-compartimente-de-la-spitalul-colentina-nu-vor-mai-face-internari-de-marti\/#article\",\"isPartOf\":{\"@id\":\"https:\/\/carpathiacenter.ro\/patru-sectii-si-doua-compartimente-de-la-spitalul-colentina-nu-vor-mai-face-internari-de-marti\/\"},\"author\":{\"name\":\"creativebitsolutions\",\"@id\":\"https:\/\/carpathiacenter.ro\/#\/schema\/person\/03d9f58202fee8379268f34afa195006\"},\"headline\":\"Patru sec\u0163ii \u015fi dou\u0103 compartimente de la Spitalul Colentina nu vor mai face intern\u0103ri de mar\u0163i\",\"datePublished\":\"2024-12-10T20:33:06+00:00\",\"mainEntityOfPage\":{\"@id\":\"https:\/\/carpathiacenter.ro\/patru-sectii-si-doua-compartimente-de-la-spitalul-colentina-nu-vor-mai-face-internari-de-marti\/\"},\"wordCount\":303,\"commentCount\":0,\"publisher\":{\"@id\":\"https:\/\/carpathiacenter.ro\/#organization\"},\"image\":{\"@id\":\"https:\/\/carpathiacenter.ro\/patru-sectii-si-doua-compartimente-de-la-spitalul-colentina-nu-vor-mai-face-internari-de-marti\/#primaryimage\"},\"thumbnailUrl\":\"https:\/\/carpathiacenter.ro\/wp-content\/uploads\/2024\/12\/spital-colentina-1.jpg\",\"articleSection\":[\"Uncategorized\"],\"inLanguage\":\"en-GB\",\"potentialAction\":[{\"@type\":\"CommentAction\",\"name\":\"Comment\",\"target\":[\"https:\/\/carpathiacenter.ro\/patru-sectii-si-doua-compartimente-de-la-spitalul-colentina-nu-vor-mai-face-internari-de-marti\/#respond\"]}]},{\"@type\":\"WebPage\",\"@id\":\"https:\/\/carpathiacenter.ro\/patru-sectii-si-doua-compartimente-de-la-spitalul-colentina-nu-vor-mai-face-internari-de-marti\/\",\"url\":\"https:\/\/carpathiacenter.ro\/patru-sectii-si-doua-compartimente-de-la-spitalul-colentina-nu-vor-mai-face-internari-de-marti\/\",\"name\":\"Patru sec\u0163ii \u015fi dou\u0103 compartimente de la Spitalul Colentina nu vor mai face intern\u0103ri de mar\u0163i - Carpathia Center Romania\",\"isPartOf\":{\"@id\":\"https:\/\/carpathiacenter.ro\/#website\"},\"primaryImageOfPage\":{\"@id\":\"https:\/\/carpathiacenter.ro\/patru-sectii-si-doua-compartimente-de-la-spitalul-colentina-nu-vor-mai-face-internari-de-marti\/#primaryimage\"},\"image\":{\"@id\":\"https:\/\/carpathiacenter.ro\/patru-sectii-si-doua-compartimente-de-la-spitalul-colentina-nu-vor-mai-face-internari-de-marti\/#primaryimage\"},\"thumbnailUrl\":\"https:\/\/carpathiacenter.ro\/wp-content\/uploads\/2024\/12\/spital-colentina-1.jpg\",\"datePublished\":\"2024-12-10T20:33:06+00:00\",\"breadcrumb\":{\"@id\":\"https:\/\/carpathiacenter.ro\/patru-sectii-si-doua-compartimente-de-la-spitalul-colentina-nu-vor-mai-face-internari-de-marti\/#breadcrumb\"},\"inLanguage\":\"en-GB\",\"potentialAction\":[{\"@type\":\"ReadAction\",\"target\":[\"https:\/\/carpathiacenter.ro\/patru-sectii-si-doua-compartimente-de-la-spitalul-colentina-nu-vor-mai-face-internari-de-marti\/\"]}]},{\"@type\":\"ImageObject\",\"inLanguage\":\"en-GB\",\"@id\":\"https:\/\/carpathiacenter.ro\/patru-sectii-si-doua-compartimente-de-la-spitalul-colentina-nu-vor-mai-face-internari-de-marti\/#primaryimage\",\"url\":\"https:\/\/carpathiacenter.ro\/wp-content\/uploads\/2024\/12\/spital-colentina-1.jpg\",\"contentUrl\":\"https:\/\/carpathiacenter.ro\/wp-content\/uploads\/2024\/12\/spital-colentina-1.jpg\",\"width\":450,\"height\":338},{\"@type\":\"BreadcrumbList\",\"@id\":\"https:\/\/carpathiacenter.ro\/patru-sectii-si-doua-compartimente-de-la-spitalul-colentina-nu-vor-mai-face-internari-de-marti\/#breadcrumb\",\"itemListElement\":[{\"@type\":\"ListItem\",\"position\":1,\"name\":\"Prima pagin\u0103\",\"item\":\"https:\/\/carpathiacenter.ro\/\"},{\"@type\":\"ListItem\",\"position\":2,\"name\":\"Patru sec\u0163ii \u015fi dou\u0103 compartimente de la Spitalul Colentina nu vor mai face intern\u0103ri de mar\u0163i\"}]},{\"@type\":\"WebSite\",\"@id\":\"https:\/\/carpathiacenter.ro\/#website\",\"url\":\"https:\/\/carpathiacenter.ro\/\",\"name\":\"Carpathia Center Romania\",\"description\":\"Impossible made possible!\",\"publisher\":{\"@id\":\"https:\/\/carpathiacenter.ro\/#organization\"},\"potentialAction\":[{\"@type\":\"SearchAction\",\"target\":{\"@type\":\"EntryPoint\",\"urlTemplate\":\"https:\/\/carpathiacenter.ro\/?s={search_term_string}\"},\"query-input\":{\"@type\":\"PropertyValueSpecification\",\"valueRequired\":true,\"valueName\":\"search_term_string\"}}],\"inLanguage\":\"en-GB\"},{\"@type\":\"Organization\",\"@id\":\"https:\/\/carpathiacenter.ro\/#organization\",\"name\":\"Carpathia Center Romania\",\"url\":\"https:\/\/carpathiacenter.ro\/\",\"logo\":{\"@type\":\"ImageObject\",\"inLanguage\":\"en-GB\",\"@id\":\"https:\/\/carpathiacenter.ro\/#\/schema\/logo\/image\/\",\"url\":\"https:\/\/carpathiacenter.ro\/wp-content\/uploads\/2024\/07\/logo-carpathia_bg_white-1024x941.png\",\"contentUrl\":\"https:\/\/carpathiacenter.ro\/wp-content\/uploads\/2024\/07\/logo-carpathia_bg_white-1024x941.png\",\"width\":1024,\"height\":941,\"caption\":\"Carpathia Center Romania\"},\"image\":{\"@id\":\"https:\/\/carpathiacenter.ro\/#\/schema\/logo\/image\/\"},\"sameAs\":[\"https:\/\/www.facebook.com\/fdpscarpathia\/\"]},{\"@type\":\"Person\",\"@id\":\"https:\/\/carpathiacenter.ro\/#\/schema\/person\/03d9f58202fee8379268f34afa195006\",\"name\":\"creativebitsolutions\",\"image\":{\"@type\":\"ImageObject\",\"inLanguage\":\"en-GB\",\"@id\":\"https:\/\/carpathiacenter.ro\/#\/schema\/person\/image\/\",\"url\":\"https:\/\/secure.gravatar.com\/avatar\/1b1a13e37f847c635dab78348f1dff2f07651ee2a3d77a5c355a4b8c75f9165a?s=96&d=mm&r=g\",\"contentUrl\":\"https:\/\/secure.gravatar.com\/avatar\/1b1a13e37f847c635dab78348f1dff2f07651ee2a3d77a5c355a4b8c75f9165a?s=96&d=mm&r=g\",\"caption\":\"creativebitsolutions\"},\"url\":\"https:\/\/carpathiacenter.ro\/en\/author\/creativebitsolutions\/\"}]}<\/script>\n<!-- \/ Yoast SEO plugin. -->","yoast_head_json":{"title":"Patru sec\u0163ii \u015fi dou\u0103 compartimente de la Spitalul Colentina nu vor mai face intern\u0103ri de mar\u0163i - Carpathia Center Romania","robots":{"index":"index","follow":"follow","max-snippet":"max-snippet:-1","max-image-preview":"max-image-preview:large","max-video-preview":"max-video-preview:-1"},"canonical":"https:\/\/carpathiacenter.ro\/en\/patru-sectii-si-doua-compartimente-de-la-spitalul-colentina-nu-vor-mai-face-internari-de-marti\/","og_locale":"en_GB","og_type":"article","og_title":"Patru sec\u0163ii \u015fi dou\u0103 compartimente de la Spitalul Colentina nu vor mai face intern\u0103ri de mar\u0163i - Carpathia Center Romania","og_description":"Spitalul Clinic Colentina a anun\u0163at c\u0103, \u00eencep\u00e2nd de mar\u0163i, temporar nu se vor mai face intern\u0103ri \u00een patru sec\u0163ii \u015fi dou\u0103 compartimente, ca urmare a faptului c\u0103 unitatea medical\u0103 a\u015fteapt\u0103 eliberarea unei noi autoriza\u0163ii de func\u0163ionare din partea Direc\u0163iei de S\u0103n\u0103tate Public\u0103 a Municipiului Bucure\u015fti. Potrivit unui comunicat remis AGERPRES, este vorba despre Sec\u0163ia Neurochirurgie,...","og_url":"https:\/\/carpathiacenter.ro\/en\/patru-sectii-si-doua-compartimente-de-la-spitalul-colentina-nu-vor-mai-face-internari-de-marti\/","og_site_name":"Carpathia Center Romania","article_publisher":"https:\/\/www.facebook.com\/fdpscarpathia\/","article_published_time":"2024-12-10T20:33:06+00:00","og_image":[{"width":450,"height":338,"url":"https:\/\/carpathiacenter.ro\/wp-content\/uploads\/2024\/12\/spital-colentina-1.jpg","type":"image\/jpeg"}],"author":"creativebitsolutions","twitter_card":"summary_large_image","twitter_misc":{"Written by":"creativebitsolutions","Estimated reading time":"1 minute"},"schema":{"@context":"https:\/\/schema.org","@graph":[{"@type":"Article","@id":"https:\/\/carpathiacenter.ro\/patru-sectii-si-doua-compartimente-de-la-spitalul-colentina-nu-vor-mai-face-internari-de-marti\/#article","isPartOf":{"@id":"https:\/\/carpathiacenter.ro\/patru-sectii-si-doua-compartimente-de-la-spitalul-colentina-nu-vor-mai-face-internari-de-marti\/"},"author":{"name":"creativebitsolutions","@id":"https:\/\/carpathiacenter.ro\/#\/schema\/person\/03d9f58202fee8379268f34afa195006"},"headline":"Patru sec\u0163ii \u015fi dou\u0103 compartimente de la Spitalul Colentina nu vor mai face intern\u0103ri de mar\u0163i","datePublished":"2024-12-10T20:33:06+00:00","mainEntityOfPage":{"@id":"https:\/\/carpathiacenter.ro\/patru-sectii-si-doua-compartimente-de-la-spitalul-colentina-nu-vor-mai-face-internari-de-marti\/"},"wordCount":303,"commentCount":0,"publisher":{"@id":"https:\/\/carpathiacenter.ro\/#organization"},"image":{"@id":"https:\/\/carpathiacenter.ro\/patru-sectii-si-doua-compartimente-de-la-spitalul-colentina-nu-vor-mai-face-internari-de-marti\/#primaryimage"},"thumbnailUrl":"https:\/\/carpathiacenter.ro\/wp-content\/uploads\/2024\/12\/spital-colentina-1.jpg","articleSection":["Uncategorized"],"inLanguage":"en-GB","potentialAction":[{"@type":"CommentAction","name":"Comment","target":["https:\/\/carpathiacenter.ro\/patru-sectii-si-doua-compartimente-de-la-spitalul-colentina-nu-vor-mai-face-internari-de-marti\/#respond"]}]},{"@type":"WebPage","@id":"https:\/\/carpathiacenter.ro\/patru-sectii-si-doua-compartimente-de-la-spitalul-colentina-nu-vor-mai-face-internari-de-marti\/","url":"https:\/\/carpathiacenter.ro\/patru-sectii-si-doua-compartimente-de-la-spitalul-colentina-nu-vor-mai-face-internari-de-marti\/","name":"Patru sec\u0163ii \u015fi dou\u0103 compartimente de la Spitalul Colentina nu vor mai face intern\u0103ri de mar\u0163i - Carpathia Center Romania","isPartOf":{"@id":"https:\/\/carpathiacenter.ro\/#website"},"primaryImageOfPage":{"@id":"https:\/\/carpathiacenter.ro\/patru-sectii-si-doua-compartimente-de-la-spitalul-colentina-nu-vor-mai-face-internari-de-marti\/#primaryimage"},"image":{"@id":"https:\/\/carpathiacenter.ro\/patru-sectii-si-doua-compartimente-de-la-spitalul-colentina-nu-vor-mai-face-internari-de-marti\/#primaryimage"},"thumbnailUrl":"https:\/\/carpathiacenter.ro\/wp-content\/uploads\/2024\/12\/spital-colentina-1.jpg","datePublished":"2024-12-10T20:33:06+00:00","breadcrumb":{"@id":"https:\/\/carpathiacenter.ro\/patru-sectii-si-doua-compartimente-de-la-spitalul-colentina-nu-vor-mai-face-internari-de-marti\/#breadcrumb"},"inLanguage":"en-GB","potentialAction":[{"@type":"ReadAction","target":["https:\/\/carpathiacenter.ro\/patru-sectii-si-doua-compartimente-de-la-spitalul-colentina-nu-vor-mai-face-internari-de-marti\/"]}]},{"@type":"ImageObject","inLanguage":"en-GB","@id":"https:\/\/carpathiacenter.ro\/patru-sectii-si-doua-compartimente-de-la-spitalul-colentina-nu-vor-mai-face-internari-de-marti\/#primaryimage","url":"https:\/\/carpathiacenter.ro\/wp-content\/uploads\/2024\/12\/spital-colentina-1.jpg","contentUrl":"https:\/\/carpathiacenter.ro\/wp-content\/uploads\/2024\/12\/spital-colentina-1.jpg","width":450,"height":338},{"@type":"BreadcrumbList","@id":"https:\/\/carpathiacenter.ro\/patru-sectii-si-doua-compartimente-de-la-spitalul-colentina-nu-vor-mai-face-internari-de-marti\/#breadcrumb","itemListElement":[{"@type":"ListItem","position":1,"name":"Prima pagin\u0103","item":"https:\/\/carpathiacenter.ro\/"},{"@type":"ListItem","position":2,"name":"Patru sec\u0163ii \u015fi dou\u0103 compartimente de la Spitalul Colentina nu vor mai face intern\u0103ri de mar\u0163i"}]},{"@type":"WebSite","@id":"https:\/\/carpathiacenter.ro\/#website","url":"https:\/\/carpathiacenter.ro\/","name":"Carpathia Center Romania","description":"Impossible made possible!","publisher":{"@id":"https:\/\/carpathiacenter.ro\/#organization"},"potentialAction":[{"@type":"SearchAction","target":{"@type":"EntryPoint","urlTemplate":"https:\/\/carpathiacenter.ro\/?s={search_term_string}"},"query-input":{"@type":"PropertyValueSpecification","valueRequired":true,"valueName":"search_term_string"}}],"inLanguage":"en-GB"},{"@type":"Organization","@id":"https:\/\/carpathiacenter.ro\/#organization","name":"Carpathia Center Romania","url":"https:\/\/carpathiacenter.ro\/","logo":{"@type":"ImageObject","inLanguage":"en-GB","@id":"https:\/\/carpathiacenter.ro\/#\/schema\/logo\/image\/","url":"https:\/\/carpathiacenter.ro\/wp-content\/uploads\/2024\/07\/logo-carpathia_bg_white-1024x941.png","contentUrl":"https:\/\/carpathiacenter.ro\/wp-content\/uploads\/2024\/07\/logo-carpathia_bg_white-1024x941.png","width":1024,"height":941,"caption":"Carpathia Center Romania"},"image":{"@id":"https:\/\/carpathiacenter.ro\/#\/schema\/logo\/image\/"},"sameAs":["https:\/\/www.facebook.com\/fdpscarpathia\/"]},{"@type":"Person","@id":"https:\/\/carpathiacenter.ro\/#\/schema\/person\/03d9f58202fee8379268f34afa195006","name":"creativebitsolutions","image":{"@type":"ImageObject","inLanguage":"en-GB","@id":"https:\/\/carpathiacenter.ro\/#\/schema\/person\/image\/","url":"https:\/\/secure.gravatar.com\/avatar\/1b1a13e37f847c635dab78348f1dff2f07651ee2a3d77a5c355a4b8c75f9165a?s=96&d=mm&r=g","contentUrl":"https:\/\/secure.gravatar.com\/avatar\/1b1a13e37f847c635dab78348f1dff2f07651ee2a3d77a5c355a4b8c75f9165a?s=96&d=mm&r=g","caption":"creativebitsolutions"},"url":"https:\/\/carpathiacenter.ro\/en\/author\/creativebitsolutions\/"}]}},"_links":{"self":[{"href":"https:\/\/carpathiacenter.ro\/en\/wp-json\/wp\/v2\/posts\/1629","targetHints":{"allow":["GET"]}}],"collection":[{"href":"https:\/\/carpathiacenter.ro\/en\/wp-json\/wp\/v2\/posts"}],"about":[{"href":"https:\/\/carpathiacenter.ro\/en\/wp-json\/wp\/v2\/types\/post"}],"author":[{"embeddable":true,"href":"https:\/\/carpathiacenter.ro\/en\/wp-json\/wp\/v2\/users\/4"}],"replies":[{"embeddable":true,"href":"https:\/\/carpathiacenter.ro\/en\/wp-json\/wp\/v2\/comments?post=1629"}],"version-history":[{"count":1,"href":"https:\/\/carpathiacenter.ro\/en\/wp-json\/wp\/v2\/posts\/1629\/revisions"}],"predecessor-version":[{"id":1630,"href":"https:\/\/carpathiacenter.ro\/en\/wp-json\/wp\/v2\/posts\/1629\/revisions\/1630"}],"wp:featuredmedia":[{"embeddable":true,"href":"https:\/\/carpathiacenter.ro\/en\/wp-json\/wp\/v2\/media\/1627"}],"wp:attachment":[{"href":"https:\/\/carpathiacenter.ro\/en\/wp-json\/wp\/v2\/media?parent=1629"}],"wp:term":[{"taxonomy":"category","embeddable":true,"href":"https:\/\/carpathiacenter.ro\/en\/wp-json\/wp\/v2\/categories?post=1629"},{"taxonomy":"post_tag","embeddable":true,"href":"https:\/\/carpathiacenter.ro\/en\/wp-json\/wp\/v2\/tags?post=1629"}],"curies":[{"name":"wp","href":"https:\/\/api.w.org\/{rel}","templated":true}]}}