{"id":1625,"date":"2024-12-10T20:31:47","date_gmt":"2024-12-10T20:31:47","guid":{"rendered":"https:\/\/carpathiacenter.ro\/?p=1625"},"modified":"2024-12-10T20:31:47","modified_gmt":"2024-12-10T20:31:47","slug":"bolos-vrem-sa-majoram-cu-750-de-milioane-de-lei-bugetul-alocat-primei-sesiuni-a-schemei-de-ajutor-pentru-antreprenori","status":"publish","type":"post","link":"https:\/\/carpathiacenter.ro\/en\/bolos-vrem-sa-majoram-cu-750-de-milioane-de-lei-bugetul-alocat-primei-sesiuni-a-schemei-de-ajutor-pentru-antreprenori\/","title":{"rendered":"Bolo\u015f: Vrem s\u0103 major\u0103m cu 750 de milioane de lei bugetul alocat primei sesiuni a schemei de ajutor pentru antreprenori"},"content":{"rendered":"<p><strong>Bugetul primei sesiuni din cadrul schemei de ajutor de stat pentru antreprenorii preg\u0103ti\u0163i s\u0103 fac\u0103 investi\u0163ii majore \u00een Rom\u00e2nia va fi majorat cu 750 de milioane de lei, a anun\u0163at, luni, ministrul Finan\u0163elor, Marcel Bolo\u015f.<\/strong><\/p>\n<p>\u201cVoi propune \u00een Guvern suplimentarea bugetului primei sesiuni din cadrul schemei de ajutor de stat instituit\u0103 prin HG 300\/2024. Concret, vrem s\u0103 major\u0103m cu 750 de milioane de lei bugetul alocat ini\u0163ial, ajung\u00e2nd la un total de 1,5 miliarde de lei.<br \/>\nReamintesc c\u0103 bugetul schemei este de 2,25 miliarde lei \u015fi vizeaz\u0103 investi\u0163iile majore, de minimum 50 milioane lei, \u00een industriile cu tradi\u0163ie \u00een Rom\u00e2nia\u201d, a scris Bolo\u015f, pe Facebook.<\/p>\n<p>Potrivit sursei citate, decizia vine pe fondul calit\u0103\u0163ii ridicate a proiectelor depuse, \u00een special \u00een industria prelucr\u0103toare \u2013 un domeniu-cheie pentru modernizarea \u015fi cre\u015fterea competitivit\u0103\u0163ii economiei Rom\u00e2niei.<\/p>\n<p>\u201cDe ce este aceast\u0103 schem\u0103 at\u00e2t de important\u0103? Efectul multiplicator este esen\u0163ial. Fiecare investi\u0163ie genereaz\u0103 valoare \u00een lan\u0163: stimuleaz\u0103 investi\u0163iile majore \u00een regiunile mai pu\u0163in dezvoltate; aduce locuri noi de munc\u0103 bine pl\u0103tite \u015fi specializate; integreaz\u0103 furnizorii locali \u00een proiecte mari, gener\u00e2nd noi oportunit\u0103\u0163i de afaceri; contribuie la modernizarea proceselor industriale \u015fi adoptarea de tehnologii avansate, companiile devin mai competitive pe pie\u0163ele interna\u0163ionale \u015fi stimuleaz\u0103 exporturile\u201d, a subliniat Bolo\u015f.<\/p>\n<p>Acesta consider\u0103 c\u0103 fiecare leu investit face ca beneficiile s\u0103 fie resim\u0163ite nu doar de companiile sprijinite, ci de \u00eentreaga economie. \u201cAceasta este adev\u0103rata putere a unui sprijin bine calibrat: s\u0103 transforme investi\u0163iile \u00een p\u00e2rghii reale pentru dezvoltare regional\u0103\u201d, a mai scris Bolo\u015f pe re\u0163eaua de socializare. AGERPRES\/(AS \u2013 editor: Mariana Nica, editor online: Simona Aru\u015ftei)<\/p>\n<p>Sursa:https:\/\/www.agerpres.ro\/economic-intern\/2024\/12\/09\/bolos-vrem-sa-majoram-cu-750-de-milioane-de-lei-bugetul-alocat-primei-sesiuni-a-schemei-de-ajutor-pentru-antreprenori\u20131400905<\/p>","protected":false},"excerpt":{"rendered":"<p>Bugetul primei sesiuni din cadrul schemei de ajutor de stat pentru antreprenorii preg\u0103ti\u0163i s\u0103 fac\u0103 investi\u0163ii majore \u00een Rom\u00e2nia va fi majorat cu 750 de milioane de lei, a anun\u0163at, luni, ministrul Finan\u0163elor, Marcel Bolo\u015f. \u201cVoi propune \u00een Guvern suplimentarea bugetului primei sesiuni din cadrul schemei de ajutor de stat instituit\u0103 prin HG 300\/2024. Concret,&#8230;<\/p>","protected":false},"author":4,"featured_media":1626,"comment_status":"open","ping_status":"open","sticky":false,"template":"","format":"standard","meta":{"footnotes":""},"categories":[1],"tags":[],"class_list":["post-1625","post","type-post","status-publish","format-standard","has-post-thumbnail","hentry","category-uncategorized"],"yoast_head":"<!-- This site is optimized with the Yoast SEO plugin v26.1.1 - https:\/\/yoast.com\/wordpress\/plugins\/seo\/ -->\n<title>Bolo\u015f: Vrem s\u0103 major\u0103m cu 750 de milioane de lei bugetul alocat primei sesiuni a schemei de ajutor pentru antreprenori - Carpathia Center Romania<\/title>\n<meta name=\"robots\" content=\"index, follow, max-snippet:-1, max-image-preview:large, max-video-preview:-1\" \/>\n<link rel=\"canonical\" href=\"https:\/\/carpathiacenter.ro\/en\/bolos-vrem-sa-majoram-cu-750-de-milioane-de-lei-bugetul-alocat-primei-sesiuni-a-schemei-de-ajutor-pentru-antreprenori\/\" \/>\n<meta property=\"og:locale\" content=\"en_GB\" \/>\n<meta property=\"og:type\" content=\"article\" \/>\n<meta property=\"og:title\" content=\"Bolo\u015f: Vrem s\u0103 major\u0103m cu 750 de milioane de lei bugetul alocat primei sesiuni a schemei de ajutor pentru antreprenori - Carpathia Center Romania\" \/>\n<meta property=\"og:description\" content=\"Bugetul primei sesiuni din cadrul schemei de ajutor de stat pentru antreprenorii preg\u0103ti\u0163i s\u0103 fac\u0103 investi\u0163ii majore \u00een Rom\u00e2nia va fi majorat cu 750 de milioane de lei, a anun\u0163at, luni, ministrul Finan\u0163elor, Marcel Bolo\u015f. \u201cVoi propune \u00een Guvern suplimentarea bugetului primei sesiuni din cadrul schemei de ajutor de stat instituit\u0103 prin HG 300\/2024. Concret,...\" \/>\n<meta property=\"og:url\" content=\"https:\/\/carpathiacenter.ro\/en\/bolos-vrem-sa-majoram-cu-750-de-milioane-de-lei-bugetul-alocat-primei-sesiuni-a-schemei-de-ajutor-pentru-antreprenori\/\" \/>\n<meta property=\"og:site_name\" content=\"Carpathia Center Romania\" \/>\n<meta property=\"article:publisher\" content=\"https:\/\/www.facebook.com\/fdpscarpathia\/\" \/>\n<meta property=\"article:published_time\" content=\"2024-12-10T20:31:47+00:00\" \/>\n<meta property=\"og:image\" content=\"https:\/\/carpathiacenter.ro\/wp-content\/uploads\/2024\/12\/bolos-buget-schema-ajutor-antreprenori-18931414.jpg\" \/>\n\t<meta property=\"og:image:width\" content=\"820\" \/>\n\t<meta property=\"og:image:height\" content=\"546\" \/>\n\t<meta property=\"og:image:type\" content=\"image\/jpeg\" \/>\n<meta name=\"author\" content=\"creativebitsolutions\" \/>\n<meta name=\"twitter:card\" content=\"summary_large_image\" \/>\n<meta name=\"twitter:label1\" content=\"Written by\" \/>\n\t<meta name=\"twitter:data1\" content=\"creativebitsolutions\" \/>\n\t<meta name=\"twitter:label2\" content=\"Estimated reading time\" \/>\n\t<meta name=\"twitter:data2\" content=\"1 minute\" \/>\n<script type=\"application\/ld+json\" class=\"yoast-schema-graph\">{\"@context\":\"https:\/\/schema.org\",\"@graph\":[{\"@type\":\"Article\",\"@id\":\"https:\/\/carpathiacenter.ro\/bolos-vrem-sa-majoram-cu-750-de-milioane-de-lei-bugetul-alocat-primei-sesiuni-a-schemei-de-ajutor-pentru-antreprenori\/#article\",\"isPartOf\":{\"@id\":\"https:\/\/carpathiacenter.ro\/bolos-vrem-sa-majoram-cu-750-de-milioane-de-lei-bugetul-alocat-primei-sesiuni-a-schemei-de-ajutor-pentru-antreprenori\/\"},\"author\":{\"name\":\"creativebitsolutions\",\"@id\":\"https:\/\/carpathiacenter.ro\/#\/schema\/person\/03d9f58202fee8379268f34afa195006\"},\"headline\":\"Bolo\u015f: Vrem s\u0103 major\u0103m cu 750 de milioane de lei bugetul alocat primei sesiuni a schemei de ajutor pentru antreprenori\",\"datePublished\":\"2024-12-10T20:31:47+00:00\",\"mainEntityOfPage\":{\"@id\":\"https:\/\/carpathiacenter.ro\/bolos-vrem-sa-majoram-cu-750-de-milioane-de-lei-bugetul-alocat-primei-sesiuni-a-schemei-de-ajutor-pentru-antreprenori\/\"},\"wordCount\":311,\"commentCount\":0,\"publisher\":{\"@id\":\"https:\/\/carpathiacenter.ro\/#organization\"},\"image\":{\"@id\":\"https:\/\/carpathiacenter.ro\/bolos-vrem-sa-majoram-cu-750-de-milioane-de-lei-bugetul-alocat-primei-sesiuni-a-schemei-de-ajutor-pentru-antreprenori\/#primaryimage\"},\"thumbnailUrl\":\"https:\/\/carpathiacenter.ro\/wp-content\/uploads\/2024\/12\/bolos-buget-schema-ajutor-antreprenori-18931414.jpg\",\"articleSection\":[\"Uncategorized\"],\"inLanguage\":\"en-GB\",\"potentialAction\":[{\"@type\":\"CommentAction\",\"name\":\"Comment\",\"target\":[\"https:\/\/carpathiacenter.ro\/bolos-vrem-sa-majoram-cu-750-de-milioane-de-lei-bugetul-alocat-primei-sesiuni-a-schemei-de-ajutor-pentru-antreprenori\/#respond\"]}]},{\"@type\":\"WebPage\",\"@id\":\"https:\/\/carpathiacenter.ro\/bolos-vrem-sa-majoram-cu-750-de-milioane-de-lei-bugetul-alocat-primei-sesiuni-a-schemei-de-ajutor-pentru-antreprenori\/\",\"url\":\"https:\/\/carpathiacenter.ro\/bolos-vrem-sa-majoram-cu-750-de-milioane-de-lei-bugetul-alocat-primei-sesiuni-a-schemei-de-ajutor-pentru-antreprenori\/\",\"name\":\"Bolo\u015f: Vrem s\u0103 major\u0103m cu 750 de milioane de lei bugetul alocat primei sesiuni a schemei de ajutor pentru antreprenori - Carpathia Center Romania\",\"isPartOf\":{\"@id\":\"https:\/\/carpathiacenter.ro\/#website\"},\"primaryImageOfPage\":{\"@id\":\"https:\/\/carpathiacenter.ro\/bolos-vrem-sa-majoram-cu-750-de-milioane-de-lei-bugetul-alocat-primei-sesiuni-a-schemei-de-ajutor-pentru-antreprenori\/#primaryimage\"},\"image\":{\"@id\":\"https:\/\/carpathiacenter.ro\/bolos-vrem-sa-majoram-cu-750-de-milioane-de-lei-bugetul-alocat-primei-sesiuni-a-schemei-de-ajutor-pentru-antreprenori\/#primaryimage\"},\"thumbnailUrl\":\"https:\/\/carpathiacenter.ro\/wp-content\/uploads\/2024\/12\/bolos-buget-schema-ajutor-antreprenori-18931414.jpg\",\"datePublished\":\"2024-12-10T20:31:47+00:00\",\"breadcrumb\":{\"@id\":\"https:\/\/carpathiacenter.ro\/bolos-vrem-sa-majoram-cu-750-de-milioane-de-lei-bugetul-alocat-primei-sesiuni-a-schemei-de-ajutor-pentru-antreprenori\/#breadcrumb\"},\"inLanguage\":\"en-GB\",\"potentialAction\":[{\"@type\":\"ReadAction\",\"target\":[\"https:\/\/carpathiacenter.ro\/bolos-vrem-sa-majoram-cu-750-de-milioane-de-lei-bugetul-alocat-primei-sesiuni-a-schemei-de-ajutor-pentru-antreprenori\/\"]}]},{\"@type\":\"ImageObject\",\"inLanguage\":\"en-GB\",\"@id\":\"https:\/\/carpathiacenter.ro\/bolos-vrem-sa-majoram-cu-750-de-milioane-de-lei-bugetul-alocat-primei-sesiuni-a-schemei-de-ajutor-pentru-antreprenori\/#primaryimage\",\"url\":\"https:\/\/carpathiacenter.ro\/wp-content\/uploads\/2024\/12\/bolos-buget-schema-ajutor-antreprenori-18931414.jpg\",\"contentUrl\":\"https:\/\/carpathiacenter.ro\/wp-content\/uploads\/2024\/12\/bolos-buget-schema-ajutor-antreprenori-18931414.jpg\",\"width\":820,\"height\":546},{\"@type\":\"BreadcrumbList\",\"@id\":\"https:\/\/carpathiacenter.ro\/bolos-vrem-sa-majoram-cu-750-de-milioane-de-lei-bugetul-alocat-primei-sesiuni-a-schemei-de-ajutor-pentru-antreprenori\/#breadcrumb\",\"itemListElement\":[{\"@type\":\"ListItem\",\"position\":1,\"name\":\"Prima pagin\u0103\",\"item\":\"https:\/\/carpathiacenter.ro\/\"},{\"@type\":\"ListItem\",\"position\":2,\"name\":\"Bolo\u015f: Vrem s\u0103 major\u0103m cu 750 de milioane de lei bugetul alocat primei sesiuni a schemei de ajutor pentru antreprenori\"}]},{\"@type\":\"WebSite\",\"@id\":\"https:\/\/carpathiacenter.ro\/#website\",\"url\":\"https:\/\/carpathiacenter.ro\/\",\"name\":\"Carpathia Center Romania\",\"description\":\"Impossible made possible!\",\"publisher\":{\"@id\":\"https:\/\/carpathiacenter.ro\/#organization\"},\"potentialAction\":[{\"@type\":\"SearchAction\",\"target\":{\"@type\":\"EntryPoint\",\"urlTemplate\":\"https:\/\/carpathiacenter.ro\/?s={search_term_string}\"},\"query-input\":{\"@type\":\"PropertyValueSpecification\",\"valueRequired\":true,\"valueName\":\"search_term_string\"}}],\"inLanguage\":\"en-GB\"},{\"@type\":\"Organization\",\"@id\":\"https:\/\/carpathiacenter.ro\/#organization\",\"name\":\"Carpathia Center Romania\",\"url\":\"https:\/\/carpathiacenter.ro\/\",\"logo\":{\"@type\":\"ImageObject\",\"inLanguage\":\"en-GB\",\"@id\":\"https:\/\/carpathiacenter.ro\/#\/schema\/logo\/image\/\",\"url\":\"https:\/\/carpathiacenter.ro\/wp-content\/uploads\/2024\/07\/logo-carpathia_bg_white-1024x941.png\",\"contentUrl\":\"https:\/\/carpathiacenter.ro\/wp-content\/uploads\/2024\/07\/logo-carpathia_bg_white-1024x941.png\",\"width\":1024,\"height\":941,\"caption\":\"Carpathia Center Romania\"},\"image\":{\"@id\":\"https:\/\/carpathiacenter.ro\/#\/schema\/logo\/image\/\"},\"sameAs\":[\"https:\/\/www.facebook.com\/fdpscarpathia\/\"]},{\"@type\":\"Person\",\"@id\":\"https:\/\/carpathiacenter.ro\/#\/schema\/person\/03d9f58202fee8379268f34afa195006\",\"name\":\"creativebitsolutions\",\"image\":{\"@type\":\"ImageObject\",\"inLanguage\":\"en-GB\",\"@id\":\"https:\/\/carpathiacenter.ro\/#\/schema\/person\/image\/\",\"url\":\"https:\/\/secure.gravatar.com\/avatar\/1b1a13e37f847c635dab78348f1dff2f07651ee2a3d77a5c355a4b8c75f9165a?s=96&d=mm&r=g\",\"contentUrl\":\"https:\/\/secure.gravatar.com\/avatar\/1b1a13e37f847c635dab78348f1dff2f07651ee2a3d77a5c355a4b8c75f9165a?s=96&d=mm&r=g\",\"caption\":\"creativebitsolutions\"},\"url\":\"https:\/\/carpathiacenter.ro\/en\/author\/creativebitsolutions\/\"}]}<\/script>\n<!-- \/ Yoast SEO plugin. -->","yoast_head_json":{"title":"Bolo\u015f: Vrem s\u0103 major\u0103m cu 750 de milioane de lei bugetul alocat primei sesiuni a schemei de ajutor pentru antreprenori - Carpathia Center Romania","robots":{"index":"index","follow":"follow","max-snippet":"max-snippet:-1","max-image-preview":"max-image-preview:large","max-video-preview":"max-video-preview:-1"},"canonical":"https:\/\/carpathiacenter.ro\/en\/bolos-vrem-sa-majoram-cu-750-de-milioane-de-lei-bugetul-alocat-primei-sesiuni-a-schemei-de-ajutor-pentru-antreprenori\/","og_locale":"en_GB","og_type":"article","og_title":"Bolo\u015f: Vrem s\u0103 major\u0103m cu 750 de milioane de lei bugetul alocat primei sesiuni a schemei de ajutor pentru antreprenori - Carpathia Center Romania","og_description":"Bugetul primei sesiuni din cadrul schemei de ajutor de stat pentru antreprenorii preg\u0103ti\u0163i s\u0103 fac\u0103 investi\u0163ii majore \u00een Rom\u00e2nia va fi majorat cu 750 de milioane de lei, a anun\u0163at, luni, ministrul Finan\u0163elor, Marcel Bolo\u015f. \u201cVoi propune \u00een Guvern suplimentarea bugetului primei sesiuni din cadrul schemei de ajutor de stat instituit\u0103 prin HG 300\/2024. Concret,...","og_url":"https:\/\/carpathiacenter.ro\/en\/bolos-vrem-sa-majoram-cu-750-de-milioane-de-lei-bugetul-alocat-primei-sesiuni-a-schemei-de-ajutor-pentru-antreprenori\/","og_site_name":"Carpathia Center Romania","article_publisher":"https:\/\/www.facebook.com\/fdpscarpathia\/","article_published_time":"2024-12-10T20:31:47+00:00","og_image":[{"width":820,"height":546,"url":"https:\/\/carpathiacenter.ro\/wp-content\/uploads\/2024\/12\/bolos-buget-schema-ajutor-antreprenori-18931414.jpg","type":"image\/jpeg"}],"author":"creativebitsolutions","twitter_card":"summary_large_image","twitter_misc":{"Written by":"creativebitsolutions","Estimated reading time":"1 minute"},"schema":{"@context":"https:\/\/schema.org","@graph":[{"@type":"Article","@id":"https:\/\/carpathiacenter.ro\/bolos-vrem-sa-majoram-cu-750-de-milioane-de-lei-bugetul-alocat-primei-sesiuni-a-schemei-de-ajutor-pentru-antreprenori\/#article","isPartOf":{"@id":"https:\/\/carpathiacenter.ro\/bolos-vrem-sa-majoram-cu-750-de-milioane-de-lei-bugetul-alocat-primei-sesiuni-a-schemei-de-ajutor-pentru-antreprenori\/"},"author":{"name":"creativebitsolutions","@id":"https:\/\/carpathiacenter.ro\/#\/schema\/person\/03d9f58202fee8379268f34afa195006"},"headline":"Bolo\u015f: Vrem s\u0103 major\u0103m cu 750 de milioane de lei bugetul alocat primei sesiuni a schemei de ajutor pentru antreprenori","datePublished":"2024-12-10T20:31:47+00:00","mainEntityOfPage":{"@id":"https:\/\/carpathiacenter.ro\/bolos-vrem-sa-majoram-cu-750-de-milioane-de-lei-bugetul-alocat-primei-sesiuni-a-schemei-de-ajutor-pentru-antreprenori\/"},"wordCount":311,"commentCount":0,"publisher":{"@id":"https:\/\/carpathiacenter.ro\/#organization"},"image":{"@id":"https:\/\/carpathiacenter.ro\/bolos-vrem-sa-majoram-cu-750-de-milioane-de-lei-bugetul-alocat-primei-sesiuni-a-schemei-de-ajutor-pentru-antreprenori\/#primaryimage"},"thumbnailUrl":"https:\/\/carpathiacenter.ro\/wp-content\/uploads\/2024\/12\/bolos-buget-schema-ajutor-antreprenori-18931414.jpg","articleSection":["Uncategorized"],"inLanguage":"en-GB","potentialAction":[{"@type":"CommentAction","name":"Comment","target":["https:\/\/carpathiacenter.ro\/bolos-vrem-sa-majoram-cu-750-de-milioane-de-lei-bugetul-alocat-primei-sesiuni-a-schemei-de-ajutor-pentru-antreprenori\/#respond"]}]},{"@type":"WebPage","@id":"https:\/\/carpathiacenter.ro\/bolos-vrem-sa-majoram-cu-750-de-milioane-de-lei-bugetul-alocat-primei-sesiuni-a-schemei-de-ajutor-pentru-antreprenori\/","url":"https:\/\/carpathiacenter.ro\/bolos-vrem-sa-majoram-cu-750-de-milioane-de-lei-bugetul-alocat-primei-sesiuni-a-schemei-de-ajutor-pentru-antreprenori\/","name":"Bolo\u015f: Vrem s\u0103 major\u0103m cu 750 de milioane de lei bugetul alocat primei sesiuni a schemei de ajutor pentru antreprenori - Carpathia Center Romania","isPartOf":{"@id":"https:\/\/carpathiacenter.ro\/#website"},"primaryImageOfPage":{"@id":"https:\/\/carpathiacenter.ro\/bolos-vrem-sa-majoram-cu-750-de-milioane-de-lei-bugetul-alocat-primei-sesiuni-a-schemei-de-ajutor-pentru-antreprenori\/#primaryimage"},"image":{"@id":"https:\/\/carpathiacenter.ro\/bolos-vrem-sa-majoram-cu-750-de-milioane-de-lei-bugetul-alocat-primei-sesiuni-a-schemei-de-ajutor-pentru-antreprenori\/#primaryimage"},"thumbnailUrl":"https:\/\/carpathiacenter.ro\/wp-content\/uploads\/2024\/12\/bolos-buget-schema-ajutor-antreprenori-18931414.jpg","datePublished":"2024-12-10T20:31:47+00:00","breadcrumb":{"@id":"https:\/\/carpathiacenter.ro\/bolos-vrem-sa-majoram-cu-750-de-milioane-de-lei-bugetul-alocat-primei-sesiuni-a-schemei-de-ajutor-pentru-antreprenori\/#breadcrumb"},"inLanguage":"en-GB","potentialAction":[{"@type":"ReadAction","target":["https:\/\/carpathiacenter.ro\/bolos-vrem-sa-majoram-cu-750-de-milioane-de-lei-bugetul-alocat-primei-sesiuni-a-schemei-de-ajutor-pentru-antreprenori\/"]}]},{"@type":"ImageObject","inLanguage":"en-GB","@id":"https:\/\/carpathiacenter.ro\/bolos-vrem-sa-majoram-cu-750-de-milioane-de-lei-bugetul-alocat-primei-sesiuni-a-schemei-de-ajutor-pentru-antreprenori\/#primaryimage","url":"https:\/\/carpathiacenter.ro\/wp-content\/uploads\/2024\/12\/bolos-buget-schema-ajutor-antreprenori-18931414.jpg","contentUrl":"https:\/\/carpathiacenter.ro\/wp-content\/uploads\/2024\/12\/bolos-buget-schema-ajutor-antreprenori-18931414.jpg","width":820,"height":546},{"@type":"BreadcrumbList","@id":"https:\/\/carpathiacenter.ro\/bolos-vrem-sa-majoram-cu-750-de-milioane-de-lei-bugetul-alocat-primei-sesiuni-a-schemei-de-ajutor-pentru-antreprenori\/#breadcrumb","itemListElement":[{"@type":"ListItem","position":1,"name":"Prima pagin\u0103","item":"https:\/\/carpathiacenter.ro\/"},{"@type":"ListItem","position":2,"name":"Bolo\u015f: Vrem s\u0103 major\u0103m cu 750 de milioane de lei bugetul alocat primei sesiuni a schemei de ajutor pentru antreprenori"}]},{"@type":"WebSite","@id":"https:\/\/carpathiacenter.ro\/#website","url":"https:\/\/carpathiacenter.ro\/","name":"Carpathia Center Romania","description":"Impossible made possible!","publisher":{"@id":"https:\/\/carpathiacenter.ro\/#organization"},"potentialAction":[{"@type":"SearchAction","target":{"@type":"EntryPoint","urlTemplate":"https:\/\/carpathiacenter.ro\/?s={search_term_string}"},"query-input":{"@type":"PropertyValueSpecification","valueRequired":true,"valueName":"search_term_string"}}],"inLanguage":"en-GB"},{"@type":"Organization","@id":"https:\/\/carpathiacenter.ro\/#organization","name":"Carpathia Center Romania","url":"https:\/\/carpathiacenter.ro\/","logo":{"@type":"ImageObject","inLanguage":"en-GB","@id":"https:\/\/carpathiacenter.ro\/#\/schema\/logo\/image\/","url":"https:\/\/carpathiacenter.ro\/wp-content\/uploads\/2024\/07\/logo-carpathia_bg_white-1024x941.png","contentUrl":"https:\/\/carpathiacenter.ro\/wp-content\/uploads\/2024\/07\/logo-carpathia_bg_white-1024x941.png","width":1024,"height":941,"caption":"Carpathia Center Romania"},"image":{"@id":"https:\/\/carpathiacenter.ro\/#\/schema\/logo\/image\/"},"sameAs":["https:\/\/www.facebook.com\/fdpscarpathia\/"]},{"@type":"Person","@id":"https:\/\/carpathiacenter.ro\/#\/schema\/person\/03d9f58202fee8379268f34afa195006","name":"creativebitsolutions","image":{"@type":"ImageObject","inLanguage":"en-GB","@id":"https:\/\/carpathiacenter.ro\/#\/schema\/person\/image\/","url":"https:\/\/secure.gravatar.com\/avatar\/1b1a13e37f847c635dab78348f1dff2f07651ee2a3d77a5c355a4b8c75f9165a?s=96&d=mm&r=g","contentUrl":"https:\/\/secure.gravatar.com\/avatar\/1b1a13e37f847c635dab78348f1dff2f07651ee2a3d77a5c355a4b8c75f9165a?s=96&d=mm&r=g","caption":"creativebitsolutions"},"url":"https:\/\/carpathiacenter.ro\/en\/author\/creativebitsolutions\/"}]}},"_links":{"self":[{"href":"https:\/\/carpathiacenter.ro\/en\/wp-json\/wp\/v2\/posts\/1625","targetHints":{"allow":["GET"]}}],"collection":[{"href":"https:\/\/carpathiacenter.ro\/en\/wp-json\/wp\/v2\/posts"}],"about":[{"href":"https:\/\/carpathiacenter.ro\/en\/wp-json\/wp\/v2\/types\/post"}],"author":[{"embeddable":true,"href":"https:\/\/carpathiacenter.ro\/en\/wp-json\/wp\/v2\/users\/4"}],"replies":[{"embeddable":true,"href":"https:\/\/carpathiacenter.ro\/en\/wp-json\/wp\/v2\/comments?post=1625"}],"version-history":[{"count":1,"href":"https:\/\/carpathiacenter.ro\/en\/wp-json\/wp\/v2\/posts\/1625\/revisions"}],"predecessor-version":[{"id":1628,"href":"https:\/\/carpathiacenter.ro\/en\/wp-json\/wp\/v2\/posts\/1625\/revisions\/1628"}],"wp:featuredmedia":[{"embeddable":true,"href":"https:\/\/carpathiacenter.ro\/en\/wp-json\/wp\/v2\/media\/1626"}],"wp:attachment":[{"href":"https:\/\/carpathiacenter.ro\/en\/wp-json\/wp\/v2\/media?parent=1625"}],"wp:term":[{"taxonomy":"category","embeddable":true,"href":"https:\/\/carpathiacenter.ro\/en\/wp-json\/wp\/v2\/categories?post=1625"},{"taxonomy":"post_tag","embeddable":true,"href":"https:\/\/carpathiacenter.ro\/en\/wp-json\/wp\/v2\/tags?post=1625"}],"curies":[{"name":"wp","href":"https:\/\/api.w.org\/{rel}","templated":true}]}}