{"id":1616,"date":"2024-12-06T14:50:40","date_gmt":"2024-12-06T14:50:40","guid":{"rendered":"https:\/\/carpathiacenter.ro\/?p=1616"},"modified":"2024-12-06T14:50:40","modified_gmt":"2024-12-06T14:50:40","slug":"redeschiderea-catedralei-notre-dame-zeci-de-sefi-de-stat-si-de-guvern-asteptati-la-eveniment-papa-francisc-va-transmite-un-mesaj","status":"publish","type":"post","link":"https:\/\/carpathiacenter.ro\/en\/redeschiderea-catedralei-notre-dame-zeci-de-sefi-de-stat-si-de-guvern-asteptati-la-eveniment-papa-francisc-va-transmite-un-mesaj\/","title":{"rendered":"Redeschiderea catedralei Notre-Dame\/ Zeci de \u015fefi de stat \u015fi de guvern, a\u015ftepta\u0163i la eveniment; Papa Francisc va transmite un mesaj"},"content":{"rendered":"<div class=\"td_block_wrap tdb_title tdi_295 tdb-single-title td-pb-border-top td_block_template_1\" data-td-block-uid=\"tdi_295\">\n<div class=\"tdb-block-inner td-fix-index\">\n<p><strong>Pe l\u00e2ng\u0103 pre\u015fedintele ales al SUA, Donald Trump, circa 40 de \u015fefi de stat \u015fi de guvern vor asista s\u00e2mb\u0103t\u0103 la redeschiderea catedralei Notre-Dame din Paris, devastat\u0103 de un incendiu \u00een aprilie 2019, potrivit unei liste neexhaustive publicate joi de pre\u015fedin\u0163ia francez\u0103, informeaz\u0103 AFP.<\/strong><\/p>\n<p>Pre\u015fedintele ucrainean Volodimir Zelenski nu a r\u0103spuns \u00eenc\u0103 invita\u0163iei adresate de Palatul Elys\u00e9e.<\/p>\n<p>\u00cen schimb, numero\u015fi lideri europeni \u015fi-au confirmat prezen\u0163a: pre\u015fedintele german Frank-Walter Steinmeier, pre\u015fedintele italian Sergio Mattarella, dar \u015fi pre\u015fedin\u0163ii polonez Andrzej Duda, croat Zoran Milanovi\u0107, bulgar Rumen Radev, estonian Alar Karis, finlandez Alexander Stubb \u015fi lituanian Gitanas Nauseda.<\/p>\n<p>Pre\u015fedinta Comisiei Europene, Ursula von der Leyen, este de asemenea a\u015fteptat\u0103 s\u0103 participe la festivit\u0103\u0163i.<\/p>\n<p>Printre capetele \u00eencoronate invitate se num\u0103r\u0103 cuplul regal belgian, Philippe \u015fi Mathilde, precum \u015fi prin\u0163ul Albert de Monaco.<\/p>\n<p>Prim-ministrul Armeniei, Nikol Pa\u015finian, \u015fi pre\u015fedinta Georgiei, Salome Zurabi\u015fvili, vor fi, de asemenea, prezen\u0163i, al\u0103turi de premierul Serbiei, Milo\u009a Vu\u010devi\u0107, \u015fi de pre\u015fedinta Kosovo,Vjosa Osmani.<\/p>\n<p>Mai mul\u0163i lideri africani vor c\u0103l\u0103tori pentru acest eveniment planetar, printre ace\u015ftia num\u0103r\u00e2ndu-se pre\u015fedintele Republicii Congo, Denis Sassou Nguesso, pre\u015fedintele Republicii Democratice Congo, Felix Tshisekedi, gabonezul Brice Oligui Nguema \u015fi togolezul Faure Gnassingb\u00e9.<\/p>\n<p>Actualul pre\u015fedinte american, Joe Biden, va fi reprezentat de so\u0163ia sa, Jill Biden.<\/p>\n<p>Un mesaj trimis de papa Francisc c\u0103tre arhiepiscopul Parisului \u015fi \u201cadresat francezilor\u201d va fi citit \u201cla \u00eenceputul ceremoniei\u201d de redeschidere a catedralei Notre-Dame s\u00e2mb\u0103t\u0103, a anun\u0163at joi rectorul catedralei, Olivier Ribadeau-Dumas.<\/p>\n<p>Papa, care a declinat invita\u0163ia lansat\u0103 de Fran\u0163a anul trecut, nu va participa la ceremoniile de redeschidere de s\u00e2mb\u0103t\u0103 \u015fi duminic\u0103, \u00eens\u0103 va efectua o vizit\u0103 \u00een Corsica, la Ajaccio, pe 15 decembrie.<\/p>\n<p>Prima sa vizit\u0103 pe insula mediteranean\u0103 francez\u0103, cu o puternic\u0103 tradi\u0163ie catolic\u0103, va avea loc cu ocazia unui congres despre religiozitate \u00een regiunea mediteranean\u0103.<\/p>\n<p>\u00cen fa\u0163a surprizei provocate de aceast\u0103 decizie, mai mul\u0163i episcopi francezi au vorbit despre ata\u015famentul papei fa\u0163\u0103 de \u201cperiferii\u201d \u015fi despre constr\u00e2ngerile sale de program la Roma.<\/p>\n<p>\u201cVedeta redeschiderii catedralei Notre-Dame din Paris este Notre-Dame \u00eens\u0103\u015fi\u201d, iar papa Francisc nu a dorit \u201cs\u0103 deturneze aten\u0163ia de la ea cu aceast\u0103 ocazie\u201d, a declarat pre\u015fedintele Conferin\u0163ei Episcopilor din Fran\u0163a, Monseniorul Eric de Moulins-Beaufort.<\/p>\n<p>Papa argentinian, care va \u00eemplini 88 de ani la dou\u0103 zile dup\u0103 vizita sa \u00een Corsica, va rosti dou\u0103 discursuri \u015fi va prezida o liturghie \u00een cursul dup\u0103-amiezii, \u00eenainte de a se \u00eent\u00e2lni cu pre\u015fedintele francez Emmanuel Macron.<\/p>\n<p>De la \u00eenceputul pontificatului s\u0103u \u00een 2013, suveranul pontif s-a deplasat de dou\u0103 ori pe teritoriul francez: la Strasbourg (nord-est) \u00een 2014 \u015fi la Marsilia (sud-est) \u00een septembrie 2023, \u00eens\u0103 nu a efectuat niciodat\u0103 o vizit\u0103 de stat \u00een Fran\u0163a.<\/p>\n<p>La Notre-Dame, devastat\u0103 de un incendiu pe 15 aprilie 2019, papa va fi reprezentat de nun\u0163iul apostolic \u00een Fran\u0163a, Monseniorul Celestino Migliore, a precizat Monseniorul Ribadeau-Dumas \u00een cadrul unei conferin\u0163e de pres\u0103.AGERPRES\/ (AS \u2013 editor: Ana Alecu, editor online: Ada V\u00eelceanu)<\/p>\n<p>Sursa: https:\/\/www.agerpres.ro\/mondorama\/2024\/12\/06\/redeschiderea-catedralei-notre-dame-zeci-de-sefi-de-stat-si-de-guvern-asteptati-la-eveniment-papa-francisc-va-transmite-un-mesaj\u20131399475<\/p>\n<\/div>\n<\/div>","protected":false},"excerpt":{"rendered":"<p>Pe l\u00e2ng\u0103 pre\u015fedintele ales al SUA, Donald Trump, circa 40 de \u015fefi de stat \u015fi de guvern vor asista s\u00e2mb\u0103t\u0103 la redeschiderea catedralei Notre-Dame din Paris, devastat\u0103 de un incendiu \u00een aprilie 2019, potrivit unei liste neexhaustive publicate joi de pre\u015fedin\u0163ia francez\u0103, informeaz\u0103 AFP. Pre\u015fedintele ucrainean Volodimir Zelenski nu a r\u0103spuns \u00eenc\u0103 invita\u0163iei adresate de&#8230;<\/p>","protected":false},"author":4,"featured_media":1621,"comment_status":"open","ping_status":"open","sticky":false,"template":"","format":"standard","meta":{"footnotes":""},"categories":[1],"tags":[],"class_list":["post-1616","post","type-post","status-publish","format-standard","has-post-thumbnail","hentry","category-uncategorized"],"yoast_head":"<!-- This site is optimized with the Yoast SEO plugin v26.1.1 - https:\/\/yoast.com\/wordpress\/plugins\/seo\/ -->\n<title>Redeschiderea catedralei Notre-Dame\/ Zeci de \u015fefi de stat \u015fi de guvern, a\u015ftepta\u0163i la eveniment; Papa Francisc va transmite un mesaj - Carpathia Center Romania<\/title>\n<meta name=\"robots\" content=\"index, follow, max-snippet:-1, max-image-preview:large, max-video-preview:-1\" \/>\n<link rel=\"canonical\" href=\"https:\/\/carpathiacenter.ro\/en\/redeschiderea-catedralei-notre-dame-zeci-de-sefi-de-stat-si-de-guvern-asteptati-la-eveniment-papa-francisc-va-transmite-un-mesaj\/\" \/>\n<meta property=\"og:locale\" content=\"en_GB\" \/>\n<meta property=\"og:type\" content=\"article\" \/>\n<meta property=\"og:title\" content=\"Redeschiderea catedralei Notre-Dame\/ Zeci de \u015fefi de stat \u015fi de guvern, a\u015ftepta\u0163i la eveniment; Papa Francisc va transmite un mesaj - Carpathia Center Romania\" \/>\n<meta property=\"og:description\" content=\"Pe l\u00e2ng\u0103 pre\u015fedintele ales al SUA, Donald Trump, circa 40 de \u015fefi de stat \u015fi de guvern vor asista s\u00e2mb\u0103t\u0103 la redeschiderea catedralei Notre-Dame din Paris, devastat\u0103 de un incendiu \u00een aprilie 2019, potrivit unei liste neexhaustive publicate joi de pre\u015fedin\u0163ia francez\u0103, informeaz\u0103 AFP. Pre\u015fedintele ucrainean Volodimir Zelenski nu a r\u0103spuns \u00eenc\u0103 invita\u0163iei adresate de...\" \/>\n<meta property=\"og:url\" content=\"https:\/\/carpathiacenter.ro\/en\/redeschiderea-catedralei-notre-dame-zeci-de-sefi-de-stat-si-de-guvern-asteptati-la-eveniment-papa-francisc-va-transmite-un-mesaj\/\" \/>\n<meta property=\"og:site_name\" content=\"Carpathia Center Romania\" \/>\n<meta property=\"article:publisher\" content=\"https:\/\/www.facebook.com\/fdpscarpathia\/\" \/>\n<meta property=\"article:published_time\" content=\"2024-12-06T14:50:40+00:00\" \/>\n<meta property=\"og:image\" content=\"https:\/\/carpathiacenter.ro\/wp-content\/uploads\/2024\/12\/notre-dame.jpg\" \/>\n\t<meta property=\"og:image:width\" content=\"1400\" \/>\n\t<meta property=\"og:image:height\" content=\"933\" \/>\n\t<meta property=\"og:image:type\" content=\"image\/jpeg\" \/>\n<meta name=\"author\" content=\"creativebitsolutions\" \/>\n<meta name=\"twitter:card\" content=\"summary_large_image\" \/>\n<meta name=\"twitter:label1\" content=\"Written by\" \/>\n\t<meta name=\"twitter:data1\" content=\"creativebitsolutions\" \/>\n\t<meta name=\"twitter:label2\" content=\"Estimated reading time\" \/>\n\t<meta name=\"twitter:data2\" content=\"3 minutes\" \/>\n<script type=\"application\/ld+json\" class=\"yoast-schema-graph\">{\"@context\":\"https:\/\/schema.org\",\"@graph\":[{\"@type\":\"Article\",\"@id\":\"https:\/\/carpathiacenter.ro\/redeschiderea-catedralei-notre-dame-zeci-de-sefi-de-stat-si-de-guvern-asteptati-la-eveniment-papa-francisc-va-transmite-un-mesaj\/#article\",\"isPartOf\":{\"@id\":\"https:\/\/carpathiacenter.ro\/redeschiderea-catedralei-notre-dame-zeci-de-sefi-de-stat-si-de-guvern-asteptati-la-eveniment-papa-francisc-va-transmite-un-mesaj\/\"},\"author\":{\"name\":\"creativebitsolutions\",\"@id\":\"https:\/\/carpathiacenter.ro\/#\/schema\/person\/03d9f58202fee8379268f34afa195006\"},\"headline\":\"Redeschiderea catedralei Notre-Dame\/ Zeci de \u015fefi de stat \u015fi de guvern, a\u015ftepta\u0163i la eveniment; Papa Francisc va transmite un mesaj\",\"datePublished\":\"2024-12-06T14:50:40+00:00\",\"mainEntityOfPage\":{\"@id\":\"https:\/\/carpathiacenter.ro\/redeschiderea-catedralei-notre-dame-zeci-de-sefi-de-stat-si-de-guvern-asteptati-la-eveniment-papa-francisc-va-transmite-un-mesaj\/\"},\"wordCount\":554,\"commentCount\":0,\"publisher\":{\"@id\":\"https:\/\/carpathiacenter.ro\/#organization\"},\"image\":{\"@id\":\"https:\/\/carpathiacenter.ro\/redeschiderea-catedralei-notre-dame-zeci-de-sefi-de-stat-si-de-guvern-asteptati-la-eveniment-papa-francisc-va-transmite-un-mesaj\/#primaryimage\"},\"thumbnailUrl\":\"https:\/\/carpathiacenter.ro\/wp-content\/uploads\/2024\/12\/notre-dame.jpg\",\"articleSection\":[\"Uncategorized\"],\"inLanguage\":\"en-GB\",\"potentialAction\":[{\"@type\":\"CommentAction\",\"name\":\"Comment\",\"target\":[\"https:\/\/carpathiacenter.ro\/redeschiderea-catedralei-notre-dame-zeci-de-sefi-de-stat-si-de-guvern-asteptati-la-eveniment-papa-francisc-va-transmite-un-mesaj\/#respond\"]}]},{\"@type\":\"WebPage\",\"@id\":\"https:\/\/carpathiacenter.ro\/redeschiderea-catedralei-notre-dame-zeci-de-sefi-de-stat-si-de-guvern-asteptati-la-eveniment-papa-francisc-va-transmite-un-mesaj\/\",\"url\":\"https:\/\/carpathiacenter.ro\/redeschiderea-catedralei-notre-dame-zeci-de-sefi-de-stat-si-de-guvern-asteptati-la-eveniment-papa-francisc-va-transmite-un-mesaj\/\",\"name\":\"Redeschiderea catedralei Notre-Dame\/ Zeci de \u015fefi de stat \u015fi de guvern, a\u015ftepta\u0163i la eveniment; Papa Francisc va transmite un mesaj - Carpathia Center Romania\",\"isPartOf\":{\"@id\":\"https:\/\/carpathiacenter.ro\/#website\"},\"primaryImageOfPage\":{\"@id\":\"https:\/\/carpathiacenter.ro\/redeschiderea-catedralei-notre-dame-zeci-de-sefi-de-stat-si-de-guvern-asteptati-la-eveniment-papa-francisc-va-transmite-un-mesaj\/#primaryimage\"},\"image\":{\"@id\":\"https:\/\/carpathiacenter.ro\/redeschiderea-catedralei-notre-dame-zeci-de-sefi-de-stat-si-de-guvern-asteptati-la-eveniment-papa-francisc-va-transmite-un-mesaj\/#primaryimage\"},\"thumbnailUrl\":\"https:\/\/carpathiacenter.ro\/wp-content\/uploads\/2024\/12\/notre-dame.jpg\",\"datePublished\":\"2024-12-06T14:50:40+00:00\",\"breadcrumb\":{\"@id\":\"https:\/\/carpathiacenter.ro\/redeschiderea-catedralei-notre-dame-zeci-de-sefi-de-stat-si-de-guvern-asteptati-la-eveniment-papa-francisc-va-transmite-un-mesaj\/#breadcrumb\"},\"inLanguage\":\"en-GB\",\"potentialAction\":[{\"@type\":\"ReadAction\",\"target\":[\"https:\/\/carpathiacenter.ro\/redeschiderea-catedralei-notre-dame-zeci-de-sefi-de-stat-si-de-guvern-asteptati-la-eveniment-papa-francisc-va-transmite-un-mesaj\/\"]}]},{\"@type\":\"ImageObject\",\"inLanguage\":\"en-GB\",\"@id\":\"https:\/\/carpathiacenter.ro\/redeschiderea-catedralei-notre-dame-zeci-de-sefi-de-stat-si-de-guvern-asteptati-la-eveniment-papa-francisc-va-transmite-un-mesaj\/#primaryimage\",\"url\":\"https:\/\/carpathiacenter.ro\/wp-content\/uploads\/2024\/12\/notre-dame.jpg\",\"contentUrl\":\"https:\/\/carpathiacenter.ro\/wp-content\/uploads\/2024\/12\/notre-dame.jpg\",\"width\":1400,\"height\":933},{\"@type\":\"BreadcrumbList\",\"@id\":\"https:\/\/carpathiacenter.ro\/redeschiderea-catedralei-notre-dame-zeci-de-sefi-de-stat-si-de-guvern-asteptati-la-eveniment-papa-francisc-va-transmite-un-mesaj\/#breadcrumb\",\"itemListElement\":[{\"@type\":\"ListItem\",\"position\":1,\"name\":\"Prima pagin\u0103\",\"item\":\"https:\/\/carpathiacenter.ro\/\"},{\"@type\":\"ListItem\",\"position\":2,\"name\":\"Redeschiderea catedralei Notre-Dame\/ Zeci de \u015fefi de stat \u015fi de guvern, a\u015ftepta\u0163i la eveniment; Papa Francisc va transmite un mesaj\"}]},{\"@type\":\"WebSite\",\"@id\":\"https:\/\/carpathiacenter.ro\/#website\",\"url\":\"https:\/\/carpathiacenter.ro\/\",\"name\":\"Carpathia Center Romania\",\"description\":\"Impossible made possible!\",\"publisher\":{\"@id\":\"https:\/\/carpathiacenter.ro\/#organization\"},\"potentialAction\":[{\"@type\":\"SearchAction\",\"target\":{\"@type\":\"EntryPoint\",\"urlTemplate\":\"https:\/\/carpathiacenter.ro\/?s={search_term_string}\"},\"query-input\":{\"@type\":\"PropertyValueSpecification\",\"valueRequired\":true,\"valueName\":\"search_term_string\"}}],\"inLanguage\":\"en-GB\"},{\"@type\":\"Organization\",\"@id\":\"https:\/\/carpathiacenter.ro\/#organization\",\"name\":\"Carpathia Center Romania\",\"url\":\"https:\/\/carpathiacenter.ro\/\",\"logo\":{\"@type\":\"ImageObject\",\"inLanguage\":\"en-GB\",\"@id\":\"https:\/\/carpathiacenter.ro\/#\/schema\/logo\/image\/\",\"url\":\"https:\/\/carpathiacenter.ro\/wp-content\/uploads\/2024\/07\/logo-carpathia_bg_white-1024x941.png\",\"contentUrl\":\"https:\/\/carpathiacenter.ro\/wp-content\/uploads\/2024\/07\/logo-carpathia_bg_white-1024x941.png\",\"width\":1024,\"height\":941,\"caption\":\"Carpathia Center Romania\"},\"image\":{\"@id\":\"https:\/\/carpathiacenter.ro\/#\/schema\/logo\/image\/\"},\"sameAs\":[\"https:\/\/www.facebook.com\/fdpscarpathia\/\"]},{\"@type\":\"Person\",\"@id\":\"https:\/\/carpathiacenter.ro\/#\/schema\/person\/03d9f58202fee8379268f34afa195006\",\"name\":\"creativebitsolutions\",\"image\":{\"@type\":\"ImageObject\",\"inLanguage\":\"en-GB\",\"@id\":\"https:\/\/carpathiacenter.ro\/#\/schema\/person\/image\/\",\"url\":\"https:\/\/secure.gravatar.com\/avatar\/1b1a13e37f847c635dab78348f1dff2f07651ee2a3d77a5c355a4b8c75f9165a?s=96&d=mm&r=g\",\"contentUrl\":\"https:\/\/secure.gravatar.com\/avatar\/1b1a13e37f847c635dab78348f1dff2f07651ee2a3d77a5c355a4b8c75f9165a?s=96&d=mm&r=g\",\"caption\":\"creativebitsolutions\"},\"url\":\"https:\/\/carpathiacenter.ro\/en\/author\/creativebitsolutions\/\"}]}<\/script>\n<!-- \/ Yoast SEO plugin. -->","yoast_head_json":{"title":"Redeschiderea catedralei Notre-Dame\/ Zeci de \u015fefi de stat \u015fi de guvern, a\u015ftepta\u0163i la eveniment; Papa Francisc va transmite un mesaj - Carpathia Center Romania","robots":{"index":"index","follow":"follow","max-snippet":"max-snippet:-1","max-image-preview":"max-image-preview:large","max-video-preview":"max-video-preview:-1"},"canonical":"https:\/\/carpathiacenter.ro\/en\/redeschiderea-catedralei-notre-dame-zeci-de-sefi-de-stat-si-de-guvern-asteptati-la-eveniment-papa-francisc-va-transmite-un-mesaj\/","og_locale":"en_GB","og_type":"article","og_title":"Redeschiderea catedralei Notre-Dame\/ Zeci de \u015fefi de stat \u015fi de guvern, a\u015ftepta\u0163i la eveniment; Papa Francisc va transmite un mesaj - Carpathia Center Romania","og_description":"Pe l\u00e2ng\u0103 pre\u015fedintele ales al SUA, Donald Trump, circa 40 de \u015fefi de stat \u015fi de guvern vor asista s\u00e2mb\u0103t\u0103 la redeschiderea catedralei Notre-Dame din Paris, devastat\u0103 de un incendiu \u00een aprilie 2019, potrivit unei liste neexhaustive publicate joi de pre\u015fedin\u0163ia francez\u0103, informeaz\u0103 AFP. Pre\u015fedintele ucrainean Volodimir Zelenski nu a r\u0103spuns \u00eenc\u0103 invita\u0163iei adresate de...","og_url":"https:\/\/carpathiacenter.ro\/en\/redeschiderea-catedralei-notre-dame-zeci-de-sefi-de-stat-si-de-guvern-asteptati-la-eveniment-papa-francisc-va-transmite-un-mesaj\/","og_site_name":"Carpathia Center Romania","article_publisher":"https:\/\/www.facebook.com\/fdpscarpathia\/","article_published_time":"2024-12-06T14:50:40+00:00","og_image":[{"width":1400,"height":933,"url":"https:\/\/carpathiacenter.ro\/wp-content\/uploads\/2024\/12\/notre-dame.jpg","type":"image\/jpeg"}],"author":"creativebitsolutions","twitter_card":"summary_large_image","twitter_misc":{"Written by":"creativebitsolutions","Estimated reading time":"3 minutes"},"schema":{"@context":"https:\/\/schema.org","@graph":[{"@type":"Article","@id":"https:\/\/carpathiacenter.ro\/redeschiderea-catedralei-notre-dame-zeci-de-sefi-de-stat-si-de-guvern-asteptati-la-eveniment-papa-francisc-va-transmite-un-mesaj\/#article","isPartOf":{"@id":"https:\/\/carpathiacenter.ro\/redeschiderea-catedralei-notre-dame-zeci-de-sefi-de-stat-si-de-guvern-asteptati-la-eveniment-papa-francisc-va-transmite-un-mesaj\/"},"author":{"name":"creativebitsolutions","@id":"https:\/\/carpathiacenter.ro\/#\/schema\/person\/03d9f58202fee8379268f34afa195006"},"headline":"Redeschiderea catedralei Notre-Dame\/ Zeci de \u015fefi de stat \u015fi de guvern, a\u015ftepta\u0163i la eveniment; Papa Francisc va transmite un mesaj","datePublished":"2024-12-06T14:50:40+00:00","mainEntityOfPage":{"@id":"https:\/\/carpathiacenter.ro\/redeschiderea-catedralei-notre-dame-zeci-de-sefi-de-stat-si-de-guvern-asteptati-la-eveniment-papa-francisc-va-transmite-un-mesaj\/"},"wordCount":554,"commentCount":0,"publisher":{"@id":"https:\/\/carpathiacenter.ro\/#organization"},"image":{"@id":"https:\/\/carpathiacenter.ro\/redeschiderea-catedralei-notre-dame-zeci-de-sefi-de-stat-si-de-guvern-asteptati-la-eveniment-papa-francisc-va-transmite-un-mesaj\/#primaryimage"},"thumbnailUrl":"https:\/\/carpathiacenter.ro\/wp-content\/uploads\/2024\/12\/notre-dame.jpg","articleSection":["Uncategorized"],"inLanguage":"en-GB","potentialAction":[{"@type":"CommentAction","name":"Comment","target":["https:\/\/carpathiacenter.ro\/redeschiderea-catedralei-notre-dame-zeci-de-sefi-de-stat-si-de-guvern-asteptati-la-eveniment-papa-francisc-va-transmite-un-mesaj\/#respond"]}]},{"@type":"WebPage","@id":"https:\/\/carpathiacenter.ro\/redeschiderea-catedralei-notre-dame-zeci-de-sefi-de-stat-si-de-guvern-asteptati-la-eveniment-papa-francisc-va-transmite-un-mesaj\/","url":"https:\/\/carpathiacenter.ro\/redeschiderea-catedralei-notre-dame-zeci-de-sefi-de-stat-si-de-guvern-asteptati-la-eveniment-papa-francisc-va-transmite-un-mesaj\/","name":"Redeschiderea catedralei Notre-Dame\/ Zeci de \u015fefi de stat \u015fi de guvern, a\u015ftepta\u0163i la eveniment; Papa Francisc va transmite un mesaj - Carpathia Center Romania","isPartOf":{"@id":"https:\/\/carpathiacenter.ro\/#website"},"primaryImageOfPage":{"@id":"https:\/\/carpathiacenter.ro\/redeschiderea-catedralei-notre-dame-zeci-de-sefi-de-stat-si-de-guvern-asteptati-la-eveniment-papa-francisc-va-transmite-un-mesaj\/#primaryimage"},"image":{"@id":"https:\/\/carpathiacenter.ro\/redeschiderea-catedralei-notre-dame-zeci-de-sefi-de-stat-si-de-guvern-asteptati-la-eveniment-papa-francisc-va-transmite-un-mesaj\/#primaryimage"},"thumbnailUrl":"https:\/\/carpathiacenter.ro\/wp-content\/uploads\/2024\/12\/notre-dame.jpg","datePublished":"2024-12-06T14:50:40+00:00","breadcrumb":{"@id":"https:\/\/carpathiacenter.ro\/redeschiderea-catedralei-notre-dame-zeci-de-sefi-de-stat-si-de-guvern-asteptati-la-eveniment-papa-francisc-va-transmite-un-mesaj\/#breadcrumb"},"inLanguage":"en-GB","potentialAction":[{"@type":"ReadAction","target":["https:\/\/carpathiacenter.ro\/redeschiderea-catedralei-notre-dame-zeci-de-sefi-de-stat-si-de-guvern-asteptati-la-eveniment-papa-francisc-va-transmite-un-mesaj\/"]}]},{"@type":"ImageObject","inLanguage":"en-GB","@id":"https:\/\/carpathiacenter.ro\/redeschiderea-catedralei-notre-dame-zeci-de-sefi-de-stat-si-de-guvern-asteptati-la-eveniment-papa-francisc-va-transmite-un-mesaj\/#primaryimage","url":"https:\/\/carpathiacenter.ro\/wp-content\/uploads\/2024\/12\/notre-dame.jpg","contentUrl":"https:\/\/carpathiacenter.ro\/wp-content\/uploads\/2024\/12\/notre-dame.jpg","width":1400,"height":933},{"@type":"BreadcrumbList","@id":"https:\/\/carpathiacenter.ro\/redeschiderea-catedralei-notre-dame-zeci-de-sefi-de-stat-si-de-guvern-asteptati-la-eveniment-papa-francisc-va-transmite-un-mesaj\/#breadcrumb","itemListElement":[{"@type":"ListItem","position":1,"name":"Prima pagin\u0103","item":"https:\/\/carpathiacenter.ro\/"},{"@type":"ListItem","position":2,"name":"Redeschiderea catedralei Notre-Dame\/ Zeci de \u015fefi de stat \u015fi de guvern, a\u015ftepta\u0163i la eveniment; Papa Francisc va transmite un mesaj"}]},{"@type":"WebSite","@id":"https:\/\/carpathiacenter.ro\/#website","url":"https:\/\/carpathiacenter.ro\/","name":"Carpathia Center Romania","description":"Impossible made possible!","publisher":{"@id":"https:\/\/carpathiacenter.ro\/#organization"},"potentialAction":[{"@type":"SearchAction","target":{"@type":"EntryPoint","urlTemplate":"https:\/\/carpathiacenter.ro\/?s={search_term_string}"},"query-input":{"@type":"PropertyValueSpecification","valueRequired":true,"valueName":"search_term_string"}}],"inLanguage":"en-GB"},{"@type":"Organization","@id":"https:\/\/carpathiacenter.ro\/#organization","name":"Carpathia Center Romania","url":"https:\/\/carpathiacenter.ro\/","logo":{"@type":"ImageObject","inLanguage":"en-GB","@id":"https:\/\/carpathiacenter.ro\/#\/schema\/logo\/image\/","url":"https:\/\/carpathiacenter.ro\/wp-content\/uploads\/2024\/07\/logo-carpathia_bg_white-1024x941.png","contentUrl":"https:\/\/carpathiacenter.ro\/wp-content\/uploads\/2024\/07\/logo-carpathia_bg_white-1024x941.png","width":1024,"height":941,"caption":"Carpathia Center Romania"},"image":{"@id":"https:\/\/carpathiacenter.ro\/#\/schema\/logo\/image\/"},"sameAs":["https:\/\/www.facebook.com\/fdpscarpathia\/"]},{"@type":"Person","@id":"https:\/\/carpathiacenter.ro\/#\/schema\/person\/03d9f58202fee8379268f34afa195006","name":"creativebitsolutions","image":{"@type":"ImageObject","inLanguage":"en-GB","@id":"https:\/\/carpathiacenter.ro\/#\/schema\/person\/image\/","url":"https:\/\/secure.gravatar.com\/avatar\/1b1a13e37f847c635dab78348f1dff2f07651ee2a3d77a5c355a4b8c75f9165a?s=96&d=mm&r=g","contentUrl":"https:\/\/secure.gravatar.com\/avatar\/1b1a13e37f847c635dab78348f1dff2f07651ee2a3d77a5c355a4b8c75f9165a?s=96&d=mm&r=g","caption":"creativebitsolutions"},"url":"https:\/\/carpathiacenter.ro\/en\/author\/creativebitsolutions\/"}]}},"_links":{"self":[{"href":"https:\/\/carpathiacenter.ro\/en\/wp-json\/wp\/v2\/posts\/1616","targetHints":{"allow":["GET"]}}],"collection":[{"href":"https:\/\/carpathiacenter.ro\/en\/wp-json\/wp\/v2\/posts"}],"about":[{"href":"https:\/\/carpathiacenter.ro\/en\/wp-json\/wp\/v2\/types\/post"}],"author":[{"embeddable":true,"href":"https:\/\/carpathiacenter.ro\/en\/wp-json\/wp\/v2\/users\/4"}],"replies":[{"embeddable":true,"href":"https:\/\/carpathiacenter.ro\/en\/wp-json\/wp\/v2\/comments?post=1616"}],"version-history":[{"count":1,"href":"https:\/\/carpathiacenter.ro\/en\/wp-json\/wp\/v2\/posts\/1616\/revisions"}],"predecessor-version":[{"id":1622,"href":"https:\/\/carpathiacenter.ro\/en\/wp-json\/wp\/v2\/posts\/1616\/revisions\/1622"}],"wp:featuredmedia":[{"embeddable":true,"href":"https:\/\/carpathiacenter.ro\/en\/wp-json\/wp\/v2\/media\/1621"}],"wp:attachment":[{"href":"https:\/\/carpathiacenter.ro\/en\/wp-json\/wp\/v2\/media?parent=1616"}],"wp:term":[{"taxonomy":"category","embeddable":true,"href":"https:\/\/carpathiacenter.ro\/en\/wp-json\/wp\/v2\/categories?post=1616"},{"taxonomy":"post_tag","embeddable":true,"href":"https:\/\/carpathiacenter.ro\/en\/wp-json\/wp\/v2\/tags?post=1616"}],"curies":[{"name":"wp","href":"https:\/\/api.w.org\/{rel}","templated":true}]}}