{"id":1610,"date":"2024-12-05T17:23:48","date_gmt":"2024-12-05T17:23:48","guid":{"rendered":"https:\/\/carpathiacenter.ro\/?p=1610"},"modified":"2024-12-05T17:23:48","modified_gmt":"2024-12-05T17:23:48","slug":"triptic-cinematografic-dedicat-lui-eminescu-porumbescu-si-gheorghe-dima-la-bcu-carol-i-pe-18-decembrie","status":"publish","type":"post","link":"https:\/\/carpathiacenter.ro\/en\/triptic-cinematografic-dedicat-lui-eminescu-porumbescu-si-gheorghe-dima-la-bcu-carol-i-pe-18-decembrie\/","title":{"rendered":"Triptic cinematografic dedicat lui Eminescu, Porumbescu \u015fi Gheorghe Dima \u2013 la BCU \u201cCarol I\u201d, pe 18 decembrie"},"content":{"rendered":"<p><strong>Un omagiu cinematografic adus unor mari personalit\u0103\u0163i culturale care au definit identitatea na\u0163ional\u0103 \u00een ultimele secole va fi prezentat, pe 18 decembrie, sub egida \u201cEroi ai Culturii Rom\u00e2ne\u201d, la Biblioteca Central\u0103 Universitar\u0103 \u201cCarol I\u201d din Bucure\u015fti.<\/strong><\/p>\n<p>\u201cTrei eroi ai culturii vor fi s\u0103rb\u0103tori\u0163i printr-o proiec\u0163ie special\u0103 a documentarelor \u2018Cuf\u0103rul lui Eminescu\u2019, \u2018Popas imperial\u2019 \u015fi \u2018Gheorghe Dima \u2013 un sf\u00e2nt al muzicii&#8217;\u201d, informeaz\u0103 un comunicat al Asocia\u0163iei Culturale CRN transmis joi AGERPRES.<\/p>\n<p>Filmele sunt realizate de cineastul Cristian Radu Nema, al\u0103turi de Mimis Ravanis. Scenariile poart\u0103 semn\u0103tura Bianc\u0103i Beatrice Michi, cercet\u0103tor \u00een cadrul Institutului de Filosofie al Academiei Rom\u00e2ne.<\/p>\n<p>Evenimentul se bucur\u0103 de un recital de poezie eminescian\u0103 sus\u0163inut de marele actor \u015fi profesor Florin Zamfirescu \u015fi de un medalion muzical semnat de Duetto Violin\u201d.<\/p>\n<p>\u201cCuf\u0103rul\u201d, film dedicat lui Mihai Eminescu, urm\u0103re\u015fte traiectoria cuf\u0103rului de c\u0103l\u0103torie al poetului. Cuf\u0103rul ce a apar\u0163inut marelui poet este cump\u0103rat la o licita\u0163ie de un admirator fanatic al acestuia. Acas\u0103, \u00een prezen\u0163a cuf\u0103rului, t\u00e2n\u0103rul devine preocupat de a descoperi istoria sa \u015fi a manuscriselor pe care Eminescu le p\u0103stra \u00een el.<\/p>\n<p>\u201cPopas imperial\u201d aduce \u00een fa\u0163a spectatorilor t\u0103r\u00e2mul fantastic al Vienei din perioada de studen\u0163ie a compozitorului Ciprian Porumbescu. Documentarul surprinde imagini r\u0103mase pe retina \u015fi \u00een mintea t\u00e2n\u0103rului muzician \u00een simplitatea lor originar\u0103, imagini care se nasc din amplul univers epistolar pe care Porumbescu \u00eel dezv\u0103luie familiei sale, se precizeaz\u0103 \u00een comunicatul citat.<\/p>\n<p>Pelicula \u201cGheorghe Dima. Un sf\u00e2nt al muzicii\u201d este dedicat\u0103 compozitorului simbolist, creator de muzic\u0103 sacr\u0103 \u015fi talentat dirijor. Filmul exploreaz\u0103 o mic\u0103 parte din universul s\u0103u muzical multidimensional \u015fi propensiunea pentru spa\u0163iile \u00eenalte ale spiritului.<\/p>\n<p>\u201cR\u0103m\u00e2n fidel\u0103 dezideratului insuflat de maestrul meu spiritual, acad. Alexandru Surdu, de a continua s\u0103 cl\u0103desc \u2018monumente pentru eroii culturii rom\u00e2ne\u2019. Am \u00eenceput cu o evocare cinematografic\u0103 a caietelor lui Eminescu, omul deplin al culturii rom\u00e2ne, \u015fi a bog\u0103\u0163iilor care se dezvelesc \u00een fa\u0163a cititorului odat\u0103 cu parcurgerea lor. Din spa\u0163iul poeziei am trecut \u00een sfera muzicii prin dou\u0103 medalioane inedite, unul adresat studentului Ciprian Porumbescu surprins \u00een perioada sa de studen\u0163ie vienez\u0103 \u015fi cel\u0103lalt dedicat compozitorului \u015fi dirijorului Gheorghe Dima, purt\u0103tor al unei misiuni sacre la propriu \u015fi la figurat. (\u2026) Din punct de vedere al arhitecturii, evenimentul \u2018Eroi ai culturii rom\u00e2ne\u2019 este un triptic stricto sensu, adic\u0103 un concept pliat \u00een trei care reflect\u0103 aspectul sacru al crea\u0163iei \u015fi al sacrificiului de tip socratic pentru aceasta\u201d, a afirmat Bianca Beatrice Michi, citat\u0103 \u00een comunicat.<\/p>\n<p>Cineastul Cristian Radu Nema a m\u0103rturisit, la r\u00e2ndul s\u0103u, c\u0103 prin crea\u0163iile sale cinematografice dore\u015fte s\u0103 adauge \u201c\u00eenc\u0103 o \u015flefuire a Monumentelor Eroilor Culturii Rom\u00e2ne\u201d.<\/p>\n<p>\u201cEste o datorie permanent\u0103 de a \u00eei evoca \u015fi de a face un \u00eentreg efort ca operele noastre contemporane, fie c\u0103 sunt muzicale, literare sau cinematografice, s\u0103 le fie dedicate. Pentru c\u0103 ei nu fac parte dintr-un col\u0163 al unei biblioteci celebre sau dintr-un manual de studiu de la Conservator sau Litere. Ei definesc prezentul \u015fi, cel mai important, viitorul crea\u0163iilor de ast\u0103zi. Eminescu, Porumbescu, Dima, al\u0103turi de Alexandru Surdu sau Nicu Covaci, sunt cei ce ne dau, zi de zi, un nume\u201d, a subliniat Cristian Radu Nema.<\/p>\n<p>Intrarea este liber\u0103, \u00een limita locurilor disponibile. AGERPRES\/(AS \u2013 autor: Petronius Craiu, editor: Claudia St\u0103nescu, editor online: Irina Giurgiu)<\/p>\n<p>Sursa:https:\/\/www.agerpres.ro\/cultura\/2024\/12\/05\/triptic-cinematografic-dedicat-lui-eminescu-porumbescu-si-gheorghe-dima-la-bcu-carol-i-pe-18-decembrie\u20131398659<\/p>","protected":false},"excerpt":{"rendered":"<p>Un omagiu cinematografic adus unor mari personalit\u0103\u0163i culturale care au definit identitatea na\u0163ional\u0103 \u00een ultimele secole va fi prezentat, pe 18 decembrie, sub egida \u201cEroi ai Culturii Rom\u00e2ne\u201d, la Biblioteca Central\u0103 Universitar\u0103 \u201cCarol I\u201d din Bucure\u015fti. \u201cTrei eroi ai culturii vor fi s\u0103rb\u0103tori\u0163i printr-o proiec\u0163ie special\u0103 a documentarelor \u2018Cuf\u0103rul lui Eminescu\u2019, \u2018Popas imperial\u2019 \u015fi \u2018Gheorghe&#8230;<\/p>","protected":false},"author":4,"featured_media":1612,"comment_status":"open","ping_status":"open","sticky":false,"template":"","format":"standard","meta":{"footnotes":""},"categories":[1],"tags":[],"class_list":["post-1610","post","type-post","status-publish","format-standard","has-post-thumbnail","hentry","category-uncategorized"],"yoast_head":"<!-- This site is optimized with the Yoast SEO plugin v26.1.1 - https:\/\/yoast.com\/wordpress\/plugins\/seo\/ -->\n<title>Triptic cinematografic dedicat lui Eminescu, Porumbescu \u015fi Gheorghe Dima \u2013 la BCU \u201cCarol I\u201d, pe 18 decembrie - Carpathia Center Romania<\/title>\n<meta name=\"robots\" content=\"index, follow, max-snippet:-1, max-image-preview:large, max-video-preview:-1\" \/>\n<link rel=\"canonical\" href=\"https:\/\/carpathiacenter.ro\/en\/triptic-cinematografic-dedicat-lui-eminescu-porumbescu-si-gheorghe-dima-la-bcu-carol-i-pe-18-decembrie\/\" \/>\n<meta property=\"og:locale\" content=\"en_GB\" \/>\n<meta property=\"og:type\" content=\"article\" \/>\n<meta property=\"og:title\" content=\"Triptic cinematografic dedicat lui Eminescu, Porumbescu \u015fi Gheorghe Dima \u2013 la BCU \u201cCarol I\u201d, pe 18 decembrie - Carpathia Center Romania\" \/>\n<meta property=\"og:description\" content=\"Un omagiu cinematografic adus unor mari personalit\u0103\u0163i culturale care au definit identitatea na\u0163ional\u0103 \u00een ultimele secole va fi prezentat, pe 18 decembrie, sub egida \u201cEroi ai Culturii Rom\u00e2ne\u201d, la Biblioteca Central\u0103 Universitar\u0103 \u201cCarol I\u201d din Bucure\u015fti. \u201cTrei eroi ai culturii vor fi s\u0103rb\u0103tori\u0163i printr-o proiec\u0163ie special\u0103 a documentarelor \u2018Cuf\u0103rul lui Eminescu\u2019, \u2018Popas imperial\u2019 \u015fi \u2018Gheorghe...\" \/>\n<meta property=\"og:url\" content=\"https:\/\/carpathiacenter.ro\/en\/triptic-cinematografic-dedicat-lui-eminescu-porumbescu-si-gheorghe-dima-la-bcu-carol-i-pe-18-decembrie\/\" \/>\n<meta property=\"og:site_name\" content=\"Carpathia Center Romania\" \/>\n<meta property=\"article:publisher\" content=\"https:\/\/www.facebook.com\/fdpscarpathia\/\" \/>\n<meta property=\"article:published_time\" content=\"2024-12-05T17:23:48+00:00\" \/>\n<meta property=\"og:image\" content=\"https:\/\/carpathiacenter.ro\/wp-content\/uploads\/2024\/12\/media-172252133877871500.jpg\" \/>\n\t<meta property=\"og:image:width\" content=\"1200\" \/>\n\t<meta property=\"og:image:height\" content=\"705\" \/>\n\t<meta property=\"og:image:type\" content=\"image\/jpeg\" \/>\n<meta name=\"author\" content=\"creativebitsolutions\" \/>\n<meta name=\"twitter:card\" content=\"summary_large_image\" \/>\n<meta name=\"twitter:label1\" content=\"Written by\" \/>\n\t<meta name=\"twitter:data1\" content=\"creativebitsolutions\" \/>\n\t<meta name=\"twitter:label2\" content=\"Estimated reading time\" \/>\n\t<meta name=\"twitter:data2\" content=\"3 minutes\" \/>\n<script type=\"application\/ld+json\" class=\"yoast-schema-graph\">{\"@context\":\"https:\/\/schema.org\",\"@graph\":[{\"@type\":\"Article\",\"@id\":\"https:\/\/carpathiacenter.ro\/triptic-cinematografic-dedicat-lui-eminescu-porumbescu-si-gheorghe-dima-la-bcu-carol-i-pe-18-decembrie\/#article\",\"isPartOf\":{\"@id\":\"https:\/\/carpathiacenter.ro\/triptic-cinematografic-dedicat-lui-eminescu-porumbescu-si-gheorghe-dima-la-bcu-carol-i-pe-18-decembrie\/\"},\"author\":{\"name\":\"creativebitsolutions\",\"@id\":\"https:\/\/carpathiacenter.ro\/#\/schema\/person\/03d9f58202fee8379268f34afa195006\"},\"headline\":\"Triptic cinematografic dedicat lui Eminescu, Porumbescu \u015fi Gheorghe Dima \u2013 la BCU \u201cCarol I\u201d, pe 18 decembrie\",\"datePublished\":\"2024-12-05T17:23:48+00:00\",\"mainEntityOfPage\":{\"@id\":\"https:\/\/carpathiacenter.ro\/triptic-cinematografic-dedicat-lui-eminescu-porumbescu-si-gheorghe-dima-la-bcu-carol-i-pe-18-decembrie\/\"},\"wordCount\":618,\"commentCount\":0,\"publisher\":{\"@id\":\"https:\/\/carpathiacenter.ro\/#organization\"},\"image\":{\"@id\":\"https:\/\/carpathiacenter.ro\/triptic-cinematografic-dedicat-lui-eminescu-porumbescu-si-gheorghe-dima-la-bcu-carol-i-pe-18-decembrie\/#primaryimage\"},\"thumbnailUrl\":\"https:\/\/carpathiacenter.ro\/wp-content\/uploads\/2024\/12\/media-172252133877871500.jpg\",\"articleSection\":[\"Uncategorized\"],\"inLanguage\":\"en-GB\",\"potentialAction\":[{\"@type\":\"CommentAction\",\"name\":\"Comment\",\"target\":[\"https:\/\/carpathiacenter.ro\/triptic-cinematografic-dedicat-lui-eminescu-porumbescu-si-gheorghe-dima-la-bcu-carol-i-pe-18-decembrie\/#respond\"]}]},{\"@type\":\"WebPage\",\"@id\":\"https:\/\/carpathiacenter.ro\/triptic-cinematografic-dedicat-lui-eminescu-porumbescu-si-gheorghe-dima-la-bcu-carol-i-pe-18-decembrie\/\",\"url\":\"https:\/\/carpathiacenter.ro\/triptic-cinematografic-dedicat-lui-eminescu-porumbescu-si-gheorghe-dima-la-bcu-carol-i-pe-18-decembrie\/\",\"name\":\"Triptic cinematografic dedicat lui Eminescu, Porumbescu \u015fi Gheorghe Dima \u2013 la BCU \u201cCarol I\u201d, pe 18 decembrie - Carpathia Center Romania\",\"isPartOf\":{\"@id\":\"https:\/\/carpathiacenter.ro\/#website\"},\"primaryImageOfPage\":{\"@id\":\"https:\/\/carpathiacenter.ro\/triptic-cinematografic-dedicat-lui-eminescu-porumbescu-si-gheorghe-dima-la-bcu-carol-i-pe-18-decembrie\/#primaryimage\"},\"image\":{\"@id\":\"https:\/\/carpathiacenter.ro\/triptic-cinematografic-dedicat-lui-eminescu-porumbescu-si-gheorghe-dima-la-bcu-carol-i-pe-18-decembrie\/#primaryimage\"},\"thumbnailUrl\":\"https:\/\/carpathiacenter.ro\/wp-content\/uploads\/2024\/12\/media-172252133877871500.jpg\",\"datePublished\":\"2024-12-05T17:23:48+00:00\",\"breadcrumb\":{\"@id\":\"https:\/\/carpathiacenter.ro\/triptic-cinematografic-dedicat-lui-eminescu-porumbescu-si-gheorghe-dima-la-bcu-carol-i-pe-18-decembrie\/#breadcrumb\"},\"inLanguage\":\"en-GB\",\"potentialAction\":[{\"@type\":\"ReadAction\",\"target\":[\"https:\/\/carpathiacenter.ro\/triptic-cinematografic-dedicat-lui-eminescu-porumbescu-si-gheorghe-dima-la-bcu-carol-i-pe-18-decembrie\/\"]}]},{\"@type\":\"ImageObject\",\"inLanguage\":\"en-GB\",\"@id\":\"https:\/\/carpathiacenter.ro\/triptic-cinematografic-dedicat-lui-eminescu-porumbescu-si-gheorghe-dima-la-bcu-carol-i-pe-18-decembrie\/#primaryimage\",\"url\":\"https:\/\/carpathiacenter.ro\/wp-content\/uploads\/2024\/12\/media-172252133877871500.jpg\",\"contentUrl\":\"https:\/\/carpathiacenter.ro\/wp-content\/uploads\/2024\/12\/media-172252133877871500.jpg\",\"width\":1200,\"height\":705},{\"@type\":\"BreadcrumbList\",\"@id\":\"https:\/\/carpathiacenter.ro\/triptic-cinematografic-dedicat-lui-eminescu-porumbescu-si-gheorghe-dima-la-bcu-carol-i-pe-18-decembrie\/#breadcrumb\",\"itemListElement\":[{\"@type\":\"ListItem\",\"position\":1,\"name\":\"Prima pagin\u0103\",\"item\":\"https:\/\/carpathiacenter.ro\/\"},{\"@type\":\"ListItem\",\"position\":2,\"name\":\"Triptic cinematografic dedicat lui Eminescu, Porumbescu \u015fi Gheorghe Dima \u2013 la BCU \u201cCarol I\u201d, pe 18 decembrie\"}]},{\"@type\":\"WebSite\",\"@id\":\"https:\/\/carpathiacenter.ro\/#website\",\"url\":\"https:\/\/carpathiacenter.ro\/\",\"name\":\"Carpathia Center Romania\",\"description\":\"Impossible made possible!\",\"publisher\":{\"@id\":\"https:\/\/carpathiacenter.ro\/#organization\"},\"potentialAction\":[{\"@type\":\"SearchAction\",\"target\":{\"@type\":\"EntryPoint\",\"urlTemplate\":\"https:\/\/carpathiacenter.ro\/?s={search_term_string}\"},\"query-input\":{\"@type\":\"PropertyValueSpecification\",\"valueRequired\":true,\"valueName\":\"search_term_string\"}}],\"inLanguage\":\"en-GB\"},{\"@type\":\"Organization\",\"@id\":\"https:\/\/carpathiacenter.ro\/#organization\",\"name\":\"Carpathia Center Romania\",\"url\":\"https:\/\/carpathiacenter.ro\/\",\"logo\":{\"@type\":\"ImageObject\",\"inLanguage\":\"en-GB\",\"@id\":\"https:\/\/carpathiacenter.ro\/#\/schema\/logo\/image\/\",\"url\":\"https:\/\/carpathiacenter.ro\/wp-content\/uploads\/2024\/07\/logo-carpathia_bg_white-1024x941.png\",\"contentUrl\":\"https:\/\/carpathiacenter.ro\/wp-content\/uploads\/2024\/07\/logo-carpathia_bg_white-1024x941.png\",\"width\":1024,\"height\":941,\"caption\":\"Carpathia Center Romania\"},\"image\":{\"@id\":\"https:\/\/carpathiacenter.ro\/#\/schema\/logo\/image\/\"},\"sameAs\":[\"https:\/\/www.facebook.com\/fdpscarpathia\/\"]},{\"@type\":\"Person\",\"@id\":\"https:\/\/carpathiacenter.ro\/#\/schema\/person\/03d9f58202fee8379268f34afa195006\",\"name\":\"creativebitsolutions\",\"image\":{\"@type\":\"ImageObject\",\"inLanguage\":\"en-GB\",\"@id\":\"https:\/\/carpathiacenter.ro\/#\/schema\/person\/image\/\",\"url\":\"https:\/\/secure.gravatar.com\/avatar\/1b1a13e37f847c635dab78348f1dff2f07651ee2a3d77a5c355a4b8c75f9165a?s=96&d=mm&r=g\",\"contentUrl\":\"https:\/\/secure.gravatar.com\/avatar\/1b1a13e37f847c635dab78348f1dff2f07651ee2a3d77a5c355a4b8c75f9165a?s=96&d=mm&r=g\",\"caption\":\"creativebitsolutions\"},\"url\":\"https:\/\/carpathiacenter.ro\/en\/author\/creativebitsolutions\/\"}]}<\/script>\n<!-- \/ Yoast SEO plugin. -->","yoast_head_json":{"title":"Triptic cinematografic dedicat lui Eminescu, Porumbescu \u015fi Gheorghe Dima \u2013 la BCU \u201cCarol I\u201d, pe 18 decembrie - Carpathia Center Romania","robots":{"index":"index","follow":"follow","max-snippet":"max-snippet:-1","max-image-preview":"max-image-preview:large","max-video-preview":"max-video-preview:-1"},"canonical":"https:\/\/carpathiacenter.ro\/en\/triptic-cinematografic-dedicat-lui-eminescu-porumbescu-si-gheorghe-dima-la-bcu-carol-i-pe-18-decembrie\/","og_locale":"en_GB","og_type":"article","og_title":"Triptic cinematografic dedicat lui Eminescu, Porumbescu \u015fi Gheorghe Dima \u2013 la BCU \u201cCarol I\u201d, pe 18 decembrie - Carpathia Center Romania","og_description":"Un omagiu cinematografic adus unor mari personalit\u0103\u0163i culturale care au definit identitatea na\u0163ional\u0103 \u00een ultimele secole va fi prezentat, pe 18 decembrie, sub egida \u201cEroi ai Culturii Rom\u00e2ne\u201d, la Biblioteca Central\u0103 Universitar\u0103 \u201cCarol I\u201d din Bucure\u015fti. \u201cTrei eroi ai culturii vor fi s\u0103rb\u0103tori\u0163i printr-o proiec\u0163ie special\u0103 a documentarelor \u2018Cuf\u0103rul lui Eminescu\u2019, \u2018Popas imperial\u2019 \u015fi \u2018Gheorghe...","og_url":"https:\/\/carpathiacenter.ro\/en\/triptic-cinematografic-dedicat-lui-eminescu-porumbescu-si-gheorghe-dima-la-bcu-carol-i-pe-18-decembrie\/","og_site_name":"Carpathia Center Romania","article_publisher":"https:\/\/www.facebook.com\/fdpscarpathia\/","article_published_time":"2024-12-05T17:23:48+00:00","og_image":[{"width":1200,"height":705,"url":"https:\/\/carpathiacenter.ro\/wp-content\/uploads\/2024\/12\/media-172252133877871500.jpg","type":"image\/jpeg"}],"author":"creativebitsolutions","twitter_card":"summary_large_image","twitter_misc":{"Written by":"creativebitsolutions","Estimated reading time":"3 minutes"},"schema":{"@context":"https:\/\/schema.org","@graph":[{"@type":"Article","@id":"https:\/\/carpathiacenter.ro\/triptic-cinematografic-dedicat-lui-eminescu-porumbescu-si-gheorghe-dima-la-bcu-carol-i-pe-18-decembrie\/#article","isPartOf":{"@id":"https:\/\/carpathiacenter.ro\/triptic-cinematografic-dedicat-lui-eminescu-porumbescu-si-gheorghe-dima-la-bcu-carol-i-pe-18-decembrie\/"},"author":{"name":"creativebitsolutions","@id":"https:\/\/carpathiacenter.ro\/#\/schema\/person\/03d9f58202fee8379268f34afa195006"},"headline":"Triptic cinematografic dedicat lui Eminescu, Porumbescu \u015fi Gheorghe Dima \u2013 la BCU \u201cCarol I\u201d, pe 18 decembrie","datePublished":"2024-12-05T17:23:48+00:00","mainEntityOfPage":{"@id":"https:\/\/carpathiacenter.ro\/triptic-cinematografic-dedicat-lui-eminescu-porumbescu-si-gheorghe-dima-la-bcu-carol-i-pe-18-decembrie\/"},"wordCount":618,"commentCount":0,"publisher":{"@id":"https:\/\/carpathiacenter.ro\/#organization"},"image":{"@id":"https:\/\/carpathiacenter.ro\/triptic-cinematografic-dedicat-lui-eminescu-porumbescu-si-gheorghe-dima-la-bcu-carol-i-pe-18-decembrie\/#primaryimage"},"thumbnailUrl":"https:\/\/carpathiacenter.ro\/wp-content\/uploads\/2024\/12\/media-172252133877871500.jpg","articleSection":["Uncategorized"],"inLanguage":"en-GB","potentialAction":[{"@type":"CommentAction","name":"Comment","target":["https:\/\/carpathiacenter.ro\/triptic-cinematografic-dedicat-lui-eminescu-porumbescu-si-gheorghe-dima-la-bcu-carol-i-pe-18-decembrie\/#respond"]}]},{"@type":"WebPage","@id":"https:\/\/carpathiacenter.ro\/triptic-cinematografic-dedicat-lui-eminescu-porumbescu-si-gheorghe-dima-la-bcu-carol-i-pe-18-decembrie\/","url":"https:\/\/carpathiacenter.ro\/triptic-cinematografic-dedicat-lui-eminescu-porumbescu-si-gheorghe-dima-la-bcu-carol-i-pe-18-decembrie\/","name":"Triptic cinematografic dedicat lui Eminescu, Porumbescu \u015fi Gheorghe Dima \u2013 la BCU \u201cCarol I\u201d, pe 18 decembrie - Carpathia Center Romania","isPartOf":{"@id":"https:\/\/carpathiacenter.ro\/#website"},"primaryImageOfPage":{"@id":"https:\/\/carpathiacenter.ro\/triptic-cinematografic-dedicat-lui-eminescu-porumbescu-si-gheorghe-dima-la-bcu-carol-i-pe-18-decembrie\/#primaryimage"},"image":{"@id":"https:\/\/carpathiacenter.ro\/triptic-cinematografic-dedicat-lui-eminescu-porumbescu-si-gheorghe-dima-la-bcu-carol-i-pe-18-decembrie\/#primaryimage"},"thumbnailUrl":"https:\/\/carpathiacenter.ro\/wp-content\/uploads\/2024\/12\/media-172252133877871500.jpg","datePublished":"2024-12-05T17:23:48+00:00","breadcrumb":{"@id":"https:\/\/carpathiacenter.ro\/triptic-cinematografic-dedicat-lui-eminescu-porumbescu-si-gheorghe-dima-la-bcu-carol-i-pe-18-decembrie\/#breadcrumb"},"inLanguage":"en-GB","potentialAction":[{"@type":"ReadAction","target":["https:\/\/carpathiacenter.ro\/triptic-cinematografic-dedicat-lui-eminescu-porumbescu-si-gheorghe-dima-la-bcu-carol-i-pe-18-decembrie\/"]}]},{"@type":"ImageObject","inLanguage":"en-GB","@id":"https:\/\/carpathiacenter.ro\/triptic-cinematografic-dedicat-lui-eminescu-porumbescu-si-gheorghe-dima-la-bcu-carol-i-pe-18-decembrie\/#primaryimage","url":"https:\/\/carpathiacenter.ro\/wp-content\/uploads\/2024\/12\/media-172252133877871500.jpg","contentUrl":"https:\/\/carpathiacenter.ro\/wp-content\/uploads\/2024\/12\/media-172252133877871500.jpg","width":1200,"height":705},{"@type":"BreadcrumbList","@id":"https:\/\/carpathiacenter.ro\/triptic-cinematografic-dedicat-lui-eminescu-porumbescu-si-gheorghe-dima-la-bcu-carol-i-pe-18-decembrie\/#breadcrumb","itemListElement":[{"@type":"ListItem","position":1,"name":"Prima pagin\u0103","item":"https:\/\/carpathiacenter.ro\/"},{"@type":"ListItem","position":2,"name":"Triptic cinematografic dedicat lui Eminescu, Porumbescu \u015fi Gheorghe Dima \u2013 la BCU \u201cCarol I\u201d, pe 18 decembrie"}]},{"@type":"WebSite","@id":"https:\/\/carpathiacenter.ro\/#website","url":"https:\/\/carpathiacenter.ro\/","name":"Carpathia Center Romania","description":"Impossible made possible!","publisher":{"@id":"https:\/\/carpathiacenter.ro\/#organization"},"potentialAction":[{"@type":"SearchAction","target":{"@type":"EntryPoint","urlTemplate":"https:\/\/carpathiacenter.ro\/?s={search_term_string}"},"query-input":{"@type":"PropertyValueSpecification","valueRequired":true,"valueName":"search_term_string"}}],"inLanguage":"en-GB"},{"@type":"Organization","@id":"https:\/\/carpathiacenter.ro\/#organization","name":"Carpathia Center Romania","url":"https:\/\/carpathiacenter.ro\/","logo":{"@type":"ImageObject","inLanguage":"en-GB","@id":"https:\/\/carpathiacenter.ro\/#\/schema\/logo\/image\/","url":"https:\/\/carpathiacenter.ro\/wp-content\/uploads\/2024\/07\/logo-carpathia_bg_white-1024x941.png","contentUrl":"https:\/\/carpathiacenter.ro\/wp-content\/uploads\/2024\/07\/logo-carpathia_bg_white-1024x941.png","width":1024,"height":941,"caption":"Carpathia Center Romania"},"image":{"@id":"https:\/\/carpathiacenter.ro\/#\/schema\/logo\/image\/"},"sameAs":["https:\/\/www.facebook.com\/fdpscarpathia\/"]},{"@type":"Person","@id":"https:\/\/carpathiacenter.ro\/#\/schema\/person\/03d9f58202fee8379268f34afa195006","name":"creativebitsolutions","image":{"@type":"ImageObject","inLanguage":"en-GB","@id":"https:\/\/carpathiacenter.ro\/#\/schema\/person\/image\/","url":"https:\/\/secure.gravatar.com\/avatar\/1b1a13e37f847c635dab78348f1dff2f07651ee2a3d77a5c355a4b8c75f9165a?s=96&d=mm&r=g","contentUrl":"https:\/\/secure.gravatar.com\/avatar\/1b1a13e37f847c635dab78348f1dff2f07651ee2a3d77a5c355a4b8c75f9165a?s=96&d=mm&r=g","caption":"creativebitsolutions"},"url":"https:\/\/carpathiacenter.ro\/en\/author\/creativebitsolutions\/"}]}},"_links":{"self":[{"href":"https:\/\/carpathiacenter.ro\/en\/wp-json\/wp\/v2\/posts\/1610","targetHints":{"allow":["GET"]}}],"collection":[{"href":"https:\/\/carpathiacenter.ro\/en\/wp-json\/wp\/v2\/posts"}],"about":[{"href":"https:\/\/carpathiacenter.ro\/en\/wp-json\/wp\/v2\/types\/post"}],"author":[{"embeddable":true,"href":"https:\/\/carpathiacenter.ro\/en\/wp-json\/wp\/v2\/users\/4"}],"replies":[{"embeddable":true,"href":"https:\/\/carpathiacenter.ro\/en\/wp-json\/wp\/v2\/comments?post=1610"}],"version-history":[{"count":1,"href":"https:\/\/carpathiacenter.ro\/en\/wp-json\/wp\/v2\/posts\/1610\/revisions"}],"predecessor-version":[{"id":1614,"href":"https:\/\/carpathiacenter.ro\/en\/wp-json\/wp\/v2\/posts\/1610\/revisions\/1614"}],"wp:featuredmedia":[{"embeddable":true,"href":"https:\/\/carpathiacenter.ro\/en\/wp-json\/wp\/v2\/media\/1612"}],"wp:attachment":[{"href":"https:\/\/carpathiacenter.ro\/en\/wp-json\/wp\/v2\/media?parent=1610"}],"wp:term":[{"taxonomy":"category","embeddable":true,"href":"https:\/\/carpathiacenter.ro\/en\/wp-json\/wp\/v2\/categories?post=1610"},{"taxonomy":"post_tag","embeddable":true,"href":"https:\/\/carpathiacenter.ro\/en\/wp-json\/wp\/v2\/tags?post=1610"}],"curies":[{"name":"wp","href":"https:\/\/api.w.org\/{rel}","templated":true}]}}