{"id":1609,"date":"2024-12-05T17:22:54","date_gmt":"2024-12-05T17:22:54","guid":{"rendered":"https:\/\/carpathiacenter.ro\/?p=1609"},"modified":"2024-12-05T17:22:54","modified_gmt":"2024-12-05T17:22:54","slug":"consiliul-superior-al-magistraturii-isi-alege-noua-conducere","status":"publish","type":"post","link":"https:\/\/carpathiacenter.ro\/en\/consiliul-superior-al-magistraturii-isi-alege-noua-conducere\/","title":{"rendered":"Consiliul Superior al Magistraturii \u00ee\u015fi alege noua conducere"},"content":{"rendered":"<p><strong>Plenul Consiliului Superior al Magistraturii (CSM) se reune\u015fte, joi, pentru a-\u015fi alege noua conducere \u2013 pre\u015fedintele \u015fi vicepre\u015fedintele.<\/strong><\/p>\n<p>\u00cen prezent, la conducerea CSM este judec\u0103toarea Denisa-Angelica St\u0103ni\u015for, iar \u00een func\u0163ia de vicepre\u015fedinte \u2013 procurorul Emilia Ion.<\/p>\n<p>Candida\u0163ii pentru \u015fefia CSM trebuie s\u0103 prezinte un proiect managerial care s\u0103 cuprind\u0103 viziunea lor referitoare la gestionarea competen\u0163elor Consiliului \u015fi rezolvarea aspectelor legate de resursele umane din sistemul judiciar, dar \u015fi proiectele aflate \u00een derulare.<\/p>\n<p>CSM are \u00een componen\u0163\u0103 19 membri: nou\u0103 judec\u0103tori \u015fi cinci procurori ale\u015fi de magistra\u0163i \u00een adun\u0103rile generale ale instan\u0163elor \u015fi parchetelor, doi reprezentan\u0163i ai societ\u0103\u0163ii civile ale\u015fi de Senat \u015fi trei membri de drept \u2013 ministrul Justi\u0163iei, pre\u015fedintele ICCJ \u015fi procurorul general al Rom\u00e2niei. Mandatul membrilor ale\u015fi este de \u015fase ani, f\u0103r\u0103 posibilitatea re\u00eenvestirii.<\/p>\n<p>Potrivit Constitu\u0163iei \u015fi Legii 317\/2004 privind CSM, Consiliul este condus de un pre\u015fedinte, ajutat de un vicepre\u015fedinte, care fac parte din sec\u0163ii diferite, pentru un mandat de un an, care nu poate fi re\u00eennoit.<\/p>\n<p>Au dreptul s\u0103 candideze doar cei nou\u0103 judec\u0103tori \u015fi cinci procurori ale\u015fi \u00een adun\u0103rile generale ale instan\u0163elor \u015fi parchetelor. Nu pot candida la func\u0163iile de pre\u015fedinte \u015fi vicepre\u015fedinte membrii de drept ai CSM \u015fi reprezentan\u0163ii societ\u0103\u0163ii civile.<\/p>\n<p>Conducerea CSM este aleas\u0103 prin votul membrilor plenului, iar dac\u0103 pre\u015fedintele este judec\u0103tor, vicepre\u015fedintele trebuie s\u0103 fie procuror \u015fi invers.<\/p>\n<p><strong>\u00cen prezent, Consiliul Superior al Magistraturii este format din judec\u0103torii Daniel Gr\u0103dinaru \u2013 \u00cenalta Curte de Casa\u0163ie \u015fi Justi\u0163ie, Denisa-Angelica St\u0103ni\u015for \u2013 \u00cenalta Curte de Casa\u0163ie \u015fi Justi\u0163ie, Gheorghe-Liviu Odagiu \u2013 Curtea de Apel Alba Iulia, Elena Raluca Costache \u2013 Curtea de Apel Bucure\u015fti, Ramona Gra\u0163iela Milu \u2013 Curtea de Apel Bra\u015fov, Mihaela-Laura Radu \u2013 Tribunalul Bucure\u015fti, Narcis Erculescu \u2013 Tribunalul D\u00e2mbovi\u0163a, Claudiu-Marian Dr\u0103gu\u015fin \u2013 Judec\u0103toria Sectorului 4 Bucure\u015fti \u015fi Vasile-Alin Ene \u2013 Judec\u0103toria Ploie\u015fti.<\/strong><\/p>\n<p>Din CSM fac parte \u015fi procurorii Daniel Horodniceanu \u2013 Parchetul de pe l\u00e2ng\u0103 \u00cenalta Curte de Casa\u0163ie \u015fi Justi\u0163ie, Emilia Ion \u2013 Parchetul de pe l\u00e2ng\u0103 Curtea de Apel Bucure\u015fti, Bogdan Silviu Staicu \u2013 Parchetul de pe l\u00e2ng\u0103 Tribunalul Bucure\u015fti, Claudiu Constantin Sandu \u2013 Parchetul de pe l\u00e2ng\u0103 Tribunalul Bra\u015fov \u015fi Marioara C\u0103t\u0103lina S\u00eention \u2013 Parchetul de pe l\u00e2ng\u0103 Judec\u0103toria Sectorului 3 Bucure\u015fti.<\/p>\n<p>F\u0103nel Mihalcea \u015fi Ioan Sas au fost ale\u015fi de Senat ca membri ai CSM din partea societ\u0103\u0163ii civile. AGERPRES\/(AS \u2013 autor: Mihai Stoica, editor: Florin Marin, editor online: Andreea Preda)<\/p>\n<p>Sursa:https:\/\/www.agerpres.ro\/justitie\/2024\/12\/05\/consiliul-superior-al-magistraturii-isi-alege-noua-conducere\u20131398620<\/p>","protected":false},"excerpt":{"rendered":"<p>Plenul Consiliului Superior al Magistraturii (CSM) se reune\u015fte, joi, pentru a-\u015fi alege noua conducere \u2013 pre\u015fedintele \u015fi vicepre\u015fedintele. \u00cen prezent, la conducerea CSM este judec\u0103toarea Denisa-Angelica St\u0103ni\u015for, iar \u00een func\u0163ia de vicepre\u015fedinte \u2013 procurorul Emilia Ion. Candida\u0163ii pentru \u015fefia CSM trebuie s\u0103 prezinte un proiect managerial care s\u0103 cuprind\u0103 viziunea lor referitoare la gestionarea competen\u0163elor&#8230;<\/p>","protected":false},"author":4,"featured_media":1611,"comment_status":"open","ping_status":"open","sticky":false,"template":"","format":"standard","meta":{"footnotes":""},"categories":[1],"tags":[],"class_list":["post-1609","post","type-post","status-publish","format-standard","has-post-thumbnail","hentry","category-uncategorized"],"yoast_head":"<!-- This site is optimized with the Yoast SEO plugin v26.1.1 - https:\/\/yoast.com\/wordpress\/plugins\/seo\/ -->\n<title>Consiliul Superior al Magistraturii \u00ee\u015fi alege noua conducere - Carpathia Center Romania<\/title>\n<meta name=\"robots\" content=\"index, follow, max-snippet:-1, max-image-preview:large, max-video-preview:-1\" \/>\n<link rel=\"canonical\" href=\"https:\/\/carpathiacenter.ro\/en\/consiliul-superior-al-magistraturii-isi-alege-noua-conducere\/\" \/>\n<meta property=\"og:locale\" content=\"en_GB\" \/>\n<meta property=\"og:type\" content=\"article\" \/>\n<meta property=\"og:title\" content=\"Consiliul Superior al Magistraturii \u00ee\u015fi alege noua conducere - Carpathia Center Romania\" \/>\n<meta property=\"og:description\" content=\"Plenul Consiliului Superior al Magistraturii (CSM) se reune\u015fte, joi, pentru a-\u015fi alege noua conducere \u2013 pre\u015fedintele \u015fi vicepre\u015fedintele. \u00cen prezent, la conducerea CSM este judec\u0103toarea Denisa-Angelica St\u0103ni\u015for, iar \u00een func\u0163ia de vicepre\u015fedinte \u2013 procurorul Emilia Ion. Candida\u0163ii pentru \u015fefia CSM trebuie s\u0103 prezinte un proiect managerial care s\u0103 cuprind\u0103 viziunea lor referitoare la gestionarea competen\u0163elor...\" \/>\n<meta property=\"og:url\" content=\"https:\/\/carpathiacenter.ro\/en\/consiliul-superior-al-magistraturii-isi-alege-noua-conducere\/\" \/>\n<meta property=\"og:site_name\" content=\"Carpathia Center Romania\" \/>\n<meta property=\"article:publisher\" content=\"https:\/\/www.facebook.com\/fdpscarpathia\/\" \/>\n<meta property=\"article:published_time\" content=\"2024-12-05T17:22:54+00:00\" \/>\n<meta property=\"og:image\" content=\"https:\/\/carpathiacenter.ro\/wp-content\/uploads\/2024\/12\/consiliul-superior-al-magistraturii-1024x683-1.webp\" \/>\n\t<meta property=\"og:image:width\" content=\"1200\" \/>\n\t<meta property=\"og:image:height\" content=\"675\" \/>\n\t<meta property=\"og:image:type\" content=\"image\/webp\" \/>\n<meta name=\"author\" content=\"creativebitsolutions\" \/>\n<meta name=\"twitter:card\" content=\"summary_large_image\" \/>\n<meta name=\"twitter:label1\" content=\"Written by\" \/>\n\t<meta name=\"twitter:data1\" content=\"creativebitsolutions\" \/>\n\t<meta name=\"twitter:label2\" content=\"Estimated reading time\" \/>\n\t<meta name=\"twitter:data2\" content=\"2 minutes\" \/>\n<script type=\"application\/ld+json\" class=\"yoast-schema-graph\">{\"@context\":\"https:\/\/schema.org\",\"@graph\":[{\"@type\":\"Article\",\"@id\":\"https:\/\/carpathiacenter.ro\/consiliul-superior-al-magistraturii-isi-alege-noua-conducere\/#article\",\"isPartOf\":{\"@id\":\"https:\/\/carpathiacenter.ro\/consiliul-superior-al-magistraturii-isi-alege-noua-conducere\/\"},\"author\":{\"name\":\"creativebitsolutions\",\"@id\":\"https:\/\/carpathiacenter.ro\/#\/schema\/person\/03d9f58202fee8379268f34afa195006\"},\"headline\":\"Consiliul Superior al Magistraturii \u00ee\u015fi alege noua conducere\",\"datePublished\":\"2024-12-05T17:22:54+00:00\",\"mainEntityOfPage\":{\"@id\":\"https:\/\/carpathiacenter.ro\/consiliul-superior-al-magistraturii-isi-alege-noua-conducere\/\"},\"wordCount\":459,\"commentCount\":0,\"publisher\":{\"@id\":\"https:\/\/carpathiacenter.ro\/#organization\"},\"image\":{\"@id\":\"https:\/\/carpathiacenter.ro\/consiliul-superior-al-magistraturii-isi-alege-noua-conducere\/#primaryimage\"},\"thumbnailUrl\":\"https:\/\/carpathiacenter.ro\/wp-content\/uploads\/2024\/12\/consiliul-superior-al-magistraturii-1024x683-1.webp\",\"articleSection\":[\"Uncategorized\"],\"inLanguage\":\"en-GB\",\"potentialAction\":[{\"@type\":\"CommentAction\",\"name\":\"Comment\",\"target\":[\"https:\/\/carpathiacenter.ro\/consiliul-superior-al-magistraturii-isi-alege-noua-conducere\/#respond\"]}]},{\"@type\":\"WebPage\",\"@id\":\"https:\/\/carpathiacenter.ro\/consiliul-superior-al-magistraturii-isi-alege-noua-conducere\/\",\"url\":\"https:\/\/carpathiacenter.ro\/consiliul-superior-al-magistraturii-isi-alege-noua-conducere\/\",\"name\":\"Consiliul Superior al Magistraturii \u00ee\u015fi alege noua conducere - Carpathia Center Romania\",\"isPartOf\":{\"@id\":\"https:\/\/carpathiacenter.ro\/#website\"},\"primaryImageOfPage\":{\"@id\":\"https:\/\/carpathiacenter.ro\/consiliul-superior-al-magistraturii-isi-alege-noua-conducere\/#primaryimage\"},\"image\":{\"@id\":\"https:\/\/carpathiacenter.ro\/consiliul-superior-al-magistraturii-isi-alege-noua-conducere\/#primaryimage\"},\"thumbnailUrl\":\"https:\/\/carpathiacenter.ro\/wp-content\/uploads\/2024\/12\/consiliul-superior-al-magistraturii-1024x683-1.webp\",\"datePublished\":\"2024-12-05T17:22:54+00:00\",\"breadcrumb\":{\"@id\":\"https:\/\/carpathiacenter.ro\/consiliul-superior-al-magistraturii-isi-alege-noua-conducere\/#breadcrumb\"},\"inLanguage\":\"en-GB\",\"potentialAction\":[{\"@type\":\"ReadAction\",\"target\":[\"https:\/\/carpathiacenter.ro\/consiliul-superior-al-magistraturii-isi-alege-noua-conducere\/\"]}]},{\"@type\":\"ImageObject\",\"inLanguage\":\"en-GB\",\"@id\":\"https:\/\/carpathiacenter.ro\/consiliul-superior-al-magistraturii-isi-alege-noua-conducere\/#primaryimage\",\"url\":\"https:\/\/carpathiacenter.ro\/wp-content\/uploads\/2024\/12\/consiliul-superior-al-magistraturii-1024x683-1.webp\",\"contentUrl\":\"https:\/\/carpathiacenter.ro\/wp-content\/uploads\/2024\/12\/consiliul-superior-al-magistraturii-1024x683-1.webp\",\"width\":1200,\"height\":675},{\"@type\":\"BreadcrumbList\",\"@id\":\"https:\/\/carpathiacenter.ro\/consiliul-superior-al-magistraturii-isi-alege-noua-conducere\/#breadcrumb\",\"itemListElement\":[{\"@type\":\"ListItem\",\"position\":1,\"name\":\"Prima pagin\u0103\",\"item\":\"https:\/\/carpathiacenter.ro\/\"},{\"@type\":\"ListItem\",\"position\":2,\"name\":\"Consiliul Superior al Magistraturii \u00ee\u015fi alege noua conducere\"}]},{\"@type\":\"WebSite\",\"@id\":\"https:\/\/carpathiacenter.ro\/#website\",\"url\":\"https:\/\/carpathiacenter.ro\/\",\"name\":\"Carpathia Center Romania\",\"description\":\"Impossible made possible!\",\"publisher\":{\"@id\":\"https:\/\/carpathiacenter.ro\/#organization\"},\"potentialAction\":[{\"@type\":\"SearchAction\",\"target\":{\"@type\":\"EntryPoint\",\"urlTemplate\":\"https:\/\/carpathiacenter.ro\/?s={search_term_string}\"},\"query-input\":{\"@type\":\"PropertyValueSpecification\",\"valueRequired\":true,\"valueName\":\"search_term_string\"}}],\"inLanguage\":\"en-GB\"},{\"@type\":\"Organization\",\"@id\":\"https:\/\/carpathiacenter.ro\/#organization\",\"name\":\"Carpathia Center Romania\",\"url\":\"https:\/\/carpathiacenter.ro\/\",\"logo\":{\"@type\":\"ImageObject\",\"inLanguage\":\"en-GB\",\"@id\":\"https:\/\/carpathiacenter.ro\/#\/schema\/logo\/image\/\",\"url\":\"https:\/\/carpathiacenter.ro\/wp-content\/uploads\/2024\/07\/logo-carpathia_bg_white-1024x941.png\",\"contentUrl\":\"https:\/\/carpathiacenter.ro\/wp-content\/uploads\/2024\/07\/logo-carpathia_bg_white-1024x941.png\",\"width\":1024,\"height\":941,\"caption\":\"Carpathia Center Romania\"},\"image\":{\"@id\":\"https:\/\/carpathiacenter.ro\/#\/schema\/logo\/image\/\"},\"sameAs\":[\"https:\/\/www.facebook.com\/fdpscarpathia\/\"]},{\"@type\":\"Person\",\"@id\":\"https:\/\/carpathiacenter.ro\/#\/schema\/person\/03d9f58202fee8379268f34afa195006\",\"name\":\"creativebitsolutions\",\"image\":{\"@type\":\"ImageObject\",\"inLanguage\":\"en-GB\",\"@id\":\"https:\/\/carpathiacenter.ro\/#\/schema\/person\/image\/\",\"url\":\"https:\/\/secure.gravatar.com\/avatar\/1b1a13e37f847c635dab78348f1dff2f07651ee2a3d77a5c355a4b8c75f9165a?s=96&d=mm&r=g\",\"contentUrl\":\"https:\/\/secure.gravatar.com\/avatar\/1b1a13e37f847c635dab78348f1dff2f07651ee2a3d77a5c355a4b8c75f9165a?s=96&d=mm&r=g\",\"caption\":\"creativebitsolutions\"},\"url\":\"https:\/\/carpathiacenter.ro\/en\/author\/creativebitsolutions\/\"}]}<\/script>\n<!-- \/ Yoast SEO plugin. -->","yoast_head_json":{"title":"Consiliul Superior al Magistraturii \u00ee\u015fi alege noua conducere - Carpathia Center Romania","robots":{"index":"index","follow":"follow","max-snippet":"max-snippet:-1","max-image-preview":"max-image-preview:large","max-video-preview":"max-video-preview:-1"},"canonical":"https:\/\/carpathiacenter.ro\/en\/consiliul-superior-al-magistraturii-isi-alege-noua-conducere\/","og_locale":"en_GB","og_type":"article","og_title":"Consiliul Superior al Magistraturii \u00ee\u015fi alege noua conducere - Carpathia Center Romania","og_description":"Plenul Consiliului Superior al Magistraturii (CSM) se reune\u015fte, joi, pentru a-\u015fi alege noua conducere \u2013 pre\u015fedintele \u015fi vicepre\u015fedintele. \u00cen prezent, la conducerea CSM este judec\u0103toarea Denisa-Angelica St\u0103ni\u015for, iar \u00een func\u0163ia de vicepre\u015fedinte \u2013 procurorul Emilia Ion. Candida\u0163ii pentru \u015fefia CSM trebuie s\u0103 prezinte un proiect managerial care s\u0103 cuprind\u0103 viziunea lor referitoare la gestionarea competen\u0163elor...","og_url":"https:\/\/carpathiacenter.ro\/en\/consiliul-superior-al-magistraturii-isi-alege-noua-conducere\/","og_site_name":"Carpathia Center Romania","article_publisher":"https:\/\/www.facebook.com\/fdpscarpathia\/","article_published_time":"2024-12-05T17:22:54+00:00","og_image":[{"width":1200,"height":675,"url":"https:\/\/carpathiacenter.ro\/wp-content\/uploads\/2024\/12\/consiliul-superior-al-magistraturii-1024x683-1.webp","type":"image\/webp"}],"author":"creativebitsolutions","twitter_card":"summary_large_image","twitter_misc":{"Written by":"creativebitsolutions","Estimated reading time":"2 minutes"},"schema":{"@context":"https:\/\/schema.org","@graph":[{"@type":"Article","@id":"https:\/\/carpathiacenter.ro\/consiliul-superior-al-magistraturii-isi-alege-noua-conducere\/#article","isPartOf":{"@id":"https:\/\/carpathiacenter.ro\/consiliul-superior-al-magistraturii-isi-alege-noua-conducere\/"},"author":{"name":"creativebitsolutions","@id":"https:\/\/carpathiacenter.ro\/#\/schema\/person\/03d9f58202fee8379268f34afa195006"},"headline":"Consiliul Superior al Magistraturii \u00ee\u015fi alege noua conducere","datePublished":"2024-12-05T17:22:54+00:00","mainEntityOfPage":{"@id":"https:\/\/carpathiacenter.ro\/consiliul-superior-al-magistraturii-isi-alege-noua-conducere\/"},"wordCount":459,"commentCount":0,"publisher":{"@id":"https:\/\/carpathiacenter.ro\/#organization"},"image":{"@id":"https:\/\/carpathiacenter.ro\/consiliul-superior-al-magistraturii-isi-alege-noua-conducere\/#primaryimage"},"thumbnailUrl":"https:\/\/carpathiacenter.ro\/wp-content\/uploads\/2024\/12\/consiliul-superior-al-magistraturii-1024x683-1.webp","articleSection":["Uncategorized"],"inLanguage":"en-GB","potentialAction":[{"@type":"CommentAction","name":"Comment","target":["https:\/\/carpathiacenter.ro\/consiliul-superior-al-magistraturii-isi-alege-noua-conducere\/#respond"]}]},{"@type":"WebPage","@id":"https:\/\/carpathiacenter.ro\/consiliul-superior-al-magistraturii-isi-alege-noua-conducere\/","url":"https:\/\/carpathiacenter.ro\/consiliul-superior-al-magistraturii-isi-alege-noua-conducere\/","name":"Consiliul Superior al Magistraturii \u00ee\u015fi alege noua conducere - Carpathia Center Romania","isPartOf":{"@id":"https:\/\/carpathiacenter.ro\/#website"},"primaryImageOfPage":{"@id":"https:\/\/carpathiacenter.ro\/consiliul-superior-al-magistraturii-isi-alege-noua-conducere\/#primaryimage"},"image":{"@id":"https:\/\/carpathiacenter.ro\/consiliul-superior-al-magistraturii-isi-alege-noua-conducere\/#primaryimage"},"thumbnailUrl":"https:\/\/carpathiacenter.ro\/wp-content\/uploads\/2024\/12\/consiliul-superior-al-magistraturii-1024x683-1.webp","datePublished":"2024-12-05T17:22:54+00:00","breadcrumb":{"@id":"https:\/\/carpathiacenter.ro\/consiliul-superior-al-magistraturii-isi-alege-noua-conducere\/#breadcrumb"},"inLanguage":"en-GB","potentialAction":[{"@type":"ReadAction","target":["https:\/\/carpathiacenter.ro\/consiliul-superior-al-magistraturii-isi-alege-noua-conducere\/"]}]},{"@type":"ImageObject","inLanguage":"en-GB","@id":"https:\/\/carpathiacenter.ro\/consiliul-superior-al-magistraturii-isi-alege-noua-conducere\/#primaryimage","url":"https:\/\/carpathiacenter.ro\/wp-content\/uploads\/2024\/12\/consiliul-superior-al-magistraturii-1024x683-1.webp","contentUrl":"https:\/\/carpathiacenter.ro\/wp-content\/uploads\/2024\/12\/consiliul-superior-al-magistraturii-1024x683-1.webp","width":1200,"height":675},{"@type":"BreadcrumbList","@id":"https:\/\/carpathiacenter.ro\/consiliul-superior-al-magistraturii-isi-alege-noua-conducere\/#breadcrumb","itemListElement":[{"@type":"ListItem","position":1,"name":"Prima pagin\u0103","item":"https:\/\/carpathiacenter.ro\/"},{"@type":"ListItem","position":2,"name":"Consiliul Superior al Magistraturii \u00ee\u015fi alege noua conducere"}]},{"@type":"WebSite","@id":"https:\/\/carpathiacenter.ro\/#website","url":"https:\/\/carpathiacenter.ro\/","name":"Carpathia Center Romania","description":"Impossible made possible!","publisher":{"@id":"https:\/\/carpathiacenter.ro\/#organization"},"potentialAction":[{"@type":"SearchAction","target":{"@type":"EntryPoint","urlTemplate":"https:\/\/carpathiacenter.ro\/?s={search_term_string}"},"query-input":{"@type":"PropertyValueSpecification","valueRequired":true,"valueName":"search_term_string"}}],"inLanguage":"en-GB"},{"@type":"Organization","@id":"https:\/\/carpathiacenter.ro\/#organization","name":"Carpathia Center Romania","url":"https:\/\/carpathiacenter.ro\/","logo":{"@type":"ImageObject","inLanguage":"en-GB","@id":"https:\/\/carpathiacenter.ro\/#\/schema\/logo\/image\/","url":"https:\/\/carpathiacenter.ro\/wp-content\/uploads\/2024\/07\/logo-carpathia_bg_white-1024x941.png","contentUrl":"https:\/\/carpathiacenter.ro\/wp-content\/uploads\/2024\/07\/logo-carpathia_bg_white-1024x941.png","width":1024,"height":941,"caption":"Carpathia Center Romania"},"image":{"@id":"https:\/\/carpathiacenter.ro\/#\/schema\/logo\/image\/"},"sameAs":["https:\/\/www.facebook.com\/fdpscarpathia\/"]},{"@type":"Person","@id":"https:\/\/carpathiacenter.ro\/#\/schema\/person\/03d9f58202fee8379268f34afa195006","name":"creativebitsolutions","image":{"@type":"ImageObject","inLanguage":"en-GB","@id":"https:\/\/carpathiacenter.ro\/#\/schema\/person\/image\/","url":"https:\/\/secure.gravatar.com\/avatar\/1b1a13e37f847c635dab78348f1dff2f07651ee2a3d77a5c355a4b8c75f9165a?s=96&d=mm&r=g","contentUrl":"https:\/\/secure.gravatar.com\/avatar\/1b1a13e37f847c635dab78348f1dff2f07651ee2a3d77a5c355a4b8c75f9165a?s=96&d=mm&r=g","caption":"creativebitsolutions"},"url":"https:\/\/carpathiacenter.ro\/en\/author\/creativebitsolutions\/"}]}},"_links":{"self":[{"href":"https:\/\/carpathiacenter.ro\/en\/wp-json\/wp\/v2\/posts\/1609","targetHints":{"allow":["GET"]}}],"collection":[{"href":"https:\/\/carpathiacenter.ro\/en\/wp-json\/wp\/v2\/posts"}],"about":[{"href":"https:\/\/carpathiacenter.ro\/en\/wp-json\/wp\/v2\/types\/post"}],"author":[{"embeddable":true,"href":"https:\/\/carpathiacenter.ro\/en\/wp-json\/wp\/v2\/users\/4"}],"replies":[{"embeddable":true,"href":"https:\/\/carpathiacenter.ro\/en\/wp-json\/wp\/v2\/comments?post=1609"}],"version-history":[{"count":1,"href":"https:\/\/carpathiacenter.ro\/en\/wp-json\/wp\/v2\/posts\/1609\/revisions"}],"predecessor-version":[{"id":1613,"href":"https:\/\/carpathiacenter.ro\/en\/wp-json\/wp\/v2\/posts\/1609\/revisions\/1613"}],"wp:featuredmedia":[{"embeddable":true,"href":"https:\/\/carpathiacenter.ro\/en\/wp-json\/wp\/v2\/media\/1611"}],"wp:attachment":[{"href":"https:\/\/carpathiacenter.ro\/en\/wp-json\/wp\/v2\/media?parent=1609"}],"wp:term":[{"taxonomy":"category","embeddable":true,"href":"https:\/\/carpathiacenter.ro\/en\/wp-json\/wp\/v2\/categories?post=1609"},{"taxonomy":"post_tag","embeddable":true,"href":"https:\/\/carpathiacenter.ro\/en\/wp-json\/wp\/v2\/tags?post=1609"}],"curies":[{"name":"wp","href":"https:\/\/api.w.org\/{rel}","templated":true}]}}