{"id":1602,"date":"2024-12-03T10:05:57","date_gmt":"2024-12-03T10:05:57","guid":{"rendered":"https:\/\/carpathiacenter.ro\/?p=1602"},"modified":"2024-12-03T10:05:57","modified_gmt":"2024-12-03T10:05:57","slug":"prezidentiale2024-ccr-respinge-solicitarea-de-anulare-a-primului-tur-de-scrutin-turul-ii-pe-8-decembrie","status":"publish","type":"post","link":"https:\/\/carpathiacenter.ro\/en\/prezidentiale2024-ccr-respinge-solicitarea-de-anulare-a-primului-tur-de-scrutin-turul-ii-pe-8-decembrie\/","title":{"rendered":"Preziden\u0163iale2024\/ CCR respinge solicitarea de anulare a primului tur de scrutin; turul II \u2013 pe 8 decembrie"},"content":{"rendered":"<div class=\"tdb-block-inner td-fix-index\">\n<p>Curtea Constitu\u0163ional\u0103 a Rom\u00e2niei a respins, luni, solicitarea lui Cristian Terhe\u015f, candidat la alegerile preziden\u0163iale, de anulare a rezultatelor din primul tur de scrutin, turul doi urm\u00e2nd s\u0103 aib\u0103 loc pe 8 decembrie.<\/p>\n<p>\u201c\u00cen cadrul examenului de constitu\u0163ionalitate privind respectarea procedurii pentru alegerea pre\u015fedintelui Rom\u00e2niei, conferind efectivitate competen\u0163elor \u00eenscrise \u00een Constitu\u0163ia Rom\u00e2niei, precum respectului votului popular exprimat \u00een primul tur al alegerilor preziden\u0163iale din anul 2024, judec\u0103torii constitu\u0163ionali au hot\u0103r\u00e2t, cu unanimitate de voturi, respingerea ca ne\u00eentemeiat\u0103 a contesta\u0163iei candidatului Terhe\u015f Cristian. Totodat\u0103, Curtea a hot\u0103r\u00e2t, \u00een unanimitate: 1) confirmarea \u015fi validarea rezultatului alegerilor pentru func\u0163ia de pre\u015fedinte al Rom\u00e2niei din primul tur de scrutin din data de 24 noiembrie 2024; 2) organizarea celui de-al doilea tur de scrutin pentru alegerea pre\u015fedintelui Rom\u00e2niei \u00een ziua de duminic\u0103, 8 decembrie 2024, la care vor participa domnul C\u0103lin Georgescu \u015fi doamna Elena Valerica Lasconi\u201d, a anun\u0163at luni seara pre\u015fedintele CCR, Marian Enache.<\/p>\n<p>Pre\u015fedintele CCR a ar\u0103tat c\u0103 Terhe\u015f nu a contestat voturile aleg\u0103torilor din Diaspora, astfel \u00eenc\u00e2t s-a apreciat c\u0103 nu mai este nevoie ca acestea s\u0103 fie renum\u0103rate.<\/p>\n<p>\u201cCurtea a observat c\u0103, din sesizarea contestatorului, voturile din Diaspora nu au fost contestate \u015fi, ca atare, \u00een condi\u0163iile date, a apreciat c\u0103 nu se mai impune renum\u0103rarea acestora. \u00cen evaluare Cur\u0163ii, chiar dac\u0103 au fost constatate unele diferen\u0163e de voturi \u00eentre candida\u0163i, dar \u00een m\u0103sura \u00een care aceste diferen\u0163e nu rezult\u0103 ca fiind provenite din fraude de natur\u0103 s\u0103 modifice rezultatul alegerilor, ele sunt considerate doar posibile erori materiale \u00een num\u0103rarea voturilor exprimate, f\u0103r\u0103 relevan\u0163\u0103 \u00een stabilirea rezultatului de reconfigurare a clasamentului candida\u0163ilor, potrivit rezultatului pe care l-am primit de la Biroul Electoral Central \u015fi care nu ne-a \u00eenvederat faptul constat\u0103rii unor fraude \u00een exerci\u0163iul votului pentru alegerile preziden\u0163iale\u201d, a explicat Enache.<\/p>\n<p><strong>Campania electoral\u0103 \u00eencepe din momentul public\u0103rii deciziei CCR \u00een Monitorul Oficial.<\/strong><\/p>\n<p>Joia trecut\u0103, CCR a cerut Biroului Electoral Central renum\u0103rarea voturilor valabil exprimate \u015fi a celor nule de la primul tur al preziden\u0163ialelor.<\/p>\n<p>Curtea Constitu\u0163ional\u0103 a transmis, la acea dat\u0103, c\u0103 judec\u0103torii constitu\u0163ionali, dup\u0103 ce au examinat cererea de anulare a alegerilor pentru func\u0163ia de pre\u015fedinte al Rom\u00e2niei din data de 24 noiembrie, formulat\u0103 de Cristian Vasile Terhe\u015f, cu unanimitate de voturi au dispus reverificarea \u015fi renum\u0103rarea tuturor buletinelor de vot cuprinz\u00e2nd voturile valabil exprimate \u015fi cele nule. AGERPRES\/(AS \u2013 autori: Eusebi Manolache, Mihai Stoica, editor: Georgiana T\u0103n\u0103sescu, editor online: Adrian D\u00e3d\u00e2rlat)<\/p>\n<p>Sursa: <a href=\"https:\/\/www.agerpres.ro\/justitie\/2024\/12\/02\/prezidentiale2024-ccr-respinge-solicitarea-de-anulare-a-primului-tur-de-scrutin-turul-ii-pe-8-decembrie--1397214\" target=\"_blank\" rel=\"noopener\" title=\"\">https:\/\/www.agerpres.ro\/justitie\/2024\/12\/02\/prezidentiale2024-ccr-respinge-solicitarea-de-anulare-a-primului-tur-de-scrutin-turul-ii-pe-8-decembrie\u20131397214<\/a><\/p>\n<\/div>","protected":false},"excerpt":{"rendered":"<p>Curtea Constitu\u0163ional\u0103 a Rom\u00e2niei a respins, luni, solicitarea lui Cristian Terhe\u015f, candidat la alegerile preziden\u0163iale, de anulare a rezultatelor din primul tur de scrutin, turul doi urm\u00e2nd s\u0103 aib\u0103 loc pe 8 decembrie. \u201c\u00cen cadrul examenului de constitu\u0163ionalitate privind respectarea procedurii pentru alegerea pre\u015fedintelui Rom\u00e2niei, conferind efectivitate competen\u0163elor \u00eenscrise \u00een Constitu\u0163ia Rom\u00e2niei, precum respectului votului&#8230;<\/p>","protected":false},"author":4,"featured_media":1603,"comment_status":"open","ping_status":"open","sticky":false,"template":"","format":"standard","meta":{"footnotes":""},"categories":[1],"tags":[],"class_list":["post-1602","post","type-post","status-publish","format-standard","has-post-thumbnail","hentry","category-uncategorized"],"yoast_head":"<!-- This site is optimized with the Yoast SEO plugin v26.1.1 - https:\/\/yoast.com\/wordpress\/plugins\/seo\/ -->\n<title>Preziden\u0163iale2024\/ CCR respinge solicitarea de anulare a primului tur de scrutin; turul II \u2013 pe 8 decembrie - Carpathia Center Romania<\/title>\n<meta name=\"robots\" content=\"index, follow, max-snippet:-1, max-image-preview:large, max-video-preview:-1\" \/>\n<link rel=\"canonical\" href=\"https:\/\/carpathiacenter.ro\/en\/prezidentiale2024-ccr-respinge-solicitarea-de-anulare-a-primului-tur-de-scrutin-turul-ii-pe-8-decembrie\/\" \/>\n<meta property=\"og:locale\" content=\"en_GB\" \/>\n<meta property=\"og:type\" content=\"article\" \/>\n<meta property=\"og:title\" content=\"Preziden\u0163iale2024\/ CCR respinge solicitarea de anulare a primului tur de scrutin; turul II \u2013 pe 8 decembrie - Carpathia Center Romania\" \/>\n<meta property=\"og:description\" content=\"Curtea Constitu\u0163ional\u0103 a Rom\u00e2niei a respins, luni, solicitarea lui Cristian Terhe\u015f, candidat la alegerile preziden\u0163iale, de anulare a rezultatelor din primul tur de scrutin, turul doi urm\u00e2nd s\u0103 aib\u0103 loc pe 8 decembrie. \u201c\u00cen cadrul examenului de constitu\u0163ionalitate privind respectarea procedurii pentru alegerea pre\u015fedintelui Rom\u00e2niei, conferind efectivitate competen\u0163elor \u00eenscrise \u00een Constitu\u0163ia Rom\u00e2niei, precum respectului votului...\" \/>\n<meta property=\"og:url\" content=\"https:\/\/carpathiacenter.ro\/en\/prezidentiale2024-ccr-respinge-solicitarea-de-anulare-a-primului-tur-de-scrutin-turul-ii-pe-8-decembrie\/\" \/>\n<meta property=\"og:site_name\" content=\"Carpathia Center Romania\" \/>\n<meta property=\"article:publisher\" content=\"https:\/\/www.facebook.com\/fdpscarpathia\/\" \/>\n<meta property=\"article:published_time\" content=\"2024-12-03T10:05:57+00:00\" \/>\n<meta property=\"og:image\" content=\"https:\/\/carpathiacenter.ro\/wp-content\/uploads\/2024\/12\/alegeri-prezidentiale-2024.jpg\" \/>\n\t<meta property=\"og:image:width\" content=\"820\" \/>\n\t<meta property=\"og:image:height\" content=\"546\" \/>\n\t<meta property=\"og:image:type\" content=\"image\/jpeg\" \/>\n<meta name=\"author\" content=\"creativebitsolutions\" \/>\n<meta name=\"twitter:card\" content=\"summary_large_image\" \/>\n<meta name=\"twitter:label1\" content=\"Written by\" \/>\n\t<meta name=\"twitter:data1\" content=\"creativebitsolutions\" \/>\n\t<meta name=\"twitter:label2\" content=\"Estimated reading time\" \/>\n\t<meta name=\"twitter:data2\" content=\"2 minutes\" \/>\n<script type=\"application\/ld+json\" class=\"yoast-schema-graph\">{\"@context\":\"https:\/\/schema.org\",\"@graph\":[{\"@type\":\"Article\",\"@id\":\"https:\/\/carpathiacenter.ro\/prezidentiale2024-ccr-respinge-solicitarea-de-anulare-a-primului-tur-de-scrutin-turul-ii-pe-8-decembrie\/#article\",\"isPartOf\":{\"@id\":\"https:\/\/carpathiacenter.ro\/prezidentiale2024-ccr-respinge-solicitarea-de-anulare-a-primului-tur-de-scrutin-turul-ii-pe-8-decembrie\/\"},\"author\":{\"name\":\"creativebitsolutions\",\"@id\":\"https:\/\/carpathiacenter.ro\/#\/schema\/person\/03d9f58202fee8379268f34afa195006\"},\"headline\":\"Preziden\u0163iale2024\/ CCR respinge solicitarea de anulare a primului tur de scrutin; turul II \u2013 pe 8 decembrie\",\"datePublished\":\"2024-12-03T10:05:57+00:00\",\"mainEntityOfPage\":{\"@id\":\"https:\/\/carpathiacenter.ro\/prezidentiale2024-ccr-respinge-solicitarea-de-anulare-a-primului-tur-de-scrutin-turul-ii-pe-8-decembrie\/\"},\"wordCount\":468,\"commentCount\":0,\"publisher\":{\"@id\":\"https:\/\/carpathiacenter.ro\/#organization\"},\"image\":{\"@id\":\"https:\/\/carpathiacenter.ro\/prezidentiale2024-ccr-respinge-solicitarea-de-anulare-a-primului-tur-de-scrutin-turul-ii-pe-8-decembrie\/#primaryimage\"},\"thumbnailUrl\":\"https:\/\/carpathiacenter.ro\/wp-content\/uploads\/2024\/12\/alegeri-prezidentiale-2024.jpg\",\"articleSection\":[\"Uncategorized\"],\"inLanguage\":\"en-GB\",\"potentialAction\":[{\"@type\":\"CommentAction\",\"name\":\"Comment\",\"target\":[\"https:\/\/carpathiacenter.ro\/prezidentiale2024-ccr-respinge-solicitarea-de-anulare-a-primului-tur-de-scrutin-turul-ii-pe-8-decembrie\/#respond\"]}]},{\"@type\":\"WebPage\",\"@id\":\"https:\/\/carpathiacenter.ro\/prezidentiale2024-ccr-respinge-solicitarea-de-anulare-a-primului-tur-de-scrutin-turul-ii-pe-8-decembrie\/\",\"url\":\"https:\/\/carpathiacenter.ro\/prezidentiale2024-ccr-respinge-solicitarea-de-anulare-a-primului-tur-de-scrutin-turul-ii-pe-8-decembrie\/\",\"name\":\"Preziden\u0163iale2024\/ CCR respinge solicitarea de anulare a primului tur de scrutin; turul II \u2013 pe 8 decembrie - Carpathia Center Romania\",\"isPartOf\":{\"@id\":\"https:\/\/carpathiacenter.ro\/#website\"},\"primaryImageOfPage\":{\"@id\":\"https:\/\/carpathiacenter.ro\/prezidentiale2024-ccr-respinge-solicitarea-de-anulare-a-primului-tur-de-scrutin-turul-ii-pe-8-decembrie\/#primaryimage\"},\"image\":{\"@id\":\"https:\/\/carpathiacenter.ro\/prezidentiale2024-ccr-respinge-solicitarea-de-anulare-a-primului-tur-de-scrutin-turul-ii-pe-8-decembrie\/#primaryimage\"},\"thumbnailUrl\":\"https:\/\/carpathiacenter.ro\/wp-content\/uploads\/2024\/12\/alegeri-prezidentiale-2024.jpg\",\"datePublished\":\"2024-12-03T10:05:57+00:00\",\"breadcrumb\":{\"@id\":\"https:\/\/carpathiacenter.ro\/prezidentiale2024-ccr-respinge-solicitarea-de-anulare-a-primului-tur-de-scrutin-turul-ii-pe-8-decembrie\/#breadcrumb\"},\"inLanguage\":\"en-GB\",\"potentialAction\":[{\"@type\":\"ReadAction\",\"target\":[\"https:\/\/carpathiacenter.ro\/prezidentiale2024-ccr-respinge-solicitarea-de-anulare-a-primului-tur-de-scrutin-turul-ii-pe-8-decembrie\/\"]}]},{\"@type\":\"ImageObject\",\"inLanguage\":\"en-GB\",\"@id\":\"https:\/\/carpathiacenter.ro\/prezidentiale2024-ccr-respinge-solicitarea-de-anulare-a-primului-tur-de-scrutin-turul-ii-pe-8-decembrie\/#primaryimage\",\"url\":\"https:\/\/carpathiacenter.ro\/wp-content\/uploads\/2024\/12\/alegeri-prezidentiale-2024.jpg\",\"contentUrl\":\"https:\/\/carpathiacenter.ro\/wp-content\/uploads\/2024\/12\/alegeri-prezidentiale-2024.jpg\",\"width\":820,\"height\":546},{\"@type\":\"BreadcrumbList\",\"@id\":\"https:\/\/carpathiacenter.ro\/prezidentiale2024-ccr-respinge-solicitarea-de-anulare-a-primului-tur-de-scrutin-turul-ii-pe-8-decembrie\/#breadcrumb\",\"itemListElement\":[{\"@type\":\"ListItem\",\"position\":1,\"name\":\"Prima pagin\u0103\",\"item\":\"https:\/\/carpathiacenter.ro\/\"},{\"@type\":\"ListItem\",\"position\":2,\"name\":\"Preziden\u0163iale2024\/ CCR respinge solicitarea de anulare a primului tur de scrutin; turul II \u2013 pe 8 decembrie\"}]},{\"@type\":\"WebSite\",\"@id\":\"https:\/\/carpathiacenter.ro\/#website\",\"url\":\"https:\/\/carpathiacenter.ro\/\",\"name\":\"Carpathia Center Romania\",\"description\":\"Impossible made possible!\",\"publisher\":{\"@id\":\"https:\/\/carpathiacenter.ro\/#organization\"},\"potentialAction\":[{\"@type\":\"SearchAction\",\"target\":{\"@type\":\"EntryPoint\",\"urlTemplate\":\"https:\/\/carpathiacenter.ro\/?s={search_term_string}\"},\"query-input\":{\"@type\":\"PropertyValueSpecification\",\"valueRequired\":true,\"valueName\":\"search_term_string\"}}],\"inLanguage\":\"en-GB\"},{\"@type\":\"Organization\",\"@id\":\"https:\/\/carpathiacenter.ro\/#organization\",\"name\":\"Carpathia Center Romania\",\"url\":\"https:\/\/carpathiacenter.ro\/\",\"logo\":{\"@type\":\"ImageObject\",\"inLanguage\":\"en-GB\",\"@id\":\"https:\/\/carpathiacenter.ro\/#\/schema\/logo\/image\/\",\"url\":\"https:\/\/carpathiacenter.ro\/wp-content\/uploads\/2024\/07\/logo-carpathia_bg_white-1024x941.png\",\"contentUrl\":\"https:\/\/carpathiacenter.ro\/wp-content\/uploads\/2024\/07\/logo-carpathia_bg_white-1024x941.png\",\"width\":1024,\"height\":941,\"caption\":\"Carpathia Center Romania\"},\"image\":{\"@id\":\"https:\/\/carpathiacenter.ro\/#\/schema\/logo\/image\/\"},\"sameAs\":[\"https:\/\/www.facebook.com\/fdpscarpathia\/\"]},{\"@type\":\"Person\",\"@id\":\"https:\/\/carpathiacenter.ro\/#\/schema\/person\/03d9f58202fee8379268f34afa195006\",\"name\":\"creativebitsolutions\",\"image\":{\"@type\":\"ImageObject\",\"inLanguage\":\"en-GB\",\"@id\":\"https:\/\/carpathiacenter.ro\/#\/schema\/person\/image\/\",\"url\":\"https:\/\/secure.gravatar.com\/avatar\/1b1a13e37f847c635dab78348f1dff2f07651ee2a3d77a5c355a4b8c75f9165a?s=96&d=mm&r=g\",\"contentUrl\":\"https:\/\/secure.gravatar.com\/avatar\/1b1a13e37f847c635dab78348f1dff2f07651ee2a3d77a5c355a4b8c75f9165a?s=96&d=mm&r=g\",\"caption\":\"creativebitsolutions\"},\"url\":\"https:\/\/carpathiacenter.ro\/en\/author\/creativebitsolutions\/\"}]}<\/script>\n<!-- \/ Yoast SEO plugin. -->","yoast_head_json":{"title":"Preziden\u0163iale2024\/ CCR respinge solicitarea de anulare a primului tur de scrutin; turul II \u2013 pe 8 decembrie - Carpathia Center Romania","robots":{"index":"index","follow":"follow","max-snippet":"max-snippet:-1","max-image-preview":"max-image-preview:large","max-video-preview":"max-video-preview:-1"},"canonical":"https:\/\/carpathiacenter.ro\/en\/prezidentiale2024-ccr-respinge-solicitarea-de-anulare-a-primului-tur-de-scrutin-turul-ii-pe-8-decembrie\/","og_locale":"en_GB","og_type":"article","og_title":"Preziden\u0163iale2024\/ CCR respinge solicitarea de anulare a primului tur de scrutin; turul II \u2013 pe 8 decembrie - Carpathia Center Romania","og_description":"Curtea Constitu\u0163ional\u0103 a Rom\u00e2niei a respins, luni, solicitarea lui Cristian Terhe\u015f, candidat la alegerile preziden\u0163iale, de anulare a rezultatelor din primul tur de scrutin, turul doi urm\u00e2nd s\u0103 aib\u0103 loc pe 8 decembrie. \u201c\u00cen cadrul examenului de constitu\u0163ionalitate privind respectarea procedurii pentru alegerea pre\u015fedintelui Rom\u00e2niei, conferind efectivitate competen\u0163elor \u00eenscrise \u00een Constitu\u0163ia Rom\u00e2niei, precum respectului votului...","og_url":"https:\/\/carpathiacenter.ro\/en\/prezidentiale2024-ccr-respinge-solicitarea-de-anulare-a-primului-tur-de-scrutin-turul-ii-pe-8-decembrie\/","og_site_name":"Carpathia Center Romania","article_publisher":"https:\/\/www.facebook.com\/fdpscarpathia\/","article_published_time":"2024-12-03T10:05:57+00:00","og_image":[{"width":820,"height":546,"url":"https:\/\/carpathiacenter.ro\/wp-content\/uploads\/2024\/12\/alegeri-prezidentiale-2024.jpg","type":"image\/jpeg"}],"author":"creativebitsolutions","twitter_card":"summary_large_image","twitter_misc":{"Written by":"creativebitsolutions","Estimated reading time":"2 minutes"},"schema":{"@context":"https:\/\/schema.org","@graph":[{"@type":"Article","@id":"https:\/\/carpathiacenter.ro\/prezidentiale2024-ccr-respinge-solicitarea-de-anulare-a-primului-tur-de-scrutin-turul-ii-pe-8-decembrie\/#article","isPartOf":{"@id":"https:\/\/carpathiacenter.ro\/prezidentiale2024-ccr-respinge-solicitarea-de-anulare-a-primului-tur-de-scrutin-turul-ii-pe-8-decembrie\/"},"author":{"name":"creativebitsolutions","@id":"https:\/\/carpathiacenter.ro\/#\/schema\/person\/03d9f58202fee8379268f34afa195006"},"headline":"Preziden\u0163iale2024\/ CCR respinge solicitarea de anulare a primului tur de scrutin; turul II \u2013 pe 8 decembrie","datePublished":"2024-12-03T10:05:57+00:00","mainEntityOfPage":{"@id":"https:\/\/carpathiacenter.ro\/prezidentiale2024-ccr-respinge-solicitarea-de-anulare-a-primului-tur-de-scrutin-turul-ii-pe-8-decembrie\/"},"wordCount":468,"commentCount":0,"publisher":{"@id":"https:\/\/carpathiacenter.ro\/#organization"},"image":{"@id":"https:\/\/carpathiacenter.ro\/prezidentiale2024-ccr-respinge-solicitarea-de-anulare-a-primului-tur-de-scrutin-turul-ii-pe-8-decembrie\/#primaryimage"},"thumbnailUrl":"https:\/\/carpathiacenter.ro\/wp-content\/uploads\/2024\/12\/alegeri-prezidentiale-2024.jpg","articleSection":["Uncategorized"],"inLanguage":"en-GB","potentialAction":[{"@type":"CommentAction","name":"Comment","target":["https:\/\/carpathiacenter.ro\/prezidentiale2024-ccr-respinge-solicitarea-de-anulare-a-primului-tur-de-scrutin-turul-ii-pe-8-decembrie\/#respond"]}]},{"@type":"WebPage","@id":"https:\/\/carpathiacenter.ro\/prezidentiale2024-ccr-respinge-solicitarea-de-anulare-a-primului-tur-de-scrutin-turul-ii-pe-8-decembrie\/","url":"https:\/\/carpathiacenter.ro\/prezidentiale2024-ccr-respinge-solicitarea-de-anulare-a-primului-tur-de-scrutin-turul-ii-pe-8-decembrie\/","name":"Preziden\u0163iale2024\/ CCR respinge solicitarea de anulare a primului tur de scrutin; turul II \u2013 pe 8 decembrie - Carpathia Center Romania","isPartOf":{"@id":"https:\/\/carpathiacenter.ro\/#website"},"primaryImageOfPage":{"@id":"https:\/\/carpathiacenter.ro\/prezidentiale2024-ccr-respinge-solicitarea-de-anulare-a-primului-tur-de-scrutin-turul-ii-pe-8-decembrie\/#primaryimage"},"image":{"@id":"https:\/\/carpathiacenter.ro\/prezidentiale2024-ccr-respinge-solicitarea-de-anulare-a-primului-tur-de-scrutin-turul-ii-pe-8-decembrie\/#primaryimage"},"thumbnailUrl":"https:\/\/carpathiacenter.ro\/wp-content\/uploads\/2024\/12\/alegeri-prezidentiale-2024.jpg","datePublished":"2024-12-03T10:05:57+00:00","breadcrumb":{"@id":"https:\/\/carpathiacenter.ro\/prezidentiale2024-ccr-respinge-solicitarea-de-anulare-a-primului-tur-de-scrutin-turul-ii-pe-8-decembrie\/#breadcrumb"},"inLanguage":"en-GB","potentialAction":[{"@type":"ReadAction","target":["https:\/\/carpathiacenter.ro\/prezidentiale2024-ccr-respinge-solicitarea-de-anulare-a-primului-tur-de-scrutin-turul-ii-pe-8-decembrie\/"]}]},{"@type":"ImageObject","inLanguage":"en-GB","@id":"https:\/\/carpathiacenter.ro\/prezidentiale2024-ccr-respinge-solicitarea-de-anulare-a-primului-tur-de-scrutin-turul-ii-pe-8-decembrie\/#primaryimage","url":"https:\/\/carpathiacenter.ro\/wp-content\/uploads\/2024\/12\/alegeri-prezidentiale-2024.jpg","contentUrl":"https:\/\/carpathiacenter.ro\/wp-content\/uploads\/2024\/12\/alegeri-prezidentiale-2024.jpg","width":820,"height":546},{"@type":"BreadcrumbList","@id":"https:\/\/carpathiacenter.ro\/prezidentiale2024-ccr-respinge-solicitarea-de-anulare-a-primului-tur-de-scrutin-turul-ii-pe-8-decembrie\/#breadcrumb","itemListElement":[{"@type":"ListItem","position":1,"name":"Prima pagin\u0103","item":"https:\/\/carpathiacenter.ro\/"},{"@type":"ListItem","position":2,"name":"Preziden\u0163iale2024\/ CCR respinge solicitarea de anulare a primului tur de scrutin; turul II \u2013 pe 8 decembrie"}]},{"@type":"WebSite","@id":"https:\/\/carpathiacenter.ro\/#website","url":"https:\/\/carpathiacenter.ro\/","name":"Carpathia Center Romania","description":"Impossible made possible!","publisher":{"@id":"https:\/\/carpathiacenter.ro\/#organization"},"potentialAction":[{"@type":"SearchAction","target":{"@type":"EntryPoint","urlTemplate":"https:\/\/carpathiacenter.ro\/?s={search_term_string}"},"query-input":{"@type":"PropertyValueSpecification","valueRequired":true,"valueName":"search_term_string"}}],"inLanguage":"en-GB"},{"@type":"Organization","@id":"https:\/\/carpathiacenter.ro\/#organization","name":"Carpathia Center Romania","url":"https:\/\/carpathiacenter.ro\/","logo":{"@type":"ImageObject","inLanguage":"en-GB","@id":"https:\/\/carpathiacenter.ro\/#\/schema\/logo\/image\/","url":"https:\/\/carpathiacenter.ro\/wp-content\/uploads\/2024\/07\/logo-carpathia_bg_white-1024x941.png","contentUrl":"https:\/\/carpathiacenter.ro\/wp-content\/uploads\/2024\/07\/logo-carpathia_bg_white-1024x941.png","width":1024,"height":941,"caption":"Carpathia Center Romania"},"image":{"@id":"https:\/\/carpathiacenter.ro\/#\/schema\/logo\/image\/"},"sameAs":["https:\/\/www.facebook.com\/fdpscarpathia\/"]},{"@type":"Person","@id":"https:\/\/carpathiacenter.ro\/#\/schema\/person\/03d9f58202fee8379268f34afa195006","name":"creativebitsolutions","image":{"@type":"ImageObject","inLanguage":"en-GB","@id":"https:\/\/carpathiacenter.ro\/#\/schema\/person\/image\/","url":"https:\/\/secure.gravatar.com\/avatar\/1b1a13e37f847c635dab78348f1dff2f07651ee2a3d77a5c355a4b8c75f9165a?s=96&d=mm&r=g","contentUrl":"https:\/\/secure.gravatar.com\/avatar\/1b1a13e37f847c635dab78348f1dff2f07651ee2a3d77a5c355a4b8c75f9165a?s=96&d=mm&r=g","caption":"creativebitsolutions"},"url":"https:\/\/carpathiacenter.ro\/en\/author\/creativebitsolutions\/"}]}},"_links":{"self":[{"href":"https:\/\/carpathiacenter.ro\/en\/wp-json\/wp\/v2\/posts\/1602","targetHints":{"allow":["GET"]}}],"collection":[{"href":"https:\/\/carpathiacenter.ro\/en\/wp-json\/wp\/v2\/posts"}],"about":[{"href":"https:\/\/carpathiacenter.ro\/en\/wp-json\/wp\/v2\/types\/post"}],"author":[{"embeddable":true,"href":"https:\/\/carpathiacenter.ro\/en\/wp-json\/wp\/v2\/users\/4"}],"replies":[{"embeddable":true,"href":"https:\/\/carpathiacenter.ro\/en\/wp-json\/wp\/v2\/comments?post=1602"}],"version-history":[{"count":1,"href":"https:\/\/carpathiacenter.ro\/en\/wp-json\/wp\/v2\/posts\/1602\/revisions"}],"predecessor-version":[{"id":1605,"href":"https:\/\/carpathiacenter.ro\/en\/wp-json\/wp\/v2\/posts\/1602\/revisions\/1605"}],"wp:featuredmedia":[{"embeddable":true,"href":"https:\/\/carpathiacenter.ro\/en\/wp-json\/wp\/v2\/media\/1603"}],"wp:attachment":[{"href":"https:\/\/carpathiacenter.ro\/en\/wp-json\/wp\/v2\/media?parent=1602"}],"wp:term":[{"taxonomy":"category","embeddable":true,"href":"https:\/\/carpathiacenter.ro\/en\/wp-json\/wp\/v2\/categories?post=1602"},{"taxonomy":"post_tag","embeddable":true,"href":"https:\/\/carpathiacenter.ro\/en\/wp-json\/wp\/v2\/tags?post=1602"}],"curies":[{"name":"wp","href":"https:\/\/api.w.org\/{rel}","templated":true}]}}