{"id":1597,"date":"2024-11-28T14:07:51","date_gmt":"2024-11-28T14:07:51","guid":{"rendered":"https:\/\/carpathiacenter.ro\/?p=1597"},"modified":"2024-11-28T14:07:51","modified_gmt":"2024-11-28T14:07:51","slug":"csat-convocat-joi-analiza-unor-posibile-riscuri-la-adresa-securitatii-nationale-pe-ordinea-de-zi","status":"publish","type":"post","link":"https:\/\/carpathiacenter.ro\/en\/csat-convocat-joi-analiza-unor-posibile-riscuri-la-adresa-securitatii-nationale-pe-ordinea-de-zi\/","title":{"rendered":"CSAT convocat joi; analiza unor posibile riscuri la adresa securit\u0103\u0163ii na\u0163ionale \u2013 pe ordinea de zi"},"content":{"rendered":"<p><strong>Pre\u015fedintele Klaus Iohannis a convocat \u015fedin\u0163a Consiliului Suprem de Ap\u0103rare a \u0162\u0103rii, care va avea loc joi, \u00eencep\u00e2nd cu ora 14,00, la Palatul Cotroceni, a informat Administra\u0163ia Preziden\u0163ial\u0103.<\/strong><\/p>\n<p>Potrivit sursei citate, pe ordinea de zi a \u015fedin\u0163ei CSAT se afl\u0103 analiza unor posibile riscuri la adresa securit\u0103\u0163ii na\u0163ionale generate de ac\u0163iunile unor actori cibernetici statali \u015fi non-statali asupra unor infrastructuri IT&amp;C, suport pentru procesul electoral.<\/p>\n<p>Directoratul Na\u0163ional de Securitate Cibernetic\u0103 a transmis, miercuri, c\u0103, anul trecut, la solicitarea Consiliului Operativ de Securitate Cibernetic\u0103 (COSC), a recomandat oficial institu\u0163iilor publice s\u0103 interzic\u0103 aplica\u0163ia TikTok din cauza riscurilor semnificative de securitate cibernetic\u0103 \u015fi manipulare a datelor, mai ales \u00een contextul riscurilor de influen\u0163are a opiniei publice \u015fi proceselor decizionale prin intermediul re\u0163elelor sociale.<\/p>\n<p>De asemenea, DNSC a transmis c\u0103 monitorizarea conturilor de social media \u015fi investigarea tacticilor \u015fi tehnicilor de propagare a post\u0103rilor de pe re\u0163elele sociale prin manipulare de algoritmi nu intr\u0103 \u00een atribu\u0163iile institu\u0163iei.<\/p>\n<p>Reprezentan\u0163ii DNSC au men\u0163ionat c\u0103, pe \u00eentreaga perioad\u0103 a alegerilor, s-a colaborat activ cu autorit\u0103\u0163ile na\u0163ionale de specialitate \u2013 Autoritatea Electoral\u0103 Permanent\u0103, Serviciul de Telecomunica\u0163ii Speciale \u015fi Autoritatea Na\u0163ional\u0103 pentru Administrare \u015fi Reglementare \u00een Comunica\u0163ii \u2013 pentru a preveni atacurile cibernetice asupra infrastructurii electorale \u015fi pentru a asigura un proces electoral transparent \u015fi sigur.<\/p>\n<p>Duminic\u0103 a avut loc primul tur al alegerilor preziden\u0163iale. Potrivit rezultatelor finale publicate, mar\u0163i, de Biroul Electoral Central, C\u0103lin Georgescu (independent) a ob\u0163inut 2.120.401 voturi valabil exprimate, reprezent\u00e2nd 22,94%, iar Elena Lasconi (USR) \u2013 1.772.500 voturi valabil exprimate, reprezent\u00e2nd 19,18%. Turul doi al alegerilor preziden\u0163iale va avea loc pe 8 decembrie. AGERPRES\/(AS \u2013 autor: Florentina Peia, editor: Andreea Rotaru,\u00a0editor online: Irina Giurgiu)<\/p>\n<p>Sursa foto:\u00a0<a href=\"https:\/\/www.presidency.ro\/ro\/media\/album-foto\/sedinta-consiliului-suprem-de-aparare-a-tarii1726742657\" target=\"_blank\" rel=\"noreferrer noopener\">presidency.ro<\/a><\/p>\n<p>Sursa:https:\/\/www.agerpres.ro\/politica\/2024\/11\/28\/csat-convocat-joi-analiza-unor-posibile-riscuri-la-adresa-securitatii-nationale-pe-ordinea-de-zi\u20131394077<\/p>","protected":false},"excerpt":{"rendered":"<p>Pre\u015fedintele Klaus Iohannis a convocat \u015fedin\u0163a Consiliului Suprem de Ap\u0103rare a \u0162\u0103rii, care va avea loc joi, \u00eencep\u00e2nd cu ora 14,00, la Palatul Cotroceni, a informat Administra\u0163ia Preziden\u0163ial\u0103. Potrivit sursei citate, pe ordinea de zi a \u015fedin\u0163ei CSAT se afl\u0103 analiza unor posibile riscuri la adresa securit\u0103\u0163ii na\u0163ionale generate de ac\u0163iunile unor actori cibernetici statali&#8230;<\/p>","protected":false},"author":4,"featured_media":1598,"comment_status":"open","ping_status":"open","sticky":false,"template":"","format":"standard","meta":{"footnotes":""},"categories":[1],"tags":[],"class_list":["post-1597","post","type-post","status-publish","format-standard","has-post-thumbnail","hentry","category-uncategorized"],"yoast_head":"<!-- This site is optimized with the Yoast SEO plugin v26.1.1 - https:\/\/yoast.com\/wordpress\/plugins\/seo\/ -->\n<title>CSAT convocat joi; analiza unor posibile riscuri la adresa securit\u0103\u0163ii na\u0163ionale \u2013 pe ordinea de zi - Carpathia Center Romania<\/title>\n<meta name=\"robots\" content=\"index, follow, max-snippet:-1, max-image-preview:large, max-video-preview:-1\" \/>\n<link rel=\"canonical\" href=\"https:\/\/carpathiacenter.ro\/en\/csat-convocat-joi-analiza-unor-posibile-riscuri-la-adresa-securitatii-nationale-pe-ordinea-de-zi\/\" \/>\n<meta property=\"og:locale\" content=\"en_GB\" \/>\n<meta property=\"og:type\" content=\"article\" \/>\n<meta property=\"og:title\" content=\"CSAT convocat joi; analiza unor posibile riscuri la adresa securit\u0103\u0163ii na\u0163ionale \u2013 pe ordinea de zi - Carpathia Center Romania\" \/>\n<meta property=\"og:description\" content=\"Pre\u015fedintele Klaus Iohannis a convocat \u015fedin\u0163a Consiliului Suprem de Ap\u0103rare a \u0162\u0103rii, care va avea loc joi, \u00eencep\u00e2nd cu ora 14,00, la Palatul Cotroceni, a informat Administra\u0163ia Preziden\u0163ial\u0103. Potrivit sursei citate, pe ordinea de zi a \u015fedin\u0163ei CSAT se afl\u0103 analiza unor posibile riscuri la adresa securit\u0103\u0163ii na\u0163ionale generate de ac\u0163iunile unor actori cibernetici statali...\" \/>\n<meta property=\"og:url\" content=\"https:\/\/carpathiacenter.ro\/en\/csat-convocat-joi-analiza-unor-posibile-riscuri-la-adresa-securitatii-nationale-pe-ordinea-de-zi\/\" \/>\n<meta property=\"og:site_name\" content=\"Carpathia Center Romania\" \/>\n<meta property=\"article:publisher\" content=\"https:\/\/www.facebook.com\/fdpscarpathia\/\" \/>\n<meta property=\"article:published_time\" content=\"2024-11-28T14:07:51+00:00\" \/>\n<meta property=\"og:image\" content=\"https:\/\/carpathiacenter.ro\/wp-content\/uploads\/2024\/11\/iohannis1-1024x680-1.jpg\" \/>\n\t<meta property=\"og:image:width\" content=\"1024\" \/>\n\t<meta property=\"og:image:height\" content=\"680\" \/>\n\t<meta property=\"og:image:type\" content=\"image\/jpeg\" \/>\n<meta name=\"author\" content=\"creativebitsolutions\" \/>\n<meta name=\"twitter:card\" content=\"summary_large_image\" \/>\n<meta name=\"twitter:label1\" content=\"Written by\" \/>\n\t<meta name=\"twitter:data1\" content=\"creativebitsolutions\" \/>\n\t<meta name=\"twitter:label2\" content=\"Estimated reading time\" \/>\n\t<meta name=\"twitter:data2\" content=\"2 minutes\" \/>\n<script type=\"application\/ld+json\" class=\"yoast-schema-graph\">{\"@context\":\"https:\/\/schema.org\",\"@graph\":[{\"@type\":\"Article\",\"@id\":\"https:\/\/carpathiacenter.ro\/csat-convocat-joi-analiza-unor-posibile-riscuri-la-adresa-securitatii-nationale-pe-ordinea-de-zi\/#article\",\"isPartOf\":{\"@id\":\"https:\/\/carpathiacenter.ro\/csat-convocat-joi-analiza-unor-posibile-riscuri-la-adresa-securitatii-nationale-pe-ordinea-de-zi\/\"},\"author\":{\"name\":\"creativebitsolutions\",\"@id\":\"https:\/\/carpathiacenter.ro\/#\/schema\/person\/03d9f58202fee8379268f34afa195006\"},\"headline\":\"CSAT convocat joi; analiza unor posibile riscuri la adresa securit\u0103\u0163ii na\u0163ionale \u2013 pe ordinea de zi\",\"datePublished\":\"2024-11-28T14:07:51+00:00\",\"mainEntityOfPage\":{\"@id\":\"https:\/\/carpathiacenter.ro\/csat-convocat-joi-analiza-unor-posibile-riscuri-la-adresa-securitatii-nationale-pe-ordinea-de-zi\/\"},\"wordCount\":325,\"commentCount\":0,\"publisher\":{\"@id\":\"https:\/\/carpathiacenter.ro\/#organization\"},\"image\":{\"@id\":\"https:\/\/carpathiacenter.ro\/csat-convocat-joi-analiza-unor-posibile-riscuri-la-adresa-securitatii-nationale-pe-ordinea-de-zi\/#primaryimage\"},\"thumbnailUrl\":\"https:\/\/carpathiacenter.ro\/wp-content\/uploads\/2024\/11\/iohannis1-1024x680-1.jpg\",\"articleSection\":[\"Uncategorized\"],\"inLanguage\":\"en-GB\",\"potentialAction\":[{\"@type\":\"CommentAction\",\"name\":\"Comment\",\"target\":[\"https:\/\/carpathiacenter.ro\/csat-convocat-joi-analiza-unor-posibile-riscuri-la-adresa-securitatii-nationale-pe-ordinea-de-zi\/#respond\"]}]},{\"@type\":\"WebPage\",\"@id\":\"https:\/\/carpathiacenter.ro\/csat-convocat-joi-analiza-unor-posibile-riscuri-la-adresa-securitatii-nationale-pe-ordinea-de-zi\/\",\"url\":\"https:\/\/carpathiacenter.ro\/csat-convocat-joi-analiza-unor-posibile-riscuri-la-adresa-securitatii-nationale-pe-ordinea-de-zi\/\",\"name\":\"CSAT convocat joi; analiza unor posibile riscuri la adresa securit\u0103\u0163ii na\u0163ionale \u2013 pe ordinea de zi - Carpathia Center Romania\",\"isPartOf\":{\"@id\":\"https:\/\/carpathiacenter.ro\/#website\"},\"primaryImageOfPage\":{\"@id\":\"https:\/\/carpathiacenter.ro\/csat-convocat-joi-analiza-unor-posibile-riscuri-la-adresa-securitatii-nationale-pe-ordinea-de-zi\/#primaryimage\"},\"image\":{\"@id\":\"https:\/\/carpathiacenter.ro\/csat-convocat-joi-analiza-unor-posibile-riscuri-la-adresa-securitatii-nationale-pe-ordinea-de-zi\/#primaryimage\"},\"thumbnailUrl\":\"https:\/\/carpathiacenter.ro\/wp-content\/uploads\/2024\/11\/iohannis1-1024x680-1.jpg\",\"datePublished\":\"2024-11-28T14:07:51+00:00\",\"breadcrumb\":{\"@id\":\"https:\/\/carpathiacenter.ro\/csat-convocat-joi-analiza-unor-posibile-riscuri-la-adresa-securitatii-nationale-pe-ordinea-de-zi\/#breadcrumb\"},\"inLanguage\":\"en-GB\",\"potentialAction\":[{\"@type\":\"ReadAction\",\"target\":[\"https:\/\/carpathiacenter.ro\/csat-convocat-joi-analiza-unor-posibile-riscuri-la-adresa-securitatii-nationale-pe-ordinea-de-zi\/\"]}]},{\"@type\":\"ImageObject\",\"inLanguage\":\"en-GB\",\"@id\":\"https:\/\/carpathiacenter.ro\/csat-convocat-joi-analiza-unor-posibile-riscuri-la-adresa-securitatii-nationale-pe-ordinea-de-zi\/#primaryimage\",\"url\":\"https:\/\/carpathiacenter.ro\/wp-content\/uploads\/2024\/11\/iohannis1-1024x680-1.jpg\",\"contentUrl\":\"https:\/\/carpathiacenter.ro\/wp-content\/uploads\/2024\/11\/iohannis1-1024x680-1.jpg\",\"width\":1024,\"height\":680},{\"@type\":\"BreadcrumbList\",\"@id\":\"https:\/\/carpathiacenter.ro\/csat-convocat-joi-analiza-unor-posibile-riscuri-la-adresa-securitatii-nationale-pe-ordinea-de-zi\/#breadcrumb\",\"itemListElement\":[{\"@type\":\"ListItem\",\"position\":1,\"name\":\"Prima pagin\u0103\",\"item\":\"https:\/\/carpathiacenter.ro\/\"},{\"@type\":\"ListItem\",\"position\":2,\"name\":\"CSAT convocat joi; analiza unor posibile riscuri la adresa securit\u0103\u0163ii na\u0163ionale \u2013 pe ordinea de zi\"}]},{\"@type\":\"WebSite\",\"@id\":\"https:\/\/carpathiacenter.ro\/#website\",\"url\":\"https:\/\/carpathiacenter.ro\/\",\"name\":\"Carpathia Center Romania\",\"description\":\"Impossible made possible!\",\"publisher\":{\"@id\":\"https:\/\/carpathiacenter.ro\/#organization\"},\"potentialAction\":[{\"@type\":\"SearchAction\",\"target\":{\"@type\":\"EntryPoint\",\"urlTemplate\":\"https:\/\/carpathiacenter.ro\/?s={search_term_string}\"},\"query-input\":{\"@type\":\"PropertyValueSpecification\",\"valueRequired\":true,\"valueName\":\"search_term_string\"}}],\"inLanguage\":\"en-GB\"},{\"@type\":\"Organization\",\"@id\":\"https:\/\/carpathiacenter.ro\/#organization\",\"name\":\"Carpathia Center Romania\",\"url\":\"https:\/\/carpathiacenter.ro\/\",\"logo\":{\"@type\":\"ImageObject\",\"inLanguage\":\"en-GB\",\"@id\":\"https:\/\/carpathiacenter.ro\/#\/schema\/logo\/image\/\",\"url\":\"https:\/\/carpathiacenter.ro\/wp-content\/uploads\/2024\/07\/logo-carpathia_bg_white-1024x941.png\",\"contentUrl\":\"https:\/\/carpathiacenter.ro\/wp-content\/uploads\/2024\/07\/logo-carpathia_bg_white-1024x941.png\",\"width\":1024,\"height\":941,\"caption\":\"Carpathia Center Romania\"},\"image\":{\"@id\":\"https:\/\/carpathiacenter.ro\/#\/schema\/logo\/image\/\"},\"sameAs\":[\"https:\/\/www.facebook.com\/fdpscarpathia\/\"]},{\"@type\":\"Person\",\"@id\":\"https:\/\/carpathiacenter.ro\/#\/schema\/person\/03d9f58202fee8379268f34afa195006\",\"name\":\"creativebitsolutions\",\"image\":{\"@type\":\"ImageObject\",\"inLanguage\":\"en-GB\",\"@id\":\"https:\/\/carpathiacenter.ro\/#\/schema\/person\/image\/\",\"url\":\"https:\/\/secure.gravatar.com\/avatar\/1b1a13e37f847c635dab78348f1dff2f07651ee2a3d77a5c355a4b8c75f9165a?s=96&d=mm&r=g\",\"contentUrl\":\"https:\/\/secure.gravatar.com\/avatar\/1b1a13e37f847c635dab78348f1dff2f07651ee2a3d77a5c355a4b8c75f9165a?s=96&d=mm&r=g\",\"caption\":\"creativebitsolutions\"},\"url\":\"https:\/\/carpathiacenter.ro\/en\/author\/creativebitsolutions\/\"}]}<\/script>\n<!-- \/ Yoast SEO plugin. -->","yoast_head_json":{"title":"CSAT convocat joi; analiza unor posibile riscuri la adresa securit\u0103\u0163ii na\u0163ionale \u2013 pe ordinea de zi - Carpathia Center Romania","robots":{"index":"index","follow":"follow","max-snippet":"max-snippet:-1","max-image-preview":"max-image-preview:large","max-video-preview":"max-video-preview:-1"},"canonical":"https:\/\/carpathiacenter.ro\/en\/csat-convocat-joi-analiza-unor-posibile-riscuri-la-adresa-securitatii-nationale-pe-ordinea-de-zi\/","og_locale":"en_GB","og_type":"article","og_title":"CSAT convocat joi; analiza unor posibile riscuri la adresa securit\u0103\u0163ii na\u0163ionale \u2013 pe ordinea de zi - Carpathia Center Romania","og_description":"Pre\u015fedintele Klaus Iohannis a convocat \u015fedin\u0163a Consiliului Suprem de Ap\u0103rare a \u0162\u0103rii, care va avea loc joi, \u00eencep\u00e2nd cu ora 14,00, la Palatul Cotroceni, a informat Administra\u0163ia Preziden\u0163ial\u0103. Potrivit sursei citate, pe ordinea de zi a \u015fedin\u0163ei CSAT se afl\u0103 analiza unor posibile riscuri la adresa securit\u0103\u0163ii na\u0163ionale generate de ac\u0163iunile unor actori cibernetici statali...","og_url":"https:\/\/carpathiacenter.ro\/en\/csat-convocat-joi-analiza-unor-posibile-riscuri-la-adresa-securitatii-nationale-pe-ordinea-de-zi\/","og_site_name":"Carpathia Center Romania","article_publisher":"https:\/\/www.facebook.com\/fdpscarpathia\/","article_published_time":"2024-11-28T14:07:51+00:00","og_image":[{"width":1024,"height":680,"url":"https:\/\/carpathiacenter.ro\/wp-content\/uploads\/2024\/11\/iohannis1-1024x680-1.jpg","type":"image\/jpeg"}],"author":"creativebitsolutions","twitter_card":"summary_large_image","twitter_misc":{"Written by":"creativebitsolutions","Estimated reading time":"2 minutes"},"schema":{"@context":"https:\/\/schema.org","@graph":[{"@type":"Article","@id":"https:\/\/carpathiacenter.ro\/csat-convocat-joi-analiza-unor-posibile-riscuri-la-adresa-securitatii-nationale-pe-ordinea-de-zi\/#article","isPartOf":{"@id":"https:\/\/carpathiacenter.ro\/csat-convocat-joi-analiza-unor-posibile-riscuri-la-adresa-securitatii-nationale-pe-ordinea-de-zi\/"},"author":{"name":"creativebitsolutions","@id":"https:\/\/carpathiacenter.ro\/#\/schema\/person\/03d9f58202fee8379268f34afa195006"},"headline":"CSAT convocat joi; analiza unor posibile riscuri la adresa securit\u0103\u0163ii na\u0163ionale \u2013 pe ordinea de zi","datePublished":"2024-11-28T14:07:51+00:00","mainEntityOfPage":{"@id":"https:\/\/carpathiacenter.ro\/csat-convocat-joi-analiza-unor-posibile-riscuri-la-adresa-securitatii-nationale-pe-ordinea-de-zi\/"},"wordCount":325,"commentCount":0,"publisher":{"@id":"https:\/\/carpathiacenter.ro\/#organization"},"image":{"@id":"https:\/\/carpathiacenter.ro\/csat-convocat-joi-analiza-unor-posibile-riscuri-la-adresa-securitatii-nationale-pe-ordinea-de-zi\/#primaryimage"},"thumbnailUrl":"https:\/\/carpathiacenter.ro\/wp-content\/uploads\/2024\/11\/iohannis1-1024x680-1.jpg","articleSection":["Uncategorized"],"inLanguage":"en-GB","potentialAction":[{"@type":"CommentAction","name":"Comment","target":["https:\/\/carpathiacenter.ro\/csat-convocat-joi-analiza-unor-posibile-riscuri-la-adresa-securitatii-nationale-pe-ordinea-de-zi\/#respond"]}]},{"@type":"WebPage","@id":"https:\/\/carpathiacenter.ro\/csat-convocat-joi-analiza-unor-posibile-riscuri-la-adresa-securitatii-nationale-pe-ordinea-de-zi\/","url":"https:\/\/carpathiacenter.ro\/csat-convocat-joi-analiza-unor-posibile-riscuri-la-adresa-securitatii-nationale-pe-ordinea-de-zi\/","name":"CSAT convocat joi; analiza unor posibile riscuri la adresa securit\u0103\u0163ii na\u0163ionale \u2013 pe ordinea de zi - Carpathia Center Romania","isPartOf":{"@id":"https:\/\/carpathiacenter.ro\/#website"},"primaryImageOfPage":{"@id":"https:\/\/carpathiacenter.ro\/csat-convocat-joi-analiza-unor-posibile-riscuri-la-adresa-securitatii-nationale-pe-ordinea-de-zi\/#primaryimage"},"image":{"@id":"https:\/\/carpathiacenter.ro\/csat-convocat-joi-analiza-unor-posibile-riscuri-la-adresa-securitatii-nationale-pe-ordinea-de-zi\/#primaryimage"},"thumbnailUrl":"https:\/\/carpathiacenter.ro\/wp-content\/uploads\/2024\/11\/iohannis1-1024x680-1.jpg","datePublished":"2024-11-28T14:07:51+00:00","breadcrumb":{"@id":"https:\/\/carpathiacenter.ro\/csat-convocat-joi-analiza-unor-posibile-riscuri-la-adresa-securitatii-nationale-pe-ordinea-de-zi\/#breadcrumb"},"inLanguage":"en-GB","potentialAction":[{"@type":"ReadAction","target":["https:\/\/carpathiacenter.ro\/csat-convocat-joi-analiza-unor-posibile-riscuri-la-adresa-securitatii-nationale-pe-ordinea-de-zi\/"]}]},{"@type":"ImageObject","inLanguage":"en-GB","@id":"https:\/\/carpathiacenter.ro\/csat-convocat-joi-analiza-unor-posibile-riscuri-la-adresa-securitatii-nationale-pe-ordinea-de-zi\/#primaryimage","url":"https:\/\/carpathiacenter.ro\/wp-content\/uploads\/2024\/11\/iohannis1-1024x680-1.jpg","contentUrl":"https:\/\/carpathiacenter.ro\/wp-content\/uploads\/2024\/11\/iohannis1-1024x680-1.jpg","width":1024,"height":680},{"@type":"BreadcrumbList","@id":"https:\/\/carpathiacenter.ro\/csat-convocat-joi-analiza-unor-posibile-riscuri-la-adresa-securitatii-nationale-pe-ordinea-de-zi\/#breadcrumb","itemListElement":[{"@type":"ListItem","position":1,"name":"Prima pagin\u0103","item":"https:\/\/carpathiacenter.ro\/"},{"@type":"ListItem","position":2,"name":"CSAT convocat joi; analiza unor posibile riscuri la adresa securit\u0103\u0163ii na\u0163ionale \u2013 pe ordinea de zi"}]},{"@type":"WebSite","@id":"https:\/\/carpathiacenter.ro\/#website","url":"https:\/\/carpathiacenter.ro\/","name":"Carpathia Center Romania","description":"Impossible made possible!","publisher":{"@id":"https:\/\/carpathiacenter.ro\/#organization"},"potentialAction":[{"@type":"SearchAction","target":{"@type":"EntryPoint","urlTemplate":"https:\/\/carpathiacenter.ro\/?s={search_term_string}"},"query-input":{"@type":"PropertyValueSpecification","valueRequired":true,"valueName":"search_term_string"}}],"inLanguage":"en-GB"},{"@type":"Organization","@id":"https:\/\/carpathiacenter.ro\/#organization","name":"Carpathia Center Romania","url":"https:\/\/carpathiacenter.ro\/","logo":{"@type":"ImageObject","inLanguage":"en-GB","@id":"https:\/\/carpathiacenter.ro\/#\/schema\/logo\/image\/","url":"https:\/\/carpathiacenter.ro\/wp-content\/uploads\/2024\/07\/logo-carpathia_bg_white-1024x941.png","contentUrl":"https:\/\/carpathiacenter.ro\/wp-content\/uploads\/2024\/07\/logo-carpathia_bg_white-1024x941.png","width":1024,"height":941,"caption":"Carpathia Center Romania"},"image":{"@id":"https:\/\/carpathiacenter.ro\/#\/schema\/logo\/image\/"},"sameAs":["https:\/\/www.facebook.com\/fdpscarpathia\/"]},{"@type":"Person","@id":"https:\/\/carpathiacenter.ro\/#\/schema\/person\/03d9f58202fee8379268f34afa195006","name":"creativebitsolutions","image":{"@type":"ImageObject","inLanguage":"en-GB","@id":"https:\/\/carpathiacenter.ro\/#\/schema\/person\/image\/","url":"https:\/\/secure.gravatar.com\/avatar\/1b1a13e37f847c635dab78348f1dff2f07651ee2a3d77a5c355a4b8c75f9165a?s=96&d=mm&r=g","contentUrl":"https:\/\/secure.gravatar.com\/avatar\/1b1a13e37f847c635dab78348f1dff2f07651ee2a3d77a5c355a4b8c75f9165a?s=96&d=mm&r=g","caption":"creativebitsolutions"},"url":"https:\/\/carpathiacenter.ro\/en\/author\/creativebitsolutions\/"}]}},"_links":{"self":[{"href":"https:\/\/carpathiacenter.ro\/en\/wp-json\/wp\/v2\/posts\/1597","targetHints":{"allow":["GET"]}}],"collection":[{"href":"https:\/\/carpathiacenter.ro\/en\/wp-json\/wp\/v2\/posts"}],"about":[{"href":"https:\/\/carpathiacenter.ro\/en\/wp-json\/wp\/v2\/types\/post"}],"author":[{"embeddable":true,"href":"https:\/\/carpathiacenter.ro\/en\/wp-json\/wp\/v2\/users\/4"}],"replies":[{"embeddable":true,"href":"https:\/\/carpathiacenter.ro\/en\/wp-json\/wp\/v2\/comments?post=1597"}],"version-history":[{"count":1,"href":"https:\/\/carpathiacenter.ro\/en\/wp-json\/wp\/v2\/posts\/1597\/revisions"}],"predecessor-version":[{"id":1601,"href":"https:\/\/carpathiacenter.ro\/en\/wp-json\/wp\/v2\/posts\/1597\/revisions\/1601"}],"wp:featuredmedia":[{"embeddable":true,"href":"https:\/\/carpathiacenter.ro\/en\/wp-json\/wp\/v2\/media\/1598"}],"wp:attachment":[{"href":"https:\/\/carpathiacenter.ro\/en\/wp-json\/wp\/v2\/media?parent=1597"}],"wp:term":[{"taxonomy":"category","embeddable":true,"href":"https:\/\/carpathiacenter.ro\/en\/wp-json\/wp\/v2\/categories?post=1597"},{"taxonomy":"post_tag","embeddable":true,"href":"https:\/\/carpathiacenter.ro\/en\/wp-json\/wp\/v2\/tags?post=1597"}],"curies":[{"name":"wp","href":"https:\/\/api.w.org\/{rel}","templated":true}]}}