{"id":1592,"date":"2024-11-26T09:19:03","date_gmt":"2024-11-26T09:19:03","guid":{"rendered":"https:\/\/carpathiacenter.ro\/?p=1592"},"modified":"2024-11-26T09:19:03","modified_gmt":"2024-11-26T09:19:03","slug":"ilie-bolojan-pnl-o-sustine-pe-elena-lasconi-in-turul-doi-fara-niciun-fel-de-negociere","status":"publish","type":"post","link":"https:\/\/carpathiacenter.ro\/en\/ilie-bolojan-pnl-o-sustine-pe-elena-lasconi-in-turul-doi-fara-niciun-fel-de-negociere\/","title":{"rendered":"Ilie Bolojan: PNL o sus\u0163ine pe Elena Lasconi \u00een turul doi f\u0103r\u0103 niciun fel de negociere"},"content":{"rendered":"<div class=\"tdb-block-inner td-fix-index\">\n<p><strong>Pre\u015fedintele interimar al PNL, Ilie Bolojan, a anun\u0163at, luni, c\u0103 liberalii o vor sus\u0163ine, \u201cf\u0103r\u0103 niciun fel de negociere\u201d, pe Elena Lasconi, candidatul USR, \u00een al doilea tur al alegerilor preziden\u0163iale.<\/strong><\/p>\n<p>\u201cVom sus\u0163ine direc\u0163ia proeuropean\u0103 a Rom\u00e2niei \u015fi politicile de centru dreapta. \u00cen acest sens, am luat o decizie ast\u0103zi ca, pentru alegerile preziden\u0163iale, pentru turul al doilea, \u00een situa\u0163ia celor doi competitori, Partidul Na\u0163ional Liberal s\u0103 sus\u0163in\u0103 f\u0103r\u0103 niciun fel de negociere candidatura Elenei Lasconi, varianta proeuropean\u0103, iar PNL este promotorul acestei direc\u0163ii\u201d, a spus Bolojan, la Palatul Parlamentului.<\/p>\n<p>El a precizat c\u0103 \u00een perioada urm\u0103toare liberalii vor prezenta politicile publice pe care PNL le va sus\u0163ine \u00een Parlament: \u201ceficien\u0163a statului pentru a reduce risipa, politici publice care s\u0103 permit\u0103 dezvoltarea comunit\u0103\u0163ilor locale prin descentralizare, prin programe de sus\u0163inere pentru ale\u015fii locali pentru c\u0103 \u0163ara nu se schimb\u0103 doar din Bucure\u015fti, ci din fiecare localitate, politici care s\u0103 sus\u0163in\u0103 statul de drept, un sistem de justi\u0163ie independent \u015fi politici care \u0163in de echitate, de meritocra\u0163ie, de reguli care s\u0103 genereze comportamente corecte \u00een societate\u201d.<\/p>\n<p>De asemenea, Ilie Bolojan a informat c\u0103 \u00een \u015fedin\u0163a PNL s-a decis ca mini\u015ftrii liberali s\u0103 asigure func\u0163ionarea Guvernului, s\u0103 preg\u0103teasc\u0103 alegerile parlamentare \u015fi turul doi al alegerilor preziden\u0163iale \u015fi predarea guvern\u0103rii.<\/p>\n<p>\u201cIe\u015firea de la guvernare doar \u00eentr-un scop electoral \u00een aceast\u0103 situa\u0163ie de final de ciclu electoral nu ar face dec\u00e2t s\u0103 creeze instabilitate, probleme \u00een func\u0163ionarea Guvernului \u015fi cred c\u0103 este o chestiune de responsabilitate s\u0103 ne asigur\u0103m de aceste lucruri\u201d, a spus liderul PNL.<\/p>\n<p>El a precizat c\u0103 liberalii vor face tot ceea ce este posibil pentru ca \u00een anii urm\u0103tori politicile de centru dreapta s\u0103 fie sus\u0163inute din Parlament.<\/p>\n<p>\u201cCei care au \u00eencredere \u00een noi trebuie s\u0103 \u015ftie c\u0103 voturi pentru PNL \u00eenseamn\u0103 voturi pentru o Rom\u00e2nie modern\u0103, pentru o Rom\u00e2nie prosper\u0103 \u015fi \u00eei chem pe to\u0163i rom\u00e2nii care au \u00eencredere \u00een valorile liberale s\u0103 fie al\u0103turi de noi. Eu cel pu\u0163in \u015fi colegii mei vom face tot ceea ce este posibil s\u0103 nu ne batem joc de votul rom\u00e2nilor\u201d, a conchis Bolojan. AGERPRES \/ (A \u2013 autor: Florentina Peia, editor: Marius Fr\u0103\u0163il\u0103, editori online: Irina Giurgiu, Andreea Preda)<\/p>\n<p>Sursa: <a href=\"https:\/\/www.agerpres.ro\/politica\/2024\/11\/25\/prezidentiale2024-ilie-bolojan-pnl-o-sustine-pe-elena-lasconi-in-turul-doi-fara-niciun-fel-de-negociere--1393070\" target=\"_blank\" rel=\"noopener\" title=\"\">https:\/\/www.agerpres.ro\/politica\/2024\/11\/25\/prezidentiale2024-ilie-bolojan-pnl-o-sustine-pe-elena-lasconi-in-turul-doi-fara-niciun-fel-de-negociere\u20131393070<\/a><\/p>\n<\/div>","protected":false},"excerpt":{"rendered":"<p>Pre\u015fedintele interimar al PNL, Ilie Bolojan, a anun\u0163at, luni, c\u0103 liberalii o vor sus\u0163ine, \u201cf\u0103r\u0103 niciun fel de negociere\u201d, pe Elena Lasconi, candidatul USR, \u00een al doilea tur al alegerilor preziden\u0163iale. \u201cVom sus\u0163ine direc\u0163ia proeuropean\u0103 a Rom\u00e2niei \u015fi politicile de centru dreapta. \u00cen acest sens, am luat o decizie ast\u0103zi ca, pentru alegerile preziden\u0163iale, pentru&#8230;<\/p>","protected":false},"author":4,"featured_media":1593,"comment_status":"open","ping_status":"open","sticky":false,"template":"","format":"standard","meta":{"footnotes":""},"categories":[1],"tags":[],"class_list":["post-1592","post","type-post","status-publish","format-standard","has-post-thumbnail","hentry","category-uncategorized"],"yoast_head":"<!-- This site is optimized with the Yoast SEO plugin v26.1.1 - https:\/\/yoast.com\/wordpress\/plugins\/seo\/ -->\n<title>Ilie Bolojan: PNL o sus\u0163ine pe Elena Lasconi \u00een turul doi f\u0103r\u0103 niciun fel de negociere - Carpathia Center Romania<\/title>\n<meta name=\"robots\" content=\"index, follow, max-snippet:-1, max-image-preview:large, max-video-preview:-1\" \/>\n<link rel=\"canonical\" href=\"https:\/\/carpathiacenter.ro\/en\/ilie-bolojan-pnl-o-sustine-pe-elena-lasconi-in-turul-doi-fara-niciun-fel-de-negociere\/\" \/>\n<meta property=\"og:locale\" content=\"en_GB\" \/>\n<meta property=\"og:type\" content=\"article\" \/>\n<meta property=\"og:title\" content=\"Ilie Bolojan: PNL o sus\u0163ine pe Elena Lasconi \u00een turul doi f\u0103r\u0103 niciun fel de negociere - Carpathia Center Romania\" \/>\n<meta property=\"og:description\" content=\"Pre\u015fedintele interimar al PNL, Ilie Bolojan, a anun\u0163at, luni, c\u0103 liberalii o vor sus\u0163ine, \u201cf\u0103r\u0103 niciun fel de negociere\u201d, pe Elena Lasconi, candidatul USR, \u00een al doilea tur al alegerilor preziden\u0163iale. \u201cVom sus\u0163ine direc\u0163ia proeuropean\u0103 a Rom\u00e2niei \u015fi politicile de centru dreapta. \u00cen acest sens, am luat o decizie ast\u0103zi ca, pentru alegerile preziden\u0163iale, pentru...\" \/>\n<meta property=\"og:url\" content=\"https:\/\/carpathiacenter.ro\/en\/ilie-bolojan-pnl-o-sustine-pe-elena-lasconi-in-turul-doi-fara-niciun-fel-de-negociere\/\" \/>\n<meta property=\"og:site_name\" content=\"Carpathia Center Romania\" \/>\n<meta property=\"article:publisher\" content=\"https:\/\/www.facebook.com\/fdpscarpathia\/\" \/>\n<meta property=\"article:published_time\" content=\"2024-11-26T09:19:03+00:00\" \/>\n<meta property=\"og:image\" content=\"https:\/\/carpathiacenter.ro\/wp-content\/uploads\/2024\/11\/ilie-bolojan.webp\" \/>\n\t<meta property=\"og:image:width\" content=\"2560\" \/>\n\t<meta property=\"og:image:height\" content=\"1442\" \/>\n\t<meta property=\"og:image:type\" content=\"image\/webp\" \/>\n<meta name=\"author\" content=\"creativebitsolutions\" \/>\n<meta name=\"twitter:card\" content=\"summary_large_image\" \/>\n<meta name=\"twitter:label1\" content=\"Written by\" \/>\n\t<meta name=\"twitter:data1\" content=\"creativebitsolutions\" \/>\n\t<meta name=\"twitter:label2\" content=\"Estimated reading time\" \/>\n\t<meta name=\"twitter:data2\" content=\"2 minutes\" \/>\n<script type=\"application\/ld+json\" class=\"yoast-schema-graph\">{\"@context\":\"https:\/\/schema.org\",\"@graph\":[{\"@type\":\"Article\",\"@id\":\"https:\/\/carpathiacenter.ro\/ilie-bolojan-pnl-o-sustine-pe-elena-lasconi-in-turul-doi-fara-niciun-fel-de-negociere\/#article\",\"isPartOf\":{\"@id\":\"https:\/\/carpathiacenter.ro\/ilie-bolojan-pnl-o-sustine-pe-elena-lasconi-in-turul-doi-fara-niciun-fel-de-negociere\/\"},\"author\":{\"name\":\"creativebitsolutions\",\"@id\":\"https:\/\/carpathiacenter.ro\/#\/schema\/person\/03d9f58202fee8379268f34afa195006\"},\"headline\":\"Ilie Bolojan: PNL o sus\u0163ine pe Elena Lasconi \u00een turul doi f\u0103r\u0103 niciun fel de negociere\",\"datePublished\":\"2024-11-26T09:19:03+00:00\",\"mainEntityOfPage\":{\"@id\":\"https:\/\/carpathiacenter.ro\/ilie-bolojan-pnl-o-sustine-pe-elena-lasconi-in-turul-doi-fara-niciun-fel-de-negociere\/\"},\"wordCount\":428,\"commentCount\":0,\"publisher\":{\"@id\":\"https:\/\/carpathiacenter.ro\/#organization\"},\"image\":{\"@id\":\"https:\/\/carpathiacenter.ro\/ilie-bolojan-pnl-o-sustine-pe-elena-lasconi-in-turul-doi-fara-niciun-fel-de-negociere\/#primaryimage\"},\"thumbnailUrl\":\"https:\/\/carpathiacenter.ro\/wp-content\/uploads\/2024\/11\/ilie-bolojan.webp\",\"articleSection\":[\"Uncategorized\"],\"inLanguage\":\"en-GB\",\"potentialAction\":[{\"@type\":\"CommentAction\",\"name\":\"Comment\",\"target\":[\"https:\/\/carpathiacenter.ro\/ilie-bolojan-pnl-o-sustine-pe-elena-lasconi-in-turul-doi-fara-niciun-fel-de-negociere\/#respond\"]}]},{\"@type\":\"WebPage\",\"@id\":\"https:\/\/carpathiacenter.ro\/ilie-bolojan-pnl-o-sustine-pe-elena-lasconi-in-turul-doi-fara-niciun-fel-de-negociere\/\",\"url\":\"https:\/\/carpathiacenter.ro\/ilie-bolojan-pnl-o-sustine-pe-elena-lasconi-in-turul-doi-fara-niciun-fel-de-negociere\/\",\"name\":\"Ilie Bolojan: PNL o sus\u0163ine pe Elena Lasconi \u00een turul doi f\u0103r\u0103 niciun fel de negociere - Carpathia Center Romania\",\"isPartOf\":{\"@id\":\"https:\/\/carpathiacenter.ro\/#website\"},\"primaryImageOfPage\":{\"@id\":\"https:\/\/carpathiacenter.ro\/ilie-bolojan-pnl-o-sustine-pe-elena-lasconi-in-turul-doi-fara-niciun-fel-de-negociere\/#primaryimage\"},\"image\":{\"@id\":\"https:\/\/carpathiacenter.ro\/ilie-bolojan-pnl-o-sustine-pe-elena-lasconi-in-turul-doi-fara-niciun-fel-de-negociere\/#primaryimage\"},\"thumbnailUrl\":\"https:\/\/carpathiacenter.ro\/wp-content\/uploads\/2024\/11\/ilie-bolojan.webp\",\"datePublished\":\"2024-11-26T09:19:03+00:00\",\"breadcrumb\":{\"@id\":\"https:\/\/carpathiacenter.ro\/ilie-bolojan-pnl-o-sustine-pe-elena-lasconi-in-turul-doi-fara-niciun-fel-de-negociere\/#breadcrumb\"},\"inLanguage\":\"en-GB\",\"potentialAction\":[{\"@type\":\"ReadAction\",\"target\":[\"https:\/\/carpathiacenter.ro\/ilie-bolojan-pnl-o-sustine-pe-elena-lasconi-in-turul-doi-fara-niciun-fel-de-negociere\/\"]}]},{\"@type\":\"ImageObject\",\"inLanguage\":\"en-GB\",\"@id\":\"https:\/\/carpathiacenter.ro\/ilie-bolojan-pnl-o-sustine-pe-elena-lasconi-in-turul-doi-fara-niciun-fel-de-negociere\/#primaryimage\",\"url\":\"https:\/\/carpathiacenter.ro\/wp-content\/uploads\/2024\/11\/ilie-bolojan.webp\",\"contentUrl\":\"https:\/\/carpathiacenter.ro\/wp-content\/uploads\/2024\/11\/ilie-bolojan.webp\",\"width\":2560,\"height\":1442},{\"@type\":\"BreadcrumbList\",\"@id\":\"https:\/\/carpathiacenter.ro\/ilie-bolojan-pnl-o-sustine-pe-elena-lasconi-in-turul-doi-fara-niciun-fel-de-negociere\/#breadcrumb\",\"itemListElement\":[{\"@type\":\"ListItem\",\"position\":1,\"name\":\"Prima pagin\u0103\",\"item\":\"https:\/\/carpathiacenter.ro\/\"},{\"@type\":\"ListItem\",\"position\":2,\"name\":\"Ilie Bolojan: PNL o sus\u0163ine pe Elena Lasconi \u00een turul doi f\u0103r\u0103 niciun fel de negociere\"}]},{\"@type\":\"WebSite\",\"@id\":\"https:\/\/carpathiacenter.ro\/#website\",\"url\":\"https:\/\/carpathiacenter.ro\/\",\"name\":\"Carpathia Center Romania\",\"description\":\"Impossible made possible!\",\"publisher\":{\"@id\":\"https:\/\/carpathiacenter.ro\/#organization\"},\"potentialAction\":[{\"@type\":\"SearchAction\",\"target\":{\"@type\":\"EntryPoint\",\"urlTemplate\":\"https:\/\/carpathiacenter.ro\/?s={search_term_string}\"},\"query-input\":{\"@type\":\"PropertyValueSpecification\",\"valueRequired\":true,\"valueName\":\"search_term_string\"}}],\"inLanguage\":\"en-GB\"},{\"@type\":\"Organization\",\"@id\":\"https:\/\/carpathiacenter.ro\/#organization\",\"name\":\"Carpathia Center Romania\",\"url\":\"https:\/\/carpathiacenter.ro\/\",\"logo\":{\"@type\":\"ImageObject\",\"inLanguage\":\"en-GB\",\"@id\":\"https:\/\/carpathiacenter.ro\/#\/schema\/logo\/image\/\",\"url\":\"https:\/\/carpathiacenter.ro\/wp-content\/uploads\/2024\/07\/logo-carpathia_bg_white-1024x941.png\",\"contentUrl\":\"https:\/\/carpathiacenter.ro\/wp-content\/uploads\/2024\/07\/logo-carpathia_bg_white-1024x941.png\",\"width\":1024,\"height\":941,\"caption\":\"Carpathia Center Romania\"},\"image\":{\"@id\":\"https:\/\/carpathiacenter.ro\/#\/schema\/logo\/image\/\"},\"sameAs\":[\"https:\/\/www.facebook.com\/fdpscarpathia\/\"]},{\"@type\":\"Person\",\"@id\":\"https:\/\/carpathiacenter.ro\/#\/schema\/person\/03d9f58202fee8379268f34afa195006\",\"name\":\"creativebitsolutions\",\"image\":{\"@type\":\"ImageObject\",\"inLanguage\":\"en-GB\",\"@id\":\"https:\/\/carpathiacenter.ro\/#\/schema\/person\/image\/\",\"url\":\"https:\/\/secure.gravatar.com\/avatar\/1b1a13e37f847c635dab78348f1dff2f07651ee2a3d77a5c355a4b8c75f9165a?s=96&d=mm&r=g\",\"contentUrl\":\"https:\/\/secure.gravatar.com\/avatar\/1b1a13e37f847c635dab78348f1dff2f07651ee2a3d77a5c355a4b8c75f9165a?s=96&d=mm&r=g\",\"caption\":\"creativebitsolutions\"},\"url\":\"https:\/\/carpathiacenter.ro\/en\/author\/creativebitsolutions\/\"}]}<\/script>\n<!-- \/ Yoast SEO plugin. -->","yoast_head_json":{"title":"Ilie Bolojan: PNL o sus\u0163ine pe Elena Lasconi \u00een turul doi f\u0103r\u0103 niciun fel de negociere - Carpathia Center Romania","robots":{"index":"index","follow":"follow","max-snippet":"max-snippet:-1","max-image-preview":"max-image-preview:large","max-video-preview":"max-video-preview:-1"},"canonical":"https:\/\/carpathiacenter.ro\/en\/ilie-bolojan-pnl-o-sustine-pe-elena-lasconi-in-turul-doi-fara-niciun-fel-de-negociere\/","og_locale":"en_GB","og_type":"article","og_title":"Ilie Bolojan: PNL o sus\u0163ine pe Elena Lasconi \u00een turul doi f\u0103r\u0103 niciun fel de negociere - Carpathia Center Romania","og_description":"Pre\u015fedintele interimar al PNL, Ilie Bolojan, a anun\u0163at, luni, c\u0103 liberalii o vor sus\u0163ine, \u201cf\u0103r\u0103 niciun fel de negociere\u201d, pe Elena Lasconi, candidatul USR, \u00een al doilea tur al alegerilor preziden\u0163iale. \u201cVom sus\u0163ine direc\u0163ia proeuropean\u0103 a Rom\u00e2niei \u015fi politicile de centru dreapta. \u00cen acest sens, am luat o decizie ast\u0103zi ca, pentru alegerile preziden\u0163iale, pentru...","og_url":"https:\/\/carpathiacenter.ro\/en\/ilie-bolojan-pnl-o-sustine-pe-elena-lasconi-in-turul-doi-fara-niciun-fel-de-negociere\/","og_site_name":"Carpathia Center Romania","article_publisher":"https:\/\/www.facebook.com\/fdpscarpathia\/","article_published_time":"2024-11-26T09:19:03+00:00","og_image":[{"width":2560,"height":1442,"url":"https:\/\/carpathiacenter.ro\/wp-content\/uploads\/2024\/11\/ilie-bolojan.webp","type":"image\/webp"}],"author":"creativebitsolutions","twitter_card":"summary_large_image","twitter_misc":{"Written by":"creativebitsolutions","Estimated reading time":"2 minutes"},"schema":{"@context":"https:\/\/schema.org","@graph":[{"@type":"Article","@id":"https:\/\/carpathiacenter.ro\/ilie-bolojan-pnl-o-sustine-pe-elena-lasconi-in-turul-doi-fara-niciun-fel-de-negociere\/#article","isPartOf":{"@id":"https:\/\/carpathiacenter.ro\/ilie-bolojan-pnl-o-sustine-pe-elena-lasconi-in-turul-doi-fara-niciun-fel-de-negociere\/"},"author":{"name":"creativebitsolutions","@id":"https:\/\/carpathiacenter.ro\/#\/schema\/person\/03d9f58202fee8379268f34afa195006"},"headline":"Ilie Bolojan: PNL o sus\u0163ine pe Elena Lasconi \u00een turul doi f\u0103r\u0103 niciun fel de negociere","datePublished":"2024-11-26T09:19:03+00:00","mainEntityOfPage":{"@id":"https:\/\/carpathiacenter.ro\/ilie-bolojan-pnl-o-sustine-pe-elena-lasconi-in-turul-doi-fara-niciun-fel-de-negociere\/"},"wordCount":428,"commentCount":0,"publisher":{"@id":"https:\/\/carpathiacenter.ro\/#organization"},"image":{"@id":"https:\/\/carpathiacenter.ro\/ilie-bolojan-pnl-o-sustine-pe-elena-lasconi-in-turul-doi-fara-niciun-fel-de-negociere\/#primaryimage"},"thumbnailUrl":"https:\/\/carpathiacenter.ro\/wp-content\/uploads\/2024\/11\/ilie-bolojan.webp","articleSection":["Uncategorized"],"inLanguage":"en-GB","potentialAction":[{"@type":"CommentAction","name":"Comment","target":["https:\/\/carpathiacenter.ro\/ilie-bolojan-pnl-o-sustine-pe-elena-lasconi-in-turul-doi-fara-niciun-fel-de-negociere\/#respond"]}]},{"@type":"WebPage","@id":"https:\/\/carpathiacenter.ro\/ilie-bolojan-pnl-o-sustine-pe-elena-lasconi-in-turul-doi-fara-niciun-fel-de-negociere\/","url":"https:\/\/carpathiacenter.ro\/ilie-bolojan-pnl-o-sustine-pe-elena-lasconi-in-turul-doi-fara-niciun-fel-de-negociere\/","name":"Ilie Bolojan: PNL o sus\u0163ine pe Elena Lasconi \u00een turul doi f\u0103r\u0103 niciun fel de negociere - Carpathia Center Romania","isPartOf":{"@id":"https:\/\/carpathiacenter.ro\/#website"},"primaryImageOfPage":{"@id":"https:\/\/carpathiacenter.ro\/ilie-bolojan-pnl-o-sustine-pe-elena-lasconi-in-turul-doi-fara-niciun-fel-de-negociere\/#primaryimage"},"image":{"@id":"https:\/\/carpathiacenter.ro\/ilie-bolojan-pnl-o-sustine-pe-elena-lasconi-in-turul-doi-fara-niciun-fel-de-negociere\/#primaryimage"},"thumbnailUrl":"https:\/\/carpathiacenter.ro\/wp-content\/uploads\/2024\/11\/ilie-bolojan.webp","datePublished":"2024-11-26T09:19:03+00:00","breadcrumb":{"@id":"https:\/\/carpathiacenter.ro\/ilie-bolojan-pnl-o-sustine-pe-elena-lasconi-in-turul-doi-fara-niciun-fel-de-negociere\/#breadcrumb"},"inLanguage":"en-GB","potentialAction":[{"@type":"ReadAction","target":["https:\/\/carpathiacenter.ro\/ilie-bolojan-pnl-o-sustine-pe-elena-lasconi-in-turul-doi-fara-niciun-fel-de-negociere\/"]}]},{"@type":"ImageObject","inLanguage":"en-GB","@id":"https:\/\/carpathiacenter.ro\/ilie-bolojan-pnl-o-sustine-pe-elena-lasconi-in-turul-doi-fara-niciun-fel-de-negociere\/#primaryimage","url":"https:\/\/carpathiacenter.ro\/wp-content\/uploads\/2024\/11\/ilie-bolojan.webp","contentUrl":"https:\/\/carpathiacenter.ro\/wp-content\/uploads\/2024\/11\/ilie-bolojan.webp","width":2560,"height":1442},{"@type":"BreadcrumbList","@id":"https:\/\/carpathiacenter.ro\/ilie-bolojan-pnl-o-sustine-pe-elena-lasconi-in-turul-doi-fara-niciun-fel-de-negociere\/#breadcrumb","itemListElement":[{"@type":"ListItem","position":1,"name":"Prima pagin\u0103","item":"https:\/\/carpathiacenter.ro\/"},{"@type":"ListItem","position":2,"name":"Ilie Bolojan: PNL o sus\u0163ine pe Elena Lasconi \u00een turul doi f\u0103r\u0103 niciun fel de negociere"}]},{"@type":"WebSite","@id":"https:\/\/carpathiacenter.ro\/#website","url":"https:\/\/carpathiacenter.ro\/","name":"Carpathia Center Romania","description":"Impossible made possible!","publisher":{"@id":"https:\/\/carpathiacenter.ro\/#organization"},"potentialAction":[{"@type":"SearchAction","target":{"@type":"EntryPoint","urlTemplate":"https:\/\/carpathiacenter.ro\/?s={search_term_string}"},"query-input":{"@type":"PropertyValueSpecification","valueRequired":true,"valueName":"search_term_string"}}],"inLanguage":"en-GB"},{"@type":"Organization","@id":"https:\/\/carpathiacenter.ro\/#organization","name":"Carpathia Center Romania","url":"https:\/\/carpathiacenter.ro\/","logo":{"@type":"ImageObject","inLanguage":"en-GB","@id":"https:\/\/carpathiacenter.ro\/#\/schema\/logo\/image\/","url":"https:\/\/carpathiacenter.ro\/wp-content\/uploads\/2024\/07\/logo-carpathia_bg_white-1024x941.png","contentUrl":"https:\/\/carpathiacenter.ro\/wp-content\/uploads\/2024\/07\/logo-carpathia_bg_white-1024x941.png","width":1024,"height":941,"caption":"Carpathia Center Romania"},"image":{"@id":"https:\/\/carpathiacenter.ro\/#\/schema\/logo\/image\/"},"sameAs":["https:\/\/www.facebook.com\/fdpscarpathia\/"]},{"@type":"Person","@id":"https:\/\/carpathiacenter.ro\/#\/schema\/person\/03d9f58202fee8379268f34afa195006","name":"creativebitsolutions","image":{"@type":"ImageObject","inLanguage":"en-GB","@id":"https:\/\/carpathiacenter.ro\/#\/schema\/person\/image\/","url":"https:\/\/secure.gravatar.com\/avatar\/1b1a13e37f847c635dab78348f1dff2f07651ee2a3d77a5c355a4b8c75f9165a?s=96&d=mm&r=g","contentUrl":"https:\/\/secure.gravatar.com\/avatar\/1b1a13e37f847c635dab78348f1dff2f07651ee2a3d77a5c355a4b8c75f9165a?s=96&d=mm&r=g","caption":"creativebitsolutions"},"url":"https:\/\/carpathiacenter.ro\/en\/author\/creativebitsolutions\/"}]}},"_links":{"self":[{"href":"https:\/\/carpathiacenter.ro\/en\/wp-json\/wp\/v2\/posts\/1592","targetHints":{"allow":["GET"]}}],"collection":[{"href":"https:\/\/carpathiacenter.ro\/en\/wp-json\/wp\/v2\/posts"}],"about":[{"href":"https:\/\/carpathiacenter.ro\/en\/wp-json\/wp\/v2\/types\/post"}],"author":[{"embeddable":true,"href":"https:\/\/carpathiacenter.ro\/en\/wp-json\/wp\/v2\/users\/4"}],"replies":[{"embeddable":true,"href":"https:\/\/carpathiacenter.ro\/en\/wp-json\/wp\/v2\/comments?post=1592"}],"version-history":[{"count":1,"href":"https:\/\/carpathiacenter.ro\/en\/wp-json\/wp\/v2\/posts\/1592\/revisions"}],"predecessor-version":[{"id":1594,"href":"https:\/\/carpathiacenter.ro\/en\/wp-json\/wp\/v2\/posts\/1592\/revisions\/1594"}],"wp:featuredmedia":[{"embeddable":true,"href":"https:\/\/carpathiacenter.ro\/en\/wp-json\/wp\/v2\/media\/1593"}],"wp:attachment":[{"href":"https:\/\/carpathiacenter.ro\/en\/wp-json\/wp\/v2\/media?parent=1592"}],"wp:term":[{"taxonomy":"category","embeddable":true,"href":"https:\/\/carpathiacenter.ro\/en\/wp-json\/wp\/v2\/categories?post=1592"},{"taxonomy":"post_tag","embeddable":true,"href":"https:\/\/carpathiacenter.ro\/en\/wp-json\/wp\/v2\/tags?post=1592"}],"curies":[{"name":"wp","href":"https:\/\/api.w.org\/{rel}","templated":true}]}}