{"id":1589,"date":"2024-11-26T09:17:45","date_gmt":"2024-11-26T09:17:45","guid":{"rendered":"https:\/\/carpathiacenter.ro\/?p=1589"},"modified":"2024-11-26T09:17:45","modified_gmt":"2024-11-26T09:17:45","slug":"primul-tren-produs-de-pesa-va-sosi-in-romania-la-finele-semestrului-i-2025-si-va-intra-in-teste","status":"publish","type":"post","link":"https:\/\/carpathiacenter.ro\/en\/primul-tren-produs-de-pesa-va-sosi-in-romania-la-finele-semestrului-i-2025-si-va-intra-in-teste\/","title":{"rendered":"Primul tren produs de PESA va sosi \u00een Rom\u00e2nia la finele semestrului I 2025 \u015fi va intra \u00een teste"},"content":{"rendered":"<div class=\"tdb-block-inner td-fix-index\">\n<p><strong>Primul tren nou produs de polonezii de la PESA, achizi\u0163ionat de Autoritatea pentru Reform\u0103 Feroviar\u0103 (ARF), este programat s\u0103 soseasc\u0103 \u00een Rom\u00e2nia la sf\u00e2r\u015fitul semestrului I al anului viitor, pentru a intra \u00een teste \u00een vederea autoriz\u0103rii de circula\u0163ie.<\/strong><\/p>\n<p>Echipele de proiect RE-R1 (rame regionale electrice) \u015fi RE-IR2 (rame interregionale electrice) ale Autorit\u0103\u0163ii sunt \u00een fabrica PESA de la Bydgoszcz (Polonia) pentru a verifica stadiul produc\u0163iei celor 82 de trenuri contractate de la produc\u0103torul polonez, contracte semnate \u00een decembrie 2023 \u015fi, respectiv, ianuarie 2024.<\/p>\n<p>\u201cProduc\u0103torul (Pojazdy Szynowe Pesa Bydgoszcz Spolka Akcyjna \u2013 PESA \u2013 n. r.) a programat pentru sf\u00e2r\u015fitul semestrului I 2025 aducerea primului tren \u00een Rom\u00e2nia pentru test\u0103rile \u00een vederea autoriz\u0103rii de circula\u0163ie. Trenurile vor fi predate spre exploatarea \u00een serviciul public al Rom\u00e2niei celor \u015fase operatori sub contract pe 10 ani, dup\u0103 o metodologie care a \u0163inut cont de cota de pia\u0163\u0103 a fiec\u0103ruia\u201d,&nbsp;<strong>a declarat, mar\u0163i, pentru AGERPRES, pre\u015fedintele ARF, \u015etefan Ro\u015feanu.<\/strong><\/p>\n<p>Pe 30 ianuarie 2023, reprezentan\u0163ii Autorit\u0103\u0163ii pentru Reform\u0103 Feroviar\u0103 (ARF) \u015fi ai produc\u0103torului polonez de material rulant Pojazdy Szynowe Pesa Bydgoszcz Spolka Akcyjna (PESA) au semnat contractul de achizi\u0163ie a 62 de rame electrice regionale (RE-R).<\/p>\n<p>Valoarea total\u0103 a proiectului este de 3,23 miliarde lei, f\u0103r\u0103 TVA, iar finan\u0163area este asigurat\u0103 din Programul Transport (PT) 2021 \u2013 2027, cu cofinan\u0163are de la bugetul de stat.<\/p>\n<p>Contractul este \u00eemp\u0103r\u0163it pe trei loturi, \u015fi anume: Lotul 1 \u2013 20 rame electrice regionale RE-R, destinate transportului feroviar de c\u0103l\u0103tori pe rutele Bucure\u015fti Nord \u2013 Ploie\u015fti Sud \u2013 Adjud, Ia\u015fi \u2013 Pa\u015fcani \u2013 Suceava, Bac\u0103u \u2013 Pa\u015fcani; Lotul 2 \u2013 23 rame electrice regionale RE-R, destinate transportului feroviar de c\u0103l\u0103tori pe rutele Bra\u015fov \u2013 Gheorgheni, Arad \u2013 Timi\u015foara \u2013 Caransebe\u015f, Huedin \u2013 Cluj \u2013 Bistri\u0163a; Lotul 3 \u2013 19 rame electrice regionale RE-R, destinate transportului feroviar de c\u0103l\u0103tori pe rutele Bucure\u015fti Nord \u2013 Ploie\u015fti Vest \u2013 Bra\u015fov, Bucure\u015fti Nord \u2013 Ro\u015fiori, Bucure\u015fti Nord \u2013 Bucure\u015fti Obor\/Fundulea, Constan\u0163a \u2013 Fete\u015fti.<\/p>\n<p>De asemenea, PESA a c\u00e2\u015ftigat \u015fi licita\u0163ia pentru achizi\u0163ia a 20 de rame electrice destinate serviciilor publice obligatorii de transport feroviar de c\u0103l\u0103tori de mediu \u015fi lung parcurs RE-IR2, \u00eempreun\u0103 cu serviciile de mentenan\u0163\u0103 pe o perioad\u0103 de 15 ani.<\/p>\n<p>Ramele electrice RE-IR2 vor fi utilizate, \u00een cadrul contractelor de servicii publice atribuite \u00een baza HG 1.453\/2022, pe urm\u0103toarele rute: Cluj Napoca \u2013 Sighi\u015foara \u2013 Bra\u015fov; Cluj Napoca \u2013 Alba lulia \u2013 Simeria- T\u00e2rgu Jiu \u2013 Craiova; Bra\u015fov \u2013 Ploie\u015fti \u2013 Buz\u0103u \u2013 Foc\u015fani \u2013 Bac\u0103u \u2013 Pa\u015fcani \u2013 Ia\u015fi\/Suceava; Gala\u0163i \u2013 M\u0103r\u0103\u015fe\u015fti \u2013 Bac\u0103u \u2013 Pa\u015fcani \u2013 la\u015fi\/Suceava; Gala\u0163i \u2013 Br\u0103ila \u2013 F\u0103urei \u2013 Fete\u015fti \u2013 Constan\u0163a (Mangalia); (Mangalia) \u2013 Constan\u0163a \u2013 Fete\u015fti \u2013 Br\u0103ila \u2013 M\u0103r\u0103\u015fe\u015fti \u2013 Bac\u0103u \u2013 Pa\u015fcani \u2013 Ia\u015fi\/Suceava; (Giurgiu) Bucure\u015fti \u2013 Ciulni\u0163a \u2013 C\u0103l\u0103ra\u015fi.<\/p>\n<p>Conform analizei de exploatare a liniilor \u00een curs de electrificare, Cluj Napoca \u2013 Oradea \u015fi Craiova- Calafat, dup\u0103 finalizarea electrific\u0103rii, trenurile vor fi operate \u015fi pe urm\u0103toarele rute de circula\u0163ie: Oradea \u2013 Cluj Napoca \u2013 Sighi\u015foara \u2013 Bra\u015fov; Cluj Napoca \u2013 Alba lulia \u2013 Simeria- T\u00e2rgu Jiu \u2013 Craiova \u2013 Calafat. AGERPRES\/(AS \u2013 autor: Oana Tilic\u0103, editor: Andreea Marinescu, editor online: Ady Iva\u015fcu)<\/p>\n<p>Sursa: <a href=\"https:\/\/www.agerpres.ro\/economic-intern\/2024\/11\/26\/primul-tren-produs-de-pesa-va-sosi-in-romania-la-finele-semestrului-i-2025-si-va-intra-in-teste--1393156\" target=\"_blank\" rel=\"noopener\" title=\"\">https:\/\/www.agerpres.ro\/economic-intern\/2024\/11\/26\/primul-tren-produs-de-pesa-va-sosi-in-romania-la-finele-semestrului-i-2025-si-va-intra-in-teste\u20131393156<\/a><\/p>\n<\/div>","protected":false},"excerpt":{"rendered":"<p>Primul tren nou produs de polonezii de la PESA, achizi\u0163ionat de Autoritatea pentru Reform\u0103 Feroviar\u0103 (ARF), este programat s\u0103 soseasc\u0103 \u00een Rom\u00e2nia la sf\u00e2r\u015fitul semestrului I al anului viitor, pentru a intra \u00een teste \u00een vederea autoriz\u0103rii de circula\u0163ie. Echipele de proiect RE-R1 (rame regionale electrice) \u015fi RE-IR2 (rame interregionale electrice) ale Autorit\u0103\u0163ii sunt \u00een&#8230;<\/p>","protected":false},"author":4,"featured_media":1590,"comment_status":"open","ping_status":"open","sticky":false,"template":"","format":"standard","meta":{"footnotes":""},"categories":[1],"tags":[],"class_list":["post-1589","post","type-post","status-publish","format-standard","has-post-thumbnail","hentry","category-uncategorized"],"yoast_head":"<!-- This site is optimized with the Yoast SEO plugin v26.1.1 - https:\/\/yoast.com\/wordpress\/plugins\/seo\/ -->\n<title>Primul tren produs de PESA va sosi \u00een Rom\u00e2nia la finele semestrului I 2025 \u015fi va intra \u00een teste - Carpathia Center Romania<\/title>\n<meta name=\"robots\" content=\"index, follow, max-snippet:-1, max-image-preview:large, max-video-preview:-1\" \/>\n<link rel=\"canonical\" href=\"https:\/\/carpathiacenter.ro\/en\/primul-tren-produs-de-pesa-va-sosi-in-romania-la-finele-semestrului-i-2025-si-va-intra-in-teste\/\" \/>\n<meta property=\"og:locale\" content=\"en_GB\" \/>\n<meta property=\"og:type\" content=\"article\" \/>\n<meta property=\"og:title\" content=\"Primul tren produs de PESA va sosi \u00een Rom\u00e2nia la finele semestrului I 2025 \u015fi va intra \u00een teste - Carpathia Center Romania\" \/>\n<meta property=\"og:description\" content=\"Primul tren nou produs de polonezii de la PESA, achizi\u0163ionat de Autoritatea pentru Reform\u0103 Feroviar\u0103 (ARF), este programat s\u0103 soseasc\u0103 \u00een Rom\u00e2nia la sf\u00e2r\u015fitul semestrului I al anului viitor, pentru a intra \u00een teste \u00een vederea autoriz\u0103rii de circula\u0163ie. Echipele de proiect RE-R1 (rame regionale electrice) \u015fi RE-IR2 (rame interregionale electrice) ale Autorit\u0103\u0163ii sunt \u00een...\" \/>\n<meta property=\"og:url\" content=\"https:\/\/carpathiacenter.ro\/en\/primul-tren-produs-de-pesa-va-sosi-in-romania-la-finele-semestrului-i-2025-si-va-intra-in-teste\/\" \/>\n<meta property=\"og:site_name\" content=\"Carpathia Center Romania\" \/>\n<meta property=\"article:publisher\" content=\"https:\/\/www.facebook.com\/fdpscarpathia\/\" \/>\n<meta property=\"article:published_time\" content=\"2024-11-26T09:17:45+00:00\" \/>\n<meta property=\"og:image\" content=\"https:\/\/carpathiacenter.ro\/wp-content\/uploads\/2024\/11\/Tren-produs-de-Pesa.webp\" \/>\n\t<meta property=\"og:image:width\" content=\"800\" \/>\n\t<meta property=\"og:image:height\" content=\"533\" \/>\n\t<meta property=\"og:image:type\" content=\"image\/webp\" \/>\n<meta name=\"author\" content=\"creativebitsolutions\" \/>\n<meta name=\"twitter:card\" content=\"summary_large_image\" \/>\n<meta name=\"twitter:label1\" content=\"Written by\" \/>\n\t<meta name=\"twitter:data1\" content=\"creativebitsolutions\" \/>\n\t<meta name=\"twitter:label2\" content=\"Estimated reading time\" \/>\n\t<meta name=\"twitter:data2\" content=\"3 minutes\" \/>\n<script type=\"application\/ld+json\" class=\"yoast-schema-graph\">{\"@context\":\"https:\/\/schema.org\",\"@graph\":[{\"@type\":\"Article\",\"@id\":\"https:\/\/carpathiacenter.ro\/primul-tren-produs-de-pesa-va-sosi-in-romania-la-finele-semestrului-i-2025-si-va-intra-in-teste\/#article\",\"isPartOf\":{\"@id\":\"https:\/\/carpathiacenter.ro\/primul-tren-produs-de-pesa-va-sosi-in-romania-la-finele-semestrului-i-2025-si-va-intra-in-teste\/\"},\"author\":{\"name\":\"creativebitsolutions\",\"@id\":\"https:\/\/carpathiacenter.ro\/#\/schema\/person\/03d9f58202fee8379268f34afa195006\"},\"headline\":\"Primul tren produs de PESA va sosi \u00een Rom\u00e2nia la finele semestrului I 2025 \u015fi va intra \u00een teste\",\"datePublished\":\"2024-11-26T09:17:45+00:00\",\"mainEntityOfPage\":{\"@id\":\"https:\/\/carpathiacenter.ro\/primul-tren-produs-de-pesa-va-sosi-in-romania-la-finele-semestrului-i-2025-si-va-intra-in-teste\/\"},\"wordCount\":572,\"commentCount\":0,\"publisher\":{\"@id\":\"https:\/\/carpathiacenter.ro\/#organization\"},\"image\":{\"@id\":\"https:\/\/carpathiacenter.ro\/primul-tren-produs-de-pesa-va-sosi-in-romania-la-finele-semestrului-i-2025-si-va-intra-in-teste\/#primaryimage\"},\"thumbnailUrl\":\"https:\/\/carpathiacenter.ro\/wp-content\/uploads\/2024\/11\/Tren-produs-de-Pesa.webp\",\"articleSection\":[\"Uncategorized\"],\"inLanguage\":\"en-GB\",\"potentialAction\":[{\"@type\":\"CommentAction\",\"name\":\"Comment\",\"target\":[\"https:\/\/carpathiacenter.ro\/primul-tren-produs-de-pesa-va-sosi-in-romania-la-finele-semestrului-i-2025-si-va-intra-in-teste\/#respond\"]}]},{\"@type\":\"WebPage\",\"@id\":\"https:\/\/carpathiacenter.ro\/primul-tren-produs-de-pesa-va-sosi-in-romania-la-finele-semestrului-i-2025-si-va-intra-in-teste\/\",\"url\":\"https:\/\/carpathiacenter.ro\/primul-tren-produs-de-pesa-va-sosi-in-romania-la-finele-semestrului-i-2025-si-va-intra-in-teste\/\",\"name\":\"Primul tren produs de PESA va sosi \u00een Rom\u00e2nia la finele semestrului I 2025 \u015fi va intra \u00een teste - Carpathia Center Romania\",\"isPartOf\":{\"@id\":\"https:\/\/carpathiacenter.ro\/#website\"},\"primaryImageOfPage\":{\"@id\":\"https:\/\/carpathiacenter.ro\/primul-tren-produs-de-pesa-va-sosi-in-romania-la-finele-semestrului-i-2025-si-va-intra-in-teste\/#primaryimage\"},\"image\":{\"@id\":\"https:\/\/carpathiacenter.ro\/primul-tren-produs-de-pesa-va-sosi-in-romania-la-finele-semestrului-i-2025-si-va-intra-in-teste\/#primaryimage\"},\"thumbnailUrl\":\"https:\/\/carpathiacenter.ro\/wp-content\/uploads\/2024\/11\/Tren-produs-de-Pesa.webp\",\"datePublished\":\"2024-11-26T09:17:45+00:00\",\"breadcrumb\":{\"@id\":\"https:\/\/carpathiacenter.ro\/primul-tren-produs-de-pesa-va-sosi-in-romania-la-finele-semestrului-i-2025-si-va-intra-in-teste\/#breadcrumb\"},\"inLanguage\":\"en-GB\",\"potentialAction\":[{\"@type\":\"ReadAction\",\"target\":[\"https:\/\/carpathiacenter.ro\/primul-tren-produs-de-pesa-va-sosi-in-romania-la-finele-semestrului-i-2025-si-va-intra-in-teste\/\"]}]},{\"@type\":\"ImageObject\",\"inLanguage\":\"en-GB\",\"@id\":\"https:\/\/carpathiacenter.ro\/primul-tren-produs-de-pesa-va-sosi-in-romania-la-finele-semestrului-i-2025-si-va-intra-in-teste\/#primaryimage\",\"url\":\"https:\/\/carpathiacenter.ro\/wp-content\/uploads\/2024\/11\/Tren-produs-de-Pesa.webp\",\"contentUrl\":\"https:\/\/carpathiacenter.ro\/wp-content\/uploads\/2024\/11\/Tren-produs-de-Pesa.webp\",\"width\":800,\"height\":533},{\"@type\":\"BreadcrumbList\",\"@id\":\"https:\/\/carpathiacenter.ro\/primul-tren-produs-de-pesa-va-sosi-in-romania-la-finele-semestrului-i-2025-si-va-intra-in-teste\/#breadcrumb\",\"itemListElement\":[{\"@type\":\"ListItem\",\"position\":1,\"name\":\"Prima pagin\u0103\",\"item\":\"https:\/\/carpathiacenter.ro\/\"},{\"@type\":\"ListItem\",\"position\":2,\"name\":\"Primul tren produs de PESA va sosi \u00een Rom\u00e2nia la finele semestrului I 2025 \u015fi va intra \u00een teste\"}]},{\"@type\":\"WebSite\",\"@id\":\"https:\/\/carpathiacenter.ro\/#website\",\"url\":\"https:\/\/carpathiacenter.ro\/\",\"name\":\"Carpathia Center Romania\",\"description\":\"Impossible made possible!\",\"publisher\":{\"@id\":\"https:\/\/carpathiacenter.ro\/#organization\"},\"potentialAction\":[{\"@type\":\"SearchAction\",\"target\":{\"@type\":\"EntryPoint\",\"urlTemplate\":\"https:\/\/carpathiacenter.ro\/?s={search_term_string}\"},\"query-input\":{\"@type\":\"PropertyValueSpecification\",\"valueRequired\":true,\"valueName\":\"search_term_string\"}}],\"inLanguage\":\"en-GB\"},{\"@type\":\"Organization\",\"@id\":\"https:\/\/carpathiacenter.ro\/#organization\",\"name\":\"Carpathia Center Romania\",\"url\":\"https:\/\/carpathiacenter.ro\/\",\"logo\":{\"@type\":\"ImageObject\",\"inLanguage\":\"en-GB\",\"@id\":\"https:\/\/carpathiacenter.ro\/#\/schema\/logo\/image\/\",\"url\":\"https:\/\/carpathiacenter.ro\/wp-content\/uploads\/2024\/07\/logo-carpathia_bg_white-1024x941.png\",\"contentUrl\":\"https:\/\/carpathiacenter.ro\/wp-content\/uploads\/2024\/07\/logo-carpathia_bg_white-1024x941.png\",\"width\":1024,\"height\":941,\"caption\":\"Carpathia Center Romania\"},\"image\":{\"@id\":\"https:\/\/carpathiacenter.ro\/#\/schema\/logo\/image\/\"},\"sameAs\":[\"https:\/\/www.facebook.com\/fdpscarpathia\/\"]},{\"@type\":\"Person\",\"@id\":\"https:\/\/carpathiacenter.ro\/#\/schema\/person\/03d9f58202fee8379268f34afa195006\",\"name\":\"creativebitsolutions\",\"image\":{\"@type\":\"ImageObject\",\"inLanguage\":\"en-GB\",\"@id\":\"https:\/\/carpathiacenter.ro\/#\/schema\/person\/image\/\",\"url\":\"https:\/\/secure.gravatar.com\/avatar\/1b1a13e37f847c635dab78348f1dff2f07651ee2a3d77a5c355a4b8c75f9165a?s=96&d=mm&r=g\",\"contentUrl\":\"https:\/\/secure.gravatar.com\/avatar\/1b1a13e37f847c635dab78348f1dff2f07651ee2a3d77a5c355a4b8c75f9165a?s=96&d=mm&r=g\",\"caption\":\"creativebitsolutions\"},\"url\":\"https:\/\/carpathiacenter.ro\/en\/author\/creativebitsolutions\/\"}]}<\/script>\n<!-- \/ Yoast SEO plugin. -->","yoast_head_json":{"title":"Primul tren produs de PESA va sosi \u00een Rom\u00e2nia la finele semestrului I 2025 \u015fi va intra \u00een teste - Carpathia Center Romania","robots":{"index":"index","follow":"follow","max-snippet":"max-snippet:-1","max-image-preview":"max-image-preview:large","max-video-preview":"max-video-preview:-1"},"canonical":"https:\/\/carpathiacenter.ro\/en\/primul-tren-produs-de-pesa-va-sosi-in-romania-la-finele-semestrului-i-2025-si-va-intra-in-teste\/","og_locale":"en_GB","og_type":"article","og_title":"Primul tren produs de PESA va sosi \u00een Rom\u00e2nia la finele semestrului I 2025 \u015fi va intra \u00een teste - Carpathia Center Romania","og_description":"Primul tren nou produs de polonezii de la PESA, achizi\u0163ionat de Autoritatea pentru Reform\u0103 Feroviar\u0103 (ARF), este programat s\u0103 soseasc\u0103 \u00een Rom\u00e2nia la sf\u00e2r\u015fitul semestrului I al anului viitor, pentru a intra \u00een teste \u00een vederea autoriz\u0103rii de circula\u0163ie. Echipele de proiect RE-R1 (rame regionale electrice) \u015fi RE-IR2 (rame interregionale electrice) ale Autorit\u0103\u0163ii sunt \u00een...","og_url":"https:\/\/carpathiacenter.ro\/en\/primul-tren-produs-de-pesa-va-sosi-in-romania-la-finele-semestrului-i-2025-si-va-intra-in-teste\/","og_site_name":"Carpathia Center Romania","article_publisher":"https:\/\/www.facebook.com\/fdpscarpathia\/","article_published_time":"2024-11-26T09:17:45+00:00","og_image":[{"width":800,"height":533,"url":"https:\/\/carpathiacenter.ro\/wp-content\/uploads\/2024\/11\/Tren-produs-de-Pesa.webp","type":"image\/webp"}],"author":"creativebitsolutions","twitter_card":"summary_large_image","twitter_misc":{"Written by":"creativebitsolutions","Estimated reading time":"3 minutes"},"schema":{"@context":"https:\/\/schema.org","@graph":[{"@type":"Article","@id":"https:\/\/carpathiacenter.ro\/primul-tren-produs-de-pesa-va-sosi-in-romania-la-finele-semestrului-i-2025-si-va-intra-in-teste\/#article","isPartOf":{"@id":"https:\/\/carpathiacenter.ro\/primul-tren-produs-de-pesa-va-sosi-in-romania-la-finele-semestrului-i-2025-si-va-intra-in-teste\/"},"author":{"name":"creativebitsolutions","@id":"https:\/\/carpathiacenter.ro\/#\/schema\/person\/03d9f58202fee8379268f34afa195006"},"headline":"Primul tren produs de PESA va sosi \u00een Rom\u00e2nia la finele semestrului I 2025 \u015fi va intra \u00een teste","datePublished":"2024-11-26T09:17:45+00:00","mainEntityOfPage":{"@id":"https:\/\/carpathiacenter.ro\/primul-tren-produs-de-pesa-va-sosi-in-romania-la-finele-semestrului-i-2025-si-va-intra-in-teste\/"},"wordCount":572,"commentCount":0,"publisher":{"@id":"https:\/\/carpathiacenter.ro\/#organization"},"image":{"@id":"https:\/\/carpathiacenter.ro\/primul-tren-produs-de-pesa-va-sosi-in-romania-la-finele-semestrului-i-2025-si-va-intra-in-teste\/#primaryimage"},"thumbnailUrl":"https:\/\/carpathiacenter.ro\/wp-content\/uploads\/2024\/11\/Tren-produs-de-Pesa.webp","articleSection":["Uncategorized"],"inLanguage":"en-GB","potentialAction":[{"@type":"CommentAction","name":"Comment","target":["https:\/\/carpathiacenter.ro\/primul-tren-produs-de-pesa-va-sosi-in-romania-la-finele-semestrului-i-2025-si-va-intra-in-teste\/#respond"]}]},{"@type":"WebPage","@id":"https:\/\/carpathiacenter.ro\/primul-tren-produs-de-pesa-va-sosi-in-romania-la-finele-semestrului-i-2025-si-va-intra-in-teste\/","url":"https:\/\/carpathiacenter.ro\/primul-tren-produs-de-pesa-va-sosi-in-romania-la-finele-semestrului-i-2025-si-va-intra-in-teste\/","name":"Primul tren produs de PESA va sosi \u00een Rom\u00e2nia la finele semestrului I 2025 \u015fi va intra \u00een teste - Carpathia Center Romania","isPartOf":{"@id":"https:\/\/carpathiacenter.ro\/#website"},"primaryImageOfPage":{"@id":"https:\/\/carpathiacenter.ro\/primul-tren-produs-de-pesa-va-sosi-in-romania-la-finele-semestrului-i-2025-si-va-intra-in-teste\/#primaryimage"},"image":{"@id":"https:\/\/carpathiacenter.ro\/primul-tren-produs-de-pesa-va-sosi-in-romania-la-finele-semestrului-i-2025-si-va-intra-in-teste\/#primaryimage"},"thumbnailUrl":"https:\/\/carpathiacenter.ro\/wp-content\/uploads\/2024\/11\/Tren-produs-de-Pesa.webp","datePublished":"2024-11-26T09:17:45+00:00","breadcrumb":{"@id":"https:\/\/carpathiacenter.ro\/primul-tren-produs-de-pesa-va-sosi-in-romania-la-finele-semestrului-i-2025-si-va-intra-in-teste\/#breadcrumb"},"inLanguage":"en-GB","potentialAction":[{"@type":"ReadAction","target":["https:\/\/carpathiacenter.ro\/primul-tren-produs-de-pesa-va-sosi-in-romania-la-finele-semestrului-i-2025-si-va-intra-in-teste\/"]}]},{"@type":"ImageObject","inLanguage":"en-GB","@id":"https:\/\/carpathiacenter.ro\/primul-tren-produs-de-pesa-va-sosi-in-romania-la-finele-semestrului-i-2025-si-va-intra-in-teste\/#primaryimage","url":"https:\/\/carpathiacenter.ro\/wp-content\/uploads\/2024\/11\/Tren-produs-de-Pesa.webp","contentUrl":"https:\/\/carpathiacenter.ro\/wp-content\/uploads\/2024\/11\/Tren-produs-de-Pesa.webp","width":800,"height":533},{"@type":"BreadcrumbList","@id":"https:\/\/carpathiacenter.ro\/primul-tren-produs-de-pesa-va-sosi-in-romania-la-finele-semestrului-i-2025-si-va-intra-in-teste\/#breadcrumb","itemListElement":[{"@type":"ListItem","position":1,"name":"Prima pagin\u0103","item":"https:\/\/carpathiacenter.ro\/"},{"@type":"ListItem","position":2,"name":"Primul tren produs de PESA va sosi \u00een Rom\u00e2nia la finele semestrului I 2025 \u015fi va intra \u00een teste"}]},{"@type":"WebSite","@id":"https:\/\/carpathiacenter.ro\/#website","url":"https:\/\/carpathiacenter.ro\/","name":"Carpathia Center Romania","description":"Impossible made possible!","publisher":{"@id":"https:\/\/carpathiacenter.ro\/#organization"},"potentialAction":[{"@type":"SearchAction","target":{"@type":"EntryPoint","urlTemplate":"https:\/\/carpathiacenter.ro\/?s={search_term_string}"},"query-input":{"@type":"PropertyValueSpecification","valueRequired":true,"valueName":"search_term_string"}}],"inLanguage":"en-GB"},{"@type":"Organization","@id":"https:\/\/carpathiacenter.ro\/#organization","name":"Carpathia Center Romania","url":"https:\/\/carpathiacenter.ro\/","logo":{"@type":"ImageObject","inLanguage":"en-GB","@id":"https:\/\/carpathiacenter.ro\/#\/schema\/logo\/image\/","url":"https:\/\/carpathiacenter.ro\/wp-content\/uploads\/2024\/07\/logo-carpathia_bg_white-1024x941.png","contentUrl":"https:\/\/carpathiacenter.ro\/wp-content\/uploads\/2024\/07\/logo-carpathia_bg_white-1024x941.png","width":1024,"height":941,"caption":"Carpathia Center Romania"},"image":{"@id":"https:\/\/carpathiacenter.ro\/#\/schema\/logo\/image\/"},"sameAs":["https:\/\/www.facebook.com\/fdpscarpathia\/"]},{"@type":"Person","@id":"https:\/\/carpathiacenter.ro\/#\/schema\/person\/03d9f58202fee8379268f34afa195006","name":"creativebitsolutions","image":{"@type":"ImageObject","inLanguage":"en-GB","@id":"https:\/\/carpathiacenter.ro\/#\/schema\/person\/image\/","url":"https:\/\/secure.gravatar.com\/avatar\/1b1a13e37f847c635dab78348f1dff2f07651ee2a3d77a5c355a4b8c75f9165a?s=96&d=mm&r=g","contentUrl":"https:\/\/secure.gravatar.com\/avatar\/1b1a13e37f847c635dab78348f1dff2f07651ee2a3d77a5c355a4b8c75f9165a?s=96&d=mm&r=g","caption":"creativebitsolutions"},"url":"https:\/\/carpathiacenter.ro\/en\/author\/creativebitsolutions\/"}]}},"_links":{"self":[{"href":"https:\/\/carpathiacenter.ro\/en\/wp-json\/wp\/v2\/posts\/1589","targetHints":{"allow":["GET"]}}],"collection":[{"href":"https:\/\/carpathiacenter.ro\/en\/wp-json\/wp\/v2\/posts"}],"about":[{"href":"https:\/\/carpathiacenter.ro\/en\/wp-json\/wp\/v2\/types\/post"}],"author":[{"embeddable":true,"href":"https:\/\/carpathiacenter.ro\/en\/wp-json\/wp\/v2\/users\/4"}],"replies":[{"embeddable":true,"href":"https:\/\/carpathiacenter.ro\/en\/wp-json\/wp\/v2\/comments?post=1589"}],"version-history":[{"count":1,"href":"https:\/\/carpathiacenter.ro\/en\/wp-json\/wp\/v2\/posts\/1589\/revisions"}],"predecessor-version":[{"id":1591,"href":"https:\/\/carpathiacenter.ro\/en\/wp-json\/wp\/v2\/posts\/1589\/revisions\/1591"}],"wp:featuredmedia":[{"embeddable":true,"href":"https:\/\/carpathiacenter.ro\/en\/wp-json\/wp\/v2\/media\/1590"}],"wp:attachment":[{"href":"https:\/\/carpathiacenter.ro\/en\/wp-json\/wp\/v2\/media?parent=1589"}],"wp:term":[{"taxonomy":"category","embeddable":true,"href":"https:\/\/carpathiacenter.ro\/en\/wp-json\/wp\/v2\/categories?post=1589"},{"taxonomy":"post_tag","embeddable":true,"href":"https:\/\/carpathiacenter.ro\/en\/wp-json\/wp\/v2\/tags?post=1589"}],"curies":[{"name":"wp","href":"https:\/\/api.w.org\/{rel}","templated":true}]}}