{"id":1583,"date":"2024-11-25T15:56:50","date_gmt":"2024-11-25T15:56:50","guid":{"rendered":"https:\/\/carpathiacenter.ro\/?p=1583"},"modified":"2024-11-25T15:56:50","modified_gmt":"2024-11-25T15:56:50","slug":"sesiunea-plenara-a-pe-din-25-28-noiembrie-2024-pe-agenda-votul-asupra-noii-comisii-europene-si-schengen","status":"publish","type":"post","link":"https:\/\/carpathiacenter.ro\/en\/sesiunea-plenara-a-pe-din-25-28-noiembrie-2024-pe-agenda-votul-asupra-noii-comisii-europene-si-schengen\/","title":{"rendered":"Sesiunea plenar\u0103 a PE din 25-28 noiembrie 2024; pe agend\u0103: votul asupra noii Comisii Europene \u015fi Schengen"},"content":{"rendered":"<div class=\"td_block_wrap tdb_single_content tdi_303 td-pb-border-top td_block_template_1 td-post-content tagdiv-type\" data-td-block-uid=\"tdi_303\">\n<style>.tdi_303{margin-top:0px!important}<\/style>\n<style>.tdb_single_content{margin-bottom:0;*zoom:1}.tdb_single_content:before,.tdb_single_content:after{display:table;content:'';line-height:0}.tdb_single_content:after{clear:both}.tdb_single_content .tdb-block-inner>*:not(.wp-block-quote):not(.alignwide):not(.alignfull.wp-block-cover.has-parallax):not(.td-a-ad){margin-left:auto;margin-right:auto}.tdb_single_content a{pointer-events:auto}.tdb_single_content .td-spot-id-top_ad .tdc-placeholder-title:before{content:'Article Top Ad'!important}.tdb_single_content .td-spot-id-inline_ad0 .tdc-placeholder-title:before{content:'Article Inline Ad 1'!important}.tdb_single_content .td-spot-id-inline_ad1 .tdc-placeholder-title:before{content:'Article Inline Ad 2'!important}.tdb_single_content .td-spot-id-inline_ad2 .tdc-placeholder-title:before{content:'Article Inline Ad 3'!important}.tdb_single_content .td-spot-id-bottom_ad .tdc-placeholder-title:before{content:'Article Bottom Ad'!important}.tdb_single_content .id_top_ad,.tdb_single_content .id_bottom_ad{clear:both;margin-bottom:21px;text-align:center}.tdb_single_content .id_top_ad img,.tdb_single_content .id_bottom_ad img{margin-bottom:0}.tdb_single_content .id_top_ad .adsbygoogle,.tdb_single_content .id_bottom_ad .adsbygoogle{position:relative}.tdb_single_content .id_ad_content-horiz-left,.tdb_single_content .id_ad_content-horiz-right,.tdb_single_content .id_ad_content-horiz-center{margin-bottom:15px}.tdb_single_content .id_ad_content-horiz-left img,.tdb_single_content .id_ad_content-horiz-right img,.tdb_single_content .id_ad_content-horiz-center img{margin-bottom:0}.tdb_single_content .id_ad_content-horiz-center{text-align:center}.tdb_single_content .id_ad_content-horiz-center img{margin-right:auto;margin-left:auto}.tdb_single_content .id_ad_content-horiz-left{float:left;margin-top:9px;margin-right:21px}.tdb_single_content .id_ad_content-horiz-right{float:right;margin-top:6px;margin-left:21px}.tdb_single_content .tdc-a-ad .tdc-placeholder-title{width:300px;height:250px}.tdb_single_content .tdc-a-ad .tdc-placeholder-title:before{position:absolute;top:50%;-webkit-transform:translateY(-50%);transform:translateY(-50%);margin:auto;display:table;width:100%}.tdb_single_content .tdb-block-inner.td-fix-index{word-break:break-word}.tdi_303,.tdi_303>p,.tdi_303 .tdb-block-inner>p{font-family:var(--global-font-2)!important;font-size:18px!important;line-height:1.6!important;font-weight:400!important}.tdi_303 h1{font-family:var(--global-font-1)!important;font-size:42px!important;font-weight:800!important}.tdi_303 h2{font-family:var(--global-font-1)!important;font-size:36px!important;font-weight:800!important}.tdi_303 h3:not(.tds-locker-title){font-family:var(--global-font-1)!important;font-size:30px!important;font-weight:800!important}.tdi_303 h4{font-family:var(--global-font-1)!important;font-size:26px!important;font-weight:800!important}.tdi_303 h5{font-family:var(--global-font-1)!important;font-size:22px!important;font-weight:800!important}.tdi_303 h6{font-family:var(--global-font-1)!important;font-size:20px!important;font-weight:800!important}.tdi_303 li{font-family:var(--global-font-2)!important;font-size:18px!important;font-weight:400!important}.tdi_303 li:before{margin-top:1px;line-height:18px!important}.tdi_303 .tdb-block-inner blockquote p{font-family:var(--global-font-3)!important;font-weight:700!important;text-transform:none!important;color:var(--accent-color-1)}.tdi_303 .wp-caption-text,.tdi_303 figcaption{font-family:var(--global-font-3)!important;color:#999999}.tdi_303,.tdi_303 p{color:var(--base-color-1)}.tdi_303 h1,.tdi_303 h2,.tdi_303 h3:not(.tds-locker-title),.tdi_303 h4,.tdi_303 h5,.tdi_303 h6{color:var(--base-color-1)}.tdi_303 a:not(.wp-block-button__link){color:var(--accent-color-1)}.tdi_303 a:not(.wp-block-button__link):hover{color:var(--accent-color-2)}.tdi_303 .page-nav a,.tdi_303 .page-nav span,.tdi_303 .page-nav>div{font-family:var(--global-font-3)!important}@media (max-width:767px){.tdb_single_content .id_ad_content-horiz-left,.tdb_single_content .id_ad_content-horiz-right,.tdb_single_content .id_ad_content-horiz-center{margin:0 auto 26px auto}}@media (max-width:767px){.tdb_single_content .id_ad_content-horiz-left{margin-right:0}}@media (max-width:767px){.tdb_single_content .id_ad_content-horiz-right{margin-left:0}}@media (max-width:767px){.tdb_single_content .td-a-ad{float:none;text-align:center}.tdb_single_content .td-a-ad img{margin-right:auto;margin-left:auto}.tdb_single_content .tdc-a-ad{float:none}}@media (min-width:1019px) and (max-width:1140px){.tdi_303,.tdi_303>p,.tdi_303 .tdb-block-inner>p{font-size:16px!important}.tdi_303 h1{font-size:40px!important}.tdi_303 h2{font-size:32px!important}.tdi_303 h3:not(.tds-locker-title){font-size:28px!important}.tdi_303 h4{font-size:24px!important}.tdi_303 h5{font-size:20px!important}.tdi_303 h6{font-size:18px!important}.tdi_303 li{font-size:16px!important}.tdi_303 li:before{margin-top:1px;line-height:16px!important}}@media (min-width:768px) and (max-width:1018px){.tdi_303,.tdi_303>p,.tdi_303 .tdb-block-inner>p{font-size:15px!important}.tdi_303 h1{font-size:32px!important}.tdi_303 h2{font-size:30px!important}.tdi_303 h3:not(.tds-locker-title){font-size:26px!important;line-height:1.2!important}.tdi_303 h4{font-size:22px!important}.tdi_303 h5{font-size:18px!important}.tdi_303 h6{font-size:17px!important}.tdi_303 li{font-size:15px!important}.tdi_303 li:before{margin-top:1px;line-height:15px!important}}@media (max-width:767px){.tdi_303 img.aligncenter,.tdi_303 .aligncenter img{margin-left:-20px;width:calc(100% + (2 * 20px));max-width:none!important}}<\/style>\n<div class=\"tdb-block-inner td-fix-index\">\n<p>Parlamentul European (PE) se reune\u015fte \u00een sesiune plenar\u0103, \u00een intervalul 25-28 noiembrie, principalele subiecte de pe ordinea de zi fiind votul asupra noii Comisii Europene 2024-2029 (27 noiembrie) \u015fi acceptarea Rom\u00e2niei \u015fi Bulgariei ca membri cu drepturi depline ai spa\u0163iului Schengen. De asemenea, vor avea loc dezbateri \u015fi vot privind bugetul Uniunii pentru 2025, suportul oferit Ucrainei \u015fi cooperarea militar\u0103 a Rusiei cu Coreea de Nord, escaladarea violen\u0163elor \u015fi criza umanitar\u0103 din Orientul Mijlociu, rezultatele privind discu\u0163iile COP29 etc, informeaz\u0103 site-ul PE, <a href=\"https:\/\/www.europarl.europa.eu\/portal\/en\" target=\"_blank\" rel=\"noreferrer noopener\">https:\/\/www.europarl.europa.eu\/<\/a>.<\/p>\n<p>Mar\u0163i, 26 noiembrie, \u00een cadrul unei dezbateri cu Comisia European\u0103, deputa\u0163ii sunt a\u015ftepta\u0163i s\u0103 solicite Consiliului finalizarea rapid\u0103 a procesului de aderare complet\u0103 a Rom\u00e2niei \u015fi Bulgariei la zona de liber\u0103 circula\u0163ie Schengen. Controalele la frontierele maritime \u015fi aeriene dintre cele dou\u0103 \u0163\u0103ri \u015fi celelalte state membre Schengen au fost eliminate \u00een martie 2024, \u00eens\u0103 verific\u0103rile la frontierele terestre continu\u0103 s\u0103 fie aplicate. Austria \u015fi-a ar\u0103tat recent disponibilitatea de a ridica dreptul de veto \u00een privin\u0163a ader\u0103rii complete a Rom\u00e2niei \u015fi Bulgariei \u00een spa\u0163iul de liber\u0103 circula\u0163ie Schengen. Premierul ungar Viktor Orban, a c\u0103rui \u0163ar\u0103 de\u0163ine pre\u015fedin\u0163ia semestrial\u0103 a Consiliului UE, a anun\u0163at la r\u00e2ndul s\u0103u c\u0103 mini\u015ftrii de interne din Uniunea European\u0103 vor vota pe 12 decembrie cu privire la propunerea Ungariei de a permite Rom\u00e2niei \u015fi Bulgariei s\u0103 adere \u015fi cu frontierele terestre la spa\u0163iul Schengen.<\/p>\n<p>Prezentarea Comisiei precum \u015fi votul asupra componen\u0163ei va avea loc miercuri, 27 noiembrie. Audierile comisarilor au avut loc \u00eentre 4 \u015fi 12 noiembrie, fiecare candidat fiind evaluat de una sau mai multe comisii parlamentare, \u00een func\u0163ie de portofoliul propus. Comisarii desemna\u0163i supu\u015fi evalu\u0103rii \u00een PE au fost:<\/p>\n<p>* Austria \u2013 Afaceri interne \u015fi migra\u0163ie, Magnus Brunner;<br \/>\n* Belgia \u2013 Preg\u0103tire \u015fi gestionarea situa\u0163iilor de criz\u0103\/Egalitate, Hadja Lahbib;<br \/>\n* Bulgaria \u2013 Start-upuri, cercetare \u015fi inovare, Ekaterina Zaharieva;<br \/>\n* Cehia -Parteneriate interna\u0163ionale, Jozef Sikela;<br \/>\n* Cipru \u2013 Pescuit \u015fi oceane, Costas Kadis;<br \/>\n* Croa\u0163ia \u2013 Mediterana, Dubravka Suica;<br \/>\n* Danemarca \u2013 Energie \u015fi locuin\u0163e, Dan Jorgensen;<br \/>\n* Estonia \u2013 Politic\u0103 extern\u0103 \u015fi de securitate, \u00cenalt\u0103 Reprezentant\u0103, vicepre\u015fedint\u0103, Kaja Kallas;<br \/>\n* Finlanda \u2013 Suveranitate tehnologic\u0103, securitate \u015fi democra\u0163ie, vicepre\u015fedint\u0103 executiv\u0103, Henna Virkkunen;<br \/>\n* Fran\u0163a \u2013 Prosperitate \u015fi strategia industrial\u0103, vicepre\u015fedinte executiv, St\u00e9phane Sejourne;<br \/>\n* Germania \u2013 pre\u015fedinta realeas\u0103 a Comisiei Europene, Ursula von der Leyen;<br \/>\n* Grecia \u2013 Transport sustenabil \u015fi turism, Apostolos Tzitzikostas;<br \/>\n* Italia \u2013 Coeziune \u015fi reforme, vicepre\u015fedinte executiv, Raffaele Fitto;<br \/>\n* Irlanda \u2013 Democra\u0163ie, justi\u0163ie \u015fi statul de drept, Michael McGrath;<br \/>\n* Letonia \u2013 Economie \u015fi productivitate\/Punere \u00een aplicare \u015fi simplificare, Valdis Dombrovskis;<br \/>\n* Lituania \u2013 Ap\u0103rare \u015fi spa\u0163iu, Andrius Kubilius;<br \/>\n* Luxemburg \u2013 Agricultur\u0103 \u015fi sectorul alimentar, Christophe Hansen;<br \/>\n* Malta \u2013 Echitate \u00eentre genera\u0163ii, tineret, cultur\u0103 \u015fi sport, Glenn Micallef;<br \/>\n* Polonia \u2013 Buget, lupt\u0103 antifraud\u0103 \u015fi administra\u0163ie public\u0103, Piotr Serafin;<br \/>\n* Portugalia \u2013 Servicii financiare \u015fi Uniunea economiilor \u015fi a investi\u0163iilor, Maria Luis Albuquerque;<br \/>\n* Rom\u00e2nia \u2013 Oameni, competen\u0163e \u015fi preg\u0103tire, vicepre\u015fedint\u0103 executiv\u0103, Roxana M\u00e2nzatu;<br \/>\n* Olanda \u2013 Clim\u0103, zero emisii nete \u015fi cre\u015ftere curat\u0103, Wopke Hoekstra;<br \/>\n* Slovacia \u2013 Comer\u0163 \u015fi securitate economic\u0103\/Rela\u0163ii interinstitu\u0163ionale \u015fi transparen\u0163\u0103, Maros Sefcovic;<br \/>\n* Slovenia \u2013 Extindere, Marta Kos;<br \/>\n* Spania \u2013 Tranzi\u0163ie curat\u0103, just\u0103 \u015fi competitiv\u0103, vicepre\u015fedint\u0103 executiv\u0103, Teresa Ribera;<br \/>\n* Suedia \u2013 Mediu, rezilien\u0163\u0103 \u00een domeniul apei \u015fi o economie circular\u0103 competitiv\u0103, Jessika Roswall;<br \/>\n* Ungaria \u2013 S\u0103n\u0103tate \u015fi bun\u0103starea animalelor, Oliver Varhelyi (surse: https:\/\/elections.europa.eu\/; https:\/\/www.europarl.europa.eu\/)<\/p>\n<p>Dezbaterile \u015fi votul cu privire la bugetul Uniunii pentru anul 2025 vor avea loc \u00een zilele de 26 (dezbateri) \u015fi 27 noiembrie (vot). Votul asupra bugetului pe 2025 are loc \u00een contextul \u00een care la 6 noiembrie, negociatorii Parlamentului \u015fi ai Consiliului au ajuns la un acord provizoriu. Deputa\u0163ii europeni s-au asigurat c\u0103 finan\u0163area costurilor de rambursare EURI, care sunt de dou\u0103 ori mai mare dec\u00e2t suma estimat\u0103 ini\u0163ial pentru 2025, ar putea fi realizat\u0103, protej\u00e2nd \u00een acela\u015fi timp finan\u0163area pentru programele esen\u0163iale, cum ar fi Erasmus+ sau R&amp;D. Deputa\u0163ii au anulat toate reducerile f\u0103cute de statele membre \u015fi au insistat cu succes asupra utiliz\u0103rii corespunz\u0103toare a noului \u201cmecanism \u00een cascad\u0103 EURI\u201d introdus \u00een revizuirea bugetului pe termen lung al UE. Acest mecanism este conceput pentru a gestiona cre\u015fterea costurilor de \u00eemprumut din Next Generation UE f\u0103r\u0103 a afecta ini\u0163iativele cheie, men\u0163in\u00e2nd flexibilitatea bugetului \u015fi capacitatea de r\u0103spuns. De asemenea, Parlamentul a negociat cu succes o finan\u0163are suplimentar\u0103 de 230,7 milioane de euro dincolo de proiectul ini\u0163ial de propunere a Comisiei, concentr\u00e2ndu-se pe programe \u015fi politici care vizeaz\u0103 \u00eembun\u0103t\u0103\u0163irea vie\u0163ii oamenilor, cre\u015fterea competitivit\u0103\u0163ii \u015fi abordarea provoc\u0103rilor actuale. \u00cen plus, cre\u015fterile majore rezultate din economiile anterioare vor beneficia de bugetul 2025, inclusiv 62 de milioane de euro pentru Erasmus+ \u015fi 20 de milioane de euro pentru Orizont Europa, scrie <a href=\"https:\/\/www.europarl.europa.eu\/portal\/en\" target=\"_blank\" rel=\"noreferrer noopener\">https:\/\/www.europarl.europa.eu\/<\/a>.<\/p>\n<p>Rezultatele COP 29 \u015fi provoc\u0103rile pentru politica interna\u0163ional\u0103 \u00een domeniul climei vor fi \u00een aten\u0163ia PE la 28 noiembrie. O delega\u0163ie oficial\u0103 condus\u0103 de pre\u015fedintele Lidia Pereira (PPE, PT) \u015fi de vicepre\u015fedintele Mohammed Chahim (S&amp;D, NL) s-au aflat la Baku, Azerbaidjan, \u00een perioada 18-22 noiembrie, pentru a participa la Conferin\u0163a ONU COP29 privind schimb\u0103rile climatice. Parlamentul European \u015fi-a adoptat, \u00een context, cererile \u00eenaintea discu\u0163iilor globale privind clima din acest an, la 14 noiembrie 2024. \u201cPentru a face progrese tangibile \u00een ceea ce prive\u015fte ac\u0163iunea global\u0103 privind schimb\u0103rile climatice, avem nevoie de un efort colectiv real \u015fi de mai multe ac\u0163iuni din partea tuturor \u0163\u0103rilor. Situa\u0163ia s-a schimbat din anii 1990 \u2013 \u00een timp ce UE \u015fi-a redus cu peste jum\u0103tate cota de emisii globale la 6% \u00een 2023, emisiile din marile economii emergente continu\u0103 s\u0103 creasc\u0103, iar o \u0163ar\u0103 precum China are acum emisii istorice la egalitate cu UE.\u201d, a punctat Lidia Pereira \u00een context.<\/p>\n<p>\u00cen 28 noiembrie, PE va lua \u00een discu\u0163ie o propunere de rezolu\u0163ie privind \u00eent\u0103rirea sprijinului ferm al UE pentru Ucraina \u00eempotriva r\u0103zboiului de agresiune al Rusiei \u015fi intensificarea cooper\u0103rii militare dintre Coreea de Nord \u015fi Rusia. La 22 octombrie 2024, deputa\u0163ii au votat un \u00eemprumut extraordinar de 35 de miliarde de euro pentru Ucraina, ce va fi rambursat din viitoarele venituri provenite din activele ruse\u015fti \u00eenghe\u0163ate. Acest \u00eemprumut constituie contribu\u0163ia UE ca parte a pachetului G7 convenit \u00een luna iunie, menit s\u0103 furnizeze Ucrainei sprijin financiar de p\u00e2n\u0103 la 50 de miliarde de dolari (aproximativ 45 de miliarde de euro). Suma final\u0103 a contribu\u0163iei UE ar putea fi mai mic\u0103, \u00een func\u0163ie de volumul \u00eemprumuturilor acordate de alte state membre din G7. Fondurile acordate prin acest mecanism vor trebui pl\u0103tite p\u00e2n\u0103 la sf\u00e2r\u015fitul anului 2025. Acordarea \u00eemprumutului este condi\u0163ionat\u0103 de angajamentul Ucrainei de a men\u0163ine mecanisme democratice func\u0163ionale, de a respecta drepturile omului \u015fi alte condi\u0163ii politice, care vor fi specificate \u00eentr-un memorandum de \u00een\u0163elegere.<\/p>\n<p>Cu privire la Orientul Mijlociu, la 26 noiembrie, deputa\u0163ii europeni \u015fi Comisia vor discuta despre criza umanitar\u0103 din Gaza \u015fi Cisiordania, rolul esen\u0163ial al UNRWA \u015fi necesitatea eliber\u0103rii tuturor ostaticilor.<\/p>\n<p>***<br \/>\nParlamentul European se reune\u015fte \u00een plen \u00een fiecare lun\u0103 (\u00een afar\u0103 de luna august), la Strasbourg, \u00een cursul unei perioade de sesiune, de obicei de patru zile (de luni p\u00e2n\u0103 joi). La Bruxelles pot avea loc perioade suplimentare de sesiuni.<\/p>\n<p>Activitatea din \u015fedin\u0163ele plenare este consacrat\u0103 \u00een special dezbaterilor \u015fi votului. \u00cen cadrul dezbaterilor, europarlamentarii pot adresa \u00eentreb\u0103ri Consiliului sau Comisiei. Votul \u00een parlament se refer\u0103, \u00een general, la rapoartele legislative (texte examinate de PE \u00een cadrul diferitelor proceduri legislative comunitare: codecizia, avizul conform \u015fi consultarea) sau la rezolu\u0163ii, scrie <a href=\"https:\/\/eur-lex.europa.eu\/\" target=\"_blank\" rel=\"noreferrer noopener\">https:\/\/eur-lex.europa.eu<\/a>.<\/p>\n<p>Eurodeputa\u0163ii \u00eentocmesc, \u00een cadrul unei comisii parlamentare, un raport privind o propunere de \u201ctext legislativ\u201d prezentat\u0103 de Comisia European\u0103, singura institu\u0163ie care are drept de ini\u0163iativ\u0103 legislativ\u0103. Comisia parlamentar\u0103 voteaz\u0103 acel raport \u015fi poate s\u0103 \u00eel modifice. Practic, \u00een cadrul \u015fedin\u0163ei plenare, Parlamentul \u00ee\u015fi exprim\u0103 pozi\u0163ia prin revizuirea \u015fi adoptarea \u00een \u015fedin\u0163\u0103 plenar\u0103 a textului legislativ propus de comisia parlamentar\u0103. Acest proces se repet\u0103 o dat\u0103 sau de mai multe ori, \u00een func\u0163ie de tipul de procedur\u0103 \u015fi de ajungerea sau nu la un acord cu Consiliul, conform <a href=\"https:\/\/www.europarl.europa.eu\/portal\/en\" target=\"_blank\" rel=\"noreferrer noopener\">http:\/\/www.europarl.europa.eu<\/a>.<\/p>\n<p>Comisiile parlamentare pot \u00eentocmi \u015fi ele rapoarte asupra unui subiect care intr\u0103 \u00een competen\u0163a lor \u015fi pot prezenta Parlamentului o propunere de rezolu\u0163ie \u00een domeniu. \u00cenainte de prezentarea oric\u0103rei propuneri de rezolu\u0163ie, acestea trebuie s\u0103 ob\u0163in\u0103 aprobarea Conferin\u0163ei pre\u015fedin\u0163ilor, organism al PE care se ocup\u0103 de organizarea activit\u0103\u0163ii Parlamentului. AGERPRES\/(Documentare \u2013 Ionela Gavril, editor: Roxana Losneanu,editor online: Adrian D\u00e3d\u00e2rlat)<\/p>\n<p>Sursa:https:\/\/www.agerpres.ro\/documentare\/2024\/11\/25\/sesiunea-plenara-a-pe-din-25-28-noiembrie-2024-pe-agenda-votul-asupra-noii-comisii-europene-si-schengen\u20131392675<\/p>\n<p>\u2013<\/p>\n<\/div>\n<\/div>","protected":false},"excerpt":{"rendered":"<p>Parlamentul European (PE) se reune\u015fte \u00een sesiune plenar\u0103, \u00een intervalul 25-28 noiembrie, principalele subiecte de pe ordinea de zi fiind votul asupra noii Comisii Europene 2024-2029 (27 noiembrie) \u015fi acceptarea Rom\u00e2niei \u015fi Bulgariei ca membri cu drepturi depline ai spa\u0163iului Schengen. De asemenea, vor avea loc dezbateri \u015fi vot privind bugetul Uniunii pentru 2025, suportul&#8230;<\/p>","protected":false},"author":4,"featured_media":1585,"comment_status":"open","ping_status":"open","sticky":false,"template":"","format":"standard","meta":{"footnotes":""},"categories":[1],"tags":[],"class_list":["post-1583","post","type-post","status-publish","format-standard","has-post-thumbnail","hentry","category-uncategorized"],"yoast_head":"<!-- This site is optimized with the Yoast SEO plugin v26.1.1 - https:\/\/yoast.com\/wordpress\/plugins\/seo\/ -->\n<title>Sesiunea plenar\u0103 a PE din 25-28 noiembrie 2024; pe agend\u0103: votul asupra noii Comisii Europene \u015fi Schengen - Carpathia Center Romania<\/title>\n<meta name=\"robots\" content=\"index, follow, max-snippet:-1, max-image-preview:large, max-video-preview:-1\" \/>\n<link rel=\"canonical\" href=\"https:\/\/carpathiacenter.ro\/en\/sesiunea-plenara-a-pe-din-25-28-noiembrie-2024-pe-agenda-votul-asupra-noii-comisii-europene-si-schengen\/\" \/>\n<meta property=\"og:locale\" content=\"en_GB\" \/>\n<meta property=\"og:type\" content=\"article\" \/>\n<meta property=\"og:title\" content=\"Sesiunea plenar\u0103 a PE din 25-28 noiembrie 2024; pe agend\u0103: votul asupra noii Comisii Europene \u015fi Schengen - Carpathia Center Romania\" \/>\n<meta property=\"og:description\" content=\"Parlamentul European (PE) se reune\u015fte \u00een sesiune plenar\u0103, \u00een intervalul 25-28 noiembrie, principalele subiecte de pe ordinea de zi fiind votul asupra noii Comisii Europene 2024-2029 (27 noiembrie) \u015fi acceptarea Rom\u00e2niei \u015fi Bulgariei ca membri cu drepturi depline ai spa\u0163iului Schengen. De asemenea, vor avea loc dezbateri \u015fi vot privind bugetul Uniunii pentru 2025, suportul...\" \/>\n<meta property=\"og:url\" content=\"https:\/\/carpathiacenter.ro\/en\/sesiunea-plenara-a-pe-din-25-28-noiembrie-2024-pe-agenda-votul-asupra-noii-comisii-europene-si-schengen\/\" \/>\n<meta property=\"og:site_name\" content=\"Carpathia Center Romania\" \/>\n<meta property=\"article:publisher\" content=\"https:\/\/www.facebook.com\/fdpscarpathia\/\" \/>\n<meta property=\"article:published_time\" content=\"2024-11-25T15:56:50+00:00\" \/>\n<meta property=\"og:image\" content=\"https:\/\/carpathiacenter.ro\/wp-content\/uploads\/2024\/11\/parlamentul-european-sesiune-plenara-25-28-noiembrie.jpeg\" \/>\n\t<meta property=\"og:image:width\" content=\"1023\" \/>\n\t<meta property=\"og:image:height\" content=\"683\" \/>\n\t<meta property=\"og:image:type\" content=\"image\/jpeg\" \/>\n<meta name=\"author\" content=\"creativebitsolutions\" \/>\n<meta name=\"twitter:card\" content=\"summary_large_image\" \/>\n<meta name=\"twitter:label1\" content=\"Written by\" \/>\n\t<meta name=\"twitter:data1\" content=\"creativebitsolutions\" \/>\n\t<meta name=\"twitter:label2\" content=\"Estimated reading time\" \/>\n\t<meta name=\"twitter:data2\" content=\"7 minutes\" \/>\n<script type=\"application\/ld+json\" class=\"yoast-schema-graph\">{\"@context\":\"https:\/\/schema.org\",\"@graph\":[{\"@type\":\"Article\",\"@id\":\"https:\/\/carpathiacenter.ro\/sesiunea-plenara-a-pe-din-25-28-noiembrie-2024-pe-agenda-votul-asupra-noii-comisii-europene-si-schengen\/#article\",\"isPartOf\":{\"@id\":\"https:\/\/carpathiacenter.ro\/sesiunea-plenara-a-pe-din-25-28-noiembrie-2024-pe-agenda-votul-asupra-noii-comisii-europene-si-schengen\/\"},\"author\":{\"name\":\"creativebitsolutions\",\"@id\":\"https:\/\/carpathiacenter.ro\/#\/schema\/person\/03d9f58202fee8379268f34afa195006\"},\"headline\":\"Sesiunea plenar\u0103 a PE din 25-28 noiembrie 2024; pe agend\u0103: votul asupra noii Comisii Europene \u015fi Schengen\",\"datePublished\":\"2024-11-25T15:56:50+00:00\",\"mainEntityOfPage\":{\"@id\":\"https:\/\/carpathiacenter.ro\/sesiunea-plenara-a-pe-din-25-28-noiembrie-2024-pe-agenda-votul-asupra-noii-comisii-europene-si-schengen\/\"},\"wordCount\":1482,\"commentCount\":0,\"publisher\":{\"@id\":\"https:\/\/carpathiacenter.ro\/#organization\"},\"image\":{\"@id\":\"https:\/\/carpathiacenter.ro\/sesiunea-plenara-a-pe-din-25-28-noiembrie-2024-pe-agenda-votul-asupra-noii-comisii-europene-si-schengen\/#primaryimage\"},\"thumbnailUrl\":\"https:\/\/carpathiacenter.ro\/wp-content\/uploads\/2024\/11\/parlamentul-european-sesiune-plenara-25-28-noiembrie.jpeg\",\"articleSection\":[\"Uncategorized\"],\"inLanguage\":\"en-GB\",\"potentialAction\":[{\"@type\":\"CommentAction\",\"name\":\"Comment\",\"target\":[\"https:\/\/carpathiacenter.ro\/sesiunea-plenara-a-pe-din-25-28-noiembrie-2024-pe-agenda-votul-asupra-noii-comisii-europene-si-schengen\/#respond\"]}]},{\"@type\":\"WebPage\",\"@id\":\"https:\/\/carpathiacenter.ro\/sesiunea-plenara-a-pe-din-25-28-noiembrie-2024-pe-agenda-votul-asupra-noii-comisii-europene-si-schengen\/\",\"url\":\"https:\/\/carpathiacenter.ro\/sesiunea-plenara-a-pe-din-25-28-noiembrie-2024-pe-agenda-votul-asupra-noii-comisii-europene-si-schengen\/\",\"name\":\"Sesiunea plenar\u0103 a PE din 25-28 noiembrie 2024; pe agend\u0103: votul asupra noii Comisii Europene \u015fi Schengen - Carpathia Center Romania\",\"isPartOf\":{\"@id\":\"https:\/\/carpathiacenter.ro\/#website\"},\"primaryImageOfPage\":{\"@id\":\"https:\/\/carpathiacenter.ro\/sesiunea-plenara-a-pe-din-25-28-noiembrie-2024-pe-agenda-votul-asupra-noii-comisii-europene-si-schengen\/#primaryimage\"},\"image\":{\"@id\":\"https:\/\/carpathiacenter.ro\/sesiunea-plenara-a-pe-din-25-28-noiembrie-2024-pe-agenda-votul-asupra-noii-comisii-europene-si-schengen\/#primaryimage\"},\"thumbnailUrl\":\"https:\/\/carpathiacenter.ro\/wp-content\/uploads\/2024\/11\/parlamentul-european-sesiune-plenara-25-28-noiembrie.jpeg\",\"datePublished\":\"2024-11-25T15:56:50+00:00\",\"breadcrumb\":{\"@id\":\"https:\/\/carpathiacenter.ro\/sesiunea-plenara-a-pe-din-25-28-noiembrie-2024-pe-agenda-votul-asupra-noii-comisii-europene-si-schengen\/#breadcrumb\"},\"inLanguage\":\"en-GB\",\"potentialAction\":[{\"@type\":\"ReadAction\",\"target\":[\"https:\/\/carpathiacenter.ro\/sesiunea-plenara-a-pe-din-25-28-noiembrie-2024-pe-agenda-votul-asupra-noii-comisii-europene-si-schengen\/\"]}]},{\"@type\":\"ImageObject\",\"inLanguage\":\"en-GB\",\"@id\":\"https:\/\/carpathiacenter.ro\/sesiunea-plenara-a-pe-din-25-28-noiembrie-2024-pe-agenda-votul-asupra-noii-comisii-europene-si-schengen\/#primaryimage\",\"url\":\"https:\/\/carpathiacenter.ro\/wp-content\/uploads\/2024\/11\/parlamentul-european-sesiune-plenara-25-28-noiembrie.jpeg\",\"contentUrl\":\"https:\/\/carpathiacenter.ro\/wp-content\/uploads\/2024\/11\/parlamentul-european-sesiune-plenara-25-28-noiembrie.jpeg\",\"width\":1023,\"height\":683},{\"@type\":\"BreadcrumbList\",\"@id\":\"https:\/\/carpathiacenter.ro\/sesiunea-plenara-a-pe-din-25-28-noiembrie-2024-pe-agenda-votul-asupra-noii-comisii-europene-si-schengen\/#breadcrumb\",\"itemListElement\":[{\"@type\":\"ListItem\",\"position\":1,\"name\":\"Prima pagin\u0103\",\"item\":\"https:\/\/carpathiacenter.ro\/\"},{\"@type\":\"ListItem\",\"position\":2,\"name\":\"Sesiunea plenar\u0103 a PE din 25-28 noiembrie 2024; pe agend\u0103: votul asupra noii Comisii Europene \u015fi Schengen\"}]},{\"@type\":\"WebSite\",\"@id\":\"https:\/\/carpathiacenter.ro\/#website\",\"url\":\"https:\/\/carpathiacenter.ro\/\",\"name\":\"Carpathia Center Romania\",\"description\":\"Impossible made possible!\",\"publisher\":{\"@id\":\"https:\/\/carpathiacenter.ro\/#organization\"},\"potentialAction\":[{\"@type\":\"SearchAction\",\"target\":{\"@type\":\"EntryPoint\",\"urlTemplate\":\"https:\/\/carpathiacenter.ro\/?s={search_term_string}\"},\"query-input\":{\"@type\":\"PropertyValueSpecification\",\"valueRequired\":true,\"valueName\":\"search_term_string\"}}],\"inLanguage\":\"en-GB\"},{\"@type\":\"Organization\",\"@id\":\"https:\/\/carpathiacenter.ro\/#organization\",\"name\":\"Carpathia Center Romania\",\"url\":\"https:\/\/carpathiacenter.ro\/\",\"logo\":{\"@type\":\"ImageObject\",\"inLanguage\":\"en-GB\",\"@id\":\"https:\/\/carpathiacenter.ro\/#\/schema\/logo\/image\/\",\"url\":\"https:\/\/carpathiacenter.ro\/wp-content\/uploads\/2024\/07\/logo-carpathia_bg_white-1024x941.png\",\"contentUrl\":\"https:\/\/carpathiacenter.ro\/wp-content\/uploads\/2024\/07\/logo-carpathia_bg_white-1024x941.png\",\"width\":1024,\"height\":941,\"caption\":\"Carpathia Center Romania\"},\"image\":{\"@id\":\"https:\/\/carpathiacenter.ro\/#\/schema\/logo\/image\/\"},\"sameAs\":[\"https:\/\/www.facebook.com\/fdpscarpathia\/\"]},{\"@type\":\"Person\",\"@id\":\"https:\/\/carpathiacenter.ro\/#\/schema\/person\/03d9f58202fee8379268f34afa195006\",\"name\":\"creativebitsolutions\",\"image\":{\"@type\":\"ImageObject\",\"inLanguage\":\"en-GB\",\"@id\":\"https:\/\/carpathiacenter.ro\/#\/schema\/person\/image\/\",\"url\":\"https:\/\/secure.gravatar.com\/avatar\/1b1a13e37f847c635dab78348f1dff2f07651ee2a3d77a5c355a4b8c75f9165a?s=96&d=mm&r=g\",\"contentUrl\":\"https:\/\/secure.gravatar.com\/avatar\/1b1a13e37f847c635dab78348f1dff2f07651ee2a3d77a5c355a4b8c75f9165a?s=96&d=mm&r=g\",\"caption\":\"creativebitsolutions\"},\"url\":\"https:\/\/carpathiacenter.ro\/en\/author\/creativebitsolutions\/\"}]}<\/script>\n<!-- \/ Yoast SEO plugin. -->","yoast_head_json":{"title":"Sesiunea plenar\u0103 a PE din 25-28 noiembrie 2024; pe agend\u0103: votul asupra noii Comisii Europene \u015fi Schengen - Carpathia Center Romania","robots":{"index":"index","follow":"follow","max-snippet":"max-snippet:-1","max-image-preview":"max-image-preview:large","max-video-preview":"max-video-preview:-1"},"canonical":"https:\/\/carpathiacenter.ro\/en\/sesiunea-plenara-a-pe-din-25-28-noiembrie-2024-pe-agenda-votul-asupra-noii-comisii-europene-si-schengen\/","og_locale":"en_GB","og_type":"article","og_title":"Sesiunea plenar\u0103 a PE din 25-28 noiembrie 2024; pe agend\u0103: votul asupra noii Comisii Europene \u015fi Schengen - Carpathia Center Romania","og_description":"Parlamentul European (PE) se reune\u015fte \u00een sesiune plenar\u0103, \u00een intervalul 25-28 noiembrie, principalele subiecte de pe ordinea de zi fiind votul asupra noii Comisii Europene 2024-2029 (27 noiembrie) \u015fi acceptarea Rom\u00e2niei \u015fi Bulgariei ca membri cu drepturi depline ai spa\u0163iului Schengen. De asemenea, vor avea loc dezbateri \u015fi vot privind bugetul Uniunii pentru 2025, suportul...","og_url":"https:\/\/carpathiacenter.ro\/en\/sesiunea-plenara-a-pe-din-25-28-noiembrie-2024-pe-agenda-votul-asupra-noii-comisii-europene-si-schengen\/","og_site_name":"Carpathia Center Romania","article_publisher":"https:\/\/www.facebook.com\/fdpscarpathia\/","article_published_time":"2024-11-25T15:56:50+00:00","og_image":[{"width":1023,"height":683,"url":"https:\/\/carpathiacenter.ro\/wp-content\/uploads\/2024\/11\/parlamentul-european-sesiune-plenara-25-28-noiembrie.jpeg","type":"image\/jpeg"}],"author":"creativebitsolutions","twitter_card":"summary_large_image","twitter_misc":{"Written by":"creativebitsolutions","Estimated reading time":"7 minutes"},"schema":{"@context":"https:\/\/schema.org","@graph":[{"@type":"Article","@id":"https:\/\/carpathiacenter.ro\/sesiunea-plenara-a-pe-din-25-28-noiembrie-2024-pe-agenda-votul-asupra-noii-comisii-europene-si-schengen\/#article","isPartOf":{"@id":"https:\/\/carpathiacenter.ro\/sesiunea-plenara-a-pe-din-25-28-noiembrie-2024-pe-agenda-votul-asupra-noii-comisii-europene-si-schengen\/"},"author":{"name":"creativebitsolutions","@id":"https:\/\/carpathiacenter.ro\/#\/schema\/person\/03d9f58202fee8379268f34afa195006"},"headline":"Sesiunea plenar\u0103 a PE din 25-28 noiembrie 2024; pe agend\u0103: votul asupra noii Comisii Europene \u015fi Schengen","datePublished":"2024-11-25T15:56:50+00:00","mainEntityOfPage":{"@id":"https:\/\/carpathiacenter.ro\/sesiunea-plenara-a-pe-din-25-28-noiembrie-2024-pe-agenda-votul-asupra-noii-comisii-europene-si-schengen\/"},"wordCount":1482,"commentCount":0,"publisher":{"@id":"https:\/\/carpathiacenter.ro\/#organization"},"image":{"@id":"https:\/\/carpathiacenter.ro\/sesiunea-plenara-a-pe-din-25-28-noiembrie-2024-pe-agenda-votul-asupra-noii-comisii-europene-si-schengen\/#primaryimage"},"thumbnailUrl":"https:\/\/carpathiacenter.ro\/wp-content\/uploads\/2024\/11\/parlamentul-european-sesiune-plenara-25-28-noiembrie.jpeg","articleSection":["Uncategorized"],"inLanguage":"en-GB","potentialAction":[{"@type":"CommentAction","name":"Comment","target":["https:\/\/carpathiacenter.ro\/sesiunea-plenara-a-pe-din-25-28-noiembrie-2024-pe-agenda-votul-asupra-noii-comisii-europene-si-schengen\/#respond"]}]},{"@type":"WebPage","@id":"https:\/\/carpathiacenter.ro\/sesiunea-plenara-a-pe-din-25-28-noiembrie-2024-pe-agenda-votul-asupra-noii-comisii-europene-si-schengen\/","url":"https:\/\/carpathiacenter.ro\/sesiunea-plenara-a-pe-din-25-28-noiembrie-2024-pe-agenda-votul-asupra-noii-comisii-europene-si-schengen\/","name":"Sesiunea plenar\u0103 a PE din 25-28 noiembrie 2024; pe agend\u0103: votul asupra noii Comisii Europene \u015fi Schengen - Carpathia Center Romania","isPartOf":{"@id":"https:\/\/carpathiacenter.ro\/#website"},"primaryImageOfPage":{"@id":"https:\/\/carpathiacenter.ro\/sesiunea-plenara-a-pe-din-25-28-noiembrie-2024-pe-agenda-votul-asupra-noii-comisii-europene-si-schengen\/#primaryimage"},"image":{"@id":"https:\/\/carpathiacenter.ro\/sesiunea-plenara-a-pe-din-25-28-noiembrie-2024-pe-agenda-votul-asupra-noii-comisii-europene-si-schengen\/#primaryimage"},"thumbnailUrl":"https:\/\/carpathiacenter.ro\/wp-content\/uploads\/2024\/11\/parlamentul-european-sesiune-plenara-25-28-noiembrie.jpeg","datePublished":"2024-11-25T15:56:50+00:00","breadcrumb":{"@id":"https:\/\/carpathiacenter.ro\/sesiunea-plenara-a-pe-din-25-28-noiembrie-2024-pe-agenda-votul-asupra-noii-comisii-europene-si-schengen\/#breadcrumb"},"inLanguage":"en-GB","potentialAction":[{"@type":"ReadAction","target":["https:\/\/carpathiacenter.ro\/sesiunea-plenara-a-pe-din-25-28-noiembrie-2024-pe-agenda-votul-asupra-noii-comisii-europene-si-schengen\/"]}]},{"@type":"ImageObject","inLanguage":"en-GB","@id":"https:\/\/carpathiacenter.ro\/sesiunea-plenara-a-pe-din-25-28-noiembrie-2024-pe-agenda-votul-asupra-noii-comisii-europene-si-schengen\/#primaryimage","url":"https:\/\/carpathiacenter.ro\/wp-content\/uploads\/2024\/11\/parlamentul-european-sesiune-plenara-25-28-noiembrie.jpeg","contentUrl":"https:\/\/carpathiacenter.ro\/wp-content\/uploads\/2024\/11\/parlamentul-european-sesiune-plenara-25-28-noiembrie.jpeg","width":1023,"height":683},{"@type":"BreadcrumbList","@id":"https:\/\/carpathiacenter.ro\/sesiunea-plenara-a-pe-din-25-28-noiembrie-2024-pe-agenda-votul-asupra-noii-comisii-europene-si-schengen\/#breadcrumb","itemListElement":[{"@type":"ListItem","position":1,"name":"Prima pagin\u0103","item":"https:\/\/carpathiacenter.ro\/"},{"@type":"ListItem","position":2,"name":"Sesiunea plenar\u0103 a PE din 25-28 noiembrie 2024; pe agend\u0103: votul asupra noii Comisii Europene \u015fi Schengen"}]},{"@type":"WebSite","@id":"https:\/\/carpathiacenter.ro\/#website","url":"https:\/\/carpathiacenter.ro\/","name":"Carpathia Center Romania","description":"Impossible made possible!","publisher":{"@id":"https:\/\/carpathiacenter.ro\/#organization"},"potentialAction":[{"@type":"SearchAction","target":{"@type":"EntryPoint","urlTemplate":"https:\/\/carpathiacenter.ro\/?s={search_term_string}"},"query-input":{"@type":"PropertyValueSpecification","valueRequired":true,"valueName":"search_term_string"}}],"inLanguage":"en-GB"},{"@type":"Organization","@id":"https:\/\/carpathiacenter.ro\/#organization","name":"Carpathia Center Romania","url":"https:\/\/carpathiacenter.ro\/","logo":{"@type":"ImageObject","inLanguage":"en-GB","@id":"https:\/\/carpathiacenter.ro\/#\/schema\/logo\/image\/","url":"https:\/\/carpathiacenter.ro\/wp-content\/uploads\/2024\/07\/logo-carpathia_bg_white-1024x941.png","contentUrl":"https:\/\/carpathiacenter.ro\/wp-content\/uploads\/2024\/07\/logo-carpathia_bg_white-1024x941.png","width":1024,"height":941,"caption":"Carpathia Center Romania"},"image":{"@id":"https:\/\/carpathiacenter.ro\/#\/schema\/logo\/image\/"},"sameAs":["https:\/\/www.facebook.com\/fdpscarpathia\/"]},{"@type":"Person","@id":"https:\/\/carpathiacenter.ro\/#\/schema\/person\/03d9f58202fee8379268f34afa195006","name":"creativebitsolutions","image":{"@type":"ImageObject","inLanguage":"en-GB","@id":"https:\/\/carpathiacenter.ro\/#\/schema\/person\/image\/","url":"https:\/\/secure.gravatar.com\/avatar\/1b1a13e37f847c635dab78348f1dff2f07651ee2a3d77a5c355a4b8c75f9165a?s=96&d=mm&r=g","contentUrl":"https:\/\/secure.gravatar.com\/avatar\/1b1a13e37f847c635dab78348f1dff2f07651ee2a3d77a5c355a4b8c75f9165a?s=96&d=mm&r=g","caption":"creativebitsolutions"},"url":"https:\/\/carpathiacenter.ro\/en\/author\/creativebitsolutions\/"}]}},"_links":{"self":[{"href":"https:\/\/carpathiacenter.ro\/en\/wp-json\/wp\/v2\/posts\/1583","targetHints":{"allow":["GET"]}}],"collection":[{"href":"https:\/\/carpathiacenter.ro\/en\/wp-json\/wp\/v2\/posts"}],"about":[{"href":"https:\/\/carpathiacenter.ro\/en\/wp-json\/wp\/v2\/types\/post"}],"author":[{"embeddable":true,"href":"https:\/\/carpathiacenter.ro\/en\/wp-json\/wp\/v2\/users\/4"}],"replies":[{"embeddable":true,"href":"https:\/\/carpathiacenter.ro\/en\/wp-json\/wp\/v2\/comments?post=1583"}],"version-history":[{"count":1,"href":"https:\/\/carpathiacenter.ro\/en\/wp-json\/wp\/v2\/posts\/1583\/revisions"}],"predecessor-version":[{"id":1587,"href":"https:\/\/carpathiacenter.ro\/en\/wp-json\/wp\/v2\/posts\/1583\/revisions\/1587"}],"wp:featuredmedia":[{"embeddable":true,"href":"https:\/\/carpathiacenter.ro\/en\/wp-json\/wp\/v2\/media\/1585"}],"wp:attachment":[{"href":"https:\/\/carpathiacenter.ro\/en\/wp-json\/wp\/v2\/media?parent=1583"}],"wp:term":[{"taxonomy":"category","embeddable":true,"href":"https:\/\/carpathiacenter.ro\/en\/wp-json\/wp\/v2\/categories?post=1583"},{"taxonomy":"post_tag","embeddable":true,"href":"https:\/\/carpathiacenter.ro\/en\/wp-json\/wp\/v2\/tags?post=1583"}],"curies":[{"name":"wp","href":"https:\/\/api.w.org\/{rel}","templated":true}]}}