{"id":1574,"date":"2024-11-19T10:55:41","date_gmt":"2024-11-19T10:55:41","guid":{"rendered":"https:\/\/carpathiacenter.ro\/?p=1574"},"modified":"2024-11-19T10:55:41","modified_gmt":"2024-11-19T10:55:41","slug":"ministrul-de-interne-catalin-predoiu-si-omologul-austriac-discutii-despre-urmatoarea-reuniune-pentru-dosarul-schengen","status":"publish","type":"post","link":"https:\/\/carpathiacenter.ro\/en\/ministrul-de-interne-catalin-predoiu-si-omologul-austriac-discutii-despre-urmatoarea-reuniune-pentru-dosarul-schengen\/","title":{"rendered":"Ministrul de Interne, C\u0103t\u0103lin Predoiu, \u015fi omologul austriac \u2013 discu\u0163ii despre urm\u0103toarea reuniune pentru dosarul Schengen"},"content":{"rendered":"<div class=\"tdb-block-inner td-fix-index\">\n<p>Ministrul Afacerilor Interne, C\u0103t\u0103lin Predoiu, \u015fi ministrul federal de Interne al Republicii Austria, Gerhard Karner, au discutat, luni, \u00een cadrul unei \u00eent\u00e2lniri de lucru la Viena, despre urm\u0103toarea reuniune important\u0103 pentru dosarul Schengen, care va avea loc \u00eentre mini\u015ftrii de Interne, \u00een perioada 21-22 noiembrie, la Budapesta, precum \u015fi despre asigurarea securit\u0103\u0163ii frontierelor externe UE.<\/p>\n<p>\u201cDiscu\u0163iile au relevat contribu\u0163ia Rom\u00e2niei \u015fi Austriei \u00een asigurarea securit\u0103\u0163ii frontierelor externe ale UE, \u00een combaterea migra\u0163iei ilegale \u015fi a criminalit\u0103\u0163ii transfrontaliere, inclusiv pe componenta de dimensiune extern\u0103, pentru o abordare preventiv\u0103\u201d, potrivit site-ului Ministerului Afacerilor Interne (MAI).<\/p>\n<p>C\u0103t\u0103lin Predoiu a subliniat faptul c\u0103 Decizia privind Air \u015fi Maritime Schengen a fost implementat\u0103 impecabil, f\u0103r\u0103 nicio sincop\u0103, \u015fi c\u0103 Rom\u00e2nia, prin MAI, respectiv Poli\u0163ia de Frontier\u0103, a redus substan\u0163ial nivelul migra\u0163iei ilegale la frontierele na\u0163ionale. De asemenea, toate aspectele convenite \u00een plan bilateral cu Austria se aplic\u0103 cu rezultate foarte bune.<\/p>\n<p>\u201cMinistrul Predoiu a reafirmat angajamentul Rom\u00e2niei de a men\u0163ine, \u015fi pe viitor, practici sigure \u015fi eficiente de gestionare a frontierelor, de a aplica toate procedurile Schengen \u015fi de a contribui de manier\u0103 semnificativ\u0103 la eforturile UE de combatere c\u00e2t mai eficient\u0103 a criminalit\u0103\u0163ii transfrontaliere\u201d, arat\u0103 sursa citat\u0103. AGERPRES\/(AS \u2013 autor: Daniel Alexandru Florea, editor: Mihai Simionescu, editor online: Anda Badea)<\/p>\n<p>Sursa: <a href=\"https:\/\/www.agerpres.ro\/justitie\/2024\/11\/18\/ministrul-de-interne-catalin-predoiu-si-omologul-austriac-discutii-despre-urmatoarea-reuniune-pentru-dosarul-schengen--1388613\" target=\"_blank\" rel=\"noopener\" title=\"\">https:\/\/www.agerpres.ro\/justitie\/2024\/11\/18\/ministrul-de-interne-catalin-predoiu-si-omologul-austriac-discutii-despre-urmatoarea-reuniune-pentru-dosarul-schengen\u20131388613<\/a><\/p>\n<\/div>","protected":false},"excerpt":{"rendered":"<p>Ministrul Afacerilor Interne, C\u0103t\u0103lin Predoiu, \u015fi ministrul federal de Interne al Republicii Austria, Gerhard Karner, au discutat, luni, \u00een cadrul unei \u00eent\u00e2lniri de lucru la Viena, despre urm\u0103toarea reuniune important\u0103 pentru dosarul Schengen, care va avea loc \u00eentre mini\u015ftrii de Interne, \u00een perioada 21-22 noiembrie, la Budapesta, precum \u015fi despre asigurarea securit\u0103\u0163ii frontierelor externe UE&#8230;.<\/p>","protected":false},"author":4,"featured_media":1576,"comment_status":"open","ping_status":"open","sticky":false,"template":"","format":"standard","meta":{"footnotes":""},"categories":[1],"tags":[],"class_list":["post-1574","post","type-post","status-publish","format-standard","has-post-thumbnail","hentry","category-uncategorized"],"yoast_head":"<!-- This site is optimized with the Yoast SEO plugin v26.1.1 - https:\/\/yoast.com\/wordpress\/plugins\/seo\/ -->\n<title>Ministrul de Interne, C\u0103t\u0103lin Predoiu, \u015fi omologul austriac \u2013 discu\u0163ii despre urm\u0103toarea reuniune pentru dosarul Schengen - Carpathia Center Romania<\/title>\n<meta name=\"robots\" content=\"index, follow, max-snippet:-1, max-image-preview:large, max-video-preview:-1\" \/>\n<link rel=\"canonical\" href=\"https:\/\/carpathiacenter.ro\/en\/ministrul-de-interne-catalin-predoiu-si-omologul-austriac-discutii-despre-urmatoarea-reuniune-pentru-dosarul-schengen\/\" \/>\n<meta property=\"og:locale\" content=\"en_GB\" \/>\n<meta property=\"og:type\" content=\"article\" \/>\n<meta property=\"og:title\" content=\"Ministrul de Interne, C\u0103t\u0103lin Predoiu, \u015fi omologul austriac \u2013 discu\u0163ii despre urm\u0103toarea reuniune pentru dosarul Schengen - Carpathia Center Romania\" \/>\n<meta property=\"og:description\" content=\"Ministrul Afacerilor Interne, C\u0103t\u0103lin Predoiu, \u015fi ministrul federal de Interne al Republicii Austria, Gerhard Karner, au discutat, luni, \u00een cadrul unei \u00eent\u00e2lniri de lucru la Viena, despre urm\u0103toarea reuniune important\u0103 pentru dosarul Schengen, care va avea loc \u00eentre mini\u015ftrii de Interne, \u00een perioada 21-22 noiembrie, la Budapesta, precum \u015fi despre asigurarea securit\u0103\u0163ii frontierelor externe UE....\" \/>\n<meta property=\"og:url\" content=\"https:\/\/carpathiacenter.ro\/en\/ministrul-de-interne-catalin-predoiu-si-omologul-austriac-discutii-despre-urmatoarea-reuniune-pentru-dosarul-schengen\/\" \/>\n<meta property=\"og:site_name\" content=\"Carpathia Center Romania\" \/>\n<meta property=\"article:publisher\" content=\"https:\/\/www.facebook.com\/fdpscarpathia\/\" \/>\n<meta property=\"article:published_time\" content=\"2024-11-19T10:55:41+00:00\" \/>\n<meta property=\"og:image\" content=\"https:\/\/carpathiacenter.ro\/wp-content\/uploads\/2024\/11\/predoiu.jpg\" \/>\n\t<meta property=\"og:image:width\" content=\"780\" \/>\n\t<meta property=\"og:image:height\" content=\"470\" \/>\n\t<meta property=\"og:image:type\" content=\"image\/jpeg\" \/>\n<meta name=\"author\" content=\"creativebitsolutions\" \/>\n<meta name=\"twitter:card\" content=\"summary_large_image\" \/>\n<meta name=\"twitter:label1\" content=\"Written by\" \/>\n\t<meta name=\"twitter:data1\" content=\"creativebitsolutions\" \/>\n\t<meta name=\"twitter:label2\" content=\"Estimated reading time\" \/>\n\t<meta name=\"twitter:data2\" content=\"1 minute\" \/>\n<script type=\"application\/ld+json\" class=\"yoast-schema-graph\">{\"@context\":\"https:\/\/schema.org\",\"@graph\":[{\"@type\":\"Article\",\"@id\":\"https:\/\/carpathiacenter.ro\/ministrul-de-interne-catalin-predoiu-si-omologul-austriac-discutii-despre-urmatoarea-reuniune-pentru-dosarul-schengen\/#article\",\"isPartOf\":{\"@id\":\"https:\/\/carpathiacenter.ro\/ministrul-de-interne-catalin-predoiu-si-omologul-austriac-discutii-despre-urmatoarea-reuniune-pentru-dosarul-schengen\/\"},\"author\":{\"name\":\"creativebitsolutions\",\"@id\":\"https:\/\/carpathiacenter.ro\/#\/schema\/person\/03d9f58202fee8379268f34afa195006\"},\"headline\":\"Ministrul de Interne, C\u0103t\u0103lin Predoiu, \u015fi omologul austriac \u2013 discu\u0163ii despre urm\u0103toarea reuniune pentru dosarul Schengen\",\"datePublished\":\"2024-11-19T10:55:41+00:00\",\"mainEntityOfPage\":{\"@id\":\"https:\/\/carpathiacenter.ro\/ministrul-de-interne-catalin-predoiu-si-omologul-austriac-discutii-despre-urmatoarea-reuniune-pentru-dosarul-schengen\/\"},\"wordCount\":256,\"commentCount\":0,\"publisher\":{\"@id\":\"https:\/\/carpathiacenter.ro\/#organization\"},\"image\":{\"@id\":\"https:\/\/carpathiacenter.ro\/ministrul-de-interne-catalin-predoiu-si-omologul-austriac-discutii-despre-urmatoarea-reuniune-pentru-dosarul-schengen\/#primaryimage\"},\"thumbnailUrl\":\"https:\/\/carpathiacenter.ro\/wp-content\/uploads\/2024\/11\/predoiu.jpg\",\"articleSection\":[\"Uncategorized\"],\"inLanguage\":\"en-GB\",\"potentialAction\":[{\"@type\":\"CommentAction\",\"name\":\"Comment\",\"target\":[\"https:\/\/carpathiacenter.ro\/ministrul-de-interne-catalin-predoiu-si-omologul-austriac-discutii-despre-urmatoarea-reuniune-pentru-dosarul-schengen\/#respond\"]}]},{\"@type\":\"WebPage\",\"@id\":\"https:\/\/carpathiacenter.ro\/ministrul-de-interne-catalin-predoiu-si-omologul-austriac-discutii-despre-urmatoarea-reuniune-pentru-dosarul-schengen\/\",\"url\":\"https:\/\/carpathiacenter.ro\/ministrul-de-interne-catalin-predoiu-si-omologul-austriac-discutii-despre-urmatoarea-reuniune-pentru-dosarul-schengen\/\",\"name\":\"Ministrul de Interne, C\u0103t\u0103lin Predoiu, \u015fi omologul austriac \u2013 discu\u0163ii despre urm\u0103toarea reuniune pentru dosarul Schengen - Carpathia Center Romania\",\"isPartOf\":{\"@id\":\"https:\/\/carpathiacenter.ro\/#website\"},\"primaryImageOfPage\":{\"@id\":\"https:\/\/carpathiacenter.ro\/ministrul-de-interne-catalin-predoiu-si-omologul-austriac-discutii-despre-urmatoarea-reuniune-pentru-dosarul-schengen\/#primaryimage\"},\"image\":{\"@id\":\"https:\/\/carpathiacenter.ro\/ministrul-de-interne-catalin-predoiu-si-omologul-austriac-discutii-despre-urmatoarea-reuniune-pentru-dosarul-schengen\/#primaryimage\"},\"thumbnailUrl\":\"https:\/\/carpathiacenter.ro\/wp-content\/uploads\/2024\/11\/predoiu.jpg\",\"datePublished\":\"2024-11-19T10:55:41+00:00\",\"breadcrumb\":{\"@id\":\"https:\/\/carpathiacenter.ro\/ministrul-de-interne-catalin-predoiu-si-omologul-austriac-discutii-despre-urmatoarea-reuniune-pentru-dosarul-schengen\/#breadcrumb\"},\"inLanguage\":\"en-GB\",\"potentialAction\":[{\"@type\":\"ReadAction\",\"target\":[\"https:\/\/carpathiacenter.ro\/ministrul-de-interne-catalin-predoiu-si-omologul-austriac-discutii-despre-urmatoarea-reuniune-pentru-dosarul-schengen\/\"]}]},{\"@type\":\"ImageObject\",\"inLanguage\":\"en-GB\",\"@id\":\"https:\/\/carpathiacenter.ro\/ministrul-de-interne-catalin-predoiu-si-omologul-austriac-discutii-despre-urmatoarea-reuniune-pentru-dosarul-schengen\/#primaryimage\",\"url\":\"https:\/\/carpathiacenter.ro\/wp-content\/uploads\/2024\/11\/predoiu.jpg\",\"contentUrl\":\"https:\/\/carpathiacenter.ro\/wp-content\/uploads\/2024\/11\/predoiu.jpg\",\"width\":780,\"height\":470},{\"@type\":\"BreadcrumbList\",\"@id\":\"https:\/\/carpathiacenter.ro\/ministrul-de-interne-catalin-predoiu-si-omologul-austriac-discutii-despre-urmatoarea-reuniune-pentru-dosarul-schengen\/#breadcrumb\",\"itemListElement\":[{\"@type\":\"ListItem\",\"position\":1,\"name\":\"Prima pagin\u0103\",\"item\":\"https:\/\/carpathiacenter.ro\/\"},{\"@type\":\"ListItem\",\"position\":2,\"name\":\"Ministrul de Interne, C\u0103t\u0103lin Predoiu, \u015fi omologul austriac \u2013 discu\u0163ii despre urm\u0103toarea reuniune pentru dosarul Schengen\"}]},{\"@type\":\"WebSite\",\"@id\":\"https:\/\/carpathiacenter.ro\/#website\",\"url\":\"https:\/\/carpathiacenter.ro\/\",\"name\":\"Carpathia Center Romania\",\"description\":\"Impossible made possible!\",\"publisher\":{\"@id\":\"https:\/\/carpathiacenter.ro\/#organization\"},\"potentialAction\":[{\"@type\":\"SearchAction\",\"target\":{\"@type\":\"EntryPoint\",\"urlTemplate\":\"https:\/\/carpathiacenter.ro\/?s={search_term_string}\"},\"query-input\":{\"@type\":\"PropertyValueSpecification\",\"valueRequired\":true,\"valueName\":\"search_term_string\"}}],\"inLanguage\":\"en-GB\"},{\"@type\":\"Organization\",\"@id\":\"https:\/\/carpathiacenter.ro\/#organization\",\"name\":\"Carpathia Center Romania\",\"url\":\"https:\/\/carpathiacenter.ro\/\",\"logo\":{\"@type\":\"ImageObject\",\"inLanguage\":\"en-GB\",\"@id\":\"https:\/\/carpathiacenter.ro\/#\/schema\/logo\/image\/\",\"url\":\"https:\/\/carpathiacenter.ro\/wp-content\/uploads\/2024\/07\/logo-carpathia_bg_white-1024x941.png\",\"contentUrl\":\"https:\/\/carpathiacenter.ro\/wp-content\/uploads\/2024\/07\/logo-carpathia_bg_white-1024x941.png\",\"width\":1024,\"height\":941,\"caption\":\"Carpathia Center Romania\"},\"image\":{\"@id\":\"https:\/\/carpathiacenter.ro\/#\/schema\/logo\/image\/\"},\"sameAs\":[\"https:\/\/www.facebook.com\/fdpscarpathia\/\"]},{\"@type\":\"Person\",\"@id\":\"https:\/\/carpathiacenter.ro\/#\/schema\/person\/03d9f58202fee8379268f34afa195006\",\"name\":\"creativebitsolutions\",\"image\":{\"@type\":\"ImageObject\",\"inLanguage\":\"en-GB\",\"@id\":\"https:\/\/carpathiacenter.ro\/#\/schema\/person\/image\/\",\"url\":\"https:\/\/secure.gravatar.com\/avatar\/1b1a13e37f847c635dab78348f1dff2f07651ee2a3d77a5c355a4b8c75f9165a?s=96&d=mm&r=g\",\"contentUrl\":\"https:\/\/secure.gravatar.com\/avatar\/1b1a13e37f847c635dab78348f1dff2f07651ee2a3d77a5c355a4b8c75f9165a?s=96&d=mm&r=g\",\"caption\":\"creativebitsolutions\"},\"url\":\"https:\/\/carpathiacenter.ro\/en\/author\/creativebitsolutions\/\"}]}<\/script>\n<!-- \/ Yoast SEO plugin. -->","yoast_head_json":{"title":"Ministrul de Interne, C\u0103t\u0103lin Predoiu, \u015fi omologul austriac \u2013 discu\u0163ii despre urm\u0103toarea reuniune pentru dosarul Schengen - Carpathia Center Romania","robots":{"index":"index","follow":"follow","max-snippet":"max-snippet:-1","max-image-preview":"max-image-preview:large","max-video-preview":"max-video-preview:-1"},"canonical":"https:\/\/carpathiacenter.ro\/en\/ministrul-de-interne-catalin-predoiu-si-omologul-austriac-discutii-despre-urmatoarea-reuniune-pentru-dosarul-schengen\/","og_locale":"en_GB","og_type":"article","og_title":"Ministrul de Interne, C\u0103t\u0103lin Predoiu, \u015fi omologul austriac \u2013 discu\u0163ii despre urm\u0103toarea reuniune pentru dosarul Schengen - Carpathia Center Romania","og_description":"Ministrul Afacerilor Interne, C\u0103t\u0103lin Predoiu, \u015fi ministrul federal de Interne al Republicii Austria, Gerhard Karner, au discutat, luni, \u00een cadrul unei \u00eent\u00e2lniri de lucru la Viena, despre urm\u0103toarea reuniune important\u0103 pentru dosarul Schengen, care va avea loc \u00eentre mini\u015ftrii de Interne, \u00een perioada 21-22 noiembrie, la Budapesta, precum \u015fi despre asigurarea securit\u0103\u0163ii frontierelor externe UE....","og_url":"https:\/\/carpathiacenter.ro\/en\/ministrul-de-interne-catalin-predoiu-si-omologul-austriac-discutii-despre-urmatoarea-reuniune-pentru-dosarul-schengen\/","og_site_name":"Carpathia Center Romania","article_publisher":"https:\/\/www.facebook.com\/fdpscarpathia\/","article_published_time":"2024-11-19T10:55:41+00:00","og_image":[{"width":780,"height":470,"url":"https:\/\/carpathiacenter.ro\/wp-content\/uploads\/2024\/11\/predoiu.jpg","type":"image\/jpeg"}],"author":"creativebitsolutions","twitter_card":"summary_large_image","twitter_misc":{"Written by":"creativebitsolutions","Estimated reading time":"1 minute"},"schema":{"@context":"https:\/\/schema.org","@graph":[{"@type":"Article","@id":"https:\/\/carpathiacenter.ro\/ministrul-de-interne-catalin-predoiu-si-omologul-austriac-discutii-despre-urmatoarea-reuniune-pentru-dosarul-schengen\/#article","isPartOf":{"@id":"https:\/\/carpathiacenter.ro\/ministrul-de-interne-catalin-predoiu-si-omologul-austriac-discutii-despre-urmatoarea-reuniune-pentru-dosarul-schengen\/"},"author":{"name":"creativebitsolutions","@id":"https:\/\/carpathiacenter.ro\/#\/schema\/person\/03d9f58202fee8379268f34afa195006"},"headline":"Ministrul de Interne, C\u0103t\u0103lin Predoiu, \u015fi omologul austriac \u2013 discu\u0163ii despre urm\u0103toarea reuniune pentru dosarul Schengen","datePublished":"2024-11-19T10:55:41+00:00","mainEntityOfPage":{"@id":"https:\/\/carpathiacenter.ro\/ministrul-de-interne-catalin-predoiu-si-omologul-austriac-discutii-despre-urmatoarea-reuniune-pentru-dosarul-schengen\/"},"wordCount":256,"commentCount":0,"publisher":{"@id":"https:\/\/carpathiacenter.ro\/#organization"},"image":{"@id":"https:\/\/carpathiacenter.ro\/ministrul-de-interne-catalin-predoiu-si-omologul-austriac-discutii-despre-urmatoarea-reuniune-pentru-dosarul-schengen\/#primaryimage"},"thumbnailUrl":"https:\/\/carpathiacenter.ro\/wp-content\/uploads\/2024\/11\/predoiu.jpg","articleSection":["Uncategorized"],"inLanguage":"en-GB","potentialAction":[{"@type":"CommentAction","name":"Comment","target":["https:\/\/carpathiacenter.ro\/ministrul-de-interne-catalin-predoiu-si-omologul-austriac-discutii-despre-urmatoarea-reuniune-pentru-dosarul-schengen\/#respond"]}]},{"@type":"WebPage","@id":"https:\/\/carpathiacenter.ro\/ministrul-de-interne-catalin-predoiu-si-omologul-austriac-discutii-despre-urmatoarea-reuniune-pentru-dosarul-schengen\/","url":"https:\/\/carpathiacenter.ro\/ministrul-de-interne-catalin-predoiu-si-omologul-austriac-discutii-despre-urmatoarea-reuniune-pentru-dosarul-schengen\/","name":"Ministrul de Interne, C\u0103t\u0103lin Predoiu, \u015fi omologul austriac \u2013 discu\u0163ii despre urm\u0103toarea reuniune pentru dosarul Schengen - Carpathia Center Romania","isPartOf":{"@id":"https:\/\/carpathiacenter.ro\/#website"},"primaryImageOfPage":{"@id":"https:\/\/carpathiacenter.ro\/ministrul-de-interne-catalin-predoiu-si-omologul-austriac-discutii-despre-urmatoarea-reuniune-pentru-dosarul-schengen\/#primaryimage"},"image":{"@id":"https:\/\/carpathiacenter.ro\/ministrul-de-interne-catalin-predoiu-si-omologul-austriac-discutii-despre-urmatoarea-reuniune-pentru-dosarul-schengen\/#primaryimage"},"thumbnailUrl":"https:\/\/carpathiacenter.ro\/wp-content\/uploads\/2024\/11\/predoiu.jpg","datePublished":"2024-11-19T10:55:41+00:00","breadcrumb":{"@id":"https:\/\/carpathiacenter.ro\/ministrul-de-interne-catalin-predoiu-si-omologul-austriac-discutii-despre-urmatoarea-reuniune-pentru-dosarul-schengen\/#breadcrumb"},"inLanguage":"en-GB","potentialAction":[{"@type":"ReadAction","target":["https:\/\/carpathiacenter.ro\/ministrul-de-interne-catalin-predoiu-si-omologul-austriac-discutii-despre-urmatoarea-reuniune-pentru-dosarul-schengen\/"]}]},{"@type":"ImageObject","inLanguage":"en-GB","@id":"https:\/\/carpathiacenter.ro\/ministrul-de-interne-catalin-predoiu-si-omologul-austriac-discutii-despre-urmatoarea-reuniune-pentru-dosarul-schengen\/#primaryimage","url":"https:\/\/carpathiacenter.ro\/wp-content\/uploads\/2024\/11\/predoiu.jpg","contentUrl":"https:\/\/carpathiacenter.ro\/wp-content\/uploads\/2024\/11\/predoiu.jpg","width":780,"height":470},{"@type":"BreadcrumbList","@id":"https:\/\/carpathiacenter.ro\/ministrul-de-interne-catalin-predoiu-si-omologul-austriac-discutii-despre-urmatoarea-reuniune-pentru-dosarul-schengen\/#breadcrumb","itemListElement":[{"@type":"ListItem","position":1,"name":"Prima pagin\u0103","item":"https:\/\/carpathiacenter.ro\/"},{"@type":"ListItem","position":2,"name":"Ministrul de Interne, C\u0103t\u0103lin Predoiu, \u015fi omologul austriac \u2013 discu\u0163ii despre urm\u0103toarea reuniune pentru dosarul Schengen"}]},{"@type":"WebSite","@id":"https:\/\/carpathiacenter.ro\/#website","url":"https:\/\/carpathiacenter.ro\/","name":"Carpathia Center Romania","description":"Impossible made possible!","publisher":{"@id":"https:\/\/carpathiacenter.ro\/#organization"},"potentialAction":[{"@type":"SearchAction","target":{"@type":"EntryPoint","urlTemplate":"https:\/\/carpathiacenter.ro\/?s={search_term_string}"},"query-input":{"@type":"PropertyValueSpecification","valueRequired":true,"valueName":"search_term_string"}}],"inLanguage":"en-GB"},{"@type":"Organization","@id":"https:\/\/carpathiacenter.ro\/#organization","name":"Carpathia Center Romania","url":"https:\/\/carpathiacenter.ro\/","logo":{"@type":"ImageObject","inLanguage":"en-GB","@id":"https:\/\/carpathiacenter.ro\/#\/schema\/logo\/image\/","url":"https:\/\/carpathiacenter.ro\/wp-content\/uploads\/2024\/07\/logo-carpathia_bg_white-1024x941.png","contentUrl":"https:\/\/carpathiacenter.ro\/wp-content\/uploads\/2024\/07\/logo-carpathia_bg_white-1024x941.png","width":1024,"height":941,"caption":"Carpathia Center Romania"},"image":{"@id":"https:\/\/carpathiacenter.ro\/#\/schema\/logo\/image\/"},"sameAs":["https:\/\/www.facebook.com\/fdpscarpathia\/"]},{"@type":"Person","@id":"https:\/\/carpathiacenter.ro\/#\/schema\/person\/03d9f58202fee8379268f34afa195006","name":"creativebitsolutions","image":{"@type":"ImageObject","inLanguage":"en-GB","@id":"https:\/\/carpathiacenter.ro\/#\/schema\/person\/image\/","url":"https:\/\/secure.gravatar.com\/avatar\/1b1a13e37f847c635dab78348f1dff2f07651ee2a3d77a5c355a4b8c75f9165a?s=96&d=mm&r=g","contentUrl":"https:\/\/secure.gravatar.com\/avatar\/1b1a13e37f847c635dab78348f1dff2f07651ee2a3d77a5c355a4b8c75f9165a?s=96&d=mm&r=g","caption":"creativebitsolutions"},"url":"https:\/\/carpathiacenter.ro\/en\/author\/creativebitsolutions\/"}]}},"_links":{"self":[{"href":"https:\/\/carpathiacenter.ro\/en\/wp-json\/wp\/v2\/posts\/1574","targetHints":{"allow":["GET"]}}],"collection":[{"href":"https:\/\/carpathiacenter.ro\/en\/wp-json\/wp\/v2\/posts"}],"about":[{"href":"https:\/\/carpathiacenter.ro\/en\/wp-json\/wp\/v2\/types\/post"}],"author":[{"embeddable":true,"href":"https:\/\/carpathiacenter.ro\/en\/wp-json\/wp\/v2\/users\/4"}],"replies":[{"embeddable":true,"href":"https:\/\/carpathiacenter.ro\/en\/wp-json\/wp\/v2\/comments?post=1574"}],"version-history":[{"count":1,"href":"https:\/\/carpathiacenter.ro\/en\/wp-json\/wp\/v2\/posts\/1574\/revisions"}],"predecessor-version":[{"id":1575,"href":"https:\/\/carpathiacenter.ro\/en\/wp-json\/wp\/v2\/posts\/1574\/revisions\/1575"}],"wp:featuredmedia":[{"embeddable":true,"href":"https:\/\/carpathiacenter.ro\/en\/wp-json\/wp\/v2\/media\/1576"}],"wp:attachment":[{"href":"https:\/\/carpathiacenter.ro\/en\/wp-json\/wp\/v2\/media?parent=1574"}],"wp:term":[{"taxonomy":"category","embeddable":true,"href":"https:\/\/carpathiacenter.ro\/en\/wp-json\/wp\/v2\/categories?post=1574"},{"taxonomy":"post_tag","embeddable":true,"href":"https:\/\/carpathiacenter.ro\/en\/wp-json\/wp\/v2\/tags?post=1574"}],"curies":[{"name":"wp","href":"https:\/\/api.w.org\/{rel}","templated":true}]}}