{"id":1565,"date":"2024-11-18T08:12:58","date_gmt":"2024-11-18T08:12:58","guid":{"rendered":"https:\/\/carpathiacenter.ro\/?p=1565"},"modified":"2024-11-18T08:12:58","modified_gmt":"2024-11-18T08:12:58","slug":"ministrii-agriculturii-vor-discuta-la-bruxelles-despre-situatia-pietei-in-special-ca-urmare-a-invadarii-ucrainei","status":"publish","type":"post","link":"https:\/\/carpathiacenter.ro\/en\/ministrii-agriculturii-vor-discuta-la-bruxelles-despre-situatia-pietei-in-special-ca-urmare-a-invadarii-ucrainei\/","title":{"rendered":"Mini\u015ftrii Agriculturii vor discuta, la Bruxelles, despre situa\u0163ia pie\u0163ei, \u00een special ca urmare a invad\u0103rii Ucrainei"},"content":{"rendered":"<div class=\"description_articol\">\n<p><span style=\"font-size: 18px;\"><strong>Mini\u015ftrii Agriculturii se vor reuni, luni, la Bruxelles, la reuniunea Consiliului Agricultur\u0103 \u015fi Pescuit al UE, unul dintre subiectele principale ale discu\u0163iilor fiind situa\u0163ia pie\u0163ei, \u00een special ca urmare a invad\u0103rii Ucrainei.<\/strong><\/p>\n<p>Rom\u00e2nia va fi reprezentat\u0103 la aceast\u0103 reuniune de Violeta Mu\u015fat, secretar de stat \u00een Ministerul Agriculturii \u015fi Dezvolt\u0103rii Rurale, potrivit informa\u0163iilor furnizate AGERPRES de reprezentan\u0163ii ministerului.<\/p>\n<p>Conform datelor de pe site-ul Consiliului European, mini\u015ftrii Agriculturii vor discuta, pe baza informa\u0163iilor din partea Comisiei Europene \u015fi a statelor membre, despre situa\u0163ia pie\u0163elor agricole \u015fi a produselor de baz\u0103, un subiect recurent pe ordinea de zi a Consiliului. \u00cen acest context, pre\u015fedin\u0163ia va prezenta \u015fi un punct &#8220;Diverse&#8221; privind rezultatul dezbaterilor sectoriale pe care le-a organizat cu privire la provoc\u0103rile actuale cu care se confrunt\u0103 diferitele sectoare agricole \u015fi perspectivele lor viitoare.<\/p>\n<p>Ministrul ucrainean al Politicii Agrare \u015fi Alimenta\u0163iei, Vitalii Koval, urmeaz\u0103 s\u0103 se al\u0103ture mini\u015ftrilor \u00eenainte de discu\u0163ii \u015fi s\u0103 se adreseze Consiliului.<\/p>\n<p>Pe partea de pescuit, Consiliul va desf\u0103\u015fura un prim schimb de opinii cu privire la posibilit\u0103\u0163ile de pescuit pentru 2025 \u00een Oceanul Atlantic \u015fi \u00een Marea Nordului, precum \u015fi \u00een Marea Mediteran\u0103 \u015fi \u00een Marea Neagr\u0103.<\/p>\n<p>Acesta se va baza pe prezentarea de c\u0103tre Comisie a celor dou\u0103 propuneri ale sale \u015fi va contribui la preg\u0103tirea terenului pentru reuniunea Consiliului Agricultur\u0103 \u015fi Pescuit din decembrie, c\u00e2nd se preconizeaz\u0103 c\u0103 mini\u015ftrii pescuitului vor ajunge la un acord politic cu privire la posibilit\u0103\u0163ile de pescuit. AGERPRES\/(AS-autor: Nicoleta Gherasi, editor: Mariana Nica, editor online: Gabriela Badea)\u00a0<\/span><\/p>\n<p>Sursa: https:\/\/www.agerpres.ro\/economic-intern\/2024\/11\/18\/ministrii-agriculturii-vor-discuta-la-bruxelles-despre-situatia-pietei-in-special-ca-urmare-a-invadarii-ucrainei&#8211;1388246<\/p>\n<\/div>","protected":false},"excerpt":{"rendered":"<p>Mini\u015ftrii Agriculturii se vor reuni, luni, la Bruxelles, la reuniunea Consiliului Agricultur\u0103 \u015fi Pescuit al UE, unul dintre subiectele principale ale discu\u0163iilor fiind situa\u0163ia pie\u0163ei, \u00een special ca urmare a invad\u0103rii Ucrainei. Rom\u00e2nia va fi reprezentat\u0103 la aceast\u0103 reuniune de Violeta Mu\u015fat, secretar de stat \u00een Ministerul Agriculturii \u015fi Dezvolt\u0103rii Rurale, potrivit informa\u0163iilor furnizate AGERPRES&#8230;<\/p>","protected":false},"author":4,"featured_media":1566,"comment_status":"open","ping_status":"open","sticky":false,"template":"","format":"standard","meta":{"footnotes":""},"categories":[1],"tags":[],"class_list":["post-1565","post","type-post","status-publish","format-standard","has-post-thumbnail","hentry","category-uncategorized"],"yoast_head":"<!-- This site is optimized with the Yoast SEO plugin v26.1.1 - https:\/\/yoast.com\/wordpress\/plugins\/seo\/ -->\n<title>Mini\u015ftrii Agriculturii vor discuta, la Bruxelles, despre situa\u0163ia pie\u0163ei, \u00een special ca urmare a invad\u0103rii Ucrainei - Carpathia Center Romania<\/title>\n<meta name=\"robots\" content=\"index, follow, max-snippet:-1, max-image-preview:large, max-video-preview:-1\" \/>\n<link rel=\"canonical\" href=\"https:\/\/carpathiacenter.ro\/en\/ministrii-agriculturii-vor-discuta-la-bruxelles-despre-situatia-pietei-in-special-ca-urmare-a-invadarii-ucrainei\/\" \/>\n<meta property=\"og:locale\" content=\"en_GB\" \/>\n<meta property=\"og:type\" content=\"article\" \/>\n<meta property=\"og:title\" content=\"Mini\u015ftrii Agriculturii vor discuta, la Bruxelles, despre situa\u0163ia pie\u0163ei, \u00een special ca urmare a invad\u0103rii Ucrainei - Carpathia Center Romania\" \/>\n<meta property=\"og:description\" content=\"Mini\u015ftrii Agriculturii se vor reuni, luni, la Bruxelles, la reuniunea Consiliului Agricultur\u0103 \u015fi Pescuit al UE, unul dintre subiectele principale ale discu\u0163iilor fiind situa\u0163ia pie\u0163ei, \u00een special ca urmare a invad\u0103rii Ucrainei. Rom\u00e2nia va fi reprezentat\u0103 la aceast\u0103 reuniune de Violeta Mu\u015fat, secretar de stat \u00een Ministerul Agriculturii \u015fi Dezvolt\u0103rii Rurale, potrivit informa\u0163iilor furnizate AGERPRES...\" \/>\n<meta property=\"og:url\" content=\"https:\/\/carpathiacenter.ro\/en\/ministrii-agriculturii-vor-discuta-la-bruxelles-despre-situatia-pietei-in-special-ca-urmare-a-invadarii-ucrainei\/\" \/>\n<meta property=\"og:site_name\" content=\"Carpathia Center Romania\" \/>\n<meta property=\"article:publisher\" content=\"https:\/\/www.facebook.com\/fdpscarpathia\/\" \/>\n<meta property=\"article:published_time\" content=\"2024-11-18T08:12:58+00:00\" \/>\n<meta property=\"og:image\" content=\"https:\/\/carpathiacenter.ro\/wp-content\/uploads\/2024\/11\/539472.jpg\" \/>\n\t<meta property=\"og:image:width\" content=\"600\" \/>\n\t<meta property=\"og:image:height\" content=\"450\" \/>\n\t<meta property=\"og:image:type\" content=\"image\/jpeg\" \/>\n<meta name=\"author\" content=\"creativebitsolutions\" \/>\n<meta name=\"twitter:card\" content=\"summary_large_image\" \/>\n<meta name=\"twitter:label1\" content=\"Written by\" \/>\n\t<meta name=\"twitter:data1\" content=\"creativebitsolutions\" \/>\n\t<meta name=\"twitter:label2\" content=\"Estimated reading time\" \/>\n\t<meta name=\"twitter:data2\" content=\"1 minute\" \/>\n<script type=\"application\/ld+json\" class=\"yoast-schema-graph\">{\"@context\":\"https:\/\/schema.org\",\"@graph\":[{\"@type\":\"Article\",\"@id\":\"https:\/\/carpathiacenter.ro\/ministrii-agriculturii-vor-discuta-la-bruxelles-despre-situatia-pietei-in-special-ca-urmare-a-invadarii-ucrainei\/#article\",\"isPartOf\":{\"@id\":\"https:\/\/carpathiacenter.ro\/ministrii-agriculturii-vor-discuta-la-bruxelles-despre-situatia-pietei-in-special-ca-urmare-a-invadarii-ucrainei\/\"},\"author\":{\"name\":\"creativebitsolutions\",\"@id\":\"https:\/\/carpathiacenter.ro\/#\/schema\/person\/03d9f58202fee8379268f34afa195006\"},\"headline\":\"Mini\u015ftrii Agriculturii vor discuta, la Bruxelles, despre situa\u0163ia pie\u0163ei, \u00een special ca urmare a invad\u0103rii Ucrainei\",\"datePublished\":\"2024-11-18T08:12:58+00:00\",\"mainEntityOfPage\":{\"@id\":\"https:\/\/carpathiacenter.ro\/ministrii-agriculturii-vor-discuta-la-bruxelles-despre-situatia-pietei-in-special-ca-urmare-a-invadarii-ucrainei\/\"},\"wordCount\":302,\"commentCount\":0,\"publisher\":{\"@id\":\"https:\/\/carpathiacenter.ro\/#organization\"},\"image\":{\"@id\":\"https:\/\/carpathiacenter.ro\/ministrii-agriculturii-vor-discuta-la-bruxelles-despre-situatia-pietei-in-special-ca-urmare-a-invadarii-ucrainei\/#primaryimage\"},\"thumbnailUrl\":\"https:\/\/carpathiacenter.ro\/wp-content\/uploads\/2024\/11\/539472.jpg\",\"articleSection\":[\"Uncategorized\"],\"inLanguage\":\"en-GB\",\"potentialAction\":[{\"@type\":\"CommentAction\",\"name\":\"Comment\",\"target\":[\"https:\/\/carpathiacenter.ro\/ministrii-agriculturii-vor-discuta-la-bruxelles-despre-situatia-pietei-in-special-ca-urmare-a-invadarii-ucrainei\/#respond\"]}]},{\"@type\":\"WebPage\",\"@id\":\"https:\/\/carpathiacenter.ro\/ministrii-agriculturii-vor-discuta-la-bruxelles-despre-situatia-pietei-in-special-ca-urmare-a-invadarii-ucrainei\/\",\"url\":\"https:\/\/carpathiacenter.ro\/ministrii-agriculturii-vor-discuta-la-bruxelles-despre-situatia-pietei-in-special-ca-urmare-a-invadarii-ucrainei\/\",\"name\":\"Mini\u015ftrii Agriculturii vor discuta, la Bruxelles, despre situa\u0163ia pie\u0163ei, \u00een special ca urmare a invad\u0103rii Ucrainei - Carpathia Center Romania\",\"isPartOf\":{\"@id\":\"https:\/\/carpathiacenter.ro\/#website\"},\"primaryImageOfPage\":{\"@id\":\"https:\/\/carpathiacenter.ro\/ministrii-agriculturii-vor-discuta-la-bruxelles-despre-situatia-pietei-in-special-ca-urmare-a-invadarii-ucrainei\/#primaryimage\"},\"image\":{\"@id\":\"https:\/\/carpathiacenter.ro\/ministrii-agriculturii-vor-discuta-la-bruxelles-despre-situatia-pietei-in-special-ca-urmare-a-invadarii-ucrainei\/#primaryimage\"},\"thumbnailUrl\":\"https:\/\/carpathiacenter.ro\/wp-content\/uploads\/2024\/11\/539472.jpg\",\"datePublished\":\"2024-11-18T08:12:58+00:00\",\"breadcrumb\":{\"@id\":\"https:\/\/carpathiacenter.ro\/ministrii-agriculturii-vor-discuta-la-bruxelles-despre-situatia-pietei-in-special-ca-urmare-a-invadarii-ucrainei\/#breadcrumb\"},\"inLanguage\":\"en-GB\",\"potentialAction\":[{\"@type\":\"ReadAction\",\"target\":[\"https:\/\/carpathiacenter.ro\/ministrii-agriculturii-vor-discuta-la-bruxelles-despre-situatia-pietei-in-special-ca-urmare-a-invadarii-ucrainei\/\"]}]},{\"@type\":\"ImageObject\",\"inLanguage\":\"en-GB\",\"@id\":\"https:\/\/carpathiacenter.ro\/ministrii-agriculturii-vor-discuta-la-bruxelles-despre-situatia-pietei-in-special-ca-urmare-a-invadarii-ucrainei\/#primaryimage\",\"url\":\"https:\/\/carpathiacenter.ro\/wp-content\/uploads\/2024\/11\/539472.jpg\",\"contentUrl\":\"https:\/\/carpathiacenter.ro\/wp-content\/uploads\/2024\/11\/539472.jpg\",\"width\":600,\"height\":450},{\"@type\":\"BreadcrumbList\",\"@id\":\"https:\/\/carpathiacenter.ro\/ministrii-agriculturii-vor-discuta-la-bruxelles-despre-situatia-pietei-in-special-ca-urmare-a-invadarii-ucrainei\/#breadcrumb\",\"itemListElement\":[{\"@type\":\"ListItem\",\"position\":1,\"name\":\"Prima pagin\u0103\",\"item\":\"https:\/\/carpathiacenter.ro\/\"},{\"@type\":\"ListItem\",\"position\":2,\"name\":\"Mini\u015ftrii Agriculturii vor discuta, la Bruxelles, despre situa\u0163ia pie\u0163ei, \u00een special ca urmare a invad\u0103rii Ucrainei\"}]},{\"@type\":\"WebSite\",\"@id\":\"https:\/\/carpathiacenter.ro\/#website\",\"url\":\"https:\/\/carpathiacenter.ro\/\",\"name\":\"Carpathia Center Romania\",\"description\":\"Impossible made possible!\",\"publisher\":{\"@id\":\"https:\/\/carpathiacenter.ro\/#organization\"},\"potentialAction\":[{\"@type\":\"SearchAction\",\"target\":{\"@type\":\"EntryPoint\",\"urlTemplate\":\"https:\/\/carpathiacenter.ro\/?s={search_term_string}\"},\"query-input\":{\"@type\":\"PropertyValueSpecification\",\"valueRequired\":true,\"valueName\":\"search_term_string\"}}],\"inLanguage\":\"en-GB\"},{\"@type\":\"Organization\",\"@id\":\"https:\/\/carpathiacenter.ro\/#organization\",\"name\":\"Carpathia Center Romania\",\"url\":\"https:\/\/carpathiacenter.ro\/\",\"logo\":{\"@type\":\"ImageObject\",\"inLanguage\":\"en-GB\",\"@id\":\"https:\/\/carpathiacenter.ro\/#\/schema\/logo\/image\/\",\"url\":\"https:\/\/carpathiacenter.ro\/wp-content\/uploads\/2024\/07\/logo-carpathia_bg_white-1024x941.png\",\"contentUrl\":\"https:\/\/carpathiacenter.ro\/wp-content\/uploads\/2024\/07\/logo-carpathia_bg_white-1024x941.png\",\"width\":1024,\"height\":941,\"caption\":\"Carpathia Center Romania\"},\"image\":{\"@id\":\"https:\/\/carpathiacenter.ro\/#\/schema\/logo\/image\/\"},\"sameAs\":[\"https:\/\/www.facebook.com\/fdpscarpathia\/\"]},{\"@type\":\"Person\",\"@id\":\"https:\/\/carpathiacenter.ro\/#\/schema\/person\/03d9f58202fee8379268f34afa195006\",\"name\":\"creativebitsolutions\",\"image\":{\"@type\":\"ImageObject\",\"inLanguage\":\"en-GB\",\"@id\":\"https:\/\/carpathiacenter.ro\/#\/schema\/person\/image\/\",\"url\":\"https:\/\/secure.gravatar.com\/avatar\/1b1a13e37f847c635dab78348f1dff2f07651ee2a3d77a5c355a4b8c75f9165a?s=96&d=mm&r=g\",\"contentUrl\":\"https:\/\/secure.gravatar.com\/avatar\/1b1a13e37f847c635dab78348f1dff2f07651ee2a3d77a5c355a4b8c75f9165a?s=96&d=mm&r=g\",\"caption\":\"creativebitsolutions\"},\"url\":\"https:\/\/carpathiacenter.ro\/en\/author\/creativebitsolutions\/\"}]}<\/script>\n<!-- \/ Yoast SEO plugin. -->","yoast_head_json":{"title":"Mini\u015ftrii Agriculturii vor discuta, la Bruxelles, despre situa\u0163ia pie\u0163ei, \u00een special ca urmare a invad\u0103rii Ucrainei - Carpathia Center Romania","robots":{"index":"index","follow":"follow","max-snippet":"max-snippet:-1","max-image-preview":"max-image-preview:large","max-video-preview":"max-video-preview:-1"},"canonical":"https:\/\/carpathiacenter.ro\/en\/ministrii-agriculturii-vor-discuta-la-bruxelles-despre-situatia-pietei-in-special-ca-urmare-a-invadarii-ucrainei\/","og_locale":"en_GB","og_type":"article","og_title":"Mini\u015ftrii Agriculturii vor discuta, la Bruxelles, despre situa\u0163ia pie\u0163ei, \u00een special ca urmare a invad\u0103rii Ucrainei - Carpathia Center Romania","og_description":"Mini\u015ftrii Agriculturii se vor reuni, luni, la Bruxelles, la reuniunea Consiliului Agricultur\u0103 \u015fi Pescuit al UE, unul dintre subiectele principale ale discu\u0163iilor fiind situa\u0163ia pie\u0163ei, \u00een special ca urmare a invad\u0103rii Ucrainei. Rom\u00e2nia va fi reprezentat\u0103 la aceast\u0103 reuniune de Violeta Mu\u015fat, secretar de stat \u00een Ministerul Agriculturii \u015fi Dezvolt\u0103rii Rurale, potrivit informa\u0163iilor furnizate AGERPRES...","og_url":"https:\/\/carpathiacenter.ro\/en\/ministrii-agriculturii-vor-discuta-la-bruxelles-despre-situatia-pietei-in-special-ca-urmare-a-invadarii-ucrainei\/","og_site_name":"Carpathia Center Romania","article_publisher":"https:\/\/www.facebook.com\/fdpscarpathia\/","article_published_time":"2024-11-18T08:12:58+00:00","og_image":[{"width":600,"height":450,"url":"https:\/\/carpathiacenter.ro\/wp-content\/uploads\/2024\/11\/539472.jpg","type":"image\/jpeg"}],"author":"creativebitsolutions","twitter_card":"summary_large_image","twitter_misc":{"Written by":"creativebitsolutions","Estimated reading time":"1 minute"},"schema":{"@context":"https:\/\/schema.org","@graph":[{"@type":"Article","@id":"https:\/\/carpathiacenter.ro\/ministrii-agriculturii-vor-discuta-la-bruxelles-despre-situatia-pietei-in-special-ca-urmare-a-invadarii-ucrainei\/#article","isPartOf":{"@id":"https:\/\/carpathiacenter.ro\/ministrii-agriculturii-vor-discuta-la-bruxelles-despre-situatia-pietei-in-special-ca-urmare-a-invadarii-ucrainei\/"},"author":{"name":"creativebitsolutions","@id":"https:\/\/carpathiacenter.ro\/#\/schema\/person\/03d9f58202fee8379268f34afa195006"},"headline":"Mini\u015ftrii Agriculturii vor discuta, la Bruxelles, despre situa\u0163ia pie\u0163ei, \u00een special ca urmare a invad\u0103rii Ucrainei","datePublished":"2024-11-18T08:12:58+00:00","mainEntityOfPage":{"@id":"https:\/\/carpathiacenter.ro\/ministrii-agriculturii-vor-discuta-la-bruxelles-despre-situatia-pietei-in-special-ca-urmare-a-invadarii-ucrainei\/"},"wordCount":302,"commentCount":0,"publisher":{"@id":"https:\/\/carpathiacenter.ro\/#organization"},"image":{"@id":"https:\/\/carpathiacenter.ro\/ministrii-agriculturii-vor-discuta-la-bruxelles-despre-situatia-pietei-in-special-ca-urmare-a-invadarii-ucrainei\/#primaryimage"},"thumbnailUrl":"https:\/\/carpathiacenter.ro\/wp-content\/uploads\/2024\/11\/539472.jpg","articleSection":["Uncategorized"],"inLanguage":"en-GB","potentialAction":[{"@type":"CommentAction","name":"Comment","target":["https:\/\/carpathiacenter.ro\/ministrii-agriculturii-vor-discuta-la-bruxelles-despre-situatia-pietei-in-special-ca-urmare-a-invadarii-ucrainei\/#respond"]}]},{"@type":"WebPage","@id":"https:\/\/carpathiacenter.ro\/ministrii-agriculturii-vor-discuta-la-bruxelles-despre-situatia-pietei-in-special-ca-urmare-a-invadarii-ucrainei\/","url":"https:\/\/carpathiacenter.ro\/ministrii-agriculturii-vor-discuta-la-bruxelles-despre-situatia-pietei-in-special-ca-urmare-a-invadarii-ucrainei\/","name":"Mini\u015ftrii Agriculturii vor discuta, la Bruxelles, despre situa\u0163ia pie\u0163ei, \u00een special ca urmare a invad\u0103rii Ucrainei - Carpathia Center Romania","isPartOf":{"@id":"https:\/\/carpathiacenter.ro\/#website"},"primaryImageOfPage":{"@id":"https:\/\/carpathiacenter.ro\/ministrii-agriculturii-vor-discuta-la-bruxelles-despre-situatia-pietei-in-special-ca-urmare-a-invadarii-ucrainei\/#primaryimage"},"image":{"@id":"https:\/\/carpathiacenter.ro\/ministrii-agriculturii-vor-discuta-la-bruxelles-despre-situatia-pietei-in-special-ca-urmare-a-invadarii-ucrainei\/#primaryimage"},"thumbnailUrl":"https:\/\/carpathiacenter.ro\/wp-content\/uploads\/2024\/11\/539472.jpg","datePublished":"2024-11-18T08:12:58+00:00","breadcrumb":{"@id":"https:\/\/carpathiacenter.ro\/ministrii-agriculturii-vor-discuta-la-bruxelles-despre-situatia-pietei-in-special-ca-urmare-a-invadarii-ucrainei\/#breadcrumb"},"inLanguage":"en-GB","potentialAction":[{"@type":"ReadAction","target":["https:\/\/carpathiacenter.ro\/ministrii-agriculturii-vor-discuta-la-bruxelles-despre-situatia-pietei-in-special-ca-urmare-a-invadarii-ucrainei\/"]}]},{"@type":"ImageObject","inLanguage":"en-GB","@id":"https:\/\/carpathiacenter.ro\/ministrii-agriculturii-vor-discuta-la-bruxelles-despre-situatia-pietei-in-special-ca-urmare-a-invadarii-ucrainei\/#primaryimage","url":"https:\/\/carpathiacenter.ro\/wp-content\/uploads\/2024\/11\/539472.jpg","contentUrl":"https:\/\/carpathiacenter.ro\/wp-content\/uploads\/2024\/11\/539472.jpg","width":600,"height":450},{"@type":"BreadcrumbList","@id":"https:\/\/carpathiacenter.ro\/ministrii-agriculturii-vor-discuta-la-bruxelles-despre-situatia-pietei-in-special-ca-urmare-a-invadarii-ucrainei\/#breadcrumb","itemListElement":[{"@type":"ListItem","position":1,"name":"Prima pagin\u0103","item":"https:\/\/carpathiacenter.ro\/"},{"@type":"ListItem","position":2,"name":"Mini\u015ftrii Agriculturii vor discuta, la Bruxelles, despre situa\u0163ia pie\u0163ei, \u00een special ca urmare a invad\u0103rii Ucrainei"}]},{"@type":"WebSite","@id":"https:\/\/carpathiacenter.ro\/#website","url":"https:\/\/carpathiacenter.ro\/","name":"Carpathia Center Romania","description":"Impossible made possible!","publisher":{"@id":"https:\/\/carpathiacenter.ro\/#organization"},"potentialAction":[{"@type":"SearchAction","target":{"@type":"EntryPoint","urlTemplate":"https:\/\/carpathiacenter.ro\/?s={search_term_string}"},"query-input":{"@type":"PropertyValueSpecification","valueRequired":true,"valueName":"search_term_string"}}],"inLanguage":"en-GB"},{"@type":"Organization","@id":"https:\/\/carpathiacenter.ro\/#organization","name":"Carpathia Center Romania","url":"https:\/\/carpathiacenter.ro\/","logo":{"@type":"ImageObject","inLanguage":"en-GB","@id":"https:\/\/carpathiacenter.ro\/#\/schema\/logo\/image\/","url":"https:\/\/carpathiacenter.ro\/wp-content\/uploads\/2024\/07\/logo-carpathia_bg_white-1024x941.png","contentUrl":"https:\/\/carpathiacenter.ro\/wp-content\/uploads\/2024\/07\/logo-carpathia_bg_white-1024x941.png","width":1024,"height":941,"caption":"Carpathia Center Romania"},"image":{"@id":"https:\/\/carpathiacenter.ro\/#\/schema\/logo\/image\/"},"sameAs":["https:\/\/www.facebook.com\/fdpscarpathia\/"]},{"@type":"Person","@id":"https:\/\/carpathiacenter.ro\/#\/schema\/person\/03d9f58202fee8379268f34afa195006","name":"creativebitsolutions","image":{"@type":"ImageObject","inLanguage":"en-GB","@id":"https:\/\/carpathiacenter.ro\/#\/schema\/person\/image\/","url":"https:\/\/secure.gravatar.com\/avatar\/1b1a13e37f847c635dab78348f1dff2f07651ee2a3d77a5c355a4b8c75f9165a?s=96&d=mm&r=g","contentUrl":"https:\/\/secure.gravatar.com\/avatar\/1b1a13e37f847c635dab78348f1dff2f07651ee2a3d77a5c355a4b8c75f9165a?s=96&d=mm&r=g","caption":"creativebitsolutions"},"url":"https:\/\/carpathiacenter.ro\/en\/author\/creativebitsolutions\/"}]}},"_links":{"self":[{"href":"https:\/\/carpathiacenter.ro\/en\/wp-json\/wp\/v2\/posts\/1565","targetHints":{"allow":["GET"]}}],"collection":[{"href":"https:\/\/carpathiacenter.ro\/en\/wp-json\/wp\/v2\/posts"}],"about":[{"href":"https:\/\/carpathiacenter.ro\/en\/wp-json\/wp\/v2\/types\/post"}],"author":[{"embeddable":true,"href":"https:\/\/carpathiacenter.ro\/en\/wp-json\/wp\/v2\/users\/4"}],"replies":[{"embeddable":true,"href":"https:\/\/carpathiacenter.ro\/en\/wp-json\/wp\/v2\/comments?post=1565"}],"version-history":[{"count":1,"href":"https:\/\/carpathiacenter.ro\/en\/wp-json\/wp\/v2\/posts\/1565\/revisions"}],"predecessor-version":[{"id":1569,"href":"https:\/\/carpathiacenter.ro\/en\/wp-json\/wp\/v2\/posts\/1565\/revisions\/1569"}],"wp:featuredmedia":[{"embeddable":true,"href":"https:\/\/carpathiacenter.ro\/en\/wp-json\/wp\/v2\/media\/1566"}],"wp:attachment":[{"href":"https:\/\/carpathiacenter.ro\/en\/wp-json\/wp\/v2\/media?parent=1565"}],"wp:term":[{"taxonomy":"category","embeddable":true,"href":"https:\/\/carpathiacenter.ro\/en\/wp-json\/wp\/v2\/categories?post=1565"},{"taxonomy":"post_tag","embeddable":true,"href":"https:\/\/carpathiacenter.ro\/en\/wp-json\/wp\/v2\/tags?post=1565"}],"curies":[{"name":"wp","href":"https:\/\/api.w.org\/{rel}","templated":true}]}}