{"id":1559,"date":"2024-11-15T14:50:29","date_gmt":"2024-11-15T14:50:29","guid":{"rendered":"https:\/\/carpathiacenter.ro\/?p=1559"},"modified":"2024-11-15T14:50:29","modified_gmt":"2024-11-15T14:50:29","slug":"sua-trump-promite-o-armata-puternica-si-sfarsitul-razboaielor-din-orientul-mijlociu-si-ucraina","status":"publish","type":"post","link":"https:\/\/carpathiacenter.ro\/en\/sua-trump-promite-o-armata-puternica-si-sfarsitul-razboaielor-din-orientul-mijlociu-si-ucraina\/","title":{"rendered":"SUA: Trump promite o &#8221;armat\u0103 puternic\u0103&#8221; \u015fi sf\u00e2r\u015fitul r\u0103zboaielor din Orientul Mijlociu \u015fi #Ucraina"},"content":{"rendered":"<div class=\"description_articol\">\n<p>Pre\u015fedintele ales al SUA, Donald Trump, a promis joi o &#8220;armat\u0103 puternic\u0103&#8221; \u015fi sf\u00e2r\u015fitul r\u0103zboaielor din Orientul Mijlociu \u015fi Ucraina, \u00een timp ce Departamentul Ap\u0103r\u0103rii \u015fi Departamentul de Stat au dat asigur\u0103ri c\u0103 tranzi\u0163ia dintre democra\u0163i \u015fi republicani va fi calm\u0103 p\u00e2n\u0103 pe 20 ianuarie, relateaz\u0103 AFP.<\/p>\n<p>La o gal\u0103 \u00een fieful s\u0103u Mar-a-Lago din Palm Beach, Florida, pre\u015fedintele ales s-a felicitat pentru numirile sale r\u0103sun\u0103toare la S\u0103n\u0103tate, Justi\u0163ie, Ap\u0103rare \u015fi \u00een fruntea unei comisii pentru &#8220;eficien\u0163\u0103 guvernamental\u0103&#8221;, \u00eencredin\u0163at\u0103 lui Elon Musk.<\/p>\n<p>&#8220;Trebuie s\u0103 reg\u0103sim o \u0163ar\u0103 mare, cu taxe mici \u015fi o armat\u0103 puternic\u0103. Trebuie s\u0103 avem grij\u0103 de for\u0163ele noastre armate. Am f\u0103cut-o deja, va trebui s\u0103 o facem din nou&#8221;, a spus Trump, critic\u00e2nd &#8220;marea bucat\u0103&#8221; din bugetul SUA reprezentat\u0103 de cheltuielile de aproximativ 1.000 de miliarde de dolari din Afganistan din 2001 p\u00e2n\u0103 \u00een 2021.<\/p>\n<p>Aceast\u0103 cifr\u0103 colosal\u0103 a fost men\u0163ionat\u0103 de pre\u015fedintele Joe Biden \u00een timpul retragerii militare din august 2021.<\/p>\n<p>Un sus\u0163in\u0103tor al unei politici externe non-interven\u0163ioniste, Trump a promis c\u0103 &#8220;va lucra \u00een privin\u0163a Orientului Mijlociu \u015fi va lucra foarte mult \u00een privin\u0163a Rusiei \u015fi Ucrainei&#8221;, pentru c\u0103 &#8220;acest lucru trebuie s\u0103 \u00eenceteze&#8221;.<\/p>\n<p>Pre\u015fedintele ales i-a \u00eencredin\u0163at lui Elon Musk sarcina de a propune reduceri clare de aproximativ 2.000 de miliarde de dolari \u00een cheltuieli federale, cu posibile numeroase elimin\u0103ri de pozi\u0163ii de rang \u00eenalt la Pentagon.<\/p>\n<p>\u00centrebat\u0103 despre riscul de reducere a dimensiunii celei mai puternice armate de pe planet\u0103, purt\u0103toarea de cuv\u00e2nt adjunct\u0103 a ap\u0103r\u0103rii a actualei administra\u0163ii democrate, Sabrina Singh, a amintit de blocarea de luni de zile \u00een 2023 de c\u0103tre un senator republican \u00een Congres a numirii a 425 de lideri militari.<\/p>\n<p>&#8220;Un num\u0103r semnificativ de generali \u015fi ofi\u0163eri superiori (erau) \u00een a\u015fteptare (&#8230;), astfel c\u0103 sunt oameni care ocup\u0103 dou\u0103, trei pozi\u0163ii \u00een acela\u015fi timp: da, ar avea un impact asupra opera\u0163iunilor, asupra moralului \u015fi asupra departamentului&#8221;, a avertizat Singh.<\/p>\n<p>Dar p\u00e2n\u0103 la \u00eenvestitura lui Donald Trump pe 20 ianuarie, &#8220;vom face tot ce putem pentru a asigura o tranzi\u0163ie ordonat\u0103 \u015fi calm\u0103&#8221;, a promis ea.<\/p>\n<p>&#8220;C\u00e2nd echipa urm\u0103torului secretar va fi preg\u0103tit\u0103 pentru aceast\u0103 tranzi\u0163ie, am dori s\u0103 ne asigur\u0103m c\u0103 sunt preg\u0103ti\u0163i s\u0103 reu\u015feasc\u0103&#8221;, a ad\u0103ugat purt\u0103toarea de cuv\u00e2nt, f\u0103r\u0103 a men\u0163iona vreun contact \u00eentre secretarul ap\u0103r\u0103rii \u015fi \u015feful Pentagonului, Lloyd Austin, \u015fi cel numit de Donald Trump, Pete Hegseth.<\/p>\n<p>Acest prezentator al postului conservator de televiziune Fox News este un fost ofi\u0163er de infanterie din Garda Na\u0163ional\u0103, care a fost trimis \u00een Irak \u015fi Afganistan.<\/p>\n<p>Dac\u0103 acest b\u0103rbat de 44 de ani, care nu a condus niciodat\u0103 nicio institu\u0163ie, va fi confirmat de Senat, el va comanda 3,4 milioane de solda\u0163i \u015fi civili \u015fi va fi \u00een fruntea unui buget anual uluitor de peste 850 de miliarde de dolari.<\/p>\n<p>\u00cen ceea ce prive\u015fte diploma\u0163ia american\u0103, secretarul de stat democrat Antony Blinken este de a\u015fteptat s\u0103 aib\u0103 &#8220;schimburi adecvate \u00een urm\u0103toarele s\u0103pt\u0103m\u00e2ni&#8221; cu succesorul s\u0103u desemnat miercuri, Marco Rubio, cu privire la tranzi\u0163ie, potrivit purt\u0103torului de cuv\u00e2nt al Departamentului de Stat, Vedant Patel.<\/p>\n<p>Senatorul republican de 53 de ani din Florida, cunoscut pentru pozi\u0163iile sale ostile fa\u0163\u0103 de China \u015fi Iran, va fi &#8220;un ap\u0103r\u0103tor \u00eenfl\u0103c\u0103rat al na\u0163iunii noastre, un adev\u0103rat prieten al alia\u0163ilor no\u015ftri \u015fi un r\u0103zboinic ne\u00eenfricat care nu va da niciodat\u0103 \u00eenapoi \u00een fa\u0163a adversarilor no\u015ftri&#8221;, a afirmat Trump. AGERPRES\/(AS &#8211; autor: Ionu\u0163 Mare\u015f, editor: Gabriela Ionescu, editor online: Anda Badea)<\/p>\n<\/div>\n<p>Sursa: https:\/\/www.agerpres.ro\/sanatate\/2024\/11\/14\/umf-carol-davila-isi-mentine-pozitia-in-trei-domenii-ale-clasamentului-shanghai-global-ranking&#8211;1386930<\/p>","protected":false},"excerpt":{"rendered":"<p>Pre\u015fedintele ales al SUA, Donald Trump, a promis joi o &#8220;armat\u0103 puternic\u0103&#8221; \u015fi sf\u00e2r\u015fitul r\u0103zboaielor din Orientul Mijlociu \u015fi Ucraina, \u00een timp ce Departamentul Ap\u0103r\u0103rii \u015fi Departamentul de Stat au dat asigur\u0103ri c\u0103 tranzi\u0163ia dintre democra\u0163i \u015fi republicani va fi calm\u0103 p\u00e2n\u0103 pe 20 ianuarie, relateaz\u0103 AFP. La o gal\u0103 \u00een fieful s\u0103u Mar-a-Lago din&#8230;<\/p>","protected":false},"author":4,"featured_media":1561,"comment_status":"open","ping_status":"open","sticky":false,"template":"","format":"standard","meta":{"footnotes":""},"categories":[1],"tags":[],"class_list":["post-1559","post","type-post","status-publish","format-standard","has-post-thumbnail","hentry","category-uncategorized"],"yoast_head":"<!-- This site is optimized with the Yoast SEO plugin v26.1.1 - https:\/\/yoast.com\/wordpress\/plugins\/seo\/ -->\n<title>SUA: Trump promite o &#039;&#039;armat\u0103 puternic\u0103&#039;&#039; \u015fi sf\u00e2r\u015fitul r\u0103zboaielor din Orientul Mijlociu \u015fi #Ucraina - Carpathia Center Romania<\/title>\n<meta name=\"robots\" content=\"index, follow, max-snippet:-1, max-image-preview:large, max-video-preview:-1\" \/>\n<link rel=\"canonical\" href=\"https:\/\/carpathiacenter.ro\/en\/sua-trump-promite-o-armata-puternica-si-sfarsitul-razboaielor-din-orientul-mijlociu-si-ucraina\/\" \/>\n<meta property=\"og:locale\" content=\"en_GB\" \/>\n<meta property=\"og:type\" content=\"article\" \/>\n<meta property=\"og:title\" content=\"SUA: Trump promite o &#039;&#039;armat\u0103 puternic\u0103&#039;&#039; \u015fi sf\u00e2r\u015fitul r\u0103zboaielor din Orientul Mijlociu \u015fi #Ucraina - Carpathia Center Romania\" \/>\n<meta property=\"og:description\" content=\"Pre\u015fedintele ales al SUA, Donald Trump, a promis joi o &#8220;armat\u0103 puternic\u0103&#8221; \u015fi sf\u00e2r\u015fitul r\u0103zboaielor din Orientul Mijlociu \u015fi Ucraina, \u00een timp ce Departamentul Ap\u0103r\u0103rii \u015fi Departamentul de Stat au dat asigur\u0103ri c\u0103 tranzi\u0163ia dintre democra\u0163i \u015fi republicani va fi calm\u0103 p\u00e2n\u0103 pe 20 ianuarie, relateaz\u0103 AFP. La o gal\u0103 \u00een fieful s\u0103u Mar-a-Lago din...\" \/>\n<meta property=\"og:url\" content=\"https:\/\/carpathiacenter.ro\/en\/sua-trump-promite-o-armata-puternica-si-sfarsitul-razboaielor-din-orientul-mijlociu-si-ucraina\/\" \/>\n<meta property=\"og:site_name\" content=\"Carpathia Center Romania\" \/>\n<meta property=\"article:publisher\" content=\"https:\/\/www.facebook.com\/fdpscarpathia\/\" \/>\n<meta property=\"article:published_time\" content=\"2024-11-15T14:50:29+00:00\" \/>\n<meta property=\"og:image\" content=\"https:\/\/carpathiacenter.ro\/wp-content\/uploads\/2024\/11\/Donald-Trump-1200x900-1.jpg\" \/>\n\t<meta property=\"og:image:width\" content=\"1200\" \/>\n\t<meta property=\"og:image:height\" content=\"900\" \/>\n\t<meta property=\"og:image:type\" content=\"image\/jpeg\" \/>\n<meta name=\"author\" content=\"creativebitsolutions\" \/>\n<meta name=\"twitter:card\" content=\"summary_large_image\" \/>\n<meta name=\"twitter:label1\" content=\"Written by\" \/>\n\t<meta name=\"twitter:data1\" content=\"creativebitsolutions\" \/>\n\t<meta name=\"twitter:label2\" content=\"Estimated reading time\" \/>\n\t<meta name=\"twitter:data2\" content=\"3 minutes\" \/>\n<script type=\"application\/ld+json\" class=\"yoast-schema-graph\">{\"@context\":\"https:\/\/schema.org\",\"@graph\":[{\"@type\":\"Article\",\"@id\":\"https:\/\/carpathiacenter.ro\/sua-trump-promite-o-armata-puternica-si-sfarsitul-razboaielor-din-orientul-mijlociu-si-ucraina\/#article\",\"isPartOf\":{\"@id\":\"https:\/\/carpathiacenter.ro\/sua-trump-promite-o-armata-puternica-si-sfarsitul-razboaielor-din-orientul-mijlociu-si-ucraina\/\"},\"author\":{\"name\":\"creativebitsolutions\",\"@id\":\"https:\/\/carpathiacenter.ro\/#\/schema\/person\/03d9f58202fee8379268f34afa195006\"},\"headline\":\"SUA: Trump promite o &#8221;armat\u0103 puternic\u0103&#8221; \u015fi sf\u00e2r\u015fitul r\u0103zboaielor din Orientul Mijlociu \u015fi #Ucraina\",\"datePublished\":\"2024-11-15T14:50:29+00:00\",\"mainEntityOfPage\":{\"@id\":\"https:\/\/carpathiacenter.ro\/sua-trump-promite-o-armata-puternica-si-sfarsitul-razboaielor-din-orientul-mijlociu-si-ucraina\/\"},\"wordCount\":663,\"commentCount\":0,\"publisher\":{\"@id\":\"https:\/\/carpathiacenter.ro\/#organization\"},\"image\":{\"@id\":\"https:\/\/carpathiacenter.ro\/sua-trump-promite-o-armata-puternica-si-sfarsitul-razboaielor-din-orientul-mijlociu-si-ucraina\/#primaryimage\"},\"thumbnailUrl\":\"https:\/\/carpathiacenter.ro\/wp-content\/uploads\/2024\/11\/Donald-Trump-1200x900-1.jpg\",\"articleSection\":[\"Uncategorized\"],\"inLanguage\":\"en-GB\",\"potentialAction\":[{\"@type\":\"CommentAction\",\"name\":\"Comment\",\"target\":[\"https:\/\/carpathiacenter.ro\/sua-trump-promite-o-armata-puternica-si-sfarsitul-razboaielor-din-orientul-mijlociu-si-ucraina\/#respond\"]}]},{\"@type\":\"WebPage\",\"@id\":\"https:\/\/carpathiacenter.ro\/sua-trump-promite-o-armata-puternica-si-sfarsitul-razboaielor-din-orientul-mijlociu-si-ucraina\/\",\"url\":\"https:\/\/carpathiacenter.ro\/sua-trump-promite-o-armata-puternica-si-sfarsitul-razboaielor-din-orientul-mijlociu-si-ucraina\/\",\"name\":\"SUA: Trump promite o ''armat\u0103 puternic\u0103'' \u015fi sf\u00e2r\u015fitul r\u0103zboaielor din Orientul Mijlociu \u015fi #Ucraina - Carpathia Center Romania\",\"isPartOf\":{\"@id\":\"https:\/\/carpathiacenter.ro\/#website\"},\"primaryImageOfPage\":{\"@id\":\"https:\/\/carpathiacenter.ro\/sua-trump-promite-o-armata-puternica-si-sfarsitul-razboaielor-din-orientul-mijlociu-si-ucraina\/#primaryimage\"},\"image\":{\"@id\":\"https:\/\/carpathiacenter.ro\/sua-trump-promite-o-armata-puternica-si-sfarsitul-razboaielor-din-orientul-mijlociu-si-ucraina\/#primaryimage\"},\"thumbnailUrl\":\"https:\/\/carpathiacenter.ro\/wp-content\/uploads\/2024\/11\/Donald-Trump-1200x900-1.jpg\",\"datePublished\":\"2024-11-15T14:50:29+00:00\",\"breadcrumb\":{\"@id\":\"https:\/\/carpathiacenter.ro\/sua-trump-promite-o-armata-puternica-si-sfarsitul-razboaielor-din-orientul-mijlociu-si-ucraina\/#breadcrumb\"},\"inLanguage\":\"en-GB\",\"potentialAction\":[{\"@type\":\"ReadAction\",\"target\":[\"https:\/\/carpathiacenter.ro\/sua-trump-promite-o-armata-puternica-si-sfarsitul-razboaielor-din-orientul-mijlociu-si-ucraina\/\"]}]},{\"@type\":\"ImageObject\",\"inLanguage\":\"en-GB\",\"@id\":\"https:\/\/carpathiacenter.ro\/sua-trump-promite-o-armata-puternica-si-sfarsitul-razboaielor-din-orientul-mijlociu-si-ucraina\/#primaryimage\",\"url\":\"https:\/\/carpathiacenter.ro\/wp-content\/uploads\/2024\/11\/Donald-Trump-1200x900-1.jpg\",\"contentUrl\":\"https:\/\/carpathiacenter.ro\/wp-content\/uploads\/2024\/11\/Donald-Trump-1200x900-1.jpg\",\"width\":1200,\"height\":900},{\"@type\":\"BreadcrumbList\",\"@id\":\"https:\/\/carpathiacenter.ro\/sua-trump-promite-o-armata-puternica-si-sfarsitul-razboaielor-din-orientul-mijlociu-si-ucraina\/#breadcrumb\",\"itemListElement\":[{\"@type\":\"ListItem\",\"position\":1,\"name\":\"Prima pagin\u0103\",\"item\":\"https:\/\/carpathiacenter.ro\/\"},{\"@type\":\"ListItem\",\"position\":2,\"name\":\"SUA: Trump promite o &#8221;armat\u0103 puternic\u0103&#8221; \u015fi sf\u00e2r\u015fitul r\u0103zboaielor din Orientul Mijlociu \u015fi #Ucraina\"}]},{\"@type\":\"WebSite\",\"@id\":\"https:\/\/carpathiacenter.ro\/#website\",\"url\":\"https:\/\/carpathiacenter.ro\/\",\"name\":\"Carpathia Center Romania\",\"description\":\"Impossible made possible!\",\"publisher\":{\"@id\":\"https:\/\/carpathiacenter.ro\/#organization\"},\"potentialAction\":[{\"@type\":\"SearchAction\",\"target\":{\"@type\":\"EntryPoint\",\"urlTemplate\":\"https:\/\/carpathiacenter.ro\/?s={search_term_string}\"},\"query-input\":{\"@type\":\"PropertyValueSpecification\",\"valueRequired\":true,\"valueName\":\"search_term_string\"}}],\"inLanguage\":\"en-GB\"},{\"@type\":\"Organization\",\"@id\":\"https:\/\/carpathiacenter.ro\/#organization\",\"name\":\"Carpathia Center Romania\",\"url\":\"https:\/\/carpathiacenter.ro\/\",\"logo\":{\"@type\":\"ImageObject\",\"inLanguage\":\"en-GB\",\"@id\":\"https:\/\/carpathiacenter.ro\/#\/schema\/logo\/image\/\",\"url\":\"https:\/\/carpathiacenter.ro\/wp-content\/uploads\/2024\/07\/logo-carpathia_bg_white-1024x941.png\",\"contentUrl\":\"https:\/\/carpathiacenter.ro\/wp-content\/uploads\/2024\/07\/logo-carpathia_bg_white-1024x941.png\",\"width\":1024,\"height\":941,\"caption\":\"Carpathia Center Romania\"},\"image\":{\"@id\":\"https:\/\/carpathiacenter.ro\/#\/schema\/logo\/image\/\"},\"sameAs\":[\"https:\/\/www.facebook.com\/fdpscarpathia\/\"]},{\"@type\":\"Person\",\"@id\":\"https:\/\/carpathiacenter.ro\/#\/schema\/person\/03d9f58202fee8379268f34afa195006\",\"name\":\"creativebitsolutions\",\"image\":{\"@type\":\"ImageObject\",\"inLanguage\":\"en-GB\",\"@id\":\"https:\/\/carpathiacenter.ro\/#\/schema\/person\/image\/\",\"url\":\"https:\/\/secure.gravatar.com\/avatar\/1b1a13e37f847c635dab78348f1dff2f07651ee2a3d77a5c355a4b8c75f9165a?s=96&d=mm&r=g\",\"contentUrl\":\"https:\/\/secure.gravatar.com\/avatar\/1b1a13e37f847c635dab78348f1dff2f07651ee2a3d77a5c355a4b8c75f9165a?s=96&d=mm&r=g\",\"caption\":\"creativebitsolutions\"},\"url\":\"https:\/\/carpathiacenter.ro\/en\/author\/creativebitsolutions\/\"}]}<\/script>\n<!-- \/ Yoast SEO plugin. -->","yoast_head_json":{"title":"SUA: Trump promite o ''armat\u0103 puternic\u0103'' \u015fi sf\u00e2r\u015fitul r\u0103zboaielor din Orientul Mijlociu \u015fi #Ucraina - Carpathia Center Romania","robots":{"index":"index","follow":"follow","max-snippet":"max-snippet:-1","max-image-preview":"max-image-preview:large","max-video-preview":"max-video-preview:-1"},"canonical":"https:\/\/carpathiacenter.ro\/en\/sua-trump-promite-o-armata-puternica-si-sfarsitul-razboaielor-din-orientul-mijlociu-si-ucraina\/","og_locale":"en_GB","og_type":"article","og_title":"SUA: Trump promite o ''armat\u0103 puternic\u0103'' \u015fi sf\u00e2r\u015fitul r\u0103zboaielor din Orientul Mijlociu \u015fi #Ucraina - Carpathia Center Romania","og_description":"Pre\u015fedintele ales al SUA, Donald Trump, a promis joi o &#8220;armat\u0103 puternic\u0103&#8221; \u015fi sf\u00e2r\u015fitul r\u0103zboaielor din Orientul Mijlociu \u015fi Ucraina, \u00een timp ce Departamentul Ap\u0103r\u0103rii \u015fi Departamentul de Stat au dat asigur\u0103ri c\u0103 tranzi\u0163ia dintre democra\u0163i \u015fi republicani va fi calm\u0103 p\u00e2n\u0103 pe 20 ianuarie, relateaz\u0103 AFP. La o gal\u0103 \u00een fieful s\u0103u Mar-a-Lago din...","og_url":"https:\/\/carpathiacenter.ro\/en\/sua-trump-promite-o-armata-puternica-si-sfarsitul-razboaielor-din-orientul-mijlociu-si-ucraina\/","og_site_name":"Carpathia Center Romania","article_publisher":"https:\/\/www.facebook.com\/fdpscarpathia\/","article_published_time":"2024-11-15T14:50:29+00:00","og_image":[{"width":1200,"height":900,"url":"https:\/\/carpathiacenter.ro\/wp-content\/uploads\/2024\/11\/Donald-Trump-1200x900-1.jpg","type":"image\/jpeg"}],"author":"creativebitsolutions","twitter_card":"summary_large_image","twitter_misc":{"Written by":"creativebitsolutions","Estimated reading time":"3 minutes"},"schema":{"@context":"https:\/\/schema.org","@graph":[{"@type":"Article","@id":"https:\/\/carpathiacenter.ro\/sua-trump-promite-o-armata-puternica-si-sfarsitul-razboaielor-din-orientul-mijlociu-si-ucraina\/#article","isPartOf":{"@id":"https:\/\/carpathiacenter.ro\/sua-trump-promite-o-armata-puternica-si-sfarsitul-razboaielor-din-orientul-mijlociu-si-ucraina\/"},"author":{"name":"creativebitsolutions","@id":"https:\/\/carpathiacenter.ro\/#\/schema\/person\/03d9f58202fee8379268f34afa195006"},"headline":"SUA: Trump promite o &#8221;armat\u0103 puternic\u0103&#8221; \u015fi sf\u00e2r\u015fitul r\u0103zboaielor din Orientul Mijlociu \u015fi #Ucraina","datePublished":"2024-11-15T14:50:29+00:00","mainEntityOfPage":{"@id":"https:\/\/carpathiacenter.ro\/sua-trump-promite-o-armata-puternica-si-sfarsitul-razboaielor-din-orientul-mijlociu-si-ucraina\/"},"wordCount":663,"commentCount":0,"publisher":{"@id":"https:\/\/carpathiacenter.ro\/#organization"},"image":{"@id":"https:\/\/carpathiacenter.ro\/sua-trump-promite-o-armata-puternica-si-sfarsitul-razboaielor-din-orientul-mijlociu-si-ucraina\/#primaryimage"},"thumbnailUrl":"https:\/\/carpathiacenter.ro\/wp-content\/uploads\/2024\/11\/Donald-Trump-1200x900-1.jpg","articleSection":["Uncategorized"],"inLanguage":"en-GB","potentialAction":[{"@type":"CommentAction","name":"Comment","target":["https:\/\/carpathiacenter.ro\/sua-trump-promite-o-armata-puternica-si-sfarsitul-razboaielor-din-orientul-mijlociu-si-ucraina\/#respond"]}]},{"@type":"WebPage","@id":"https:\/\/carpathiacenter.ro\/sua-trump-promite-o-armata-puternica-si-sfarsitul-razboaielor-din-orientul-mijlociu-si-ucraina\/","url":"https:\/\/carpathiacenter.ro\/sua-trump-promite-o-armata-puternica-si-sfarsitul-razboaielor-din-orientul-mijlociu-si-ucraina\/","name":"SUA: Trump promite o ''armat\u0103 puternic\u0103'' \u015fi sf\u00e2r\u015fitul r\u0103zboaielor din Orientul Mijlociu \u015fi #Ucraina - Carpathia Center Romania","isPartOf":{"@id":"https:\/\/carpathiacenter.ro\/#website"},"primaryImageOfPage":{"@id":"https:\/\/carpathiacenter.ro\/sua-trump-promite-o-armata-puternica-si-sfarsitul-razboaielor-din-orientul-mijlociu-si-ucraina\/#primaryimage"},"image":{"@id":"https:\/\/carpathiacenter.ro\/sua-trump-promite-o-armata-puternica-si-sfarsitul-razboaielor-din-orientul-mijlociu-si-ucraina\/#primaryimage"},"thumbnailUrl":"https:\/\/carpathiacenter.ro\/wp-content\/uploads\/2024\/11\/Donald-Trump-1200x900-1.jpg","datePublished":"2024-11-15T14:50:29+00:00","breadcrumb":{"@id":"https:\/\/carpathiacenter.ro\/sua-trump-promite-o-armata-puternica-si-sfarsitul-razboaielor-din-orientul-mijlociu-si-ucraina\/#breadcrumb"},"inLanguage":"en-GB","potentialAction":[{"@type":"ReadAction","target":["https:\/\/carpathiacenter.ro\/sua-trump-promite-o-armata-puternica-si-sfarsitul-razboaielor-din-orientul-mijlociu-si-ucraina\/"]}]},{"@type":"ImageObject","inLanguage":"en-GB","@id":"https:\/\/carpathiacenter.ro\/sua-trump-promite-o-armata-puternica-si-sfarsitul-razboaielor-din-orientul-mijlociu-si-ucraina\/#primaryimage","url":"https:\/\/carpathiacenter.ro\/wp-content\/uploads\/2024\/11\/Donald-Trump-1200x900-1.jpg","contentUrl":"https:\/\/carpathiacenter.ro\/wp-content\/uploads\/2024\/11\/Donald-Trump-1200x900-1.jpg","width":1200,"height":900},{"@type":"BreadcrumbList","@id":"https:\/\/carpathiacenter.ro\/sua-trump-promite-o-armata-puternica-si-sfarsitul-razboaielor-din-orientul-mijlociu-si-ucraina\/#breadcrumb","itemListElement":[{"@type":"ListItem","position":1,"name":"Prima pagin\u0103","item":"https:\/\/carpathiacenter.ro\/"},{"@type":"ListItem","position":2,"name":"SUA: Trump promite o &#8221;armat\u0103 puternic\u0103&#8221; \u015fi sf\u00e2r\u015fitul r\u0103zboaielor din Orientul Mijlociu \u015fi #Ucraina"}]},{"@type":"WebSite","@id":"https:\/\/carpathiacenter.ro\/#website","url":"https:\/\/carpathiacenter.ro\/","name":"Carpathia Center Romania","description":"Impossible made possible!","publisher":{"@id":"https:\/\/carpathiacenter.ro\/#organization"},"potentialAction":[{"@type":"SearchAction","target":{"@type":"EntryPoint","urlTemplate":"https:\/\/carpathiacenter.ro\/?s={search_term_string}"},"query-input":{"@type":"PropertyValueSpecification","valueRequired":true,"valueName":"search_term_string"}}],"inLanguage":"en-GB"},{"@type":"Organization","@id":"https:\/\/carpathiacenter.ro\/#organization","name":"Carpathia Center Romania","url":"https:\/\/carpathiacenter.ro\/","logo":{"@type":"ImageObject","inLanguage":"en-GB","@id":"https:\/\/carpathiacenter.ro\/#\/schema\/logo\/image\/","url":"https:\/\/carpathiacenter.ro\/wp-content\/uploads\/2024\/07\/logo-carpathia_bg_white-1024x941.png","contentUrl":"https:\/\/carpathiacenter.ro\/wp-content\/uploads\/2024\/07\/logo-carpathia_bg_white-1024x941.png","width":1024,"height":941,"caption":"Carpathia Center Romania"},"image":{"@id":"https:\/\/carpathiacenter.ro\/#\/schema\/logo\/image\/"},"sameAs":["https:\/\/www.facebook.com\/fdpscarpathia\/"]},{"@type":"Person","@id":"https:\/\/carpathiacenter.ro\/#\/schema\/person\/03d9f58202fee8379268f34afa195006","name":"creativebitsolutions","image":{"@type":"ImageObject","inLanguage":"en-GB","@id":"https:\/\/carpathiacenter.ro\/#\/schema\/person\/image\/","url":"https:\/\/secure.gravatar.com\/avatar\/1b1a13e37f847c635dab78348f1dff2f07651ee2a3d77a5c355a4b8c75f9165a?s=96&d=mm&r=g","contentUrl":"https:\/\/secure.gravatar.com\/avatar\/1b1a13e37f847c635dab78348f1dff2f07651ee2a3d77a5c355a4b8c75f9165a?s=96&d=mm&r=g","caption":"creativebitsolutions"},"url":"https:\/\/carpathiacenter.ro\/en\/author\/creativebitsolutions\/"}]}},"_links":{"self":[{"href":"https:\/\/carpathiacenter.ro\/en\/wp-json\/wp\/v2\/posts\/1559","targetHints":{"allow":["GET"]}}],"collection":[{"href":"https:\/\/carpathiacenter.ro\/en\/wp-json\/wp\/v2\/posts"}],"about":[{"href":"https:\/\/carpathiacenter.ro\/en\/wp-json\/wp\/v2\/types\/post"}],"author":[{"embeddable":true,"href":"https:\/\/carpathiacenter.ro\/en\/wp-json\/wp\/v2\/users\/4"}],"replies":[{"embeddable":true,"href":"https:\/\/carpathiacenter.ro\/en\/wp-json\/wp\/v2\/comments?post=1559"}],"version-history":[{"count":1,"href":"https:\/\/carpathiacenter.ro\/en\/wp-json\/wp\/v2\/posts\/1559\/revisions"}],"predecessor-version":[{"id":1563,"href":"https:\/\/carpathiacenter.ro\/en\/wp-json\/wp\/v2\/posts\/1559\/revisions\/1563"}],"wp:featuredmedia":[{"embeddable":true,"href":"https:\/\/carpathiacenter.ro\/en\/wp-json\/wp\/v2\/media\/1561"}],"wp:attachment":[{"href":"https:\/\/carpathiacenter.ro\/en\/wp-json\/wp\/v2\/media?parent=1559"}],"wp:term":[{"taxonomy":"category","embeddable":true,"href":"https:\/\/carpathiacenter.ro\/en\/wp-json\/wp\/v2\/categories?post=1559"},{"taxonomy":"post_tag","embeddable":true,"href":"https:\/\/carpathiacenter.ro\/en\/wp-json\/wp\/v2\/tags?post=1559"}],"curies":[{"name":"wp","href":"https:\/\/api.w.org\/{rel}","templated":true}]}}