{"id":1534,"date":"2024-11-12T08:38:53","date_gmt":"2024-11-12T08:38:53","guid":{"rendered":"https:\/\/carpathiacenter.ro\/?p=1534"},"modified":"2024-11-12T08:38:53","modified_gmt":"2024-11-12T08:38:53","slug":"dambovita-s-a-redeschis-centrul-de-sanatate-multifunctional-de-la-titu","status":"publish","type":"post","link":"https:\/\/carpathiacenter.ro\/en\/dambovita-s-a-redeschis-centrul-de-sanatate-multifunctional-de-la-titu\/","title":{"rendered":"D\u00e2mbovi\u0163a: S-a redeschis Centrul de S\u0103n\u0103tate Multifunc\u0163ional de la Titu"},"content":{"rendered":"<div class=\"tdb-block-inner td-fix-index\">\n<p><strong>Centrul de S\u0103n\u0103tate Multifunc\u0163ional de la Titu s-a redeschis, luni, \u015fi func\u0163ioneaz\u0103 ca sec\u0163ie extern\u0103 a Spitalului Jude\u0163ean de Urgen\u0163\u0103 T\u00e2rgovi\u015fte.<\/strong><\/p>\n<p>\u00cen 2011 acest centru s-a \u00eenchis ca urmare a unei decizii guvernamentale prin care erau \u00eenchise mai multe unit\u0103\u0163i spitalice\u015fti de mici dimensiuni din \u0163ar\u0103. \u00cen 2013 centrul de la Titu s-a redeschis, a func\u0163ionat ca unitate de primiri urgen\u0163e, sec\u0163ie extern\u0103 a spitalului jude\u0163ean, iar \u00een 2020 a fost \u00eenchis din nou.<\/p>\n<p>\u201cAm promis redeschiderea Centrului de S\u0103n\u0103tate Multifunc\u0163ional Titu \u015fi ast\u0103zi ne-am onorat cuv\u00e2ntul dat locuitorilor din acest ora\u015f, precum \u015fi oamenilor din zon\u0103. \u00cempreun\u0103 cu primarul ora\u015fului Titu, Lauren\u0163iu Costache, am reu\u015fit ca unitatea medical\u0103 s\u0103 fie reamenajat\u0103 \u015fi s\u0103 devin\u0103 func\u0163ional\u0103. De acum, cet\u0103\u0163enii din Titu \u015fi \u00eemprejurimi vor beneficia de servicii medicale de calitate \u015fi \u00eengrijire de specialitate c\u00e2t mai aproape de cas\u0103, a\u015fa cum se \u00eent\u00e2mpl\u0103 \u015fi la Spitalul Jude\u0163ean de Urgen\u0163\u0103 T\u00e2rgovi\u015fte. A\u015fadar, locuitorii din zon\u0103 vor putea merge la Centrul de S\u0103n\u0103tate Multifunc\u0163ional din Titu ori de c\u00e2te ori au o problem\u0103 de s\u0103n\u0103tate \u015fi nu vor mai fi nevoi\u0163i s\u0103 vin\u0103 la Unitatea de Primiri Urgen\u0163e din T\u00e2rgovi\u015fte\u201d, a declarat pre\u015fedintele CJ D\u00e2mbovi\u0163a, Corneliu \u015etefan.<\/p>\n<p>Conform acestuia, \u00een cadrul Centrului de S\u0103n\u0103tate Multifunc\u0163ional Titu, amplasat \u00een dou\u0103 corpuri, la parter \u015fi etaj, vor fi oferite urm\u0103toarele servicii medicale: spitalizare de zi \u00een medicin\u0103 intern\u0103; cabinet oncologie medical\u0103; consulta\u0163ii \u015fi servicii medicale ambulatorii \u00een specialit\u0103\u0163ile ortopedie \u015fi traumatologie, chirurgie general\u0103, medicin\u0103 intern\u0103.<\/p>\n<p>\u201c\u00centotdeauna punem oamenii \u015fi s\u0103n\u0103tatea oamenilor pe primul plan. Sper ca aceast\u0103 nou\u0103 deschidere s\u0103 fie de bun augur \u015fi s\u0103 aib\u0103 continuitate. Este un nou pas pentru comunitatea noastr\u0103 iar eu, ca primar, am f\u0103cut tot posibilul ca, \u00een aceste trei s\u0103pt\u0103m\u00e2ni de c\u00e2nd am preluat mandatul, s\u0103 aducem acest centru medical la standarde bune, astfel \u00eenc\u00e2t s\u0103 oferim oamenilor din ora\u015ful nostru servicii medicale de calitate\u201d, a spus, la redeschiderea centrului, primarul din Titu, Lauren\u0163iu Costache.<\/p>\n<p>Centrul de S\u0103n\u0103tate Multifunc\u0163ional va deservi c\u00e2teva zeci de mii de persoane din Titu \u015fi localit\u0103\u0163ile \u00eenvecinate.<\/p>\n<p>\u201cCentrul multifunc\u0163ional va func\u0163iona \u00een structura Spitalului jude\u0163ean, ca sec\u0163ie exterioar\u0103, \u015fi are \u00een structura medical\u0103 \u015fase cabinete, care vor fi deservite de medici reloca\u0163i din Spitalul jude\u0163ean conform unui orar stabilit. Vom avea punct de recoltare probe biologice, unde se vor putea adresa locuitorii din Titu \u015fi \u00eemprejurimi, cu bilet de trimitere de la medicul de familie, iar probele recoltate vor fi lucrate \u00een aparatele instalate aici sau, dac\u0103 vor fi analize mai complicate, vor putea fi f\u0103cute la Spitalul jude\u0163ean. Medicii de familie pot \u00eendruma pacien\u0163ii aici pentru investiga\u0163ii \u015fi consulta\u0163ii de specialitate. Totul se afl\u0103 \u00een rela\u0163ie contractual\u0103 cu Casa de S\u0103n\u0103tate D\u00e2mbovi\u0163a, deci serviciile vor fi gratuite pentru cei asigura\u0163i\u201d, a precizat directorul Spitalului Jude\u0163ean de Urgen\u0163\u0103 T\u00e2rgovi\u015fte, Silviana Marin. AGERPRES\/(A-Cornelia Dumitru, editor: Antonia Ni\u0163\u0103, editor online: Irina Giurgiu)<\/p>\n<p>Sursa: <a href=\"https:\/\/www.agerpres.ro\/sanatate\/2024\/11\/11\/dambovita-s-a-redeschis-centrul-de-sanatate-multifunctional-de-la-titu--1385085\" target=\"_blank\" rel=\"noopener\" title=\"\">https:\/\/www.agerpres.ro\/sanatate\/2024\/11\/11\/dambovita-s-a-redeschis-centrul-de-sanatate-multifunctional-de-la-titu\u20131385085<\/a><\/p>\n<\/div>","protected":false},"excerpt":{"rendered":"<p>Centrul de S\u0103n\u0103tate Multifunc\u0163ional de la Titu s-a redeschis, luni, \u015fi func\u0163ioneaz\u0103 ca sec\u0163ie extern\u0103 a Spitalului Jude\u0163ean de Urgen\u0163\u0103 T\u00e2rgovi\u015fte. \u00cen 2011 acest centru s-a \u00eenchis ca urmare a unei decizii guvernamentale prin care erau \u00eenchise mai multe unit\u0103\u0163i spitalice\u015fti de mici dimensiuni din \u0163ar\u0103. \u00cen 2013 centrul de la Titu s-a redeschis, a&#8230;<\/p>","protected":false},"author":4,"featured_media":1535,"comment_status":"open","ping_status":"open","sticky":false,"template":"","format":"standard","meta":{"footnotes":""},"categories":[1],"tags":[],"class_list":["post-1534","post","type-post","status-publish","format-standard","has-post-thumbnail","hentry","category-uncategorized"],"yoast_head":"<!-- This site is optimized with the Yoast SEO plugin v26.1.1 - https:\/\/yoast.com\/wordpress\/plugins\/seo\/ -->\n<title>D\u00e2mbovi\u0163a: S-a redeschis Centrul de S\u0103n\u0103tate Multifunc\u0163ional de la Titu - Carpathia Center Romania<\/title>\n<meta name=\"robots\" content=\"index, follow, max-snippet:-1, max-image-preview:large, max-video-preview:-1\" \/>\n<link rel=\"canonical\" href=\"https:\/\/carpathiacenter.ro\/en\/dambovita-s-a-redeschis-centrul-de-sanatate-multifunctional-de-la-titu\/\" \/>\n<meta property=\"og:locale\" content=\"en_GB\" \/>\n<meta property=\"og:type\" content=\"article\" \/>\n<meta property=\"og:title\" content=\"D\u00e2mbovi\u0163a: S-a redeschis Centrul de S\u0103n\u0103tate Multifunc\u0163ional de la Titu - Carpathia Center Romania\" \/>\n<meta property=\"og:description\" content=\"Centrul de S\u0103n\u0103tate Multifunc\u0163ional de la Titu s-a redeschis, luni, \u015fi func\u0163ioneaz\u0103 ca sec\u0163ie extern\u0103 a Spitalului Jude\u0163ean de Urgen\u0163\u0103 T\u00e2rgovi\u015fte. \u00cen 2011 acest centru s-a \u00eenchis ca urmare a unei decizii guvernamentale prin care erau \u00eenchise mai multe unit\u0103\u0163i spitalice\u015fti de mici dimensiuni din \u0163ar\u0103. \u00cen 2013 centrul de la Titu s-a redeschis, a...\" \/>\n<meta property=\"og:url\" content=\"https:\/\/carpathiacenter.ro\/en\/dambovita-s-a-redeschis-centrul-de-sanatate-multifunctional-de-la-titu\/\" \/>\n<meta property=\"og:site_name\" content=\"Carpathia Center Romania\" \/>\n<meta property=\"article:publisher\" content=\"https:\/\/www.facebook.com\/fdpscarpathia\/\" \/>\n<meta property=\"article:published_time\" content=\"2024-11-12T08:38:53+00:00\" \/>\n<meta property=\"og:image\" content=\"https:\/\/carpathiacenter.ro\/wp-content\/uploads\/2024\/11\/centrul-de-sanatate-dambovita.jpg\" \/>\n\t<meta property=\"og:image:width\" content=\"1599\" \/>\n\t<meta property=\"og:image:height\" content=\"899\" \/>\n\t<meta property=\"og:image:type\" content=\"image\/jpeg\" \/>\n<meta name=\"author\" content=\"creativebitsolutions\" \/>\n<meta name=\"twitter:card\" content=\"summary_large_image\" \/>\n<meta name=\"twitter:label1\" content=\"Written by\" \/>\n\t<meta name=\"twitter:data1\" content=\"creativebitsolutions\" \/>\n\t<meta name=\"twitter:label2\" content=\"Estimated reading time\" \/>\n\t<meta name=\"twitter:data2\" content=\"3 minutes\" \/>\n<script type=\"application\/ld+json\" class=\"yoast-schema-graph\">{\"@context\":\"https:\/\/schema.org\",\"@graph\":[{\"@type\":\"Article\",\"@id\":\"https:\/\/carpathiacenter.ro\/dambovita-s-a-redeschis-centrul-de-sanatate-multifunctional-de-la-titu\/#article\",\"isPartOf\":{\"@id\":\"https:\/\/carpathiacenter.ro\/dambovita-s-a-redeschis-centrul-de-sanatate-multifunctional-de-la-titu\/\"},\"author\":{\"name\":\"creativebitsolutions\",\"@id\":\"https:\/\/carpathiacenter.ro\/#\/schema\/person\/03d9f58202fee8379268f34afa195006\"},\"headline\":\"D\u00e2mbovi\u0163a: S-a redeschis Centrul de S\u0103n\u0103tate Multifunc\u0163ional de la Titu\",\"datePublished\":\"2024-11-12T08:38:53+00:00\",\"mainEntityOfPage\":{\"@id\":\"https:\/\/carpathiacenter.ro\/dambovita-s-a-redeschis-centrul-de-sanatate-multifunctional-de-la-titu\/\"},\"wordCount\":574,\"commentCount\":0,\"publisher\":{\"@id\":\"https:\/\/carpathiacenter.ro\/#organization\"},\"image\":{\"@id\":\"https:\/\/carpathiacenter.ro\/dambovita-s-a-redeschis-centrul-de-sanatate-multifunctional-de-la-titu\/#primaryimage\"},\"thumbnailUrl\":\"https:\/\/carpathiacenter.ro\/wp-content\/uploads\/2024\/11\/centrul-de-sanatate-dambovita.jpg\",\"articleSection\":[\"Uncategorized\"],\"inLanguage\":\"en-GB\",\"potentialAction\":[{\"@type\":\"CommentAction\",\"name\":\"Comment\",\"target\":[\"https:\/\/carpathiacenter.ro\/dambovita-s-a-redeschis-centrul-de-sanatate-multifunctional-de-la-titu\/#respond\"]}]},{\"@type\":\"WebPage\",\"@id\":\"https:\/\/carpathiacenter.ro\/dambovita-s-a-redeschis-centrul-de-sanatate-multifunctional-de-la-titu\/\",\"url\":\"https:\/\/carpathiacenter.ro\/dambovita-s-a-redeschis-centrul-de-sanatate-multifunctional-de-la-titu\/\",\"name\":\"D\u00e2mbovi\u0163a: S-a redeschis Centrul de S\u0103n\u0103tate Multifunc\u0163ional de la Titu - Carpathia Center Romania\",\"isPartOf\":{\"@id\":\"https:\/\/carpathiacenter.ro\/#website\"},\"primaryImageOfPage\":{\"@id\":\"https:\/\/carpathiacenter.ro\/dambovita-s-a-redeschis-centrul-de-sanatate-multifunctional-de-la-titu\/#primaryimage\"},\"image\":{\"@id\":\"https:\/\/carpathiacenter.ro\/dambovita-s-a-redeschis-centrul-de-sanatate-multifunctional-de-la-titu\/#primaryimage\"},\"thumbnailUrl\":\"https:\/\/carpathiacenter.ro\/wp-content\/uploads\/2024\/11\/centrul-de-sanatate-dambovita.jpg\",\"datePublished\":\"2024-11-12T08:38:53+00:00\",\"breadcrumb\":{\"@id\":\"https:\/\/carpathiacenter.ro\/dambovita-s-a-redeschis-centrul-de-sanatate-multifunctional-de-la-titu\/#breadcrumb\"},\"inLanguage\":\"en-GB\",\"potentialAction\":[{\"@type\":\"ReadAction\",\"target\":[\"https:\/\/carpathiacenter.ro\/dambovita-s-a-redeschis-centrul-de-sanatate-multifunctional-de-la-titu\/\"]}]},{\"@type\":\"ImageObject\",\"inLanguage\":\"en-GB\",\"@id\":\"https:\/\/carpathiacenter.ro\/dambovita-s-a-redeschis-centrul-de-sanatate-multifunctional-de-la-titu\/#primaryimage\",\"url\":\"https:\/\/carpathiacenter.ro\/wp-content\/uploads\/2024\/11\/centrul-de-sanatate-dambovita.jpg\",\"contentUrl\":\"https:\/\/carpathiacenter.ro\/wp-content\/uploads\/2024\/11\/centrul-de-sanatate-dambovita.jpg\",\"width\":1599,\"height\":899},{\"@type\":\"BreadcrumbList\",\"@id\":\"https:\/\/carpathiacenter.ro\/dambovita-s-a-redeschis-centrul-de-sanatate-multifunctional-de-la-titu\/#breadcrumb\",\"itemListElement\":[{\"@type\":\"ListItem\",\"position\":1,\"name\":\"Prima pagin\u0103\",\"item\":\"https:\/\/carpathiacenter.ro\/\"},{\"@type\":\"ListItem\",\"position\":2,\"name\":\"D\u00e2mbovi\u0163a: S-a redeschis Centrul de S\u0103n\u0103tate Multifunc\u0163ional de la Titu\"}]},{\"@type\":\"WebSite\",\"@id\":\"https:\/\/carpathiacenter.ro\/#website\",\"url\":\"https:\/\/carpathiacenter.ro\/\",\"name\":\"Carpathia Center Romania\",\"description\":\"Impossible made possible!\",\"publisher\":{\"@id\":\"https:\/\/carpathiacenter.ro\/#organization\"},\"potentialAction\":[{\"@type\":\"SearchAction\",\"target\":{\"@type\":\"EntryPoint\",\"urlTemplate\":\"https:\/\/carpathiacenter.ro\/?s={search_term_string}\"},\"query-input\":{\"@type\":\"PropertyValueSpecification\",\"valueRequired\":true,\"valueName\":\"search_term_string\"}}],\"inLanguage\":\"en-GB\"},{\"@type\":\"Organization\",\"@id\":\"https:\/\/carpathiacenter.ro\/#organization\",\"name\":\"Carpathia Center Romania\",\"url\":\"https:\/\/carpathiacenter.ro\/\",\"logo\":{\"@type\":\"ImageObject\",\"inLanguage\":\"en-GB\",\"@id\":\"https:\/\/carpathiacenter.ro\/#\/schema\/logo\/image\/\",\"url\":\"https:\/\/carpathiacenter.ro\/wp-content\/uploads\/2024\/07\/logo-carpathia_bg_white-1024x941.png\",\"contentUrl\":\"https:\/\/carpathiacenter.ro\/wp-content\/uploads\/2024\/07\/logo-carpathia_bg_white-1024x941.png\",\"width\":1024,\"height\":941,\"caption\":\"Carpathia Center Romania\"},\"image\":{\"@id\":\"https:\/\/carpathiacenter.ro\/#\/schema\/logo\/image\/\"},\"sameAs\":[\"https:\/\/www.facebook.com\/fdpscarpathia\/\"]},{\"@type\":\"Person\",\"@id\":\"https:\/\/carpathiacenter.ro\/#\/schema\/person\/03d9f58202fee8379268f34afa195006\",\"name\":\"creativebitsolutions\",\"image\":{\"@type\":\"ImageObject\",\"inLanguage\":\"en-GB\",\"@id\":\"https:\/\/carpathiacenter.ro\/#\/schema\/person\/image\/\",\"url\":\"https:\/\/secure.gravatar.com\/avatar\/1b1a13e37f847c635dab78348f1dff2f07651ee2a3d77a5c355a4b8c75f9165a?s=96&d=mm&r=g\",\"contentUrl\":\"https:\/\/secure.gravatar.com\/avatar\/1b1a13e37f847c635dab78348f1dff2f07651ee2a3d77a5c355a4b8c75f9165a?s=96&d=mm&r=g\",\"caption\":\"creativebitsolutions\"},\"url\":\"https:\/\/carpathiacenter.ro\/en\/author\/creativebitsolutions\/\"}]}<\/script>\n<!-- \/ Yoast SEO plugin. -->","yoast_head_json":{"title":"D\u00e2mbovi\u0163a: S-a redeschis Centrul de S\u0103n\u0103tate Multifunc\u0163ional de la Titu - Carpathia Center Romania","robots":{"index":"index","follow":"follow","max-snippet":"max-snippet:-1","max-image-preview":"max-image-preview:large","max-video-preview":"max-video-preview:-1"},"canonical":"https:\/\/carpathiacenter.ro\/en\/dambovita-s-a-redeschis-centrul-de-sanatate-multifunctional-de-la-titu\/","og_locale":"en_GB","og_type":"article","og_title":"D\u00e2mbovi\u0163a: S-a redeschis Centrul de S\u0103n\u0103tate Multifunc\u0163ional de la Titu - Carpathia Center Romania","og_description":"Centrul de S\u0103n\u0103tate Multifunc\u0163ional de la Titu s-a redeschis, luni, \u015fi func\u0163ioneaz\u0103 ca sec\u0163ie extern\u0103 a Spitalului Jude\u0163ean de Urgen\u0163\u0103 T\u00e2rgovi\u015fte. \u00cen 2011 acest centru s-a \u00eenchis ca urmare a unei decizii guvernamentale prin care erau \u00eenchise mai multe unit\u0103\u0163i spitalice\u015fti de mici dimensiuni din \u0163ar\u0103. \u00cen 2013 centrul de la Titu s-a redeschis, a...","og_url":"https:\/\/carpathiacenter.ro\/en\/dambovita-s-a-redeschis-centrul-de-sanatate-multifunctional-de-la-titu\/","og_site_name":"Carpathia Center Romania","article_publisher":"https:\/\/www.facebook.com\/fdpscarpathia\/","article_published_time":"2024-11-12T08:38:53+00:00","og_image":[{"width":1599,"height":899,"url":"https:\/\/carpathiacenter.ro\/wp-content\/uploads\/2024\/11\/centrul-de-sanatate-dambovita.jpg","type":"image\/jpeg"}],"author":"creativebitsolutions","twitter_card":"summary_large_image","twitter_misc":{"Written by":"creativebitsolutions","Estimated reading time":"3 minutes"},"schema":{"@context":"https:\/\/schema.org","@graph":[{"@type":"Article","@id":"https:\/\/carpathiacenter.ro\/dambovita-s-a-redeschis-centrul-de-sanatate-multifunctional-de-la-titu\/#article","isPartOf":{"@id":"https:\/\/carpathiacenter.ro\/dambovita-s-a-redeschis-centrul-de-sanatate-multifunctional-de-la-titu\/"},"author":{"name":"creativebitsolutions","@id":"https:\/\/carpathiacenter.ro\/#\/schema\/person\/03d9f58202fee8379268f34afa195006"},"headline":"D\u00e2mbovi\u0163a: S-a redeschis Centrul de S\u0103n\u0103tate Multifunc\u0163ional de la Titu","datePublished":"2024-11-12T08:38:53+00:00","mainEntityOfPage":{"@id":"https:\/\/carpathiacenter.ro\/dambovita-s-a-redeschis-centrul-de-sanatate-multifunctional-de-la-titu\/"},"wordCount":574,"commentCount":0,"publisher":{"@id":"https:\/\/carpathiacenter.ro\/#organization"},"image":{"@id":"https:\/\/carpathiacenter.ro\/dambovita-s-a-redeschis-centrul-de-sanatate-multifunctional-de-la-titu\/#primaryimage"},"thumbnailUrl":"https:\/\/carpathiacenter.ro\/wp-content\/uploads\/2024\/11\/centrul-de-sanatate-dambovita.jpg","articleSection":["Uncategorized"],"inLanguage":"en-GB","potentialAction":[{"@type":"CommentAction","name":"Comment","target":["https:\/\/carpathiacenter.ro\/dambovita-s-a-redeschis-centrul-de-sanatate-multifunctional-de-la-titu\/#respond"]}]},{"@type":"WebPage","@id":"https:\/\/carpathiacenter.ro\/dambovita-s-a-redeschis-centrul-de-sanatate-multifunctional-de-la-titu\/","url":"https:\/\/carpathiacenter.ro\/dambovita-s-a-redeschis-centrul-de-sanatate-multifunctional-de-la-titu\/","name":"D\u00e2mbovi\u0163a: S-a redeschis Centrul de S\u0103n\u0103tate Multifunc\u0163ional de la Titu - Carpathia Center Romania","isPartOf":{"@id":"https:\/\/carpathiacenter.ro\/#website"},"primaryImageOfPage":{"@id":"https:\/\/carpathiacenter.ro\/dambovita-s-a-redeschis-centrul-de-sanatate-multifunctional-de-la-titu\/#primaryimage"},"image":{"@id":"https:\/\/carpathiacenter.ro\/dambovita-s-a-redeschis-centrul-de-sanatate-multifunctional-de-la-titu\/#primaryimage"},"thumbnailUrl":"https:\/\/carpathiacenter.ro\/wp-content\/uploads\/2024\/11\/centrul-de-sanatate-dambovita.jpg","datePublished":"2024-11-12T08:38:53+00:00","breadcrumb":{"@id":"https:\/\/carpathiacenter.ro\/dambovita-s-a-redeschis-centrul-de-sanatate-multifunctional-de-la-titu\/#breadcrumb"},"inLanguage":"en-GB","potentialAction":[{"@type":"ReadAction","target":["https:\/\/carpathiacenter.ro\/dambovita-s-a-redeschis-centrul-de-sanatate-multifunctional-de-la-titu\/"]}]},{"@type":"ImageObject","inLanguage":"en-GB","@id":"https:\/\/carpathiacenter.ro\/dambovita-s-a-redeschis-centrul-de-sanatate-multifunctional-de-la-titu\/#primaryimage","url":"https:\/\/carpathiacenter.ro\/wp-content\/uploads\/2024\/11\/centrul-de-sanatate-dambovita.jpg","contentUrl":"https:\/\/carpathiacenter.ro\/wp-content\/uploads\/2024\/11\/centrul-de-sanatate-dambovita.jpg","width":1599,"height":899},{"@type":"BreadcrumbList","@id":"https:\/\/carpathiacenter.ro\/dambovita-s-a-redeschis-centrul-de-sanatate-multifunctional-de-la-titu\/#breadcrumb","itemListElement":[{"@type":"ListItem","position":1,"name":"Prima pagin\u0103","item":"https:\/\/carpathiacenter.ro\/"},{"@type":"ListItem","position":2,"name":"D\u00e2mbovi\u0163a: S-a redeschis Centrul de S\u0103n\u0103tate Multifunc\u0163ional de la Titu"}]},{"@type":"WebSite","@id":"https:\/\/carpathiacenter.ro\/#website","url":"https:\/\/carpathiacenter.ro\/","name":"Carpathia Center Romania","description":"Impossible made possible!","publisher":{"@id":"https:\/\/carpathiacenter.ro\/#organization"},"potentialAction":[{"@type":"SearchAction","target":{"@type":"EntryPoint","urlTemplate":"https:\/\/carpathiacenter.ro\/?s={search_term_string}"},"query-input":{"@type":"PropertyValueSpecification","valueRequired":true,"valueName":"search_term_string"}}],"inLanguage":"en-GB"},{"@type":"Organization","@id":"https:\/\/carpathiacenter.ro\/#organization","name":"Carpathia Center Romania","url":"https:\/\/carpathiacenter.ro\/","logo":{"@type":"ImageObject","inLanguage":"en-GB","@id":"https:\/\/carpathiacenter.ro\/#\/schema\/logo\/image\/","url":"https:\/\/carpathiacenter.ro\/wp-content\/uploads\/2024\/07\/logo-carpathia_bg_white-1024x941.png","contentUrl":"https:\/\/carpathiacenter.ro\/wp-content\/uploads\/2024\/07\/logo-carpathia_bg_white-1024x941.png","width":1024,"height":941,"caption":"Carpathia Center Romania"},"image":{"@id":"https:\/\/carpathiacenter.ro\/#\/schema\/logo\/image\/"},"sameAs":["https:\/\/www.facebook.com\/fdpscarpathia\/"]},{"@type":"Person","@id":"https:\/\/carpathiacenter.ro\/#\/schema\/person\/03d9f58202fee8379268f34afa195006","name":"creativebitsolutions","image":{"@type":"ImageObject","inLanguage":"en-GB","@id":"https:\/\/carpathiacenter.ro\/#\/schema\/person\/image\/","url":"https:\/\/secure.gravatar.com\/avatar\/1b1a13e37f847c635dab78348f1dff2f07651ee2a3d77a5c355a4b8c75f9165a?s=96&d=mm&r=g","contentUrl":"https:\/\/secure.gravatar.com\/avatar\/1b1a13e37f847c635dab78348f1dff2f07651ee2a3d77a5c355a4b8c75f9165a?s=96&d=mm&r=g","caption":"creativebitsolutions"},"url":"https:\/\/carpathiacenter.ro\/en\/author\/creativebitsolutions\/"}]}},"_links":{"self":[{"href":"https:\/\/carpathiacenter.ro\/en\/wp-json\/wp\/v2\/posts\/1534","targetHints":{"allow":["GET"]}}],"collection":[{"href":"https:\/\/carpathiacenter.ro\/en\/wp-json\/wp\/v2\/posts"}],"about":[{"href":"https:\/\/carpathiacenter.ro\/en\/wp-json\/wp\/v2\/types\/post"}],"author":[{"embeddable":true,"href":"https:\/\/carpathiacenter.ro\/en\/wp-json\/wp\/v2\/users\/4"}],"replies":[{"embeddable":true,"href":"https:\/\/carpathiacenter.ro\/en\/wp-json\/wp\/v2\/comments?post=1534"}],"version-history":[{"count":1,"href":"https:\/\/carpathiacenter.ro\/en\/wp-json\/wp\/v2\/posts\/1534\/revisions"}],"predecessor-version":[{"id":1536,"href":"https:\/\/carpathiacenter.ro\/en\/wp-json\/wp\/v2\/posts\/1534\/revisions\/1536"}],"wp:featuredmedia":[{"embeddable":true,"href":"https:\/\/carpathiacenter.ro\/en\/wp-json\/wp\/v2\/media\/1535"}],"wp:attachment":[{"href":"https:\/\/carpathiacenter.ro\/en\/wp-json\/wp\/v2\/media?parent=1534"}],"wp:term":[{"taxonomy":"category","embeddable":true,"href":"https:\/\/carpathiacenter.ro\/en\/wp-json\/wp\/v2\/categories?post=1534"},{"taxonomy":"post_tag","embeddable":true,"href":"https:\/\/carpathiacenter.ro\/en\/wp-json\/wp\/v2\/tags?post=1534"}],"curies":[{"name":"wp","href":"https:\/\/api.w.org\/{rel}","templated":true}]}}