{"id":1532,"date":"2024-11-12T08:37:47","date_gmt":"2024-11-12T08:37:47","guid":{"rendered":"https:\/\/carpathiacenter.ro\/?p=1532"},"modified":"2024-11-12T08:37:47","modified_gmt":"2024-11-12T08:37:47","slug":"ministrul-energiei-cu-fiecare-mw-nou-pus-in-functiune-facturile-romanilor-vor-scadea","status":"publish","type":"post","link":"https:\/\/carpathiacenter.ro\/en\/ministrul-energiei-cu-fiecare-mw-nou-pus-in-functiune-facturile-romanilor-vor-scadea\/","title":{"rendered":"Ministrul Energiei: Cu fiecare MW nou pus \u00een func\u0163iune facturile rom\u00e2nilor vor sc\u0103dea"},"content":{"rendered":"<div class=\"tdb-block-inner td-fix-index\">\n<p><strong>Un parc fotovoltaic de 40 MW a fost finalizat de compania CCE \u00een comuna Vladimirescu din jude\u0163ul Arad, cu sprijinul Ministerului Energiei, prin PNRR, investi\u0163ia dep\u0103\u015find 35 de milioane de euro, a scris, luni, pe pagina sa de Facebook, ministrul de resort, Sebastian Burduja.<\/strong><\/p>\n<p>\u201cV-am spus c\u0103 o s\u0103 v\u0103 d\u0103m zilnic ve\u015fti bune \u015fi c\u0103 \u00een fiecare s\u0103pt\u0103m\u00e2n\u0103 ne vom str\u0103dui s\u0103 inaugur\u0103m un nou proiect. Ast\u0103zi a fost r\u00e2ndul jude\u0163ului Arad s\u0103 fie exemplu pentru promisiuni \u00eendeplinite. Un parc fotovoltaic mare, de 40 MW, a fost finalizat de compania CCE \u00een comuna Vladimirescu, jud. Arad. Acesta este primul proiect finalizat de CCE de la \u00eenceperea activit\u0103\u0163ii \u00een Rom\u00e2nia \u015fi, de asemenea, primul proiect realizat de CCE cu sprijinul Ministerului Energiei, prin PNRR. Investi\u0163ia dep\u0103\u015fe\u015fte 35 de milioane de euro \u015fi va furniza energie verde c\u0103tre 17.000 gospodarii\u201d,&nbsp;<a href=\"https:\/\/www.facebook.com\/tianu\/posts\/pfbid08MNuoTuy9j5e7cbnGB9RaBZL3hEcS3zHjsRvEW2cNZEkud8WyUEcU9UK4T4fKVhhl?locale=ro_RO\" target=\"_blank\" rel=\"noreferrer noopener\">a subliniat Burduja<\/a>.<\/p>\n<p>\u00cen Rom\u00e2nia, CCE are \u00een dezvoltare 1,3 GW \u00een proiecte fotovoltaice, din care 220 MW vor fi instala\u0163i \u00een urm\u0103torii doi ani.<\/p>\n<p>Echipa Ministerului Energiei a fost, cu acest prilej, \u015fi pe \u015fantierul noului CET din Arad. Potrivit sursei citate, tot un proiect cu finan\u0163are din PNRR, cu un ajutor de stat de aproape 300 de milioane lei. Capacitatea instala\u0163iei a fost stabilit\u0103 la un minim de 26.7 MWt \u015fi minim 31.2 MWe. Randamentul global al instala\u0163iei de cogenerare va fi de 88,2% dup\u0103 implementarea proiectului. Burduja a precizat c\u0103 lucr\u0103rile \u201cse mi\u015fc\u0103 bine de tot\u201d, iar pentru ar\u0103deni investi\u0163ia va \u00eensemna un aer mai curat \u015fi o factur\u0103 la \u00eentre\u0163inere mai mic\u0103.<\/p>\n<p>\u201cAcestea sunt zilele care ne aduc cele mai mari bucurii. De ce? Pentru c\u0103 vedem c\u0103 munca noastr\u0103 conteaz\u0103. Orele lungi \u00een minister, nervii \u015fi stresul nu sunt \u00een zadar. Iar cu fiecare MW nou pus \u00een func\u0163iune facturile rom\u00e2nilor vor sc\u0103dea, companiile rom\u00e2ne\u015fti vor fi mai competitive, iar energia Rom\u00e2niei va fi mai sigur\u0103, mai accesibil\u0103 \u015fi mai verde. \u00cen anii urm\u0103tori, tot mai multe investi\u0163ii din cele 13 miliarde de euro din fonduri nerambursabile, atrase de echipa mea, vor fi finalizate\u201d, a mai scris ministrul Energiei pe pagina de socializare. AGERPRES\/(AS \u2013 editor: Mariana Nica, editor online: Gabriela Badea)&nbsp;<\/p>\n<p>Sursa: <a href=\"https:\/\/www.agerpres.ro\/economic-intern\/2024\/11\/11\/ministrul-energiei-cu-fiecare-mw-nou-pus-in-functiune-facturile-romanilor-vor-scadea--1385314\" target=\"_blank\" rel=\"noopener\" title=\"\">https:\/\/www.agerpres.ro\/economic-intern\/2024\/11\/11\/ministrul-energiei-cu-fiecare-mw-nou-pus-in-functiune-facturile-romanilor-vor-scadea\u20131385314<\/a><\/p>\n<\/div>","protected":false},"excerpt":{"rendered":"<p>Un parc fotovoltaic de 40 MW a fost finalizat de compania CCE \u00een comuna Vladimirescu din jude\u0163ul Arad, cu sprijinul Ministerului Energiei, prin PNRR, investi\u0163ia dep\u0103\u015find 35 de milioane de euro, a scris, luni, pe pagina sa de Facebook, ministrul de resort, Sebastian Burduja. \u201cV-am spus c\u0103 o s\u0103 v\u0103 d\u0103m zilnic ve\u015fti bune \u015fi&#8230;<\/p>","protected":false},"author":4,"featured_media":1409,"comment_status":"open","ping_status":"open","sticky":false,"template":"","format":"standard","meta":{"footnotes":""},"categories":[1],"tags":[],"class_list":["post-1532","post","type-post","status-publish","format-standard","has-post-thumbnail","hentry","category-uncategorized"],"yoast_head":"<!-- This site is optimized with the Yoast SEO plugin v26.1.1 - https:\/\/yoast.com\/wordpress\/plugins\/seo\/ -->\n<title>Ministrul Energiei: Cu fiecare MW nou pus \u00een func\u0163iune facturile rom\u00e2nilor vor sc\u0103dea - Carpathia Center Romania<\/title>\n<meta name=\"robots\" content=\"index, follow, max-snippet:-1, max-image-preview:large, max-video-preview:-1\" \/>\n<link rel=\"canonical\" href=\"https:\/\/carpathiacenter.ro\/en\/ministrul-energiei-cu-fiecare-mw-nou-pus-in-functiune-facturile-romanilor-vor-scadea\/\" \/>\n<meta property=\"og:locale\" content=\"en_GB\" \/>\n<meta property=\"og:type\" content=\"article\" \/>\n<meta property=\"og:title\" content=\"Ministrul Energiei: Cu fiecare MW nou pus \u00een func\u0163iune facturile rom\u00e2nilor vor sc\u0103dea - Carpathia Center Romania\" \/>\n<meta property=\"og:description\" content=\"Un parc fotovoltaic de 40 MW a fost finalizat de compania CCE \u00een comuna Vladimirescu din jude\u0163ul Arad, cu sprijinul Ministerului Energiei, prin PNRR, investi\u0163ia dep\u0103\u015find 35 de milioane de euro, a scris, luni, pe pagina sa de Facebook, ministrul de resort, Sebastian Burduja. \u201cV-am spus c\u0103 o s\u0103 v\u0103 d\u0103m zilnic ve\u015fti bune \u015fi...\" \/>\n<meta property=\"og:url\" content=\"https:\/\/carpathiacenter.ro\/en\/ministrul-energiei-cu-fiecare-mw-nou-pus-in-functiune-facturile-romanilor-vor-scadea\/\" \/>\n<meta property=\"og:site_name\" content=\"Carpathia Center Romania\" \/>\n<meta property=\"article:publisher\" content=\"https:\/\/www.facebook.com\/fdpscarpathia\/\" \/>\n<meta property=\"article:published_time\" content=\"2024-11-12T08:37:47+00:00\" \/>\n<meta property=\"og:image\" content=\"https:\/\/carpathiacenter.ro\/wp-content\/uploads\/2024\/10\/Sebastian-Bujurda.jpg\" \/>\n\t<meta property=\"og:image:width\" content=\"780\" \/>\n\t<meta property=\"og:image:height\" content=\"440\" \/>\n\t<meta property=\"og:image:type\" content=\"image\/jpeg\" \/>\n<meta name=\"author\" content=\"creativebitsolutions\" \/>\n<meta name=\"twitter:card\" content=\"summary_large_image\" \/>\n<meta name=\"twitter:label1\" content=\"Written by\" \/>\n\t<meta name=\"twitter:data1\" content=\"creativebitsolutions\" \/>\n\t<meta name=\"twitter:label2\" content=\"Estimated reading time\" \/>\n\t<meta name=\"twitter:data2\" content=\"2 minutes\" \/>\n<script type=\"application\/ld+json\" class=\"yoast-schema-graph\">{\"@context\":\"https:\/\/schema.org\",\"@graph\":[{\"@type\":\"Article\",\"@id\":\"https:\/\/carpathiacenter.ro\/ministrul-energiei-cu-fiecare-mw-nou-pus-in-functiune-facturile-romanilor-vor-scadea\/#article\",\"isPartOf\":{\"@id\":\"https:\/\/carpathiacenter.ro\/ministrul-energiei-cu-fiecare-mw-nou-pus-in-functiune-facturile-romanilor-vor-scadea\/\"},\"author\":{\"name\":\"creativebitsolutions\",\"@id\":\"https:\/\/carpathiacenter.ro\/#\/schema\/person\/03d9f58202fee8379268f34afa195006\"},\"headline\":\"Ministrul Energiei: Cu fiecare MW nou pus \u00een func\u0163iune facturile rom\u00e2nilor vor sc\u0103dea\",\"datePublished\":\"2024-11-12T08:37:47+00:00\",\"mainEntityOfPage\":{\"@id\":\"https:\/\/carpathiacenter.ro\/ministrul-energiei-cu-fiecare-mw-nou-pus-in-functiune-facturile-romanilor-vor-scadea\/\"},\"wordCount\":407,\"commentCount\":0,\"publisher\":{\"@id\":\"https:\/\/carpathiacenter.ro\/#organization\"},\"image\":{\"@id\":\"https:\/\/carpathiacenter.ro\/ministrul-energiei-cu-fiecare-mw-nou-pus-in-functiune-facturile-romanilor-vor-scadea\/#primaryimage\"},\"thumbnailUrl\":\"https:\/\/carpathiacenter.ro\/wp-content\/uploads\/2024\/10\/Sebastian-Bujurda.jpg\",\"articleSection\":[\"Uncategorized\"],\"inLanguage\":\"en-GB\",\"potentialAction\":[{\"@type\":\"CommentAction\",\"name\":\"Comment\",\"target\":[\"https:\/\/carpathiacenter.ro\/ministrul-energiei-cu-fiecare-mw-nou-pus-in-functiune-facturile-romanilor-vor-scadea\/#respond\"]}]},{\"@type\":\"WebPage\",\"@id\":\"https:\/\/carpathiacenter.ro\/ministrul-energiei-cu-fiecare-mw-nou-pus-in-functiune-facturile-romanilor-vor-scadea\/\",\"url\":\"https:\/\/carpathiacenter.ro\/ministrul-energiei-cu-fiecare-mw-nou-pus-in-functiune-facturile-romanilor-vor-scadea\/\",\"name\":\"Ministrul Energiei: Cu fiecare MW nou pus \u00een func\u0163iune facturile rom\u00e2nilor vor sc\u0103dea - Carpathia Center Romania\",\"isPartOf\":{\"@id\":\"https:\/\/carpathiacenter.ro\/#website\"},\"primaryImageOfPage\":{\"@id\":\"https:\/\/carpathiacenter.ro\/ministrul-energiei-cu-fiecare-mw-nou-pus-in-functiune-facturile-romanilor-vor-scadea\/#primaryimage\"},\"image\":{\"@id\":\"https:\/\/carpathiacenter.ro\/ministrul-energiei-cu-fiecare-mw-nou-pus-in-functiune-facturile-romanilor-vor-scadea\/#primaryimage\"},\"thumbnailUrl\":\"https:\/\/carpathiacenter.ro\/wp-content\/uploads\/2024\/10\/Sebastian-Bujurda.jpg\",\"datePublished\":\"2024-11-12T08:37:47+00:00\",\"breadcrumb\":{\"@id\":\"https:\/\/carpathiacenter.ro\/ministrul-energiei-cu-fiecare-mw-nou-pus-in-functiune-facturile-romanilor-vor-scadea\/#breadcrumb\"},\"inLanguage\":\"en-GB\",\"potentialAction\":[{\"@type\":\"ReadAction\",\"target\":[\"https:\/\/carpathiacenter.ro\/ministrul-energiei-cu-fiecare-mw-nou-pus-in-functiune-facturile-romanilor-vor-scadea\/\"]}]},{\"@type\":\"ImageObject\",\"inLanguage\":\"en-GB\",\"@id\":\"https:\/\/carpathiacenter.ro\/ministrul-energiei-cu-fiecare-mw-nou-pus-in-functiune-facturile-romanilor-vor-scadea\/#primaryimage\",\"url\":\"https:\/\/carpathiacenter.ro\/wp-content\/uploads\/2024\/10\/Sebastian-Bujurda.jpg\",\"contentUrl\":\"https:\/\/carpathiacenter.ro\/wp-content\/uploads\/2024\/10\/Sebastian-Bujurda.jpg\",\"width\":780,\"height\":440},{\"@type\":\"BreadcrumbList\",\"@id\":\"https:\/\/carpathiacenter.ro\/ministrul-energiei-cu-fiecare-mw-nou-pus-in-functiune-facturile-romanilor-vor-scadea\/#breadcrumb\",\"itemListElement\":[{\"@type\":\"ListItem\",\"position\":1,\"name\":\"Prima pagin\u0103\",\"item\":\"https:\/\/carpathiacenter.ro\/\"},{\"@type\":\"ListItem\",\"position\":2,\"name\":\"Ministrul Energiei: Cu fiecare MW nou pus \u00een func\u0163iune facturile rom\u00e2nilor vor sc\u0103dea\"}]},{\"@type\":\"WebSite\",\"@id\":\"https:\/\/carpathiacenter.ro\/#website\",\"url\":\"https:\/\/carpathiacenter.ro\/\",\"name\":\"Carpathia Center Romania\",\"description\":\"Impossible made possible!\",\"publisher\":{\"@id\":\"https:\/\/carpathiacenter.ro\/#organization\"},\"potentialAction\":[{\"@type\":\"SearchAction\",\"target\":{\"@type\":\"EntryPoint\",\"urlTemplate\":\"https:\/\/carpathiacenter.ro\/?s={search_term_string}\"},\"query-input\":{\"@type\":\"PropertyValueSpecification\",\"valueRequired\":true,\"valueName\":\"search_term_string\"}}],\"inLanguage\":\"en-GB\"},{\"@type\":\"Organization\",\"@id\":\"https:\/\/carpathiacenter.ro\/#organization\",\"name\":\"Carpathia Center Romania\",\"url\":\"https:\/\/carpathiacenter.ro\/\",\"logo\":{\"@type\":\"ImageObject\",\"inLanguage\":\"en-GB\",\"@id\":\"https:\/\/carpathiacenter.ro\/#\/schema\/logo\/image\/\",\"url\":\"https:\/\/carpathiacenter.ro\/wp-content\/uploads\/2024\/07\/logo-carpathia_bg_white-1024x941.png\",\"contentUrl\":\"https:\/\/carpathiacenter.ro\/wp-content\/uploads\/2024\/07\/logo-carpathia_bg_white-1024x941.png\",\"width\":1024,\"height\":941,\"caption\":\"Carpathia Center Romania\"},\"image\":{\"@id\":\"https:\/\/carpathiacenter.ro\/#\/schema\/logo\/image\/\"},\"sameAs\":[\"https:\/\/www.facebook.com\/fdpscarpathia\/\"]},{\"@type\":\"Person\",\"@id\":\"https:\/\/carpathiacenter.ro\/#\/schema\/person\/03d9f58202fee8379268f34afa195006\",\"name\":\"creativebitsolutions\",\"image\":{\"@type\":\"ImageObject\",\"inLanguage\":\"en-GB\",\"@id\":\"https:\/\/carpathiacenter.ro\/#\/schema\/person\/image\/\",\"url\":\"https:\/\/secure.gravatar.com\/avatar\/1b1a13e37f847c635dab78348f1dff2f07651ee2a3d77a5c355a4b8c75f9165a?s=96&d=mm&r=g\",\"contentUrl\":\"https:\/\/secure.gravatar.com\/avatar\/1b1a13e37f847c635dab78348f1dff2f07651ee2a3d77a5c355a4b8c75f9165a?s=96&d=mm&r=g\",\"caption\":\"creativebitsolutions\"},\"url\":\"https:\/\/carpathiacenter.ro\/en\/author\/creativebitsolutions\/\"}]}<\/script>\n<!-- \/ Yoast SEO plugin. -->","yoast_head_json":{"title":"Ministrul Energiei: Cu fiecare MW nou pus \u00een func\u0163iune facturile rom\u00e2nilor vor sc\u0103dea - Carpathia Center Romania","robots":{"index":"index","follow":"follow","max-snippet":"max-snippet:-1","max-image-preview":"max-image-preview:large","max-video-preview":"max-video-preview:-1"},"canonical":"https:\/\/carpathiacenter.ro\/en\/ministrul-energiei-cu-fiecare-mw-nou-pus-in-functiune-facturile-romanilor-vor-scadea\/","og_locale":"en_GB","og_type":"article","og_title":"Ministrul Energiei: Cu fiecare MW nou pus \u00een func\u0163iune facturile rom\u00e2nilor vor sc\u0103dea - Carpathia Center Romania","og_description":"Un parc fotovoltaic de 40 MW a fost finalizat de compania CCE \u00een comuna Vladimirescu din jude\u0163ul Arad, cu sprijinul Ministerului Energiei, prin PNRR, investi\u0163ia dep\u0103\u015find 35 de milioane de euro, a scris, luni, pe pagina sa de Facebook, ministrul de resort, Sebastian Burduja. \u201cV-am spus c\u0103 o s\u0103 v\u0103 d\u0103m zilnic ve\u015fti bune \u015fi...","og_url":"https:\/\/carpathiacenter.ro\/en\/ministrul-energiei-cu-fiecare-mw-nou-pus-in-functiune-facturile-romanilor-vor-scadea\/","og_site_name":"Carpathia Center Romania","article_publisher":"https:\/\/www.facebook.com\/fdpscarpathia\/","article_published_time":"2024-11-12T08:37:47+00:00","og_image":[{"width":780,"height":440,"url":"https:\/\/carpathiacenter.ro\/wp-content\/uploads\/2024\/10\/Sebastian-Bujurda.jpg","type":"image\/jpeg"}],"author":"creativebitsolutions","twitter_card":"summary_large_image","twitter_misc":{"Written by":"creativebitsolutions","Estimated reading time":"2 minutes"},"schema":{"@context":"https:\/\/schema.org","@graph":[{"@type":"Article","@id":"https:\/\/carpathiacenter.ro\/ministrul-energiei-cu-fiecare-mw-nou-pus-in-functiune-facturile-romanilor-vor-scadea\/#article","isPartOf":{"@id":"https:\/\/carpathiacenter.ro\/ministrul-energiei-cu-fiecare-mw-nou-pus-in-functiune-facturile-romanilor-vor-scadea\/"},"author":{"name":"creativebitsolutions","@id":"https:\/\/carpathiacenter.ro\/#\/schema\/person\/03d9f58202fee8379268f34afa195006"},"headline":"Ministrul Energiei: Cu fiecare MW nou pus \u00een func\u0163iune facturile rom\u00e2nilor vor sc\u0103dea","datePublished":"2024-11-12T08:37:47+00:00","mainEntityOfPage":{"@id":"https:\/\/carpathiacenter.ro\/ministrul-energiei-cu-fiecare-mw-nou-pus-in-functiune-facturile-romanilor-vor-scadea\/"},"wordCount":407,"commentCount":0,"publisher":{"@id":"https:\/\/carpathiacenter.ro\/#organization"},"image":{"@id":"https:\/\/carpathiacenter.ro\/ministrul-energiei-cu-fiecare-mw-nou-pus-in-functiune-facturile-romanilor-vor-scadea\/#primaryimage"},"thumbnailUrl":"https:\/\/carpathiacenter.ro\/wp-content\/uploads\/2024\/10\/Sebastian-Bujurda.jpg","articleSection":["Uncategorized"],"inLanguage":"en-GB","potentialAction":[{"@type":"CommentAction","name":"Comment","target":["https:\/\/carpathiacenter.ro\/ministrul-energiei-cu-fiecare-mw-nou-pus-in-functiune-facturile-romanilor-vor-scadea\/#respond"]}]},{"@type":"WebPage","@id":"https:\/\/carpathiacenter.ro\/ministrul-energiei-cu-fiecare-mw-nou-pus-in-functiune-facturile-romanilor-vor-scadea\/","url":"https:\/\/carpathiacenter.ro\/ministrul-energiei-cu-fiecare-mw-nou-pus-in-functiune-facturile-romanilor-vor-scadea\/","name":"Ministrul Energiei: Cu fiecare MW nou pus \u00een func\u0163iune facturile rom\u00e2nilor vor sc\u0103dea - Carpathia Center Romania","isPartOf":{"@id":"https:\/\/carpathiacenter.ro\/#website"},"primaryImageOfPage":{"@id":"https:\/\/carpathiacenter.ro\/ministrul-energiei-cu-fiecare-mw-nou-pus-in-functiune-facturile-romanilor-vor-scadea\/#primaryimage"},"image":{"@id":"https:\/\/carpathiacenter.ro\/ministrul-energiei-cu-fiecare-mw-nou-pus-in-functiune-facturile-romanilor-vor-scadea\/#primaryimage"},"thumbnailUrl":"https:\/\/carpathiacenter.ro\/wp-content\/uploads\/2024\/10\/Sebastian-Bujurda.jpg","datePublished":"2024-11-12T08:37:47+00:00","breadcrumb":{"@id":"https:\/\/carpathiacenter.ro\/ministrul-energiei-cu-fiecare-mw-nou-pus-in-functiune-facturile-romanilor-vor-scadea\/#breadcrumb"},"inLanguage":"en-GB","potentialAction":[{"@type":"ReadAction","target":["https:\/\/carpathiacenter.ro\/ministrul-energiei-cu-fiecare-mw-nou-pus-in-functiune-facturile-romanilor-vor-scadea\/"]}]},{"@type":"ImageObject","inLanguage":"en-GB","@id":"https:\/\/carpathiacenter.ro\/ministrul-energiei-cu-fiecare-mw-nou-pus-in-functiune-facturile-romanilor-vor-scadea\/#primaryimage","url":"https:\/\/carpathiacenter.ro\/wp-content\/uploads\/2024\/10\/Sebastian-Bujurda.jpg","contentUrl":"https:\/\/carpathiacenter.ro\/wp-content\/uploads\/2024\/10\/Sebastian-Bujurda.jpg","width":780,"height":440},{"@type":"BreadcrumbList","@id":"https:\/\/carpathiacenter.ro\/ministrul-energiei-cu-fiecare-mw-nou-pus-in-functiune-facturile-romanilor-vor-scadea\/#breadcrumb","itemListElement":[{"@type":"ListItem","position":1,"name":"Prima pagin\u0103","item":"https:\/\/carpathiacenter.ro\/"},{"@type":"ListItem","position":2,"name":"Ministrul Energiei: Cu fiecare MW nou pus \u00een func\u0163iune facturile rom\u00e2nilor vor sc\u0103dea"}]},{"@type":"WebSite","@id":"https:\/\/carpathiacenter.ro\/#website","url":"https:\/\/carpathiacenter.ro\/","name":"Carpathia Center Romania","description":"Impossible made possible!","publisher":{"@id":"https:\/\/carpathiacenter.ro\/#organization"},"potentialAction":[{"@type":"SearchAction","target":{"@type":"EntryPoint","urlTemplate":"https:\/\/carpathiacenter.ro\/?s={search_term_string}"},"query-input":{"@type":"PropertyValueSpecification","valueRequired":true,"valueName":"search_term_string"}}],"inLanguage":"en-GB"},{"@type":"Organization","@id":"https:\/\/carpathiacenter.ro\/#organization","name":"Carpathia Center Romania","url":"https:\/\/carpathiacenter.ro\/","logo":{"@type":"ImageObject","inLanguage":"en-GB","@id":"https:\/\/carpathiacenter.ro\/#\/schema\/logo\/image\/","url":"https:\/\/carpathiacenter.ro\/wp-content\/uploads\/2024\/07\/logo-carpathia_bg_white-1024x941.png","contentUrl":"https:\/\/carpathiacenter.ro\/wp-content\/uploads\/2024\/07\/logo-carpathia_bg_white-1024x941.png","width":1024,"height":941,"caption":"Carpathia Center Romania"},"image":{"@id":"https:\/\/carpathiacenter.ro\/#\/schema\/logo\/image\/"},"sameAs":["https:\/\/www.facebook.com\/fdpscarpathia\/"]},{"@type":"Person","@id":"https:\/\/carpathiacenter.ro\/#\/schema\/person\/03d9f58202fee8379268f34afa195006","name":"creativebitsolutions","image":{"@type":"ImageObject","inLanguage":"en-GB","@id":"https:\/\/carpathiacenter.ro\/#\/schema\/person\/image\/","url":"https:\/\/secure.gravatar.com\/avatar\/1b1a13e37f847c635dab78348f1dff2f07651ee2a3d77a5c355a4b8c75f9165a?s=96&d=mm&r=g","contentUrl":"https:\/\/secure.gravatar.com\/avatar\/1b1a13e37f847c635dab78348f1dff2f07651ee2a3d77a5c355a4b8c75f9165a?s=96&d=mm&r=g","caption":"creativebitsolutions"},"url":"https:\/\/carpathiacenter.ro\/en\/author\/creativebitsolutions\/"}]}},"_links":{"self":[{"href":"https:\/\/carpathiacenter.ro\/en\/wp-json\/wp\/v2\/posts\/1532","targetHints":{"allow":["GET"]}}],"collection":[{"href":"https:\/\/carpathiacenter.ro\/en\/wp-json\/wp\/v2\/posts"}],"about":[{"href":"https:\/\/carpathiacenter.ro\/en\/wp-json\/wp\/v2\/types\/post"}],"author":[{"embeddable":true,"href":"https:\/\/carpathiacenter.ro\/en\/wp-json\/wp\/v2\/users\/4"}],"replies":[{"embeddable":true,"href":"https:\/\/carpathiacenter.ro\/en\/wp-json\/wp\/v2\/comments?post=1532"}],"version-history":[{"count":1,"href":"https:\/\/carpathiacenter.ro\/en\/wp-json\/wp\/v2\/posts\/1532\/revisions"}],"predecessor-version":[{"id":1533,"href":"https:\/\/carpathiacenter.ro\/en\/wp-json\/wp\/v2\/posts\/1532\/revisions\/1533"}],"wp:featuredmedia":[{"embeddable":true,"href":"https:\/\/carpathiacenter.ro\/en\/wp-json\/wp\/v2\/media\/1409"}],"wp:attachment":[{"href":"https:\/\/carpathiacenter.ro\/en\/wp-json\/wp\/v2\/media?parent=1532"}],"wp:term":[{"taxonomy":"category","embeddable":true,"href":"https:\/\/carpathiacenter.ro\/en\/wp-json\/wp\/v2\/categories?post=1532"},{"taxonomy":"post_tag","embeddable":true,"href":"https:\/\/carpathiacenter.ro\/en\/wp-json\/wp\/v2\/tags?post=1532"}],"curies":[{"name":"wp","href":"https:\/\/api.w.org\/{rel}","templated":true}]}}