{"id":1519,"date":"2024-11-09T09:37:00","date_gmt":"2024-11-09T09:37:00","guid":{"rendered":"https:\/\/carpathiacenter.ro\/?p=1519"},"modified":"2024-11-09T09:37:00","modified_gmt":"2024-11-09T09:37:00","slug":"summitul-ue-liderii-europeni-recunosc-necesitatea-reformelor-si-a-investitiilor-dar-ramane-problema-finantarii","status":"publish","type":"post","link":"https:\/\/carpathiacenter.ro\/en\/summitul-ue-liderii-europeni-recunosc-necesitatea-reformelor-si-a-investitiilor-dar-ramane-problema-finantarii\/","title":{"rendered":"Summitul UE: Liderii europeni recunosc necesitatea reformelor \u015fi a investi\u0163iilor, dar r\u0103m\u00e2ne problema finan\u0163\u0103rii"},"content":{"rendered":"<div class=\"description_articol\">\n<p>Reformele economice \u00een UE au devenit &#8220;\u00eenc\u0103 \u015fi mai urgente&#8221; dup\u0103 alegerea lui Donald Trump pre\u015fedinte al SUA, a avertizat vineri Mario Draghi, fostul pre\u015fedinte al B\u0103ncii Centrale Europene (BCE), venit la Budapesta pentru a le prezenta liderilor europeni propunerile sale la un summit european informal ce are pe agend\u0103 problema competitivit\u0103\u0163ii blocului comunitar, transmite AFP.<\/p>\n<p>Mario Draghi, de asemenea fost premier italian, a prezentat \u00een septembrie un raport amplu cu m\u0103suri de relansare a cre\u015fterii \u00eentr-o Uniune European\u0103 r\u0103mas\u0103 \u00een urma SUA.<\/p>\n<p>&#8220;Recomand\u0103rile din acest raport deja erau urgente, \u0163in\u00e2nd cont de situa\u0163ia economic\u0103 \u00een care ne g\u0103sim ast\u0103zi. Ele au devenit \u00eenc\u0103 \u015fi mai urgente dup\u0103 alegerile americane&#8221;, a subliniat el la sosirea la summit.<\/p>\n<p>&#8220;F\u0103r\u0103 nicio \u00eendoial\u0103 c\u0103 pre\u015fedin\u0163ia lui Trump va marca o mare diferen\u0163\u0103 \u00een rela\u0163iile dintre SUA \u015fi Europa&#8221;, anticipeaz\u0103 Draghi, dup\u0103 ce pre\u015fedintele ales al SUA a promis \u00een campania electoral\u0103 c\u0103 va diminua deficitul comercial \u00eenregistrat de SUA \u00een rela\u0163iile cu UE prin cre\u015fterea taxelor vamale asupra produselor europene.<\/p>\n<p>F\u0103r\u0103 schimb\u0103ri radicale, UE va tr\u0103i &#8220;o agonie lent\u0103&#8221;, avertizase deja Mario Draghi \u00een septembrie. \u00cen raportul s\u0103u de circa 400 de pagini prezentat atunci, el sublinia c\u0103 Europa trebuie s\u0103 \u00ee\u015fi relanseze cre\u015fterea prin investi\u0163ii masive \u00een inova\u0163ia digital\u0103, \u00een tranzi\u0163ia ecologic\u0103 \u015fi industria de ap\u0103rare.<\/p>\n<p>Competitivitatea se afl\u0103 \u00een centrul celui de-al doilea mandat al pre\u015fedintei Comisiei Europene, Ursula von der Leyen, care a promis c\u0103 se va inspira din concluziile raportului Draghi. \u00cens\u0103, \u00een condi\u0163iile intereselor divergente \u015fi dezacordurilor ideologice \u00eentre statele UE, reu\u015fita ini\u0163iativei de reforme \u015fi investi\u0163ii nu este deloc garantat\u0103.<\/p>\n<p>Inspirat semnificativ din ideile sus\u0163inute de pre\u015fedintele francez Emmanuel Macron, propunerile raportului Draghi au fost primite cu rezerve de Germania. Raportul cuprinde &#8220;numeroase \u00eembun\u0103t\u0103\u0163iri \u015fi inova\u0163ii de care (Europa) are nevoie&#8221;, a remarcat vineri cancelarul german Olaf Scholz, l\u0103s\u00e2nd impresia c\u0103 nu are vreun sentiment al urgen\u0163ei implement\u0103rii ideilor propuse.<\/p>\n<p>Dar, &#8220;ceea ce se \u00eent\u00e2mpl\u0103 \u00een SUA (realegerea lui Trump pre\u015fedinte n.red) este un moment de trezire strategic\u0103 pentru europeni&#8221;, consider\u0103 ministrul francez pentru afaceri europene, Benjamin Haddad, care sus\u0163ine c\u0103 ar exista &#8220;o mare convergen\u0163\u0103&#8221; a punctelor de vedere \u00eentre cele 27 de state membre ale UE.<\/p>\n<p>Tabloul schi\u0163at de Mario Draghi este \u00eens\u0103 sumbru: economia UE r\u0103m\u00e2ne \u00een urma SUA \u015fi \u00ee\u015fi cre\u015fte \u00een mod periculos dependen\u0163a fa\u0163\u0103 de China pentru aprovizionarea cu materii prime \u015fi tehnologii strategice. Venitul pe cap de locuitor a crescut de aproape dou\u0103 ori mai mult \u00een SUA fa\u0163\u0103 de UE \u00eencep\u00e2nd din anul 2000, subliniaz\u0103 fostul pre\u015fedinte al BCE.<\/p>\n<p>Acesta estimeaz\u0103 c\u0103 blocul comunitar are nevoie de investi\u0163ii cuprinse \u00eentre 750 \u015fi 800 de miliarde de euro pe an, o sum\u0103 impresionant\u0103 \u00een condi\u0163iile \u00een care bugetul plurianual al UE pentru \u00eentreaga perioad\u0103 de \u015fapte ani 2021-2027 este de 1.074,3 miliarde de euro.<\/p>\n<p>Investi\u0163ii de o asemenea anvergur\u0103 ar fi o provocare major\u0103 pentru statele membre, mai ales \u00eentr-o perioad\u0103 c\u00e2nd \u00eencearc\u0103 s\u0103 \u00ee\u015fi reduc\u0103 \u00eendatorarea \u015fi deficitele bugetare. R\u0103zboiul din Ucraina, ajutorul financiar \u015fi militar oferit acesteia \u015fi \u00eenlocuirea energiei ruse\u015fti cu surse mai scumpe alimenteaz\u0103 presiunile asupra bugetelor \u015fi economiei statelor UE, confruntate cu sc\u0103derea competitivit\u0103\u0163ii \u00een contextul concuren\u0163ei chineze \u015fi a celei americane.<\/p>\n<p>Dar &#8220;raportul Draghi este o excelent\u0103 baz\u0103 de lucru&#8221;, a estimat pre\u015fedintele Consiliului European, Charles Michel, \u00een timp ce liderii europeni recunosc &#8220;urgen\u0163a unei ac\u0163iuni decisive&#8221;, \u00eentr-un proiect de declara\u0163ie a summitului informal al UE ce reia principalele priorit\u0103\u0163i avansate de Mario Draghi, respectiv aprofundarea pie\u0163ei unice europene, uniunea pie\u0163elor de capital, implementarea unei politici comerciale care s\u0103 apere interesele europene, simplificarea reglement\u0103rilor, etc.<\/p>\n<p>Liderii europeni r\u0103m\u00e2n \u00eens\u0103 vagi la capitolul bugetar, sursa de finan\u0163are a investi\u0163iilor sugerate de Draghi fiind, de altfel, problema principal\u0103. Ei recunosc \u00een acela\u015fi proiect de declara\u0163ie c\u0103 va fi nevoie de mobilizarea &#8220;deopotriv\u0103 a finan\u0163elor publice \u015fi private&#8221; \u015fi afirm\u0103 c\u0103 doresc s\u0103 &#8220;exploreze toate instrumentele&#8221;, o men\u0163iune controversat\u0103 care a provocat discu\u0163ii \u00eendelungi.<\/p>\n<p>Astfel, Germania \u015fi celelalte state mai austere exclud orice nou\u0103 emitere de datorie comun\u0103, dup\u0103 ce s-a recurs la acest instrument pentru finan\u0163area planului de redresare post-pandemie. Acelea\u015fi state nu exclud \u00eens\u0103 luarea \u00een calcul a unor finan\u0163\u0103ri publice prin bugetul UE sau sporirea implic\u0103rii B\u0103ncii Europene pentru Investi\u0163ii. Accentul ar putea fi pus pe finan\u0163\u0103ri private care s\u0103 mobilizeze economiile europenilor c\u0103tre nevoile corporatiste \u015fi pe eliminarea barierelor na\u0163ionale ce \u00eempiedic\u0103 crearea unei autentice pie\u0163e financiare interne \u00een UE.<\/p>\n<p>\u00cens\u0103, dincolo de declara\u0163ia de principiu de la summitul desf\u0103\u015furat la Budapesta, statele UE risc\u0103 s\u0103 se \u00eempotmoleasc\u0103 \u00een dezbateri interminabile. Pe l\u00e2ng\u0103 problema finan\u0163\u0103rii, interesele lor sunt divergente \u015fi \u00een ce prive\u015fte pia\u0163a capitalurilor, o veche problem\u0103 nerezolvat\u0103 a summiturilor europene. La fel \u015fi crearea unei uniuni a telecomunica\u0163iilor, energiei sau industriilor de ap\u0103rare. AGERPRES\/(AS &#8211; autor: Sorin Popescu, editor: Raluca-Elena Anghel, editor online: Andreea L\u00e3z\u00e3roiu)<\/p>\n<p>Sursa: https:\/\/www.agerpres.ro\/politica-externa\/2024\/11\/08\/summitul-ue-liderii-europeni-recunosc-necesitatea-reformelor-si-a-investitiilor-dar-ramane-problema-finantarii&#8211;1384189<\/p>\n<\/div>","protected":false},"excerpt":{"rendered":"<p>Reformele economice \u00een UE au devenit &#8220;\u00eenc\u0103 \u015fi mai urgente&#8221; dup\u0103 alegerea lui Donald Trump pre\u015fedinte al SUA, a avertizat vineri Mario Draghi, fostul pre\u015fedinte al B\u0103ncii Centrale Europene (BCE), venit la Budapesta pentru a le prezenta liderilor europeni propunerile sale la un summit european informal ce are pe agend\u0103 problema competitivit\u0103\u0163ii blocului comunitar, transmite&#8230;<\/p>","protected":false},"author":4,"featured_media":1522,"comment_status":"open","ping_status":"open","sticky":false,"template":"","format":"standard","meta":{"footnotes":""},"categories":[1],"tags":[],"class_list":["post-1519","post","type-post","status-publish","format-standard","has-post-thumbnail","hentry","category-uncategorized"],"yoast_head":"<!-- This site is optimized with the Yoast SEO plugin v26.1.1 - https:\/\/yoast.com\/wordpress\/plugins\/seo\/ -->\n<title>Summitul UE: Liderii europeni recunosc necesitatea reformelor \u015fi a investi\u0163iilor, dar r\u0103m\u00e2ne problema finan\u0163\u0103rii - Carpathia Center Romania<\/title>\n<meta name=\"robots\" content=\"index, follow, max-snippet:-1, max-image-preview:large, max-video-preview:-1\" \/>\n<link rel=\"canonical\" href=\"https:\/\/carpathiacenter.ro\/en\/summitul-ue-liderii-europeni-recunosc-necesitatea-reformelor-si-a-investitiilor-dar-ramane-problema-finantarii\/\" \/>\n<meta property=\"og:locale\" content=\"en_GB\" \/>\n<meta property=\"og:type\" content=\"article\" \/>\n<meta property=\"og:title\" content=\"Summitul UE: Liderii europeni recunosc necesitatea reformelor \u015fi a investi\u0163iilor, dar r\u0103m\u00e2ne problema finan\u0163\u0103rii - Carpathia Center Romania\" \/>\n<meta property=\"og:description\" content=\"Reformele economice \u00een UE au devenit &#8220;\u00eenc\u0103 \u015fi mai urgente&#8221; dup\u0103 alegerea lui Donald Trump pre\u015fedinte al SUA, a avertizat vineri Mario Draghi, fostul pre\u015fedinte al B\u0103ncii Centrale Europene (BCE), venit la Budapesta pentru a le prezenta liderilor europeni propunerile sale la un summit european informal ce are pe agend\u0103 problema competitivit\u0103\u0163ii blocului comunitar, transmite...\" \/>\n<meta property=\"og:url\" content=\"https:\/\/carpathiacenter.ro\/en\/summitul-ue-liderii-europeni-recunosc-necesitatea-reformelor-si-a-investitiilor-dar-ramane-problema-finantarii\/\" \/>\n<meta property=\"og:site_name\" content=\"Carpathia Center Romania\" \/>\n<meta property=\"article:publisher\" content=\"https:\/\/www.facebook.com\/fdpscarpathia\/\" \/>\n<meta property=\"article:published_time\" content=\"2024-11-09T09:37:00+00:00\" \/>\n<meta property=\"og:image\" content=\"https:\/\/carpathiacenter.ro\/wp-content\/uploads\/2024\/11\/5-385.jpg\" \/>\n\t<meta property=\"og:image:width\" content=\"800\" \/>\n\t<meta property=\"og:image:height\" content=\"535\" \/>\n\t<meta property=\"og:image:type\" content=\"image\/jpeg\" \/>\n<meta name=\"author\" content=\"creativebitsolutions\" \/>\n<meta name=\"twitter:card\" content=\"summary_large_image\" \/>\n<meta name=\"twitter:label1\" content=\"Written by\" \/>\n\t<meta name=\"twitter:data1\" content=\"creativebitsolutions\" \/>\n\t<meta name=\"twitter:label2\" content=\"Estimated reading time\" \/>\n\t<meta name=\"twitter:data2\" content=\"4 minutes\" \/>\n<script type=\"application\/ld+json\" class=\"yoast-schema-graph\">{\"@context\":\"https:\/\/schema.org\",\"@graph\":[{\"@type\":\"Article\",\"@id\":\"https:\/\/carpathiacenter.ro\/summitul-ue-liderii-europeni-recunosc-necesitatea-reformelor-si-a-investitiilor-dar-ramane-problema-finantarii\/#article\",\"isPartOf\":{\"@id\":\"https:\/\/carpathiacenter.ro\/summitul-ue-liderii-europeni-recunosc-necesitatea-reformelor-si-a-investitiilor-dar-ramane-problema-finantarii\/\"},\"author\":{\"name\":\"creativebitsolutions\",\"@id\":\"https:\/\/carpathiacenter.ro\/#\/schema\/person\/03d9f58202fee8379268f34afa195006\"},\"headline\":\"Summitul UE: Liderii europeni recunosc necesitatea reformelor \u015fi a investi\u0163iilor, dar r\u0103m\u00e2ne problema finan\u0163\u0103rii\",\"datePublished\":\"2024-11-09T09:37:00+00:00\",\"mainEntityOfPage\":{\"@id\":\"https:\/\/carpathiacenter.ro\/summitul-ue-liderii-europeni-recunosc-necesitatea-reformelor-si-a-investitiilor-dar-ramane-problema-finantarii\/\"},\"wordCount\":913,\"commentCount\":0,\"publisher\":{\"@id\":\"https:\/\/carpathiacenter.ro\/#organization\"},\"image\":{\"@id\":\"https:\/\/carpathiacenter.ro\/summitul-ue-liderii-europeni-recunosc-necesitatea-reformelor-si-a-investitiilor-dar-ramane-problema-finantarii\/#primaryimage\"},\"thumbnailUrl\":\"https:\/\/carpathiacenter.ro\/wp-content\/uploads\/2024\/11\/5-385.jpg\",\"articleSection\":[\"Uncategorized\"],\"inLanguage\":\"en-GB\",\"potentialAction\":[{\"@type\":\"CommentAction\",\"name\":\"Comment\",\"target\":[\"https:\/\/carpathiacenter.ro\/summitul-ue-liderii-europeni-recunosc-necesitatea-reformelor-si-a-investitiilor-dar-ramane-problema-finantarii\/#respond\"]}]},{\"@type\":\"WebPage\",\"@id\":\"https:\/\/carpathiacenter.ro\/summitul-ue-liderii-europeni-recunosc-necesitatea-reformelor-si-a-investitiilor-dar-ramane-problema-finantarii\/\",\"url\":\"https:\/\/carpathiacenter.ro\/summitul-ue-liderii-europeni-recunosc-necesitatea-reformelor-si-a-investitiilor-dar-ramane-problema-finantarii\/\",\"name\":\"Summitul UE: Liderii europeni recunosc necesitatea reformelor \u015fi a investi\u0163iilor, dar r\u0103m\u00e2ne problema finan\u0163\u0103rii - Carpathia Center Romania\",\"isPartOf\":{\"@id\":\"https:\/\/carpathiacenter.ro\/#website\"},\"primaryImageOfPage\":{\"@id\":\"https:\/\/carpathiacenter.ro\/summitul-ue-liderii-europeni-recunosc-necesitatea-reformelor-si-a-investitiilor-dar-ramane-problema-finantarii\/#primaryimage\"},\"image\":{\"@id\":\"https:\/\/carpathiacenter.ro\/summitul-ue-liderii-europeni-recunosc-necesitatea-reformelor-si-a-investitiilor-dar-ramane-problema-finantarii\/#primaryimage\"},\"thumbnailUrl\":\"https:\/\/carpathiacenter.ro\/wp-content\/uploads\/2024\/11\/5-385.jpg\",\"datePublished\":\"2024-11-09T09:37:00+00:00\",\"breadcrumb\":{\"@id\":\"https:\/\/carpathiacenter.ro\/summitul-ue-liderii-europeni-recunosc-necesitatea-reformelor-si-a-investitiilor-dar-ramane-problema-finantarii\/#breadcrumb\"},\"inLanguage\":\"en-GB\",\"potentialAction\":[{\"@type\":\"ReadAction\",\"target\":[\"https:\/\/carpathiacenter.ro\/summitul-ue-liderii-europeni-recunosc-necesitatea-reformelor-si-a-investitiilor-dar-ramane-problema-finantarii\/\"]}]},{\"@type\":\"ImageObject\",\"inLanguage\":\"en-GB\",\"@id\":\"https:\/\/carpathiacenter.ro\/summitul-ue-liderii-europeni-recunosc-necesitatea-reformelor-si-a-investitiilor-dar-ramane-problema-finantarii\/#primaryimage\",\"url\":\"https:\/\/carpathiacenter.ro\/wp-content\/uploads\/2024\/11\/5-385.jpg\",\"contentUrl\":\"https:\/\/carpathiacenter.ro\/wp-content\/uploads\/2024\/11\/5-385.jpg\",\"width\":800,\"height\":535},{\"@type\":\"BreadcrumbList\",\"@id\":\"https:\/\/carpathiacenter.ro\/summitul-ue-liderii-europeni-recunosc-necesitatea-reformelor-si-a-investitiilor-dar-ramane-problema-finantarii\/#breadcrumb\",\"itemListElement\":[{\"@type\":\"ListItem\",\"position\":1,\"name\":\"Prima pagin\u0103\",\"item\":\"https:\/\/carpathiacenter.ro\/\"},{\"@type\":\"ListItem\",\"position\":2,\"name\":\"Summitul UE: Liderii europeni recunosc necesitatea reformelor \u015fi a investi\u0163iilor, dar r\u0103m\u00e2ne problema finan\u0163\u0103rii\"}]},{\"@type\":\"WebSite\",\"@id\":\"https:\/\/carpathiacenter.ro\/#website\",\"url\":\"https:\/\/carpathiacenter.ro\/\",\"name\":\"Carpathia Center Romania\",\"description\":\"Impossible made possible!\",\"publisher\":{\"@id\":\"https:\/\/carpathiacenter.ro\/#organization\"},\"potentialAction\":[{\"@type\":\"SearchAction\",\"target\":{\"@type\":\"EntryPoint\",\"urlTemplate\":\"https:\/\/carpathiacenter.ro\/?s={search_term_string}\"},\"query-input\":{\"@type\":\"PropertyValueSpecification\",\"valueRequired\":true,\"valueName\":\"search_term_string\"}}],\"inLanguage\":\"en-GB\"},{\"@type\":\"Organization\",\"@id\":\"https:\/\/carpathiacenter.ro\/#organization\",\"name\":\"Carpathia Center Romania\",\"url\":\"https:\/\/carpathiacenter.ro\/\",\"logo\":{\"@type\":\"ImageObject\",\"inLanguage\":\"en-GB\",\"@id\":\"https:\/\/carpathiacenter.ro\/#\/schema\/logo\/image\/\",\"url\":\"https:\/\/carpathiacenter.ro\/wp-content\/uploads\/2024\/07\/logo-carpathia_bg_white-1024x941.png\",\"contentUrl\":\"https:\/\/carpathiacenter.ro\/wp-content\/uploads\/2024\/07\/logo-carpathia_bg_white-1024x941.png\",\"width\":1024,\"height\":941,\"caption\":\"Carpathia Center Romania\"},\"image\":{\"@id\":\"https:\/\/carpathiacenter.ro\/#\/schema\/logo\/image\/\"},\"sameAs\":[\"https:\/\/www.facebook.com\/fdpscarpathia\/\"]},{\"@type\":\"Person\",\"@id\":\"https:\/\/carpathiacenter.ro\/#\/schema\/person\/03d9f58202fee8379268f34afa195006\",\"name\":\"creativebitsolutions\",\"image\":{\"@type\":\"ImageObject\",\"inLanguage\":\"en-GB\",\"@id\":\"https:\/\/carpathiacenter.ro\/#\/schema\/person\/image\/\",\"url\":\"https:\/\/secure.gravatar.com\/avatar\/1b1a13e37f847c635dab78348f1dff2f07651ee2a3d77a5c355a4b8c75f9165a?s=96&d=mm&r=g\",\"contentUrl\":\"https:\/\/secure.gravatar.com\/avatar\/1b1a13e37f847c635dab78348f1dff2f07651ee2a3d77a5c355a4b8c75f9165a?s=96&d=mm&r=g\",\"caption\":\"creativebitsolutions\"},\"url\":\"https:\/\/carpathiacenter.ro\/en\/author\/creativebitsolutions\/\"}]}<\/script>\n<!-- \/ Yoast SEO plugin. -->","yoast_head_json":{"title":"Summitul UE: Liderii europeni recunosc necesitatea reformelor \u015fi a investi\u0163iilor, dar r\u0103m\u00e2ne problema finan\u0163\u0103rii - Carpathia Center Romania","robots":{"index":"index","follow":"follow","max-snippet":"max-snippet:-1","max-image-preview":"max-image-preview:large","max-video-preview":"max-video-preview:-1"},"canonical":"https:\/\/carpathiacenter.ro\/en\/summitul-ue-liderii-europeni-recunosc-necesitatea-reformelor-si-a-investitiilor-dar-ramane-problema-finantarii\/","og_locale":"en_GB","og_type":"article","og_title":"Summitul UE: Liderii europeni recunosc necesitatea reformelor \u015fi a investi\u0163iilor, dar r\u0103m\u00e2ne problema finan\u0163\u0103rii - Carpathia Center Romania","og_description":"Reformele economice \u00een UE au devenit &#8220;\u00eenc\u0103 \u015fi mai urgente&#8221; dup\u0103 alegerea lui Donald Trump pre\u015fedinte al SUA, a avertizat vineri Mario Draghi, fostul pre\u015fedinte al B\u0103ncii Centrale Europene (BCE), venit la Budapesta pentru a le prezenta liderilor europeni propunerile sale la un summit european informal ce are pe agend\u0103 problema competitivit\u0103\u0163ii blocului comunitar, transmite...","og_url":"https:\/\/carpathiacenter.ro\/en\/summitul-ue-liderii-europeni-recunosc-necesitatea-reformelor-si-a-investitiilor-dar-ramane-problema-finantarii\/","og_site_name":"Carpathia Center Romania","article_publisher":"https:\/\/www.facebook.com\/fdpscarpathia\/","article_published_time":"2024-11-09T09:37:00+00:00","og_image":[{"width":800,"height":535,"url":"https:\/\/carpathiacenter.ro\/wp-content\/uploads\/2024\/11\/5-385.jpg","type":"image\/jpeg"}],"author":"creativebitsolutions","twitter_card":"summary_large_image","twitter_misc":{"Written by":"creativebitsolutions","Estimated reading time":"4 minutes"},"schema":{"@context":"https:\/\/schema.org","@graph":[{"@type":"Article","@id":"https:\/\/carpathiacenter.ro\/summitul-ue-liderii-europeni-recunosc-necesitatea-reformelor-si-a-investitiilor-dar-ramane-problema-finantarii\/#article","isPartOf":{"@id":"https:\/\/carpathiacenter.ro\/summitul-ue-liderii-europeni-recunosc-necesitatea-reformelor-si-a-investitiilor-dar-ramane-problema-finantarii\/"},"author":{"name":"creativebitsolutions","@id":"https:\/\/carpathiacenter.ro\/#\/schema\/person\/03d9f58202fee8379268f34afa195006"},"headline":"Summitul UE: Liderii europeni recunosc necesitatea reformelor \u015fi a investi\u0163iilor, dar r\u0103m\u00e2ne problema finan\u0163\u0103rii","datePublished":"2024-11-09T09:37:00+00:00","mainEntityOfPage":{"@id":"https:\/\/carpathiacenter.ro\/summitul-ue-liderii-europeni-recunosc-necesitatea-reformelor-si-a-investitiilor-dar-ramane-problema-finantarii\/"},"wordCount":913,"commentCount":0,"publisher":{"@id":"https:\/\/carpathiacenter.ro\/#organization"},"image":{"@id":"https:\/\/carpathiacenter.ro\/summitul-ue-liderii-europeni-recunosc-necesitatea-reformelor-si-a-investitiilor-dar-ramane-problema-finantarii\/#primaryimage"},"thumbnailUrl":"https:\/\/carpathiacenter.ro\/wp-content\/uploads\/2024\/11\/5-385.jpg","articleSection":["Uncategorized"],"inLanguage":"en-GB","potentialAction":[{"@type":"CommentAction","name":"Comment","target":["https:\/\/carpathiacenter.ro\/summitul-ue-liderii-europeni-recunosc-necesitatea-reformelor-si-a-investitiilor-dar-ramane-problema-finantarii\/#respond"]}]},{"@type":"WebPage","@id":"https:\/\/carpathiacenter.ro\/summitul-ue-liderii-europeni-recunosc-necesitatea-reformelor-si-a-investitiilor-dar-ramane-problema-finantarii\/","url":"https:\/\/carpathiacenter.ro\/summitul-ue-liderii-europeni-recunosc-necesitatea-reformelor-si-a-investitiilor-dar-ramane-problema-finantarii\/","name":"Summitul UE: Liderii europeni recunosc necesitatea reformelor \u015fi a investi\u0163iilor, dar r\u0103m\u00e2ne problema finan\u0163\u0103rii - Carpathia Center Romania","isPartOf":{"@id":"https:\/\/carpathiacenter.ro\/#website"},"primaryImageOfPage":{"@id":"https:\/\/carpathiacenter.ro\/summitul-ue-liderii-europeni-recunosc-necesitatea-reformelor-si-a-investitiilor-dar-ramane-problema-finantarii\/#primaryimage"},"image":{"@id":"https:\/\/carpathiacenter.ro\/summitul-ue-liderii-europeni-recunosc-necesitatea-reformelor-si-a-investitiilor-dar-ramane-problema-finantarii\/#primaryimage"},"thumbnailUrl":"https:\/\/carpathiacenter.ro\/wp-content\/uploads\/2024\/11\/5-385.jpg","datePublished":"2024-11-09T09:37:00+00:00","breadcrumb":{"@id":"https:\/\/carpathiacenter.ro\/summitul-ue-liderii-europeni-recunosc-necesitatea-reformelor-si-a-investitiilor-dar-ramane-problema-finantarii\/#breadcrumb"},"inLanguage":"en-GB","potentialAction":[{"@type":"ReadAction","target":["https:\/\/carpathiacenter.ro\/summitul-ue-liderii-europeni-recunosc-necesitatea-reformelor-si-a-investitiilor-dar-ramane-problema-finantarii\/"]}]},{"@type":"ImageObject","inLanguage":"en-GB","@id":"https:\/\/carpathiacenter.ro\/summitul-ue-liderii-europeni-recunosc-necesitatea-reformelor-si-a-investitiilor-dar-ramane-problema-finantarii\/#primaryimage","url":"https:\/\/carpathiacenter.ro\/wp-content\/uploads\/2024\/11\/5-385.jpg","contentUrl":"https:\/\/carpathiacenter.ro\/wp-content\/uploads\/2024\/11\/5-385.jpg","width":800,"height":535},{"@type":"BreadcrumbList","@id":"https:\/\/carpathiacenter.ro\/summitul-ue-liderii-europeni-recunosc-necesitatea-reformelor-si-a-investitiilor-dar-ramane-problema-finantarii\/#breadcrumb","itemListElement":[{"@type":"ListItem","position":1,"name":"Prima pagin\u0103","item":"https:\/\/carpathiacenter.ro\/"},{"@type":"ListItem","position":2,"name":"Summitul UE: Liderii europeni recunosc necesitatea reformelor \u015fi a investi\u0163iilor, dar r\u0103m\u00e2ne problema finan\u0163\u0103rii"}]},{"@type":"WebSite","@id":"https:\/\/carpathiacenter.ro\/#website","url":"https:\/\/carpathiacenter.ro\/","name":"Carpathia Center Romania","description":"Impossible made possible!","publisher":{"@id":"https:\/\/carpathiacenter.ro\/#organization"},"potentialAction":[{"@type":"SearchAction","target":{"@type":"EntryPoint","urlTemplate":"https:\/\/carpathiacenter.ro\/?s={search_term_string}"},"query-input":{"@type":"PropertyValueSpecification","valueRequired":true,"valueName":"search_term_string"}}],"inLanguage":"en-GB"},{"@type":"Organization","@id":"https:\/\/carpathiacenter.ro\/#organization","name":"Carpathia Center Romania","url":"https:\/\/carpathiacenter.ro\/","logo":{"@type":"ImageObject","inLanguage":"en-GB","@id":"https:\/\/carpathiacenter.ro\/#\/schema\/logo\/image\/","url":"https:\/\/carpathiacenter.ro\/wp-content\/uploads\/2024\/07\/logo-carpathia_bg_white-1024x941.png","contentUrl":"https:\/\/carpathiacenter.ro\/wp-content\/uploads\/2024\/07\/logo-carpathia_bg_white-1024x941.png","width":1024,"height":941,"caption":"Carpathia Center Romania"},"image":{"@id":"https:\/\/carpathiacenter.ro\/#\/schema\/logo\/image\/"},"sameAs":["https:\/\/www.facebook.com\/fdpscarpathia\/"]},{"@type":"Person","@id":"https:\/\/carpathiacenter.ro\/#\/schema\/person\/03d9f58202fee8379268f34afa195006","name":"creativebitsolutions","image":{"@type":"ImageObject","inLanguage":"en-GB","@id":"https:\/\/carpathiacenter.ro\/#\/schema\/person\/image\/","url":"https:\/\/secure.gravatar.com\/avatar\/1b1a13e37f847c635dab78348f1dff2f07651ee2a3d77a5c355a4b8c75f9165a?s=96&d=mm&r=g","contentUrl":"https:\/\/secure.gravatar.com\/avatar\/1b1a13e37f847c635dab78348f1dff2f07651ee2a3d77a5c355a4b8c75f9165a?s=96&d=mm&r=g","caption":"creativebitsolutions"},"url":"https:\/\/carpathiacenter.ro\/en\/author\/creativebitsolutions\/"}]}},"_links":{"self":[{"href":"https:\/\/carpathiacenter.ro\/en\/wp-json\/wp\/v2\/posts\/1519","targetHints":{"allow":["GET"]}}],"collection":[{"href":"https:\/\/carpathiacenter.ro\/en\/wp-json\/wp\/v2\/posts"}],"about":[{"href":"https:\/\/carpathiacenter.ro\/en\/wp-json\/wp\/v2\/types\/post"}],"author":[{"embeddable":true,"href":"https:\/\/carpathiacenter.ro\/en\/wp-json\/wp\/v2\/users\/4"}],"replies":[{"embeddable":true,"href":"https:\/\/carpathiacenter.ro\/en\/wp-json\/wp\/v2\/comments?post=1519"}],"version-history":[{"count":1,"href":"https:\/\/carpathiacenter.ro\/en\/wp-json\/wp\/v2\/posts\/1519\/revisions"}],"predecessor-version":[{"id":1523,"href":"https:\/\/carpathiacenter.ro\/en\/wp-json\/wp\/v2\/posts\/1519\/revisions\/1523"}],"wp:featuredmedia":[{"embeddable":true,"href":"https:\/\/carpathiacenter.ro\/en\/wp-json\/wp\/v2\/media\/1522"}],"wp:attachment":[{"href":"https:\/\/carpathiacenter.ro\/en\/wp-json\/wp\/v2\/media?parent=1519"}],"wp:term":[{"taxonomy":"category","embeddable":true,"href":"https:\/\/carpathiacenter.ro\/en\/wp-json\/wp\/v2\/categories?post=1519"},{"taxonomy":"post_tag","embeddable":true,"href":"https:\/\/carpathiacenter.ro\/en\/wp-json\/wp\/v2\/tags?post=1519"}],"curies":[{"name":"wp","href":"https:\/\/api.w.org\/{rel}","templated":true}]}}