{"id":1511,"date":"2024-11-06T18:18:52","date_gmt":"2024-11-06T18:18:52","guid":{"rendered":"https:\/\/carpathiacenter.ro\/?p=1511"},"modified":"2024-11-06T18:19:29","modified_gmt":"2024-11-06T18:19:29","slug":"alegeri-sua-2024-donald-trump-a-fost-ales-presedinte-al-statelor-unite-media","status":"publish","type":"post","link":"https:\/\/carpathiacenter.ro\/en\/alegeri-sua-2024-donald-trump-a-fost-ales-presedinte-al-statelor-unite-media\/","title":{"rendered":"Alegeri SUA 2024 Donald Trump a fost ales pre\u015fedinte al Statelor Unite (media)"},"content":{"rendered":"<p><strong>Candidatul republican la Casa Alb\u0103, Donald Trump, a fost proclamat miercuri \u00eenving\u0103tor al alegerilor preziden\u0163iale din Statele Unite, cu un total de 277 de voturi electorale, dup\u0103 ce a c\u00e2\u015ftigat statul Wisconsin, potrivit proiec\u0163iilor realizate de CNN \u015fi AP. Contracandidata sa democrat\u0103, Kamala Harris, a c\u00e2\u015ftigat 224 de delega\u0163i, transmite EFE.<\/strong><\/p>\n<p>\u015ei re\u0163elele Fox News, CNN \u015fi NBC l-au declarat pe Trump viitorul pre\u015fedinte dup\u0103 ce au estimat c\u0103 acesta a ob\u0163inut suficiente voturi din Colegiul Electoral \u00een urma victoriilor ob\u0163inute \u00een fa\u0163a lui Harris \u00een state \u00een care s-a dus o lupt\u0103 grea, \u00eentre care clusiv Pennsylvania \u015fi Wisconsin.<\/p>\n<p><a href=\"https:\/\/www.agerpres.ro\/politica-externa\/2024\/11\/06\/alegerisua2024-trump-revendica-o-victorie-politica-nemaivazuta-in-sua--1382485\" target=\"_blank\" rel=\"noreferrer noopener\">Fostul pre\u015fedinte \u00ee\u015fi revendicase deja victoria \u00een fa\u0163a vicepre\u015fedintei democrate Kamala Harris<\/a>\u00a0\u00een timpul unui miting \u00een fa\u0163a sus\u0163in\u0103torilor s\u0103i la Palm Beach (Florida), dup\u0103 ce ob\u0163inuse rezultate par\u0163iale bune \u015fi c\u00e2\u015ftigase votul popular, potrivit num\u0103r\u0103torii preliminare.<\/p>\n<p>Colegiul Electoral este un organism format din 538 de delega\u0163i pe care \u00eei aleg statele \u00een func\u0163ie de popula\u0163ia lor. Candidatul c\u00e2\u015ftig\u0103tor \u00een fiecare stat, chiar \u015fi cu un singur vot, ia to\u0163i delega\u0163ii acestuia, cu excep\u0163ia Nebraska \u015fi Maine. Candidatul care ajunge la 270 c\u00e2\u015ftig\u0103 alegerile.<\/p>\n<p>C\u00e2\u015ftigarea alegerilor preziden\u0163iale de c\u0103tre fostul pre\u015fedinte marcheaz\u0103 o revenire extraordinar\u0103 la putere la cap\u0103tul unei campanii extrem de agitate, deosebit de agresive \u015fi indecise p\u00e2n\u0103 \u00een ultimul minut, a comentat AFP.<\/p>\n<p>Trump, care nu a recunoscut niciodat\u0103 c\u0103 a pierdut alegerile din 2020 \u00een fa\u0163a pre\u015fedintelui Joe Biden \u015fi a fost pus sub acuzare pentru c\u0103 a \u00eencercat s\u0103 anuleze rezultatele, a plasat imigra\u0163ia, infla\u0163ia \u015fi criminalitatea \u00een centrul campaniei sale populiste, noteaz\u0103 DPA.<\/p>\n<p>Pozi\u0163iile sale \u00een materie de politic\u0103 extern\u0103 \u2013 de la antipatia sa fa\u0163\u0103 de ajutorul militar pentru Ucraina p\u00e2n\u0103 la promisiunea de a impune tarife generale la importuri \u2013 au st\u00e2rnit nelini\u015fte \u00een r\u00e2ndul alia\u0163ilor \u015fi du\u015fmanilor Washingtonului deopotriv\u0103.<\/p>\n<p>Victoria unui fost pre\u015fedinte destituit de dou\u0103 ori marcheaz\u0103 o revenire politic\u0103 uluitoare \u015fi afirm\u0103 c\u00e2t de str\u00e2ns este controlul s\u0103u asupra Partidului Republican, comenteaz\u0103 agen\u0163ia german\u0103 de pres\u0103.<\/p>\n<p>La v\u00e2rsta de 78 de ani, mogulul imobiliar este cea mai \u00een v\u00e2rst\u0103 persoan\u0103 care a fost aleas\u0103 vreodat\u0103 pre\u015fedinte al SUA.<\/p>\n<p>\u00cen cel mai tulbur\u0103tor moment al campaniei, Trump a fost \u00eempu\u015fcat \u015fi r\u0103nit u\u015for \u00een urechea dreapt\u0103 de un atacator care a deschis focul la un miting din Pennsylvania. El a evitat la limit\u0103 moartea, \u00eens\u0103 unul dintre sus\u0163in\u0103torii s\u0103i din mul\u0163ime a fost ucis. AGERPRES\/(AS \u2013 editor: Mariana Ionescu, editor online: Gabriela Badea)<\/p>\n<p>Sursa: https:\/\/www.agerpres.ro\/politica-externa\/2024\/11\/06\/alegerisua2024-donald-trump-a-fost-ales-presedinte-al-statelor-unite-media\u20131382637<\/p>\n<p>\u2013<\/p>","protected":false},"excerpt":{"rendered":"<p>Candidatul republican la Casa Alb\u0103, Donald Trump, a fost proclamat miercuri \u00eenving\u0103tor al alegerilor preziden\u0163iale din Statele Unite, cu un total de 277 de voturi electorale, dup\u0103 ce a c\u00e2\u015ftigat statul Wisconsin, potrivit proiec\u0163iilor realizate de CNN \u015fi AP. Contracandidata sa democrat\u0103, Kamala Harris, a c\u00e2\u015ftigat 224 de delega\u0163i, transmite EFE. \u015ei re\u0163elele Fox News,&#8230;<\/p>","protected":false},"author":4,"featured_media":1512,"comment_status":"open","ping_status":"open","sticky":false,"template":"","format":"standard","meta":{"footnotes":""},"categories":[1],"tags":[],"class_list":["post-1511","post","type-post","status-publish","format-standard","has-post-thumbnail","hentry","category-uncategorized"],"yoast_head":"<!-- This site is optimized with the Yoast SEO plugin v26.1.1 - https:\/\/yoast.com\/wordpress\/plugins\/seo\/ -->\n<title>Alegeri SUA 2024 Donald Trump a fost ales pre\u015fedinte al Statelor Unite (media) - Carpathia Center Romania<\/title>\n<meta name=\"robots\" content=\"index, follow, max-snippet:-1, max-image-preview:large, max-video-preview:-1\" \/>\n<link rel=\"canonical\" href=\"https:\/\/carpathiacenter.ro\/en\/alegeri-sua-2024-donald-trump-a-fost-ales-presedinte-al-statelor-unite-media\/\" \/>\n<meta property=\"og:locale\" content=\"en_GB\" \/>\n<meta property=\"og:type\" content=\"article\" \/>\n<meta property=\"og:title\" content=\"Alegeri SUA 2024 Donald Trump a fost ales pre\u015fedinte al Statelor Unite (media) - Carpathia Center Romania\" \/>\n<meta property=\"og:description\" content=\"Candidatul republican la Casa Alb\u0103, Donald Trump, a fost proclamat miercuri \u00eenving\u0103tor al alegerilor preziden\u0163iale din Statele Unite, cu un total de 277 de voturi electorale, dup\u0103 ce a c\u00e2\u015ftigat statul Wisconsin, potrivit proiec\u0163iilor realizate de CNN \u015fi AP. Contracandidata sa democrat\u0103, Kamala Harris, a c\u00e2\u015ftigat 224 de delega\u0163i, transmite EFE. \u015ei re\u0163elele Fox News,...\" \/>\n<meta property=\"og:url\" content=\"https:\/\/carpathiacenter.ro\/en\/alegeri-sua-2024-donald-trump-a-fost-ales-presedinte-al-statelor-unite-media\/\" \/>\n<meta property=\"og:site_name\" content=\"Carpathia Center Romania\" \/>\n<meta property=\"article:publisher\" content=\"https:\/\/www.facebook.com\/fdpscarpathia\/\" \/>\n<meta property=\"article:published_time\" content=\"2024-11-06T18:18:52+00:00\" \/>\n<meta property=\"article:modified_time\" content=\"2024-11-06T18:19:29+00:00\" \/>\n<meta property=\"og:image\" content=\"https:\/\/carpathiacenter.ro\/wp-content\/uploads\/2024\/11\/licensed-image.jpeg\" \/>\n\t<meta property=\"og:image:width\" content=\"2048\" \/>\n\t<meta property=\"og:image:height\" content=\"1434\" \/>\n\t<meta property=\"og:image:type\" content=\"image\/jpeg\" \/>\n<meta name=\"author\" content=\"creativebitsolutions\" \/>\n<meta name=\"twitter:card\" content=\"summary_large_image\" \/>\n<meta name=\"twitter:label1\" content=\"Written by\" \/>\n\t<meta name=\"twitter:data1\" content=\"creativebitsolutions\" \/>\n\t<meta name=\"twitter:label2\" content=\"Estimated reading time\" \/>\n\t<meta name=\"twitter:data2\" content=\"2 minutes\" \/>\n<script type=\"application\/ld+json\" class=\"yoast-schema-graph\">{\"@context\":\"https:\/\/schema.org\",\"@graph\":[{\"@type\":\"Article\",\"@id\":\"https:\/\/carpathiacenter.ro\/alegeri-sua-2024-donald-trump-a-fost-ales-presedinte-al-statelor-unite-media\/#article\",\"isPartOf\":{\"@id\":\"https:\/\/carpathiacenter.ro\/alegeri-sua-2024-donald-trump-a-fost-ales-presedinte-al-statelor-unite-media\/\"},\"author\":{\"name\":\"creativebitsolutions\",\"@id\":\"https:\/\/carpathiacenter.ro\/#\/schema\/person\/03d9f58202fee8379268f34afa195006\"},\"headline\":\"Alegeri SUA 2024 Donald Trump a fost ales pre\u015fedinte al Statelor Unite (media)\",\"datePublished\":\"2024-11-06T18:18:52+00:00\",\"dateModified\":\"2024-11-06T18:19:29+00:00\",\"mainEntityOfPage\":{\"@id\":\"https:\/\/carpathiacenter.ro\/alegeri-sua-2024-donald-trump-a-fost-ales-presedinte-al-statelor-unite-media\/\"},\"wordCount\":481,\"commentCount\":0,\"publisher\":{\"@id\":\"https:\/\/carpathiacenter.ro\/#organization\"},\"image\":{\"@id\":\"https:\/\/carpathiacenter.ro\/alegeri-sua-2024-donald-trump-a-fost-ales-presedinte-al-statelor-unite-media\/#primaryimage\"},\"thumbnailUrl\":\"https:\/\/carpathiacenter.ro\/wp-content\/uploads\/2024\/11\/licensed-image.jpeg\",\"articleSection\":[\"Uncategorized\"],\"inLanguage\":\"en-GB\",\"potentialAction\":[{\"@type\":\"CommentAction\",\"name\":\"Comment\",\"target\":[\"https:\/\/carpathiacenter.ro\/alegeri-sua-2024-donald-trump-a-fost-ales-presedinte-al-statelor-unite-media\/#respond\"]}]},{\"@type\":\"WebPage\",\"@id\":\"https:\/\/carpathiacenter.ro\/alegeri-sua-2024-donald-trump-a-fost-ales-presedinte-al-statelor-unite-media\/\",\"url\":\"https:\/\/carpathiacenter.ro\/alegeri-sua-2024-donald-trump-a-fost-ales-presedinte-al-statelor-unite-media\/\",\"name\":\"Alegeri SUA 2024 Donald Trump a fost ales pre\u015fedinte al Statelor Unite (media) - Carpathia Center Romania\",\"isPartOf\":{\"@id\":\"https:\/\/carpathiacenter.ro\/#website\"},\"primaryImageOfPage\":{\"@id\":\"https:\/\/carpathiacenter.ro\/alegeri-sua-2024-donald-trump-a-fost-ales-presedinte-al-statelor-unite-media\/#primaryimage\"},\"image\":{\"@id\":\"https:\/\/carpathiacenter.ro\/alegeri-sua-2024-donald-trump-a-fost-ales-presedinte-al-statelor-unite-media\/#primaryimage\"},\"thumbnailUrl\":\"https:\/\/carpathiacenter.ro\/wp-content\/uploads\/2024\/11\/licensed-image.jpeg\",\"datePublished\":\"2024-11-06T18:18:52+00:00\",\"dateModified\":\"2024-11-06T18:19:29+00:00\",\"breadcrumb\":{\"@id\":\"https:\/\/carpathiacenter.ro\/alegeri-sua-2024-donald-trump-a-fost-ales-presedinte-al-statelor-unite-media\/#breadcrumb\"},\"inLanguage\":\"en-GB\",\"potentialAction\":[{\"@type\":\"ReadAction\",\"target\":[\"https:\/\/carpathiacenter.ro\/alegeri-sua-2024-donald-trump-a-fost-ales-presedinte-al-statelor-unite-media\/\"]}]},{\"@type\":\"ImageObject\",\"inLanguage\":\"en-GB\",\"@id\":\"https:\/\/carpathiacenter.ro\/alegeri-sua-2024-donald-trump-a-fost-ales-presedinte-al-statelor-unite-media\/#primaryimage\",\"url\":\"https:\/\/carpathiacenter.ro\/wp-content\/uploads\/2024\/11\/licensed-image.jpeg\",\"contentUrl\":\"https:\/\/carpathiacenter.ro\/wp-content\/uploads\/2024\/11\/licensed-image.jpeg\",\"width\":2048,\"height\":1434,\"caption\":\"WASHINGTON, DC - SEPTEMBER 19: Republican presidential nominee former U.S. President Donald Trump speaks at the Israeli American Council National Summit at the Washington Hilton on September 19, 2024 in Washington, DC. Trump addressed the pro-Israel conference, stating that if he is not elected president Israel will be \u201ceradicated\u201d within two years. (Photo by Kevin Dietsch\/Getty Images)\"},{\"@type\":\"BreadcrumbList\",\"@id\":\"https:\/\/carpathiacenter.ro\/alegeri-sua-2024-donald-trump-a-fost-ales-presedinte-al-statelor-unite-media\/#breadcrumb\",\"itemListElement\":[{\"@type\":\"ListItem\",\"position\":1,\"name\":\"Prima pagin\u0103\",\"item\":\"https:\/\/carpathiacenter.ro\/\"},{\"@type\":\"ListItem\",\"position\":2,\"name\":\"Alegeri SUA 2024 Donald Trump a fost ales pre\u015fedinte al Statelor Unite (media)\"}]},{\"@type\":\"WebSite\",\"@id\":\"https:\/\/carpathiacenter.ro\/#website\",\"url\":\"https:\/\/carpathiacenter.ro\/\",\"name\":\"Carpathia Center Romania\",\"description\":\"Impossible made possible!\",\"publisher\":{\"@id\":\"https:\/\/carpathiacenter.ro\/#organization\"},\"potentialAction\":[{\"@type\":\"SearchAction\",\"target\":{\"@type\":\"EntryPoint\",\"urlTemplate\":\"https:\/\/carpathiacenter.ro\/?s={search_term_string}\"},\"query-input\":{\"@type\":\"PropertyValueSpecification\",\"valueRequired\":true,\"valueName\":\"search_term_string\"}}],\"inLanguage\":\"en-GB\"},{\"@type\":\"Organization\",\"@id\":\"https:\/\/carpathiacenter.ro\/#organization\",\"name\":\"Carpathia Center Romania\",\"url\":\"https:\/\/carpathiacenter.ro\/\",\"logo\":{\"@type\":\"ImageObject\",\"inLanguage\":\"en-GB\",\"@id\":\"https:\/\/carpathiacenter.ro\/#\/schema\/logo\/image\/\",\"url\":\"https:\/\/carpathiacenter.ro\/wp-content\/uploads\/2024\/07\/logo-carpathia_bg_white-1024x941.png\",\"contentUrl\":\"https:\/\/carpathiacenter.ro\/wp-content\/uploads\/2024\/07\/logo-carpathia_bg_white-1024x941.png\",\"width\":1024,\"height\":941,\"caption\":\"Carpathia Center Romania\"},\"image\":{\"@id\":\"https:\/\/carpathiacenter.ro\/#\/schema\/logo\/image\/\"},\"sameAs\":[\"https:\/\/www.facebook.com\/fdpscarpathia\/\"]},{\"@type\":\"Person\",\"@id\":\"https:\/\/carpathiacenter.ro\/#\/schema\/person\/03d9f58202fee8379268f34afa195006\",\"name\":\"creativebitsolutions\",\"image\":{\"@type\":\"ImageObject\",\"inLanguage\":\"en-GB\",\"@id\":\"https:\/\/carpathiacenter.ro\/#\/schema\/person\/image\/\",\"url\":\"https:\/\/secure.gravatar.com\/avatar\/1b1a13e37f847c635dab78348f1dff2f07651ee2a3d77a5c355a4b8c75f9165a?s=96&d=mm&r=g\",\"contentUrl\":\"https:\/\/secure.gravatar.com\/avatar\/1b1a13e37f847c635dab78348f1dff2f07651ee2a3d77a5c355a4b8c75f9165a?s=96&d=mm&r=g\",\"caption\":\"creativebitsolutions\"},\"url\":\"https:\/\/carpathiacenter.ro\/en\/author\/creativebitsolutions\/\"}]}<\/script>\n<!-- \/ Yoast SEO plugin. -->","yoast_head_json":{"title":"Alegeri SUA 2024 Donald Trump a fost ales pre\u015fedinte al Statelor Unite (media) - Carpathia Center Romania","robots":{"index":"index","follow":"follow","max-snippet":"max-snippet:-1","max-image-preview":"max-image-preview:large","max-video-preview":"max-video-preview:-1"},"canonical":"https:\/\/carpathiacenter.ro\/en\/alegeri-sua-2024-donald-trump-a-fost-ales-presedinte-al-statelor-unite-media\/","og_locale":"en_GB","og_type":"article","og_title":"Alegeri SUA 2024 Donald Trump a fost ales pre\u015fedinte al Statelor Unite (media) - Carpathia Center Romania","og_description":"Candidatul republican la Casa Alb\u0103, Donald Trump, a fost proclamat miercuri \u00eenving\u0103tor al alegerilor preziden\u0163iale din Statele Unite, cu un total de 277 de voturi electorale, dup\u0103 ce a c\u00e2\u015ftigat statul Wisconsin, potrivit proiec\u0163iilor realizate de CNN \u015fi AP. Contracandidata sa democrat\u0103, Kamala Harris, a c\u00e2\u015ftigat 224 de delega\u0163i, transmite EFE. \u015ei re\u0163elele Fox News,...","og_url":"https:\/\/carpathiacenter.ro\/en\/alegeri-sua-2024-donald-trump-a-fost-ales-presedinte-al-statelor-unite-media\/","og_site_name":"Carpathia Center Romania","article_publisher":"https:\/\/www.facebook.com\/fdpscarpathia\/","article_published_time":"2024-11-06T18:18:52+00:00","article_modified_time":"2024-11-06T18:19:29+00:00","og_image":[{"width":2048,"height":1434,"url":"https:\/\/carpathiacenter.ro\/wp-content\/uploads\/2024\/11\/licensed-image.jpeg","type":"image\/jpeg"}],"author":"creativebitsolutions","twitter_card":"summary_large_image","twitter_misc":{"Written by":"creativebitsolutions","Estimated reading time":"2 minutes"},"schema":{"@context":"https:\/\/schema.org","@graph":[{"@type":"Article","@id":"https:\/\/carpathiacenter.ro\/alegeri-sua-2024-donald-trump-a-fost-ales-presedinte-al-statelor-unite-media\/#article","isPartOf":{"@id":"https:\/\/carpathiacenter.ro\/alegeri-sua-2024-donald-trump-a-fost-ales-presedinte-al-statelor-unite-media\/"},"author":{"name":"creativebitsolutions","@id":"https:\/\/carpathiacenter.ro\/#\/schema\/person\/03d9f58202fee8379268f34afa195006"},"headline":"Alegeri SUA 2024 Donald Trump a fost ales pre\u015fedinte al Statelor Unite (media)","datePublished":"2024-11-06T18:18:52+00:00","dateModified":"2024-11-06T18:19:29+00:00","mainEntityOfPage":{"@id":"https:\/\/carpathiacenter.ro\/alegeri-sua-2024-donald-trump-a-fost-ales-presedinte-al-statelor-unite-media\/"},"wordCount":481,"commentCount":0,"publisher":{"@id":"https:\/\/carpathiacenter.ro\/#organization"},"image":{"@id":"https:\/\/carpathiacenter.ro\/alegeri-sua-2024-donald-trump-a-fost-ales-presedinte-al-statelor-unite-media\/#primaryimage"},"thumbnailUrl":"https:\/\/carpathiacenter.ro\/wp-content\/uploads\/2024\/11\/licensed-image.jpeg","articleSection":["Uncategorized"],"inLanguage":"en-GB","potentialAction":[{"@type":"CommentAction","name":"Comment","target":["https:\/\/carpathiacenter.ro\/alegeri-sua-2024-donald-trump-a-fost-ales-presedinte-al-statelor-unite-media\/#respond"]}]},{"@type":"WebPage","@id":"https:\/\/carpathiacenter.ro\/alegeri-sua-2024-donald-trump-a-fost-ales-presedinte-al-statelor-unite-media\/","url":"https:\/\/carpathiacenter.ro\/alegeri-sua-2024-donald-trump-a-fost-ales-presedinte-al-statelor-unite-media\/","name":"Alegeri SUA 2024 Donald Trump a fost ales pre\u015fedinte al Statelor Unite (media) - Carpathia Center Romania","isPartOf":{"@id":"https:\/\/carpathiacenter.ro\/#website"},"primaryImageOfPage":{"@id":"https:\/\/carpathiacenter.ro\/alegeri-sua-2024-donald-trump-a-fost-ales-presedinte-al-statelor-unite-media\/#primaryimage"},"image":{"@id":"https:\/\/carpathiacenter.ro\/alegeri-sua-2024-donald-trump-a-fost-ales-presedinte-al-statelor-unite-media\/#primaryimage"},"thumbnailUrl":"https:\/\/carpathiacenter.ro\/wp-content\/uploads\/2024\/11\/licensed-image.jpeg","datePublished":"2024-11-06T18:18:52+00:00","dateModified":"2024-11-06T18:19:29+00:00","breadcrumb":{"@id":"https:\/\/carpathiacenter.ro\/alegeri-sua-2024-donald-trump-a-fost-ales-presedinte-al-statelor-unite-media\/#breadcrumb"},"inLanguage":"en-GB","potentialAction":[{"@type":"ReadAction","target":["https:\/\/carpathiacenter.ro\/alegeri-sua-2024-donald-trump-a-fost-ales-presedinte-al-statelor-unite-media\/"]}]},{"@type":"ImageObject","inLanguage":"en-GB","@id":"https:\/\/carpathiacenter.ro\/alegeri-sua-2024-donald-trump-a-fost-ales-presedinte-al-statelor-unite-media\/#primaryimage","url":"https:\/\/carpathiacenter.ro\/wp-content\/uploads\/2024\/11\/licensed-image.jpeg","contentUrl":"https:\/\/carpathiacenter.ro\/wp-content\/uploads\/2024\/11\/licensed-image.jpeg","width":2048,"height":1434,"caption":"WASHINGTON, DC - SEPTEMBER 19: Republican presidential nominee former U.S. President Donald Trump speaks at the Israeli American Council National Summit at the Washington Hilton on September 19, 2024 in Washington, DC. Trump addressed the pro-Israel conference, stating that if he is not elected president Israel will be \u201ceradicated\u201d within two years. (Photo by Kevin Dietsch\/Getty Images)"},{"@type":"BreadcrumbList","@id":"https:\/\/carpathiacenter.ro\/alegeri-sua-2024-donald-trump-a-fost-ales-presedinte-al-statelor-unite-media\/#breadcrumb","itemListElement":[{"@type":"ListItem","position":1,"name":"Prima pagin\u0103","item":"https:\/\/carpathiacenter.ro\/"},{"@type":"ListItem","position":2,"name":"Alegeri SUA 2024 Donald Trump a fost ales pre\u015fedinte al Statelor Unite (media)"}]},{"@type":"WebSite","@id":"https:\/\/carpathiacenter.ro\/#website","url":"https:\/\/carpathiacenter.ro\/","name":"Carpathia Center Romania","description":"Impossible made possible!","publisher":{"@id":"https:\/\/carpathiacenter.ro\/#organization"},"potentialAction":[{"@type":"SearchAction","target":{"@type":"EntryPoint","urlTemplate":"https:\/\/carpathiacenter.ro\/?s={search_term_string}"},"query-input":{"@type":"PropertyValueSpecification","valueRequired":true,"valueName":"search_term_string"}}],"inLanguage":"en-GB"},{"@type":"Organization","@id":"https:\/\/carpathiacenter.ro\/#organization","name":"Carpathia Center Romania","url":"https:\/\/carpathiacenter.ro\/","logo":{"@type":"ImageObject","inLanguage":"en-GB","@id":"https:\/\/carpathiacenter.ro\/#\/schema\/logo\/image\/","url":"https:\/\/carpathiacenter.ro\/wp-content\/uploads\/2024\/07\/logo-carpathia_bg_white-1024x941.png","contentUrl":"https:\/\/carpathiacenter.ro\/wp-content\/uploads\/2024\/07\/logo-carpathia_bg_white-1024x941.png","width":1024,"height":941,"caption":"Carpathia Center Romania"},"image":{"@id":"https:\/\/carpathiacenter.ro\/#\/schema\/logo\/image\/"},"sameAs":["https:\/\/www.facebook.com\/fdpscarpathia\/"]},{"@type":"Person","@id":"https:\/\/carpathiacenter.ro\/#\/schema\/person\/03d9f58202fee8379268f34afa195006","name":"creativebitsolutions","image":{"@type":"ImageObject","inLanguage":"en-GB","@id":"https:\/\/carpathiacenter.ro\/#\/schema\/person\/image\/","url":"https:\/\/secure.gravatar.com\/avatar\/1b1a13e37f847c635dab78348f1dff2f07651ee2a3d77a5c355a4b8c75f9165a?s=96&d=mm&r=g","contentUrl":"https:\/\/secure.gravatar.com\/avatar\/1b1a13e37f847c635dab78348f1dff2f07651ee2a3d77a5c355a4b8c75f9165a?s=96&d=mm&r=g","caption":"creativebitsolutions"},"url":"https:\/\/carpathiacenter.ro\/en\/author\/creativebitsolutions\/"}]}},"_links":{"self":[{"href":"https:\/\/carpathiacenter.ro\/en\/wp-json\/wp\/v2\/posts\/1511","targetHints":{"allow":["GET"]}}],"collection":[{"href":"https:\/\/carpathiacenter.ro\/en\/wp-json\/wp\/v2\/posts"}],"about":[{"href":"https:\/\/carpathiacenter.ro\/en\/wp-json\/wp\/v2\/types\/post"}],"author":[{"embeddable":true,"href":"https:\/\/carpathiacenter.ro\/en\/wp-json\/wp\/v2\/users\/4"}],"replies":[{"embeddable":true,"href":"https:\/\/carpathiacenter.ro\/en\/wp-json\/wp\/v2\/comments?post=1511"}],"version-history":[{"count":2,"href":"https:\/\/carpathiacenter.ro\/en\/wp-json\/wp\/v2\/posts\/1511\/revisions"}],"predecessor-version":[{"id":1518,"href":"https:\/\/carpathiacenter.ro\/en\/wp-json\/wp\/v2\/posts\/1511\/revisions\/1518"}],"wp:featuredmedia":[{"embeddable":true,"href":"https:\/\/carpathiacenter.ro\/en\/wp-json\/wp\/v2\/media\/1512"}],"wp:attachment":[{"href":"https:\/\/carpathiacenter.ro\/en\/wp-json\/wp\/v2\/media?parent=1511"}],"wp:term":[{"taxonomy":"category","embeddable":true,"href":"https:\/\/carpathiacenter.ro\/en\/wp-json\/wp\/v2\/categories?post=1511"},{"taxonomy":"post_tag","embeddable":true,"href":"https:\/\/carpathiacenter.ro\/en\/wp-json\/wp\/v2\/tags?post=1511"}],"curies":[{"name":"wp","href":"https:\/\/api.w.org\/{rel}","templated":true}]}}