{"id":1510,"date":"2024-11-06T18:14:23","date_gmt":"2024-11-06T18:14:23","guid":{"rendered":"https:\/\/carpathiacenter.ro\/?p=1510"},"modified":"2024-11-06T18:18:04","modified_gmt":"2024-11-06T18:18:04","slug":"barbu-in-urmatorii-4-ani-romania-va-beneficia-de-procesare-de-15-miliarde-de-euro-lucru-ce-o-va-face-lider-la-export-in-sud-estul-europei","status":"publish","type":"post","link":"https:\/\/carpathiacenter.ro\/en\/barbu-in-urmatorii-4-ani-romania-va-beneficia-de-procesare-de-15-miliarde-de-euro-lucru-ce-o-va-face-lider-la-export-in-sud-estul-europei\/","title":{"rendered":"Barbu: \u00cen urm\u0103torii 4 ani Rom\u00e2nia va beneficia de procesare de 1,5 miliarde de euro, lucru ce o va face lider la export \u00een sud-estul Europei"},"content":{"rendered":"<div class=\"description_articol\">\n<p>Rom\u00e2nia va beneficia, \u00een urm\u0103torii patru ani, de procesare de 1,5 miliarde de euro, ceea ce o va transforma \u00een lider \u00een sud-estul Europei la materii procesate, a declarat, miercuri, ministrul Agriculturii \u015fi Dezvolt\u0103rii Rurale, Florin Barbu, la un eveniment de specialitate.<\/p>\n<p>&#8220;Pentru c\u0103 \u00een 15 iunie am aprobat cea mai important\u0103 form\u0103 de sprijin pentru procesare, programul Investalim, \u00een momentul de fa\u0163\u0103 sunt \u015fi semnate contractele. Este vorba de un miliard de euro schem\u0103 de ajutor de stat \u015fi complementar am venit din programul na\u0163ional strategic cu o sum\u0103 \u015fi am suplimentat-o, iar \u00een urm\u0103toarea perioad\u0103 vom mai semna contracte de procesare \u00een Rom\u00e2nia de 600 de milioane de euro. Asta \u00eenseamn\u0103 c\u0103 \u00een urm\u0103torii patru ani Rom\u00e2nia va beneficia de procesare de 1,5 miliarde de euro, lucru care face ca Rom\u00e2nia s\u0103 devin\u0103 lider la export \u00een sud-estul Europei ca materii procesate, pentru c\u0103 nu ne mai dorim nici eu \u015fi nici premierul Marcel Ciolacu \u015fi nici Guvernul Rom\u00e2niei s\u0103 mai plece materie prim\u0103 la export \u015fi s-o \u00eentoarcem procesat\u0103 din alte \u0163\u0103ri. Ne dorim s\u0103 ne proces\u0103m materia prim\u0103 \u00een Rom\u00e2nia, de aceea am creat acest program \u015fi \u00een continuare vreau s\u0103 v\u0103 asigur c\u0103 am \u00eencercat s\u0103 integr\u0103m cele trei paliere importante din agricultur\u0103&#8221;, a transmis ministrul la Conferin\u0163a Na\u0163ional\u0103 a Clubului Fermierilor Rom\u00e2ni.<\/p>\n<p>De asemenea, Florin Barbu a amintit c\u0103, \u00een contextul r\u0103zboiului din Ucraina \u015fi al efectelor sale \u00een agricultura european\u0103, a solicitat din nou, la ultimul Consiliu Agrifish, extinderea aplic\u0103rii Cadrului Temporar de Criz\u0103 \u015fi Tranzi\u0163ie \u00een sector, precum \u015fi cre\u015fterea plafonului individual de ajutor per \u00eentreprindere agricol\u0103.<\/p>\n<p>&#8220;Dac\u0103 vorbim de investi\u0163ii sau de sus\u0163inerea agriculturii \u00een aceast\u0103 perioad\u0103 grea, mai ales c\u0103 avem acest r\u0103zboi absurd \u00eempotriva Ucrainei declan\u015fat de Rusia, vreau s\u0103 v\u0103 spun c\u0103 am solicitat \u00een nenum\u0103rate r\u00e2nduri, chiar acum, \u015fi \u00een ultimul Consiliu Agrifish, cre\u015fterea cadrului Ucraina de la 280.000 de euro la 560.000 de euro per \u00eentreprindere, iar acest cadru s\u0103 fie prelungit p\u00e2n\u0103 pe 30 iunie, pentru c\u0103 prin acest cadru am aprobat \u00een Guvernul Rom\u00e2niei o ordonan\u0163\u0103 important\u0103 &#8211; \u015fi este f\u0103r\u0103 precedent \u015fi \u00een premier\u0103 \u00een ultimii 30 de ani ca sectorul agricol din Rom\u00e2nia s\u0103 aib\u0103 un credit cu 1,95% dob\u00e2nd\u0103, iar tot ceea ce \u00eenseamn\u0103 ROBOR \u015fi comisioane s\u0103 fie achitate de Guvernul Rom\u00e2niei \u015fi Ministerul Agriculturii. De aceea vreau s\u0103 continui aceast\u0103 finan\u0163are, dar, domnule comisar (comisarul european pentru agricultur\u0103, Janusz Wojciechowski &#8211; n. r.), am nevoie, a\u015fa cum v-au solicitat \u015fi colegii fermieri \u015fi formele asociative, de prelungire a cadrului Ucraina. Toate aceste lucruri sunt foarte importante pentru noi \u015fi, fiind un final de mandat, probabil nu numai al dumneavoastr\u0103, poate s\u0103 fie un final de mandat \u015fi al meu, pentru c\u0103 \u00een Rom\u00e2nia \u00een momentul de fa\u0163\u0103 sunt alegeri, haide\u0163i \u00eempreun\u0103 s\u0103 trimitem Comisiei aceast\u0103 solicitare, iar de partea de Comisie, de aprobare, m\u0103 voi ocupa eu, \u00eempreun\u0103 cu Guvernul Rom\u00e2niei, cu domnul prim-ministru s\u0103 aprob\u0103m prelungirea cadrului Ucraina&#8221;, a afirmat \u015feful de la Agricultur\u0103.<\/p>\n<p><strong>Ministrul Barbu a dat asigur\u0103ri c\u0103 va r\u0103m\u00e2ne \u00eentr-un dialog permanent cu toate formele asociative \u015fi a atras aten\u0163ia c\u0103 are nevoie de un mandat clar de la acestea cu privire la pozi\u0163ia sa fa\u0163\u0103 de Politica Agricol\u0103 Comun\u0103, respectiv ca bugetul acesteia s\u0103 r\u0103m\u00e2n\u0103 separat, a\u015fa cum este \u00een prezent.<\/strong><\/p>\n<p>&#8220;Vreau s\u0103 v\u0103 spun un lucru foarte important: \u00een calitatea mea de ministru, vreau s\u0103 v\u0103 spun c\u0103 sunt \u015fi voi r\u0103m\u00e2ne \u00eentr-un dialog permanent cu toate formele asociative. Formele asociative anul acesta m-au ajutat \u015fi vreau s\u0103 \u015fti\u0163i c\u0103 aceste forme asociative sunt viitorul dezvolt\u0103rii agriculturii, pentru c\u0103 este foarte greu s\u0103 stai de vorb\u0103 cu un milion de fermieri, cu fiecare fermier \u00een parte. (&#8230;) \u00cen momentul de fa\u0163\u0103 discu\u0163iile pe care le avem la Ministerul Agriculturii au fost unele constructive (&#8230;)Mie \u00eemi trebuie un mandat clar din partea fermierilor rom\u00e2ni ca Politica Agricol\u0103 Comun\u0103 s\u0103 r\u0103m\u00e2n\u0103 separat, a\u015fa cum a fost p\u00e2n\u0103 acum, s\u0103 nu se \u00eenglobeze \u00een toate fondurile europene \u015fi fiecare care vine la Ministerul Agriculturii sau la Palatul Victoria s\u0103 \u00eempart\u0103 ace\u015fti bani cum vrea. Eu pledez pentru o Politic\u0103 Agricol\u0103 Comun\u0103 separat\u0103, a\u015fa cum a fost p\u00e2n\u0103 acum. \u015ei v\u0103 mai spun ceva, domnule comisar &#8211; \u015fti\u0163i c\u0103 au fost dou\u0103 concluzii at\u00e2t a pre\u015fedin\u0163iei Belgiei, c\u00e2t \u015fi pre\u015fedin\u0163iei Ungariei. C\u00e2t voi fi ministru al Agriculturii voi pleda pentru convergen\u0163\u0103 extern\u0103, pensie, pl\u0103\u0163i egale, subven\u0163ii egale pentru fermierii din Uniunea European\u0103&#8221;, a ad\u0103ugat \u015feful MADR.<\/p>\n<p>Ministrul Agriculturii, Florin Barbu, \u015fi comisarul european pentru agricultur\u0103, Janusz Wojciechowski, aflat \u00eentr-o vizit\u0103 oficial\u0103 \u00een Rom\u00e2nia, au participat miercuri la Conferin\u0163a Na\u0163ional\u0103 a Clubului Fermierilor Rom\u00e2ni. AGERPRES\/(A &#8211; autor: Oana Tilic\u0103, editor: Andreea Marinescu, editor online: Adrian D\u00e3d\u00e2rlat)<\/p>\n<p>Sursa: https:\/\/www.agerpres.ro\/economic-intern\/2024\/11\/06\/barbu-in-urmatorii-4-ani-romania-va-beneficia-de-procesare-de-1-5-miliarde-de-euro-lucru-ce-o-va-face-lider-la-export-in-sud-estul-europei&#8211;1382964<\/p>\n<p>&nbsp;<\/p>\n<\/div>","protected":false},"excerpt":{"rendered":"<p>Rom\u00e2nia va beneficia, \u00een urm\u0103torii patru ani, de procesare de 1,5 miliarde de euro, ceea ce o va transforma \u00een lider \u00een sud-estul Europei la materii procesate, a declarat, miercuri, ministrul Agriculturii \u015fi Dezvolt\u0103rii Rurale, Florin Barbu, la un eveniment de specialitate. &#8220;Pentru c\u0103 \u00een 15 iunie am aprobat cea mai important\u0103 form\u0103 de sprijin&#8230;<\/p>","protected":false},"author":4,"featured_media":1513,"comment_status":"open","ping_status":"open","sticky":false,"template":"","format":"standard","meta":{"footnotes":""},"categories":[1],"tags":[],"class_list":["post-1510","post","type-post","status-publish","format-standard","has-post-thumbnail","hentry","category-uncategorized"],"yoast_head":"<!-- This site is optimized with the Yoast SEO plugin v26.1.1 - https:\/\/yoast.com\/wordpress\/plugins\/seo\/ -->\n<title>Barbu: \u00cen urm\u0103torii 4 ani Rom\u00e2nia va beneficia de procesare de 1,5 miliarde de euro, lucru ce o va face lider la export \u00een sud-estul Europei - Carpathia Center Romania<\/title>\n<meta name=\"robots\" content=\"index, follow, max-snippet:-1, max-image-preview:large, max-video-preview:-1\" \/>\n<link rel=\"canonical\" href=\"https:\/\/carpathiacenter.ro\/en\/barbu-in-urmatorii-4-ani-romania-va-beneficia-de-procesare-de-15-miliarde-de-euro-lucru-ce-o-va-face-lider-la-export-in-sud-estul-europei\/\" \/>\n<meta property=\"og:locale\" content=\"en_GB\" \/>\n<meta property=\"og:type\" content=\"article\" \/>\n<meta property=\"og:title\" content=\"Barbu: \u00cen urm\u0103torii 4 ani Rom\u00e2nia va beneficia de procesare de 1,5 miliarde de euro, lucru ce o va face lider la export \u00een sud-estul Europei - Carpathia Center Romania\" \/>\n<meta property=\"og:description\" content=\"Rom\u00e2nia va beneficia, \u00een urm\u0103torii patru ani, de procesare de 1,5 miliarde de euro, ceea ce o va transforma \u00een lider \u00een sud-estul Europei la materii procesate, a declarat, miercuri, ministrul Agriculturii \u015fi Dezvolt\u0103rii Rurale, Florin Barbu, la un eveniment de specialitate. &#8220;Pentru c\u0103 \u00een 15 iunie am aprobat cea mai important\u0103 form\u0103 de sprijin...\" \/>\n<meta property=\"og:url\" content=\"https:\/\/carpathiacenter.ro\/en\/barbu-in-urmatorii-4-ani-romania-va-beneficia-de-procesare-de-15-miliarde-de-euro-lucru-ce-o-va-face-lider-la-export-in-sud-estul-europei\/\" \/>\n<meta property=\"og:site_name\" content=\"Carpathia Center Romania\" \/>\n<meta property=\"article:publisher\" content=\"https:\/\/www.facebook.com\/fdpscarpathia\/\" \/>\n<meta property=\"article:published_time\" content=\"2024-11-06T18:14:23+00:00\" \/>\n<meta property=\"article:modified_time\" content=\"2024-11-06T18:18:04+00:00\" \/>\n<meta property=\"og:image\" content=\"https:\/\/carpathiacenter.ro\/wp-content\/uploads\/2024\/11\/index.webp\" \/>\n\t<meta property=\"og:image:width\" content=\"700\" \/>\n\t<meta property=\"og:image:height\" content=\"467\" \/>\n\t<meta property=\"og:image:type\" content=\"image\/webp\" \/>\n<meta name=\"author\" content=\"creativebitsolutions\" \/>\n<meta name=\"twitter:card\" content=\"summary_large_image\" \/>\n<meta name=\"twitter:label1\" content=\"Written by\" \/>\n\t<meta name=\"twitter:data1\" content=\"creativebitsolutions\" \/>\n\t<meta name=\"twitter:label2\" content=\"Estimated reading time\" \/>\n\t<meta name=\"twitter:data2\" content=\"4 minutes\" \/>\n<script type=\"application\/ld+json\" class=\"yoast-schema-graph\">{\"@context\":\"https:\/\/schema.org\",\"@graph\":[{\"@type\":\"Article\",\"@id\":\"https:\/\/carpathiacenter.ro\/barbu-in-urmatorii-4-ani-romania-va-beneficia-de-procesare-de-15-miliarde-de-euro-lucru-ce-o-va-face-lider-la-export-in-sud-estul-europei\/#article\",\"isPartOf\":{\"@id\":\"https:\/\/carpathiacenter.ro\/barbu-in-urmatorii-4-ani-romania-va-beneficia-de-procesare-de-15-miliarde-de-euro-lucru-ce-o-va-face-lider-la-export-in-sud-estul-europei\/\"},\"author\":{\"name\":\"creativebitsolutions\",\"@id\":\"https:\/\/carpathiacenter.ro\/#\/schema\/person\/03d9f58202fee8379268f34afa195006\"},\"headline\":\"Barbu: \u00cen urm\u0103torii 4 ani Rom\u00e2nia va beneficia de procesare de 1,5 miliarde de euro, lucru ce o va face lider la export \u00een sud-estul Europei\",\"datePublished\":\"2024-11-06T18:14:23+00:00\",\"dateModified\":\"2024-11-06T18:18:04+00:00\",\"mainEntityOfPage\":{\"@id\":\"https:\/\/carpathiacenter.ro\/barbu-in-urmatorii-4-ani-romania-va-beneficia-de-procesare-de-15-miliarde-de-euro-lucru-ce-o-va-face-lider-la-export-in-sud-estul-europei\/\"},\"wordCount\":883,\"commentCount\":0,\"publisher\":{\"@id\":\"https:\/\/carpathiacenter.ro\/#organization\"},\"image\":{\"@id\":\"https:\/\/carpathiacenter.ro\/barbu-in-urmatorii-4-ani-romania-va-beneficia-de-procesare-de-15-miliarde-de-euro-lucru-ce-o-va-face-lider-la-export-in-sud-estul-europei\/#primaryimage\"},\"thumbnailUrl\":\"https:\/\/carpathiacenter.ro\/wp-content\/uploads\/2024\/11\/index.webp\",\"articleSection\":[\"Uncategorized\"],\"inLanguage\":\"en-GB\",\"potentialAction\":[{\"@type\":\"CommentAction\",\"name\":\"Comment\",\"target\":[\"https:\/\/carpathiacenter.ro\/barbu-in-urmatorii-4-ani-romania-va-beneficia-de-procesare-de-15-miliarde-de-euro-lucru-ce-o-va-face-lider-la-export-in-sud-estul-europei\/#respond\"]}]},{\"@type\":\"WebPage\",\"@id\":\"https:\/\/carpathiacenter.ro\/barbu-in-urmatorii-4-ani-romania-va-beneficia-de-procesare-de-15-miliarde-de-euro-lucru-ce-o-va-face-lider-la-export-in-sud-estul-europei\/\",\"url\":\"https:\/\/carpathiacenter.ro\/barbu-in-urmatorii-4-ani-romania-va-beneficia-de-procesare-de-15-miliarde-de-euro-lucru-ce-o-va-face-lider-la-export-in-sud-estul-europei\/\",\"name\":\"Barbu: \u00cen urm\u0103torii 4 ani Rom\u00e2nia va beneficia de procesare de 1,5 miliarde de euro, lucru ce o va face lider la export \u00een sud-estul Europei - Carpathia Center Romania\",\"isPartOf\":{\"@id\":\"https:\/\/carpathiacenter.ro\/#website\"},\"primaryImageOfPage\":{\"@id\":\"https:\/\/carpathiacenter.ro\/barbu-in-urmatorii-4-ani-romania-va-beneficia-de-procesare-de-15-miliarde-de-euro-lucru-ce-o-va-face-lider-la-export-in-sud-estul-europei\/#primaryimage\"},\"image\":{\"@id\":\"https:\/\/carpathiacenter.ro\/barbu-in-urmatorii-4-ani-romania-va-beneficia-de-procesare-de-15-miliarde-de-euro-lucru-ce-o-va-face-lider-la-export-in-sud-estul-europei\/#primaryimage\"},\"thumbnailUrl\":\"https:\/\/carpathiacenter.ro\/wp-content\/uploads\/2024\/11\/index.webp\",\"datePublished\":\"2024-11-06T18:14:23+00:00\",\"dateModified\":\"2024-11-06T18:18:04+00:00\",\"breadcrumb\":{\"@id\":\"https:\/\/carpathiacenter.ro\/barbu-in-urmatorii-4-ani-romania-va-beneficia-de-procesare-de-15-miliarde-de-euro-lucru-ce-o-va-face-lider-la-export-in-sud-estul-europei\/#breadcrumb\"},\"inLanguage\":\"en-GB\",\"potentialAction\":[{\"@type\":\"ReadAction\",\"target\":[\"https:\/\/carpathiacenter.ro\/barbu-in-urmatorii-4-ani-romania-va-beneficia-de-procesare-de-15-miliarde-de-euro-lucru-ce-o-va-face-lider-la-export-in-sud-estul-europei\/\"]}]},{\"@type\":\"ImageObject\",\"inLanguage\":\"en-GB\",\"@id\":\"https:\/\/carpathiacenter.ro\/barbu-in-urmatorii-4-ani-romania-va-beneficia-de-procesare-de-15-miliarde-de-euro-lucru-ce-o-va-face-lider-la-export-in-sud-estul-europei\/#primaryimage\",\"url\":\"https:\/\/carpathiacenter.ro\/wp-content\/uploads\/2024\/11\/index.webp\",\"contentUrl\":\"https:\/\/carpathiacenter.ro\/wp-content\/uploads\/2024\/11\/index.webp\",\"width\":700,\"height\":467},{\"@type\":\"BreadcrumbList\",\"@id\":\"https:\/\/carpathiacenter.ro\/barbu-in-urmatorii-4-ani-romania-va-beneficia-de-procesare-de-15-miliarde-de-euro-lucru-ce-o-va-face-lider-la-export-in-sud-estul-europei\/#breadcrumb\",\"itemListElement\":[{\"@type\":\"ListItem\",\"position\":1,\"name\":\"Prima pagin\u0103\",\"item\":\"https:\/\/carpathiacenter.ro\/\"},{\"@type\":\"ListItem\",\"position\":2,\"name\":\"Barbu: \u00cen urm\u0103torii 4 ani Rom\u00e2nia va beneficia de procesare de 1,5 miliarde de euro, lucru ce o va face lider la export \u00een sud-estul Europei\"}]},{\"@type\":\"WebSite\",\"@id\":\"https:\/\/carpathiacenter.ro\/#website\",\"url\":\"https:\/\/carpathiacenter.ro\/\",\"name\":\"Carpathia Center Romania\",\"description\":\"Impossible made possible!\",\"publisher\":{\"@id\":\"https:\/\/carpathiacenter.ro\/#organization\"},\"potentialAction\":[{\"@type\":\"SearchAction\",\"target\":{\"@type\":\"EntryPoint\",\"urlTemplate\":\"https:\/\/carpathiacenter.ro\/?s={search_term_string}\"},\"query-input\":{\"@type\":\"PropertyValueSpecification\",\"valueRequired\":true,\"valueName\":\"search_term_string\"}}],\"inLanguage\":\"en-GB\"},{\"@type\":\"Organization\",\"@id\":\"https:\/\/carpathiacenter.ro\/#organization\",\"name\":\"Carpathia Center Romania\",\"url\":\"https:\/\/carpathiacenter.ro\/\",\"logo\":{\"@type\":\"ImageObject\",\"inLanguage\":\"en-GB\",\"@id\":\"https:\/\/carpathiacenter.ro\/#\/schema\/logo\/image\/\",\"url\":\"https:\/\/carpathiacenter.ro\/wp-content\/uploads\/2024\/07\/logo-carpathia_bg_white-1024x941.png\",\"contentUrl\":\"https:\/\/carpathiacenter.ro\/wp-content\/uploads\/2024\/07\/logo-carpathia_bg_white-1024x941.png\",\"width\":1024,\"height\":941,\"caption\":\"Carpathia Center Romania\"},\"image\":{\"@id\":\"https:\/\/carpathiacenter.ro\/#\/schema\/logo\/image\/\"},\"sameAs\":[\"https:\/\/www.facebook.com\/fdpscarpathia\/\"]},{\"@type\":\"Person\",\"@id\":\"https:\/\/carpathiacenter.ro\/#\/schema\/person\/03d9f58202fee8379268f34afa195006\",\"name\":\"creativebitsolutions\",\"image\":{\"@type\":\"ImageObject\",\"inLanguage\":\"en-GB\",\"@id\":\"https:\/\/carpathiacenter.ro\/#\/schema\/person\/image\/\",\"url\":\"https:\/\/secure.gravatar.com\/avatar\/1b1a13e37f847c635dab78348f1dff2f07651ee2a3d77a5c355a4b8c75f9165a?s=96&d=mm&r=g\",\"contentUrl\":\"https:\/\/secure.gravatar.com\/avatar\/1b1a13e37f847c635dab78348f1dff2f07651ee2a3d77a5c355a4b8c75f9165a?s=96&d=mm&r=g\",\"caption\":\"creativebitsolutions\"},\"url\":\"https:\/\/carpathiacenter.ro\/en\/author\/creativebitsolutions\/\"}]}<\/script>\n<!-- \/ Yoast SEO plugin. -->","yoast_head_json":{"title":"Barbu: \u00cen urm\u0103torii 4 ani Rom\u00e2nia va beneficia de procesare de 1,5 miliarde de euro, lucru ce o va face lider la export \u00een sud-estul Europei - Carpathia Center Romania","robots":{"index":"index","follow":"follow","max-snippet":"max-snippet:-1","max-image-preview":"max-image-preview:large","max-video-preview":"max-video-preview:-1"},"canonical":"https:\/\/carpathiacenter.ro\/en\/barbu-in-urmatorii-4-ani-romania-va-beneficia-de-procesare-de-15-miliarde-de-euro-lucru-ce-o-va-face-lider-la-export-in-sud-estul-europei\/","og_locale":"en_GB","og_type":"article","og_title":"Barbu: \u00cen urm\u0103torii 4 ani Rom\u00e2nia va beneficia de procesare de 1,5 miliarde de euro, lucru ce o va face lider la export \u00een sud-estul Europei - Carpathia Center Romania","og_description":"Rom\u00e2nia va beneficia, \u00een urm\u0103torii patru ani, de procesare de 1,5 miliarde de euro, ceea ce o va transforma \u00een lider \u00een sud-estul Europei la materii procesate, a declarat, miercuri, ministrul Agriculturii \u015fi Dezvolt\u0103rii Rurale, Florin Barbu, la un eveniment de specialitate. &#8220;Pentru c\u0103 \u00een 15 iunie am aprobat cea mai important\u0103 form\u0103 de sprijin...","og_url":"https:\/\/carpathiacenter.ro\/en\/barbu-in-urmatorii-4-ani-romania-va-beneficia-de-procesare-de-15-miliarde-de-euro-lucru-ce-o-va-face-lider-la-export-in-sud-estul-europei\/","og_site_name":"Carpathia Center Romania","article_publisher":"https:\/\/www.facebook.com\/fdpscarpathia\/","article_published_time":"2024-11-06T18:14:23+00:00","article_modified_time":"2024-11-06T18:18:04+00:00","og_image":[{"width":700,"height":467,"url":"https:\/\/carpathiacenter.ro\/wp-content\/uploads\/2024\/11\/index.webp","type":"image\/webp"}],"author":"creativebitsolutions","twitter_card":"summary_large_image","twitter_misc":{"Written by":"creativebitsolutions","Estimated reading time":"4 minutes"},"schema":{"@context":"https:\/\/schema.org","@graph":[{"@type":"Article","@id":"https:\/\/carpathiacenter.ro\/barbu-in-urmatorii-4-ani-romania-va-beneficia-de-procesare-de-15-miliarde-de-euro-lucru-ce-o-va-face-lider-la-export-in-sud-estul-europei\/#article","isPartOf":{"@id":"https:\/\/carpathiacenter.ro\/barbu-in-urmatorii-4-ani-romania-va-beneficia-de-procesare-de-15-miliarde-de-euro-lucru-ce-o-va-face-lider-la-export-in-sud-estul-europei\/"},"author":{"name":"creativebitsolutions","@id":"https:\/\/carpathiacenter.ro\/#\/schema\/person\/03d9f58202fee8379268f34afa195006"},"headline":"Barbu: \u00cen urm\u0103torii 4 ani Rom\u00e2nia va beneficia de procesare de 1,5 miliarde de euro, lucru ce o va face lider la export \u00een sud-estul Europei","datePublished":"2024-11-06T18:14:23+00:00","dateModified":"2024-11-06T18:18:04+00:00","mainEntityOfPage":{"@id":"https:\/\/carpathiacenter.ro\/barbu-in-urmatorii-4-ani-romania-va-beneficia-de-procesare-de-15-miliarde-de-euro-lucru-ce-o-va-face-lider-la-export-in-sud-estul-europei\/"},"wordCount":883,"commentCount":0,"publisher":{"@id":"https:\/\/carpathiacenter.ro\/#organization"},"image":{"@id":"https:\/\/carpathiacenter.ro\/barbu-in-urmatorii-4-ani-romania-va-beneficia-de-procesare-de-15-miliarde-de-euro-lucru-ce-o-va-face-lider-la-export-in-sud-estul-europei\/#primaryimage"},"thumbnailUrl":"https:\/\/carpathiacenter.ro\/wp-content\/uploads\/2024\/11\/index.webp","articleSection":["Uncategorized"],"inLanguage":"en-GB","potentialAction":[{"@type":"CommentAction","name":"Comment","target":["https:\/\/carpathiacenter.ro\/barbu-in-urmatorii-4-ani-romania-va-beneficia-de-procesare-de-15-miliarde-de-euro-lucru-ce-o-va-face-lider-la-export-in-sud-estul-europei\/#respond"]}]},{"@type":"WebPage","@id":"https:\/\/carpathiacenter.ro\/barbu-in-urmatorii-4-ani-romania-va-beneficia-de-procesare-de-15-miliarde-de-euro-lucru-ce-o-va-face-lider-la-export-in-sud-estul-europei\/","url":"https:\/\/carpathiacenter.ro\/barbu-in-urmatorii-4-ani-romania-va-beneficia-de-procesare-de-15-miliarde-de-euro-lucru-ce-o-va-face-lider-la-export-in-sud-estul-europei\/","name":"Barbu: \u00cen urm\u0103torii 4 ani Rom\u00e2nia va beneficia de procesare de 1,5 miliarde de euro, lucru ce o va face lider la export \u00een sud-estul Europei - Carpathia Center Romania","isPartOf":{"@id":"https:\/\/carpathiacenter.ro\/#website"},"primaryImageOfPage":{"@id":"https:\/\/carpathiacenter.ro\/barbu-in-urmatorii-4-ani-romania-va-beneficia-de-procesare-de-15-miliarde-de-euro-lucru-ce-o-va-face-lider-la-export-in-sud-estul-europei\/#primaryimage"},"image":{"@id":"https:\/\/carpathiacenter.ro\/barbu-in-urmatorii-4-ani-romania-va-beneficia-de-procesare-de-15-miliarde-de-euro-lucru-ce-o-va-face-lider-la-export-in-sud-estul-europei\/#primaryimage"},"thumbnailUrl":"https:\/\/carpathiacenter.ro\/wp-content\/uploads\/2024\/11\/index.webp","datePublished":"2024-11-06T18:14:23+00:00","dateModified":"2024-11-06T18:18:04+00:00","breadcrumb":{"@id":"https:\/\/carpathiacenter.ro\/barbu-in-urmatorii-4-ani-romania-va-beneficia-de-procesare-de-15-miliarde-de-euro-lucru-ce-o-va-face-lider-la-export-in-sud-estul-europei\/#breadcrumb"},"inLanguage":"en-GB","potentialAction":[{"@type":"ReadAction","target":["https:\/\/carpathiacenter.ro\/barbu-in-urmatorii-4-ani-romania-va-beneficia-de-procesare-de-15-miliarde-de-euro-lucru-ce-o-va-face-lider-la-export-in-sud-estul-europei\/"]}]},{"@type":"ImageObject","inLanguage":"en-GB","@id":"https:\/\/carpathiacenter.ro\/barbu-in-urmatorii-4-ani-romania-va-beneficia-de-procesare-de-15-miliarde-de-euro-lucru-ce-o-va-face-lider-la-export-in-sud-estul-europei\/#primaryimage","url":"https:\/\/carpathiacenter.ro\/wp-content\/uploads\/2024\/11\/index.webp","contentUrl":"https:\/\/carpathiacenter.ro\/wp-content\/uploads\/2024\/11\/index.webp","width":700,"height":467},{"@type":"BreadcrumbList","@id":"https:\/\/carpathiacenter.ro\/barbu-in-urmatorii-4-ani-romania-va-beneficia-de-procesare-de-15-miliarde-de-euro-lucru-ce-o-va-face-lider-la-export-in-sud-estul-europei\/#breadcrumb","itemListElement":[{"@type":"ListItem","position":1,"name":"Prima pagin\u0103","item":"https:\/\/carpathiacenter.ro\/"},{"@type":"ListItem","position":2,"name":"Barbu: \u00cen urm\u0103torii 4 ani Rom\u00e2nia va beneficia de procesare de 1,5 miliarde de euro, lucru ce o va face lider la export \u00een sud-estul Europei"}]},{"@type":"WebSite","@id":"https:\/\/carpathiacenter.ro\/#website","url":"https:\/\/carpathiacenter.ro\/","name":"Carpathia Center Romania","description":"Impossible made possible!","publisher":{"@id":"https:\/\/carpathiacenter.ro\/#organization"},"potentialAction":[{"@type":"SearchAction","target":{"@type":"EntryPoint","urlTemplate":"https:\/\/carpathiacenter.ro\/?s={search_term_string}"},"query-input":{"@type":"PropertyValueSpecification","valueRequired":true,"valueName":"search_term_string"}}],"inLanguage":"en-GB"},{"@type":"Organization","@id":"https:\/\/carpathiacenter.ro\/#organization","name":"Carpathia Center Romania","url":"https:\/\/carpathiacenter.ro\/","logo":{"@type":"ImageObject","inLanguage":"en-GB","@id":"https:\/\/carpathiacenter.ro\/#\/schema\/logo\/image\/","url":"https:\/\/carpathiacenter.ro\/wp-content\/uploads\/2024\/07\/logo-carpathia_bg_white-1024x941.png","contentUrl":"https:\/\/carpathiacenter.ro\/wp-content\/uploads\/2024\/07\/logo-carpathia_bg_white-1024x941.png","width":1024,"height":941,"caption":"Carpathia Center Romania"},"image":{"@id":"https:\/\/carpathiacenter.ro\/#\/schema\/logo\/image\/"},"sameAs":["https:\/\/www.facebook.com\/fdpscarpathia\/"]},{"@type":"Person","@id":"https:\/\/carpathiacenter.ro\/#\/schema\/person\/03d9f58202fee8379268f34afa195006","name":"creativebitsolutions","image":{"@type":"ImageObject","inLanguage":"en-GB","@id":"https:\/\/carpathiacenter.ro\/#\/schema\/person\/image\/","url":"https:\/\/secure.gravatar.com\/avatar\/1b1a13e37f847c635dab78348f1dff2f07651ee2a3d77a5c355a4b8c75f9165a?s=96&d=mm&r=g","contentUrl":"https:\/\/secure.gravatar.com\/avatar\/1b1a13e37f847c635dab78348f1dff2f07651ee2a3d77a5c355a4b8c75f9165a?s=96&d=mm&r=g","caption":"creativebitsolutions"},"url":"https:\/\/carpathiacenter.ro\/en\/author\/creativebitsolutions\/"}]}},"_links":{"self":[{"href":"https:\/\/carpathiacenter.ro\/en\/wp-json\/wp\/v2\/posts\/1510","targetHints":{"allow":["GET"]}}],"collection":[{"href":"https:\/\/carpathiacenter.ro\/en\/wp-json\/wp\/v2\/posts"}],"about":[{"href":"https:\/\/carpathiacenter.ro\/en\/wp-json\/wp\/v2\/types\/post"}],"author":[{"embeddable":true,"href":"https:\/\/carpathiacenter.ro\/en\/wp-json\/wp\/v2\/users\/4"}],"replies":[{"embeddable":true,"href":"https:\/\/carpathiacenter.ro\/en\/wp-json\/wp\/v2\/comments?post=1510"}],"version-history":[{"count":3,"href":"https:\/\/carpathiacenter.ro\/en\/wp-json\/wp\/v2\/posts\/1510\/revisions"}],"predecessor-version":[{"id":1516,"href":"https:\/\/carpathiacenter.ro\/en\/wp-json\/wp\/v2\/posts\/1510\/revisions\/1516"}],"wp:featuredmedia":[{"embeddable":true,"href":"https:\/\/carpathiacenter.ro\/en\/wp-json\/wp\/v2\/media\/1513"}],"wp:attachment":[{"href":"https:\/\/carpathiacenter.ro\/en\/wp-json\/wp\/v2\/media?parent=1510"}],"wp:term":[{"taxonomy":"category","embeddable":true,"href":"https:\/\/carpathiacenter.ro\/en\/wp-json\/wp\/v2\/categories?post=1510"},{"taxonomy":"post_tag","embeddable":true,"href":"https:\/\/carpathiacenter.ro\/en\/wp-json\/wp\/v2\/tags?post=1510"}],"curies":[{"name":"wp","href":"https:\/\/api.w.org\/{rel}","templated":true}]}}