{"id":1462,"date":"2024-10-28T16:24:56","date_gmt":"2024-10-28T16:24:56","guid":{"rendered":"https:\/\/carpathiacenter.ro\/?p=1462"},"modified":"2024-10-28T16:24:56","modified_gmt":"2024-10-28T16:24:56","slug":"reprezentantii-medicilor-specialisti-cu-practica-independenta-nemultumiti-de-propunerea-cnas-privind-valoarea-punctului-pe-serviciu-medical","status":"publish","type":"post","link":"https:\/\/carpathiacenter.ro\/en\/reprezentantii-medicilor-specialisti-cu-practica-independenta-nemultumiti-de-propunerea-cnas-privind-valoarea-punctului-pe-serviciu-medical\/","title":{"rendered":"Reprezentan\u0163ii medicilor speciali\u015fti cu practic\u0103 independent\u0103, nemul\u0163umi\u0163i de propunerea CNAS privind valoarea punctului pe serviciu medical"},"content":{"rendered":"<p><strong>Reprezentan\u0163ii Patronatului Medicilor Speciali\u015fti cu Practic\u0103 Independent\u0103 din Rom\u00e2nia sunt nemul\u0163umi\u0163i de proiectul de Hot\u0103r\u00e2re de Guvern pus \u00een transparen\u0163\u0103 decizional\u0103 de Casa Na\u0163ional\u0103 de Asigur\u0103ri de S\u0103n\u0103tate care prevede men\u0163inerea pentru primul trimestru al anului 2025 a valorii punctului pe serviciu medical de 5 lei pentru ambulatoriul de specialitate.<\/strong><\/p>\n<p>CNAS a pus \u00een consultare public\u0103 \u00een cursul s\u0103pt\u0103m\u00e2nii trecute un proiect de hot\u0103r\u00e2re de Guvern care prevede c\u0103 pentru trimestrul I al anului 2025, valorile garantate ale punctelor \u2018per capita\u2019 \u015fi pe serviciu medical se men\u0163in la nivelul valorilor valabile \u00een anul 2024.<\/p>\n<p>\u201cPatronatul Medicilor Speciali\u015fti cu Practic\u0103 Independent\u0103 din Rom\u00e2nia a luat act cu \u00eengrijorare de documentele publicate pe site CNAS \u00een transparen\u0163\u0103 decizional\u0103 \u00een data de 23.10.2024. Referitor la propunerea de men\u0163inere pentru primul trimestru 2025 a valorii punctului pe serviciu medical de 5 lei pentru ambulatoriul de specialitate, similar\u0103 cu cea din trimestrul IV 2024, consider\u0103m c\u0103 aceasta va men\u0163ine subfinan\u0163area cronic\u0103 importanta \u015fi vine in contradic\u0163ie cu situa\u0163ia economico financiar\u0103 actual\u0103, cu necesitatea sustenabilit\u0103\u0163ii \u015fi predictibilit\u0103\u0163ii financiare pentru cabinetele cu practic\u0103 independent\u0103\u201d, se arat\u0103 \u00eentr-un comunicat remis AGERPRES al Patronatului Medicilor Speciali\u015fti cu Practic\u0103 Independent\u0103.<\/p>\n<p>Potrivit sursei citate, cre\u015fterile importante preconizate ale taxelor \u015fi impozitelor pentru anul 2025, impuse implicit \u015fi furnizorilor de servicii medicale gratuite, cei afla\u0163i in contract cu CNAS, vor face \u00een cur\u00e2nd imposibil\u0103 men\u0163inerea unui nivel adecvat de servicii medicale, f\u0103r\u0103 o majorare substan\u0163ial\u0103 a finan\u0163\u0103rii acestora.<\/p>\n<p>\u201cCre\u015fterea salariului minim cu 10%, cre\u015fterea TVA cu majorarea \u00een cascad\u0103 a tuturor pre\u0163urilor \u015fi deci implicit a cheltuielilor cabinetelor, cre\u015fterea impozitelor pentru CMI \u015fi PFA de la 10% la 16% care va duce la o majorare de 60% a poverii fiscale, mic\u015forarea plafonului pentru SRL-uri cu cre\u015fterea impozitului pe profit de la 3% la 16%, toate vor avea un impact puternic negativ asupra activit\u0103\u0163ii medicale din ambulatoriul de specialitate, urmarea fireasc\u0103 fiind repercusiuni asupra pacien\u0163ilor care nu vor mai putea beneficia rapid, eficient \u015fi gratuit \u00een cabinetele de ambulatoriu pre-spital, de servicii medicale specializate de \u00eenalt\u0103 calificare\u201d, sus\u0163in medicii.<\/p>\n<p>Totodat\u0103, reprezentan\u0163ii medicilor speciali\u015fti cu practic\u0103 independent\u0103 afirm\u0103 c\u0103 \u00een lipsa unei ajust\u0103ri \u201cpropor\u0163ionale\u201d a finan\u0163\u0103rii \u00een raport cu aceste costuri fiscale cresc\u00e2nde ar risca nu doar o degradare a calit\u0103\u0163ii serviciilor medicale, ci \u015fi o retragere a medicilor din contractele cu CNAS.<\/p>\n<p>\u201cAceasta ar avea ca rezultat dispari\u0163ia consulta\u0163iilor gratuite de specialitate \u00een prespital, ad\u00e2ncind astfel un deficit deja grav \u00een sistemul de s\u0103n\u0103tate, cre\u015fterea timpilor de a\u015fteptare pentru consulta\u0163ii, cu aglomerarea spitalelor \u015fi implicit cre\u015fterea costurilor in sistem. Este timpul s\u0103 recunoa\u015ftem \u015fi s\u0103 accept\u0103m c\u0103, f\u0103r\u0103 o finan\u0163are adecvat\u0103 a pilonului medical pre-spital, continuitatea \u015fi accesul pacien\u0163ilor la \u00eengrijiri medicale specializate sunt \u00een pericol real\u201d, se mai arat\u0103 \u00een comunicat.<\/p>\n<p>Patronatul Medicilor Speciali\u015fti cu Practic\u0103 Independent\u0103 din Rom\u00e2nia solicit\u0103 negocieri \u201creale\u201d cu CNAS \u015fi g\u0103sirea unor solu\u0163ii rapide, eficiente \u015fi adecvate pentru aceast\u0103 problem\u0103 de importan\u0163\u0103 crucial\u0103 din sistemul de s\u0103n\u0103tate. AGERPRES\/(AS-autor: Roberto Stan, editor: Mihai Simionescu, editor online: Simona Aru\u015ftei)<\/p>\n<p>Sursa:https:\/\/www.agerpres.ro\/sanatate\/2024\/10\/28\/reprezentantii-medicilor-specialisti-cu-practica-independenta-nemultumiti-de-propunerea-cnas-privind-valoarea-punctului-pe-serviciu-medical\u20131378049<\/p>","protected":false},"excerpt":{"rendered":"<p>Reprezentan\u0163ii Patronatului Medicilor Speciali\u015fti cu Practic\u0103 Independent\u0103 din Rom\u00e2nia sunt nemul\u0163umi\u0163i de proiectul de Hot\u0103r\u00e2re de Guvern pus \u00een transparen\u0163\u0103 decizional\u0103 de Casa Na\u0163ional\u0103 de Asigur\u0103ri de S\u0103n\u0103tate care prevede men\u0163inerea pentru primul trimestru al anului 2025 a valorii punctului pe serviciu medical de 5 lei pentru ambulatoriul de specialitate. CNAS a pus \u00een consultare&#8230;<\/p>","protected":false},"author":4,"featured_media":1460,"comment_status":"open","ping_status":"open","sticky":false,"template":"","format":"standard","meta":{"footnotes":""},"categories":[1],"tags":[],"class_list":["post-1462","post","type-post","status-publish","format-standard","has-post-thumbnail","hentry","category-uncategorized"],"yoast_head":"<!-- This site is optimized with the Yoast SEO plugin v26.1.1 - https:\/\/yoast.com\/wordpress\/plugins\/seo\/ -->\n<title>Reprezentan\u0163ii medicilor speciali\u015fti cu practic\u0103 independent\u0103, nemul\u0163umi\u0163i de propunerea CNAS privind valoarea punctului pe serviciu medical - Carpathia Center Romania<\/title>\n<meta name=\"robots\" content=\"index, follow, max-snippet:-1, max-image-preview:large, max-video-preview:-1\" \/>\n<link rel=\"canonical\" href=\"https:\/\/carpathiacenter.ro\/en\/reprezentantii-medicilor-specialisti-cu-practica-independenta-nemultumiti-de-propunerea-cnas-privind-valoarea-punctului-pe-serviciu-medical\/\" \/>\n<meta property=\"og:locale\" content=\"en_GB\" \/>\n<meta property=\"og:type\" content=\"article\" \/>\n<meta property=\"og:title\" content=\"Reprezentan\u0163ii medicilor speciali\u015fti cu practic\u0103 independent\u0103, nemul\u0163umi\u0163i de propunerea CNAS privind valoarea punctului pe serviciu medical - Carpathia Center Romania\" \/>\n<meta property=\"og:description\" content=\"Reprezentan\u0163ii Patronatului Medicilor Speciali\u015fti cu Practic\u0103 Independent\u0103 din Rom\u00e2nia sunt nemul\u0163umi\u0163i de proiectul de Hot\u0103r\u00e2re de Guvern pus \u00een transparen\u0163\u0103 decizional\u0103 de Casa Na\u0163ional\u0103 de Asigur\u0103ri de S\u0103n\u0103tate care prevede men\u0163inerea pentru primul trimestru al anului 2025 a valorii punctului pe serviciu medical de 5 lei pentru ambulatoriul de specialitate. CNAS a pus \u00een consultare...\" \/>\n<meta property=\"og:url\" content=\"https:\/\/carpathiacenter.ro\/en\/reprezentantii-medicilor-specialisti-cu-practica-independenta-nemultumiti-de-propunerea-cnas-privind-valoarea-punctului-pe-serviciu-medical\/\" \/>\n<meta property=\"og:site_name\" content=\"Carpathia Center Romania\" \/>\n<meta property=\"article:publisher\" content=\"https:\/\/www.facebook.com\/fdpscarpathia\/\" \/>\n<meta property=\"article:published_time\" content=\"2024-10-28T16:24:56+00:00\" \/>\n<meta property=\"og:image\" content=\"https:\/\/carpathiacenter.ro\/wp-content\/uploads\/2024\/10\/bolnav-768x512-1.webp\" \/>\n\t<meta property=\"og:image:width\" content=\"768\" \/>\n\t<meta property=\"og:image:height\" content=\"512\" \/>\n\t<meta property=\"og:image:type\" content=\"image\/webp\" \/>\n<meta name=\"author\" content=\"creativebitsolutions\" \/>\n<meta name=\"twitter:card\" content=\"summary_large_image\" \/>\n<meta name=\"twitter:label1\" content=\"Written by\" \/>\n\t<meta name=\"twitter:data1\" content=\"creativebitsolutions\" \/>\n\t<meta name=\"twitter:label2\" content=\"Estimated reading time\" \/>\n\t<meta name=\"twitter:data2\" content=\"3 minutes\" \/>\n<script type=\"application\/ld+json\" class=\"yoast-schema-graph\">{\"@context\":\"https:\/\/schema.org\",\"@graph\":[{\"@type\":\"Article\",\"@id\":\"https:\/\/carpathiacenter.ro\/reprezentantii-medicilor-specialisti-cu-practica-independenta-nemultumiti-de-propunerea-cnas-privind-valoarea-punctului-pe-serviciu-medical\/#article\",\"isPartOf\":{\"@id\":\"https:\/\/carpathiacenter.ro\/reprezentantii-medicilor-specialisti-cu-practica-independenta-nemultumiti-de-propunerea-cnas-privind-valoarea-punctului-pe-serviciu-medical\/\"},\"author\":{\"name\":\"creativebitsolutions\",\"@id\":\"https:\/\/carpathiacenter.ro\/#\/schema\/person\/03d9f58202fee8379268f34afa195006\"},\"headline\":\"Reprezentan\u0163ii medicilor speciali\u015fti cu practic\u0103 independent\u0103, nemul\u0163umi\u0163i de propunerea CNAS privind valoarea punctului pe serviciu medical\",\"datePublished\":\"2024-10-28T16:24:56+00:00\",\"mainEntityOfPage\":{\"@id\":\"https:\/\/carpathiacenter.ro\/reprezentantii-medicilor-specialisti-cu-practica-independenta-nemultumiti-de-propunerea-cnas-privind-valoarea-punctului-pe-serviciu-medical\/\"},\"wordCount\":576,\"commentCount\":0,\"publisher\":{\"@id\":\"https:\/\/carpathiacenter.ro\/#organization\"},\"image\":{\"@id\":\"https:\/\/carpathiacenter.ro\/reprezentantii-medicilor-specialisti-cu-practica-independenta-nemultumiti-de-propunerea-cnas-privind-valoarea-punctului-pe-serviciu-medical\/#primaryimage\"},\"thumbnailUrl\":\"https:\/\/carpathiacenter.ro\/wp-content\/uploads\/2024\/10\/bolnav-768x512-1.webp\",\"articleSection\":[\"Uncategorized\"],\"inLanguage\":\"en-GB\",\"potentialAction\":[{\"@type\":\"CommentAction\",\"name\":\"Comment\",\"target\":[\"https:\/\/carpathiacenter.ro\/reprezentantii-medicilor-specialisti-cu-practica-independenta-nemultumiti-de-propunerea-cnas-privind-valoarea-punctului-pe-serviciu-medical\/#respond\"]}]},{\"@type\":\"WebPage\",\"@id\":\"https:\/\/carpathiacenter.ro\/reprezentantii-medicilor-specialisti-cu-practica-independenta-nemultumiti-de-propunerea-cnas-privind-valoarea-punctului-pe-serviciu-medical\/\",\"url\":\"https:\/\/carpathiacenter.ro\/reprezentantii-medicilor-specialisti-cu-practica-independenta-nemultumiti-de-propunerea-cnas-privind-valoarea-punctului-pe-serviciu-medical\/\",\"name\":\"Reprezentan\u0163ii medicilor speciali\u015fti cu practic\u0103 independent\u0103, nemul\u0163umi\u0163i de propunerea CNAS privind valoarea punctului pe serviciu medical - Carpathia Center Romania\",\"isPartOf\":{\"@id\":\"https:\/\/carpathiacenter.ro\/#website\"},\"primaryImageOfPage\":{\"@id\":\"https:\/\/carpathiacenter.ro\/reprezentantii-medicilor-specialisti-cu-practica-independenta-nemultumiti-de-propunerea-cnas-privind-valoarea-punctului-pe-serviciu-medical\/#primaryimage\"},\"image\":{\"@id\":\"https:\/\/carpathiacenter.ro\/reprezentantii-medicilor-specialisti-cu-practica-independenta-nemultumiti-de-propunerea-cnas-privind-valoarea-punctului-pe-serviciu-medical\/#primaryimage\"},\"thumbnailUrl\":\"https:\/\/carpathiacenter.ro\/wp-content\/uploads\/2024\/10\/bolnav-768x512-1.webp\",\"datePublished\":\"2024-10-28T16:24:56+00:00\",\"breadcrumb\":{\"@id\":\"https:\/\/carpathiacenter.ro\/reprezentantii-medicilor-specialisti-cu-practica-independenta-nemultumiti-de-propunerea-cnas-privind-valoarea-punctului-pe-serviciu-medical\/#breadcrumb\"},\"inLanguage\":\"en-GB\",\"potentialAction\":[{\"@type\":\"ReadAction\",\"target\":[\"https:\/\/carpathiacenter.ro\/reprezentantii-medicilor-specialisti-cu-practica-independenta-nemultumiti-de-propunerea-cnas-privind-valoarea-punctului-pe-serviciu-medical\/\"]}]},{\"@type\":\"ImageObject\",\"inLanguage\":\"en-GB\",\"@id\":\"https:\/\/carpathiacenter.ro\/reprezentantii-medicilor-specialisti-cu-practica-independenta-nemultumiti-de-propunerea-cnas-privind-valoarea-punctului-pe-serviciu-medical\/#primaryimage\",\"url\":\"https:\/\/carpathiacenter.ro\/wp-content\/uploads\/2024\/10\/bolnav-768x512-1.webp\",\"contentUrl\":\"https:\/\/carpathiacenter.ro\/wp-content\/uploads\/2024\/10\/bolnav-768x512-1.webp\",\"width\":768,\"height\":512},{\"@type\":\"BreadcrumbList\",\"@id\":\"https:\/\/carpathiacenter.ro\/reprezentantii-medicilor-specialisti-cu-practica-independenta-nemultumiti-de-propunerea-cnas-privind-valoarea-punctului-pe-serviciu-medical\/#breadcrumb\",\"itemListElement\":[{\"@type\":\"ListItem\",\"position\":1,\"name\":\"Prima pagin\u0103\",\"item\":\"https:\/\/carpathiacenter.ro\/\"},{\"@type\":\"ListItem\",\"position\":2,\"name\":\"Reprezentan\u0163ii medicilor speciali\u015fti cu practic\u0103 independent\u0103, nemul\u0163umi\u0163i de propunerea CNAS privind valoarea punctului pe serviciu medical\"}]},{\"@type\":\"WebSite\",\"@id\":\"https:\/\/carpathiacenter.ro\/#website\",\"url\":\"https:\/\/carpathiacenter.ro\/\",\"name\":\"Carpathia Center Romania\",\"description\":\"Impossible made possible!\",\"publisher\":{\"@id\":\"https:\/\/carpathiacenter.ro\/#organization\"},\"potentialAction\":[{\"@type\":\"SearchAction\",\"target\":{\"@type\":\"EntryPoint\",\"urlTemplate\":\"https:\/\/carpathiacenter.ro\/?s={search_term_string}\"},\"query-input\":{\"@type\":\"PropertyValueSpecification\",\"valueRequired\":true,\"valueName\":\"search_term_string\"}}],\"inLanguage\":\"en-GB\"},{\"@type\":\"Organization\",\"@id\":\"https:\/\/carpathiacenter.ro\/#organization\",\"name\":\"Carpathia Center Romania\",\"url\":\"https:\/\/carpathiacenter.ro\/\",\"logo\":{\"@type\":\"ImageObject\",\"inLanguage\":\"en-GB\",\"@id\":\"https:\/\/carpathiacenter.ro\/#\/schema\/logo\/image\/\",\"url\":\"https:\/\/carpathiacenter.ro\/wp-content\/uploads\/2024\/07\/logo-carpathia_bg_white-1024x941.png\",\"contentUrl\":\"https:\/\/carpathiacenter.ro\/wp-content\/uploads\/2024\/07\/logo-carpathia_bg_white-1024x941.png\",\"width\":1024,\"height\":941,\"caption\":\"Carpathia Center Romania\"},\"image\":{\"@id\":\"https:\/\/carpathiacenter.ro\/#\/schema\/logo\/image\/\"},\"sameAs\":[\"https:\/\/www.facebook.com\/fdpscarpathia\/\"]},{\"@type\":\"Person\",\"@id\":\"https:\/\/carpathiacenter.ro\/#\/schema\/person\/03d9f58202fee8379268f34afa195006\",\"name\":\"creativebitsolutions\",\"image\":{\"@type\":\"ImageObject\",\"inLanguage\":\"en-GB\",\"@id\":\"https:\/\/carpathiacenter.ro\/#\/schema\/person\/image\/\",\"url\":\"https:\/\/secure.gravatar.com\/avatar\/1b1a13e37f847c635dab78348f1dff2f07651ee2a3d77a5c355a4b8c75f9165a?s=96&d=mm&r=g\",\"contentUrl\":\"https:\/\/secure.gravatar.com\/avatar\/1b1a13e37f847c635dab78348f1dff2f07651ee2a3d77a5c355a4b8c75f9165a?s=96&d=mm&r=g\",\"caption\":\"creativebitsolutions\"},\"url\":\"https:\/\/carpathiacenter.ro\/en\/author\/creativebitsolutions\/\"}]}<\/script>\n<!-- \/ Yoast SEO plugin. -->","yoast_head_json":{"title":"Reprezentan\u0163ii medicilor speciali\u015fti cu practic\u0103 independent\u0103, nemul\u0163umi\u0163i de propunerea CNAS privind valoarea punctului pe serviciu medical - Carpathia Center Romania","robots":{"index":"index","follow":"follow","max-snippet":"max-snippet:-1","max-image-preview":"max-image-preview:large","max-video-preview":"max-video-preview:-1"},"canonical":"https:\/\/carpathiacenter.ro\/en\/reprezentantii-medicilor-specialisti-cu-practica-independenta-nemultumiti-de-propunerea-cnas-privind-valoarea-punctului-pe-serviciu-medical\/","og_locale":"en_GB","og_type":"article","og_title":"Reprezentan\u0163ii medicilor speciali\u015fti cu practic\u0103 independent\u0103, nemul\u0163umi\u0163i de propunerea CNAS privind valoarea punctului pe serviciu medical - Carpathia Center Romania","og_description":"Reprezentan\u0163ii Patronatului Medicilor Speciali\u015fti cu Practic\u0103 Independent\u0103 din Rom\u00e2nia sunt nemul\u0163umi\u0163i de proiectul de Hot\u0103r\u00e2re de Guvern pus \u00een transparen\u0163\u0103 decizional\u0103 de Casa Na\u0163ional\u0103 de Asigur\u0103ri de S\u0103n\u0103tate care prevede men\u0163inerea pentru primul trimestru al anului 2025 a valorii punctului pe serviciu medical de 5 lei pentru ambulatoriul de specialitate. CNAS a pus \u00een consultare...","og_url":"https:\/\/carpathiacenter.ro\/en\/reprezentantii-medicilor-specialisti-cu-practica-independenta-nemultumiti-de-propunerea-cnas-privind-valoarea-punctului-pe-serviciu-medical\/","og_site_name":"Carpathia Center Romania","article_publisher":"https:\/\/www.facebook.com\/fdpscarpathia\/","article_published_time":"2024-10-28T16:24:56+00:00","og_image":[{"width":768,"height":512,"url":"https:\/\/carpathiacenter.ro\/wp-content\/uploads\/2024\/10\/bolnav-768x512-1.webp","type":"image\/webp"}],"author":"creativebitsolutions","twitter_card":"summary_large_image","twitter_misc":{"Written by":"creativebitsolutions","Estimated reading time":"3 minutes"},"schema":{"@context":"https:\/\/schema.org","@graph":[{"@type":"Article","@id":"https:\/\/carpathiacenter.ro\/reprezentantii-medicilor-specialisti-cu-practica-independenta-nemultumiti-de-propunerea-cnas-privind-valoarea-punctului-pe-serviciu-medical\/#article","isPartOf":{"@id":"https:\/\/carpathiacenter.ro\/reprezentantii-medicilor-specialisti-cu-practica-independenta-nemultumiti-de-propunerea-cnas-privind-valoarea-punctului-pe-serviciu-medical\/"},"author":{"name":"creativebitsolutions","@id":"https:\/\/carpathiacenter.ro\/#\/schema\/person\/03d9f58202fee8379268f34afa195006"},"headline":"Reprezentan\u0163ii medicilor speciali\u015fti cu practic\u0103 independent\u0103, nemul\u0163umi\u0163i de propunerea CNAS privind valoarea punctului pe serviciu medical","datePublished":"2024-10-28T16:24:56+00:00","mainEntityOfPage":{"@id":"https:\/\/carpathiacenter.ro\/reprezentantii-medicilor-specialisti-cu-practica-independenta-nemultumiti-de-propunerea-cnas-privind-valoarea-punctului-pe-serviciu-medical\/"},"wordCount":576,"commentCount":0,"publisher":{"@id":"https:\/\/carpathiacenter.ro\/#organization"},"image":{"@id":"https:\/\/carpathiacenter.ro\/reprezentantii-medicilor-specialisti-cu-practica-independenta-nemultumiti-de-propunerea-cnas-privind-valoarea-punctului-pe-serviciu-medical\/#primaryimage"},"thumbnailUrl":"https:\/\/carpathiacenter.ro\/wp-content\/uploads\/2024\/10\/bolnav-768x512-1.webp","articleSection":["Uncategorized"],"inLanguage":"en-GB","potentialAction":[{"@type":"CommentAction","name":"Comment","target":["https:\/\/carpathiacenter.ro\/reprezentantii-medicilor-specialisti-cu-practica-independenta-nemultumiti-de-propunerea-cnas-privind-valoarea-punctului-pe-serviciu-medical\/#respond"]}]},{"@type":"WebPage","@id":"https:\/\/carpathiacenter.ro\/reprezentantii-medicilor-specialisti-cu-practica-independenta-nemultumiti-de-propunerea-cnas-privind-valoarea-punctului-pe-serviciu-medical\/","url":"https:\/\/carpathiacenter.ro\/reprezentantii-medicilor-specialisti-cu-practica-independenta-nemultumiti-de-propunerea-cnas-privind-valoarea-punctului-pe-serviciu-medical\/","name":"Reprezentan\u0163ii medicilor speciali\u015fti cu practic\u0103 independent\u0103, nemul\u0163umi\u0163i de propunerea CNAS privind valoarea punctului pe serviciu medical - Carpathia Center Romania","isPartOf":{"@id":"https:\/\/carpathiacenter.ro\/#website"},"primaryImageOfPage":{"@id":"https:\/\/carpathiacenter.ro\/reprezentantii-medicilor-specialisti-cu-practica-independenta-nemultumiti-de-propunerea-cnas-privind-valoarea-punctului-pe-serviciu-medical\/#primaryimage"},"image":{"@id":"https:\/\/carpathiacenter.ro\/reprezentantii-medicilor-specialisti-cu-practica-independenta-nemultumiti-de-propunerea-cnas-privind-valoarea-punctului-pe-serviciu-medical\/#primaryimage"},"thumbnailUrl":"https:\/\/carpathiacenter.ro\/wp-content\/uploads\/2024\/10\/bolnav-768x512-1.webp","datePublished":"2024-10-28T16:24:56+00:00","breadcrumb":{"@id":"https:\/\/carpathiacenter.ro\/reprezentantii-medicilor-specialisti-cu-practica-independenta-nemultumiti-de-propunerea-cnas-privind-valoarea-punctului-pe-serviciu-medical\/#breadcrumb"},"inLanguage":"en-GB","potentialAction":[{"@type":"ReadAction","target":["https:\/\/carpathiacenter.ro\/reprezentantii-medicilor-specialisti-cu-practica-independenta-nemultumiti-de-propunerea-cnas-privind-valoarea-punctului-pe-serviciu-medical\/"]}]},{"@type":"ImageObject","inLanguage":"en-GB","@id":"https:\/\/carpathiacenter.ro\/reprezentantii-medicilor-specialisti-cu-practica-independenta-nemultumiti-de-propunerea-cnas-privind-valoarea-punctului-pe-serviciu-medical\/#primaryimage","url":"https:\/\/carpathiacenter.ro\/wp-content\/uploads\/2024\/10\/bolnav-768x512-1.webp","contentUrl":"https:\/\/carpathiacenter.ro\/wp-content\/uploads\/2024\/10\/bolnav-768x512-1.webp","width":768,"height":512},{"@type":"BreadcrumbList","@id":"https:\/\/carpathiacenter.ro\/reprezentantii-medicilor-specialisti-cu-practica-independenta-nemultumiti-de-propunerea-cnas-privind-valoarea-punctului-pe-serviciu-medical\/#breadcrumb","itemListElement":[{"@type":"ListItem","position":1,"name":"Prima pagin\u0103","item":"https:\/\/carpathiacenter.ro\/"},{"@type":"ListItem","position":2,"name":"Reprezentan\u0163ii medicilor speciali\u015fti cu practic\u0103 independent\u0103, nemul\u0163umi\u0163i de propunerea CNAS privind valoarea punctului pe serviciu medical"}]},{"@type":"WebSite","@id":"https:\/\/carpathiacenter.ro\/#website","url":"https:\/\/carpathiacenter.ro\/","name":"Carpathia Center Romania","description":"Impossible made possible!","publisher":{"@id":"https:\/\/carpathiacenter.ro\/#organization"},"potentialAction":[{"@type":"SearchAction","target":{"@type":"EntryPoint","urlTemplate":"https:\/\/carpathiacenter.ro\/?s={search_term_string}"},"query-input":{"@type":"PropertyValueSpecification","valueRequired":true,"valueName":"search_term_string"}}],"inLanguage":"en-GB"},{"@type":"Organization","@id":"https:\/\/carpathiacenter.ro\/#organization","name":"Carpathia Center Romania","url":"https:\/\/carpathiacenter.ro\/","logo":{"@type":"ImageObject","inLanguage":"en-GB","@id":"https:\/\/carpathiacenter.ro\/#\/schema\/logo\/image\/","url":"https:\/\/carpathiacenter.ro\/wp-content\/uploads\/2024\/07\/logo-carpathia_bg_white-1024x941.png","contentUrl":"https:\/\/carpathiacenter.ro\/wp-content\/uploads\/2024\/07\/logo-carpathia_bg_white-1024x941.png","width":1024,"height":941,"caption":"Carpathia Center Romania"},"image":{"@id":"https:\/\/carpathiacenter.ro\/#\/schema\/logo\/image\/"},"sameAs":["https:\/\/www.facebook.com\/fdpscarpathia\/"]},{"@type":"Person","@id":"https:\/\/carpathiacenter.ro\/#\/schema\/person\/03d9f58202fee8379268f34afa195006","name":"creativebitsolutions","image":{"@type":"ImageObject","inLanguage":"en-GB","@id":"https:\/\/carpathiacenter.ro\/#\/schema\/person\/image\/","url":"https:\/\/secure.gravatar.com\/avatar\/1b1a13e37f847c635dab78348f1dff2f07651ee2a3d77a5c355a4b8c75f9165a?s=96&d=mm&r=g","contentUrl":"https:\/\/secure.gravatar.com\/avatar\/1b1a13e37f847c635dab78348f1dff2f07651ee2a3d77a5c355a4b8c75f9165a?s=96&d=mm&r=g","caption":"creativebitsolutions"},"url":"https:\/\/carpathiacenter.ro\/en\/author\/creativebitsolutions\/"}]}},"_links":{"self":[{"href":"https:\/\/carpathiacenter.ro\/en\/wp-json\/wp\/v2\/posts\/1462","targetHints":{"allow":["GET"]}}],"collection":[{"href":"https:\/\/carpathiacenter.ro\/en\/wp-json\/wp\/v2\/posts"}],"about":[{"href":"https:\/\/carpathiacenter.ro\/en\/wp-json\/wp\/v2\/types\/post"}],"author":[{"embeddable":true,"href":"https:\/\/carpathiacenter.ro\/en\/wp-json\/wp\/v2\/users\/4"}],"replies":[{"embeddable":true,"href":"https:\/\/carpathiacenter.ro\/en\/wp-json\/wp\/v2\/comments?post=1462"}],"version-history":[{"count":1,"href":"https:\/\/carpathiacenter.ro\/en\/wp-json\/wp\/v2\/posts\/1462\/revisions"}],"predecessor-version":[{"id":1463,"href":"https:\/\/carpathiacenter.ro\/en\/wp-json\/wp\/v2\/posts\/1462\/revisions\/1463"}],"wp:featuredmedia":[{"embeddable":true,"href":"https:\/\/carpathiacenter.ro\/en\/wp-json\/wp\/v2\/media\/1460"}],"wp:attachment":[{"href":"https:\/\/carpathiacenter.ro\/en\/wp-json\/wp\/v2\/media?parent=1462"}],"wp:term":[{"taxonomy":"category","embeddable":true,"href":"https:\/\/carpathiacenter.ro\/en\/wp-json\/wp\/v2\/categories?post=1462"},{"taxonomy":"post_tag","embeddable":true,"href":"https:\/\/carpathiacenter.ro\/en\/wp-json\/wp\/v2\/tags?post=1462"}],"curies":[{"name":"wp","href":"https:\/\/api.w.org\/{rel}","templated":true}]}}