{"id":1451,"date":"2024-10-25T15:25:02","date_gmt":"2024-10-25T15:25:02","guid":{"rendered":"https:\/\/carpathiacenter.ro\/?p=1451"},"modified":"2024-10-25T15:25:02","modified_gmt":"2024-10-25T15:25:02","slug":"ministrul-muncii-subliniaza-importanta-unei-imbatraniri-demne-si-a-sprijinului-intergenerational","status":"publish","type":"post","link":"https:\/\/carpathiacenter.ro\/en\/ministrul-muncii-subliniaza-importanta-unei-imbatraniri-demne-si-a-sprijinului-intergenerational\/","title":{"rendered":"Ministrul Muncii subliniaz\u0103 importan\u0163a unei \u00eemb\u0103tr\u00e2niri demne \u015fi a sprijinului intergenera\u0163ional"},"content":{"rendered":"<div class=\"description_articol\">\n<p>Ministrul Muncii \u015fi Solidarit\u0103\u0163ii Sociale, Simona Oprescu Bucura, a subliniat, joi, \u00eentr-o conferin\u0163\u0103, importan\u0163a unei \u00eemb\u0103tr\u00e2niri demne \u015fi a sprijinului intergenera\u0163ional.<\/p>\n<p>&#8220;Eu \u00eemi doresc s\u0103 se nasc\u0103 c\u00e2t mai mul\u0163i rom\u00e2na\u015fi, c\u00e2t mai mul\u0163i copii \u015fi c\u00e2t mai mul\u0163i dintre ei s\u0103 aib\u0103 bunici ca dumneavoastr\u0103. \u00cemi doresc s\u0103 avem locuri de munc\u0103 pentru tineri, s\u0103 c\u00e2\u015ftige bine, s\u0103 poat\u0103 pl\u0103ti contribu\u0163iile a\u015fa \u00eenc\u00e2t s\u0103 sus\u0163in\u0103 ni\u015fte pensii decente. Eu \u00eemi doresc, pentru mine \u015fi pentru copilul meu, s\u0103 tr\u0103im b\u0103tr\u00e2ne\u0163ea ca pe o a treia tinere\u0163e&#8221;, a declarat Simona Oprescu Bucura la conferin\u0163a &#8220;Pe drumul longevit\u0103\u0163ii: provoc\u0103ri \u015fi bune practici \u00een \u00eemb\u0103tr\u00e2nirea activ\u0103&#8221;, conform unui comunicat de pres\u0103 al Asocia\u0163iei Institutul Rom\u00e2n pentru \u00cemb\u0103tr\u00e2nire Activ\u0103, care a organizat evenimentul.<\/p>\n<p>La r\u00e2ndul s\u0103u, Alexandru Mihai Ghigiu, \u015fef al Cancelariei Prim-Ministrului, a accentuat importan\u0163a infrastructurii destinate seniorilor.<\/p>\n<p>&#8220;\u00cen PNRR avem incluse mai multe centre de zi pentru seniori \u015fi pentru persoanele cu dizabilit\u0103\u0163i. P\u00e2n\u0103 \u00een august 2026, aceste centre trebuie s\u0103 fie finalizate. Vorbim despre c\u00e2teva sute de centre care se vor face \u00een Rom\u00e2nia. Mai mult dec\u00e2t at\u00e2t, Guvernul va interveni punctual, pentru c\u0103 este important s\u0103 avem astfel de centre de \u00eengrijire, dar care s\u0103 aib\u0103 \u015fi activit\u0103\u0163i care s\u0103-i men\u0163in\u0103 activi&#8221;, a punctat Alexandru Mihai Ghigiu.<\/p>\n<p>Primarul ales al Sectorului 2, Rare\u015f Hopinc\u0103, s-a referit la necesitatea valorific\u0103rii experien\u0163ei seniorilor \u00een proiectele locale.<\/p>\n<p>&#8220;Longevitate nu \u00eenseamn\u0103 neap\u0103rat s\u0103 tr\u0103im mai mult, ci \u00eenseamn\u0103 s\u0103 tr\u0103im mai bine, mai frumos, mai prosper, mai independent, s\u0103 putem c\u0103l\u0103tori. E necesar s\u0103 fim con\u015ftien\u0163i de fenomenul \u00eemb\u0103tr\u00e2nirii, s\u0103 \u00eemb\u0103tr\u00e2nim activ \u015fi s\u0103 nu vedem v\u00e2rsta a treia ca pe finalul vie\u0163ii. Vrem s\u0103 \u00eenfiin\u0163\u0103m Agen\u0163ia Na\u0163ional\u0103 a Persoanei V\u00e2rstnice, care s\u0103 se ocupe de activit\u0103\u0163i de \u00eemb\u0103tr\u00e2nire activ\u0103, de accesare de fonduri, de seniori&#8221;, a afirmat pre\u015fedinta Asocia\u0163iei \u00cemb\u0103tr\u00e2nire Activ\u0103, Alexandra Dobre, potrivit comunicatului citat. AGERPRES\/(A &#8211; autor: Iulia Carciog, editor: Florin Marin, editor online: Anda Badea)<\/p>\n<\/div>\n<p>Sursa:https:\/\/www.agerpres.ro\/social\/2024\/10\/24\/ministrul-muncii-subliniaza-importanta-unei-imbatraniri-demne-si-a-sprijinului-intergenerational&#8211;1376507<\/p>","protected":false},"excerpt":{"rendered":"<p>Ministrul Muncii \u015fi Solidarit\u0103\u0163ii Sociale, Simona Oprescu Bucura, a subliniat, joi, \u00eentr-o conferin\u0163\u0103, importan\u0163a unei \u00eemb\u0103tr\u00e2niri demne \u015fi a sprijinului intergenera\u0163ional. &#8220;Eu \u00eemi doresc s\u0103 se nasc\u0103 c\u00e2t mai mul\u0163i rom\u00e2na\u015fi, c\u00e2t mai mul\u0163i copii \u015fi c\u00e2t mai mul\u0163i dintre ei s\u0103 aib\u0103 bunici ca dumneavoastr\u0103. \u00cemi doresc s\u0103 avem locuri de munc\u0103 pentru tineri,&#8230;<\/p>","protected":false},"author":4,"featured_media":1448,"comment_status":"open","ping_status":"open","sticky":false,"template":"","format":"standard","meta":{"footnotes":""},"categories":[1],"tags":[],"class_list":["post-1451","post","type-post","status-publish","format-standard","has-post-thumbnail","hentry","category-uncategorized"],"yoast_head":"<!-- This site is optimized with the Yoast SEO plugin v26.1.1 - https:\/\/yoast.com\/wordpress\/plugins\/seo\/ -->\n<title>Ministrul Muncii subliniaz\u0103 importan\u0163a unei \u00eemb\u0103tr\u00e2niri demne \u015fi a sprijinului intergenera\u0163ional - Carpathia Center Romania<\/title>\n<meta name=\"robots\" content=\"index, follow, max-snippet:-1, max-image-preview:large, max-video-preview:-1\" \/>\n<link rel=\"canonical\" href=\"https:\/\/carpathiacenter.ro\/en\/ministrul-muncii-subliniaza-importanta-unei-imbatraniri-demne-si-a-sprijinului-intergenerational\/\" \/>\n<meta property=\"og:locale\" content=\"en_GB\" \/>\n<meta property=\"og:type\" content=\"article\" \/>\n<meta property=\"og:title\" content=\"Ministrul Muncii subliniaz\u0103 importan\u0163a unei \u00eemb\u0103tr\u00e2niri demne \u015fi a sprijinului intergenera\u0163ional - Carpathia Center Romania\" \/>\n<meta property=\"og:description\" content=\"Ministrul Muncii \u015fi Solidarit\u0103\u0163ii Sociale, Simona Oprescu Bucura, a subliniat, joi, \u00eentr-o conferin\u0163\u0103, importan\u0163a unei \u00eemb\u0103tr\u00e2niri demne \u015fi a sprijinului intergenera\u0163ional. &#8220;Eu \u00eemi doresc s\u0103 se nasc\u0103 c\u00e2t mai mul\u0163i rom\u00e2na\u015fi, c\u00e2t mai mul\u0163i copii \u015fi c\u00e2t mai mul\u0163i dintre ei s\u0103 aib\u0103 bunici ca dumneavoastr\u0103. \u00cemi doresc s\u0103 avem locuri de munc\u0103 pentru tineri,...\" \/>\n<meta property=\"og:url\" content=\"https:\/\/carpathiacenter.ro\/en\/ministrul-muncii-subliniaza-importanta-unei-imbatraniri-demne-si-a-sprijinului-intergenerational\/\" \/>\n<meta property=\"og:site_name\" content=\"Carpathia Center Romania\" \/>\n<meta property=\"article:publisher\" content=\"https:\/\/www.facebook.com\/fdpscarpathia\/\" \/>\n<meta property=\"article:published_time\" content=\"2024-10-25T15:25:02+00:00\" \/>\n<meta property=\"og:image\" content=\"https:\/\/carpathiacenter.ro\/wp-content\/uploads\/2024\/10\/20230719-foto2-minSBO.jpg\" \/>\n\t<meta property=\"og:image:width\" content=\"1600\" \/>\n\t<meta property=\"og:image:height\" content=\"1066\" \/>\n\t<meta property=\"og:image:type\" content=\"image\/jpeg\" \/>\n<meta name=\"author\" content=\"creativebitsolutions\" \/>\n<meta name=\"twitter:card\" content=\"summary_large_image\" \/>\n<meta name=\"twitter:label1\" content=\"Written by\" \/>\n\t<meta name=\"twitter:data1\" content=\"creativebitsolutions\" \/>\n\t<meta name=\"twitter:label2\" content=\"Estimated reading time\" \/>\n\t<meta name=\"twitter:data2\" content=\"2 minutes\" \/>\n<script type=\"application\/ld+json\" class=\"yoast-schema-graph\">{\"@context\":\"https:\/\/schema.org\",\"@graph\":[{\"@type\":\"Article\",\"@id\":\"https:\/\/carpathiacenter.ro\/ministrul-muncii-subliniaza-importanta-unei-imbatraniri-demne-si-a-sprijinului-intergenerational\/#article\",\"isPartOf\":{\"@id\":\"https:\/\/carpathiacenter.ro\/ministrul-muncii-subliniaza-importanta-unei-imbatraniri-demne-si-a-sprijinului-intergenerational\/\"},\"author\":{\"name\":\"creativebitsolutions\",\"@id\":\"https:\/\/carpathiacenter.ro\/#\/schema\/person\/03d9f58202fee8379268f34afa195006\"},\"headline\":\"Ministrul Muncii subliniaz\u0103 importan\u0163a unei \u00eemb\u0103tr\u00e2niri demne \u015fi a sprijinului intergenera\u0163ional\",\"datePublished\":\"2024-10-25T15:25:02+00:00\",\"mainEntityOfPage\":{\"@id\":\"https:\/\/carpathiacenter.ro\/ministrul-muncii-subliniaza-importanta-unei-imbatraniri-demne-si-a-sprijinului-intergenerational\/\"},\"wordCount\":409,\"commentCount\":0,\"publisher\":{\"@id\":\"https:\/\/carpathiacenter.ro\/#organization\"},\"image\":{\"@id\":\"https:\/\/carpathiacenter.ro\/ministrul-muncii-subliniaza-importanta-unei-imbatraniri-demne-si-a-sprijinului-intergenerational\/#primaryimage\"},\"thumbnailUrl\":\"https:\/\/carpathiacenter.ro\/wp-content\/uploads\/2024\/10\/20230719-foto2-minSBO.jpg\",\"articleSection\":[\"Uncategorized\"],\"inLanguage\":\"en-GB\",\"potentialAction\":[{\"@type\":\"CommentAction\",\"name\":\"Comment\",\"target\":[\"https:\/\/carpathiacenter.ro\/ministrul-muncii-subliniaza-importanta-unei-imbatraniri-demne-si-a-sprijinului-intergenerational\/#respond\"]}]},{\"@type\":\"WebPage\",\"@id\":\"https:\/\/carpathiacenter.ro\/ministrul-muncii-subliniaza-importanta-unei-imbatraniri-demne-si-a-sprijinului-intergenerational\/\",\"url\":\"https:\/\/carpathiacenter.ro\/ministrul-muncii-subliniaza-importanta-unei-imbatraniri-demne-si-a-sprijinului-intergenerational\/\",\"name\":\"Ministrul Muncii subliniaz\u0103 importan\u0163a unei \u00eemb\u0103tr\u00e2niri demne \u015fi a sprijinului intergenera\u0163ional - Carpathia Center Romania\",\"isPartOf\":{\"@id\":\"https:\/\/carpathiacenter.ro\/#website\"},\"primaryImageOfPage\":{\"@id\":\"https:\/\/carpathiacenter.ro\/ministrul-muncii-subliniaza-importanta-unei-imbatraniri-demne-si-a-sprijinului-intergenerational\/#primaryimage\"},\"image\":{\"@id\":\"https:\/\/carpathiacenter.ro\/ministrul-muncii-subliniaza-importanta-unei-imbatraniri-demne-si-a-sprijinului-intergenerational\/#primaryimage\"},\"thumbnailUrl\":\"https:\/\/carpathiacenter.ro\/wp-content\/uploads\/2024\/10\/20230719-foto2-minSBO.jpg\",\"datePublished\":\"2024-10-25T15:25:02+00:00\",\"breadcrumb\":{\"@id\":\"https:\/\/carpathiacenter.ro\/ministrul-muncii-subliniaza-importanta-unei-imbatraniri-demne-si-a-sprijinului-intergenerational\/#breadcrumb\"},\"inLanguage\":\"en-GB\",\"potentialAction\":[{\"@type\":\"ReadAction\",\"target\":[\"https:\/\/carpathiacenter.ro\/ministrul-muncii-subliniaza-importanta-unei-imbatraniri-demne-si-a-sprijinului-intergenerational\/\"]}]},{\"@type\":\"ImageObject\",\"inLanguage\":\"en-GB\",\"@id\":\"https:\/\/carpathiacenter.ro\/ministrul-muncii-subliniaza-importanta-unei-imbatraniri-demne-si-a-sprijinului-intergenerational\/#primaryimage\",\"url\":\"https:\/\/carpathiacenter.ro\/wp-content\/uploads\/2024\/10\/20230719-foto2-minSBO.jpg\",\"contentUrl\":\"https:\/\/carpathiacenter.ro\/wp-content\/uploads\/2024\/10\/20230719-foto2-minSBO.jpg\",\"width\":1600,\"height\":1066},{\"@type\":\"BreadcrumbList\",\"@id\":\"https:\/\/carpathiacenter.ro\/ministrul-muncii-subliniaza-importanta-unei-imbatraniri-demne-si-a-sprijinului-intergenerational\/#breadcrumb\",\"itemListElement\":[{\"@type\":\"ListItem\",\"position\":1,\"name\":\"Prima pagin\u0103\",\"item\":\"https:\/\/carpathiacenter.ro\/\"},{\"@type\":\"ListItem\",\"position\":2,\"name\":\"Ministrul Muncii subliniaz\u0103 importan\u0163a unei \u00eemb\u0103tr\u00e2niri demne \u015fi a sprijinului intergenera\u0163ional\"}]},{\"@type\":\"WebSite\",\"@id\":\"https:\/\/carpathiacenter.ro\/#website\",\"url\":\"https:\/\/carpathiacenter.ro\/\",\"name\":\"Carpathia Center Romania\",\"description\":\"Impossible made possible!\",\"publisher\":{\"@id\":\"https:\/\/carpathiacenter.ro\/#organization\"},\"potentialAction\":[{\"@type\":\"SearchAction\",\"target\":{\"@type\":\"EntryPoint\",\"urlTemplate\":\"https:\/\/carpathiacenter.ro\/?s={search_term_string}\"},\"query-input\":{\"@type\":\"PropertyValueSpecification\",\"valueRequired\":true,\"valueName\":\"search_term_string\"}}],\"inLanguage\":\"en-GB\"},{\"@type\":\"Organization\",\"@id\":\"https:\/\/carpathiacenter.ro\/#organization\",\"name\":\"Carpathia Center Romania\",\"url\":\"https:\/\/carpathiacenter.ro\/\",\"logo\":{\"@type\":\"ImageObject\",\"inLanguage\":\"en-GB\",\"@id\":\"https:\/\/carpathiacenter.ro\/#\/schema\/logo\/image\/\",\"url\":\"https:\/\/carpathiacenter.ro\/wp-content\/uploads\/2024\/07\/logo-carpathia_bg_white-1024x941.png\",\"contentUrl\":\"https:\/\/carpathiacenter.ro\/wp-content\/uploads\/2024\/07\/logo-carpathia_bg_white-1024x941.png\",\"width\":1024,\"height\":941,\"caption\":\"Carpathia Center Romania\"},\"image\":{\"@id\":\"https:\/\/carpathiacenter.ro\/#\/schema\/logo\/image\/\"},\"sameAs\":[\"https:\/\/www.facebook.com\/fdpscarpathia\/\"]},{\"@type\":\"Person\",\"@id\":\"https:\/\/carpathiacenter.ro\/#\/schema\/person\/03d9f58202fee8379268f34afa195006\",\"name\":\"creativebitsolutions\",\"image\":{\"@type\":\"ImageObject\",\"inLanguage\":\"en-GB\",\"@id\":\"https:\/\/carpathiacenter.ro\/#\/schema\/person\/image\/\",\"url\":\"https:\/\/secure.gravatar.com\/avatar\/1b1a13e37f847c635dab78348f1dff2f07651ee2a3d77a5c355a4b8c75f9165a?s=96&d=mm&r=g\",\"contentUrl\":\"https:\/\/secure.gravatar.com\/avatar\/1b1a13e37f847c635dab78348f1dff2f07651ee2a3d77a5c355a4b8c75f9165a?s=96&d=mm&r=g\",\"caption\":\"creativebitsolutions\"},\"url\":\"https:\/\/carpathiacenter.ro\/en\/author\/creativebitsolutions\/\"}]}<\/script>\n<!-- \/ Yoast SEO plugin. -->","yoast_head_json":{"title":"Ministrul Muncii subliniaz\u0103 importan\u0163a unei \u00eemb\u0103tr\u00e2niri demne \u015fi a sprijinului intergenera\u0163ional - Carpathia Center Romania","robots":{"index":"index","follow":"follow","max-snippet":"max-snippet:-1","max-image-preview":"max-image-preview:large","max-video-preview":"max-video-preview:-1"},"canonical":"https:\/\/carpathiacenter.ro\/en\/ministrul-muncii-subliniaza-importanta-unei-imbatraniri-demne-si-a-sprijinului-intergenerational\/","og_locale":"en_GB","og_type":"article","og_title":"Ministrul Muncii subliniaz\u0103 importan\u0163a unei \u00eemb\u0103tr\u00e2niri demne \u015fi a sprijinului intergenera\u0163ional - Carpathia Center Romania","og_description":"Ministrul Muncii \u015fi Solidarit\u0103\u0163ii Sociale, Simona Oprescu Bucura, a subliniat, joi, \u00eentr-o conferin\u0163\u0103, importan\u0163a unei \u00eemb\u0103tr\u00e2niri demne \u015fi a sprijinului intergenera\u0163ional. &#8220;Eu \u00eemi doresc s\u0103 se nasc\u0103 c\u00e2t mai mul\u0163i rom\u00e2na\u015fi, c\u00e2t mai mul\u0163i copii \u015fi c\u00e2t mai mul\u0163i dintre ei s\u0103 aib\u0103 bunici ca dumneavoastr\u0103. \u00cemi doresc s\u0103 avem locuri de munc\u0103 pentru tineri,...","og_url":"https:\/\/carpathiacenter.ro\/en\/ministrul-muncii-subliniaza-importanta-unei-imbatraniri-demne-si-a-sprijinului-intergenerational\/","og_site_name":"Carpathia Center Romania","article_publisher":"https:\/\/www.facebook.com\/fdpscarpathia\/","article_published_time":"2024-10-25T15:25:02+00:00","og_image":[{"width":1600,"height":1066,"url":"https:\/\/carpathiacenter.ro\/wp-content\/uploads\/2024\/10\/20230719-foto2-minSBO.jpg","type":"image\/jpeg"}],"author":"creativebitsolutions","twitter_card":"summary_large_image","twitter_misc":{"Written by":"creativebitsolutions","Estimated reading time":"2 minutes"},"schema":{"@context":"https:\/\/schema.org","@graph":[{"@type":"Article","@id":"https:\/\/carpathiacenter.ro\/ministrul-muncii-subliniaza-importanta-unei-imbatraniri-demne-si-a-sprijinului-intergenerational\/#article","isPartOf":{"@id":"https:\/\/carpathiacenter.ro\/ministrul-muncii-subliniaza-importanta-unei-imbatraniri-demne-si-a-sprijinului-intergenerational\/"},"author":{"name":"creativebitsolutions","@id":"https:\/\/carpathiacenter.ro\/#\/schema\/person\/03d9f58202fee8379268f34afa195006"},"headline":"Ministrul Muncii subliniaz\u0103 importan\u0163a unei \u00eemb\u0103tr\u00e2niri demne \u015fi a sprijinului intergenera\u0163ional","datePublished":"2024-10-25T15:25:02+00:00","mainEntityOfPage":{"@id":"https:\/\/carpathiacenter.ro\/ministrul-muncii-subliniaza-importanta-unei-imbatraniri-demne-si-a-sprijinului-intergenerational\/"},"wordCount":409,"commentCount":0,"publisher":{"@id":"https:\/\/carpathiacenter.ro\/#organization"},"image":{"@id":"https:\/\/carpathiacenter.ro\/ministrul-muncii-subliniaza-importanta-unei-imbatraniri-demne-si-a-sprijinului-intergenerational\/#primaryimage"},"thumbnailUrl":"https:\/\/carpathiacenter.ro\/wp-content\/uploads\/2024\/10\/20230719-foto2-minSBO.jpg","articleSection":["Uncategorized"],"inLanguage":"en-GB","potentialAction":[{"@type":"CommentAction","name":"Comment","target":["https:\/\/carpathiacenter.ro\/ministrul-muncii-subliniaza-importanta-unei-imbatraniri-demne-si-a-sprijinului-intergenerational\/#respond"]}]},{"@type":"WebPage","@id":"https:\/\/carpathiacenter.ro\/ministrul-muncii-subliniaza-importanta-unei-imbatraniri-demne-si-a-sprijinului-intergenerational\/","url":"https:\/\/carpathiacenter.ro\/ministrul-muncii-subliniaza-importanta-unei-imbatraniri-demne-si-a-sprijinului-intergenerational\/","name":"Ministrul Muncii subliniaz\u0103 importan\u0163a unei \u00eemb\u0103tr\u00e2niri demne \u015fi a sprijinului intergenera\u0163ional - Carpathia Center Romania","isPartOf":{"@id":"https:\/\/carpathiacenter.ro\/#website"},"primaryImageOfPage":{"@id":"https:\/\/carpathiacenter.ro\/ministrul-muncii-subliniaza-importanta-unei-imbatraniri-demne-si-a-sprijinului-intergenerational\/#primaryimage"},"image":{"@id":"https:\/\/carpathiacenter.ro\/ministrul-muncii-subliniaza-importanta-unei-imbatraniri-demne-si-a-sprijinului-intergenerational\/#primaryimage"},"thumbnailUrl":"https:\/\/carpathiacenter.ro\/wp-content\/uploads\/2024\/10\/20230719-foto2-minSBO.jpg","datePublished":"2024-10-25T15:25:02+00:00","breadcrumb":{"@id":"https:\/\/carpathiacenter.ro\/ministrul-muncii-subliniaza-importanta-unei-imbatraniri-demne-si-a-sprijinului-intergenerational\/#breadcrumb"},"inLanguage":"en-GB","potentialAction":[{"@type":"ReadAction","target":["https:\/\/carpathiacenter.ro\/ministrul-muncii-subliniaza-importanta-unei-imbatraniri-demne-si-a-sprijinului-intergenerational\/"]}]},{"@type":"ImageObject","inLanguage":"en-GB","@id":"https:\/\/carpathiacenter.ro\/ministrul-muncii-subliniaza-importanta-unei-imbatraniri-demne-si-a-sprijinului-intergenerational\/#primaryimage","url":"https:\/\/carpathiacenter.ro\/wp-content\/uploads\/2024\/10\/20230719-foto2-minSBO.jpg","contentUrl":"https:\/\/carpathiacenter.ro\/wp-content\/uploads\/2024\/10\/20230719-foto2-minSBO.jpg","width":1600,"height":1066},{"@type":"BreadcrumbList","@id":"https:\/\/carpathiacenter.ro\/ministrul-muncii-subliniaza-importanta-unei-imbatraniri-demne-si-a-sprijinului-intergenerational\/#breadcrumb","itemListElement":[{"@type":"ListItem","position":1,"name":"Prima pagin\u0103","item":"https:\/\/carpathiacenter.ro\/"},{"@type":"ListItem","position":2,"name":"Ministrul Muncii subliniaz\u0103 importan\u0163a unei \u00eemb\u0103tr\u00e2niri demne \u015fi a sprijinului intergenera\u0163ional"}]},{"@type":"WebSite","@id":"https:\/\/carpathiacenter.ro\/#website","url":"https:\/\/carpathiacenter.ro\/","name":"Carpathia Center Romania","description":"Impossible made possible!","publisher":{"@id":"https:\/\/carpathiacenter.ro\/#organization"},"potentialAction":[{"@type":"SearchAction","target":{"@type":"EntryPoint","urlTemplate":"https:\/\/carpathiacenter.ro\/?s={search_term_string}"},"query-input":{"@type":"PropertyValueSpecification","valueRequired":true,"valueName":"search_term_string"}}],"inLanguage":"en-GB"},{"@type":"Organization","@id":"https:\/\/carpathiacenter.ro\/#organization","name":"Carpathia Center Romania","url":"https:\/\/carpathiacenter.ro\/","logo":{"@type":"ImageObject","inLanguage":"en-GB","@id":"https:\/\/carpathiacenter.ro\/#\/schema\/logo\/image\/","url":"https:\/\/carpathiacenter.ro\/wp-content\/uploads\/2024\/07\/logo-carpathia_bg_white-1024x941.png","contentUrl":"https:\/\/carpathiacenter.ro\/wp-content\/uploads\/2024\/07\/logo-carpathia_bg_white-1024x941.png","width":1024,"height":941,"caption":"Carpathia Center Romania"},"image":{"@id":"https:\/\/carpathiacenter.ro\/#\/schema\/logo\/image\/"},"sameAs":["https:\/\/www.facebook.com\/fdpscarpathia\/"]},{"@type":"Person","@id":"https:\/\/carpathiacenter.ro\/#\/schema\/person\/03d9f58202fee8379268f34afa195006","name":"creativebitsolutions","image":{"@type":"ImageObject","inLanguage":"en-GB","@id":"https:\/\/carpathiacenter.ro\/#\/schema\/person\/image\/","url":"https:\/\/secure.gravatar.com\/avatar\/1b1a13e37f847c635dab78348f1dff2f07651ee2a3d77a5c355a4b8c75f9165a?s=96&d=mm&r=g","contentUrl":"https:\/\/secure.gravatar.com\/avatar\/1b1a13e37f847c635dab78348f1dff2f07651ee2a3d77a5c355a4b8c75f9165a?s=96&d=mm&r=g","caption":"creativebitsolutions"},"url":"https:\/\/carpathiacenter.ro\/en\/author\/creativebitsolutions\/"}]}},"_links":{"self":[{"href":"https:\/\/carpathiacenter.ro\/en\/wp-json\/wp\/v2\/posts\/1451","targetHints":{"allow":["GET"]}}],"collection":[{"href":"https:\/\/carpathiacenter.ro\/en\/wp-json\/wp\/v2\/posts"}],"about":[{"href":"https:\/\/carpathiacenter.ro\/en\/wp-json\/wp\/v2\/types\/post"}],"author":[{"embeddable":true,"href":"https:\/\/carpathiacenter.ro\/en\/wp-json\/wp\/v2\/users\/4"}],"replies":[{"embeddable":true,"href":"https:\/\/carpathiacenter.ro\/en\/wp-json\/wp\/v2\/comments?post=1451"}],"version-history":[{"count":1,"href":"https:\/\/carpathiacenter.ro\/en\/wp-json\/wp\/v2\/posts\/1451\/revisions"}],"predecessor-version":[{"id":1452,"href":"https:\/\/carpathiacenter.ro\/en\/wp-json\/wp\/v2\/posts\/1451\/revisions\/1452"}],"wp:featuredmedia":[{"embeddable":true,"href":"https:\/\/carpathiacenter.ro\/en\/wp-json\/wp\/v2\/media\/1448"}],"wp:attachment":[{"href":"https:\/\/carpathiacenter.ro\/en\/wp-json\/wp\/v2\/media?parent=1451"}],"wp:term":[{"taxonomy":"category","embeddable":true,"href":"https:\/\/carpathiacenter.ro\/en\/wp-json\/wp\/v2\/categories?post=1451"},{"taxonomy":"post_tag","embeddable":true,"href":"https:\/\/carpathiacenter.ro\/en\/wp-json\/wp\/v2\/tags?post=1451"}],"curies":[{"name":"wp","href":"https:\/\/api.w.org\/{rel}","templated":true}]}}