{"id":1439,"date":"2024-10-24T05:06:44","date_gmt":"2024-10-24T05:06:44","guid":{"rendered":"https:\/\/carpathiacenter.ro\/?p=1439"},"modified":"2024-10-24T05:08:40","modified_gmt":"2024-10-24T05:08:40","slug":"bistrita-nasaud-via-transilvanica-proiect-al-asociatiei-tasuleasa-social-recomandat-de-national-geographic-ca-destinatie-de-neratat-in-2025","status":"publish","type":"post","link":"https:\/\/carpathiacenter.ro\/en\/bistrita-nasaud-via-transilvanica-proiect-al-asociatiei-tasuleasa-social-recomandat-de-national-geographic-ca-destinatie-de-neratat-in-2025\/","title":{"rendered":"Bistri\u0163a-N\u0103s\u0103ud: Via Transilvanica, proiect al Asocia\u0163iei T\u0103\u015fuleasa Social recomandat de National Geographic ca destina\u0163ie de neratat \u00een 2025"},"content":{"rendered":"<div class=\"description_articol\">\n<p>Traseul de drume\u0163ie Via Transilvanica este men\u0163ionat, al\u0103turi de Bra\u015fov, \u00een top 25 cele mai bune locuri de vizitat din \u00eentreaga lume \u00een anul 2025, recomandate de National Geographic, au anun\u0163at miercuri cei de la Asocia\u0163ia T\u0103\u015fuleasa Social.<\/p>\n<p>&#8220;De cur\u00e2nd, publica\u0163ia National Geographic a realizat un clasament cu 25 de destina\u0163ii din lume de neratat \u00een anul 2025. Printre loca\u0163ii extraordinare din Guatemala, Mexic sau Thailanda, se afl\u0103 \u015fi un ora\u015f de la noi din \u0163ar\u0103! Din Rom\u00e2nia, Bra\u015fov se afl\u0103 pe list\u0103 \u015fi \u00eemparte locul cu Via Transilvanica drept destina\u0163ii care sunt musai de vizitat \u00een anul care vine. Ne bucur\u0103m enorm c\u0103 tot mai multe publica\u0163ii de profil recomand\u0103 traseul nostru la nivel interna\u0163ional, iar asta se vede deja pe traseu, pentru c\u0103 avem tot mai mul\u0163i drume\u0163i din afar\u0103 care vin s\u0103 ne cunoasc\u0103 \u0163ara&#8221;, este mesajul postat pe pagina de Facebook Via Transilvanica.<\/p>\n<p>National Geographic recomand\u0103 Bra\u015fovul ca destina\u0163ie turistic\u0103 \u00een anul 2025 \u015fi men\u0163ioneaz\u0103 c\u0103 regiunea poate fi explorat\u0103 de-a lungul Via Transilvanica, traseu de drume\u0163ie finalizat \u00een anul 2022, care pleac\u0103 de la Putna \u015fi traverseaz\u0103 zece jude\u0163e, p\u00e2n\u0103 la intrarea Dun\u0103rii \u00een \u0163ar\u0103.<\/p>\n<p>\u00cen text se vorbe\u015fte despre dou\u0103 dintre sec\u0163iunile Via Transilvanica: Terra Saxonum, care include Sighi\u015foara, \u015fi Terra Dacica.<\/p>\n<p>Via Transilvanica &#8211; &#8220;Drumul care une\u015fte&#8221; &#8211; este un proiect ini\u0163iat \u00een anul 2018 de c\u0103tre Asocia\u0163ia T\u0103\u015fuleasa Social din jude\u0163ul Bistri\u0163a-N\u0103s\u0103ud \u015fi reprezint\u0103 un traseu turistic de lung\u0103 distan\u0163\u0103, de 1.400 kilometri, ce traverseaz\u0103 Rom\u00e2nia pe diagonal\u0103, de la Putna la Drobeta-Turnu Severin.<\/p>\n<p>Traseul poate fi parcurs pe jos, cu bicicleta sau c\u0103lare \u015fi este semnalizat cu marcaje vopsite, st\u00e2lpi indicatori \u015fi borne de andezit sculptate individual. AGERPRES (AS &#8211; autor: Tina Dumitrescu, editor: Antonia Ni\u0163\u0103, editor online: Ady Iva\u015fcu)<\/p>\n<p>Sursa: https:\/\/www.agerpres.ro\/social\/2024\/10\/23\/bistrita-nasaud-via-transilvanica-proiect-al-asociatiei-tasuleasa-social-recomandat-de-national-geographic-ca-destinatie-de-neratat-in-2025&#8211;1375728<\/p>\n<\/div>","protected":false},"excerpt":{"rendered":"<p>Traseul de drume\u0163ie Via Transilvanica este men\u0163ionat, al\u0103turi de Bra\u015fov, \u00een top 25 cele mai bune locuri de vizitat din \u00eentreaga lume \u00een anul 2025, recomandate de National Geographic, au anun\u0163at miercuri cei de la Asocia\u0163ia T\u0103\u015fuleasa Social. &#8220;De cur\u00e2nd, publica\u0163ia National Geographic a realizat un clasament cu 25 de destina\u0163ii din lume de neratat&#8230;<\/p>","protected":false},"author":4,"featured_media":1440,"comment_status":"open","ping_status":"open","sticky":false,"template":"","format":"standard","meta":{"footnotes":""},"categories":[1],"tags":[],"class_list":["post-1439","post","type-post","status-publish","format-standard","has-post-thumbnail","hentry","category-uncategorized"],"yoast_head":"<!-- This site is optimized with the Yoast SEO plugin v26.1.1 - https:\/\/yoast.com\/wordpress\/plugins\/seo\/ -->\n<title>Bistri\u0163a-N\u0103s\u0103ud: Via Transilvanica, proiect al Asocia\u0163iei T\u0103\u015fuleasa Social recomandat de National Geographic ca destina\u0163ie de neratat \u00een 2025 - Carpathia Center Romania<\/title>\n<meta name=\"robots\" content=\"index, follow, max-snippet:-1, max-image-preview:large, max-video-preview:-1\" \/>\n<link rel=\"canonical\" href=\"https:\/\/carpathiacenter.ro\/en\/bistrita-nasaud-via-transilvanica-proiect-al-asociatiei-tasuleasa-social-recomandat-de-national-geographic-ca-destinatie-de-neratat-in-2025\/\" \/>\n<meta property=\"og:locale\" content=\"en_GB\" \/>\n<meta property=\"og:type\" content=\"article\" \/>\n<meta property=\"og:title\" content=\"Bistri\u0163a-N\u0103s\u0103ud: Via Transilvanica, proiect al Asocia\u0163iei T\u0103\u015fuleasa Social recomandat de National Geographic ca destina\u0163ie de neratat \u00een 2025 - Carpathia Center Romania\" \/>\n<meta property=\"og:description\" content=\"Traseul de drume\u0163ie Via Transilvanica este men\u0163ionat, al\u0103turi de Bra\u015fov, \u00een top 25 cele mai bune locuri de vizitat din \u00eentreaga lume \u00een anul 2025, recomandate de National Geographic, au anun\u0163at miercuri cei de la Asocia\u0163ia T\u0103\u015fuleasa Social. &#8220;De cur\u00e2nd, publica\u0163ia National Geographic a realizat un clasament cu 25 de destina\u0163ii din lume de neratat...\" \/>\n<meta property=\"og:url\" content=\"https:\/\/carpathiacenter.ro\/en\/bistrita-nasaud-via-transilvanica-proiect-al-asociatiei-tasuleasa-social-recomandat-de-national-geographic-ca-destinatie-de-neratat-in-2025\/\" \/>\n<meta property=\"og:site_name\" content=\"Carpathia Center Romania\" \/>\n<meta property=\"article:publisher\" content=\"https:\/\/www.facebook.com\/fdpscarpathia\/\" \/>\n<meta property=\"article:published_time\" content=\"2024-10-24T05:06:44+00:00\" \/>\n<meta property=\"article:modified_time\" content=\"2024-10-24T05:08:40+00:00\" \/>\n<meta property=\"og:image\" content=\"https:\/\/carpathiacenter.ro\/wp-content\/uploads\/2024\/10\/via-transilvanica-bistrita.jpg\" \/>\n\t<meta property=\"og:image:width\" content=\"800\" \/>\n\t<meta property=\"og:image:height\" content=\"566\" \/>\n\t<meta property=\"og:image:type\" content=\"image\/jpeg\" \/>\n<meta name=\"author\" content=\"creativebitsolutions\" \/>\n<meta name=\"twitter:card\" content=\"summary_large_image\" \/>\n<meta name=\"twitter:label1\" content=\"Written by\" \/>\n\t<meta name=\"twitter:data1\" content=\"creativebitsolutions\" \/>\n\t<meta name=\"twitter:label2\" content=\"Estimated reading time\" \/>\n\t<meta name=\"twitter:data2\" content=\"2 minutes\" \/>\n<script type=\"application\/ld+json\" class=\"yoast-schema-graph\">{\"@context\":\"https:\/\/schema.org\",\"@graph\":[{\"@type\":\"Article\",\"@id\":\"https:\/\/carpathiacenter.ro\/bistrita-nasaud-via-transilvanica-proiect-al-asociatiei-tasuleasa-social-recomandat-de-national-geographic-ca-destinatie-de-neratat-in-2025\/#article\",\"isPartOf\":{\"@id\":\"https:\/\/carpathiacenter.ro\/bistrita-nasaud-via-transilvanica-proiect-al-asociatiei-tasuleasa-social-recomandat-de-national-geographic-ca-destinatie-de-neratat-in-2025\/\"},\"author\":{\"name\":\"creativebitsolutions\",\"@id\":\"https:\/\/carpathiacenter.ro\/#\/schema\/person\/03d9f58202fee8379268f34afa195006\"},\"headline\":\"Bistri\u0163a-N\u0103s\u0103ud: Via Transilvanica, proiect al Asocia\u0163iei T\u0103\u015fuleasa Social recomandat de National Geographic ca destina\u0163ie de neratat \u00een 2025\",\"datePublished\":\"2024-10-24T05:06:44+00:00\",\"dateModified\":\"2024-10-24T05:08:40+00:00\",\"mainEntityOfPage\":{\"@id\":\"https:\/\/carpathiacenter.ro\/bistrita-nasaud-via-transilvanica-proiect-al-asociatiei-tasuleasa-social-recomandat-de-national-geographic-ca-destinatie-de-neratat-in-2025\/\"},\"wordCount\":354,\"commentCount\":0,\"publisher\":{\"@id\":\"https:\/\/carpathiacenter.ro\/#organization\"},\"image\":{\"@id\":\"https:\/\/carpathiacenter.ro\/bistrita-nasaud-via-transilvanica-proiect-al-asociatiei-tasuleasa-social-recomandat-de-national-geographic-ca-destinatie-de-neratat-in-2025\/#primaryimage\"},\"thumbnailUrl\":\"https:\/\/carpathiacenter.ro\/wp-content\/uploads\/2024\/10\/via-transilvanica-bistrita.jpg\",\"articleSection\":[\"Uncategorized\"],\"inLanguage\":\"en-GB\",\"potentialAction\":[{\"@type\":\"CommentAction\",\"name\":\"Comment\",\"target\":[\"https:\/\/carpathiacenter.ro\/bistrita-nasaud-via-transilvanica-proiect-al-asociatiei-tasuleasa-social-recomandat-de-national-geographic-ca-destinatie-de-neratat-in-2025\/#respond\"]}]},{\"@type\":\"WebPage\",\"@id\":\"https:\/\/carpathiacenter.ro\/bistrita-nasaud-via-transilvanica-proiect-al-asociatiei-tasuleasa-social-recomandat-de-national-geographic-ca-destinatie-de-neratat-in-2025\/\",\"url\":\"https:\/\/carpathiacenter.ro\/bistrita-nasaud-via-transilvanica-proiect-al-asociatiei-tasuleasa-social-recomandat-de-national-geographic-ca-destinatie-de-neratat-in-2025\/\",\"name\":\"Bistri\u0163a-N\u0103s\u0103ud: Via Transilvanica, proiect al Asocia\u0163iei T\u0103\u015fuleasa Social recomandat de National Geographic ca destina\u0163ie de neratat \u00een 2025 - Carpathia Center Romania\",\"isPartOf\":{\"@id\":\"https:\/\/carpathiacenter.ro\/#website\"},\"primaryImageOfPage\":{\"@id\":\"https:\/\/carpathiacenter.ro\/bistrita-nasaud-via-transilvanica-proiect-al-asociatiei-tasuleasa-social-recomandat-de-national-geographic-ca-destinatie-de-neratat-in-2025\/#primaryimage\"},\"image\":{\"@id\":\"https:\/\/carpathiacenter.ro\/bistrita-nasaud-via-transilvanica-proiect-al-asociatiei-tasuleasa-social-recomandat-de-national-geographic-ca-destinatie-de-neratat-in-2025\/#primaryimage\"},\"thumbnailUrl\":\"https:\/\/carpathiacenter.ro\/wp-content\/uploads\/2024\/10\/via-transilvanica-bistrita.jpg\",\"datePublished\":\"2024-10-24T05:06:44+00:00\",\"dateModified\":\"2024-10-24T05:08:40+00:00\",\"breadcrumb\":{\"@id\":\"https:\/\/carpathiacenter.ro\/bistrita-nasaud-via-transilvanica-proiect-al-asociatiei-tasuleasa-social-recomandat-de-national-geographic-ca-destinatie-de-neratat-in-2025\/#breadcrumb\"},\"inLanguage\":\"en-GB\",\"potentialAction\":[{\"@type\":\"ReadAction\",\"target\":[\"https:\/\/carpathiacenter.ro\/bistrita-nasaud-via-transilvanica-proiect-al-asociatiei-tasuleasa-social-recomandat-de-national-geographic-ca-destinatie-de-neratat-in-2025\/\"]}]},{\"@type\":\"ImageObject\",\"inLanguage\":\"en-GB\",\"@id\":\"https:\/\/carpathiacenter.ro\/bistrita-nasaud-via-transilvanica-proiect-al-asociatiei-tasuleasa-social-recomandat-de-national-geographic-ca-destinatie-de-neratat-in-2025\/#primaryimage\",\"url\":\"https:\/\/carpathiacenter.ro\/wp-content\/uploads\/2024\/10\/via-transilvanica-bistrita.jpg\",\"contentUrl\":\"https:\/\/carpathiacenter.ro\/wp-content\/uploads\/2024\/10\/via-transilvanica-bistrita.jpg\",\"width\":800,\"height\":566},{\"@type\":\"BreadcrumbList\",\"@id\":\"https:\/\/carpathiacenter.ro\/bistrita-nasaud-via-transilvanica-proiect-al-asociatiei-tasuleasa-social-recomandat-de-national-geographic-ca-destinatie-de-neratat-in-2025\/#breadcrumb\",\"itemListElement\":[{\"@type\":\"ListItem\",\"position\":1,\"name\":\"Prima pagin\u0103\",\"item\":\"https:\/\/carpathiacenter.ro\/\"},{\"@type\":\"ListItem\",\"position\":2,\"name\":\"Bistri\u0163a-N\u0103s\u0103ud: Via Transilvanica, proiect al Asocia\u0163iei T\u0103\u015fuleasa Social recomandat de National Geographic ca destina\u0163ie de neratat \u00een 2025\"}]},{\"@type\":\"WebSite\",\"@id\":\"https:\/\/carpathiacenter.ro\/#website\",\"url\":\"https:\/\/carpathiacenter.ro\/\",\"name\":\"Carpathia Center Romania\",\"description\":\"Impossible made possible!\",\"publisher\":{\"@id\":\"https:\/\/carpathiacenter.ro\/#organization\"},\"potentialAction\":[{\"@type\":\"SearchAction\",\"target\":{\"@type\":\"EntryPoint\",\"urlTemplate\":\"https:\/\/carpathiacenter.ro\/?s={search_term_string}\"},\"query-input\":{\"@type\":\"PropertyValueSpecification\",\"valueRequired\":true,\"valueName\":\"search_term_string\"}}],\"inLanguage\":\"en-GB\"},{\"@type\":\"Organization\",\"@id\":\"https:\/\/carpathiacenter.ro\/#organization\",\"name\":\"Carpathia Center Romania\",\"url\":\"https:\/\/carpathiacenter.ro\/\",\"logo\":{\"@type\":\"ImageObject\",\"inLanguage\":\"en-GB\",\"@id\":\"https:\/\/carpathiacenter.ro\/#\/schema\/logo\/image\/\",\"url\":\"https:\/\/carpathiacenter.ro\/wp-content\/uploads\/2024\/07\/logo-carpathia_bg_white-1024x941.png\",\"contentUrl\":\"https:\/\/carpathiacenter.ro\/wp-content\/uploads\/2024\/07\/logo-carpathia_bg_white-1024x941.png\",\"width\":1024,\"height\":941,\"caption\":\"Carpathia Center Romania\"},\"image\":{\"@id\":\"https:\/\/carpathiacenter.ro\/#\/schema\/logo\/image\/\"},\"sameAs\":[\"https:\/\/www.facebook.com\/fdpscarpathia\/\"]},{\"@type\":\"Person\",\"@id\":\"https:\/\/carpathiacenter.ro\/#\/schema\/person\/03d9f58202fee8379268f34afa195006\",\"name\":\"creativebitsolutions\",\"image\":{\"@type\":\"ImageObject\",\"inLanguage\":\"en-GB\",\"@id\":\"https:\/\/carpathiacenter.ro\/#\/schema\/person\/image\/\",\"url\":\"https:\/\/secure.gravatar.com\/avatar\/1b1a13e37f847c635dab78348f1dff2f07651ee2a3d77a5c355a4b8c75f9165a?s=96&d=mm&r=g\",\"contentUrl\":\"https:\/\/secure.gravatar.com\/avatar\/1b1a13e37f847c635dab78348f1dff2f07651ee2a3d77a5c355a4b8c75f9165a?s=96&d=mm&r=g\",\"caption\":\"creativebitsolutions\"},\"url\":\"https:\/\/carpathiacenter.ro\/en\/author\/creativebitsolutions\/\"}]}<\/script>\n<!-- \/ Yoast SEO plugin. -->","yoast_head_json":{"title":"Bistri\u0163a-N\u0103s\u0103ud: Via Transilvanica, proiect al Asocia\u0163iei T\u0103\u015fuleasa Social recomandat de National Geographic ca destina\u0163ie de neratat \u00een 2025 - Carpathia Center Romania","robots":{"index":"index","follow":"follow","max-snippet":"max-snippet:-1","max-image-preview":"max-image-preview:large","max-video-preview":"max-video-preview:-1"},"canonical":"https:\/\/carpathiacenter.ro\/en\/bistrita-nasaud-via-transilvanica-proiect-al-asociatiei-tasuleasa-social-recomandat-de-national-geographic-ca-destinatie-de-neratat-in-2025\/","og_locale":"en_GB","og_type":"article","og_title":"Bistri\u0163a-N\u0103s\u0103ud: Via Transilvanica, proiect al Asocia\u0163iei T\u0103\u015fuleasa Social recomandat de National Geographic ca destina\u0163ie de neratat \u00een 2025 - Carpathia Center Romania","og_description":"Traseul de drume\u0163ie Via Transilvanica este men\u0163ionat, al\u0103turi de Bra\u015fov, \u00een top 25 cele mai bune locuri de vizitat din \u00eentreaga lume \u00een anul 2025, recomandate de National Geographic, au anun\u0163at miercuri cei de la Asocia\u0163ia T\u0103\u015fuleasa Social. &#8220;De cur\u00e2nd, publica\u0163ia National Geographic a realizat un clasament cu 25 de destina\u0163ii din lume de neratat...","og_url":"https:\/\/carpathiacenter.ro\/en\/bistrita-nasaud-via-transilvanica-proiect-al-asociatiei-tasuleasa-social-recomandat-de-national-geographic-ca-destinatie-de-neratat-in-2025\/","og_site_name":"Carpathia Center Romania","article_publisher":"https:\/\/www.facebook.com\/fdpscarpathia\/","article_published_time":"2024-10-24T05:06:44+00:00","article_modified_time":"2024-10-24T05:08:40+00:00","og_image":[{"width":800,"height":566,"url":"https:\/\/carpathiacenter.ro\/wp-content\/uploads\/2024\/10\/via-transilvanica-bistrita.jpg","type":"image\/jpeg"}],"author":"creativebitsolutions","twitter_card":"summary_large_image","twitter_misc":{"Written by":"creativebitsolutions","Estimated reading time":"2 minutes"},"schema":{"@context":"https:\/\/schema.org","@graph":[{"@type":"Article","@id":"https:\/\/carpathiacenter.ro\/bistrita-nasaud-via-transilvanica-proiect-al-asociatiei-tasuleasa-social-recomandat-de-national-geographic-ca-destinatie-de-neratat-in-2025\/#article","isPartOf":{"@id":"https:\/\/carpathiacenter.ro\/bistrita-nasaud-via-transilvanica-proiect-al-asociatiei-tasuleasa-social-recomandat-de-national-geographic-ca-destinatie-de-neratat-in-2025\/"},"author":{"name":"creativebitsolutions","@id":"https:\/\/carpathiacenter.ro\/#\/schema\/person\/03d9f58202fee8379268f34afa195006"},"headline":"Bistri\u0163a-N\u0103s\u0103ud: Via Transilvanica, proiect al Asocia\u0163iei T\u0103\u015fuleasa Social recomandat de National Geographic ca destina\u0163ie de neratat \u00een 2025","datePublished":"2024-10-24T05:06:44+00:00","dateModified":"2024-10-24T05:08:40+00:00","mainEntityOfPage":{"@id":"https:\/\/carpathiacenter.ro\/bistrita-nasaud-via-transilvanica-proiect-al-asociatiei-tasuleasa-social-recomandat-de-national-geographic-ca-destinatie-de-neratat-in-2025\/"},"wordCount":354,"commentCount":0,"publisher":{"@id":"https:\/\/carpathiacenter.ro\/#organization"},"image":{"@id":"https:\/\/carpathiacenter.ro\/bistrita-nasaud-via-transilvanica-proiect-al-asociatiei-tasuleasa-social-recomandat-de-national-geographic-ca-destinatie-de-neratat-in-2025\/#primaryimage"},"thumbnailUrl":"https:\/\/carpathiacenter.ro\/wp-content\/uploads\/2024\/10\/via-transilvanica-bistrita.jpg","articleSection":["Uncategorized"],"inLanguage":"en-GB","potentialAction":[{"@type":"CommentAction","name":"Comment","target":["https:\/\/carpathiacenter.ro\/bistrita-nasaud-via-transilvanica-proiect-al-asociatiei-tasuleasa-social-recomandat-de-national-geographic-ca-destinatie-de-neratat-in-2025\/#respond"]}]},{"@type":"WebPage","@id":"https:\/\/carpathiacenter.ro\/bistrita-nasaud-via-transilvanica-proiect-al-asociatiei-tasuleasa-social-recomandat-de-national-geographic-ca-destinatie-de-neratat-in-2025\/","url":"https:\/\/carpathiacenter.ro\/bistrita-nasaud-via-transilvanica-proiect-al-asociatiei-tasuleasa-social-recomandat-de-national-geographic-ca-destinatie-de-neratat-in-2025\/","name":"Bistri\u0163a-N\u0103s\u0103ud: Via Transilvanica, proiect al Asocia\u0163iei T\u0103\u015fuleasa Social recomandat de National Geographic ca destina\u0163ie de neratat \u00een 2025 - Carpathia Center Romania","isPartOf":{"@id":"https:\/\/carpathiacenter.ro\/#website"},"primaryImageOfPage":{"@id":"https:\/\/carpathiacenter.ro\/bistrita-nasaud-via-transilvanica-proiect-al-asociatiei-tasuleasa-social-recomandat-de-national-geographic-ca-destinatie-de-neratat-in-2025\/#primaryimage"},"image":{"@id":"https:\/\/carpathiacenter.ro\/bistrita-nasaud-via-transilvanica-proiect-al-asociatiei-tasuleasa-social-recomandat-de-national-geographic-ca-destinatie-de-neratat-in-2025\/#primaryimage"},"thumbnailUrl":"https:\/\/carpathiacenter.ro\/wp-content\/uploads\/2024\/10\/via-transilvanica-bistrita.jpg","datePublished":"2024-10-24T05:06:44+00:00","dateModified":"2024-10-24T05:08:40+00:00","breadcrumb":{"@id":"https:\/\/carpathiacenter.ro\/bistrita-nasaud-via-transilvanica-proiect-al-asociatiei-tasuleasa-social-recomandat-de-national-geographic-ca-destinatie-de-neratat-in-2025\/#breadcrumb"},"inLanguage":"en-GB","potentialAction":[{"@type":"ReadAction","target":["https:\/\/carpathiacenter.ro\/bistrita-nasaud-via-transilvanica-proiect-al-asociatiei-tasuleasa-social-recomandat-de-national-geographic-ca-destinatie-de-neratat-in-2025\/"]}]},{"@type":"ImageObject","inLanguage":"en-GB","@id":"https:\/\/carpathiacenter.ro\/bistrita-nasaud-via-transilvanica-proiect-al-asociatiei-tasuleasa-social-recomandat-de-national-geographic-ca-destinatie-de-neratat-in-2025\/#primaryimage","url":"https:\/\/carpathiacenter.ro\/wp-content\/uploads\/2024\/10\/via-transilvanica-bistrita.jpg","contentUrl":"https:\/\/carpathiacenter.ro\/wp-content\/uploads\/2024\/10\/via-transilvanica-bistrita.jpg","width":800,"height":566},{"@type":"BreadcrumbList","@id":"https:\/\/carpathiacenter.ro\/bistrita-nasaud-via-transilvanica-proiect-al-asociatiei-tasuleasa-social-recomandat-de-national-geographic-ca-destinatie-de-neratat-in-2025\/#breadcrumb","itemListElement":[{"@type":"ListItem","position":1,"name":"Prima pagin\u0103","item":"https:\/\/carpathiacenter.ro\/"},{"@type":"ListItem","position":2,"name":"Bistri\u0163a-N\u0103s\u0103ud: Via Transilvanica, proiect al Asocia\u0163iei T\u0103\u015fuleasa Social recomandat de National Geographic ca destina\u0163ie de neratat \u00een 2025"}]},{"@type":"WebSite","@id":"https:\/\/carpathiacenter.ro\/#website","url":"https:\/\/carpathiacenter.ro\/","name":"Carpathia Center Romania","description":"Impossible made possible!","publisher":{"@id":"https:\/\/carpathiacenter.ro\/#organization"},"potentialAction":[{"@type":"SearchAction","target":{"@type":"EntryPoint","urlTemplate":"https:\/\/carpathiacenter.ro\/?s={search_term_string}"},"query-input":{"@type":"PropertyValueSpecification","valueRequired":true,"valueName":"search_term_string"}}],"inLanguage":"en-GB"},{"@type":"Organization","@id":"https:\/\/carpathiacenter.ro\/#organization","name":"Carpathia Center Romania","url":"https:\/\/carpathiacenter.ro\/","logo":{"@type":"ImageObject","inLanguage":"en-GB","@id":"https:\/\/carpathiacenter.ro\/#\/schema\/logo\/image\/","url":"https:\/\/carpathiacenter.ro\/wp-content\/uploads\/2024\/07\/logo-carpathia_bg_white-1024x941.png","contentUrl":"https:\/\/carpathiacenter.ro\/wp-content\/uploads\/2024\/07\/logo-carpathia_bg_white-1024x941.png","width":1024,"height":941,"caption":"Carpathia Center Romania"},"image":{"@id":"https:\/\/carpathiacenter.ro\/#\/schema\/logo\/image\/"},"sameAs":["https:\/\/www.facebook.com\/fdpscarpathia\/"]},{"@type":"Person","@id":"https:\/\/carpathiacenter.ro\/#\/schema\/person\/03d9f58202fee8379268f34afa195006","name":"creativebitsolutions","image":{"@type":"ImageObject","inLanguage":"en-GB","@id":"https:\/\/carpathiacenter.ro\/#\/schema\/person\/image\/","url":"https:\/\/secure.gravatar.com\/avatar\/1b1a13e37f847c635dab78348f1dff2f07651ee2a3d77a5c355a4b8c75f9165a?s=96&d=mm&r=g","contentUrl":"https:\/\/secure.gravatar.com\/avatar\/1b1a13e37f847c635dab78348f1dff2f07651ee2a3d77a5c355a4b8c75f9165a?s=96&d=mm&r=g","caption":"creativebitsolutions"},"url":"https:\/\/carpathiacenter.ro\/en\/author\/creativebitsolutions\/"}]}},"_links":{"self":[{"href":"https:\/\/carpathiacenter.ro\/en\/wp-json\/wp\/v2\/posts\/1439","targetHints":{"allow":["GET"]}}],"collection":[{"href":"https:\/\/carpathiacenter.ro\/en\/wp-json\/wp\/v2\/posts"}],"about":[{"href":"https:\/\/carpathiacenter.ro\/en\/wp-json\/wp\/v2\/types\/post"}],"author":[{"embeddable":true,"href":"https:\/\/carpathiacenter.ro\/en\/wp-json\/wp\/v2\/users\/4"}],"replies":[{"embeddable":true,"href":"https:\/\/carpathiacenter.ro\/en\/wp-json\/wp\/v2\/comments?post=1439"}],"version-history":[{"count":2,"href":"https:\/\/carpathiacenter.ro\/en\/wp-json\/wp\/v2\/posts\/1439\/revisions"}],"predecessor-version":[{"id":1446,"href":"https:\/\/carpathiacenter.ro\/en\/wp-json\/wp\/v2\/posts\/1439\/revisions\/1446"}],"wp:featuredmedia":[{"embeddable":true,"href":"https:\/\/carpathiacenter.ro\/en\/wp-json\/wp\/v2\/media\/1440"}],"wp:attachment":[{"href":"https:\/\/carpathiacenter.ro\/en\/wp-json\/wp\/v2\/media?parent=1439"}],"wp:term":[{"taxonomy":"category","embeddable":true,"href":"https:\/\/carpathiacenter.ro\/en\/wp-json\/wp\/v2\/categories?post=1439"},{"taxonomy":"post_tag","embeddable":true,"href":"https:\/\/carpathiacenter.ro\/en\/wp-json\/wp\/v2\/tags?post=1439"}],"curies":[{"name":"wp","href":"https:\/\/api.w.org\/{rel}","templated":true}]}}