{"id":1432,"date":"2024-10-22T08:33:46","date_gmt":"2024-10-22T08:33:46","guid":{"rendered":"https:\/\/carpathiacenter.ro\/?p=1432"},"modified":"2024-10-22T08:33:46","modified_gmt":"2024-10-22T08:33:46","slug":"turcan-anunta-ca-incepe-proiectarea-pentru-consolidarea-restaurarea-si-modernizarea-muzeului-national-de-istoriei-a-romaniei","status":"publish","type":"post","link":"https:\/\/carpathiacenter.ro\/en\/turcan-anunta-ca-incepe-proiectarea-pentru-consolidarea-restaurarea-si-modernizarea-muzeului-national-de-istoriei-a-romaniei\/","title":{"rendered":"Turcan anun\u0163\u0103 c\u0103 \u00eencepe proiectarea pentru consolidarea, restaurarea \u015fi modernizarea Muzeului Na\u0163ional de Istoriei a Rom\u00e2niei"},"content":{"rendered":"<div class=\"tdb-block-inner td-fix-index\">\n<p>Ministrul Culturii, Raluca Turcan, anun\u0163\u0103 c\u0103 a fost semnat contractul privind documenta\u0163ia de avizare a lucr\u0103rilor de interven\u0163ii pentru reabilitarea Muzeului Na\u0163ional de Istorie a Rom\u00e2niei (MNIR).<\/p>\n<p>\u201dAm semnat contractul privind documenta\u0163ia de avizare a lucr\u0103rilor de interven\u0163ii pentru reabilitarea Muzeului Na\u0163ional de Istorie a Rom\u00e2niei (MNIR). Investi\u0163ia este finan\u0163at\u0103 printr-un Acord-cadru de \u00eemprumut dintre Rom\u00e2nia \u015fi Banca de Dezvoltare a Consiliului Europei (BDCE), destinat reabilit\u0103rii patrimoniului construit \u015fi moderniz\u0103rii unor cl\u0103diri culturale din Rom\u00e2nia\u201d, scrie ministrul luni pe Facebook.<\/p>\n<p>Contractul a fost atribuit \u00een urma unei proceduri de licita\u0163ie deschis\u0103 \u015fi are valoarea de 1.208.424 de euro (f\u0103r\u0103 TVA), prestatorul av\u00e2nd obliga\u0163ia s\u0103 elaboreze documenta\u0163ia de avizare a lucr\u0103rilor de interven\u0163ii \u00een termen de maximum 180 de zile de la data emiterii ordinului privind \u00eenceperea proiect\u0103rii.<\/p>\n<p>Investi\u0163ia de la Muzeul Na\u0163ional de Istorie a Rom\u00e2niei din Bucure\u015fti este estimat\u0103 la peste 100 de milioane de euro, precizeaz\u0103 Raluca Turcan.<\/p>\n<p>\u201dMNIR va deveni al doilea cel mai mare monument istoric consolidat \u015fi restaurat \u00een Rom\u00e2nia, cu o suprafa\u0163\u0103 total\u0103 de 32.000 mp, dup\u0103 Palatul Culturii din Ia\u015fi, unde investi\u0163ia realizat\u0103 prin Unitatea de Management a Proiectului din cadrul Ministerului Culturii a fost de 26,4 milioane euro\u201d, arat\u0103 sursa citat\u0103.<\/p>\n<p>Cl\u0103dire emblematic\u0103 a Capitalei, imobilul din Calea Victoriei cunoscut sub numele de \u201cPalatul Po\u015ftelor\u201d a fost inaugurat \u00een 1903 \u00een prezen\u0163a Regelui Carol I, fiind cel mai mare edificiu din Rom\u00e2nia p\u00e2n\u0103 la construirea Casei Poporului \u00een anul 1980. Po\u015fta Central\u0103 a ora\u015fului a func\u0163ionat \u00een imobil p\u00e2n\u0103 \u00een 1970, c\u00e2nd au avut loc lucr\u0103ri de renovare \u015fi amenajare a Muzeului Na\u0163ional de Istorie a Rom\u00e2niei, inaugurat \u00een 1972. \u00cen prezent, MNIR este cel mai mare muzeu din \u0163ar\u0103 \u015fi unul dintre marile muzee europene, reunind cele mai importante descoperiri arheologice \u015fi documente istorice ale Rom\u00e2niei.<\/p>\n<p>Obiectivul investi\u0163iei este punerea \u00een valoare a acestui imobil prin consolidarea, conservarea, restaurarea, rearanjarea func\u0163iunilor \u015fi reamenajarea \u00eentregii cl\u0103diri istorice.<\/p>\n<p>\u201dPrin realizarea investi\u0163iei se preconizeaz\u0103 ob\u0163inerea unui spa\u0163iu muzeal extins fa\u0163\u0103 de cel actual, care s\u0103 permit\u0103 expunerea \u00eentr-un mod performant, la \u00eenalte standarde moderne, a exponatelor \u00een prezent neexpuse, un traseu muzeal mult mai coerent, flexibil \u015fi interesant. Remedierea deficien\u0163elor actuale ale construc\u0163iei, al\u0103turi de extinderea expozi\u0163iei permanente, dotarea cu aparatur\u0103 \u015fi laboratoare de cercetare \u015fi restaurare de ultim\u0103 genera\u0163ie \u015fi ad\u0103ugarea unor spa\u0163ii publice conexe urm\u0103resc plasarea Muzeului Na\u0163ional de Istorie a Rom\u00e2niei pe lista muzeelor interna\u0163ionale de prestigiu\u201d, se mai arat\u0103 pe pagina de Facebook a ministrului Culturii. AGERPRES\/(AS \u2013 autor: Georgiana T\u0103n\u0103sescu, editor: Florin Marin, editor online: Anda Badea)<\/p>\n<p>Sursa: <a href=\"https:\/\/www.agerpres.ro\/cultura\/2024\/10\/21\/turcan-anunta-ca-incepe-proiectarea-pentru-consolidarea-restaurarea-si-modernizarea-muzeului-national-de-istoriei-a-romaniei--1374227\" target=\"_blank\" rel=\"noopener\" title=\"\">https:\/\/www.agerpres.ro\/cultura\/2024\/10\/21\/turcan-anunta-ca-incepe-proiectarea-pentru-consolidarea-restaurarea-si-modernizarea-muzeului-national-de-istoriei-a-romaniei\u20131374227<\/a><\/p>\n<\/div>","protected":false},"excerpt":{"rendered":"<p>Ministrul Culturii, Raluca Turcan, anun\u0163\u0103 c\u0103 a fost semnat contractul privind documenta\u0163ia de avizare a lucr\u0103rilor de interven\u0163ii pentru reabilitarea Muzeului Na\u0163ional de Istorie a Rom\u00e2niei (MNIR). \u201dAm semnat contractul privind documenta\u0163ia de avizare a lucr\u0103rilor de interven\u0163ii pentru reabilitarea Muzeului Na\u0163ional de Istorie a Rom\u00e2niei (MNIR). Investi\u0163ia este finan\u0163at\u0103 printr-un Acord-cadru de \u00eemprumut dintre&#8230;<\/p>","protected":false},"author":4,"featured_media":1433,"comment_status":"open","ping_status":"open","sticky":false,"template":"","format":"standard","meta":{"footnotes":""},"categories":[1],"tags":[],"class_list":["post-1432","post","type-post","status-publish","format-standard","has-post-thumbnail","hentry","category-uncategorized"],"yoast_head":"<!-- This site is optimized with the Yoast SEO plugin v26.1.1 - https:\/\/yoast.com\/wordpress\/plugins\/seo\/ -->\n<title>Turcan anun\u0163\u0103 c\u0103 \u00eencepe proiectarea pentru consolidarea, restaurarea \u015fi modernizarea Muzeului Na\u0163ional de Istoriei a Rom\u00e2niei - Carpathia Center Romania<\/title>\n<meta name=\"robots\" content=\"index, follow, max-snippet:-1, max-image-preview:large, max-video-preview:-1\" \/>\n<link rel=\"canonical\" href=\"https:\/\/carpathiacenter.ro\/en\/turcan-anunta-ca-incepe-proiectarea-pentru-consolidarea-restaurarea-si-modernizarea-muzeului-national-de-istoriei-a-romaniei\/\" \/>\n<meta property=\"og:locale\" content=\"en_GB\" \/>\n<meta property=\"og:type\" content=\"article\" \/>\n<meta property=\"og:title\" content=\"Turcan anun\u0163\u0103 c\u0103 \u00eencepe proiectarea pentru consolidarea, restaurarea \u015fi modernizarea Muzeului Na\u0163ional de Istoriei a Rom\u00e2niei - Carpathia Center Romania\" \/>\n<meta property=\"og:description\" content=\"Ministrul Culturii, Raluca Turcan, anun\u0163\u0103 c\u0103 a fost semnat contractul privind documenta\u0163ia de avizare a lucr\u0103rilor de interven\u0163ii pentru reabilitarea Muzeului Na\u0163ional de Istorie a Rom\u00e2niei (MNIR). \u201dAm semnat contractul privind documenta\u0163ia de avizare a lucr\u0103rilor de interven\u0163ii pentru reabilitarea Muzeului Na\u0163ional de Istorie a Rom\u00e2niei (MNIR). Investi\u0163ia este finan\u0163at\u0103 printr-un Acord-cadru de \u00eemprumut dintre...\" \/>\n<meta property=\"og:url\" content=\"https:\/\/carpathiacenter.ro\/en\/turcan-anunta-ca-incepe-proiectarea-pentru-consolidarea-restaurarea-si-modernizarea-muzeului-national-de-istoriei-a-romaniei\/\" \/>\n<meta property=\"og:site_name\" content=\"Carpathia Center Romania\" \/>\n<meta property=\"article:publisher\" content=\"https:\/\/www.facebook.com\/fdpscarpathia\/\" \/>\n<meta property=\"article:published_time\" content=\"2024-10-22T08:33:46+00:00\" \/>\n<meta property=\"og:image\" content=\"https:\/\/carpathiacenter.ro\/wp-content\/uploads\/2024\/10\/Raluca_Turcan.jpg\" \/>\n\t<meta property=\"og:image:width\" content=\"780\" \/>\n\t<meta property=\"og:image:height\" content=\"440\" \/>\n\t<meta property=\"og:image:type\" content=\"image\/jpeg\" \/>\n<meta name=\"author\" content=\"creativebitsolutions\" \/>\n<meta name=\"twitter:card\" content=\"summary_large_image\" \/>\n<meta name=\"twitter:label1\" content=\"Written by\" \/>\n\t<meta name=\"twitter:data1\" content=\"creativebitsolutions\" \/>\n\t<meta name=\"twitter:label2\" content=\"Estimated reading time\" \/>\n\t<meta name=\"twitter:data2\" content=\"2 minutes\" \/>\n<script type=\"application\/ld+json\" class=\"yoast-schema-graph\">{\"@context\":\"https:\/\/schema.org\",\"@graph\":[{\"@type\":\"Article\",\"@id\":\"https:\/\/carpathiacenter.ro\/turcan-anunta-ca-incepe-proiectarea-pentru-consolidarea-restaurarea-si-modernizarea-muzeului-national-de-istoriei-a-romaniei\/#article\",\"isPartOf\":{\"@id\":\"https:\/\/carpathiacenter.ro\/turcan-anunta-ca-incepe-proiectarea-pentru-consolidarea-restaurarea-si-modernizarea-muzeului-national-de-istoriei-a-romaniei\/\"},\"author\":{\"name\":\"creativebitsolutions\",\"@id\":\"https:\/\/carpathiacenter.ro\/#\/schema\/person\/03d9f58202fee8379268f34afa195006\"},\"headline\":\"Turcan anun\u0163\u0103 c\u0103 \u00eencepe proiectarea pentru consolidarea, restaurarea \u015fi modernizarea Muzeului Na\u0163ional de Istoriei a Rom\u00e2niei\",\"datePublished\":\"2024-10-22T08:33:46+00:00\",\"mainEntityOfPage\":{\"@id\":\"https:\/\/carpathiacenter.ro\/turcan-anunta-ca-incepe-proiectarea-pentru-consolidarea-restaurarea-si-modernizarea-muzeului-national-de-istoriei-a-romaniei\/\"},\"wordCount\":499,\"commentCount\":0,\"publisher\":{\"@id\":\"https:\/\/carpathiacenter.ro\/#organization\"},\"image\":{\"@id\":\"https:\/\/carpathiacenter.ro\/turcan-anunta-ca-incepe-proiectarea-pentru-consolidarea-restaurarea-si-modernizarea-muzeului-national-de-istoriei-a-romaniei\/#primaryimage\"},\"thumbnailUrl\":\"https:\/\/carpathiacenter.ro\/wp-content\/uploads\/2024\/10\/Raluca_Turcan.jpg\",\"articleSection\":[\"Uncategorized\"],\"inLanguage\":\"en-GB\",\"potentialAction\":[{\"@type\":\"CommentAction\",\"name\":\"Comment\",\"target\":[\"https:\/\/carpathiacenter.ro\/turcan-anunta-ca-incepe-proiectarea-pentru-consolidarea-restaurarea-si-modernizarea-muzeului-national-de-istoriei-a-romaniei\/#respond\"]}]},{\"@type\":\"WebPage\",\"@id\":\"https:\/\/carpathiacenter.ro\/turcan-anunta-ca-incepe-proiectarea-pentru-consolidarea-restaurarea-si-modernizarea-muzeului-national-de-istoriei-a-romaniei\/\",\"url\":\"https:\/\/carpathiacenter.ro\/turcan-anunta-ca-incepe-proiectarea-pentru-consolidarea-restaurarea-si-modernizarea-muzeului-national-de-istoriei-a-romaniei\/\",\"name\":\"Turcan anun\u0163\u0103 c\u0103 \u00eencepe proiectarea pentru consolidarea, restaurarea \u015fi modernizarea Muzeului Na\u0163ional de Istoriei a Rom\u00e2niei - Carpathia Center Romania\",\"isPartOf\":{\"@id\":\"https:\/\/carpathiacenter.ro\/#website\"},\"primaryImageOfPage\":{\"@id\":\"https:\/\/carpathiacenter.ro\/turcan-anunta-ca-incepe-proiectarea-pentru-consolidarea-restaurarea-si-modernizarea-muzeului-national-de-istoriei-a-romaniei\/#primaryimage\"},\"image\":{\"@id\":\"https:\/\/carpathiacenter.ro\/turcan-anunta-ca-incepe-proiectarea-pentru-consolidarea-restaurarea-si-modernizarea-muzeului-national-de-istoriei-a-romaniei\/#primaryimage\"},\"thumbnailUrl\":\"https:\/\/carpathiacenter.ro\/wp-content\/uploads\/2024\/10\/Raluca_Turcan.jpg\",\"datePublished\":\"2024-10-22T08:33:46+00:00\",\"breadcrumb\":{\"@id\":\"https:\/\/carpathiacenter.ro\/turcan-anunta-ca-incepe-proiectarea-pentru-consolidarea-restaurarea-si-modernizarea-muzeului-national-de-istoriei-a-romaniei\/#breadcrumb\"},\"inLanguage\":\"en-GB\",\"potentialAction\":[{\"@type\":\"ReadAction\",\"target\":[\"https:\/\/carpathiacenter.ro\/turcan-anunta-ca-incepe-proiectarea-pentru-consolidarea-restaurarea-si-modernizarea-muzeului-national-de-istoriei-a-romaniei\/\"]}]},{\"@type\":\"ImageObject\",\"inLanguage\":\"en-GB\",\"@id\":\"https:\/\/carpathiacenter.ro\/turcan-anunta-ca-incepe-proiectarea-pentru-consolidarea-restaurarea-si-modernizarea-muzeului-national-de-istoriei-a-romaniei\/#primaryimage\",\"url\":\"https:\/\/carpathiacenter.ro\/wp-content\/uploads\/2024\/10\/Raluca_Turcan.jpg\",\"contentUrl\":\"https:\/\/carpathiacenter.ro\/wp-content\/uploads\/2024\/10\/Raluca_Turcan.jpg\",\"width\":780,\"height\":440},{\"@type\":\"BreadcrumbList\",\"@id\":\"https:\/\/carpathiacenter.ro\/turcan-anunta-ca-incepe-proiectarea-pentru-consolidarea-restaurarea-si-modernizarea-muzeului-national-de-istoriei-a-romaniei\/#breadcrumb\",\"itemListElement\":[{\"@type\":\"ListItem\",\"position\":1,\"name\":\"Prima pagin\u0103\",\"item\":\"https:\/\/carpathiacenter.ro\/\"},{\"@type\":\"ListItem\",\"position\":2,\"name\":\"Turcan anun\u0163\u0103 c\u0103 \u00eencepe proiectarea pentru consolidarea, restaurarea \u015fi modernizarea Muzeului Na\u0163ional de Istoriei a Rom\u00e2niei\"}]},{\"@type\":\"WebSite\",\"@id\":\"https:\/\/carpathiacenter.ro\/#website\",\"url\":\"https:\/\/carpathiacenter.ro\/\",\"name\":\"Carpathia Center Romania\",\"description\":\"Impossible made possible!\",\"publisher\":{\"@id\":\"https:\/\/carpathiacenter.ro\/#organization\"},\"potentialAction\":[{\"@type\":\"SearchAction\",\"target\":{\"@type\":\"EntryPoint\",\"urlTemplate\":\"https:\/\/carpathiacenter.ro\/?s={search_term_string}\"},\"query-input\":{\"@type\":\"PropertyValueSpecification\",\"valueRequired\":true,\"valueName\":\"search_term_string\"}}],\"inLanguage\":\"en-GB\"},{\"@type\":\"Organization\",\"@id\":\"https:\/\/carpathiacenter.ro\/#organization\",\"name\":\"Carpathia Center Romania\",\"url\":\"https:\/\/carpathiacenter.ro\/\",\"logo\":{\"@type\":\"ImageObject\",\"inLanguage\":\"en-GB\",\"@id\":\"https:\/\/carpathiacenter.ro\/#\/schema\/logo\/image\/\",\"url\":\"https:\/\/carpathiacenter.ro\/wp-content\/uploads\/2024\/07\/logo-carpathia_bg_white-1024x941.png\",\"contentUrl\":\"https:\/\/carpathiacenter.ro\/wp-content\/uploads\/2024\/07\/logo-carpathia_bg_white-1024x941.png\",\"width\":1024,\"height\":941,\"caption\":\"Carpathia Center Romania\"},\"image\":{\"@id\":\"https:\/\/carpathiacenter.ro\/#\/schema\/logo\/image\/\"},\"sameAs\":[\"https:\/\/www.facebook.com\/fdpscarpathia\/\"]},{\"@type\":\"Person\",\"@id\":\"https:\/\/carpathiacenter.ro\/#\/schema\/person\/03d9f58202fee8379268f34afa195006\",\"name\":\"creativebitsolutions\",\"image\":{\"@type\":\"ImageObject\",\"inLanguage\":\"en-GB\",\"@id\":\"https:\/\/carpathiacenter.ro\/#\/schema\/person\/image\/\",\"url\":\"https:\/\/secure.gravatar.com\/avatar\/1b1a13e37f847c635dab78348f1dff2f07651ee2a3d77a5c355a4b8c75f9165a?s=96&d=mm&r=g\",\"contentUrl\":\"https:\/\/secure.gravatar.com\/avatar\/1b1a13e37f847c635dab78348f1dff2f07651ee2a3d77a5c355a4b8c75f9165a?s=96&d=mm&r=g\",\"caption\":\"creativebitsolutions\"},\"url\":\"https:\/\/carpathiacenter.ro\/en\/author\/creativebitsolutions\/\"}]}<\/script>\n<!-- \/ Yoast SEO plugin. -->","yoast_head_json":{"title":"Turcan anun\u0163\u0103 c\u0103 \u00eencepe proiectarea pentru consolidarea, restaurarea \u015fi modernizarea Muzeului Na\u0163ional de Istoriei a Rom\u00e2niei - Carpathia Center Romania","robots":{"index":"index","follow":"follow","max-snippet":"max-snippet:-1","max-image-preview":"max-image-preview:large","max-video-preview":"max-video-preview:-1"},"canonical":"https:\/\/carpathiacenter.ro\/en\/turcan-anunta-ca-incepe-proiectarea-pentru-consolidarea-restaurarea-si-modernizarea-muzeului-national-de-istoriei-a-romaniei\/","og_locale":"en_GB","og_type":"article","og_title":"Turcan anun\u0163\u0103 c\u0103 \u00eencepe proiectarea pentru consolidarea, restaurarea \u015fi modernizarea Muzeului Na\u0163ional de Istoriei a Rom\u00e2niei - Carpathia Center Romania","og_description":"Ministrul Culturii, Raluca Turcan, anun\u0163\u0103 c\u0103 a fost semnat contractul privind documenta\u0163ia de avizare a lucr\u0103rilor de interven\u0163ii pentru reabilitarea Muzeului Na\u0163ional de Istorie a Rom\u00e2niei (MNIR). \u201dAm semnat contractul privind documenta\u0163ia de avizare a lucr\u0103rilor de interven\u0163ii pentru reabilitarea Muzeului Na\u0163ional de Istorie a Rom\u00e2niei (MNIR). Investi\u0163ia este finan\u0163at\u0103 printr-un Acord-cadru de \u00eemprumut dintre...","og_url":"https:\/\/carpathiacenter.ro\/en\/turcan-anunta-ca-incepe-proiectarea-pentru-consolidarea-restaurarea-si-modernizarea-muzeului-national-de-istoriei-a-romaniei\/","og_site_name":"Carpathia Center Romania","article_publisher":"https:\/\/www.facebook.com\/fdpscarpathia\/","article_published_time":"2024-10-22T08:33:46+00:00","og_image":[{"width":780,"height":440,"url":"https:\/\/carpathiacenter.ro\/wp-content\/uploads\/2024\/10\/Raluca_Turcan.jpg","type":"image\/jpeg"}],"author":"creativebitsolutions","twitter_card":"summary_large_image","twitter_misc":{"Written by":"creativebitsolutions","Estimated reading time":"2 minutes"},"schema":{"@context":"https:\/\/schema.org","@graph":[{"@type":"Article","@id":"https:\/\/carpathiacenter.ro\/turcan-anunta-ca-incepe-proiectarea-pentru-consolidarea-restaurarea-si-modernizarea-muzeului-national-de-istoriei-a-romaniei\/#article","isPartOf":{"@id":"https:\/\/carpathiacenter.ro\/turcan-anunta-ca-incepe-proiectarea-pentru-consolidarea-restaurarea-si-modernizarea-muzeului-national-de-istoriei-a-romaniei\/"},"author":{"name":"creativebitsolutions","@id":"https:\/\/carpathiacenter.ro\/#\/schema\/person\/03d9f58202fee8379268f34afa195006"},"headline":"Turcan anun\u0163\u0103 c\u0103 \u00eencepe proiectarea pentru consolidarea, restaurarea \u015fi modernizarea Muzeului Na\u0163ional de Istoriei a Rom\u00e2niei","datePublished":"2024-10-22T08:33:46+00:00","mainEntityOfPage":{"@id":"https:\/\/carpathiacenter.ro\/turcan-anunta-ca-incepe-proiectarea-pentru-consolidarea-restaurarea-si-modernizarea-muzeului-national-de-istoriei-a-romaniei\/"},"wordCount":499,"commentCount":0,"publisher":{"@id":"https:\/\/carpathiacenter.ro\/#organization"},"image":{"@id":"https:\/\/carpathiacenter.ro\/turcan-anunta-ca-incepe-proiectarea-pentru-consolidarea-restaurarea-si-modernizarea-muzeului-national-de-istoriei-a-romaniei\/#primaryimage"},"thumbnailUrl":"https:\/\/carpathiacenter.ro\/wp-content\/uploads\/2024\/10\/Raluca_Turcan.jpg","articleSection":["Uncategorized"],"inLanguage":"en-GB","potentialAction":[{"@type":"CommentAction","name":"Comment","target":["https:\/\/carpathiacenter.ro\/turcan-anunta-ca-incepe-proiectarea-pentru-consolidarea-restaurarea-si-modernizarea-muzeului-national-de-istoriei-a-romaniei\/#respond"]}]},{"@type":"WebPage","@id":"https:\/\/carpathiacenter.ro\/turcan-anunta-ca-incepe-proiectarea-pentru-consolidarea-restaurarea-si-modernizarea-muzeului-national-de-istoriei-a-romaniei\/","url":"https:\/\/carpathiacenter.ro\/turcan-anunta-ca-incepe-proiectarea-pentru-consolidarea-restaurarea-si-modernizarea-muzeului-national-de-istoriei-a-romaniei\/","name":"Turcan anun\u0163\u0103 c\u0103 \u00eencepe proiectarea pentru consolidarea, restaurarea \u015fi modernizarea Muzeului Na\u0163ional de Istoriei a Rom\u00e2niei - Carpathia Center Romania","isPartOf":{"@id":"https:\/\/carpathiacenter.ro\/#website"},"primaryImageOfPage":{"@id":"https:\/\/carpathiacenter.ro\/turcan-anunta-ca-incepe-proiectarea-pentru-consolidarea-restaurarea-si-modernizarea-muzeului-national-de-istoriei-a-romaniei\/#primaryimage"},"image":{"@id":"https:\/\/carpathiacenter.ro\/turcan-anunta-ca-incepe-proiectarea-pentru-consolidarea-restaurarea-si-modernizarea-muzeului-national-de-istoriei-a-romaniei\/#primaryimage"},"thumbnailUrl":"https:\/\/carpathiacenter.ro\/wp-content\/uploads\/2024\/10\/Raluca_Turcan.jpg","datePublished":"2024-10-22T08:33:46+00:00","breadcrumb":{"@id":"https:\/\/carpathiacenter.ro\/turcan-anunta-ca-incepe-proiectarea-pentru-consolidarea-restaurarea-si-modernizarea-muzeului-national-de-istoriei-a-romaniei\/#breadcrumb"},"inLanguage":"en-GB","potentialAction":[{"@type":"ReadAction","target":["https:\/\/carpathiacenter.ro\/turcan-anunta-ca-incepe-proiectarea-pentru-consolidarea-restaurarea-si-modernizarea-muzeului-national-de-istoriei-a-romaniei\/"]}]},{"@type":"ImageObject","inLanguage":"en-GB","@id":"https:\/\/carpathiacenter.ro\/turcan-anunta-ca-incepe-proiectarea-pentru-consolidarea-restaurarea-si-modernizarea-muzeului-national-de-istoriei-a-romaniei\/#primaryimage","url":"https:\/\/carpathiacenter.ro\/wp-content\/uploads\/2024\/10\/Raluca_Turcan.jpg","contentUrl":"https:\/\/carpathiacenter.ro\/wp-content\/uploads\/2024\/10\/Raluca_Turcan.jpg","width":780,"height":440},{"@type":"BreadcrumbList","@id":"https:\/\/carpathiacenter.ro\/turcan-anunta-ca-incepe-proiectarea-pentru-consolidarea-restaurarea-si-modernizarea-muzeului-national-de-istoriei-a-romaniei\/#breadcrumb","itemListElement":[{"@type":"ListItem","position":1,"name":"Prima pagin\u0103","item":"https:\/\/carpathiacenter.ro\/"},{"@type":"ListItem","position":2,"name":"Turcan anun\u0163\u0103 c\u0103 \u00eencepe proiectarea pentru consolidarea, restaurarea \u015fi modernizarea Muzeului Na\u0163ional de Istoriei a Rom\u00e2niei"}]},{"@type":"WebSite","@id":"https:\/\/carpathiacenter.ro\/#website","url":"https:\/\/carpathiacenter.ro\/","name":"Carpathia Center Romania","description":"Impossible made possible!","publisher":{"@id":"https:\/\/carpathiacenter.ro\/#organization"},"potentialAction":[{"@type":"SearchAction","target":{"@type":"EntryPoint","urlTemplate":"https:\/\/carpathiacenter.ro\/?s={search_term_string}"},"query-input":{"@type":"PropertyValueSpecification","valueRequired":true,"valueName":"search_term_string"}}],"inLanguage":"en-GB"},{"@type":"Organization","@id":"https:\/\/carpathiacenter.ro\/#organization","name":"Carpathia Center Romania","url":"https:\/\/carpathiacenter.ro\/","logo":{"@type":"ImageObject","inLanguage":"en-GB","@id":"https:\/\/carpathiacenter.ro\/#\/schema\/logo\/image\/","url":"https:\/\/carpathiacenter.ro\/wp-content\/uploads\/2024\/07\/logo-carpathia_bg_white-1024x941.png","contentUrl":"https:\/\/carpathiacenter.ro\/wp-content\/uploads\/2024\/07\/logo-carpathia_bg_white-1024x941.png","width":1024,"height":941,"caption":"Carpathia Center Romania"},"image":{"@id":"https:\/\/carpathiacenter.ro\/#\/schema\/logo\/image\/"},"sameAs":["https:\/\/www.facebook.com\/fdpscarpathia\/"]},{"@type":"Person","@id":"https:\/\/carpathiacenter.ro\/#\/schema\/person\/03d9f58202fee8379268f34afa195006","name":"creativebitsolutions","image":{"@type":"ImageObject","inLanguage":"en-GB","@id":"https:\/\/carpathiacenter.ro\/#\/schema\/person\/image\/","url":"https:\/\/secure.gravatar.com\/avatar\/1b1a13e37f847c635dab78348f1dff2f07651ee2a3d77a5c355a4b8c75f9165a?s=96&d=mm&r=g","contentUrl":"https:\/\/secure.gravatar.com\/avatar\/1b1a13e37f847c635dab78348f1dff2f07651ee2a3d77a5c355a4b8c75f9165a?s=96&d=mm&r=g","caption":"creativebitsolutions"},"url":"https:\/\/carpathiacenter.ro\/en\/author\/creativebitsolutions\/"}]}},"_links":{"self":[{"href":"https:\/\/carpathiacenter.ro\/en\/wp-json\/wp\/v2\/posts\/1432","targetHints":{"allow":["GET"]}}],"collection":[{"href":"https:\/\/carpathiacenter.ro\/en\/wp-json\/wp\/v2\/posts"}],"about":[{"href":"https:\/\/carpathiacenter.ro\/en\/wp-json\/wp\/v2\/types\/post"}],"author":[{"embeddable":true,"href":"https:\/\/carpathiacenter.ro\/en\/wp-json\/wp\/v2\/users\/4"}],"replies":[{"embeddable":true,"href":"https:\/\/carpathiacenter.ro\/en\/wp-json\/wp\/v2\/comments?post=1432"}],"version-history":[{"count":1,"href":"https:\/\/carpathiacenter.ro\/en\/wp-json\/wp\/v2\/posts\/1432\/revisions"}],"predecessor-version":[{"id":1434,"href":"https:\/\/carpathiacenter.ro\/en\/wp-json\/wp\/v2\/posts\/1432\/revisions\/1434"}],"wp:featuredmedia":[{"embeddable":true,"href":"https:\/\/carpathiacenter.ro\/en\/wp-json\/wp\/v2\/media\/1433"}],"wp:attachment":[{"href":"https:\/\/carpathiacenter.ro\/en\/wp-json\/wp\/v2\/media?parent=1432"}],"wp:term":[{"taxonomy":"category","embeddable":true,"href":"https:\/\/carpathiacenter.ro\/en\/wp-json\/wp\/v2\/categories?post=1432"},{"taxonomy":"post_tag","embeddable":true,"href":"https:\/\/carpathiacenter.ro\/en\/wp-json\/wp\/v2\/tags?post=1432"}],"curies":[{"name":"wp","href":"https:\/\/api.w.org\/{rel}","templated":true}]}}