{"id":1429,"date":"2024-10-21T20:02:17","date_gmt":"2024-10-21T20:02:17","guid":{"rendered":"https:\/\/carpathiacenter.ro\/?p=1429"},"modified":"2024-10-21T20:02:17","modified_gmt":"2024-10-21T20:02:17","slug":"ministerul-muncii-organizeaza-marti-primul-targ-de-oferte-de-formare-profesionala","status":"publish","type":"post","link":"https:\/\/carpathiacenter.ro\/en\/ministerul-muncii-organizeaza-marti-primul-targ-de-oferte-de-formare-profesionala\/","title":{"rendered":"Ministerul Muncii organizeaz\u0103 mar\u0163i primul T\u00e2rg de oferte de formare profesional\u0103"},"content":{"rendered":"<div class=\"description_articol\">\n<p>Ministerul Muncii \u015fi Solidarit\u0103\u0163ii Sociale, \u00een calitatea sa de Coordonator na\u0163ional al Agendei Europene pentru \u00eenv\u0103\u0163area \u00een r\u00e2ndul adul\u0163ilor, organizeaz\u0103 mar\u0163i, 22 octombrie 2024, primul T\u00e2rg de oferte de formare, un eveniment dedicat tuturor adul\u0163ilor interesa\u0163i s\u0103 \u00ee\u015fi dezvolte competen\u0163ele profesionale \u015fi personale.<\/p>\n<p>&#8220;Evenimentul reune\u015fte peste 20 de furnizori de formare profesional\u0103, centre de formare, centre de evaluare a competen\u0163elor cu o ofert\u0103 de peste 530 programe de formare. Participan\u0163ii vor putea ob\u0163ine oferte de formare pentru programe de calificare, perfec\u0163ionare, specializare \u00een diferite domenii \u015fi programe de competen\u0163e cheie (digitale, limbi str\u0103ine, antreprenoriale)&#8221;, precizeaz\u0103 ministerul \u00eentr-o postare pe Facebook.<\/p>\n<p>Potrivit sursei citate, facilitarea \u00eent\u00e2lnirii directe a adul\u0163ilor care au nevoie de programe de formare cu furnizorii se \u00eenscrie \u00een ac\u0163iunile demarate \u00een perioada Anului European al Competen\u0163elor, cu scopul stimul\u0103rii \u00eenv\u0103\u0163\u0103rii pe tot parcursul vie\u0163ii, oferind posibilitatea indivizilor, dar \u015fi companiilor, s\u0103 se implice \u00een procesul de tranzi\u0163ie c\u0103tre o economie verde \u015fi digital\u0103.<\/p>\n<p>&#8220;Schimb\u0103rile majore din pia\u0163a for\u0163ei de munc\u0103, cauzate de evolu\u0163iile tehnologice rapide, digitalizare, automatizare, schimb\u0103ri demografice \u015fi migra\u0163ie, reprezint\u0103 provoc\u0103ri majore at\u00e2t pentru mediul de afaceri, c\u00e2t \u015fi pentru adul\u0163ii care trebuie s\u0103 se adapteze continuu acestor transform\u0103ri. Ac\u0163iunile de acest tip vin s\u0103 sprijine actorii din pia\u0163a muncii \u00een procesul de adaptare la schimb\u0103rile care apar, prin dob\u00e2ndirea de noi competen\u0163e \u015fi actualizarea competen\u0163elor de\u0163inute de angaja\u0163i. Investi\u0163ia \u00een formarea profesional\u0103 aduce valoare ad\u0103ugat\u0103 at\u00e2t pentru lucr\u0103tori, c\u00e2t \u015fi pentru angajatori, pentru c\u0103 doar av\u00e2nd competen\u0163ele corespunz\u0103toare, oamenii vor fi preg\u0103ti\u0163i pentru locuri de munc\u0103 de bun\u0103 calitate \u015fi \u00ee\u015fi vor putea valorifica poten\u0163ialul&#8221;, a declarat ministrul Muncii, Simona Bucura-Oprescu, \u00een postarea men\u0163ionat\u0103.<\/p>\n<p>T\u00e2rgul de oferte de formare va avea loc la Biblioteca Na\u0163ional\u0103, \u00een intervalul orar 10:00-13:00. Persoanele interesate s\u0103 urmeze programe de formare sau s\u0103-\u015fi \u00eembun\u0103t\u0103\u0163easc\u0103 competen\u0163ele vor putea ob\u0163ine informa\u0163ii direct de la furnizori. Evenimentul este organizat \u00een cadrul proiectului &#8220;\u00cemputernicirea adul\u0163ilor prin formare de competen\u0163e \u00een Rom\u00e2nia&#8221;- MAEST RO (Making adults empowered by skills training in Romania) finan\u0163at din programul ERASMUS+. AGERPRES\/(AS &#8211; editor: Mariana Nica, editor online: Ady Iva\u015fcu)<\/p>\n<\/div>","protected":false},"excerpt":{"rendered":"<p>Ministerul Muncii \u015fi Solidarit\u0103\u0163ii Sociale, \u00een calitatea sa de Coordonator na\u0163ional al Agendei Europene pentru \u00eenv\u0103\u0163area \u00een r\u00e2ndul adul\u0163ilor, organizeaz\u0103 mar\u0163i, 22 octombrie 2024, primul T\u00e2rg de oferte de formare, un eveniment dedicat tuturor adul\u0163ilor interesa\u0163i s\u0103 \u00ee\u015fi dezvolte competen\u0163ele profesionale \u015fi personale. &#8220;Evenimentul reune\u015fte peste 20 de furnizori de formare profesional\u0103, centre de formare,&#8230;<\/p>","protected":false},"author":4,"featured_media":1430,"comment_status":"open","ping_status":"open","sticky":false,"template":"","format":"standard","meta":{"footnotes":""},"categories":[1],"tags":[],"class_list":["post-1429","post","type-post","status-publish","format-standard","has-post-thumbnail","hentry","category-uncategorized"],"yoast_head":"<!-- This site is optimized with the Yoast SEO plugin v26.1.1 - https:\/\/yoast.com\/wordpress\/plugins\/seo\/ -->\n<title>Ministerul Muncii organizeaz\u0103 mar\u0163i primul T\u00e2rg de oferte de formare profesional\u0103 - Carpathia Center Romania<\/title>\n<meta name=\"robots\" content=\"index, follow, max-snippet:-1, max-image-preview:large, max-video-preview:-1\" \/>\n<link rel=\"canonical\" href=\"https:\/\/carpathiacenter.ro\/en\/ministerul-muncii-organizeaza-marti-primul-targ-de-oferte-de-formare-profesionala\/\" \/>\n<meta property=\"og:locale\" content=\"en_GB\" \/>\n<meta property=\"og:type\" content=\"article\" \/>\n<meta property=\"og:title\" content=\"Ministerul Muncii organizeaz\u0103 mar\u0163i primul T\u00e2rg de oferte de formare profesional\u0103 - Carpathia Center Romania\" \/>\n<meta property=\"og:description\" content=\"Ministerul Muncii \u015fi Solidarit\u0103\u0163ii Sociale, \u00een calitatea sa de Coordonator na\u0163ional al Agendei Europene pentru \u00eenv\u0103\u0163area \u00een r\u00e2ndul adul\u0163ilor, organizeaz\u0103 mar\u0163i, 22 octombrie 2024, primul T\u00e2rg de oferte de formare, un eveniment dedicat tuturor adul\u0163ilor interesa\u0163i s\u0103 \u00ee\u015fi dezvolte competen\u0163ele profesionale \u015fi personale. &#8220;Evenimentul reune\u015fte peste 20 de furnizori de formare profesional\u0103, centre de formare,...\" \/>\n<meta property=\"og:url\" content=\"https:\/\/carpathiacenter.ro\/en\/ministerul-muncii-organizeaza-marti-primul-targ-de-oferte-de-formare-profesionala\/\" \/>\n<meta property=\"og:site_name\" content=\"Carpathia Center Romania\" \/>\n<meta property=\"article:publisher\" content=\"https:\/\/www.facebook.com\/fdpscarpathia\/\" \/>\n<meta property=\"article:published_time\" content=\"2024-10-21T20:02:17+00:00\" \/>\n<meta property=\"og:image\" content=\"https:\/\/carpathiacenter.ro\/wp-content\/uploads\/2024\/10\/ministerul-muncii-organizeaza-marti-primul-targ-de-oferte-de-formare-profesionala-1000x600-1.jpg\" \/>\n\t<meta property=\"og:image:width\" content=\"1000\" \/>\n\t<meta property=\"og:image:height\" content=\"600\" \/>\n\t<meta property=\"og:image:type\" content=\"image\/jpeg\" \/>\n<meta name=\"author\" content=\"creativebitsolutions\" \/>\n<meta name=\"twitter:card\" content=\"summary_large_image\" \/>\n<meta name=\"twitter:label1\" content=\"Written by\" \/>\n\t<meta name=\"twitter:data1\" content=\"creativebitsolutions\" \/>\n\t<meta name=\"twitter:label2\" content=\"Estimated reading time\" \/>\n\t<meta name=\"twitter:data2\" content=\"2 minutes\" \/>\n<script type=\"application\/ld+json\" class=\"yoast-schema-graph\">{\"@context\":\"https:\/\/schema.org\",\"@graph\":[{\"@type\":\"Article\",\"@id\":\"https:\/\/carpathiacenter.ro\/ministerul-muncii-organizeaza-marti-primul-targ-de-oferte-de-formare-profesionala\/#article\",\"isPartOf\":{\"@id\":\"https:\/\/carpathiacenter.ro\/ministerul-muncii-organizeaza-marti-primul-targ-de-oferte-de-formare-profesionala\/\"},\"author\":{\"name\":\"creativebitsolutions\",\"@id\":\"https:\/\/carpathiacenter.ro\/#\/schema\/person\/03d9f58202fee8379268f34afa195006\"},\"headline\":\"Ministerul Muncii organizeaz\u0103 mar\u0163i primul T\u00e2rg de oferte de formare profesional\u0103\",\"datePublished\":\"2024-10-21T20:02:17+00:00\",\"mainEntityOfPage\":{\"@id\":\"https:\/\/carpathiacenter.ro\/ministerul-muncii-organizeaza-marti-primul-targ-de-oferte-de-formare-profesionala\/\"},\"wordCount\":422,\"commentCount\":0,\"publisher\":{\"@id\":\"https:\/\/carpathiacenter.ro\/#organization\"},\"image\":{\"@id\":\"https:\/\/carpathiacenter.ro\/ministerul-muncii-organizeaza-marti-primul-targ-de-oferte-de-formare-profesionala\/#primaryimage\"},\"thumbnailUrl\":\"https:\/\/carpathiacenter.ro\/wp-content\/uploads\/2024\/10\/ministerul-muncii-organizeaza-marti-primul-targ-de-oferte-de-formare-profesionala-1000x600-1.jpg\",\"articleSection\":[\"Uncategorized\"],\"inLanguage\":\"en-GB\",\"potentialAction\":[{\"@type\":\"CommentAction\",\"name\":\"Comment\",\"target\":[\"https:\/\/carpathiacenter.ro\/ministerul-muncii-organizeaza-marti-primul-targ-de-oferte-de-formare-profesionala\/#respond\"]}]},{\"@type\":\"WebPage\",\"@id\":\"https:\/\/carpathiacenter.ro\/ministerul-muncii-organizeaza-marti-primul-targ-de-oferte-de-formare-profesionala\/\",\"url\":\"https:\/\/carpathiacenter.ro\/ministerul-muncii-organizeaza-marti-primul-targ-de-oferte-de-formare-profesionala\/\",\"name\":\"Ministerul Muncii organizeaz\u0103 mar\u0163i primul T\u00e2rg de oferte de formare profesional\u0103 - Carpathia Center Romania\",\"isPartOf\":{\"@id\":\"https:\/\/carpathiacenter.ro\/#website\"},\"primaryImageOfPage\":{\"@id\":\"https:\/\/carpathiacenter.ro\/ministerul-muncii-organizeaza-marti-primul-targ-de-oferte-de-formare-profesionala\/#primaryimage\"},\"image\":{\"@id\":\"https:\/\/carpathiacenter.ro\/ministerul-muncii-organizeaza-marti-primul-targ-de-oferte-de-formare-profesionala\/#primaryimage\"},\"thumbnailUrl\":\"https:\/\/carpathiacenter.ro\/wp-content\/uploads\/2024\/10\/ministerul-muncii-organizeaza-marti-primul-targ-de-oferte-de-formare-profesionala-1000x600-1.jpg\",\"datePublished\":\"2024-10-21T20:02:17+00:00\",\"breadcrumb\":{\"@id\":\"https:\/\/carpathiacenter.ro\/ministerul-muncii-organizeaza-marti-primul-targ-de-oferte-de-formare-profesionala\/#breadcrumb\"},\"inLanguage\":\"en-GB\",\"potentialAction\":[{\"@type\":\"ReadAction\",\"target\":[\"https:\/\/carpathiacenter.ro\/ministerul-muncii-organizeaza-marti-primul-targ-de-oferte-de-formare-profesionala\/\"]}]},{\"@type\":\"ImageObject\",\"inLanguage\":\"en-GB\",\"@id\":\"https:\/\/carpathiacenter.ro\/ministerul-muncii-organizeaza-marti-primul-targ-de-oferte-de-formare-profesionala\/#primaryimage\",\"url\":\"https:\/\/carpathiacenter.ro\/wp-content\/uploads\/2024\/10\/ministerul-muncii-organizeaza-marti-primul-targ-de-oferte-de-formare-profesionala-1000x600-1.jpg\",\"contentUrl\":\"https:\/\/carpathiacenter.ro\/wp-content\/uploads\/2024\/10\/ministerul-muncii-organizeaza-marti-primul-targ-de-oferte-de-formare-profesionala-1000x600-1.jpg\",\"width\":1000,\"height\":600},{\"@type\":\"BreadcrumbList\",\"@id\":\"https:\/\/carpathiacenter.ro\/ministerul-muncii-organizeaza-marti-primul-targ-de-oferte-de-formare-profesionala\/#breadcrumb\",\"itemListElement\":[{\"@type\":\"ListItem\",\"position\":1,\"name\":\"Prima pagin\u0103\",\"item\":\"https:\/\/carpathiacenter.ro\/\"},{\"@type\":\"ListItem\",\"position\":2,\"name\":\"Ministerul Muncii organizeaz\u0103 mar\u0163i primul T\u00e2rg de oferte de formare profesional\u0103\"}]},{\"@type\":\"WebSite\",\"@id\":\"https:\/\/carpathiacenter.ro\/#website\",\"url\":\"https:\/\/carpathiacenter.ro\/\",\"name\":\"Carpathia Center Romania\",\"description\":\"Impossible made possible!\",\"publisher\":{\"@id\":\"https:\/\/carpathiacenter.ro\/#organization\"},\"potentialAction\":[{\"@type\":\"SearchAction\",\"target\":{\"@type\":\"EntryPoint\",\"urlTemplate\":\"https:\/\/carpathiacenter.ro\/?s={search_term_string}\"},\"query-input\":{\"@type\":\"PropertyValueSpecification\",\"valueRequired\":true,\"valueName\":\"search_term_string\"}}],\"inLanguage\":\"en-GB\"},{\"@type\":\"Organization\",\"@id\":\"https:\/\/carpathiacenter.ro\/#organization\",\"name\":\"Carpathia Center Romania\",\"url\":\"https:\/\/carpathiacenter.ro\/\",\"logo\":{\"@type\":\"ImageObject\",\"inLanguage\":\"en-GB\",\"@id\":\"https:\/\/carpathiacenter.ro\/#\/schema\/logo\/image\/\",\"url\":\"https:\/\/carpathiacenter.ro\/wp-content\/uploads\/2024\/07\/logo-carpathia_bg_white-1024x941.png\",\"contentUrl\":\"https:\/\/carpathiacenter.ro\/wp-content\/uploads\/2024\/07\/logo-carpathia_bg_white-1024x941.png\",\"width\":1024,\"height\":941,\"caption\":\"Carpathia Center Romania\"},\"image\":{\"@id\":\"https:\/\/carpathiacenter.ro\/#\/schema\/logo\/image\/\"},\"sameAs\":[\"https:\/\/www.facebook.com\/fdpscarpathia\/\"]},{\"@type\":\"Person\",\"@id\":\"https:\/\/carpathiacenter.ro\/#\/schema\/person\/03d9f58202fee8379268f34afa195006\",\"name\":\"creativebitsolutions\",\"image\":{\"@type\":\"ImageObject\",\"inLanguage\":\"en-GB\",\"@id\":\"https:\/\/carpathiacenter.ro\/#\/schema\/person\/image\/\",\"url\":\"https:\/\/secure.gravatar.com\/avatar\/1b1a13e37f847c635dab78348f1dff2f07651ee2a3d77a5c355a4b8c75f9165a?s=96&d=mm&r=g\",\"contentUrl\":\"https:\/\/secure.gravatar.com\/avatar\/1b1a13e37f847c635dab78348f1dff2f07651ee2a3d77a5c355a4b8c75f9165a?s=96&d=mm&r=g\",\"caption\":\"creativebitsolutions\"},\"url\":\"https:\/\/carpathiacenter.ro\/en\/author\/creativebitsolutions\/\"}]}<\/script>\n<!-- \/ Yoast SEO plugin. -->","yoast_head_json":{"title":"Ministerul Muncii organizeaz\u0103 mar\u0163i primul T\u00e2rg de oferte de formare profesional\u0103 - Carpathia Center Romania","robots":{"index":"index","follow":"follow","max-snippet":"max-snippet:-1","max-image-preview":"max-image-preview:large","max-video-preview":"max-video-preview:-1"},"canonical":"https:\/\/carpathiacenter.ro\/en\/ministerul-muncii-organizeaza-marti-primul-targ-de-oferte-de-formare-profesionala\/","og_locale":"en_GB","og_type":"article","og_title":"Ministerul Muncii organizeaz\u0103 mar\u0163i primul T\u00e2rg de oferte de formare profesional\u0103 - Carpathia Center Romania","og_description":"Ministerul Muncii \u015fi Solidarit\u0103\u0163ii Sociale, \u00een calitatea sa de Coordonator na\u0163ional al Agendei Europene pentru \u00eenv\u0103\u0163area \u00een r\u00e2ndul adul\u0163ilor, organizeaz\u0103 mar\u0163i, 22 octombrie 2024, primul T\u00e2rg de oferte de formare, un eveniment dedicat tuturor adul\u0163ilor interesa\u0163i s\u0103 \u00ee\u015fi dezvolte competen\u0163ele profesionale \u015fi personale. &#8220;Evenimentul reune\u015fte peste 20 de furnizori de formare profesional\u0103, centre de formare,...","og_url":"https:\/\/carpathiacenter.ro\/en\/ministerul-muncii-organizeaza-marti-primul-targ-de-oferte-de-formare-profesionala\/","og_site_name":"Carpathia Center Romania","article_publisher":"https:\/\/www.facebook.com\/fdpscarpathia\/","article_published_time":"2024-10-21T20:02:17+00:00","og_image":[{"width":1000,"height":600,"url":"https:\/\/carpathiacenter.ro\/wp-content\/uploads\/2024\/10\/ministerul-muncii-organizeaza-marti-primul-targ-de-oferte-de-formare-profesionala-1000x600-1.jpg","type":"image\/jpeg"}],"author":"creativebitsolutions","twitter_card":"summary_large_image","twitter_misc":{"Written by":"creativebitsolutions","Estimated reading time":"2 minutes"},"schema":{"@context":"https:\/\/schema.org","@graph":[{"@type":"Article","@id":"https:\/\/carpathiacenter.ro\/ministerul-muncii-organizeaza-marti-primul-targ-de-oferte-de-formare-profesionala\/#article","isPartOf":{"@id":"https:\/\/carpathiacenter.ro\/ministerul-muncii-organizeaza-marti-primul-targ-de-oferte-de-formare-profesionala\/"},"author":{"name":"creativebitsolutions","@id":"https:\/\/carpathiacenter.ro\/#\/schema\/person\/03d9f58202fee8379268f34afa195006"},"headline":"Ministerul Muncii organizeaz\u0103 mar\u0163i primul T\u00e2rg de oferte de formare profesional\u0103","datePublished":"2024-10-21T20:02:17+00:00","mainEntityOfPage":{"@id":"https:\/\/carpathiacenter.ro\/ministerul-muncii-organizeaza-marti-primul-targ-de-oferte-de-formare-profesionala\/"},"wordCount":422,"commentCount":0,"publisher":{"@id":"https:\/\/carpathiacenter.ro\/#organization"},"image":{"@id":"https:\/\/carpathiacenter.ro\/ministerul-muncii-organizeaza-marti-primul-targ-de-oferte-de-formare-profesionala\/#primaryimage"},"thumbnailUrl":"https:\/\/carpathiacenter.ro\/wp-content\/uploads\/2024\/10\/ministerul-muncii-organizeaza-marti-primul-targ-de-oferte-de-formare-profesionala-1000x600-1.jpg","articleSection":["Uncategorized"],"inLanguage":"en-GB","potentialAction":[{"@type":"CommentAction","name":"Comment","target":["https:\/\/carpathiacenter.ro\/ministerul-muncii-organizeaza-marti-primul-targ-de-oferte-de-formare-profesionala\/#respond"]}]},{"@type":"WebPage","@id":"https:\/\/carpathiacenter.ro\/ministerul-muncii-organizeaza-marti-primul-targ-de-oferte-de-formare-profesionala\/","url":"https:\/\/carpathiacenter.ro\/ministerul-muncii-organizeaza-marti-primul-targ-de-oferte-de-formare-profesionala\/","name":"Ministerul Muncii organizeaz\u0103 mar\u0163i primul T\u00e2rg de oferte de formare profesional\u0103 - Carpathia Center Romania","isPartOf":{"@id":"https:\/\/carpathiacenter.ro\/#website"},"primaryImageOfPage":{"@id":"https:\/\/carpathiacenter.ro\/ministerul-muncii-organizeaza-marti-primul-targ-de-oferte-de-formare-profesionala\/#primaryimage"},"image":{"@id":"https:\/\/carpathiacenter.ro\/ministerul-muncii-organizeaza-marti-primul-targ-de-oferte-de-formare-profesionala\/#primaryimage"},"thumbnailUrl":"https:\/\/carpathiacenter.ro\/wp-content\/uploads\/2024\/10\/ministerul-muncii-organizeaza-marti-primul-targ-de-oferte-de-formare-profesionala-1000x600-1.jpg","datePublished":"2024-10-21T20:02:17+00:00","breadcrumb":{"@id":"https:\/\/carpathiacenter.ro\/ministerul-muncii-organizeaza-marti-primul-targ-de-oferte-de-formare-profesionala\/#breadcrumb"},"inLanguage":"en-GB","potentialAction":[{"@type":"ReadAction","target":["https:\/\/carpathiacenter.ro\/ministerul-muncii-organizeaza-marti-primul-targ-de-oferte-de-formare-profesionala\/"]}]},{"@type":"ImageObject","inLanguage":"en-GB","@id":"https:\/\/carpathiacenter.ro\/ministerul-muncii-organizeaza-marti-primul-targ-de-oferte-de-formare-profesionala\/#primaryimage","url":"https:\/\/carpathiacenter.ro\/wp-content\/uploads\/2024\/10\/ministerul-muncii-organizeaza-marti-primul-targ-de-oferte-de-formare-profesionala-1000x600-1.jpg","contentUrl":"https:\/\/carpathiacenter.ro\/wp-content\/uploads\/2024\/10\/ministerul-muncii-organizeaza-marti-primul-targ-de-oferte-de-formare-profesionala-1000x600-1.jpg","width":1000,"height":600},{"@type":"BreadcrumbList","@id":"https:\/\/carpathiacenter.ro\/ministerul-muncii-organizeaza-marti-primul-targ-de-oferte-de-formare-profesionala\/#breadcrumb","itemListElement":[{"@type":"ListItem","position":1,"name":"Prima pagin\u0103","item":"https:\/\/carpathiacenter.ro\/"},{"@type":"ListItem","position":2,"name":"Ministerul Muncii organizeaz\u0103 mar\u0163i primul T\u00e2rg de oferte de formare profesional\u0103"}]},{"@type":"WebSite","@id":"https:\/\/carpathiacenter.ro\/#website","url":"https:\/\/carpathiacenter.ro\/","name":"Carpathia Center Romania","description":"Impossible made possible!","publisher":{"@id":"https:\/\/carpathiacenter.ro\/#organization"},"potentialAction":[{"@type":"SearchAction","target":{"@type":"EntryPoint","urlTemplate":"https:\/\/carpathiacenter.ro\/?s={search_term_string}"},"query-input":{"@type":"PropertyValueSpecification","valueRequired":true,"valueName":"search_term_string"}}],"inLanguage":"en-GB"},{"@type":"Organization","@id":"https:\/\/carpathiacenter.ro\/#organization","name":"Carpathia Center Romania","url":"https:\/\/carpathiacenter.ro\/","logo":{"@type":"ImageObject","inLanguage":"en-GB","@id":"https:\/\/carpathiacenter.ro\/#\/schema\/logo\/image\/","url":"https:\/\/carpathiacenter.ro\/wp-content\/uploads\/2024\/07\/logo-carpathia_bg_white-1024x941.png","contentUrl":"https:\/\/carpathiacenter.ro\/wp-content\/uploads\/2024\/07\/logo-carpathia_bg_white-1024x941.png","width":1024,"height":941,"caption":"Carpathia Center Romania"},"image":{"@id":"https:\/\/carpathiacenter.ro\/#\/schema\/logo\/image\/"},"sameAs":["https:\/\/www.facebook.com\/fdpscarpathia\/"]},{"@type":"Person","@id":"https:\/\/carpathiacenter.ro\/#\/schema\/person\/03d9f58202fee8379268f34afa195006","name":"creativebitsolutions","image":{"@type":"ImageObject","inLanguage":"en-GB","@id":"https:\/\/carpathiacenter.ro\/#\/schema\/person\/image\/","url":"https:\/\/secure.gravatar.com\/avatar\/1b1a13e37f847c635dab78348f1dff2f07651ee2a3d77a5c355a4b8c75f9165a?s=96&d=mm&r=g","contentUrl":"https:\/\/secure.gravatar.com\/avatar\/1b1a13e37f847c635dab78348f1dff2f07651ee2a3d77a5c355a4b8c75f9165a?s=96&d=mm&r=g","caption":"creativebitsolutions"},"url":"https:\/\/carpathiacenter.ro\/en\/author\/creativebitsolutions\/"}]}},"_links":{"self":[{"href":"https:\/\/carpathiacenter.ro\/en\/wp-json\/wp\/v2\/posts\/1429","targetHints":{"allow":["GET"]}}],"collection":[{"href":"https:\/\/carpathiacenter.ro\/en\/wp-json\/wp\/v2\/posts"}],"about":[{"href":"https:\/\/carpathiacenter.ro\/en\/wp-json\/wp\/v2\/types\/post"}],"author":[{"embeddable":true,"href":"https:\/\/carpathiacenter.ro\/en\/wp-json\/wp\/v2\/users\/4"}],"replies":[{"embeddable":true,"href":"https:\/\/carpathiacenter.ro\/en\/wp-json\/wp\/v2\/comments?post=1429"}],"version-history":[{"count":1,"href":"https:\/\/carpathiacenter.ro\/en\/wp-json\/wp\/v2\/posts\/1429\/revisions"}],"predecessor-version":[{"id":1431,"href":"https:\/\/carpathiacenter.ro\/en\/wp-json\/wp\/v2\/posts\/1429\/revisions\/1431"}],"wp:featuredmedia":[{"embeddable":true,"href":"https:\/\/carpathiacenter.ro\/en\/wp-json\/wp\/v2\/media\/1430"}],"wp:attachment":[{"href":"https:\/\/carpathiacenter.ro\/en\/wp-json\/wp\/v2\/media?parent=1429"}],"wp:term":[{"taxonomy":"category","embeddable":true,"href":"https:\/\/carpathiacenter.ro\/en\/wp-json\/wp\/v2\/categories?post=1429"},{"taxonomy":"post_tag","embeddable":true,"href":"https:\/\/carpathiacenter.ro\/en\/wp-json\/wp\/v2\/tags?post=1429"}],"curies":[{"name":"wp","href":"https:\/\/api.w.org\/{rel}","templated":true}]}}