{"id":1427,"date":"2024-10-21T20:01:01","date_gmt":"2024-10-21T20:01:01","guid":{"rendered":"https:\/\/carpathiacenter.ro\/?p=1427"},"modified":"2024-10-21T20:01:01","modified_gmt":"2024-10-21T20:01:01","slug":"mircea-geoana-veniti-la-vot-in-numar-cat-mai-mare-la-primul-tur-este-decisiv","status":"publish","type":"post","link":"https:\/\/carpathiacenter.ro\/en\/mircea-geoana-veniti-la-vot-in-numar-cat-mai-mare-la-primul-tur-este-decisiv\/","title":{"rendered":"Mircea Geoan\u0103: Veni\u0163i la vot \u00een num\u0103r c\u00e2t mai mare la primul tur; este decisiv"},"content":{"rendered":"<div class=\"description_articol\">\n<p>Candidatul independent la Pre\u015fedin\u0163ia Rom\u00e2niei, Mircea Geoan\u0103, a f\u0103cut apel la electoratul rom\u00e2n \u015fi la diaspora basarabean\u0103 cu dubl\u0103 cet\u0103\u0163enie \u015fi cea rom\u00e2neasc\u0103 din Europa s\u0103 vin\u0103 \u00een num\u0103r mare la primul tur al alegerilor preziden\u0163iale, din 24 noiembrie, pentru c\u0103, \u00een opinia sa, spre deosebire de celelalte preziden\u0163iale, de aceast\u0103 dat\u0103 &#8220;adev\u0103rata final\u0103 se joac\u0103 \u00een turul \u00eent\u00e2i&#8221;.<\/p>\n<p>&#8220;A\u015f vrea s\u0103 fac un apel de aici, de la Timi\u015foara, \u015fi c\u0103tre cei de acas\u0103 \u015fi c\u0103tre diaspora basarabean\u0103 cu dubl\u0103 cet\u0103\u0163enie, c\u0103tre masiva diaspor\u0103 rom\u00e2neasc\u0103 din Europa \u015fi din toat\u0103 lumea asta. Veni\u0163i la vot \u00een num\u0103r mare din primul tur. Pentru c\u0103 la aceste alegeri, spre deosebire de celelalte din ultimii 35 de ani, adev\u0103rata final\u0103 se joac\u0103 \u00een turul \u00eent\u00e2i, nu \u00een turul doi&#8221;, a afirmat Mircea Geoan\u0103 \u00een cadrul unei dezbateri publice cu cet\u0103\u0163enii jude\u0163ului, prilejuit\u0103 de lansarea ofertei politice &#8220;Angajamentului Meu pentru Rom\u00e2nia&#8221;.<\/p>\n<p>El a subliniat c\u0103 exist\u0103 o situa\u0163ie inedit\u0103 la aceste alegeri pentru Cotroceni, at\u00e2t prin apari\u0163ia unui candidat independent cu \u015fanse, cum este, \u00een opinia sa, cazul lui, dar \u015fi pentru c\u0103 exist\u0103 o situa\u0163ie destul de complex\u0103, inspirat\u0103 din modelul alegerilor preziden\u0163iale din anul 2000.<\/p>\n<p>De aceast\u0103 dat\u0103, &#8220;scenariul&#8221; ar fi, potrivit lui Geoan\u0103, ca \u00een turul doi s\u0103 intre candidatul PSD, Marcel Ciolacu, \u015fi cel al AUR, George Simion, pentru ca la Cotroceni s\u0103 ajung\u0103 Marcel Ciolacu.<\/p>\n<p>&#8220;Eu v\u0103d acum, \u00een Rom\u00e2nia, un fel de combina\u0163ie \u00eentre anul 2000, cu alegeri Iliescu &#8211; Vadim \u015fi anul 2009, \u00een pragul crizei financiar-bugetare \u015fi austerit\u0103\u0163ii cumplite care a venit dup\u0103 ce, tot \u00een an electoral, tot \u00een an de alegeri preziden\u0163iale, Guvernul de atunci s-a pref\u0103cut c\u0103 nu avem deficite, c\u0103 economia merge \u015fi imediat dup\u0103 alegeri a venit scaden\u0163a \u015fi socoteala. Este un plan activ. (&#8230;) Cred c\u0103 este mai important s\u0103 \u00ee\u0163i p\u0103strezi reputa\u0163ia \u015fi s\u0103 mergi mai departe ca partid proeuropean (PSD &#8211; n.r.), dec\u00e2t s\u0103 fii suspectat sau s\u0103 intri \u00eentr-o combina\u0163ie care nu face bine, este toxic\u0103 \u015fi pentru care vor pl\u0103ti eventual un pre\u0163 mai mare dec\u00e2t se justific\u0103. Vreau s\u0103 fac de asemenea un apel \u015fi c\u0103tre votan\u0163ii altor partide. Sper s\u0103 m\u0103 voteze pe mine. PNL este partid important. PNL este util pentru democra\u0163ia rom\u00e2neasc\u0103 s\u0103 fac\u0103 un scor la parlamentare c\u00e2t mai mare&#8221;, a detaliat Mircea Geoan\u0103.<\/p>\n<p>\u00cen alt\u0103 ordine de idei, el a ar\u0103tat c\u0103 trebuie g\u00e2ndit extrem de serios modelul economic \u015fi contractul social, dar \u015fi rolul Rom\u00e2niei \u00een Europa \u015fi \u00een lume.<\/p>\n<p>&#8220;Angajamentul meu pentru Rom\u00e2nia: o reform\u0103 real\u0103 a sistemului politic \u015fi esen\u0163a candidaturii mele ca independent, cu sprijinul mi\u015fc\u0103rii Rom\u00e2nia Rena\u015fte (&#8230;). Rom\u00e2nia, \u00een ace\u015fti 20 de ani de la integrarea european\u0103, a avut o cre\u015ftere economic\u0103 spectaculoas\u0103. Fa\u0163\u0103 de 2004, c\u00e2nd am p\u0103r\u0103sit eu guvernarea, PIB-ul Rom\u00e2niei a crescut de 4,5 ori, printre cele mai mari rate de cre\u015ftere din Europa. Este un lucru formidabil de interesant \u015fi de util \u015fi trebuie aplaudat. Paradoxul rom\u00e2nesc este c\u0103 \u00een condi\u0163iile \u00een care am crescut economic spectaculos, \u0163ara nu s-a dezvoltat&#8221;, a afirmat Geoan\u0103.<\/p>\n<p>Potrivit acestuia, politica extern\u0103 va deveni una &#8220;extrem de viguroas\u0103&#8221; dac\u0103 va deveni el pre\u015fedintele Rom\u00e2niei, respectuoas\u0103 fa\u0163\u0103 de alian\u0163ele din care face parte, dar mult mai pragmatic\u0103 \u015fi mai orientat\u0103 pe rezultat.<\/p>\n<p>&#8220;Vom ridica parteneriatele noastre principale la un alt un nivel. Pe cel cu SUA, pe care l-am conceput \u015fi l-am \u00eenceput ca foarte t\u00e2n\u0103r ambasador, am vorbit s\u0103 avem un tratat bilateral cu Fran\u0163a, s\u0103 intr\u0103m \u00eentr-o rela\u0163ie de parteneriat \u015fi de tratat bilateral cu Spania, Rom\u00e2nia s\u0103 adere la trendul de la Weimar, care ast\u0103zi func\u0163ioneaz\u0103 \u00eentre Germania, Polonia \u015fi Fran\u0163a. Natural, Rom\u00e2nia este al patrulea juc\u0103tor: Germania, Polonia, Fran\u0163a, Rom\u00e2nia. Trebuie s\u0103 ducem \u015fi rela\u0163iile noastre externe la nivelul urm\u0103tor, cu acela\u015fi scop. Mai multe joburi, mai mul\u0163i bani, mai mult\u0103 dezvoltare, mai mult respect, mai mult\u0103 influen\u0163\u0103. Asta \u00eenseamn\u0103 o na\u0163iune ambi\u0163ioas\u0103 \u015fi care \u00ee\u015fi pune toate resursele la treab\u0103&#8221;, a subliniat Mircea Geoan\u0103. AGERPRES\/(A &#8211; autor: Otilia Halunga, editor: Antonia Ni\u0163\u0103, editor online: Ady Iva\u015fcu)<\/p>\n<p>Sursa:https:\/\/www.agerpres.ro\/politica\/2024\/10\/21\/mircea-geoana-veniti-la-vot-in-numar-cat-mai-mare-la-primul-tur-este-decisiv&#8211;1374449<\/p>\n<\/div>","protected":false},"excerpt":{"rendered":"<p>Candidatul independent la Pre\u015fedin\u0163ia Rom\u00e2niei, Mircea Geoan\u0103, a f\u0103cut apel la electoratul rom\u00e2n \u015fi la diaspora basarabean\u0103 cu dubl\u0103 cet\u0103\u0163enie \u015fi cea rom\u00e2neasc\u0103 din Europa s\u0103 vin\u0103 \u00een num\u0103r mare la primul tur al alegerilor preziden\u0163iale, din 24 noiembrie, pentru c\u0103, \u00een opinia sa, spre deosebire de celelalte preziden\u0163iale, de aceast\u0103 dat\u0103 &#8220;adev\u0103rata final\u0103 se&#8230;<\/p>","protected":false},"author":4,"featured_media":1091,"comment_status":"open","ping_status":"open","sticky":false,"template":"","format":"standard","meta":{"footnotes":""},"categories":[1],"tags":[],"class_list":["post-1427","post","type-post","status-publish","format-standard","has-post-thumbnail","hentry","category-uncategorized"],"yoast_head":"<!-- This site is optimized with the Yoast SEO plugin v26.1.1 - https:\/\/yoast.com\/wordpress\/plugins\/seo\/ -->\n<title>Mircea Geoan\u0103: Veni\u0163i la vot \u00een num\u0103r c\u00e2t mai mare la primul tur; este decisiv - Carpathia Center Romania<\/title>\n<meta name=\"robots\" content=\"index, follow, max-snippet:-1, max-image-preview:large, max-video-preview:-1\" \/>\n<link rel=\"canonical\" href=\"https:\/\/carpathiacenter.ro\/en\/mircea-geoana-veniti-la-vot-in-numar-cat-mai-mare-la-primul-tur-este-decisiv\/\" \/>\n<meta property=\"og:locale\" content=\"en_GB\" \/>\n<meta property=\"og:type\" content=\"article\" \/>\n<meta property=\"og:title\" content=\"Mircea Geoan\u0103: Veni\u0163i la vot \u00een num\u0103r c\u00e2t mai mare la primul tur; este decisiv - Carpathia Center Romania\" \/>\n<meta property=\"og:description\" content=\"Candidatul independent la Pre\u015fedin\u0163ia Rom\u00e2niei, Mircea Geoan\u0103, a f\u0103cut apel la electoratul rom\u00e2n \u015fi la diaspora basarabean\u0103 cu dubl\u0103 cet\u0103\u0163enie \u015fi cea rom\u00e2neasc\u0103 din Europa s\u0103 vin\u0103 \u00een num\u0103r mare la primul tur al alegerilor preziden\u0163iale, din 24 noiembrie, pentru c\u0103, \u00een opinia sa, spre deosebire de celelalte preziden\u0163iale, de aceast\u0103 dat\u0103 &#8220;adev\u0103rata final\u0103 se...\" \/>\n<meta property=\"og:url\" content=\"https:\/\/carpathiacenter.ro\/en\/mircea-geoana-veniti-la-vot-in-numar-cat-mai-mare-la-primul-tur-este-decisiv\/\" \/>\n<meta property=\"og:site_name\" content=\"Carpathia Center Romania\" \/>\n<meta property=\"article:publisher\" content=\"https:\/\/www.facebook.com\/fdpscarpathia\/\" \/>\n<meta property=\"article:published_time\" content=\"2024-10-21T20:01:01+00:00\" \/>\n<meta property=\"og:image\" content=\"https:\/\/carpathiacenter.ro\/wp-content\/uploads\/2024\/08\/mircea-geoana-scaled-1.jpg\" \/>\n\t<meta property=\"og:image:width\" content=\"2560\" \/>\n\t<meta property=\"og:image:height\" content=\"1707\" \/>\n\t<meta property=\"og:image:type\" content=\"image\/jpeg\" \/>\n<meta name=\"author\" content=\"creativebitsolutions\" \/>\n<meta name=\"twitter:card\" content=\"summary_large_image\" \/>\n<meta name=\"twitter:label1\" content=\"Written by\" \/>\n\t<meta name=\"twitter:data1\" content=\"creativebitsolutions\" \/>\n\t<meta name=\"twitter:label2\" content=\"Estimated reading time\" \/>\n\t<meta name=\"twitter:data2\" content=\"4 minutes\" \/>\n<script type=\"application\/ld+json\" class=\"yoast-schema-graph\">{\"@context\":\"https:\/\/schema.org\",\"@graph\":[{\"@type\":\"Article\",\"@id\":\"https:\/\/carpathiacenter.ro\/mircea-geoana-veniti-la-vot-in-numar-cat-mai-mare-la-primul-tur-este-decisiv\/#article\",\"isPartOf\":{\"@id\":\"https:\/\/carpathiacenter.ro\/mircea-geoana-veniti-la-vot-in-numar-cat-mai-mare-la-primul-tur-este-decisiv\/\"},\"author\":{\"name\":\"creativebitsolutions\",\"@id\":\"https:\/\/carpathiacenter.ro\/#\/schema\/person\/03d9f58202fee8379268f34afa195006\"},\"headline\":\"Mircea Geoan\u0103: Veni\u0163i la vot \u00een num\u0103r c\u00e2t mai mare la primul tur; este decisiv\",\"datePublished\":\"2024-10-21T20:01:01+00:00\",\"mainEntityOfPage\":{\"@id\":\"https:\/\/carpathiacenter.ro\/mircea-geoana-veniti-la-vot-in-numar-cat-mai-mare-la-primul-tur-este-decisiv\/\"},\"wordCount\":774,\"commentCount\":0,\"publisher\":{\"@id\":\"https:\/\/carpathiacenter.ro\/#organization\"},\"image\":{\"@id\":\"https:\/\/carpathiacenter.ro\/mircea-geoana-veniti-la-vot-in-numar-cat-mai-mare-la-primul-tur-este-decisiv\/#primaryimage\"},\"thumbnailUrl\":\"https:\/\/carpathiacenter.ro\/wp-content\/uploads\/2024\/08\/mircea-geoana-scaled-1.jpg\",\"articleSection\":[\"Uncategorized\"],\"inLanguage\":\"en-GB\",\"potentialAction\":[{\"@type\":\"CommentAction\",\"name\":\"Comment\",\"target\":[\"https:\/\/carpathiacenter.ro\/mircea-geoana-veniti-la-vot-in-numar-cat-mai-mare-la-primul-tur-este-decisiv\/#respond\"]}]},{\"@type\":\"WebPage\",\"@id\":\"https:\/\/carpathiacenter.ro\/mircea-geoana-veniti-la-vot-in-numar-cat-mai-mare-la-primul-tur-este-decisiv\/\",\"url\":\"https:\/\/carpathiacenter.ro\/mircea-geoana-veniti-la-vot-in-numar-cat-mai-mare-la-primul-tur-este-decisiv\/\",\"name\":\"Mircea Geoan\u0103: Veni\u0163i la vot \u00een num\u0103r c\u00e2t mai mare la primul tur; este decisiv - Carpathia Center Romania\",\"isPartOf\":{\"@id\":\"https:\/\/carpathiacenter.ro\/#website\"},\"primaryImageOfPage\":{\"@id\":\"https:\/\/carpathiacenter.ro\/mircea-geoana-veniti-la-vot-in-numar-cat-mai-mare-la-primul-tur-este-decisiv\/#primaryimage\"},\"image\":{\"@id\":\"https:\/\/carpathiacenter.ro\/mircea-geoana-veniti-la-vot-in-numar-cat-mai-mare-la-primul-tur-este-decisiv\/#primaryimage\"},\"thumbnailUrl\":\"https:\/\/carpathiacenter.ro\/wp-content\/uploads\/2024\/08\/mircea-geoana-scaled-1.jpg\",\"datePublished\":\"2024-10-21T20:01:01+00:00\",\"breadcrumb\":{\"@id\":\"https:\/\/carpathiacenter.ro\/mircea-geoana-veniti-la-vot-in-numar-cat-mai-mare-la-primul-tur-este-decisiv\/#breadcrumb\"},\"inLanguage\":\"en-GB\",\"potentialAction\":[{\"@type\":\"ReadAction\",\"target\":[\"https:\/\/carpathiacenter.ro\/mircea-geoana-veniti-la-vot-in-numar-cat-mai-mare-la-primul-tur-este-decisiv\/\"]}]},{\"@type\":\"ImageObject\",\"inLanguage\":\"en-GB\",\"@id\":\"https:\/\/carpathiacenter.ro\/mircea-geoana-veniti-la-vot-in-numar-cat-mai-mare-la-primul-tur-este-decisiv\/#primaryimage\",\"url\":\"https:\/\/carpathiacenter.ro\/wp-content\/uploads\/2024\/08\/mircea-geoana-scaled-1.jpg\",\"contentUrl\":\"https:\/\/carpathiacenter.ro\/wp-content\/uploads\/2024\/08\/mircea-geoana-scaled-1.jpg\",\"width\":2560,\"height\":1707},{\"@type\":\"BreadcrumbList\",\"@id\":\"https:\/\/carpathiacenter.ro\/mircea-geoana-veniti-la-vot-in-numar-cat-mai-mare-la-primul-tur-este-decisiv\/#breadcrumb\",\"itemListElement\":[{\"@type\":\"ListItem\",\"position\":1,\"name\":\"Prima pagin\u0103\",\"item\":\"https:\/\/carpathiacenter.ro\/\"},{\"@type\":\"ListItem\",\"position\":2,\"name\":\"Mircea Geoan\u0103: Veni\u0163i la vot \u00een num\u0103r c\u00e2t mai mare la primul tur; este decisiv\"}]},{\"@type\":\"WebSite\",\"@id\":\"https:\/\/carpathiacenter.ro\/#website\",\"url\":\"https:\/\/carpathiacenter.ro\/\",\"name\":\"Carpathia Center Romania\",\"description\":\"Impossible made possible!\",\"publisher\":{\"@id\":\"https:\/\/carpathiacenter.ro\/#organization\"},\"potentialAction\":[{\"@type\":\"SearchAction\",\"target\":{\"@type\":\"EntryPoint\",\"urlTemplate\":\"https:\/\/carpathiacenter.ro\/?s={search_term_string}\"},\"query-input\":{\"@type\":\"PropertyValueSpecification\",\"valueRequired\":true,\"valueName\":\"search_term_string\"}}],\"inLanguage\":\"en-GB\"},{\"@type\":\"Organization\",\"@id\":\"https:\/\/carpathiacenter.ro\/#organization\",\"name\":\"Carpathia Center Romania\",\"url\":\"https:\/\/carpathiacenter.ro\/\",\"logo\":{\"@type\":\"ImageObject\",\"inLanguage\":\"en-GB\",\"@id\":\"https:\/\/carpathiacenter.ro\/#\/schema\/logo\/image\/\",\"url\":\"https:\/\/carpathiacenter.ro\/wp-content\/uploads\/2024\/07\/logo-carpathia_bg_white-1024x941.png\",\"contentUrl\":\"https:\/\/carpathiacenter.ro\/wp-content\/uploads\/2024\/07\/logo-carpathia_bg_white-1024x941.png\",\"width\":1024,\"height\":941,\"caption\":\"Carpathia Center Romania\"},\"image\":{\"@id\":\"https:\/\/carpathiacenter.ro\/#\/schema\/logo\/image\/\"},\"sameAs\":[\"https:\/\/www.facebook.com\/fdpscarpathia\/\"]},{\"@type\":\"Person\",\"@id\":\"https:\/\/carpathiacenter.ro\/#\/schema\/person\/03d9f58202fee8379268f34afa195006\",\"name\":\"creativebitsolutions\",\"image\":{\"@type\":\"ImageObject\",\"inLanguage\":\"en-GB\",\"@id\":\"https:\/\/carpathiacenter.ro\/#\/schema\/person\/image\/\",\"url\":\"https:\/\/secure.gravatar.com\/avatar\/1b1a13e37f847c635dab78348f1dff2f07651ee2a3d77a5c355a4b8c75f9165a?s=96&d=mm&r=g\",\"contentUrl\":\"https:\/\/secure.gravatar.com\/avatar\/1b1a13e37f847c635dab78348f1dff2f07651ee2a3d77a5c355a4b8c75f9165a?s=96&d=mm&r=g\",\"caption\":\"creativebitsolutions\"},\"url\":\"https:\/\/carpathiacenter.ro\/en\/author\/creativebitsolutions\/\"}]}<\/script>\n<!-- \/ Yoast SEO plugin. -->","yoast_head_json":{"title":"Mircea Geoan\u0103: Veni\u0163i la vot \u00een num\u0103r c\u00e2t mai mare la primul tur; este decisiv - Carpathia Center Romania","robots":{"index":"index","follow":"follow","max-snippet":"max-snippet:-1","max-image-preview":"max-image-preview:large","max-video-preview":"max-video-preview:-1"},"canonical":"https:\/\/carpathiacenter.ro\/en\/mircea-geoana-veniti-la-vot-in-numar-cat-mai-mare-la-primul-tur-este-decisiv\/","og_locale":"en_GB","og_type":"article","og_title":"Mircea Geoan\u0103: Veni\u0163i la vot \u00een num\u0103r c\u00e2t mai mare la primul tur; este decisiv - Carpathia Center Romania","og_description":"Candidatul independent la Pre\u015fedin\u0163ia Rom\u00e2niei, Mircea Geoan\u0103, a f\u0103cut apel la electoratul rom\u00e2n \u015fi la diaspora basarabean\u0103 cu dubl\u0103 cet\u0103\u0163enie \u015fi cea rom\u00e2neasc\u0103 din Europa s\u0103 vin\u0103 \u00een num\u0103r mare la primul tur al alegerilor preziden\u0163iale, din 24 noiembrie, pentru c\u0103, \u00een opinia sa, spre deosebire de celelalte preziden\u0163iale, de aceast\u0103 dat\u0103 &#8220;adev\u0103rata final\u0103 se...","og_url":"https:\/\/carpathiacenter.ro\/en\/mircea-geoana-veniti-la-vot-in-numar-cat-mai-mare-la-primul-tur-este-decisiv\/","og_site_name":"Carpathia Center Romania","article_publisher":"https:\/\/www.facebook.com\/fdpscarpathia\/","article_published_time":"2024-10-21T20:01:01+00:00","og_image":[{"width":2560,"height":1707,"url":"https:\/\/carpathiacenter.ro\/wp-content\/uploads\/2024\/08\/mircea-geoana-scaled-1.jpg","type":"image\/jpeg"}],"author":"creativebitsolutions","twitter_card":"summary_large_image","twitter_misc":{"Written by":"creativebitsolutions","Estimated reading time":"4 minutes"},"schema":{"@context":"https:\/\/schema.org","@graph":[{"@type":"Article","@id":"https:\/\/carpathiacenter.ro\/mircea-geoana-veniti-la-vot-in-numar-cat-mai-mare-la-primul-tur-este-decisiv\/#article","isPartOf":{"@id":"https:\/\/carpathiacenter.ro\/mircea-geoana-veniti-la-vot-in-numar-cat-mai-mare-la-primul-tur-este-decisiv\/"},"author":{"name":"creativebitsolutions","@id":"https:\/\/carpathiacenter.ro\/#\/schema\/person\/03d9f58202fee8379268f34afa195006"},"headline":"Mircea Geoan\u0103: Veni\u0163i la vot \u00een num\u0103r c\u00e2t mai mare la primul tur; este decisiv","datePublished":"2024-10-21T20:01:01+00:00","mainEntityOfPage":{"@id":"https:\/\/carpathiacenter.ro\/mircea-geoana-veniti-la-vot-in-numar-cat-mai-mare-la-primul-tur-este-decisiv\/"},"wordCount":774,"commentCount":0,"publisher":{"@id":"https:\/\/carpathiacenter.ro\/#organization"},"image":{"@id":"https:\/\/carpathiacenter.ro\/mircea-geoana-veniti-la-vot-in-numar-cat-mai-mare-la-primul-tur-este-decisiv\/#primaryimage"},"thumbnailUrl":"https:\/\/carpathiacenter.ro\/wp-content\/uploads\/2024\/08\/mircea-geoana-scaled-1.jpg","articleSection":["Uncategorized"],"inLanguage":"en-GB","potentialAction":[{"@type":"CommentAction","name":"Comment","target":["https:\/\/carpathiacenter.ro\/mircea-geoana-veniti-la-vot-in-numar-cat-mai-mare-la-primul-tur-este-decisiv\/#respond"]}]},{"@type":"WebPage","@id":"https:\/\/carpathiacenter.ro\/mircea-geoana-veniti-la-vot-in-numar-cat-mai-mare-la-primul-tur-este-decisiv\/","url":"https:\/\/carpathiacenter.ro\/mircea-geoana-veniti-la-vot-in-numar-cat-mai-mare-la-primul-tur-este-decisiv\/","name":"Mircea Geoan\u0103: Veni\u0163i la vot \u00een num\u0103r c\u00e2t mai mare la primul tur; este decisiv - Carpathia Center Romania","isPartOf":{"@id":"https:\/\/carpathiacenter.ro\/#website"},"primaryImageOfPage":{"@id":"https:\/\/carpathiacenter.ro\/mircea-geoana-veniti-la-vot-in-numar-cat-mai-mare-la-primul-tur-este-decisiv\/#primaryimage"},"image":{"@id":"https:\/\/carpathiacenter.ro\/mircea-geoana-veniti-la-vot-in-numar-cat-mai-mare-la-primul-tur-este-decisiv\/#primaryimage"},"thumbnailUrl":"https:\/\/carpathiacenter.ro\/wp-content\/uploads\/2024\/08\/mircea-geoana-scaled-1.jpg","datePublished":"2024-10-21T20:01:01+00:00","breadcrumb":{"@id":"https:\/\/carpathiacenter.ro\/mircea-geoana-veniti-la-vot-in-numar-cat-mai-mare-la-primul-tur-este-decisiv\/#breadcrumb"},"inLanguage":"en-GB","potentialAction":[{"@type":"ReadAction","target":["https:\/\/carpathiacenter.ro\/mircea-geoana-veniti-la-vot-in-numar-cat-mai-mare-la-primul-tur-este-decisiv\/"]}]},{"@type":"ImageObject","inLanguage":"en-GB","@id":"https:\/\/carpathiacenter.ro\/mircea-geoana-veniti-la-vot-in-numar-cat-mai-mare-la-primul-tur-este-decisiv\/#primaryimage","url":"https:\/\/carpathiacenter.ro\/wp-content\/uploads\/2024\/08\/mircea-geoana-scaled-1.jpg","contentUrl":"https:\/\/carpathiacenter.ro\/wp-content\/uploads\/2024\/08\/mircea-geoana-scaled-1.jpg","width":2560,"height":1707},{"@type":"BreadcrumbList","@id":"https:\/\/carpathiacenter.ro\/mircea-geoana-veniti-la-vot-in-numar-cat-mai-mare-la-primul-tur-este-decisiv\/#breadcrumb","itemListElement":[{"@type":"ListItem","position":1,"name":"Prima pagin\u0103","item":"https:\/\/carpathiacenter.ro\/"},{"@type":"ListItem","position":2,"name":"Mircea Geoan\u0103: Veni\u0163i la vot \u00een num\u0103r c\u00e2t mai mare la primul tur; este decisiv"}]},{"@type":"WebSite","@id":"https:\/\/carpathiacenter.ro\/#website","url":"https:\/\/carpathiacenter.ro\/","name":"Carpathia Center Romania","description":"Impossible made possible!","publisher":{"@id":"https:\/\/carpathiacenter.ro\/#organization"},"potentialAction":[{"@type":"SearchAction","target":{"@type":"EntryPoint","urlTemplate":"https:\/\/carpathiacenter.ro\/?s={search_term_string}"},"query-input":{"@type":"PropertyValueSpecification","valueRequired":true,"valueName":"search_term_string"}}],"inLanguage":"en-GB"},{"@type":"Organization","@id":"https:\/\/carpathiacenter.ro\/#organization","name":"Carpathia Center Romania","url":"https:\/\/carpathiacenter.ro\/","logo":{"@type":"ImageObject","inLanguage":"en-GB","@id":"https:\/\/carpathiacenter.ro\/#\/schema\/logo\/image\/","url":"https:\/\/carpathiacenter.ro\/wp-content\/uploads\/2024\/07\/logo-carpathia_bg_white-1024x941.png","contentUrl":"https:\/\/carpathiacenter.ro\/wp-content\/uploads\/2024\/07\/logo-carpathia_bg_white-1024x941.png","width":1024,"height":941,"caption":"Carpathia Center Romania"},"image":{"@id":"https:\/\/carpathiacenter.ro\/#\/schema\/logo\/image\/"},"sameAs":["https:\/\/www.facebook.com\/fdpscarpathia\/"]},{"@type":"Person","@id":"https:\/\/carpathiacenter.ro\/#\/schema\/person\/03d9f58202fee8379268f34afa195006","name":"creativebitsolutions","image":{"@type":"ImageObject","inLanguage":"en-GB","@id":"https:\/\/carpathiacenter.ro\/#\/schema\/person\/image\/","url":"https:\/\/secure.gravatar.com\/avatar\/1b1a13e37f847c635dab78348f1dff2f07651ee2a3d77a5c355a4b8c75f9165a?s=96&d=mm&r=g","contentUrl":"https:\/\/secure.gravatar.com\/avatar\/1b1a13e37f847c635dab78348f1dff2f07651ee2a3d77a5c355a4b8c75f9165a?s=96&d=mm&r=g","caption":"creativebitsolutions"},"url":"https:\/\/carpathiacenter.ro\/en\/author\/creativebitsolutions\/"}]}},"_links":{"self":[{"href":"https:\/\/carpathiacenter.ro\/en\/wp-json\/wp\/v2\/posts\/1427","targetHints":{"allow":["GET"]}}],"collection":[{"href":"https:\/\/carpathiacenter.ro\/en\/wp-json\/wp\/v2\/posts"}],"about":[{"href":"https:\/\/carpathiacenter.ro\/en\/wp-json\/wp\/v2\/types\/post"}],"author":[{"embeddable":true,"href":"https:\/\/carpathiacenter.ro\/en\/wp-json\/wp\/v2\/users\/4"}],"replies":[{"embeddable":true,"href":"https:\/\/carpathiacenter.ro\/en\/wp-json\/wp\/v2\/comments?post=1427"}],"version-history":[{"count":1,"href":"https:\/\/carpathiacenter.ro\/en\/wp-json\/wp\/v2\/posts\/1427\/revisions"}],"predecessor-version":[{"id":1428,"href":"https:\/\/carpathiacenter.ro\/en\/wp-json\/wp\/v2\/posts\/1427\/revisions\/1428"}],"wp:featuredmedia":[{"embeddable":true,"href":"https:\/\/carpathiacenter.ro\/en\/wp-json\/wp\/v2\/media\/1091"}],"wp:attachment":[{"href":"https:\/\/carpathiacenter.ro\/en\/wp-json\/wp\/v2\/media?parent=1427"}],"wp:term":[{"taxonomy":"category","embeddable":true,"href":"https:\/\/carpathiacenter.ro\/en\/wp-json\/wp\/v2\/categories?post=1427"},{"taxonomy":"post_tag","embeddable":true,"href":"https:\/\/carpathiacenter.ro\/en\/wp-json\/wp\/v2\/tags?post=1427"}],"curies":[{"name":"wp","href":"https:\/\/api.w.org\/{rel}","templated":true}]}}