{"id":1424,"date":"2024-10-17T18:54:29","date_gmt":"2024-10-17T18:54:29","guid":{"rendered":"https:\/\/carpathiacenter.ro\/?p=1424"},"modified":"2024-10-17T18:54:29","modified_gmt":"2024-10-17T18:54:29","slug":"ciolacu-este-vital-sa-ne-sustinem-industria-auto-are-un-rol-crucial-in-volumul-exporturilor-romaniei","status":"publish","type":"post","link":"https:\/\/carpathiacenter.ro\/en\/ciolacu-este-vital-sa-ne-sustinem-industria-auto-are-un-rol-crucial-in-volumul-exporturilor-romaniei\/","title":{"rendered":"Ciolacu: Este vital s\u0103 ne sus\u0163inem industria auto; are un rol crucial \u00een volumul exporturilor Rom\u00e2niei"},"content":{"rendered":"<p>Pentru Guvern este vital s\u0103 sus\u0163in\u0103 industria auto, care contribuie semnificativ la PIB-ul \u0163\u0103rii noastre \u015fi are un rol crucial \u00een volumul exporturilor Rom\u00e2niei, a declarat prim-ministrul Marcel Ciolacu, joi, la Forumul Mobilit\u0103\u0163ii Sustenabile \u015fi Accesibile, eveniment organizat de Asocia\u0163ia Produc\u0103torilor \u015fi Importatorilor de Automobile din Rom\u00e2nia.<\/p>\n<p>\u201cIndustria auto rom\u00e2neasc\u0103 a demonstrat, de-a lungul anilor, o capacitate extraordinar\u0103 de adaptare \u015fi inovare. Iar ast\u0103zi suntem aici pentru a celebra aceste realiz\u0103ri \u015fi pentru a discuta despre viitorul sustenabil al mobilit\u0103\u0163ii. \u00cen acest context, cred c\u0103 planul nostru de \u2018Reindustrializare a economiei\u2019, pe care ne preg\u0103tim s\u0103 \u00eel lans\u0103m, vine s\u0103 sus\u0163in\u0103 aceast\u0103 industrie strategic\u0103 a \u0163\u0103rii. Acest plan vizeaz\u0103 transformarea Rom\u00e2niei \u00eentr-un hub de tehnologie \u015fi inova\u0163ie \u00een Europa de Sud-Est \u00een urm\u0103torii 10 ani. Ne propunem s\u0103 atragem investi\u0163ii semnificative \u00een sectorul auto, s\u0103 dezvolt\u0103m infrastructura necesar\u0103 \u015fi s\u0103 sus\u0163inem cercetarea \u015fi dezvoltarea \u00een domeniul vehiculelor electrice \u015fi autonome. Este vital s\u0103 ne sus\u0163inem industria auto, care contribuie semnificativ la PIB-ul \u0163\u0103rii noastre \u015fi are un rol crucial \u00een volumul exporturilor Rom\u00e2niei\u201d, a afirmat Marcel Ciolacu.<\/p>\n<p>El a eviden\u0163iat c\u0103 produc\u0163ia de automobile a crescut spectaculos \u00een acest an, cu \u201cpeste 600.000 de unit\u0103\u0163i produse anual de uzinele Dacia \u015fi Ford Otosan\u201d.<\/p>\n<p>\u201cAceste realiz\u0103ri nu doar c\u0103 sus\u0163in economia na\u0163ional\u0103, dar \u015fi pozi\u0163ioneaz\u0103 Rom\u00e2nia ca un juc\u0103tor important pe pia\u0163a auto european\u0103\u201d, a completat Ciolacu.<\/p>\n<p>Premierul a subliniat angajamentul p\u0103r\u0163ii guvernamentale privind modernizarea sectorului industriei auto.<\/p>\n<p>\u201cEvident, vrem s\u0103 sprijinim procesul de modernizare a acestui sector \u015fi a tendin\u0163ei de electrificare a produc\u0163iei de autoturisme. Un exemplu de m\u0103sur\u0103 cu un mare succes este programul \u201cRabla\u201d, care a avut un impact major asupra \u00eennoirii parcului auto na\u0163ional. Prin acest program, am reu\u015fit s\u0103 scoatem din circula\u0163ie mii de vehicule vechi \u015fi poluante, \u00eenlocuindu-le cu modele noi, mai eficiente \u015fi mai prietenoase cu mediul. \u00cen 2024, ne a\u015ftept\u0103m ca v\u00e2nz\u0103rile de autoturisme electrificate s\u0103 creasc\u0103 cu peste 24%, iar cele de autoturisme pur electrice s\u0103 ajung\u0103 la o cot\u0103 de pia\u0163\u0103 de 13%\u201d, a mai declarat Ciolacu.<\/p>\n<p>Totodat\u0103, el a punctat necesitatea unor programe dedicate sprijinirii industriei auto de la nivelul Comisiei Europene.<\/p>\n<p>\u201cEste momentul, fiindc\u0103 suntem la un \u00eenceput de drum at\u00e2t al Comisiei, c\u00e2t \u015fi al Parlamentului European, s\u0103 avem o abordare mult mai sustenabil\u0103 \u00een ceea ce prive\u015fte industria auto. Dac\u0103 nu vom lua m\u0103suri \u015fi nu vom trage semnale de alarm\u0103 \u00eenc\u0103 de la \u00eenceputul acestui ciclu europarlamentar, anul viitor, \u015fi, mai mult, peste doi ani de zile, vor fi mari probleme \u00een industria auto. Este evident c\u0103 trebuie s\u0103 venim cu ni\u015fte programe de sus\u0163inere a industriei auto, care, de fapt, a dat toat\u0103 sustenabilitatea Europei\u201d, a mai afirmat \u015feful Guvernului.<\/p>\n<p>A vorbit \u015fi despre poten\u0163iale \u201cdisponibiliz\u0103ri masive\u201d \u00een industria auto.<\/p>\n<p>\u201cSuntem \u00eentr-un moment de descre\u015ftere care, dac\u0103 nu vom interveni, \u015fi \u00een Rom\u00e2nia \u015fi \u00een toat\u0103 Europa, va duce anul viitor \u015fi peste doi ani, a\u015fa cum am spus, la disponibiliz\u0103ri masive \u00een acest domeniu. Cred c\u0103 este momentul \u00een care Comisia European\u0103 trebuie s\u0103 vin\u0103 curajos \u00een sus\u0163inerea acestei industrii. (\u2026) C\u00e2nd vorbim de reindustrializ\u0103ri \u015fi de alte lucruri, uit\u0103m, de fapt, c\u0103 motorul economiilor este industria auto, pentru c\u0103 are o dezvoltare pe orizontal\u0103 fabuloas\u0103. (\u2026) E un moment \u00een care toate for\u0163ele politice trebuie s\u0103 \u00een\u0163eleag\u0103 c\u0103 f\u0103r\u0103 industria auto \u00een Rom\u00e2nia, economia Rom\u00e2niei se pr\u0103bu\u015fe\u015fte\u201d, a eviden\u0163iat Marcel Ciolacu.<\/p>\n<p>\u00cen \u00eencheiere, \u015feful Executivului a reafirmat angajamentul Rom\u00e2niei fa\u0163\u0103 de proiectele verzi \u015fi pentru decarbonarea economiei.<\/p>\n<p>\u201cCu toate acestea, trebuie s\u0103 fim con\u015ftien\u0163i c\u0103 tranzi\u0163ia c\u0103tre o economie verde nu trebuie s\u0103 devin\u0103 o fr\u00e2n\u0103 \u00een calea dezvolt\u0103rii economice a \u0163\u0103rii noastre \u015fi a industriei auto \u00een mod special. Este esen\u0163ial s\u0103 g\u0103sim un echilibru \u00eentre protec\u0163ia mediului \u015fi cre\u015fterea economic\u0103, astfel \u00eenc\u00e2t s\u0103 asigur\u0103m un viitor prosper \u015fi sustenabil pentru to\u0163i cet\u0103\u0163enii no\u015ftri\u201d, a ar\u0103tat premierul Ciolacu.<\/p>\n<p>Surs\u0103:\u00a0<a title=\"\" href=\"https:\/\/www.agerpres.ro\/politica\/2024\/10\/17\/ciolacu-este-vital-sa-ne-sustinem-industria-auto-are-un-rol-crucial-in-volumul-exporturilor-romaniei--1372227\" target=\"_blank\" rel=\"noopener\">https:\/\/www.agerpres.ro\/politica\/2024\/10\/17\/ciolacu-este-vital-sa-ne-sustinem-industria-auto-are-un-rol-crucial-in-volumul-exporturilor-romaniei\u20131372227<\/a><\/p>","protected":false},"excerpt":{"rendered":"<p>Pentru Guvern este vital s\u0103 sus\u0163in\u0103 industria auto, care contribuie semnificativ la PIB-ul \u0163\u0103rii noastre \u015fi are un rol crucial \u00een volumul exporturilor Rom\u00e2niei, a declarat prim-ministrul Marcel Ciolacu, joi, la Forumul Mobilit\u0103\u0163ii Sustenabile \u015fi Accesibile, eveniment organizat de Asocia\u0163ia Produc\u0103torilor \u015fi Importatorilor de Automobile din Rom\u00e2nia. \u201cIndustria auto rom\u00e2neasc\u0103 a demonstrat, de-a lungul anilor,&#8230;<\/p>","protected":false},"author":4,"featured_media":1425,"comment_status":"open","ping_status":"open","sticky":false,"template":"","format":"standard","meta":{"footnotes":""},"categories":[1],"tags":[],"class_list":["post-1424","post","type-post","status-publish","format-standard","has-post-thumbnail","hentry","category-uncategorized"],"yoast_head":"<!-- This site is optimized with the Yoast SEO plugin v26.1.1 - https:\/\/yoast.com\/wordpress\/plugins\/seo\/ -->\n<title>Ciolacu: Este vital s\u0103 ne sus\u0163inem industria auto; are un rol crucial \u00een volumul exporturilor Rom\u00e2niei - Carpathia Center Romania<\/title>\n<meta name=\"robots\" content=\"index, follow, max-snippet:-1, max-image-preview:large, max-video-preview:-1\" \/>\n<link rel=\"canonical\" href=\"https:\/\/carpathiacenter.ro\/en\/ciolacu-este-vital-sa-ne-sustinem-industria-auto-are-un-rol-crucial-in-volumul-exporturilor-romaniei\/\" \/>\n<meta property=\"og:locale\" content=\"en_GB\" \/>\n<meta property=\"og:type\" content=\"article\" \/>\n<meta property=\"og:title\" content=\"Ciolacu: Este vital s\u0103 ne sus\u0163inem industria auto; are un rol crucial \u00een volumul exporturilor Rom\u00e2niei - Carpathia Center Romania\" \/>\n<meta property=\"og:description\" content=\"Pentru Guvern este vital s\u0103 sus\u0163in\u0103 industria auto, care contribuie semnificativ la PIB-ul \u0163\u0103rii noastre \u015fi are un rol crucial \u00een volumul exporturilor Rom\u00e2niei, a declarat prim-ministrul Marcel Ciolacu, joi, la Forumul Mobilit\u0103\u0163ii Sustenabile \u015fi Accesibile, eveniment organizat de Asocia\u0163ia Produc\u0103torilor \u015fi Importatorilor de Automobile din Rom\u00e2nia. \u201cIndustria auto rom\u00e2neasc\u0103 a demonstrat, de-a lungul anilor,...\" \/>\n<meta property=\"og:url\" content=\"https:\/\/carpathiacenter.ro\/en\/ciolacu-este-vital-sa-ne-sustinem-industria-auto-are-un-rol-crucial-in-volumul-exporturilor-romaniei\/\" \/>\n<meta property=\"og:site_name\" content=\"Carpathia Center Romania\" \/>\n<meta property=\"article:publisher\" content=\"https:\/\/www.facebook.com\/fdpscarpathia\/\" \/>\n<meta property=\"article:published_time\" content=\"2024-10-17T18:54:29+00:00\" \/>\n<meta property=\"og:image\" content=\"https:\/\/carpathiacenter.ro\/wp-content\/uploads\/2024\/10\/Marcel-Ciolacu.webp\" \/>\n\t<meta property=\"og:image:width\" content=\"800\" \/>\n\t<meta property=\"og:image:height\" content=\"533\" \/>\n\t<meta property=\"og:image:type\" content=\"image\/webp\" \/>\n<meta name=\"author\" content=\"creativebitsolutions\" \/>\n<meta name=\"twitter:card\" content=\"summary_large_image\" \/>\n<meta name=\"twitter:label1\" content=\"Written by\" \/>\n\t<meta name=\"twitter:data1\" content=\"creativebitsolutions\" \/>\n\t<meta name=\"twitter:label2\" content=\"Estimated reading time\" \/>\n\t<meta name=\"twitter:data2\" content=\"4 minutes\" \/>\n<script type=\"application\/ld+json\" class=\"yoast-schema-graph\">{\"@context\":\"https:\/\/schema.org\",\"@graph\":[{\"@type\":\"Article\",\"@id\":\"https:\/\/carpathiacenter.ro\/ciolacu-este-vital-sa-ne-sustinem-industria-auto-are-un-rol-crucial-in-volumul-exporturilor-romaniei\/#article\",\"isPartOf\":{\"@id\":\"https:\/\/carpathiacenter.ro\/ciolacu-este-vital-sa-ne-sustinem-industria-auto-are-un-rol-crucial-in-volumul-exporturilor-romaniei\/\"},\"author\":{\"name\":\"creativebitsolutions\",\"@id\":\"https:\/\/carpathiacenter.ro\/#\/schema\/person\/03d9f58202fee8379268f34afa195006\"},\"headline\":\"Ciolacu: Este vital s\u0103 ne sus\u0163inem industria auto; are un rol crucial \u00een volumul exporturilor Rom\u00e2niei\",\"datePublished\":\"2024-10-17T18:54:29+00:00\",\"mainEntityOfPage\":{\"@id\":\"https:\/\/carpathiacenter.ro\/ciolacu-este-vital-sa-ne-sustinem-industria-auto-are-un-rol-crucial-in-volumul-exporturilor-romaniei\/\"},\"wordCount\":740,\"commentCount\":0,\"publisher\":{\"@id\":\"https:\/\/carpathiacenter.ro\/#organization\"},\"image\":{\"@id\":\"https:\/\/carpathiacenter.ro\/ciolacu-este-vital-sa-ne-sustinem-industria-auto-are-un-rol-crucial-in-volumul-exporturilor-romaniei\/#primaryimage\"},\"thumbnailUrl\":\"https:\/\/carpathiacenter.ro\/wp-content\/uploads\/2024\/10\/Marcel-Ciolacu.webp\",\"articleSection\":[\"Uncategorized\"],\"inLanguage\":\"en-GB\",\"potentialAction\":[{\"@type\":\"CommentAction\",\"name\":\"Comment\",\"target\":[\"https:\/\/carpathiacenter.ro\/ciolacu-este-vital-sa-ne-sustinem-industria-auto-are-un-rol-crucial-in-volumul-exporturilor-romaniei\/#respond\"]}]},{\"@type\":\"WebPage\",\"@id\":\"https:\/\/carpathiacenter.ro\/ciolacu-este-vital-sa-ne-sustinem-industria-auto-are-un-rol-crucial-in-volumul-exporturilor-romaniei\/\",\"url\":\"https:\/\/carpathiacenter.ro\/ciolacu-este-vital-sa-ne-sustinem-industria-auto-are-un-rol-crucial-in-volumul-exporturilor-romaniei\/\",\"name\":\"Ciolacu: Este vital s\u0103 ne sus\u0163inem industria auto; are un rol crucial \u00een volumul exporturilor Rom\u00e2niei - Carpathia Center Romania\",\"isPartOf\":{\"@id\":\"https:\/\/carpathiacenter.ro\/#website\"},\"primaryImageOfPage\":{\"@id\":\"https:\/\/carpathiacenter.ro\/ciolacu-este-vital-sa-ne-sustinem-industria-auto-are-un-rol-crucial-in-volumul-exporturilor-romaniei\/#primaryimage\"},\"image\":{\"@id\":\"https:\/\/carpathiacenter.ro\/ciolacu-este-vital-sa-ne-sustinem-industria-auto-are-un-rol-crucial-in-volumul-exporturilor-romaniei\/#primaryimage\"},\"thumbnailUrl\":\"https:\/\/carpathiacenter.ro\/wp-content\/uploads\/2024\/10\/Marcel-Ciolacu.webp\",\"datePublished\":\"2024-10-17T18:54:29+00:00\",\"breadcrumb\":{\"@id\":\"https:\/\/carpathiacenter.ro\/ciolacu-este-vital-sa-ne-sustinem-industria-auto-are-un-rol-crucial-in-volumul-exporturilor-romaniei\/#breadcrumb\"},\"inLanguage\":\"en-GB\",\"potentialAction\":[{\"@type\":\"ReadAction\",\"target\":[\"https:\/\/carpathiacenter.ro\/ciolacu-este-vital-sa-ne-sustinem-industria-auto-are-un-rol-crucial-in-volumul-exporturilor-romaniei\/\"]}]},{\"@type\":\"ImageObject\",\"inLanguage\":\"en-GB\",\"@id\":\"https:\/\/carpathiacenter.ro\/ciolacu-este-vital-sa-ne-sustinem-industria-auto-are-un-rol-crucial-in-volumul-exporturilor-romaniei\/#primaryimage\",\"url\":\"https:\/\/carpathiacenter.ro\/wp-content\/uploads\/2024\/10\/Marcel-Ciolacu.webp\",\"contentUrl\":\"https:\/\/carpathiacenter.ro\/wp-content\/uploads\/2024\/10\/Marcel-Ciolacu.webp\",\"width\":800,\"height\":533},{\"@type\":\"BreadcrumbList\",\"@id\":\"https:\/\/carpathiacenter.ro\/ciolacu-este-vital-sa-ne-sustinem-industria-auto-are-un-rol-crucial-in-volumul-exporturilor-romaniei\/#breadcrumb\",\"itemListElement\":[{\"@type\":\"ListItem\",\"position\":1,\"name\":\"Prima pagin\u0103\",\"item\":\"https:\/\/carpathiacenter.ro\/\"},{\"@type\":\"ListItem\",\"position\":2,\"name\":\"Ciolacu: Este vital s\u0103 ne sus\u0163inem industria auto; are un rol crucial \u00een volumul exporturilor Rom\u00e2niei\"}]},{\"@type\":\"WebSite\",\"@id\":\"https:\/\/carpathiacenter.ro\/#website\",\"url\":\"https:\/\/carpathiacenter.ro\/\",\"name\":\"Carpathia Center Romania\",\"description\":\"Impossible made possible!\",\"publisher\":{\"@id\":\"https:\/\/carpathiacenter.ro\/#organization\"},\"potentialAction\":[{\"@type\":\"SearchAction\",\"target\":{\"@type\":\"EntryPoint\",\"urlTemplate\":\"https:\/\/carpathiacenter.ro\/?s={search_term_string}\"},\"query-input\":{\"@type\":\"PropertyValueSpecification\",\"valueRequired\":true,\"valueName\":\"search_term_string\"}}],\"inLanguage\":\"en-GB\"},{\"@type\":\"Organization\",\"@id\":\"https:\/\/carpathiacenter.ro\/#organization\",\"name\":\"Carpathia Center Romania\",\"url\":\"https:\/\/carpathiacenter.ro\/\",\"logo\":{\"@type\":\"ImageObject\",\"inLanguage\":\"en-GB\",\"@id\":\"https:\/\/carpathiacenter.ro\/#\/schema\/logo\/image\/\",\"url\":\"https:\/\/carpathiacenter.ro\/wp-content\/uploads\/2024\/07\/logo-carpathia_bg_white-1024x941.png\",\"contentUrl\":\"https:\/\/carpathiacenter.ro\/wp-content\/uploads\/2024\/07\/logo-carpathia_bg_white-1024x941.png\",\"width\":1024,\"height\":941,\"caption\":\"Carpathia Center Romania\"},\"image\":{\"@id\":\"https:\/\/carpathiacenter.ro\/#\/schema\/logo\/image\/\"},\"sameAs\":[\"https:\/\/www.facebook.com\/fdpscarpathia\/\"]},{\"@type\":\"Person\",\"@id\":\"https:\/\/carpathiacenter.ro\/#\/schema\/person\/03d9f58202fee8379268f34afa195006\",\"name\":\"creativebitsolutions\",\"image\":{\"@type\":\"ImageObject\",\"inLanguage\":\"en-GB\",\"@id\":\"https:\/\/carpathiacenter.ro\/#\/schema\/person\/image\/\",\"url\":\"https:\/\/secure.gravatar.com\/avatar\/1b1a13e37f847c635dab78348f1dff2f07651ee2a3d77a5c355a4b8c75f9165a?s=96&d=mm&r=g\",\"contentUrl\":\"https:\/\/secure.gravatar.com\/avatar\/1b1a13e37f847c635dab78348f1dff2f07651ee2a3d77a5c355a4b8c75f9165a?s=96&d=mm&r=g\",\"caption\":\"creativebitsolutions\"},\"url\":\"https:\/\/carpathiacenter.ro\/en\/author\/creativebitsolutions\/\"}]}<\/script>\n<!-- \/ Yoast SEO plugin. -->","yoast_head_json":{"title":"Ciolacu: Este vital s\u0103 ne sus\u0163inem industria auto; are un rol crucial \u00een volumul exporturilor Rom\u00e2niei - Carpathia Center Romania","robots":{"index":"index","follow":"follow","max-snippet":"max-snippet:-1","max-image-preview":"max-image-preview:large","max-video-preview":"max-video-preview:-1"},"canonical":"https:\/\/carpathiacenter.ro\/en\/ciolacu-este-vital-sa-ne-sustinem-industria-auto-are-un-rol-crucial-in-volumul-exporturilor-romaniei\/","og_locale":"en_GB","og_type":"article","og_title":"Ciolacu: Este vital s\u0103 ne sus\u0163inem industria auto; are un rol crucial \u00een volumul exporturilor Rom\u00e2niei - Carpathia Center Romania","og_description":"Pentru Guvern este vital s\u0103 sus\u0163in\u0103 industria auto, care contribuie semnificativ la PIB-ul \u0163\u0103rii noastre \u015fi are un rol crucial \u00een volumul exporturilor Rom\u00e2niei, a declarat prim-ministrul Marcel Ciolacu, joi, la Forumul Mobilit\u0103\u0163ii Sustenabile \u015fi Accesibile, eveniment organizat de Asocia\u0163ia Produc\u0103torilor \u015fi Importatorilor de Automobile din Rom\u00e2nia. \u201cIndustria auto rom\u00e2neasc\u0103 a demonstrat, de-a lungul anilor,...","og_url":"https:\/\/carpathiacenter.ro\/en\/ciolacu-este-vital-sa-ne-sustinem-industria-auto-are-un-rol-crucial-in-volumul-exporturilor-romaniei\/","og_site_name":"Carpathia Center Romania","article_publisher":"https:\/\/www.facebook.com\/fdpscarpathia\/","article_published_time":"2024-10-17T18:54:29+00:00","og_image":[{"width":800,"height":533,"url":"https:\/\/carpathiacenter.ro\/wp-content\/uploads\/2024\/10\/Marcel-Ciolacu.webp","type":"image\/webp"}],"author":"creativebitsolutions","twitter_card":"summary_large_image","twitter_misc":{"Written by":"creativebitsolutions","Estimated reading time":"4 minutes"},"schema":{"@context":"https:\/\/schema.org","@graph":[{"@type":"Article","@id":"https:\/\/carpathiacenter.ro\/ciolacu-este-vital-sa-ne-sustinem-industria-auto-are-un-rol-crucial-in-volumul-exporturilor-romaniei\/#article","isPartOf":{"@id":"https:\/\/carpathiacenter.ro\/ciolacu-este-vital-sa-ne-sustinem-industria-auto-are-un-rol-crucial-in-volumul-exporturilor-romaniei\/"},"author":{"name":"creativebitsolutions","@id":"https:\/\/carpathiacenter.ro\/#\/schema\/person\/03d9f58202fee8379268f34afa195006"},"headline":"Ciolacu: Este vital s\u0103 ne sus\u0163inem industria auto; are un rol crucial \u00een volumul exporturilor Rom\u00e2niei","datePublished":"2024-10-17T18:54:29+00:00","mainEntityOfPage":{"@id":"https:\/\/carpathiacenter.ro\/ciolacu-este-vital-sa-ne-sustinem-industria-auto-are-un-rol-crucial-in-volumul-exporturilor-romaniei\/"},"wordCount":740,"commentCount":0,"publisher":{"@id":"https:\/\/carpathiacenter.ro\/#organization"},"image":{"@id":"https:\/\/carpathiacenter.ro\/ciolacu-este-vital-sa-ne-sustinem-industria-auto-are-un-rol-crucial-in-volumul-exporturilor-romaniei\/#primaryimage"},"thumbnailUrl":"https:\/\/carpathiacenter.ro\/wp-content\/uploads\/2024\/10\/Marcel-Ciolacu.webp","articleSection":["Uncategorized"],"inLanguage":"en-GB","potentialAction":[{"@type":"CommentAction","name":"Comment","target":["https:\/\/carpathiacenter.ro\/ciolacu-este-vital-sa-ne-sustinem-industria-auto-are-un-rol-crucial-in-volumul-exporturilor-romaniei\/#respond"]}]},{"@type":"WebPage","@id":"https:\/\/carpathiacenter.ro\/ciolacu-este-vital-sa-ne-sustinem-industria-auto-are-un-rol-crucial-in-volumul-exporturilor-romaniei\/","url":"https:\/\/carpathiacenter.ro\/ciolacu-este-vital-sa-ne-sustinem-industria-auto-are-un-rol-crucial-in-volumul-exporturilor-romaniei\/","name":"Ciolacu: Este vital s\u0103 ne sus\u0163inem industria auto; are un rol crucial \u00een volumul exporturilor Rom\u00e2niei - Carpathia Center Romania","isPartOf":{"@id":"https:\/\/carpathiacenter.ro\/#website"},"primaryImageOfPage":{"@id":"https:\/\/carpathiacenter.ro\/ciolacu-este-vital-sa-ne-sustinem-industria-auto-are-un-rol-crucial-in-volumul-exporturilor-romaniei\/#primaryimage"},"image":{"@id":"https:\/\/carpathiacenter.ro\/ciolacu-este-vital-sa-ne-sustinem-industria-auto-are-un-rol-crucial-in-volumul-exporturilor-romaniei\/#primaryimage"},"thumbnailUrl":"https:\/\/carpathiacenter.ro\/wp-content\/uploads\/2024\/10\/Marcel-Ciolacu.webp","datePublished":"2024-10-17T18:54:29+00:00","breadcrumb":{"@id":"https:\/\/carpathiacenter.ro\/ciolacu-este-vital-sa-ne-sustinem-industria-auto-are-un-rol-crucial-in-volumul-exporturilor-romaniei\/#breadcrumb"},"inLanguage":"en-GB","potentialAction":[{"@type":"ReadAction","target":["https:\/\/carpathiacenter.ro\/ciolacu-este-vital-sa-ne-sustinem-industria-auto-are-un-rol-crucial-in-volumul-exporturilor-romaniei\/"]}]},{"@type":"ImageObject","inLanguage":"en-GB","@id":"https:\/\/carpathiacenter.ro\/ciolacu-este-vital-sa-ne-sustinem-industria-auto-are-un-rol-crucial-in-volumul-exporturilor-romaniei\/#primaryimage","url":"https:\/\/carpathiacenter.ro\/wp-content\/uploads\/2024\/10\/Marcel-Ciolacu.webp","contentUrl":"https:\/\/carpathiacenter.ro\/wp-content\/uploads\/2024\/10\/Marcel-Ciolacu.webp","width":800,"height":533},{"@type":"BreadcrumbList","@id":"https:\/\/carpathiacenter.ro\/ciolacu-este-vital-sa-ne-sustinem-industria-auto-are-un-rol-crucial-in-volumul-exporturilor-romaniei\/#breadcrumb","itemListElement":[{"@type":"ListItem","position":1,"name":"Prima pagin\u0103","item":"https:\/\/carpathiacenter.ro\/"},{"@type":"ListItem","position":2,"name":"Ciolacu: Este vital s\u0103 ne sus\u0163inem industria auto; are un rol crucial \u00een volumul exporturilor Rom\u00e2niei"}]},{"@type":"WebSite","@id":"https:\/\/carpathiacenter.ro\/#website","url":"https:\/\/carpathiacenter.ro\/","name":"Carpathia Center Romania","description":"Impossible made possible!","publisher":{"@id":"https:\/\/carpathiacenter.ro\/#organization"},"potentialAction":[{"@type":"SearchAction","target":{"@type":"EntryPoint","urlTemplate":"https:\/\/carpathiacenter.ro\/?s={search_term_string}"},"query-input":{"@type":"PropertyValueSpecification","valueRequired":true,"valueName":"search_term_string"}}],"inLanguage":"en-GB"},{"@type":"Organization","@id":"https:\/\/carpathiacenter.ro\/#organization","name":"Carpathia Center Romania","url":"https:\/\/carpathiacenter.ro\/","logo":{"@type":"ImageObject","inLanguage":"en-GB","@id":"https:\/\/carpathiacenter.ro\/#\/schema\/logo\/image\/","url":"https:\/\/carpathiacenter.ro\/wp-content\/uploads\/2024\/07\/logo-carpathia_bg_white-1024x941.png","contentUrl":"https:\/\/carpathiacenter.ro\/wp-content\/uploads\/2024\/07\/logo-carpathia_bg_white-1024x941.png","width":1024,"height":941,"caption":"Carpathia Center Romania"},"image":{"@id":"https:\/\/carpathiacenter.ro\/#\/schema\/logo\/image\/"},"sameAs":["https:\/\/www.facebook.com\/fdpscarpathia\/"]},{"@type":"Person","@id":"https:\/\/carpathiacenter.ro\/#\/schema\/person\/03d9f58202fee8379268f34afa195006","name":"creativebitsolutions","image":{"@type":"ImageObject","inLanguage":"en-GB","@id":"https:\/\/carpathiacenter.ro\/#\/schema\/person\/image\/","url":"https:\/\/secure.gravatar.com\/avatar\/1b1a13e37f847c635dab78348f1dff2f07651ee2a3d77a5c355a4b8c75f9165a?s=96&d=mm&r=g","contentUrl":"https:\/\/secure.gravatar.com\/avatar\/1b1a13e37f847c635dab78348f1dff2f07651ee2a3d77a5c355a4b8c75f9165a?s=96&d=mm&r=g","caption":"creativebitsolutions"},"url":"https:\/\/carpathiacenter.ro\/en\/author\/creativebitsolutions\/"}]}},"_links":{"self":[{"href":"https:\/\/carpathiacenter.ro\/en\/wp-json\/wp\/v2\/posts\/1424","targetHints":{"allow":["GET"]}}],"collection":[{"href":"https:\/\/carpathiacenter.ro\/en\/wp-json\/wp\/v2\/posts"}],"about":[{"href":"https:\/\/carpathiacenter.ro\/en\/wp-json\/wp\/v2\/types\/post"}],"author":[{"embeddable":true,"href":"https:\/\/carpathiacenter.ro\/en\/wp-json\/wp\/v2\/users\/4"}],"replies":[{"embeddable":true,"href":"https:\/\/carpathiacenter.ro\/en\/wp-json\/wp\/v2\/comments?post=1424"}],"version-history":[{"count":1,"href":"https:\/\/carpathiacenter.ro\/en\/wp-json\/wp\/v2\/posts\/1424\/revisions"}],"predecessor-version":[{"id":1426,"href":"https:\/\/carpathiacenter.ro\/en\/wp-json\/wp\/v2\/posts\/1424\/revisions\/1426"}],"wp:featuredmedia":[{"embeddable":true,"href":"https:\/\/carpathiacenter.ro\/en\/wp-json\/wp\/v2\/media\/1425"}],"wp:attachment":[{"href":"https:\/\/carpathiacenter.ro\/en\/wp-json\/wp\/v2\/media?parent=1424"}],"wp:term":[{"taxonomy":"category","embeddable":true,"href":"https:\/\/carpathiacenter.ro\/en\/wp-json\/wp\/v2\/categories?post=1424"},{"taxonomy":"post_tag","embeddable":true,"href":"https:\/\/carpathiacenter.ro\/en\/wp-json\/wp\/v2\/tags?post=1424"}],"curies":[{"name":"wp","href":"https:\/\/api.w.org\/{rel}","templated":true}]}}