{"id":1422,"date":"2024-10-16T15:10:53","date_gmt":"2024-10-16T15:10:53","guid":{"rendered":"https:\/\/carpathiacenter.ro\/?p=1422"},"modified":"2024-10-16T15:10:53","modified_gmt":"2024-10-16T15:10:53","slug":"miercuri-sedinta-de-guvern-proiect-de-lege-privind-autorizarea-si-supravegherea-activitatii-de-asigurare-si-reasigurare-pe-agenda","status":"publish","type":"post","link":"https:\/\/carpathiacenter.ro\/en\/miercuri-sedinta-de-guvern-proiect-de-lege-privind-autorizarea-si-supravegherea-activitatii-de-asigurare-si-reasigurare-pe-agenda\/","title":{"rendered":"Miercuri \u2013 \u015fedin\u0163\u0103 de Guvern; proiect de lege privind autorizarea \u015fi supravegherea activit\u0103\u0163ii de asigurare \u015fi reasigurare, pe agend\u0103"},"content":{"rendered":"<div class=\"tdb-block-inner td-fix-index\">\n<p><strong>Guvernul se reune\u015fte miercuri \u00een \u015fedin\u0163a s\u0103pt\u0103m\u00e2nal\u0103, urm\u00e2nd s\u0103 aprobe, printre altele, un proiect pentru completarea Legii nr. 237\/2015 privind autorizarea \u015fi supravegherea activit\u0103\u0163ii de asigurare \u015fi reasigurare.<\/strong><\/p>\n<p>\u201cPrin proiectul de act normativ sunt introduse cerin\u0163e privind transmiterea de c\u0103tre ASF c\u0103tre un punct unic de acces la nivel european (ESAP) a informa\u0163iilor din raportul privind solvabilitatea \u015fi situa\u0163ia financiar\u0103 pe care societ\u0103\u0163ile de asigurare \u015fi reasigurare \u00eel public\u0103 anual \u015fi \u00eel transmit ASF. Scopul acestei platforme este de a asigura accesul electronic, \u00eentr-un mod structurat, la toate informa\u0163iile relevante pentru a permite factorilor de decizie din economie \u015fi societate s\u0103 ia decizii corecte care s\u0103 contribuie la func\u0163ionarea eficient\u0103 a pie\u0163ei. De asemenea, ofer\u0103 oportunit\u0103\u0163i de dezvoltare, de vizibilitate \u015fi de inovare pentru societ\u0103\u0163ile de dimensiuni mici\u201d, se arat\u0103 \u00een expunerea de motive a proiectului.<\/p>\n<p>Pentru a se asigura tranzi\u0163ia verde la nivelul UE, este esen\u0163ial ca informa\u0163ii referitoare la durabilitate \u015fi guvernan\u0163a social\u0103 s\u0103 poat\u0103 fi accesate cu u\u015furin\u0163\u0103 de c\u0103tre investitori, astfel \u00eenc\u00e2t ace\u015ftia s\u0103 fie mai bine informa\u0163i atunci c\u00e2nd iau decizii, se explic\u0103 \u00een document.<\/p>\n<p><strong>Executivul va mai discuta un proiect de ordonan\u0163\u0103 de urgen\u0163\u0103 privind finan\u0163area de c\u0103tre Rom\u00e2nia a instruirii personalului ucrainean \u00een cadrul facilit\u0103\u0163ii pentru personalul care opereaz\u0103 aeronave F-16 din Baza 86 Aerian\u0103 Fete\u015fti.<\/strong><\/p>\n<p>\u201c\u00cen vederea organiz\u0103rii \u00een bune condi\u0163ii a activit\u0103\u0163ii de instruire a personalului ucrainean, este necesar\u0103 crearea cadrului legal pentru angajarea \u015fi efectuarea prin bugetul Ministerului Ap\u0103r\u0103rii Na\u0163ionale a cheltuielilor determinate de instruirea personalului ucrainean \u00een cadrul facilit\u0103\u0163ii de instruire pentru personalul care opereaz\u0103 aeronave F16 din Baza 86 Aerian\u0103 \u2013 Fete\u015fti. \u00cen acest sens, este necesar\u0103 aprobarea, prin Ordonan\u0163\u0103 de urgen\u0163\u0103 a Guvernului, a unor norme na\u0163ionale aplicabile din care s\u0103 rezulte cu claritate angajamentul p\u0103r\u0163ii rom\u00e2ne de a suporta cheltuielile pe care le implic\u0103 instruirea personalului ucrainean\u201d, conform notei de fundamentare a proiectului.<\/p>\n<p><strong>Pe agenda Guvernului se afl\u0103 \u015fi un proiect de hot\u0103r\u00e2re privind \u00eenfiin\u0163area societ\u0103\u0163ii Carpatica Feroviar S.A..<\/strong><\/p>\n<p>\u201cCarpatica Feroviar SA va avea obliga\u0163ia legal\u0103 de a asigura transporturile strategice ale statului rom\u00e2n. Societatea va desf\u0103\u015fura activit\u0103\u0163i: de interes strategic \u2013 pentru asigurarea necesit\u0103\u0163ii de mobilitate prioritizat\u0103, \u0163in\u00e2nd cont de parteneriatele Rom\u00e2niei rezultate din obliga\u0163iile sale interna\u0163ionale \u015fi de nevoia de acoperire a transportului de marf\u0103 \u00een situa\u0163ii de criz\u0103; comerciale \u2013 fiind o societate cu capital de stat, finan\u0163at\u0103 din surse proprii, ce va realiza transporturile feroviare de marf\u0103, venind \u00een completarea cerin\u0163elor pie\u0163ei de transport feroviar\u201d, se men\u0163ioneaz\u0103 \u00een nota de fundamentare.<\/p>\n<p>Printr-o alt\u0103 hot\u0103r\u00e2re, Executivul urmeaz\u0103 s\u0103 aprobe nota de fundamentare privind necesitatea \u015fi oportunitatea efectu\u0103rii cheltuielilor aferente proiectului de investi\u0163ii \u201cConectarea centrelor urbane din Rom\u00e2nia, prin introducerea serviciilor de transport feroviar de c\u0103l\u0103tori regional \u00een trac\u0163iune electric\u0103 la nivelul \u00eentregii re\u0163ele feroviare electrificate sau \u00een curs de electrificare din Rom\u00e2nia. Faza 1 \u2013 achizi\u0163ia a 58 rame electrice RE-R2 \u015fi RE-R3. Lotul 2 \u2013 Achizi\u0163ia a 24 de rame electrice RE-R3 de 200 de locuri\u201d.<\/p>\n<p>Un alt proiect de hot\u0103r\u00e2re vizeaz\u0103 Registrul Na\u0163ional de Transplant (RNT). \u201c\u00cen termen de 30 zile de la intrarea \u00een vigoare a prezentei hot\u0103r\u00e2ri, Ministerul S\u0103n\u0103t\u0103\u0163ii va emite ordinele pentru aplicarea m\u0103surilor referitoare la: atribu\u0163iile persoanelor responsabile cu gestionarea datelor din RNT; metodologia de raportare, colectare \u015fi prelucrare a datelor cu caracter personal, condi\u0163iile \u015fi limitele de acces la datele cu caracter personal, m\u0103surile \u015fi garan\u0163iile privind securitatea \u015fi confiden\u0163ialitatea datelor \u015fi informa\u0163iilor din RNT, precum \u015fi modul de \u00eendeplinire a m\u0103surilor necesare \u00een vederea inform\u0103rii persoanelor vizate asupra opera\u0163iunilor de prelucrare a datelor cu caracter personal \u015fi modul de exercitare a drepturilor acestora; listele specifice tipurilor de transplant \u015fi liste de donatori\u201d, indic\u0103 nota de fundamentare a proiectului.<\/p>\n<p>\u00cen analiza Guvernului se afl\u0103 \u015fi o serie de hot\u0103r\u00e2ri privind suplimentarea bugetelor mai multor ministere, printre care Ministerul Justi\u0163iei, Ministerul Economiei \u015fi Ministerul Mediului. AGERPRES\/(AS \u2013 autor: Daniel Florea, editor: Claudia St\u0103nescu, editor online: Andreea Preda)<\/p>\n<p>Sursa: <a href=\"https:\/\/www.agerpres.ro\/politica\/2024\/10\/16\/miercuri-sedinta-de-guvern-proiect-de-lege-privind-autorizarea-si-supravegherea-activitatii-de-asigurare-si-reasigurare-pe-agenda--1371339\" target=\"_blank\" rel=\"noopener\" title=\"\">https:\/\/www.agerpres.ro\/politica\/2024\/10\/16\/miercuri-sedinta-de-guvern-proiect-de-lege-privind-autorizarea-si-supravegherea-activitatii-de-asigurare-si-reasigurare-pe-agenda\u20131371339<\/a><\/p>\n<\/div>","protected":false},"excerpt":{"rendered":"<p>Guvernul se reune\u015fte miercuri \u00een \u015fedin\u0163a s\u0103pt\u0103m\u00e2nal\u0103, urm\u00e2nd s\u0103 aprobe, printre altele, un proiect pentru completarea Legii nr. 237\/2015 privind autorizarea \u015fi supravegherea activit\u0103\u0163ii de asigurare \u015fi reasigurare. \u201cPrin proiectul de act normativ sunt introduse cerin\u0163e privind transmiterea de c\u0103tre ASF c\u0103tre un punct unic de acces la nivel european (ESAP) a informa\u0163iilor din raportul&#8230;<\/p>","protected":false},"author":4,"featured_media":1418,"comment_status":"open","ping_status":"open","sticky":false,"template":"","format":"standard","meta":{"footnotes":""},"categories":[1],"tags":[],"class_list":["post-1422","post","type-post","status-publish","format-standard","has-post-thumbnail","hentry","category-uncategorized"],"yoast_head":"<!-- This site is optimized with the Yoast SEO plugin v26.1.1 - https:\/\/yoast.com\/wordpress\/plugins\/seo\/ -->\n<title>Miercuri \u2013 \u015fedin\u0163\u0103 de Guvern; proiect de lege privind autorizarea \u015fi supravegherea activit\u0103\u0163ii de asigurare \u015fi reasigurare, pe agend\u0103 - Carpathia Center Romania<\/title>\n<meta name=\"robots\" content=\"index, follow, max-snippet:-1, max-image-preview:large, max-video-preview:-1\" \/>\n<link rel=\"canonical\" href=\"https:\/\/carpathiacenter.ro\/en\/miercuri-sedinta-de-guvern-proiect-de-lege-privind-autorizarea-si-supravegherea-activitatii-de-asigurare-si-reasigurare-pe-agenda\/\" \/>\n<meta property=\"og:locale\" content=\"en_GB\" \/>\n<meta property=\"og:type\" content=\"article\" \/>\n<meta property=\"og:title\" content=\"Miercuri \u2013 \u015fedin\u0163\u0103 de Guvern; proiect de lege privind autorizarea \u015fi supravegherea activit\u0103\u0163ii de asigurare \u015fi reasigurare, pe agend\u0103 - Carpathia Center Romania\" \/>\n<meta property=\"og:description\" content=\"Guvernul se reune\u015fte miercuri \u00een \u015fedin\u0163a s\u0103pt\u0103m\u00e2nal\u0103, urm\u00e2nd s\u0103 aprobe, printre altele, un proiect pentru completarea Legii nr. 237\/2015 privind autorizarea \u015fi supravegherea activit\u0103\u0163ii de asigurare \u015fi reasigurare. \u201cPrin proiectul de act normativ sunt introduse cerin\u0163e privind transmiterea de c\u0103tre ASF c\u0103tre un punct unic de acces la nivel european (ESAP) a informa\u0163iilor din raportul...\" \/>\n<meta property=\"og:url\" content=\"https:\/\/carpathiacenter.ro\/en\/miercuri-sedinta-de-guvern-proiect-de-lege-privind-autorizarea-si-supravegherea-activitatii-de-asigurare-si-reasigurare-pe-agenda\/\" \/>\n<meta property=\"og:site_name\" content=\"Carpathia Center Romania\" \/>\n<meta property=\"article:publisher\" content=\"https:\/\/www.facebook.com\/fdpscarpathia\/\" \/>\n<meta property=\"article:published_time\" content=\"2024-10-16T15:10:53+00:00\" \/>\n<meta property=\"og:image\" content=\"https:\/\/carpathiacenter.ro\/wp-content\/uploads\/2024\/10\/sedinta-de-guvern.jpg\" \/>\n\t<meta property=\"og:image:width\" content=\"970\" \/>\n\t<meta property=\"og:image:height\" content=\"646\" \/>\n\t<meta property=\"og:image:type\" content=\"image\/jpeg\" \/>\n<meta name=\"author\" content=\"creativebitsolutions\" \/>\n<meta name=\"twitter:card\" content=\"summary_large_image\" \/>\n<meta name=\"twitter:label1\" content=\"Written by\" \/>\n\t<meta name=\"twitter:data1\" content=\"creativebitsolutions\" \/>\n\t<meta name=\"twitter:label2\" content=\"Estimated reading time\" \/>\n\t<meta name=\"twitter:data2\" content=\"4 minutes\" \/>\n<script type=\"application\/ld+json\" class=\"yoast-schema-graph\">{\"@context\":\"https:\/\/schema.org\",\"@graph\":[{\"@type\":\"Article\",\"@id\":\"https:\/\/carpathiacenter.ro\/miercuri-sedinta-de-guvern-proiect-de-lege-privind-autorizarea-si-supravegherea-activitatii-de-asigurare-si-reasigurare-pe-agenda\/#article\",\"isPartOf\":{\"@id\":\"https:\/\/carpathiacenter.ro\/miercuri-sedinta-de-guvern-proiect-de-lege-privind-autorizarea-si-supravegherea-activitatii-de-asigurare-si-reasigurare-pe-agenda\/\"},\"author\":{\"name\":\"creativebitsolutions\",\"@id\":\"https:\/\/carpathiacenter.ro\/#\/schema\/person\/03d9f58202fee8379268f34afa195006\"},\"headline\":\"Miercuri \u2013 \u015fedin\u0163\u0103 de Guvern; proiect de lege privind autorizarea \u015fi supravegherea activit\u0103\u0163ii de asigurare \u015fi reasigurare, pe agend\u0103\",\"datePublished\":\"2024-10-16T15:10:53+00:00\",\"mainEntityOfPage\":{\"@id\":\"https:\/\/carpathiacenter.ro\/miercuri-sedinta-de-guvern-proiect-de-lege-privind-autorizarea-si-supravegherea-activitatii-de-asigurare-si-reasigurare-pe-agenda\/\"},\"wordCount\":750,\"commentCount\":0,\"publisher\":{\"@id\":\"https:\/\/carpathiacenter.ro\/#organization\"},\"image\":{\"@id\":\"https:\/\/carpathiacenter.ro\/miercuri-sedinta-de-guvern-proiect-de-lege-privind-autorizarea-si-supravegherea-activitatii-de-asigurare-si-reasigurare-pe-agenda\/#primaryimage\"},\"thumbnailUrl\":\"https:\/\/carpathiacenter.ro\/wp-content\/uploads\/2024\/10\/sedinta-de-guvern.jpg\",\"articleSection\":[\"Uncategorized\"],\"inLanguage\":\"en-GB\",\"potentialAction\":[{\"@type\":\"CommentAction\",\"name\":\"Comment\",\"target\":[\"https:\/\/carpathiacenter.ro\/miercuri-sedinta-de-guvern-proiect-de-lege-privind-autorizarea-si-supravegherea-activitatii-de-asigurare-si-reasigurare-pe-agenda\/#respond\"]}]},{\"@type\":\"WebPage\",\"@id\":\"https:\/\/carpathiacenter.ro\/miercuri-sedinta-de-guvern-proiect-de-lege-privind-autorizarea-si-supravegherea-activitatii-de-asigurare-si-reasigurare-pe-agenda\/\",\"url\":\"https:\/\/carpathiacenter.ro\/miercuri-sedinta-de-guvern-proiect-de-lege-privind-autorizarea-si-supravegherea-activitatii-de-asigurare-si-reasigurare-pe-agenda\/\",\"name\":\"Miercuri \u2013 \u015fedin\u0163\u0103 de Guvern; proiect de lege privind autorizarea \u015fi supravegherea activit\u0103\u0163ii de asigurare \u015fi reasigurare, pe agend\u0103 - Carpathia Center Romania\",\"isPartOf\":{\"@id\":\"https:\/\/carpathiacenter.ro\/#website\"},\"primaryImageOfPage\":{\"@id\":\"https:\/\/carpathiacenter.ro\/miercuri-sedinta-de-guvern-proiect-de-lege-privind-autorizarea-si-supravegherea-activitatii-de-asigurare-si-reasigurare-pe-agenda\/#primaryimage\"},\"image\":{\"@id\":\"https:\/\/carpathiacenter.ro\/miercuri-sedinta-de-guvern-proiect-de-lege-privind-autorizarea-si-supravegherea-activitatii-de-asigurare-si-reasigurare-pe-agenda\/#primaryimage\"},\"thumbnailUrl\":\"https:\/\/carpathiacenter.ro\/wp-content\/uploads\/2024\/10\/sedinta-de-guvern.jpg\",\"datePublished\":\"2024-10-16T15:10:53+00:00\",\"breadcrumb\":{\"@id\":\"https:\/\/carpathiacenter.ro\/miercuri-sedinta-de-guvern-proiect-de-lege-privind-autorizarea-si-supravegherea-activitatii-de-asigurare-si-reasigurare-pe-agenda\/#breadcrumb\"},\"inLanguage\":\"en-GB\",\"potentialAction\":[{\"@type\":\"ReadAction\",\"target\":[\"https:\/\/carpathiacenter.ro\/miercuri-sedinta-de-guvern-proiect-de-lege-privind-autorizarea-si-supravegherea-activitatii-de-asigurare-si-reasigurare-pe-agenda\/\"]}]},{\"@type\":\"ImageObject\",\"inLanguage\":\"en-GB\",\"@id\":\"https:\/\/carpathiacenter.ro\/miercuri-sedinta-de-guvern-proiect-de-lege-privind-autorizarea-si-supravegherea-activitatii-de-asigurare-si-reasigurare-pe-agenda\/#primaryimage\",\"url\":\"https:\/\/carpathiacenter.ro\/wp-content\/uploads\/2024\/10\/sedinta-de-guvern.jpg\",\"contentUrl\":\"https:\/\/carpathiacenter.ro\/wp-content\/uploads\/2024\/10\/sedinta-de-guvern.jpg\",\"width\":970,\"height\":646},{\"@type\":\"BreadcrumbList\",\"@id\":\"https:\/\/carpathiacenter.ro\/miercuri-sedinta-de-guvern-proiect-de-lege-privind-autorizarea-si-supravegherea-activitatii-de-asigurare-si-reasigurare-pe-agenda\/#breadcrumb\",\"itemListElement\":[{\"@type\":\"ListItem\",\"position\":1,\"name\":\"Prima pagin\u0103\",\"item\":\"https:\/\/carpathiacenter.ro\/\"},{\"@type\":\"ListItem\",\"position\":2,\"name\":\"Miercuri \u2013 \u015fedin\u0163\u0103 de Guvern; proiect de lege privind autorizarea \u015fi supravegherea activit\u0103\u0163ii de asigurare \u015fi reasigurare, pe agend\u0103\"}]},{\"@type\":\"WebSite\",\"@id\":\"https:\/\/carpathiacenter.ro\/#website\",\"url\":\"https:\/\/carpathiacenter.ro\/\",\"name\":\"Carpathia Center Romania\",\"description\":\"Impossible made possible!\",\"publisher\":{\"@id\":\"https:\/\/carpathiacenter.ro\/#organization\"},\"potentialAction\":[{\"@type\":\"SearchAction\",\"target\":{\"@type\":\"EntryPoint\",\"urlTemplate\":\"https:\/\/carpathiacenter.ro\/?s={search_term_string}\"},\"query-input\":{\"@type\":\"PropertyValueSpecification\",\"valueRequired\":true,\"valueName\":\"search_term_string\"}}],\"inLanguage\":\"en-GB\"},{\"@type\":\"Organization\",\"@id\":\"https:\/\/carpathiacenter.ro\/#organization\",\"name\":\"Carpathia Center Romania\",\"url\":\"https:\/\/carpathiacenter.ro\/\",\"logo\":{\"@type\":\"ImageObject\",\"inLanguage\":\"en-GB\",\"@id\":\"https:\/\/carpathiacenter.ro\/#\/schema\/logo\/image\/\",\"url\":\"https:\/\/carpathiacenter.ro\/wp-content\/uploads\/2024\/07\/logo-carpathia_bg_white-1024x941.png\",\"contentUrl\":\"https:\/\/carpathiacenter.ro\/wp-content\/uploads\/2024\/07\/logo-carpathia_bg_white-1024x941.png\",\"width\":1024,\"height\":941,\"caption\":\"Carpathia Center Romania\"},\"image\":{\"@id\":\"https:\/\/carpathiacenter.ro\/#\/schema\/logo\/image\/\"},\"sameAs\":[\"https:\/\/www.facebook.com\/fdpscarpathia\/\"]},{\"@type\":\"Person\",\"@id\":\"https:\/\/carpathiacenter.ro\/#\/schema\/person\/03d9f58202fee8379268f34afa195006\",\"name\":\"creativebitsolutions\",\"image\":{\"@type\":\"ImageObject\",\"inLanguage\":\"en-GB\",\"@id\":\"https:\/\/carpathiacenter.ro\/#\/schema\/person\/image\/\",\"url\":\"https:\/\/secure.gravatar.com\/avatar\/1b1a13e37f847c635dab78348f1dff2f07651ee2a3d77a5c355a4b8c75f9165a?s=96&d=mm&r=g\",\"contentUrl\":\"https:\/\/secure.gravatar.com\/avatar\/1b1a13e37f847c635dab78348f1dff2f07651ee2a3d77a5c355a4b8c75f9165a?s=96&d=mm&r=g\",\"caption\":\"creativebitsolutions\"},\"url\":\"https:\/\/carpathiacenter.ro\/en\/author\/creativebitsolutions\/\"}]}<\/script>\n<!-- \/ Yoast SEO plugin. -->","yoast_head_json":{"title":"Miercuri \u2013 \u015fedin\u0163\u0103 de Guvern; proiect de lege privind autorizarea \u015fi supravegherea activit\u0103\u0163ii de asigurare \u015fi reasigurare, pe agend\u0103 - Carpathia Center Romania","robots":{"index":"index","follow":"follow","max-snippet":"max-snippet:-1","max-image-preview":"max-image-preview:large","max-video-preview":"max-video-preview:-1"},"canonical":"https:\/\/carpathiacenter.ro\/en\/miercuri-sedinta-de-guvern-proiect-de-lege-privind-autorizarea-si-supravegherea-activitatii-de-asigurare-si-reasigurare-pe-agenda\/","og_locale":"en_GB","og_type":"article","og_title":"Miercuri \u2013 \u015fedin\u0163\u0103 de Guvern; proiect de lege privind autorizarea \u015fi supravegherea activit\u0103\u0163ii de asigurare \u015fi reasigurare, pe agend\u0103 - Carpathia Center Romania","og_description":"Guvernul se reune\u015fte miercuri \u00een \u015fedin\u0163a s\u0103pt\u0103m\u00e2nal\u0103, urm\u00e2nd s\u0103 aprobe, printre altele, un proiect pentru completarea Legii nr. 237\/2015 privind autorizarea \u015fi supravegherea activit\u0103\u0163ii de asigurare \u015fi reasigurare. \u201cPrin proiectul de act normativ sunt introduse cerin\u0163e privind transmiterea de c\u0103tre ASF c\u0103tre un punct unic de acces la nivel european (ESAP) a informa\u0163iilor din raportul...","og_url":"https:\/\/carpathiacenter.ro\/en\/miercuri-sedinta-de-guvern-proiect-de-lege-privind-autorizarea-si-supravegherea-activitatii-de-asigurare-si-reasigurare-pe-agenda\/","og_site_name":"Carpathia Center Romania","article_publisher":"https:\/\/www.facebook.com\/fdpscarpathia\/","article_published_time":"2024-10-16T15:10:53+00:00","og_image":[{"width":970,"height":646,"url":"https:\/\/carpathiacenter.ro\/wp-content\/uploads\/2024\/10\/sedinta-de-guvern.jpg","type":"image\/jpeg"}],"author":"creativebitsolutions","twitter_card":"summary_large_image","twitter_misc":{"Written by":"creativebitsolutions","Estimated reading time":"4 minutes"},"schema":{"@context":"https:\/\/schema.org","@graph":[{"@type":"Article","@id":"https:\/\/carpathiacenter.ro\/miercuri-sedinta-de-guvern-proiect-de-lege-privind-autorizarea-si-supravegherea-activitatii-de-asigurare-si-reasigurare-pe-agenda\/#article","isPartOf":{"@id":"https:\/\/carpathiacenter.ro\/miercuri-sedinta-de-guvern-proiect-de-lege-privind-autorizarea-si-supravegherea-activitatii-de-asigurare-si-reasigurare-pe-agenda\/"},"author":{"name":"creativebitsolutions","@id":"https:\/\/carpathiacenter.ro\/#\/schema\/person\/03d9f58202fee8379268f34afa195006"},"headline":"Miercuri \u2013 \u015fedin\u0163\u0103 de Guvern; proiect de lege privind autorizarea \u015fi supravegherea activit\u0103\u0163ii de asigurare \u015fi reasigurare, pe agend\u0103","datePublished":"2024-10-16T15:10:53+00:00","mainEntityOfPage":{"@id":"https:\/\/carpathiacenter.ro\/miercuri-sedinta-de-guvern-proiect-de-lege-privind-autorizarea-si-supravegherea-activitatii-de-asigurare-si-reasigurare-pe-agenda\/"},"wordCount":750,"commentCount":0,"publisher":{"@id":"https:\/\/carpathiacenter.ro\/#organization"},"image":{"@id":"https:\/\/carpathiacenter.ro\/miercuri-sedinta-de-guvern-proiect-de-lege-privind-autorizarea-si-supravegherea-activitatii-de-asigurare-si-reasigurare-pe-agenda\/#primaryimage"},"thumbnailUrl":"https:\/\/carpathiacenter.ro\/wp-content\/uploads\/2024\/10\/sedinta-de-guvern.jpg","articleSection":["Uncategorized"],"inLanguage":"en-GB","potentialAction":[{"@type":"CommentAction","name":"Comment","target":["https:\/\/carpathiacenter.ro\/miercuri-sedinta-de-guvern-proiect-de-lege-privind-autorizarea-si-supravegherea-activitatii-de-asigurare-si-reasigurare-pe-agenda\/#respond"]}]},{"@type":"WebPage","@id":"https:\/\/carpathiacenter.ro\/miercuri-sedinta-de-guvern-proiect-de-lege-privind-autorizarea-si-supravegherea-activitatii-de-asigurare-si-reasigurare-pe-agenda\/","url":"https:\/\/carpathiacenter.ro\/miercuri-sedinta-de-guvern-proiect-de-lege-privind-autorizarea-si-supravegherea-activitatii-de-asigurare-si-reasigurare-pe-agenda\/","name":"Miercuri \u2013 \u015fedin\u0163\u0103 de Guvern; proiect de lege privind autorizarea \u015fi supravegherea activit\u0103\u0163ii de asigurare \u015fi reasigurare, pe agend\u0103 - Carpathia Center Romania","isPartOf":{"@id":"https:\/\/carpathiacenter.ro\/#website"},"primaryImageOfPage":{"@id":"https:\/\/carpathiacenter.ro\/miercuri-sedinta-de-guvern-proiect-de-lege-privind-autorizarea-si-supravegherea-activitatii-de-asigurare-si-reasigurare-pe-agenda\/#primaryimage"},"image":{"@id":"https:\/\/carpathiacenter.ro\/miercuri-sedinta-de-guvern-proiect-de-lege-privind-autorizarea-si-supravegherea-activitatii-de-asigurare-si-reasigurare-pe-agenda\/#primaryimage"},"thumbnailUrl":"https:\/\/carpathiacenter.ro\/wp-content\/uploads\/2024\/10\/sedinta-de-guvern.jpg","datePublished":"2024-10-16T15:10:53+00:00","breadcrumb":{"@id":"https:\/\/carpathiacenter.ro\/miercuri-sedinta-de-guvern-proiect-de-lege-privind-autorizarea-si-supravegherea-activitatii-de-asigurare-si-reasigurare-pe-agenda\/#breadcrumb"},"inLanguage":"en-GB","potentialAction":[{"@type":"ReadAction","target":["https:\/\/carpathiacenter.ro\/miercuri-sedinta-de-guvern-proiect-de-lege-privind-autorizarea-si-supravegherea-activitatii-de-asigurare-si-reasigurare-pe-agenda\/"]}]},{"@type":"ImageObject","inLanguage":"en-GB","@id":"https:\/\/carpathiacenter.ro\/miercuri-sedinta-de-guvern-proiect-de-lege-privind-autorizarea-si-supravegherea-activitatii-de-asigurare-si-reasigurare-pe-agenda\/#primaryimage","url":"https:\/\/carpathiacenter.ro\/wp-content\/uploads\/2024\/10\/sedinta-de-guvern.jpg","contentUrl":"https:\/\/carpathiacenter.ro\/wp-content\/uploads\/2024\/10\/sedinta-de-guvern.jpg","width":970,"height":646},{"@type":"BreadcrumbList","@id":"https:\/\/carpathiacenter.ro\/miercuri-sedinta-de-guvern-proiect-de-lege-privind-autorizarea-si-supravegherea-activitatii-de-asigurare-si-reasigurare-pe-agenda\/#breadcrumb","itemListElement":[{"@type":"ListItem","position":1,"name":"Prima pagin\u0103","item":"https:\/\/carpathiacenter.ro\/"},{"@type":"ListItem","position":2,"name":"Miercuri \u2013 \u015fedin\u0163\u0103 de Guvern; proiect de lege privind autorizarea \u015fi supravegherea activit\u0103\u0163ii de asigurare \u015fi reasigurare, pe agend\u0103"}]},{"@type":"WebSite","@id":"https:\/\/carpathiacenter.ro\/#website","url":"https:\/\/carpathiacenter.ro\/","name":"Carpathia Center Romania","description":"Impossible made possible!","publisher":{"@id":"https:\/\/carpathiacenter.ro\/#organization"},"potentialAction":[{"@type":"SearchAction","target":{"@type":"EntryPoint","urlTemplate":"https:\/\/carpathiacenter.ro\/?s={search_term_string}"},"query-input":{"@type":"PropertyValueSpecification","valueRequired":true,"valueName":"search_term_string"}}],"inLanguage":"en-GB"},{"@type":"Organization","@id":"https:\/\/carpathiacenter.ro\/#organization","name":"Carpathia Center Romania","url":"https:\/\/carpathiacenter.ro\/","logo":{"@type":"ImageObject","inLanguage":"en-GB","@id":"https:\/\/carpathiacenter.ro\/#\/schema\/logo\/image\/","url":"https:\/\/carpathiacenter.ro\/wp-content\/uploads\/2024\/07\/logo-carpathia_bg_white-1024x941.png","contentUrl":"https:\/\/carpathiacenter.ro\/wp-content\/uploads\/2024\/07\/logo-carpathia_bg_white-1024x941.png","width":1024,"height":941,"caption":"Carpathia Center Romania"},"image":{"@id":"https:\/\/carpathiacenter.ro\/#\/schema\/logo\/image\/"},"sameAs":["https:\/\/www.facebook.com\/fdpscarpathia\/"]},{"@type":"Person","@id":"https:\/\/carpathiacenter.ro\/#\/schema\/person\/03d9f58202fee8379268f34afa195006","name":"creativebitsolutions","image":{"@type":"ImageObject","inLanguage":"en-GB","@id":"https:\/\/carpathiacenter.ro\/#\/schema\/person\/image\/","url":"https:\/\/secure.gravatar.com\/avatar\/1b1a13e37f847c635dab78348f1dff2f07651ee2a3d77a5c355a4b8c75f9165a?s=96&d=mm&r=g","contentUrl":"https:\/\/secure.gravatar.com\/avatar\/1b1a13e37f847c635dab78348f1dff2f07651ee2a3d77a5c355a4b8c75f9165a?s=96&d=mm&r=g","caption":"creativebitsolutions"},"url":"https:\/\/carpathiacenter.ro\/en\/author\/creativebitsolutions\/"}]}},"_links":{"self":[{"href":"https:\/\/carpathiacenter.ro\/en\/wp-json\/wp\/v2\/posts\/1422","targetHints":{"allow":["GET"]}}],"collection":[{"href":"https:\/\/carpathiacenter.ro\/en\/wp-json\/wp\/v2\/posts"}],"about":[{"href":"https:\/\/carpathiacenter.ro\/en\/wp-json\/wp\/v2\/types\/post"}],"author":[{"embeddable":true,"href":"https:\/\/carpathiacenter.ro\/en\/wp-json\/wp\/v2\/users\/4"}],"replies":[{"embeddable":true,"href":"https:\/\/carpathiacenter.ro\/en\/wp-json\/wp\/v2\/comments?post=1422"}],"version-history":[{"count":1,"href":"https:\/\/carpathiacenter.ro\/en\/wp-json\/wp\/v2\/posts\/1422\/revisions"}],"predecessor-version":[{"id":1423,"href":"https:\/\/carpathiacenter.ro\/en\/wp-json\/wp\/v2\/posts\/1422\/revisions\/1423"}],"wp:featuredmedia":[{"embeddable":true,"href":"https:\/\/carpathiacenter.ro\/en\/wp-json\/wp\/v2\/media\/1418"}],"wp:attachment":[{"href":"https:\/\/carpathiacenter.ro\/en\/wp-json\/wp\/v2\/media?parent=1422"}],"wp:term":[{"taxonomy":"category","embeddable":true,"href":"https:\/\/carpathiacenter.ro\/en\/wp-json\/wp\/v2\/categories?post=1422"},{"taxonomy":"post_tag","embeddable":true,"href":"https:\/\/carpathiacenter.ro\/en\/wp-json\/wp\/v2\/tags?post=1422"}],"curies":[{"name":"wp","href":"https:\/\/api.w.org\/{rel}","templated":true}]}}