{"id":1411,"date":"2024-10-15T11:35:58","date_gmt":"2024-10-15T11:35:58","guid":{"rendered":"https:\/\/carpathiacenter.ro\/?p=1411"},"modified":"2024-10-15T11:37:05","modified_gmt":"2024-10-15T11:37:05","slug":"ministrul-sebastian-burduja-participa-marti-la-reuniunea-consiliului-transporturi-telecomunicatii-si-energie","status":"publish","type":"post","link":"https:\/\/carpathiacenter.ro\/en\/ministrul-sebastian-burduja-participa-marti-la-reuniunea-consiliului-transporturi-telecomunicatii-si-energie\/","title":{"rendered":"Ministrul Sebastian Burduja particip\u0103 mar\u0163i la Reuniunea Consiliului Transporturi, Telecomunica\u0163ii \u015fi Energie"},"content":{"rendered":"<div class=\"tdb-block-inner td-fix-index\">\n<p>Ministrul Energiei, Sebastian Burduja, particip\u0103 mar\u0163i la Reuniunea Consiliului Transporturi, Telecomunica\u0163ii \u015fi Energie, ce are loc la Luxemburg.<\/p>\n<p>Potrivit informa\u0163iilor publicate pe site-ul Consiliului European, printre temele de discu\u0163ie se num\u0103r\u0103: Contribu\u0163ia sectorului energetic la competitivitatea UE; Pre\u0163urile angro ale energiei electrice; Preg\u0103tirea pentru iarn\u0103; Starea uniunii energetice \u015fi REPowerEU.<\/p>\n<p>Astfel, potrivit sursei citate, d\u00e2nd curs recomand\u0103rilor din raportul Draghi, mini\u015ftrii vor desf\u0103\u015fura \u00een mod public un schimb de opinii cu privire la contribu\u0163ia sectorului energetic la competitivitatea Uniunii Europene.<\/p>\n<p>De asemenea, mini\u015ftrii vor purta o discu\u0163ie cu privire la divergen\u0163a pre\u0163urilor angro ale energiei electrice \u00een cadrul UE \u015fi vor discuta despre preg\u0103tirea pentru sezonul de iarn\u0103 care se apropie. Comisia le va oferi mini\u015ftrilor informa\u0163ii actualizate privind securitatea aprovizion\u0103rii \u00een UE, dup\u0103 care Herman Halu\u015fcenko, ministrul ucrainean al energiei, va prezenta situa\u0163ia energiei din Ucraina.<\/p>\n<p>Comisia \u00ee\u015fi va prezenta raportul privind starea uniunii energetice \u015fi va face un bilan\u0163 al punerii \u00een aplicare a planului REPowerEU.<\/p>\n<p>Totodat\u0103, cu ocazia reuniunii, Comisia va oferi informa\u0163ii actualizate cu privire la punerea \u00een aplicare a pachetului legislativ \u201cPreg\u0103ti\u0163i pentru 55\u201d, iar Pre\u015fedin\u0163ia \u00eei va informa pe mini\u015ftri despre Summitul privind energia geotermic\u0103, care a avut loc la Budapesta la 20 septembrie 2024.<\/p>\n<p>Ciprul va furniza informa\u0163ii cu privire la Declara\u0163ia comun\u0103 intitulat\u0103 \u201cTransformarea regiunii mediteraneene \u00eentr-un coridor de energie verde\u201d, care a fost adoptat\u0103 la 23 septembrie \u00een cadrul summitului ministerial privind energia MED9.<\/p>\n<p>Irlanda va solicita o analiz\u0103 suplimentar\u0103 din partea Comisiei Europene, precum \u015fi cooperarea statelor membre cu privire la aprovizionarea cu biocombustibili proveni\u0163i din deriva\u0163ii uleiului de palmier \u015fi cu privire la prevenirea fraudei.<\/p>\n<p>Belgia va solicita o punere \u00een aplicare coordonat\u0103 a m\u0103surilor restrictive ale UE referitoare la transbord\u0103rile de GNL rus.<\/p>\n<p>Fran\u0163a va informa delega\u0163iile cu privire la necesitatea deschiderii licita\u0163iilor B\u0103ncii Europene pentru Hidrogen pentru toate tipurile de hidrogen cu emisii sc\u0103zute de carbon.<\/p>\n<p>Republica Ceh\u0103 va informa mini\u015ftrii cu privire la Forumul european pentru energie nuclear\u0103, desf\u0103\u015furat la Praga la 30 septembrie \u015fi 1 octombrie.<\/p>\n<p>Ministrul Energiei, Sebastian Burduja, declara, la \u00eenceputul acestei luni, c\u0103 executivul comunitar a acceptat s\u0103 fie dezb\u0103tut\u0103 solicitarea comun\u0103 a Rom\u00e2niei, Bulgariei \u015fi Greciei cu privire la o pia\u0163\u0103 energetic\u0103 func\u0163ional\u0103, \u00een cadrul Consiliului de mini\u015ftri din 15 octombrie.<\/p>\n<p>\u201cA fost acceptat\u0103 solicitarea Rom\u00e2niei de c\u0103tre Comisia European\u0103, o solicitare comun\u0103 cu Bulgaria \u015fi cu Grecia, de a discuta, de a dezbate \u00een cadrul Consiliului de mini\u015ftri de la Luxemburg, din 15 octombrie, solicitarea noastr\u0103 cu privire la o pia\u0163\u0103 energetic\u0103 func\u0163ional\u0103, de fapt, o uniune energetic\u0103 a\u015fa cum \u015fi-au dorit-o p\u0103rin\u0163ii fondatori. (\u2026) Dac\u0103 noi ne oblig\u0103m \u015fi cred c\u0103 respect\u0103m regulile europene, inclusiv prin prisma procesului de decarbonizare, de tranzi\u0163ie verde, atunci sigur c\u0103 cerem s\u0103 avem acelea\u015fi drepturi, de fapt acces la energie la un pre\u0163 competitiv, comparabil cu pre\u0163ul pe care alte state \u00eel pl\u0103tesc. M\u0103 refer strict la pre\u0163urile de pe pia\u0163a zilei urm\u0103toare sau Day ahead market. Nu sunt pre\u0163uri care afecteaz\u0103 factura rom\u00e2nului de r\u00e2nd sau a companiilor care pl\u0103tesc aceste facturi la energie electric\u0103, pentru c\u0103 acolo sunt pre\u0163urile plafonate. Dar, evident, furnizorii mai cump\u0103r\u0103 \u015fi de pe pia\u0163a zilei urm\u0103toare\u201d, a explicat ministrul. AGERPRES\/(AS-autor: Nicoleta Gherasi, editor: Mariana Nica, editor online: Ady Iva\u015fcu)<\/p>\n<p>Sursa: <a href=\"https:\/\/www.agerpres.ro\/economic-intern\/2024\/10\/15\/ministrul-sebastian-burduja-participa-marti-la-reuniunea-consiliului-transporturi-telecomunicatii-si-energie--1370662\" target=\"_blank\" rel=\"noopener\" title=\"\">https:\/\/www.agerpres.ro\/economic-intern\/2024\/10\/15\/ministrul-sebastian-burduja-participa-marti-la-reuniunea-consiliului-transporturi-telecomunicatii-si-energie\u20131370662<\/a><\/p>\n<\/div>","protected":false},"excerpt":{"rendered":"<p>Ministrul Energiei, Sebastian Burduja, particip\u0103 mar\u0163i la Reuniunea Consiliului Transporturi, Telecomunica\u0163ii \u015fi Energie, ce are loc la Luxemburg. Potrivit informa\u0163iilor publicate pe site-ul Consiliului European, printre temele de discu\u0163ie se num\u0103r\u0103: Contribu\u0163ia sectorului energetic la competitivitatea UE; Pre\u0163urile angro ale energiei electrice; Preg\u0103tirea pentru iarn\u0103; Starea uniunii energetice \u015fi REPowerEU. Astfel, potrivit sursei citate, d\u00e2nd&#8230;<\/p>","protected":false},"author":4,"featured_media":1409,"comment_status":"open","ping_status":"open","sticky":false,"template":"","format":"standard","meta":{"footnotes":""},"categories":[1],"tags":[],"class_list":["post-1411","post","type-post","status-publish","format-standard","has-post-thumbnail","hentry","category-uncategorized"],"yoast_head":"<!-- This site is optimized with the Yoast SEO plugin v26.1.1 - https:\/\/yoast.com\/wordpress\/plugins\/seo\/ -->\n<title>Ministrul Sebastian Burduja particip\u0103 mar\u0163i la Reuniunea Consiliului Transporturi, Telecomunica\u0163ii \u015fi Energie - Carpathia Center Romania<\/title>\n<meta name=\"robots\" content=\"index, follow, max-snippet:-1, max-image-preview:large, max-video-preview:-1\" \/>\n<link rel=\"canonical\" href=\"https:\/\/carpathiacenter.ro\/en\/ministrul-sebastian-burduja-participa-marti-la-reuniunea-consiliului-transporturi-telecomunicatii-si-energie\/\" \/>\n<meta property=\"og:locale\" content=\"en_GB\" \/>\n<meta property=\"og:type\" content=\"article\" \/>\n<meta property=\"og:title\" content=\"Ministrul Sebastian Burduja particip\u0103 mar\u0163i la Reuniunea Consiliului Transporturi, Telecomunica\u0163ii \u015fi Energie - Carpathia Center Romania\" \/>\n<meta property=\"og:description\" content=\"Ministrul Energiei, Sebastian Burduja, particip\u0103 mar\u0163i la Reuniunea Consiliului Transporturi, Telecomunica\u0163ii \u015fi Energie, ce are loc la Luxemburg. Potrivit informa\u0163iilor publicate pe site-ul Consiliului European, printre temele de discu\u0163ie se num\u0103r\u0103: Contribu\u0163ia sectorului energetic la competitivitatea UE; Pre\u0163urile angro ale energiei electrice; Preg\u0103tirea pentru iarn\u0103; Starea uniunii energetice \u015fi REPowerEU. Astfel, potrivit sursei citate, d\u00e2nd...\" \/>\n<meta property=\"og:url\" content=\"https:\/\/carpathiacenter.ro\/en\/ministrul-sebastian-burduja-participa-marti-la-reuniunea-consiliului-transporturi-telecomunicatii-si-energie\/\" \/>\n<meta property=\"og:site_name\" content=\"Carpathia Center Romania\" \/>\n<meta property=\"article:publisher\" content=\"https:\/\/www.facebook.com\/fdpscarpathia\/\" \/>\n<meta property=\"article:published_time\" content=\"2024-10-15T11:35:58+00:00\" \/>\n<meta property=\"article:modified_time\" content=\"2024-10-15T11:37:05+00:00\" \/>\n<meta property=\"og:image\" content=\"https:\/\/carpathiacenter.ro\/wp-content\/uploads\/2024\/10\/Sebastian-Bujurda.jpg\" \/>\n\t<meta property=\"og:image:width\" content=\"780\" \/>\n\t<meta property=\"og:image:height\" content=\"440\" \/>\n\t<meta property=\"og:image:type\" content=\"image\/jpeg\" \/>\n<meta name=\"author\" content=\"creativebitsolutions\" \/>\n<meta name=\"twitter:card\" content=\"summary_large_image\" \/>\n<meta name=\"twitter:label1\" content=\"Written by\" \/>\n\t<meta name=\"twitter:data1\" content=\"creativebitsolutions\" \/>\n\t<meta name=\"twitter:label2\" content=\"Estimated reading time\" \/>\n\t<meta name=\"twitter:data2\" content=\"3 minutes\" \/>\n<script type=\"application\/ld+json\" class=\"yoast-schema-graph\">{\"@context\":\"https:\/\/schema.org\",\"@graph\":[{\"@type\":\"Article\",\"@id\":\"https:\/\/carpathiacenter.ro\/ministrul-sebastian-burduja-participa-marti-la-reuniunea-consiliului-transporturi-telecomunicatii-si-energie\/#article\",\"isPartOf\":{\"@id\":\"https:\/\/carpathiacenter.ro\/ministrul-sebastian-burduja-participa-marti-la-reuniunea-consiliului-transporturi-telecomunicatii-si-energie\/\"},\"author\":{\"name\":\"creativebitsolutions\",\"@id\":\"https:\/\/carpathiacenter.ro\/#\/schema\/person\/03d9f58202fee8379268f34afa195006\"},\"headline\":\"Ministrul Sebastian Burduja particip\u0103 mar\u0163i la Reuniunea Consiliului Transporturi, Telecomunica\u0163ii \u015fi Energie\",\"datePublished\":\"2024-10-15T11:35:58+00:00\",\"dateModified\":\"2024-10-15T11:37:05+00:00\",\"mainEntityOfPage\":{\"@id\":\"https:\/\/carpathiacenter.ro\/ministrul-sebastian-burduja-participa-marti-la-reuniunea-consiliului-transporturi-telecomunicatii-si-energie\/\"},\"wordCount\":617,\"commentCount\":0,\"publisher\":{\"@id\":\"https:\/\/carpathiacenter.ro\/#organization\"},\"image\":{\"@id\":\"https:\/\/carpathiacenter.ro\/ministrul-sebastian-burduja-participa-marti-la-reuniunea-consiliului-transporturi-telecomunicatii-si-energie\/#primaryimage\"},\"thumbnailUrl\":\"https:\/\/carpathiacenter.ro\/wp-content\/uploads\/2024\/10\/Sebastian-Bujurda.jpg\",\"articleSection\":[\"Uncategorized\"],\"inLanguage\":\"en-GB\",\"potentialAction\":[{\"@type\":\"CommentAction\",\"name\":\"Comment\",\"target\":[\"https:\/\/carpathiacenter.ro\/ministrul-sebastian-burduja-participa-marti-la-reuniunea-consiliului-transporturi-telecomunicatii-si-energie\/#respond\"]}]},{\"@type\":\"WebPage\",\"@id\":\"https:\/\/carpathiacenter.ro\/ministrul-sebastian-burduja-participa-marti-la-reuniunea-consiliului-transporturi-telecomunicatii-si-energie\/\",\"url\":\"https:\/\/carpathiacenter.ro\/ministrul-sebastian-burduja-participa-marti-la-reuniunea-consiliului-transporturi-telecomunicatii-si-energie\/\",\"name\":\"Ministrul Sebastian Burduja particip\u0103 mar\u0163i la Reuniunea Consiliului Transporturi, Telecomunica\u0163ii \u015fi Energie - Carpathia Center Romania\",\"isPartOf\":{\"@id\":\"https:\/\/carpathiacenter.ro\/#website\"},\"primaryImageOfPage\":{\"@id\":\"https:\/\/carpathiacenter.ro\/ministrul-sebastian-burduja-participa-marti-la-reuniunea-consiliului-transporturi-telecomunicatii-si-energie\/#primaryimage\"},\"image\":{\"@id\":\"https:\/\/carpathiacenter.ro\/ministrul-sebastian-burduja-participa-marti-la-reuniunea-consiliului-transporturi-telecomunicatii-si-energie\/#primaryimage\"},\"thumbnailUrl\":\"https:\/\/carpathiacenter.ro\/wp-content\/uploads\/2024\/10\/Sebastian-Bujurda.jpg\",\"datePublished\":\"2024-10-15T11:35:58+00:00\",\"dateModified\":\"2024-10-15T11:37:05+00:00\",\"breadcrumb\":{\"@id\":\"https:\/\/carpathiacenter.ro\/ministrul-sebastian-burduja-participa-marti-la-reuniunea-consiliului-transporturi-telecomunicatii-si-energie\/#breadcrumb\"},\"inLanguage\":\"en-GB\",\"potentialAction\":[{\"@type\":\"ReadAction\",\"target\":[\"https:\/\/carpathiacenter.ro\/ministrul-sebastian-burduja-participa-marti-la-reuniunea-consiliului-transporturi-telecomunicatii-si-energie\/\"]}]},{\"@type\":\"ImageObject\",\"inLanguage\":\"en-GB\",\"@id\":\"https:\/\/carpathiacenter.ro\/ministrul-sebastian-burduja-participa-marti-la-reuniunea-consiliului-transporturi-telecomunicatii-si-energie\/#primaryimage\",\"url\":\"https:\/\/carpathiacenter.ro\/wp-content\/uploads\/2024\/10\/Sebastian-Bujurda.jpg\",\"contentUrl\":\"https:\/\/carpathiacenter.ro\/wp-content\/uploads\/2024\/10\/Sebastian-Bujurda.jpg\",\"width\":780,\"height\":440},{\"@type\":\"BreadcrumbList\",\"@id\":\"https:\/\/carpathiacenter.ro\/ministrul-sebastian-burduja-participa-marti-la-reuniunea-consiliului-transporturi-telecomunicatii-si-energie\/#breadcrumb\",\"itemListElement\":[{\"@type\":\"ListItem\",\"position\":1,\"name\":\"Prima pagin\u0103\",\"item\":\"https:\/\/carpathiacenter.ro\/\"},{\"@type\":\"ListItem\",\"position\":2,\"name\":\"Ministrul Sebastian Burduja particip\u0103 mar\u0163i la Reuniunea Consiliului Transporturi, Telecomunica\u0163ii \u015fi Energie\"}]},{\"@type\":\"WebSite\",\"@id\":\"https:\/\/carpathiacenter.ro\/#website\",\"url\":\"https:\/\/carpathiacenter.ro\/\",\"name\":\"Carpathia Center Romania\",\"description\":\"Impossible made possible!\",\"publisher\":{\"@id\":\"https:\/\/carpathiacenter.ro\/#organization\"},\"potentialAction\":[{\"@type\":\"SearchAction\",\"target\":{\"@type\":\"EntryPoint\",\"urlTemplate\":\"https:\/\/carpathiacenter.ro\/?s={search_term_string}\"},\"query-input\":{\"@type\":\"PropertyValueSpecification\",\"valueRequired\":true,\"valueName\":\"search_term_string\"}}],\"inLanguage\":\"en-GB\"},{\"@type\":\"Organization\",\"@id\":\"https:\/\/carpathiacenter.ro\/#organization\",\"name\":\"Carpathia Center Romania\",\"url\":\"https:\/\/carpathiacenter.ro\/\",\"logo\":{\"@type\":\"ImageObject\",\"inLanguage\":\"en-GB\",\"@id\":\"https:\/\/carpathiacenter.ro\/#\/schema\/logo\/image\/\",\"url\":\"https:\/\/carpathiacenter.ro\/wp-content\/uploads\/2024\/07\/logo-carpathia_bg_white-1024x941.png\",\"contentUrl\":\"https:\/\/carpathiacenter.ro\/wp-content\/uploads\/2024\/07\/logo-carpathia_bg_white-1024x941.png\",\"width\":1024,\"height\":941,\"caption\":\"Carpathia Center Romania\"},\"image\":{\"@id\":\"https:\/\/carpathiacenter.ro\/#\/schema\/logo\/image\/\"},\"sameAs\":[\"https:\/\/www.facebook.com\/fdpscarpathia\/\"]},{\"@type\":\"Person\",\"@id\":\"https:\/\/carpathiacenter.ro\/#\/schema\/person\/03d9f58202fee8379268f34afa195006\",\"name\":\"creativebitsolutions\",\"image\":{\"@type\":\"ImageObject\",\"inLanguage\":\"en-GB\",\"@id\":\"https:\/\/carpathiacenter.ro\/#\/schema\/person\/image\/\",\"url\":\"https:\/\/secure.gravatar.com\/avatar\/1b1a13e37f847c635dab78348f1dff2f07651ee2a3d77a5c355a4b8c75f9165a?s=96&d=mm&r=g\",\"contentUrl\":\"https:\/\/secure.gravatar.com\/avatar\/1b1a13e37f847c635dab78348f1dff2f07651ee2a3d77a5c355a4b8c75f9165a?s=96&d=mm&r=g\",\"caption\":\"creativebitsolutions\"},\"url\":\"https:\/\/carpathiacenter.ro\/en\/author\/creativebitsolutions\/\"}]}<\/script>\n<!-- \/ Yoast SEO plugin. -->","yoast_head_json":{"title":"Ministrul Sebastian Burduja particip\u0103 mar\u0163i la Reuniunea Consiliului Transporturi, Telecomunica\u0163ii \u015fi Energie - Carpathia Center Romania","robots":{"index":"index","follow":"follow","max-snippet":"max-snippet:-1","max-image-preview":"max-image-preview:large","max-video-preview":"max-video-preview:-1"},"canonical":"https:\/\/carpathiacenter.ro\/en\/ministrul-sebastian-burduja-participa-marti-la-reuniunea-consiliului-transporturi-telecomunicatii-si-energie\/","og_locale":"en_GB","og_type":"article","og_title":"Ministrul Sebastian Burduja particip\u0103 mar\u0163i la Reuniunea Consiliului Transporturi, Telecomunica\u0163ii \u015fi Energie - Carpathia Center Romania","og_description":"Ministrul Energiei, Sebastian Burduja, particip\u0103 mar\u0163i la Reuniunea Consiliului Transporturi, Telecomunica\u0163ii \u015fi Energie, ce are loc la Luxemburg. Potrivit informa\u0163iilor publicate pe site-ul Consiliului European, printre temele de discu\u0163ie se num\u0103r\u0103: Contribu\u0163ia sectorului energetic la competitivitatea UE; Pre\u0163urile angro ale energiei electrice; Preg\u0103tirea pentru iarn\u0103; Starea uniunii energetice \u015fi REPowerEU. Astfel, potrivit sursei citate, d\u00e2nd...","og_url":"https:\/\/carpathiacenter.ro\/en\/ministrul-sebastian-burduja-participa-marti-la-reuniunea-consiliului-transporturi-telecomunicatii-si-energie\/","og_site_name":"Carpathia Center Romania","article_publisher":"https:\/\/www.facebook.com\/fdpscarpathia\/","article_published_time":"2024-10-15T11:35:58+00:00","article_modified_time":"2024-10-15T11:37:05+00:00","og_image":[{"width":780,"height":440,"url":"https:\/\/carpathiacenter.ro\/wp-content\/uploads\/2024\/10\/Sebastian-Bujurda.jpg","type":"image\/jpeg"}],"author":"creativebitsolutions","twitter_card":"summary_large_image","twitter_misc":{"Written by":"creativebitsolutions","Estimated reading time":"3 minutes"},"schema":{"@context":"https:\/\/schema.org","@graph":[{"@type":"Article","@id":"https:\/\/carpathiacenter.ro\/ministrul-sebastian-burduja-participa-marti-la-reuniunea-consiliului-transporturi-telecomunicatii-si-energie\/#article","isPartOf":{"@id":"https:\/\/carpathiacenter.ro\/ministrul-sebastian-burduja-participa-marti-la-reuniunea-consiliului-transporturi-telecomunicatii-si-energie\/"},"author":{"name":"creativebitsolutions","@id":"https:\/\/carpathiacenter.ro\/#\/schema\/person\/03d9f58202fee8379268f34afa195006"},"headline":"Ministrul Sebastian Burduja particip\u0103 mar\u0163i la Reuniunea Consiliului Transporturi, Telecomunica\u0163ii \u015fi Energie","datePublished":"2024-10-15T11:35:58+00:00","dateModified":"2024-10-15T11:37:05+00:00","mainEntityOfPage":{"@id":"https:\/\/carpathiacenter.ro\/ministrul-sebastian-burduja-participa-marti-la-reuniunea-consiliului-transporturi-telecomunicatii-si-energie\/"},"wordCount":617,"commentCount":0,"publisher":{"@id":"https:\/\/carpathiacenter.ro\/#organization"},"image":{"@id":"https:\/\/carpathiacenter.ro\/ministrul-sebastian-burduja-participa-marti-la-reuniunea-consiliului-transporturi-telecomunicatii-si-energie\/#primaryimage"},"thumbnailUrl":"https:\/\/carpathiacenter.ro\/wp-content\/uploads\/2024\/10\/Sebastian-Bujurda.jpg","articleSection":["Uncategorized"],"inLanguage":"en-GB","potentialAction":[{"@type":"CommentAction","name":"Comment","target":["https:\/\/carpathiacenter.ro\/ministrul-sebastian-burduja-participa-marti-la-reuniunea-consiliului-transporturi-telecomunicatii-si-energie\/#respond"]}]},{"@type":"WebPage","@id":"https:\/\/carpathiacenter.ro\/ministrul-sebastian-burduja-participa-marti-la-reuniunea-consiliului-transporturi-telecomunicatii-si-energie\/","url":"https:\/\/carpathiacenter.ro\/ministrul-sebastian-burduja-participa-marti-la-reuniunea-consiliului-transporturi-telecomunicatii-si-energie\/","name":"Ministrul Sebastian Burduja particip\u0103 mar\u0163i la Reuniunea Consiliului Transporturi, Telecomunica\u0163ii \u015fi Energie - Carpathia Center Romania","isPartOf":{"@id":"https:\/\/carpathiacenter.ro\/#website"},"primaryImageOfPage":{"@id":"https:\/\/carpathiacenter.ro\/ministrul-sebastian-burduja-participa-marti-la-reuniunea-consiliului-transporturi-telecomunicatii-si-energie\/#primaryimage"},"image":{"@id":"https:\/\/carpathiacenter.ro\/ministrul-sebastian-burduja-participa-marti-la-reuniunea-consiliului-transporturi-telecomunicatii-si-energie\/#primaryimage"},"thumbnailUrl":"https:\/\/carpathiacenter.ro\/wp-content\/uploads\/2024\/10\/Sebastian-Bujurda.jpg","datePublished":"2024-10-15T11:35:58+00:00","dateModified":"2024-10-15T11:37:05+00:00","breadcrumb":{"@id":"https:\/\/carpathiacenter.ro\/ministrul-sebastian-burduja-participa-marti-la-reuniunea-consiliului-transporturi-telecomunicatii-si-energie\/#breadcrumb"},"inLanguage":"en-GB","potentialAction":[{"@type":"ReadAction","target":["https:\/\/carpathiacenter.ro\/ministrul-sebastian-burduja-participa-marti-la-reuniunea-consiliului-transporturi-telecomunicatii-si-energie\/"]}]},{"@type":"ImageObject","inLanguage":"en-GB","@id":"https:\/\/carpathiacenter.ro\/ministrul-sebastian-burduja-participa-marti-la-reuniunea-consiliului-transporturi-telecomunicatii-si-energie\/#primaryimage","url":"https:\/\/carpathiacenter.ro\/wp-content\/uploads\/2024\/10\/Sebastian-Bujurda.jpg","contentUrl":"https:\/\/carpathiacenter.ro\/wp-content\/uploads\/2024\/10\/Sebastian-Bujurda.jpg","width":780,"height":440},{"@type":"BreadcrumbList","@id":"https:\/\/carpathiacenter.ro\/ministrul-sebastian-burduja-participa-marti-la-reuniunea-consiliului-transporturi-telecomunicatii-si-energie\/#breadcrumb","itemListElement":[{"@type":"ListItem","position":1,"name":"Prima pagin\u0103","item":"https:\/\/carpathiacenter.ro\/"},{"@type":"ListItem","position":2,"name":"Ministrul Sebastian Burduja particip\u0103 mar\u0163i la Reuniunea Consiliului Transporturi, Telecomunica\u0163ii \u015fi Energie"}]},{"@type":"WebSite","@id":"https:\/\/carpathiacenter.ro\/#website","url":"https:\/\/carpathiacenter.ro\/","name":"Carpathia Center Romania","description":"Impossible made possible!","publisher":{"@id":"https:\/\/carpathiacenter.ro\/#organization"},"potentialAction":[{"@type":"SearchAction","target":{"@type":"EntryPoint","urlTemplate":"https:\/\/carpathiacenter.ro\/?s={search_term_string}"},"query-input":{"@type":"PropertyValueSpecification","valueRequired":true,"valueName":"search_term_string"}}],"inLanguage":"en-GB"},{"@type":"Organization","@id":"https:\/\/carpathiacenter.ro\/#organization","name":"Carpathia Center Romania","url":"https:\/\/carpathiacenter.ro\/","logo":{"@type":"ImageObject","inLanguage":"en-GB","@id":"https:\/\/carpathiacenter.ro\/#\/schema\/logo\/image\/","url":"https:\/\/carpathiacenter.ro\/wp-content\/uploads\/2024\/07\/logo-carpathia_bg_white-1024x941.png","contentUrl":"https:\/\/carpathiacenter.ro\/wp-content\/uploads\/2024\/07\/logo-carpathia_bg_white-1024x941.png","width":1024,"height":941,"caption":"Carpathia Center Romania"},"image":{"@id":"https:\/\/carpathiacenter.ro\/#\/schema\/logo\/image\/"},"sameAs":["https:\/\/www.facebook.com\/fdpscarpathia\/"]},{"@type":"Person","@id":"https:\/\/carpathiacenter.ro\/#\/schema\/person\/03d9f58202fee8379268f34afa195006","name":"creativebitsolutions","image":{"@type":"ImageObject","inLanguage":"en-GB","@id":"https:\/\/carpathiacenter.ro\/#\/schema\/person\/image\/","url":"https:\/\/secure.gravatar.com\/avatar\/1b1a13e37f847c635dab78348f1dff2f07651ee2a3d77a5c355a4b8c75f9165a?s=96&d=mm&r=g","contentUrl":"https:\/\/secure.gravatar.com\/avatar\/1b1a13e37f847c635dab78348f1dff2f07651ee2a3d77a5c355a4b8c75f9165a?s=96&d=mm&r=g","caption":"creativebitsolutions"},"url":"https:\/\/carpathiacenter.ro\/en\/author\/creativebitsolutions\/"}]}},"_links":{"self":[{"href":"https:\/\/carpathiacenter.ro\/en\/wp-json\/wp\/v2\/posts\/1411","targetHints":{"allow":["GET"]}}],"collection":[{"href":"https:\/\/carpathiacenter.ro\/en\/wp-json\/wp\/v2\/posts"}],"about":[{"href":"https:\/\/carpathiacenter.ro\/en\/wp-json\/wp\/v2\/types\/post"}],"author":[{"embeddable":true,"href":"https:\/\/carpathiacenter.ro\/en\/wp-json\/wp\/v2\/users\/4"}],"replies":[{"embeddable":true,"href":"https:\/\/carpathiacenter.ro\/en\/wp-json\/wp\/v2\/comments?post=1411"}],"version-history":[{"count":3,"href":"https:\/\/carpathiacenter.ro\/en\/wp-json\/wp\/v2\/posts\/1411\/revisions"}],"predecessor-version":[{"id":1414,"href":"https:\/\/carpathiacenter.ro\/en\/wp-json\/wp\/v2\/posts\/1411\/revisions\/1414"}],"wp:featuredmedia":[{"embeddable":true,"href":"https:\/\/carpathiacenter.ro\/en\/wp-json\/wp\/v2\/media\/1409"}],"wp:attachment":[{"href":"https:\/\/carpathiacenter.ro\/en\/wp-json\/wp\/v2\/media?parent=1411"}],"wp:term":[{"taxonomy":"category","embeddable":true,"href":"https:\/\/carpathiacenter.ro\/en\/wp-json\/wp\/v2\/categories?post=1411"},{"taxonomy":"post_tag","embeddable":true,"href":"https:\/\/carpathiacenter.ro\/en\/wp-json\/wp\/v2\/tags?post=1411"}],"curies":[{"name":"wp","href":"https:\/\/api.w.org\/{rel}","templated":true}]}}