{"id":1399,"date":"2024-10-11T13:23:57","date_gmt":"2024-10-11T13:23:57","guid":{"rendered":"https:\/\/carpathiacenter.ro\/?p=1399"},"modified":"2024-10-11T13:23:57","modified_gmt":"2024-10-11T13:23:57","slug":"ministrul-muncii-in-romania-principala-problema-a-angajatorilor-este-deficitul-fortei-de-munca","status":"publish","type":"post","link":"https:\/\/carpathiacenter.ro\/en\/ministrul-muncii-in-romania-principala-problema-a-angajatorilor-este-deficitul-fortei-de-munca\/","title":{"rendered":"Ministrul Muncii: \u00cen Rom\u00e2nia, principala problem\u0103 a angajatorilor este deficitul for\u0163ei de munc\u0103"},"content":{"rendered":"<p>Principala problem\u0103 a angajatorilor din Rom\u00e2nia o reprezint\u0103 deficitul for\u0163ei de munc\u0103, a afirmat, vineri, ministrul Muncii, Simona Bucura-Oprescu, la Bursa Angajatorilor de la Ploie\u015fti, conform unei\u00a0<a href=\"https:\/\/www.facebook.com\/Ministerul.Muncii.Romania\/posts\/pfbid02a6b7iCzxDNqBSPyraneKwRpbCQfDMrGnF8KgKVMSLAbLAk1MntL9V5766SVtRz9Dl\" target=\"_blank\" rel=\"noreferrer noopener\">post\u0103ri<\/a>\u00a0pe pagina de Facebook a institu\u0163iei.<\/p>\n<p>\u201cPentru mine este o \u00eenc\u00e2ntare s\u0103 constat c\u0103 la Ploie\u015fti suntem deja \u00een al treilea an \u00een care institu\u0163ii ale statului \u015fi o institu\u0163ie de pres\u0103 organizeaz\u0103 un asemenea eveniment. Mi-a\u015f dori ca \u00een c\u00e2t mai multe ora\u015fe din \u0163ar\u0103 s\u0103 fie astfel de parteneriate. Este nevoie s\u0103 putem reda \u00eempreun\u0103 rom\u00e2nilor, oriunde \u00een lume s-ar afla, \u00eencrederea c\u0103 \u015fi \u00een Rom\u00e2nia, acas\u0103, pot fi respecta\u0163i ca angaja\u0163i, c\u0103 pot lucra la angajatori de calitate unde s\u0103 beneficieze de salarii bune \u015fi condi\u0163ii decente de munc\u0103 \u015fi se pot \u00eemplini profesional. \u00cen Rom\u00e2nia, principala problem\u0103 a angajatorilor este deficitul for\u0163ei de munc\u0103. Este unul dintre motivele pentru care este prioritar ca MMSS \u015fi serviciul public de ocupare s\u0103 continue prin politici adecvate s\u0103 faciliteze perfec\u0163ionarea competen\u0163elor angaja\u0163ilor, pe de o parte, \u015fi s\u0103 stimuleze prin subven\u0163ii specifice angajatorii, pe de alt\u0103 parte, pentru a reduce din costurile pe care le au cu for\u0163a de munc\u0103. Programele noastre de ucenicie sunt un model de bune practici \u00een acest sens\u201d, a declarat Simona Bucura-Oprescu, citat\u0103 \u00een comunicat.<\/p>\n<p>Conform ministrului Muncii, companii mai mari sau mai mici din produc\u0163ie, comer\u0163 sau servicii, dar \u015fi institu\u0163ii publice se confrunt\u0103 \u00een prezent cu un acut deficit al for\u0163ei de munc\u0103. Este nevoie at\u00e2t de ingineri, IT-i\u015fti, economi\u015fti, medici, c\u00e2t \u015fi de electricieni, sudori, l\u0103c\u0103tu\u015fi mecanici, dar \u015fi de poli\u0163i\u015fti sau lucr\u0103tori \u00een serviciile publice de urgen\u0163\u0103. Pentru Ministerul Muncii \u015fi Solidarit\u0103\u0163ii Sociale, una dintre priorit\u0103\u0163i este aceea de a \u00eent\u0103ri pia\u0163a muncii \u015fi de a cre\u015fte gradul de formare \u015fi ocupare.<\/p>\n<p>Prezent\u0103 ast\u0103zi la Ploie\u015fti la T\u00e2rgul de Joburi \u201cBursa Angajatorilor\u201d, organizat de Grupul Observatorul Prahovean \u00een parteneriat cu AJOFM Prahova, \u00een paralel cu Bursa Locurilor de Munc\u0103 pentru Absolven\u0163i, Bucura Oprescu a subliniat importan\u0163a corel\u0103rii competen\u0163elor absolven\u0163ilor cu nevoile reale ale pie\u0163ei muncii.<\/p>\n<p>Ea a fost \u00eenso\u0163it\u0103 la T\u00e2rgul de Joburi de c\u0103tre pre\u015fedintele Agen\u0163iei Na\u0163ionale de Ocupare a For\u0163ei de Munc\u0103, Florin Coto\u015fman.<\/p>\n<p>ANOFM a organizat vineri la nivel na\u0163ional, prin agen\u0163iile jude\u0163ene, Bursa Locurilor de Munc\u0103 pentru Absolven\u0163i. Peste 1.500 de agen\u0163i economici au participat la Burs\u0103, oferind peste 28.000 de locuri de munc\u0103 at\u00e2t pentru absolven\u0163ii de studii superioare, c\u00e2t \u015fi pentru absolven\u0163ii f\u0103r\u0103 studii superioare. AGERPRES\/(AS \u2013 autor: George B\u0103nciulea, editor: Andreea Marinescu, editor online: Andreea L\u00e3z\u00e3roiu)<\/p>\n<p>Sursa foto:\u00a0<a href=\"https:\/\/www.facebook.com\/Ministerul.Muncii.Romania?__tn__=-UC*F\">Ministerul Muncii \u0219i Solidarit\u0103\u021bii Sociale<\/a>\/Facebook.com<\/p>\n<p>Sursa: https:\/\/www.agerpres.ro\/economic-intern\/2024\/10\/11\/ministrul-muncii-in-romania-principala-problema-a-angajatorilor-este-deficitul-fortei-de-munca\u20131369395<\/p>\n<p>\u2013<\/p>","protected":false},"excerpt":{"rendered":"<p>Principala problem\u0103 a angajatorilor din Rom\u00e2nia o reprezint\u0103 deficitul for\u0163ei de munc\u0103, a afirmat, vineri, ministrul Muncii, Simona Bucura-Oprescu, la Bursa Angajatorilor de la Ploie\u015fti, conform unei\u00a0post\u0103ri\u00a0pe pagina de Facebook a institu\u0163iei. \u201cPentru mine este o \u00eenc\u00e2ntare s\u0103 constat c\u0103 la Ploie\u015fti suntem deja \u00een al treilea an \u00een care institu\u0163ii ale statului \u015fi o&#8230;<\/p>","protected":false},"author":4,"featured_media":1400,"comment_status":"open","ping_status":"open","sticky":false,"template":"","format":"standard","meta":{"footnotes":""},"categories":[1],"tags":[],"class_list":["post-1399","post","type-post","status-publish","format-standard","has-post-thumbnail","hentry","category-uncategorized"],"yoast_head":"<!-- This site is optimized with the Yoast SEO plugin v26.1.1 - https:\/\/yoast.com\/wordpress\/plugins\/seo\/ -->\n<title>Ministrul Muncii: \u00cen Rom\u00e2nia, principala problem\u0103 a angajatorilor este deficitul for\u0163ei de munc\u0103 - Carpathia Center Romania<\/title>\n<meta name=\"robots\" content=\"index, follow, max-snippet:-1, max-image-preview:large, max-video-preview:-1\" \/>\n<link rel=\"canonical\" href=\"https:\/\/carpathiacenter.ro\/en\/ministrul-muncii-in-romania-principala-problema-a-angajatorilor-este-deficitul-fortei-de-munca\/\" \/>\n<meta property=\"og:locale\" content=\"en_GB\" \/>\n<meta property=\"og:type\" content=\"article\" \/>\n<meta property=\"og:title\" content=\"Ministrul Muncii: \u00cen Rom\u00e2nia, principala problem\u0103 a angajatorilor este deficitul for\u0163ei de munc\u0103 - Carpathia Center Romania\" \/>\n<meta property=\"og:description\" content=\"Principala problem\u0103 a angajatorilor din Rom\u00e2nia o reprezint\u0103 deficitul for\u0163ei de munc\u0103, a afirmat, vineri, ministrul Muncii, Simona Bucura-Oprescu, la Bursa Angajatorilor de la Ploie\u015fti, conform unei\u00a0post\u0103ri\u00a0pe pagina de Facebook a institu\u0163iei. \u201cPentru mine este o \u00eenc\u00e2ntare s\u0103 constat c\u0103 la Ploie\u015fti suntem deja \u00een al treilea an \u00een care institu\u0163ii ale statului \u015fi o...\" \/>\n<meta property=\"og:url\" content=\"https:\/\/carpathiacenter.ro\/en\/ministrul-muncii-in-romania-principala-problema-a-angajatorilor-este-deficitul-fortei-de-munca\/\" \/>\n<meta property=\"og:site_name\" content=\"Carpathia Center Romania\" \/>\n<meta property=\"article:publisher\" content=\"https:\/\/www.facebook.com\/fdpscarpathia\/\" \/>\n<meta property=\"article:published_time\" content=\"2024-10-11T13:23:57+00:00\" \/>\n<meta property=\"og:image\" content=\"https:\/\/carpathiacenter.ro\/wp-content\/uploads\/2024\/10\/ministrul-muncii.jpg\" \/>\n\t<meta property=\"og:image:width\" content=\"860\" \/>\n\t<meta property=\"og:image:height\" content=\"645\" \/>\n\t<meta property=\"og:image:type\" content=\"image\/jpeg\" \/>\n<meta name=\"author\" content=\"creativebitsolutions\" \/>\n<meta name=\"twitter:card\" content=\"summary_large_image\" \/>\n<meta name=\"twitter:label1\" content=\"Written by\" \/>\n\t<meta name=\"twitter:data1\" content=\"creativebitsolutions\" \/>\n\t<meta name=\"twitter:label2\" content=\"Estimated reading time\" \/>\n\t<meta name=\"twitter:data2\" content=\"2 minutes\" \/>\n<script type=\"application\/ld+json\" class=\"yoast-schema-graph\">{\"@context\":\"https:\/\/schema.org\",\"@graph\":[{\"@type\":\"Article\",\"@id\":\"https:\/\/carpathiacenter.ro\/ministrul-muncii-in-romania-principala-problema-a-angajatorilor-este-deficitul-fortei-de-munca\/#article\",\"isPartOf\":{\"@id\":\"https:\/\/carpathiacenter.ro\/ministrul-muncii-in-romania-principala-problema-a-angajatorilor-este-deficitul-fortei-de-munca\/\"},\"author\":{\"name\":\"creativebitsolutions\",\"@id\":\"https:\/\/carpathiacenter.ro\/#\/schema\/person\/03d9f58202fee8379268f34afa195006\"},\"headline\":\"Ministrul Muncii: \u00cen Rom\u00e2nia, principala problem\u0103 a angajatorilor este deficitul for\u0163ei de munc\u0103\",\"datePublished\":\"2024-10-11T13:23:57+00:00\",\"mainEntityOfPage\":{\"@id\":\"https:\/\/carpathiacenter.ro\/ministrul-muncii-in-romania-principala-problema-a-angajatorilor-este-deficitul-fortei-de-munca\/\"},\"wordCount\":512,\"commentCount\":0,\"publisher\":{\"@id\":\"https:\/\/carpathiacenter.ro\/#organization\"},\"image\":{\"@id\":\"https:\/\/carpathiacenter.ro\/ministrul-muncii-in-romania-principala-problema-a-angajatorilor-este-deficitul-fortei-de-munca\/#primaryimage\"},\"thumbnailUrl\":\"https:\/\/carpathiacenter.ro\/wp-content\/uploads\/2024\/10\/ministrul-muncii.jpg\",\"articleSection\":[\"Uncategorized\"],\"inLanguage\":\"en-GB\",\"potentialAction\":[{\"@type\":\"CommentAction\",\"name\":\"Comment\",\"target\":[\"https:\/\/carpathiacenter.ro\/ministrul-muncii-in-romania-principala-problema-a-angajatorilor-este-deficitul-fortei-de-munca\/#respond\"]}]},{\"@type\":\"WebPage\",\"@id\":\"https:\/\/carpathiacenter.ro\/ministrul-muncii-in-romania-principala-problema-a-angajatorilor-este-deficitul-fortei-de-munca\/\",\"url\":\"https:\/\/carpathiacenter.ro\/ministrul-muncii-in-romania-principala-problema-a-angajatorilor-este-deficitul-fortei-de-munca\/\",\"name\":\"Ministrul Muncii: \u00cen Rom\u00e2nia, principala problem\u0103 a angajatorilor este deficitul for\u0163ei de munc\u0103 - Carpathia Center Romania\",\"isPartOf\":{\"@id\":\"https:\/\/carpathiacenter.ro\/#website\"},\"primaryImageOfPage\":{\"@id\":\"https:\/\/carpathiacenter.ro\/ministrul-muncii-in-romania-principala-problema-a-angajatorilor-este-deficitul-fortei-de-munca\/#primaryimage\"},\"image\":{\"@id\":\"https:\/\/carpathiacenter.ro\/ministrul-muncii-in-romania-principala-problema-a-angajatorilor-este-deficitul-fortei-de-munca\/#primaryimage\"},\"thumbnailUrl\":\"https:\/\/carpathiacenter.ro\/wp-content\/uploads\/2024\/10\/ministrul-muncii.jpg\",\"datePublished\":\"2024-10-11T13:23:57+00:00\",\"breadcrumb\":{\"@id\":\"https:\/\/carpathiacenter.ro\/ministrul-muncii-in-romania-principala-problema-a-angajatorilor-este-deficitul-fortei-de-munca\/#breadcrumb\"},\"inLanguage\":\"en-GB\",\"potentialAction\":[{\"@type\":\"ReadAction\",\"target\":[\"https:\/\/carpathiacenter.ro\/ministrul-muncii-in-romania-principala-problema-a-angajatorilor-este-deficitul-fortei-de-munca\/\"]}]},{\"@type\":\"ImageObject\",\"inLanguage\":\"en-GB\",\"@id\":\"https:\/\/carpathiacenter.ro\/ministrul-muncii-in-romania-principala-problema-a-angajatorilor-este-deficitul-fortei-de-munca\/#primaryimage\",\"url\":\"https:\/\/carpathiacenter.ro\/wp-content\/uploads\/2024\/10\/ministrul-muncii.jpg\",\"contentUrl\":\"https:\/\/carpathiacenter.ro\/wp-content\/uploads\/2024\/10\/ministrul-muncii.jpg\",\"width\":860,\"height\":645},{\"@type\":\"BreadcrumbList\",\"@id\":\"https:\/\/carpathiacenter.ro\/ministrul-muncii-in-romania-principala-problema-a-angajatorilor-este-deficitul-fortei-de-munca\/#breadcrumb\",\"itemListElement\":[{\"@type\":\"ListItem\",\"position\":1,\"name\":\"Prima pagin\u0103\",\"item\":\"https:\/\/carpathiacenter.ro\/\"},{\"@type\":\"ListItem\",\"position\":2,\"name\":\"Ministrul Muncii: \u00cen Rom\u00e2nia, principala problem\u0103 a angajatorilor este deficitul for\u0163ei de munc\u0103\"}]},{\"@type\":\"WebSite\",\"@id\":\"https:\/\/carpathiacenter.ro\/#website\",\"url\":\"https:\/\/carpathiacenter.ro\/\",\"name\":\"Carpathia Center Romania\",\"description\":\"Impossible made possible!\",\"publisher\":{\"@id\":\"https:\/\/carpathiacenter.ro\/#organization\"},\"potentialAction\":[{\"@type\":\"SearchAction\",\"target\":{\"@type\":\"EntryPoint\",\"urlTemplate\":\"https:\/\/carpathiacenter.ro\/?s={search_term_string}\"},\"query-input\":{\"@type\":\"PropertyValueSpecification\",\"valueRequired\":true,\"valueName\":\"search_term_string\"}}],\"inLanguage\":\"en-GB\"},{\"@type\":\"Organization\",\"@id\":\"https:\/\/carpathiacenter.ro\/#organization\",\"name\":\"Carpathia Center Romania\",\"url\":\"https:\/\/carpathiacenter.ro\/\",\"logo\":{\"@type\":\"ImageObject\",\"inLanguage\":\"en-GB\",\"@id\":\"https:\/\/carpathiacenter.ro\/#\/schema\/logo\/image\/\",\"url\":\"https:\/\/carpathiacenter.ro\/wp-content\/uploads\/2024\/07\/logo-carpathia_bg_white-1024x941.png\",\"contentUrl\":\"https:\/\/carpathiacenter.ro\/wp-content\/uploads\/2024\/07\/logo-carpathia_bg_white-1024x941.png\",\"width\":1024,\"height\":941,\"caption\":\"Carpathia Center Romania\"},\"image\":{\"@id\":\"https:\/\/carpathiacenter.ro\/#\/schema\/logo\/image\/\"},\"sameAs\":[\"https:\/\/www.facebook.com\/fdpscarpathia\/\"]},{\"@type\":\"Person\",\"@id\":\"https:\/\/carpathiacenter.ro\/#\/schema\/person\/03d9f58202fee8379268f34afa195006\",\"name\":\"creativebitsolutions\",\"image\":{\"@type\":\"ImageObject\",\"inLanguage\":\"en-GB\",\"@id\":\"https:\/\/carpathiacenter.ro\/#\/schema\/person\/image\/\",\"url\":\"https:\/\/secure.gravatar.com\/avatar\/1b1a13e37f847c635dab78348f1dff2f07651ee2a3d77a5c355a4b8c75f9165a?s=96&d=mm&r=g\",\"contentUrl\":\"https:\/\/secure.gravatar.com\/avatar\/1b1a13e37f847c635dab78348f1dff2f07651ee2a3d77a5c355a4b8c75f9165a?s=96&d=mm&r=g\",\"caption\":\"creativebitsolutions\"},\"url\":\"https:\/\/carpathiacenter.ro\/en\/author\/creativebitsolutions\/\"}]}<\/script>\n<!-- \/ Yoast SEO plugin. -->","yoast_head_json":{"title":"Ministrul Muncii: \u00cen Rom\u00e2nia, principala problem\u0103 a angajatorilor este deficitul for\u0163ei de munc\u0103 - Carpathia Center Romania","robots":{"index":"index","follow":"follow","max-snippet":"max-snippet:-1","max-image-preview":"max-image-preview:large","max-video-preview":"max-video-preview:-1"},"canonical":"https:\/\/carpathiacenter.ro\/en\/ministrul-muncii-in-romania-principala-problema-a-angajatorilor-este-deficitul-fortei-de-munca\/","og_locale":"en_GB","og_type":"article","og_title":"Ministrul Muncii: \u00cen Rom\u00e2nia, principala problem\u0103 a angajatorilor este deficitul for\u0163ei de munc\u0103 - Carpathia Center Romania","og_description":"Principala problem\u0103 a angajatorilor din Rom\u00e2nia o reprezint\u0103 deficitul for\u0163ei de munc\u0103, a afirmat, vineri, ministrul Muncii, Simona Bucura-Oprescu, la Bursa Angajatorilor de la Ploie\u015fti, conform unei\u00a0post\u0103ri\u00a0pe pagina de Facebook a institu\u0163iei. \u201cPentru mine este o \u00eenc\u00e2ntare s\u0103 constat c\u0103 la Ploie\u015fti suntem deja \u00een al treilea an \u00een care institu\u0163ii ale statului \u015fi o...","og_url":"https:\/\/carpathiacenter.ro\/en\/ministrul-muncii-in-romania-principala-problema-a-angajatorilor-este-deficitul-fortei-de-munca\/","og_site_name":"Carpathia Center Romania","article_publisher":"https:\/\/www.facebook.com\/fdpscarpathia\/","article_published_time":"2024-10-11T13:23:57+00:00","og_image":[{"width":860,"height":645,"url":"https:\/\/carpathiacenter.ro\/wp-content\/uploads\/2024\/10\/ministrul-muncii.jpg","type":"image\/jpeg"}],"author":"creativebitsolutions","twitter_card":"summary_large_image","twitter_misc":{"Written by":"creativebitsolutions","Estimated reading time":"2 minutes"},"schema":{"@context":"https:\/\/schema.org","@graph":[{"@type":"Article","@id":"https:\/\/carpathiacenter.ro\/ministrul-muncii-in-romania-principala-problema-a-angajatorilor-este-deficitul-fortei-de-munca\/#article","isPartOf":{"@id":"https:\/\/carpathiacenter.ro\/ministrul-muncii-in-romania-principala-problema-a-angajatorilor-este-deficitul-fortei-de-munca\/"},"author":{"name":"creativebitsolutions","@id":"https:\/\/carpathiacenter.ro\/#\/schema\/person\/03d9f58202fee8379268f34afa195006"},"headline":"Ministrul Muncii: \u00cen Rom\u00e2nia, principala problem\u0103 a angajatorilor este deficitul for\u0163ei de munc\u0103","datePublished":"2024-10-11T13:23:57+00:00","mainEntityOfPage":{"@id":"https:\/\/carpathiacenter.ro\/ministrul-muncii-in-romania-principala-problema-a-angajatorilor-este-deficitul-fortei-de-munca\/"},"wordCount":512,"commentCount":0,"publisher":{"@id":"https:\/\/carpathiacenter.ro\/#organization"},"image":{"@id":"https:\/\/carpathiacenter.ro\/ministrul-muncii-in-romania-principala-problema-a-angajatorilor-este-deficitul-fortei-de-munca\/#primaryimage"},"thumbnailUrl":"https:\/\/carpathiacenter.ro\/wp-content\/uploads\/2024\/10\/ministrul-muncii.jpg","articleSection":["Uncategorized"],"inLanguage":"en-GB","potentialAction":[{"@type":"CommentAction","name":"Comment","target":["https:\/\/carpathiacenter.ro\/ministrul-muncii-in-romania-principala-problema-a-angajatorilor-este-deficitul-fortei-de-munca\/#respond"]}]},{"@type":"WebPage","@id":"https:\/\/carpathiacenter.ro\/ministrul-muncii-in-romania-principala-problema-a-angajatorilor-este-deficitul-fortei-de-munca\/","url":"https:\/\/carpathiacenter.ro\/ministrul-muncii-in-romania-principala-problema-a-angajatorilor-este-deficitul-fortei-de-munca\/","name":"Ministrul Muncii: \u00cen Rom\u00e2nia, principala problem\u0103 a angajatorilor este deficitul for\u0163ei de munc\u0103 - Carpathia Center Romania","isPartOf":{"@id":"https:\/\/carpathiacenter.ro\/#website"},"primaryImageOfPage":{"@id":"https:\/\/carpathiacenter.ro\/ministrul-muncii-in-romania-principala-problema-a-angajatorilor-este-deficitul-fortei-de-munca\/#primaryimage"},"image":{"@id":"https:\/\/carpathiacenter.ro\/ministrul-muncii-in-romania-principala-problema-a-angajatorilor-este-deficitul-fortei-de-munca\/#primaryimage"},"thumbnailUrl":"https:\/\/carpathiacenter.ro\/wp-content\/uploads\/2024\/10\/ministrul-muncii.jpg","datePublished":"2024-10-11T13:23:57+00:00","breadcrumb":{"@id":"https:\/\/carpathiacenter.ro\/ministrul-muncii-in-romania-principala-problema-a-angajatorilor-este-deficitul-fortei-de-munca\/#breadcrumb"},"inLanguage":"en-GB","potentialAction":[{"@type":"ReadAction","target":["https:\/\/carpathiacenter.ro\/ministrul-muncii-in-romania-principala-problema-a-angajatorilor-este-deficitul-fortei-de-munca\/"]}]},{"@type":"ImageObject","inLanguage":"en-GB","@id":"https:\/\/carpathiacenter.ro\/ministrul-muncii-in-romania-principala-problema-a-angajatorilor-este-deficitul-fortei-de-munca\/#primaryimage","url":"https:\/\/carpathiacenter.ro\/wp-content\/uploads\/2024\/10\/ministrul-muncii.jpg","contentUrl":"https:\/\/carpathiacenter.ro\/wp-content\/uploads\/2024\/10\/ministrul-muncii.jpg","width":860,"height":645},{"@type":"BreadcrumbList","@id":"https:\/\/carpathiacenter.ro\/ministrul-muncii-in-romania-principala-problema-a-angajatorilor-este-deficitul-fortei-de-munca\/#breadcrumb","itemListElement":[{"@type":"ListItem","position":1,"name":"Prima pagin\u0103","item":"https:\/\/carpathiacenter.ro\/"},{"@type":"ListItem","position":2,"name":"Ministrul Muncii: \u00cen Rom\u00e2nia, principala problem\u0103 a angajatorilor este deficitul for\u0163ei de munc\u0103"}]},{"@type":"WebSite","@id":"https:\/\/carpathiacenter.ro\/#website","url":"https:\/\/carpathiacenter.ro\/","name":"Carpathia Center Romania","description":"Impossible made possible!","publisher":{"@id":"https:\/\/carpathiacenter.ro\/#organization"},"potentialAction":[{"@type":"SearchAction","target":{"@type":"EntryPoint","urlTemplate":"https:\/\/carpathiacenter.ro\/?s={search_term_string}"},"query-input":{"@type":"PropertyValueSpecification","valueRequired":true,"valueName":"search_term_string"}}],"inLanguage":"en-GB"},{"@type":"Organization","@id":"https:\/\/carpathiacenter.ro\/#organization","name":"Carpathia Center Romania","url":"https:\/\/carpathiacenter.ro\/","logo":{"@type":"ImageObject","inLanguage":"en-GB","@id":"https:\/\/carpathiacenter.ro\/#\/schema\/logo\/image\/","url":"https:\/\/carpathiacenter.ro\/wp-content\/uploads\/2024\/07\/logo-carpathia_bg_white-1024x941.png","contentUrl":"https:\/\/carpathiacenter.ro\/wp-content\/uploads\/2024\/07\/logo-carpathia_bg_white-1024x941.png","width":1024,"height":941,"caption":"Carpathia Center Romania"},"image":{"@id":"https:\/\/carpathiacenter.ro\/#\/schema\/logo\/image\/"},"sameAs":["https:\/\/www.facebook.com\/fdpscarpathia\/"]},{"@type":"Person","@id":"https:\/\/carpathiacenter.ro\/#\/schema\/person\/03d9f58202fee8379268f34afa195006","name":"creativebitsolutions","image":{"@type":"ImageObject","inLanguage":"en-GB","@id":"https:\/\/carpathiacenter.ro\/#\/schema\/person\/image\/","url":"https:\/\/secure.gravatar.com\/avatar\/1b1a13e37f847c635dab78348f1dff2f07651ee2a3d77a5c355a4b8c75f9165a?s=96&d=mm&r=g","contentUrl":"https:\/\/secure.gravatar.com\/avatar\/1b1a13e37f847c635dab78348f1dff2f07651ee2a3d77a5c355a4b8c75f9165a?s=96&d=mm&r=g","caption":"creativebitsolutions"},"url":"https:\/\/carpathiacenter.ro\/en\/author\/creativebitsolutions\/"}]}},"_links":{"self":[{"href":"https:\/\/carpathiacenter.ro\/en\/wp-json\/wp\/v2\/posts\/1399","targetHints":{"allow":["GET"]}}],"collection":[{"href":"https:\/\/carpathiacenter.ro\/en\/wp-json\/wp\/v2\/posts"}],"about":[{"href":"https:\/\/carpathiacenter.ro\/en\/wp-json\/wp\/v2\/types\/post"}],"author":[{"embeddable":true,"href":"https:\/\/carpathiacenter.ro\/en\/wp-json\/wp\/v2\/users\/4"}],"replies":[{"embeddable":true,"href":"https:\/\/carpathiacenter.ro\/en\/wp-json\/wp\/v2\/comments?post=1399"}],"version-history":[{"count":1,"href":"https:\/\/carpathiacenter.ro\/en\/wp-json\/wp\/v2\/posts\/1399\/revisions"}],"predecessor-version":[{"id":1401,"href":"https:\/\/carpathiacenter.ro\/en\/wp-json\/wp\/v2\/posts\/1399\/revisions\/1401"}],"wp:featuredmedia":[{"embeddable":true,"href":"https:\/\/carpathiacenter.ro\/en\/wp-json\/wp\/v2\/media\/1400"}],"wp:attachment":[{"href":"https:\/\/carpathiacenter.ro\/en\/wp-json\/wp\/v2\/media?parent=1399"}],"wp:term":[{"taxonomy":"category","embeddable":true,"href":"https:\/\/carpathiacenter.ro\/en\/wp-json\/wp\/v2\/categories?post=1399"},{"taxonomy":"post_tag","embeddable":true,"href":"https:\/\/carpathiacenter.ro\/en\/wp-json\/wp\/v2\/tags?post=1399"}],"curies":[{"name":"wp","href":"https:\/\/api.w.org\/{rel}","templated":true}]}}