{"id":1396,"date":"2024-10-09T12:18:43","date_gmt":"2024-10-09T12:18:43","guid":{"rendered":"https:\/\/carpathiacenter.ro\/?p=1396"},"modified":"2024-10-09T12:18:43","modified_gmt":"2024-10-09T12:18:43","slug":"victor-negrescu-schengen-pe-10-octombrie-nu-se-va-intampla-nimic-concret-nu-va-fi-un-vot-dar-se-poate-oferi-o-perspectiva-pentru-decembrie","status":"publish","type":"post","link":"https:\/\/carpathiacenter.ro\/en\/victor-negrescu-schengen-pe-10-octombrie-nu-se-va-intampla-nimic-concret-nu-va-fi-un-vot-dar-se-poate-oferi-o-perspectiva-pentru-decembrie\/","title":{"rendered":"Victor Negrescu\/Schengen: Pe 10 octombrie nu se va \u00eent\u00e2mpla nimic concret, nu va fi un vot, dar se poate oferi o perspectiv\u0103 pentru decembrie"},"content":{"rendered":"<div class=\"description_articol\">\n<p>Strasbourg &#8211; Trimisul special al AGERPRES, Florin \u015etefan, transmite: Vicepre\u015fedintele Parlamentului European Victor Negrescu s-a declarat mar\u0163i \u00eencrez\u0103tor c\u0103 Rom\u00e2nia poate adera cu frontierele terestre la spa\u0163iul Schengen de la \u00eenceputul anului viitor, de\u015fi admite c\u0103 la Consiliului Justi\u0163ie \u015fi Afaceri Interne (JAI) de joi nu se va \u00eent\u00e2mpla nimic concret.<\/p>\n<p>Eurodeputatul PSD a solicitat \u00een Parlamentul European luni, \u00een cadrul unei dezbateri privind reintroducerea controalelor la frontierele Schengen de c\u0103tre anumite state membre, ca Rom\u00e2niei s\u0103 i se ofere o perspectiv\u0103 concret\u0103 privind aderarea cu frontierele terestre p\u00e2n\u0103 la sf\u00e2r\u015fitul anului \u00een cadrul Consiliului JAI de s\u0103pt\u0103m\u00e2na aceasta.<\/p>\n<p>&#8220;\u00cen cadrul Consiliului vor fi prezentate rezultatele ader\u0103rii Rom\u00e2niei pe cale aerian\u0103 \u015fi maritim\u0103 la zona de liber\u0103 circula\u0163ie. Rezultate bune. De asemenea, rezultatele pozitive ale implement\u0103rii proiectelor-pilot finan\u0163ate de Comisia European\u0103 pentru securizarea frontierelor Rom\u00e2niei. Ast\u0103zi, \u0163ara noastr\u0103 este un exemplu de bun\u0103 practic\u0103 ca urmare a implement\u0103rii acestor proiecte pilot. De aceea, exist\u0103 argumente pentru a avea acest vot pozitiv pentru \u0163ara noastr\u0103. S-ar putea realiza un astfel de vot de \u00eencredere la nivel tehnic, cum s-a \u00eent\u00e2mplat \u015fi anul trecut&#8221;, a spus Negrescu \u00een cadrul unui briefing pentru jurnali\u015fti rom\u00e2ni.<\/p>\n<p>Eurodeputatul PSD a precizat c\u0103, pentru a sus\u0163ine acest demers, el personal \u015fi al\u0163i reprezentan\u0163i ai autorit\u0103\u0163ilor rom\u00e2ne sunt \u00een contact cu Comisia European\u0103 \u015fi statele membre, \u00eentre care \u015fi Austria.<\/p>\n<p>&#8220;A\u015fadar, pe 10 octombrie nu o s\u0103 se \u00eent\u00e2mple nimic concret, nu va fi un vot, dar se poate oferi aceast\u0103 perspectiv\u0103 \u015fi putem s\u0103 \u015ftim exact pozi\u0163ia fiec\u0103rui stat membru. Eu sunt \u00eencrez\u0103tor c\u0103 se poate ob\u0163ine acest obiectiv p\u00e2n\u0103 la finalul anului. Evident, nu \u0163ine doar de Rom\u00e2nia, pentru c\u0103 este un efort comun \u00een a convinge \u015fi partenerii din Austria, de ne asigura c\u0103 alte state nu-\u015fi schimb\u0103 pozi\u0163ia. A se vedea anumite reac\u0163ii din Olanda sau chiar din Fran\u0163a cu privire la subiectul extinderii zonei de liber\u0103 circula\u0163ie&#8221;, a tras el un semnal de alarm\u0103.<\/p>\n<p>Luni &#8220;am intervenit \u00een plen pentru a \u00eent\u0103ri ceea ce a spus \u015fi comisarul european Ylva Johansson, cu care m-am \u00eent\u00e2lnit recent, faptul c\u0103 aceste controale temporare introduse la frontier\u0103 de anumite state membre nu pot bloca aderarea Rom\u00e2niei la spa\u0163iul Schengen \u015fi nu poate reprezenta acest lucru un argument \u00een a bloca extinderea zonei de liber\u0103 circula\u0163ie&#8221;, a precizat Negrescu.<\/p>\n<p>Victor Negrescu sus\u0163ine c\u0103 urmeaz\u0103 s\u0103 aib\u0103 o discu\u0163ie inclusiv cu comisarul-desemnat din Austria pentru afaceri interne, Magnus Brunner.<\/p>\n<p>&#8220;Eu cred c\u0103 este momentul pentru noi s\u0103 spunem foarte clar ce vrem de la comisarul austriac desemnat pentru zona aceasta de afaceri interne \u015fi s\u0103 ar\u0103t\u0103m c\u0103 suntem o \u0163ar\u0103 influent\u0103. De aceea m\u0103 bucur c\u0103 avem ocazia s\u0103 discut\u0103m direct \u015fi \u00een m\u0103sura \u00een care, evident, voi vedea un sprijin pentru aderarea Rom\u00e2niei la spa\u0163iul Schengen pe cale terestr\u0103, atunci rom\u00e2nii de aici, din Parlamentul European, vom oferi \u015fi noi un sprijin&#8221;, a spus el.AGERPRES\/(A &#8211; editor: Mariana Ionescu, editor online: Anda Badea)<\/p>\n<\/div>\n<p>Sursa:<a href=\"https:\/\/www.agerpres.ro\/romania-in-lume\/2024\/10\/08\/victor-negrescu-schengen-pe-10-octombrie-nu-se-va-intampla-nimic-concret-nu-va-fi-un-vot-dar-se-poate-oferi-o-perspectiva-pentru-decembrie--1367494\">https:\/\/www.agerpres.ro\/romania-in-lume\/2024\/10\/08\/victor-negrescu-schengen-pe-10-octombrie-nu-se-va-intampla-nimic-concret-nu-va-fi-un-vot-dar-se-poate-oferi-o-perspectiva-pentru-decembrie&#8211;1367494<\/a><\/p>","protected":false},"excerpt":{"rendered":"<p>Strasbourg &#8211; Trimisul special al AGERPRES, Florin \u015etefan, transmite: Vicepre\u015fedintele Parlamentului European Victor Negrescu s-a declarat mar\u0163i \u00eencrez\u0103tor c\u0103 Rom\u00e2nia poate adera cu frontierele terestre la spa\u0163iul Schengen de la \u00eenceputul anului viitor, de\u015fi admite c\u0103 la Consiliului Justi\u0163ie \u015fi Afaceri Interne (JAI) de joi nu se va \u00eent\u00e2mpla nimic concret. Eurodeputatul PSD a solicitat&#8230;<\/p>","protected":false},"author":4,"featured_media":1397,"comment_status":"open","ping_status":"open","sticky":false,"template":"","format":"standard","meta":{"footnotes":""},"categories":[1],"tags":[],"class_list":["post-1396","post","type-post","status-publish","format-standard","has-post-thumbnail","hentry","category-uncategorized"],"yoast_head":"<!-- This site is optimized with the Yoast SEO plugin v26.1.1 - https:\/\/yoast.com\/wordpress\/plugins\/seo\/ -->\n<title>Victor Negrescu\/Schengen: Pe 10 octombrie nu se va \u00eent\u00e2mpla nimic concret, nu va fi un vot, dar se poate oferi o perspectiv\u0103 pentru decembrie - Carpathia Center Romania<\/title>\n<meta name=\"robots\" content=\"index, follow, max-snippet:-1, max-image-preview:large, max-video-preview:-1\" \/>\n<link rel=\"canonical\" href=\"https:\/\/carpathiacenter.ro\/en\/victor-negrescu-schengen-pe-10-octombrie-nu-se-va-intampla-nimic-concret-nu-va-fi-un-vot-dar-se-poate-oferi-o-perspectiva-pentru-decembrie\/\" \/>\n<meta property=\"og:locale\" content=\"en_GB\" \/>\n<meta property=\"og:type\" content=\"article\" \/>\n<meta property=\"og:title\" content=\"Victor Negrescu\/Schengen: Pe 10 octombrie nu se va \u00eent\u00e2mpla nimic concret, nu va fi un vot, dar se poate oferi o perspectiv\u0103 pentru decembrie - Carpathia Center Romania\" \/>\n<meta property=\"og:description\" content=\"Strasbourg &#8211; Trimisul special al AGERPRES, Florin \u015etefan, transmite: Vicepre\u015fedintele Parlamentului European Victor Negrescu s-a declarat mar\u0163i \u00eencrez\u0103tor c\u0103 Rom\u00e2nia poate adera cu frontierele terestre la spa\u0163iul Schengen de la \u00eenceputul anului viitor, de\u015fi admite c\u0103 la Consiliului Justi\u0163ie \u015fi Afaceri Interne (JAI) de joi nu se va \u00eent\u00e2mpla nimic concret. Eurodeputatul PSD a solicitat...\" \/>\n<meta property=\"og:url\" content=\"https:\/\/carpathiacenter.ro\/en\/victor-negrescu-schengen-pe-10-octombrie-nu-se-va-intampla-nimic-concret-nu-va-fi-un-vot-dar-se-poate-oferi-o-perspectiva-pentru-decembrie\/\" \/>\n<meta property=\"og:site_name\" content=\"Carpathia Center Romania\" \/>\n<meta property=\"article:publisher\" content=\"https:\/\/www.facebook.com\/fdpscarpathia\/\" \/>\n<meta property=\"article:published_time\" content=\"2024-10-09T12:18:43+00:00\" \/>\n<meta property=\"og:image\" content=\"https:\/\/carpathiacenter.ro\/wp-content\/uploads\/2024\/10\/index.webp\" \/>\n\t<meta property=\"og:image:width\" content=\"700\" \/>\n\t<meta property=\"og:image:height\" content=\"466\" \/>\n\t<meta property=\"og:image:type\" content=\"image\/webp\" \/>\n<meta name=\"author\" content=\"creativebitsolutions\" \/>\n<meta name=\"twitter:card\" content=\"summary_large_image\" \/>\n<meta name=\"twitter:label1\" content=\"Written by\" \/>\n\t<meta name=\"twitter:data1\" content=\"creativebitsolutions\" \/>\n\t<meta name=\"twitter:label2\" content=\"Estimated reading time\" \/>\n\t<meta name=\"twitter:data2\" content=\"3 minutes\" \/>\n<script type=\"application\/ld+json\" class=\"yoast-schema-graph\">{\"@context\":\"https:\/\/schema.org\",\"@graph\":[{\"@type\":\"Article\",\"@id\":\"https:\/\/carpathiacenter.ro\/victor-negrescu-schengen-pe-10-octombrie-nu-se-va-intampla-nimic-concret-nu-va-fi-un-vot-dar-se-poate-oferi-o-perspectiva-pentru-decembrie\/#article\",\"isPartOf\":{\"@id\":\"https:\/\/carpathiacenter.ro\/victor-negrescu-schengen-pe-10-octombrie-nu-se-va-intampla-nimic-concret-nu-va-fi-un-vot-dar-se-poate-oferi-o-perspectiva-pentru-decembrie\/\"},\"author\":{\"name\":\"creativebitsolutions\",\"@id\":\"https:\/\/carpathiacenter.ro\/#\/schema\/person\/03d9f58202fee8379268f34afa195006\"},\"headline\":\"Victor Negrescu\/Schengen: Pe 10 octombrie nu se va \u00eent\u00e2mpla nimic concret, nu va fi un vot, dar se poate oferi o perspectiv\u0103 pentru decembrie\",\"datePublished\":\"2024-10-09T12:18:43+00:00\",\"mainEntityOfPage\":{\"@id\":\"https:\/\/carpathiacenter.ro\/victor-negrescu-schengen-pe-10-octombrie-nu-se-va-intampla-nimic-concret-nu-va-fi-un-vot-dar-se-poate-oferi-o-perspectiva-pentru-decembrie\/\"},\"wordCount\":580,\"commentCount\":0,\"publisher\":{\"@id\":\"https:\/\/carpathiacenter.ro\/#organization\"},\"image\":{\"@id\":\"https:\/\/carpathiacenter.ro\/victor-negrescu-schengen-pe-10-octombrie-nu-se-va-intampla-nimic-concret-nu-va-fi-un-vot-dar-se-poate-oferi-o-perspectiva-pentru-decembrie\/#primaryimage\"},\"thumbnailUrl\":\"https:\/\/carpathiacenter.ro\/wp-content\/uploads\/2024\/10\/index.webp\",\"articleSection\":[\"Uncategorized\"],\"inLanguage\":\"en-GB\",\"potentialAction\":[{\"@type\":\"CommentAction\",\"name\":\"Comment\",\"target\":[\"https:\/\/carpathiacenter.ro\/victor-negrescu-schengen-pe-10-octombrie-nu-se-va-intampla-nimic-concret-nu-va-fi-un-vot-dar-se-poate-oferi-o-perspectiva-pentru-decembrie\/#respond\"]}]},{\"@type\":\"WebPage\",\"@id\":\"https:\/\/carpathiacenter.ro\/victor-negrescu-schengen-pe-10-octombrie-nu-se-va-intampla-nimic-concret-nu-va-fi-un-vot-dar-se-poate-oferi-o-perspectiva-pentru-decembrie\/\",\"url\":\"https:\/\/carpathiacenter.ro\/victor-negrescu-schengen-pe-10-octombrie-nu-se-va-intampla-nimic-concret-nu-va-fi-un-vot-dar-se-poate-oferi-o-perspectiva-pentru-decembrie\/\",\"name\":\"Victor Negrescu\/Schengen: Pe 10 octombrie nu se va \u00eent\u00e2mpla nimic concret, nu va fi un vot, dar se poate oferi o perspectiv\u0103 pentru decembrie - Carpathia Center Romania\",\"isPartOf\":{\"@id\":\"https:\/\/carpathiacenter.ro\/#website\"},\"primaryImageOfPage\":{\"@id\":\"https:\/\/carpathiacenter.ro\/victor-negrescu-schengen-pe-10-octombrie-nu-se-va-intampla-nimic-concret-nu-va-fi-un-vot-dar-se-poate-oferi-o-perspectiva-pentru-decembrie\/#primaryimage\"},\"image\":{\"@id\":\"https:\/\/carpathiacenter.ro\/victor-negrescu-schengen-pe-10-octombrie-nu-se-va-intampla-nimic-concret-nu-va-fi-un-vot-dar-se-poate-oferi-o-perspectiva-pentru-decembrie\/#primaryimage\"},\"thumbnailUrl\":\"https:\/\/carpathiacenter.ro\/wp-content\/uploads\/2024\/10\/index.webp\",\"datePublished\":\"2024-10-09T12:18:43+00:00\",\"breadcrumb\":{\"@id\":\"https:\/\/carpathiacenter.ro\/victor-negrescu-schengen-pe-10-octombrie-nu-se-va-intampla-nimic-concret-nu-va-fi-un-vot-dar-se-poate-oferi-o-perspectiva-pentru-decembrie\/#breadcrumb\"},\"inLanguage\":\"en-GB\",\"potentialAction\":[{\"@type\":\"ReadAction\",\"target\":[\"https:\/\/carpathiacenter.ro\/victor-negrescu-schengen-pe-10-octombrie-nu-se-va-intampla-nimic-concret-nu-va-fi-un-vot-dar-se-poate-oferi-o-perspectiva-pentru-decembrie\/\"]}]},{\"@type\":\"ImageObject\",\"inLanguage\":\"en-GB\",\"@id\":\"https:\/\/carpathiacenter.ro\/victor-negrescu-schengen-pe-10-octombrie-nu-se-va-intampla-nimic-concret-nu-va-fi-un-vot-dar-se-poate-oferi-o-perspectiva-pentru-decembrie\/#primaryimage\",\"url\":\"https:\/\/carpathiacenter.ro\/wp-content\/uploads\/2024\/10\/index.webp\",\"contentUrl\":\"https:\/\/carpathiacenter.ro\/wp-content\/uploads\/2024\/10\/index.webp\",\"width\":700,\"height\":466},{\"@type\":\"BreadcrumbList\",\"@id\":\"https:\/\/carpathiacenter.ro\/victor-negrescu-schengen-pe-10-octombrie-nu-se-va-intampla-nimic-concret-nu-va-fi-un-vot-dar-se-poate-oferi-o-perspectiva-pentru-decembrie\/#breadcrumb\",\"itemListElement\":[{\"@type\":\"ListItem\",\"position\":1,\"name\":\"Prima pagin\u0103\",\"item\":\"https:\/\/carpathiacenter.ro\/\"},{\"@type\":\"ListItem\",\"position\":2,\"name\":\"Victor Negrescu\/Schengen: Pe 10 octombrie nu se va \u00eent\u00e2mpla nimic concret, nu va fi un vot, dar se poate oferi o perspectiv\u0103 pentru decembrie\"}]},{\"@type\":\"WebSite\",\"@id\":\"https:\/\/carpathiacenter.ro\/#website\",\"url\":\"https:\/\/carpathiacenter.ro\/\",\"name\":\"Carpathia Center Romania\",\"description\":\"Impossible made possible!\",\"publisher\":{\"@id\":\"https:\/\/carpathiacenter.ro\/#organization\"},\"potentialAction\":[{\"@type\":\"SearchAction\",\"target\":{\"@type\":\"EntryPoint\",\"urlTemplate\":\"https:\/\/carpathiacenter.ro\/?s={search_term_string}\"},\"query-input\":{\"@type\":\"PropertyValueSpecification\",\"valueRequired\":true,\"valueName\":\"search_term_string\"}}],\"inLanguage\":\"en-GB\"},{\"@type\":\"Organization\",\"@id\":\"https:\/\/carpathiacenter.ro\/#organization\",\"name\":\"Carpathia Center Romania\",\"url\":\"https:\/\/carpathiacenter.ro\/\",\"logo\":{\"@type\":\"ImageObject\",\"inLanguage\":\"en-GB\",\"@id\":\"https:\/\/carpathiacenter.ro\/#\/schema\/logo\/image\/\",\"url\":\"https:\/\/carpathiacenter.ro\/wp-content\/uploads\/2024\/07\/logo-carpathia_bg_white-1024x941.png\",\"contentUrl\":\"https:\/\/carpathiacenter.ro\/wp-content\/uploads\/2024\/07\/logo-carpathia_bg_white-1024x941.png\",\"width\":1024,\"height\":941,\"caption\":\"Carpathia Center Romania\"},\"image\":{\"@id\":\"https:\/\/carpathiacenter.ro\/#\/schema\/logo\/image\/\"},\"sameAs\":[\"https:\/\/www.facebook.com\/fdpscarpathia\/\"]},{\"@type\":\"Person\",\"@id\":\"https:\/\/carpathiacenter.ro\/#\/schema\/person\/03d9f58202fee8379268f34afa195006\",\"name\":\"creativebitsolutions\",\"image\":{\"@type\":\"ImageObject\",\"inLanguage\":\"en-GB\",\"@id\":\"https:\/\/carpathiacenter.ro\/#\/schema\/person\/image\/\",\"url\":\"https:\/\/secure.gravatar.com\/avatar\/1b1a13e37f847c635dab78348f1dff2f07651ee2a3d77a5c355a4b8c75f9165a?s=96&d=mm&r=g\",\"contentUrl\":\"https:\/\/secure.gravatar.com\/avatar\/1b1a13e37f847c635dab78348f1dff2f07651ee2a3d77a5c355a4b8c75f9165a?s=96&d=mm&r=g\",\"caption\":\"creativebitsolutions\"},\"url\":\"https:\/\/carpathiacenter.ro\/en\/author\/creativebitsolutions\/\"}]}<\/script>\n<!-- \/ Yoast SEO plugin. -->","yoast_head_json":{"title":"Victor Negrescu\/Schengen: Pe 10 octombrie nu se va \u00eent\u00e2mpla nimic concret, nu va fi un vot, dar se poate oferi o perspectiv\u0103 pentru decembrie - Carpathia Center Romania","robots":{"index":"index","follow":"follow","max-snippet":"max-snippet:-1","max-image-preview":"max-image-preview:large","max-video-preview":"max-video-preview:-1"},"canonical":"https:\/\/carpathiacenter.ro\/en\/victor-negrescu-schengen-pe-10-octombrie-nu-se-va-intampla-nimic-concret-nu-va-fi-un-vot-dar-se-poate-oferi-o-perspectiva-pentru-decembrie\/","og_locale":"en_GB","og_type":"article","og_title":"Victor Negrescu\/Schengen: Pe 10 octombrie nu se va \u00eent\u00e2mpla nimic concret, nu va fi un vot, dar se poate oferi o perspectiv\u0103 pentru decembrie - Carpathia Center Romania","og_description":"Strasbourg &#8211; Trimisul special al AGERPRES, Florin \u015etefan, transmite: Vicepre\u015fedintele Parlamentului European Victor Negrescu s-a declarat mar\u0163i \u00eencrez\u0103tor c\u0103 Rom\u00e2nia poate adera cu frontierele terestre la spa\u0163iul Schengen de la \u00eenceputul anului viitor, de\u015fi admite c\u0103 la Consiliului Justi\u0163ie \u015fi Afaceri Interne (JAI) de joi nu se va \u00eent\u00e2mpla nimic concret. Eurodeputatul PSD a solicitat...","og_url":"https:\/\/carpathiacenter.ro\/en\/victor-negrescu-schengen-pe-10-octombrie-nu-se-va-intampla-nimic-concret-nu-va-fi-un-vot-dar-se-poate-oferi-o-perspectiva-pentru-decembrie\/","og_site_name":"Carpathia Center Romania","article_publisher":"https:\/\/www.facebook.com\/fdpscarpathia\/","article_published_time":"2024-10-09T12:18:43+00:00","og_image":[{"width":700,"height":466,"url":"https:\/\/carpathiacenter.ro\/wp-content\/uploads\/2024\/10\/index.webp","type":"image\/webp"}],"author":"creativebitsolutions","twitter_card":"summary_large_image","twitter_misc":{"Written by":"creativebitsolutions","Estimated reading time":"3 minutes"},"schema":{"@context":"https:\/\/schema.org","@graph":[{"@type":"Article","@id":"https:\/\/carpathiacenter.ro\/victor-negrescu-schengen-pe-10-octombrie-nu-se-va-intampla-nimic-concret-nu-va-fi-un-vot-dar-se-poate-oferi-o-perspectiva-pentru-decembrie\/#article","isPartOf":{"@id":"https:\/\/carpathiacenter.ro\/victor-negrescu-schengen-pe-10-octombrie-nu-se-va-intampla-nimic-concret-nu-va-fi-un-vot-dar-se-poate-oferi-o-perspectiva-pentru-decembrie\/"},"author":{"name":"creativebitsolutions","@id":"https:\/\/carpathiacenter.ro\/#\/schema\/person\/03d9f58202fee8379268f34afa195006"},"headline":"Victor Negrescu\/Schengen: Pe 10 octombrie nu se va \u00eent\u00e2mpla nimic concret, nu va fi un vot, dar se poate oferi o perspectiv\u0103 pentru decembrie","datePublished":"2024-10-09T12:18:43+00:00","mainEntityOfPage":{"@id":"https:\/\/carpathiacenter.ro\/victor-negrescu-schengen-pe-10-octombrie-nu-se-va-intampla-nimic-concret-nu-va-fi-un-vot-dar-se-poate-oferi-o-perspectiva-pentru-decembrie\/"},"wordCount":580,"commentCount":0,"publisher":{"@id":"https:\/\/carpathiacenter.ro\/#organization"},"image":{"@id":"https:\/\/carpathiacenter.ro\/victor-negrescu-schengen-pe-10-octombrie-nu-se-va-intampla-nimic-concret-nu-va-fi-un-vot-dar-se-poate-oferi-o-perspectiva-pentru-decembrie\/#primaryimage"},"thumbnailUrl":"https:\/\/carpathiacenter.ro\/wp-content\/uploads\/2024\/10\/index.webp","articleSection":["Uncategorized"],"inLanguage":"en-GB","potentialAction":[{"@type":"CommentAction","name":"Comment","target":["https:\/\/carpathiacenter.ro\/victor-negrescu-schengen-pe-10-octombrie-nu-se-va-intampla-nimic-concret-nu-va-fi-un-vot-dar-se-poate-oferi-o-perspectiva-pentru-decembrie\/#respond"]}]},{"@type":"WebPage","@id":"https:\/\/carpathiacenter.ro\/victor-negrescu-schengen-pe-10-octombrie-nu-se-va-intampla-nimic-concret-nu-va-fi-un-vot-dar-se-poate-oferi-o-perspectiva-pentru-decembrie\/","url":"https:\/\/carpathiacenter.ro\/victor-negrescu-schengen-pe-10-octombrie-nu-se-va-intampla-nimic-concret-nu-va-fi-un-vot-dar-se-poate-oferi-o-perspectiva-pentru-decembrie\/","name":"Victor Negrescu\/Schengen: Pe 10 octombrie nu se va \u00eent\u00e2mpla nimic concret, nu va fi un vot, dar se poate oferi o perspectiv\u0103 pentru decembrie - Carpathia Center Romania","isPartOf":{"@id":"https:\/\/carpathiacenter.ro\/#website"},"primaryImageOfPage":{"@id":"https:\/\/carpathiacenter.ro\/victor-negrescu-schengen-pe-10-octombrie-nu-se-va-intampla-nimic-concret-nu-va-fi-un-vot-dar-se-poate-oferi-o-perspectiva-pentru-decembrie\/#primaryimage"},"image":{"@id":"https:\/\/carpathiacenter.ro\/victor-negrescu-schengen-pe-10-octombrie-nu-se-va-intampla-nimic-concret-nu-va-fi-un-vot-dar-se-poate-oferi-o-perspectiva-pentru-decembrie\/#primaryimage"},"thumbnailUrl":"https:\/\/carpathiacenter.ro\/wp-content\/uploads\/2024\/10\/index.webp","datePublished":"2024-10-09T12:18:43+00:00","breadcrumb":{"@id":"https:\/\/carpathiacenter.ro\/victor-negrescu-schengen-pe-10-octombrie-nu-se-va-intampla-nimic-concret-nu-va-fi-un-vot-dar-se-poate-oferi-o-perspectiva-pentru-decembrie\/#breadcrumb"},"inLanguage":"en-GB","potentialAction":[{"@type":"ReadAction","target":["https:\/\/carpathiacenter.ro\/victor-negrescu-schengen-pe-10-octombrie-nu-se-va-intampla-nimic-concret-nu-va-fi-un-vot-dar-se-poate-oferi-o-perspectiva-pentru-decembrie\/"]}]},{"@type":"ImageObject","inLanguage":"en-GB","@id":"https:\/\/carpathiacenter.ro\/victor-negrescu-schengen-pe-10-octombrie-nu-se-va-intampla-nimic-concret-nu-va-fi-un-vot-dar-se-poate-oferi-o-perspectiva-pentru-decembrie\/#primaryimage","url":"https:\/\/carpathiacenter.ro\/wp-content\/uploads\/2024\/10\/index.webp","contentUrl":"https:\/\/carpathiacenter.ro\/wp-content\/uploads\/2024\/10\/index.webp","width":700,"height":466},{"@type":"BreadcrumbList","@id":"https:\/\/carpathiacenter.ro\/victor-negrescu-schengen-pe-10-octombrie-nu-se-va-intampla-nimic-concret-nu-va-fi-un-vot-dar-se-poate-oferi-o-perspectiva-pentru-decembrie\/#breadcrumb","itemListElement":[{"@type":"ListItem","position":1,"name":"Prima pagin\u0103","item":"https:\/\/carpathiacenter.ro\/"},{"@type":"ListItem","position":2,"name":"Victor Negrescu\/Schengen: Pe 10 octombrie nu se va \u00eent\u00e2mpla nimic concret, nu va fi un vot, dar se poate oferi o perspectiv\u0103 pentru decembrie"}]},{"@type":"WebSite","@id":"https:\/\/carpathiacenter.ro\/#website","url":"https:\/\/carpathiacenter.ro\/","name":"Carpathia Center Romania","description":"Impossible made possible!","publisher":{"@id":"https:\/\/carpathiacenter.ro\/#organization"},"potentialAction":[{"@type":"SearchAction","target":{"@type":"EntryPoint","urlTemplate":"https:\/\/carpathiacenter.ro\/?s={search_term_string}"},"query-input":{"@type":"PropertyValueSpecification","valueRequired":true,"valueName":"search_term_string"}}],"inLanguage":"en-GB"},{"@type":"Organization","@id":"https:\/\/carpathiacenter.ro\/#organization","name":"Carpathia Center Romania","url":"https:\/\/carpathiacenter.ro\/","logo":{"@type":"ImageObject","inLanguage":"en-GB","@id":"https:\/\/carpathiacenter.ro\/#\/schema\/logo\/image\/","url":"https:\/\/carpathiacenter.ro\/wp-content\/uploads\/2024\/07\/logo-carpathia_bg_white-1024x941.png","contentUrl":"https:\/\/carpathiacenter.ro\/wp-content\/uploads\/2024\/07\/logo-carpathia_bg_white-1024x941.png","width":1024,"height":941,"caption":"Carpathia Center Romania"},"image":{"@id":"https:\/\/carpathiacenter.ro\/#\/schema\/logo\/image\/"},"sameAs":["https:\/\/www.facebook.com\/fdpscarpathia\/"]},{"@type":"Person","@id":"https:\/\/carpathiacenter.ro\/#\/schema\/person\/03d9f58202fee8379268f34afa195006","name":"creativebitsolutions","image":{"@type":"ImageObject","inLanguage":"en-GB","@id":"https:\/\/carpathiacenter.ro\/#\/schema\/person\/image\/","url":"https:\/\/secure.gravatar.com\/avatar\/1b1a13e37f847c635dab78348f1dff2f07651ee2a3d77a5c355a4b8c75f9165a?s=96&d=mm&r=g","contentUrl":"https:\/\/secure.gravatar.com\/avatar\/1b1a13e37f847c635dab78348f1dff2f07651ee2a3d77a5c355a4b8c75f9165a?s=96&d=mm&r=g","caption":"creativebitsolutions"},"url":"https:\/\/carpathiacenter.ro\/en\/author\/creativebitsolutions\/"}]}},"_links":{"self":[{"href":"https:\/\/carpathiacenter.ro\/en\/wp-json\/wp\/v2\/posts\/1396","targetHints":{"allow":["GET"]}}],"collection":[{"href":"https:\/\/carpathiacenter.ro\/en\/wp-json\/wp\/v2\/posts"}],"about":[{"href":"https:\/\/carpathiacenter.ro\/en\/wp-json\/wp\/v2\/types\/post"}],"author":[{"embeddable":true,"href":"https:\/\/carpathiacenter.ro\/en\/wp-json\/wp\/v2\/users\/4"}],"replies":[{"embeddable":true,"href":"https:\/\/carpathiacenter.ro\/en\/wp-json\/wp\/v2\/comments?post=1396"}],"version-history":[{"count":1,"href":"https:\/\/carpathiacenter.ro\/en\/wp-json\/wp\/v2\/posts\/1396\/revisions"}],"predecessor-version":[{"id":1398,"href":"https:\/\/carpathiacenter.ro\/en\/wp-json\/wp\/v2\/posts\/1396\/revisions\/1398"}],"wp:featuredmedia":[{"embeddable":true,"href":"https:\/\/carpathiacenter.ro\/en\/wp-json\/wp\/v2\/media\/1397"}],"wp:attachment":[{"href":"https:\/\/carpathiacenter.ro\/en\/wp-json\/wp\/v2\/media?parent=1396"}],"wp:term":[{"taxonomy":"category","embeddable":true,"href":"https:\/\/carpathiacenter.ro\/en\/wp-json\/wp\/v2\/categories?post=1396"},{"taxonomy":"post_tag","embeddable":true,"href":"https:\/\/carpathiacenter.ro\/en\/wp-json\/wp\/v2\/tags?post=1396"}],"curies":[{"name":"wp","href":"https:\/\/api.w.org\/{rel}","templated":true}]}}