{"id":1391,"date":"2024-10-08T10:07:52","date_gmt":"2024-10-08T10:07:52","guid":{"rendered":"https:\/\/carpathiacenter.ro\/?p=1391"},"modified":"2024-10-08T10:07:52","modified_gmt":"2024-10-08T10:07:52","slug":"ccr-a-respins-contestatiile-impotriva-candidaturilor-lui-marcel-ciolacu-si-elenei-lasconi","status":"publish","type":"post","link":"https:\/\/carpathiacenter.ro\/en\/ccr-a-respins-contestatiile-impotriva-candidaturilor-lui-marcel-ciolacu-si-elenei-lasconi\/","title":{"rendered":"CCR a respins contesta\u0163iile \u00eempotriva candidaturilor lui Marcel Ciolacu \u015fi Elenei Lasconi"},"content":{"rendered":"<div class=\"tdb-block-inner td-fix-index\">\n<p>Curtea Constitu\u0163ional\u0103 a Rom\u00e2niei a respins, luni, contesta\u0163iile formulate \u00eempotriva candidaturilor depuse de Marcel Ciolacu \u015fi Elena Lasconi pentru func\u0163ia de pre\u015fedinte al Rom\u00e2niei.<\/p>\n<p>Tot luni, judec\u0103torii constitu\u0163ionali au respins contesta\u0163iile \u00eempotriva ne\u00eenregistr\u0103rii candidaturilor \u00een cursa preziden\u0163ial\u0103 \u00een cazul Dianei Iovanovici \u015eo\u015foac\u0103, Mariei Marcu, lui R\u0103zvan \u2013 Nicolae Constantinescu \u015fi lui Ciprian \u2013 Romeo Mega.<\/p>\n<p>Hot\u0103r\u00e2rile sunt definitive \u015fi se comunic\u0103 Biroului Electoral Central.<\/p>\n<p>Conform dispozi\u0163iilor art. 146 lit. f) din Constitu\u0163ie \u015fi art. 37 \u015fi art. 38 din Legea nr. 47\/1992, Curtea Constitu\u0163ional\u0103 are atribu\u0163ia de a veghea la respectarea procedurii pentru alegerea pre\u015fedintelui Rom\u00e2niei \u015fi confirmarea rezultatelor sufragiului.<\/p>\n<p>De asemenea, Curtea Constitu\u0163ional\u0103 solu\u0163ioneaz\u0103 contesta\u0163iile cu privire la \u00eenregistrarea sau ne\u00eenregistrarea candidaturii la func\u0163ia de pre\u015fedinte.<\/p>\n<p>Persoanele care se pot adresa Cur\u0163ii \u00een acest sens sunt candida\u0163ii, partidele politice, organiza\u0163iile cet\u0103\u0163enilor apar\u0163in\u00e2nd minorit\u0103\u0163ilor na\u0163ionale, alian\u0163ele politice, alian\u0163ele electorale \u015fi aleg\u0103torii.<\/p>\n<p>Contesta\u0163ia se depune la sediul CCR \u015fi vizeaz\u0103, \u00een concret, decizia prin care Biroul Electoral Central a admis sau a respins \u00eenregistrarea candidaturii sau a semnelor electorale.<\/p>\n<p>Curtea Constitu\u0163ional\u0103 solu\u0163ioneaz\u0103 contesta\u0163iile \u00een termen de cel mult dou\u0103 zile de la \u00eenregistrarea acestora.<\/p>\n<p>Dezbaterile au loc f\u0103r\u0103 \u00een\u015ftiin\u0163area p\u0103r\u0163ilor, cu participarea reprezentantului Ministerului Public, pe baza sesiz\u0103rii \u015fi a celorlalte documente aflate la dosar. AGERPRES\/(AS \u2013 autor: Mihai Stoica, editor: Georgiana T\u0103n\u0103sescu, editor online: Andreea L\u00e3z\u00e3roiu)<\/p>\n<p>Sursa: <a href=\"https:\/\/www.agerpres.ro\/justitie\/2024\/10\/07\/prezidentiale2024-ccr-a-respins-contestatiile-impotriva-candidaturilor-lui-marcel-ciolacu-si-elenei-lasconi--1366892\" target=\"_blank\" rel=\"noopener\" title=\"\">https:\/\/www.agerpres.ro\/justitie\/2024\/10\/07\/prezidentiale2024-ccr-a-respins-contestatiile-impotriva-candidaturilor-lui-marcel-ciolacu-si-elenei-lasconi\u20131366892<\/a><\/p>\n<\/div>","protected":false},"excerpt":{"rendered":"<p>Curtea Constitu\u0163ional\u0103 a Rom\u00e2niei a respins, luni, contesta\u0163iile formulate \u00eempotriva candidaturilor depuse de Marcel Ciolacu \u015fi Elena Lasconi pentru func\u0163ia de pre\u015fedinte al Rom\u00e2niei. Tot luni, judec\u0103torii constitu\u0163ionali au respins contesta\u0163iile \u00eempotriva ne\u00eenregistr\u0103rii candidaturilor \u00een cursa preziden\u0163ial\u0103 \u00een cazul Dianei Iovanovici \u015eo\u015foac\u0103, Mariei Marcu, lui R\u0103zvan \u2013 Nicolae Constantinescu \u015fi lui Ciprian \u2013 Romeo Mega&#8230;.<\/p>","protected":false},"author":4,"featured_media":1276,"comment_status":"open","ping_status":"open","sticky":false,"template":"","format":"standard","meta":{"footnotes":""},"categories":[1],"tags":[],"class_list":["post-1391","post","type-post","status-publish","format-standard","has-post-thumbnail","hentry","category-uncategorized"],"yoast_head":"<!-- This site is optimized with the Yoast SEO plugin v26.1.1 - https:\/\/yoast.com\/wordpress\/plugins\/seo\/ -->\n<title>CCR a respins contesta\u0163iile \u00eempotriva candidaturilor lui Marcel Ciolacu \u015fi Elenei Lasconi - Carpathia Center Romania<\/title>\n<meta name=\"robots\" content=\"index, follow, max-snippet:-1, max-image-preview:large, max-video-preview:-1\" \/>\n<link rel=\"canonical\" href=\"https:\/\/carpathiacenter.ro\/en\/ccr-a-respins-contestatiile-impotriva-candidaturilor-lui-marcel-ciolacu-si-elenei-lasconi\/\" \/>\n<meta property=\"og:locale\" content=\"en_GB\" \/>\n<meta property=\"og:type\" content=\"article\" \/>\n<meta property=\"og:title\" content=\"CCR a respins contesta\u0163iile \u00eempotriva candidaturilor lui Marcel Ciolacu \u015fi Elenei Lasconi - Carpathia Center Romania\" \/>\n<meta property=\"og:description\" content=\"Curtea Constitu\u0163ional\u0103 a Rom\u00e2niei a respins, luni, contesta\u0163iile formulate \u00eempotriva candidaturilor depuse de Marcel Ciolacu \u015fi Elena Lasconi pentru func\u0163ia de pre\u015fedinte al Rom\u00e2niei. Tot luni, judec\u0103torii constitu\u0163ionali au respins contesta\u0163iile \u00eempotriva ne\u00eenregistr\u0103rii candidaturilor \u00een cursa preziden\u0163ial\u0103 \u00een cazul Dianei Iovanovici \u015eo\u015foac\u0103, Mariei Marcu, lui R\u0103zvan \u2013 Nicolae Constantinescu \u015fi lui Ciprian \u2013 Romeo Mega....\" \/>\n<meta property=\"og:url\" content=\"https:\/\/carpathiacenter.ro\/en\/ccr-a-respins-contestatiile-impotriva-candidaturilor-lui-marcel-ciolacu-si-elenei-lasconi\/\" \/>\n<meta property=\"og:site_name\" content=\"Carpathia Center Romania\" \/>\n<meta property=\"article:publisher\" content=\"https:\/\/www.facebook.com\/fdpscarpathia\/\" \/>\n<meta property=\"article:published_time\" content=\"2024-10-08T10:07:52+00:00\" \/>\n<meta property=\"og:image\" content=\"https:\/\/carpathiacenter.ro\/wp-content\/uploads\/2024\/09\/curtea-constitutionala.jpg\" \/>\n\t<meta property=\"og:image:width\" content=\"820\" \/>\n\t<meta property=\"og:image:height\" content=\"545\" \/>\n\t<meta property=\"og:image:type\" content=\"image\/jpeg\" \/>\n<meta name=\"author\" content=\"creativebitsolutions\" \/>\n<meta name=\"twitter:card\" content=\"summary_large_image\" \/>\n<meta name=\"twitter:label1\" content=\"Written by\" \/>\n\t<meta name=\"twitter:data1\" content=\"creativebitsolutions\" \/>\n\t<meta name=\"twitter:label2\" content=\"Estimated reading time\" \/>\n\t<meta name=\"twitter:data2\" content=\"1 minute\" \/>\n<script type=\"application\/ld+json\" class=\"yoast-schema-graph\">{\"@context\":\"https:\/\/schema.org\",\"@graph\":[{\"@type\":\"Article\",\"@id\":\"https:\/\/carpathiacenter.ro\/ccr-a-respins-contestatiile-impotriva-candidaturilor-lui-marcel-ciolacu-si-elenei-lasconi\/#article\",\"isPartOf\":{\"@id\":\"https:\/\/carpathiacenter.ro\/ccr-a-respins-contestatiile-impotriva-candidaturilor-lui-marcel-ciolacu-si-elenei-lasconi\/\"},\"author\":{\"name\":\"creativebitsolutions\",\"@id\":\"https:\/\/carpathiacenter.ro\/#\/schema\/person\/03d9f58202fee8379268f34afa195006\"},\"headline\":\"CCR a respins contesta\u0163iile \u00eempotriva candidaturilor lui Marcel Ciolacu \u015fi Elenei Lasconi\",\"datePublished\":\"2024-10-08T10:07:52+00:00\",\"mainEntityOfPage\":{\"@id\":\"https:\/\/carpathiacenter.ro\/ccr-a-respins-contestatiile-impotriva-candidaturilor-lui-marcel-ciolacu-si-elenei-lasconi\/\"},\"wordCount\":284,\"commentCount\":0,\"publisher\":{\"@id\":\"https:\/\/carpathiacenter.ro\/#organization\"},\"image\":{\"@id\":\"https:\/\/carpathiacenter.ro\/ccr-a-respins-contestatiile-impotriva-candidaturilor-lui-marcel-ciolacu-si-elenei-lasconi\/#primaryimage\"},\"thumbnailUrl\":\"https:\/\/carpathiacenter.ro\/wp-content\/uploads\/2024\/09\/curtea-constitutionala.jpg\",\"articleSection\":[\"Uncategorized\"],\"inLanguage\":\"en-GB\",\"potentialAction\":[{\"@type\":\"CommentAction\",\"name\":\"Comment\",\"target\":[\"https:\/\/carpathiacenter.ro\/ccr-a-respins-contestatiile-impotriva-candidaturilor-lui-marcel-ciolacu-si-elenei-lasconi\/#respond\"]}]},{\"@type\":\"WebPage\",\"@id\":\"https:\/\/carpathiacenter.ro\/ccr-a-respins-contestatiile-impotriva-candidaturilor-lui-marcel-ciolacu-si-elenei-lasconi\/\",\"url\":\"https:\/\/carpathiacenter.ro\/ccr-a-respins-contestatiile-impotriva-candidaturilor-lui-marcel-ciolacu-si-elenei-lasconi\/\",\"name\":\"CCR a respins contesta\u0163iile \u00eempotriva candidaturilor lui Marcel Ciolacu \u015fi Elenei Lasconi - Carpathia Center Romania\",\"isPartOf\":{\"@id\":\"https:\/\/carpathiacenter.ro\/#website\"},\"primaryImageOfPage\":{\"@id\":\"https:\/\/carpathiacenter.ro\/ccr-a-respins-contestatiile-impotriva-candidaturilor-lui-marcel-ciolacu-si-elenei-lasconi\/#primaryimage\"},\"image\":{\"@id\":\"https:\/\/carpathiacenter.ro\/ccr-a-respins-contestatiile-impotriva-candidaturilor-lui-marcel-ciolacu-si-elenei-lasconi\/#primaryimage\"},\"thumbnailUrl\":\"https:\/\/carpathiacenter.ro\/wp-content\/uploads\/2024\/09\/curtea-constitutionala.jpg\",\"datePublished\":\"2024-10-08T10:07:52+00:00\",\"breadcrumb\":{\"@id\":\"https:\/\/carpathiacenter.ro\/ccr-a-respins-contestatiile-impotriva-candidaturilor-lui-marcel-ciolacu-si-elenei-lasconi\/#breadcrumb\"},\"inLanguage\":\"en-GB\",\"potentialAction\":[{\"@type\":\"ReadAction\",\"target\":[\"https:\/\/carpathiacenter.ro\/ccr-a-respins-contestatiile-impotriva-candidaturilor-lui-marcel-ciolacu-si-elenei-lasconi\/\"]}]},{\"@type\":\"ImageObject\",\"inLanguage\":\"en-GB\",\"@id\":\"https:\/\/carpathiacenter.ro\/ccr-a-respins-contestatiile-impotriva-candidaturilor-lui-marcel-ciolacu-si-elenei-lasconi\/#primaryimage\",\"url\":\"https:\/\/carpathiacenter.ro\/wp-content\/uploads\/2024\/09\/curtea-constitutionala.jpg\",\"contentUrl\":\"https:\/\/carpathiacenter.ro\/wp-content\/uploads\/2024\/09\/curtea-constitutionala.jpg\",\"width\":820,\"height\":545},{\"@type\":\"BreadcrumbList\",\"@id\":\"https:\/\/carpathiacenter.ro\/ccr-a-respins-contestatiile-impotriva-candidaturilor-lui-marcel-ciolacu-si-elenei-lasconi\/#breadcrumb\",\"itemListElement\":[{\"@type\":\"ListItem\",\"position\":1,\"name\":\"Prima pagin\u0103\",\"item\":\"https:\/\/carpathiacenter.ro\/\"},{\"@type\":\"ListItem\",\"position\":2,\"name\":\"CCR a respins contesta\u0163iile \u00eempotriva candidaturilor lui Marcel Ciolacu \u015fi Elenei Lasconi\"}]},{\"@type\":\"WebSite\",\"@id\":\"https:\/\/carpathiacenter.ro\/#website\",\"url\":\"https:\/\/carpathiacenter.ro\/\",\"name\":\"Carpathia Center Romania\",\"description\":\"Impossible made possible!\",\"publisher\":{\"@id\":\"https:\/\/carpathiacenter.ro\/#organization\"},\"potentialAction\":[{\"@type\":\"SearchAction\",\"target\":{\"@type\":\"EntryPoint\",\"urlTemplate\":\"https:\/\/carpathiacenter.ro\/?s={search_term_string}\"},\"query-input\":{\"@type\":\"PropertyValueSpecification\",\"valueRequired\":true,\"valueName\":\"search_term_string\"}}],\"inLanguage\":\"en-GB\"},{\"@type\":\"Organization\",\"@id\":\"https:\/\/carpathiacenter.ro\/#organization\",\"name\":\"Carpathia Center Romania\",\"url\":\"https:\/\/carpathiacenter.ro\/\",\"logo\":{\"@type\":\"ImageObject\",\"inLanguage\":\"en-GB\",\"@id\":\"https:\/\/carpathiacenter.ro\/#\/schema\/logo\/image\/\",\"url\":\"https:\/\/carpathiacenter.ro\/wp-content\/uploads\/2024\/07\/logo-carpathia_bg_white-1024x941.png\",\"contentUrl\":\"https:\/\/carpathiacenter.ro\/wp-content\/uploads\/2024\/07\/logo-carpathia_bg_white-1024x941.png\",\"width\":1024,\"height\":941,\"caption\":\"Carpathia Center Romania\"},\"image\":{\"@id\":\"https:\/\/carpathiacenter.ro\/#\/schema\/logo\/image\/\"},\"sameAs\":[\"https:\/\/www.facebook.com\/fdpscarpathia\/\"]},{\"@type\":\"Person\",\"@id\":\"https:\/\/carpathiacenter.ro\/#\/schema\/person\/03d9f58202fee8379268f34afa195006\",\"name\":\"creativebitsolutions\",\"image\":{\"@type\":\"ImageObject\",\"inLanguage\":\"en-GB\",\"@id\":\"https:\/\/carpathiacenter.ro\/#\/schema\/person\/image\/\",\"url\":\"https:\/\/secure.gravatar.com\/avatar\/1b1a13e37f847c635dab78348f1dff2f07651ee2a3d77a5c355a4b8c75f9165a?s=96&d=mm&r=g\",\"contentUrl\":\"https:\/\/secure.gravatar.com\/avatar\/1b1a13e37f847c635dab78348f1dff2f07651ee2a3d77a5c355a4b8c75f9165a?s=96&d=mm&r=g\",\"caption\":\"creativebitsolutions\"},\"url\":\"https:\/\/carpathiacenter.ro\/en\/author\/creativebitsolutions\/\"}]}<\/script>\n<!-- \/ Yoast SEO plugin. -->","yoast_head_json":{"title":"CCR a respins contesta\u0163iile \u00eempotriva candidaturilor lui Marcel Ciolacu \u015fi Elenei Lasconi - Carpathia Center Romania","robots":{"index":"index","follow":"follow","max-snippet":"max-snippet:-1","max-image-preview":"max-image-preview:large","max-video-preview":"max-video-preview:-1"},"canonical":"https:\/\/carpathiacenter.ro\/en\/ccr-a-respins-contestatiile-impotriva-candidaturilor-lui-marcel-ciolacu-si-elenei-lasconi\/","og_locale":"en_GB","og_type":"article","og_title":"CCR a respins contesta\u0163iile \u00eempotriva candidaturilor lui Marcel Ciolacu \u015fi Elenei Lasconi - Carpathia Center Romania","og_description":"Curtea Constitu\u0163ional\u0103 a Rom\u00e2niei a respins, luni, contesta\u0163iile formulate \u00eempotriva candidaturilor depuse de Marcel Ciolacu \u015fi Elena Lasconi pentru func\u0163ia de pre\u015fedinte al Rom\u00e2niei. Tot luni, judec\u0103torii constitu\u0163ionali au respins contesta\u0163iile \u00eempotriva ne\u00eenregistr\u0103rii candidaturilor \u00een cursa preziden\u0163ial\u0103 \u00een cazul Dianei Iovanovici \u015eo\u015foac\u0103, Mariei Marcu, lui R\u0103zvan \u2013 Nicolae Constantinescu \u015fi lui Ciprian \u2013 Romeo Mega....","og_url":"https:\/\/carpathiacenter.ro\/en\/ccr-a-respins-contestatiile-impotriva-candidaturilor-lui-marcel-ciolacu-si-elenei-lasconi\/","og_site_name":"Carpathia Center Romania","article_publisher":"https:\/\/www.facebook.com\/fdpscarpathia\/","article_published_time":"2024-10-08T10:07:52+00:00","og_image":[{"width":820,"height":545,"url":"https:\/\/carpathiacenter.ro\/wp-content\/uploads\/2024\/09\/curtea-constitutionala.jpg","type":"image\/jpeg"}],"author":"creativebitsolutions","twitter_card":"summary_large_image","twitter_misc":{"Written by":"creativebitsolutions","Estimated reading time":"1 minute"},"schema":{"@context":"https:\/\/schema.org","@graph":[{"@type":"Article","@id":"https:\/\/carpathiacenter.ro\/ccr-a-respins-contestatiile-impotriva-candidaturilor-lui-marcel-ciolacu-si-elenei-lasconi\/#article","isPartOf":{"@id":"https:\/\/carpathiacenter.ro\/ccr-a-respins-contestatiile-impotriva-candidaturilor-lui-marcel-ciolacu-si-elenei-lasconi\/"},"author":{"name":"creativebitsolutions","@id":"https:\/\/carpathiacenter.ro\/#\/schema\/person\/03d9f58202fee8379268f34afa195006"},"headline":"CCR a respins contesta\u0163iile \u00eempotriva candidaturilor lui Marcel Ciolacu \u015fi Elenei Lasconi","datePublished":"2024-10-08T10:07:52+00:00","mainEntityOfPage":{"@id":"https:\/\/carpathiacenter.ro\/ccr-a-respins-contestatiile-impotriva-candidaturilor-lui-marcel-ciolacu-si-elenei-lasconi\/"},"wordCount":284,"commentCount":0,"publisher":{"@id":"https:\/\/carpathiacenter.ro\/#organization"},"image":{"@id":"https:\/\/carpathiacenter.ro\/ccr-a-respins-contestatiile-impotriva-candidaturilor-lui-marcel-ciolacu-si-elenei-lasconi\/#primaryimage"},"thumbnailUrl":"https:\/\/carpathiacenter.ro\/wp-content\/uploads\/2024\/09\/curtea-constitutionala.jpg","articleSection":["Uncategorized"],"inLanguage":"en-GB","potentialAction":[{"@type":"CommentAction","name":"Comment","target":["https:\/\/carpathiacenter.ro\/ccr-a-respins-contestatiile-impotriva-candidaturilor-lui-marcel-ciolacu-si-elenei-lasconi\/#respond"]}]},{"@type":"WebPage","@id":"https:\/\/carpathiacenter.ro\/ccr-a-respins-contestatiile-impotriva-candidaturilor-lui-marcel-ciolacu-si-elenei-lasconi\/","url":"https:\/\/carpathiacenter.ro\/ccr-a-respins-contestatiile-impotriva-candidaturilor-lui-marcel-ciolacu-si-elenei-lasconi\/","name":"CCR a respins contesta\u0163iile \u00eempotriva candidaturilor lui Marcel Ciolacu \u015fi Elenei Lasconi - Carpathia Center Romania","isPartOf":{"@id":"https:\/\/carpathiacenter.ro\/#website"},"primaryImageOfPage":{"@id":"https:\/\/carpathiacenter.ro\/ccr-a-respins-contestatiile-impotriva-candidaturilor-lui-marcel-ciolacu-si-elenei-lasconi\/#primaryimage"},"image":{"@id":"https:\/\/carpathiacenter.ro\/ccr-a-respins-contestatiile-impotriva-candidaturilor-lui-marcel-ciolacu-si-elenei-lasconi\/#primaryimage"},"thumbnailUrl":"https:\/\/carpathiacenter.ro\/wp-content\/uploads\/2024\/09\/curtea-constitutionala.jpg","datePublished":"2024-10-08T10:07:52+00:00","breadcrumb":{"@id":"https:\/\/carpathiacenter.ro\/ccr-a-respins-contestatiile-impotriva-candidaturilor-lui-marcel-ciolacu-si-elenei-lasconi\/#breadcrumb"},"inLanguage":"en-GB","potentialAction":[{"@type":"ReadAction","target":["https:\/\/carpathiacenter.ro\/ccr-a-respins-contestatiile-impotriva-candidaturilor-lui-marcel-ciolacu-si-elenei-lasconi\/"]}]},{"@type":"ImageObject","inLanguage":"en-GB","@id":"https:\/\/carpathiacenter.ro\/ccr-a-respins-contestatiile-impotriva-candidaturilor-lui-marcel-ciolacu-si-elenei-lasconi\/#primaryimage","url":"https:\/\/carpathiacenter.ro\/wp-content\/uploads\/2024\/09\/curtea-constitutionala.jpg","contentUrl":"https:\/\/carpathiacenter.ro\/wp-content\/uploads\/2024\/09\/curtea-constitutionala.jpg","width":820,"height":545},{"@type":"BreadcrumbList","@id":"https:\/\/carpathiacenter.ro\/ccr-a-respins-contestatiile-impotriva-candidaturilor-lui-marcel-ciolacu-si-elenei-lasconi\/#breadcrumb","itemListElement":[{"@type":"ListItem","position":1,"name":"Prima pagin\u0103","item":"https:\/\/carpathiacenter.ro\/"},{"@type":"ListItem","position":2,"name":"CCR a respins contesta\u0163iile \u00eempotriva candidaturilor lui Marcel Ciolacu \u015fi Elenei Lasconi"}]},{"@type":"WebSite","@id":"https:\/\/carpathiacenter.ro\/#website","url":"https:\/\/carpathiacenter.ro\/","name":"Carpathia Center Romania","description":"Impossible made possible!","publisher":{"@id":"https:\/\/carpathiacenter.ro\/#organization"},"potentialAction":[{"@type":"SearchAction","target":{"@type":"EntryPoint","urlTemplate":"https:\/\/carpathiacenter.ro\/?s={search_term_string}"},"query-input":{"@type":"PropertyValueSpecification","valueRequired":true,"valueName":"search_term_string"}}],"inLanguage":"en-GB"},{"@type":"Organization","@id":"https:\/\/carpathiacenter.ro\/#organization","name":"Carpathia Center Romania","url":"https:\/\/carpathiacenter.ro\/","logo":{"@type":"ImageObject","inLanguage":"en-GB","@id":"https:\/\/carpathiacenter.ro\/#\/schema\/logo\/image\/","url":"https:\/\/carpathiacenter.ro\/wp-content\/uploads\/2024\/07\/logo-carpathia_bg_white-1024x941.png","contentUrl":"https:\/\/carpathiacenter.ro\/wp-content\/uploads\/2024\/07\/logo-carpathia_bg_white-1024x941.png","width":1024,"height":941,"caption":"Carpathia Center Romania"},"image":{"@id":"https:\/\/carpathiacenter.ro\/#\/schema\/logo\/image\/"},"sameAs":["https:\/\/www.facebook.com\/fdpscarpathia\/"]},{"@type":"Person","@id":"https:\/\/carpathiacenter.ro\/#\/schema\/person\/03d9f58202fee8379268f34afa195006","name":"creativebitsolutions","image":{"@type":"ImageObject","inLanguage":"en-GB","@id":"https:\/\/carpathiacenter.ro\/#\/schema\/person\/image\/","url":"https:\/\/secure.gravatar.com\/avatar\/1b1a13e37f847c635dab78348f1dff2f07651ee2a3d77a5c355a4b8c75f9165a?s=96&d=mm&r=g","contentUrl":"https:\/\/secure.gravatar.com\/avatar\/1b1a13e37f847c635dab78348f1dff2f07651ee2a3d77a5c355a4b8c75f9165a?s=96&d=mm&r=g","caption":"creativebitsolutions"},"url":"https:\/\/carpathiacenter.ro\/en\/author\/creativebitsolutions\/"}]}},"_links":{"self":[{"href":"https:\/\/carpathiacenter.ro\/en\/wp-json\/wp\/v2\/posts\/1391","targetHints":{"allow":["GET"]}}],"collection":[{"href":"https:\/\/carpathiacenter.ro\/en\/wp-json\/wp\/v2\/posts"}],"about":[{"href":"https:\/\/carpathiacenter.ro\/en\/wp-json\/wp\/v2\/types\/post"}],"author":[{"embeddable":true,"href":"https:\/\/carpathiacenter.ro\/en\/wp-json\/wp\/v2\/users\/4"}],"replies":[{"embeddable":true,"href":"https:\/\/carpathiacenter.ro\/en\/wp-json\/wp\/v2\/comments?post=1391"}],"version-history":[{"count":2,"href":"https:\/\/carpathiacenter.ro\/en\/wp-json\/wp\/v2\/posts\/1391\/revisions"}],"predecessor-version":[{"id":1394,"href":"https:\/\/carpathiacenter.ro\/en\/wp-json\/wp\/v2\/posts\/1391\/revisions\/1394"}],"wp:featuredmedia":[{"embeddable":true,"href":"https:\/\/carpathiacenter.ro\/en\/wp-json\/wp\/v2\/media\/1276"}],"wp:attachment":[{"href":"https:\/\/carpathiacenter.ro\/en\/wp-json\/wp\/v2\/media?parent=1391"}],"wp:term":[{"taxonomy":"category","embeddable":true,"href":"https:\/\/carpathiacenter.ro\/en\/wp-json\/wp\/v2\/categories?post=1391"},{"taxonomy":"post_tag","embeddable":true,"href":"https:\/\/carpathiacenter.ro\/en\/wp-json\/wp\/v2\/tags?post=1391"}],"curies":[{"name":"wp","href":"https:\/\/api.w.org\/{rel}","templated":true}]}}