{"id":1343,"date":"2024-10-01T09:24:21","date_gmt":"2024-10-01T09:24:21","guid":{"rendered":"https:\/\/carpathiacenter.ro\/?p=1343"},"modified":"2024-10-01T09:24:21","modified_gmt":"2024-10-01T09:24:21","slug":"sedinta-de-plen-pentru-numirea-unor-noi-membri-la-bnr-cna-si-asf","status":"publish","type":"post","link":"https:\/\/carpathiacenter.ro\/en\/sedinta-de-plen-pentru-numirea-unor-noi-membri-la-bnr-cna-si-asf\/","title":{"rendered":"\u015eedin\u0163\u0103 de plen pentru numirea unor noi membri la BNR, CNA \u015fi ASF"},"content":{"rendered":"<div class=\"description_articol\">\n<p><strong>Plenul Parlamentului se reune\u015fte, mar\u0163i, pentru numirea unor noi membri \u00een Consiliul de administra\u0163ie al B\u0103ncii Na\u0163ionale a Rom\u00e2niei, \u00een Consiliul Na\u0163ional al Audiovizualului \u015fi \u00een Consiliul Autorit\u0103\u0163ii de Supraveghere Financiar\u0103.<\/strong><\/p>\n<p>\u015eedin\u0163a este programat\u0103 s\u0103 \u00eenceap\u0103 la ora 15,00.<\/p>\n<p>\u00cenainte de plenul reunit, candida\u0163ii pentru aceste func\u0163ii vor fi audia\u0163i \u00een comisiile parlamentare de buget, finan\u0163e \u015fi, respectiv, de cultur\u0103.<\/p>\n<p>Votul \u00een plen pentru numirile membrilor \u00een BNR, CNA \u015fi ASF va fi secret cu buletine.<\/p>\n<p>De asemenea, plenul va vacanta func\u0163ia de membru al Consiliului Autorit\u0103\u0163ii de Supraveghere Financiar\u0103 de\u0163inut\u0103 de Aura Socol, \u00een urma demisiei acesteia.<\/p>\n<p><strong>Pe ordinea de zi a Parlamentului se mai afl\u0103 solicit\u0103rile pre\u015fedintelui Klaus Iohannis cu privire la aprobarea \u00eenfiin\u0163\u0103rii pe teritoriul na\u0163ional a unei facilit\u0103\u0163i de instruire \u00een domeniul maritim pentru preg\u0103tirea personalului ucrainean \u015fi, respectiv, particip\u0103rii Armatei Rom\u00e2niei la misiunea de Asisten\u0163\u0103 de Securitate \u015fi instruire NATO-NSATU.<\/strong><\/p>\n<p>Totodat\u0103, la \u015fedin\u0163\u0103 vor fi \u015fi inform\u0103rile din partea pre\u015fedintelui Klaus Iohannis despre aprobarea tranzit\u0103rii teritoriului na\u0163ional a echipamentelor \u015fi bunurilor materiale donate Ucrainei de c\u0103tre Suedia \u015fi, la solicitare, instruirea militarilor ucraineni, precum \u015fi aprobarea desf\u0103\u015fur\u0103rii activit\u0103\u0163ii de instruire \u015fi exerci\u0163ii cu partenerul american, inclusiv prepozi\u0163ionarea pe teritoriul Rom\u00e2niei, pentru o perioad\u0103 de p\u00e2n\u0103 la doi ani, a unui contingent american de for\u0163e navale pentru opera\u0163ii speciale.<\/p>\n<p>De asemenea, plenul Parlamentului mai discut\u0103 \u015fi despre modific\u0103ri \u00een grupuri de prietenie \u015fi delega\u0163ii permanente, precum \u015fi \u00een Comisiile de control al SRI \u015fi SIE.<\/p>\n<p>Cu acest prilej, Gabriel-Toma-Nicolae-Constantin Zamfirescu va depune jur\u0103m\u00e2ntul, fiind numit membru al Colegiului Consiliului Na\u0163ional pentru Studierea Arhivelor Securit\u0103\u0163ii prin Hot\u0103r\u00e2rea Parlamentului Rom\u00e2niei nr.6\/2024. AGERPRES\/(AS &#8211; autor: Alina Nov\u0103ceanu, editor: Florin Marin, editor online: Alexandru Cojocaru)<\/p>\n<p>Sursa: https:\/\/www.agerpres.ro\/viata-parlamentara\/2024\/10\/01\/parlament-sedinta-de-plen-pentru-numirea-unor-noi-membri-la-bnr-cna-si-asf&#8211;1363083<\/p>\n<\/div>","protected":false},"excerpt":{"rendered":"<p>Plenul Parlamentului se reune\u015fte, mar\u0163i, pentru numirea unor noi membri \u00een Consiliul de administra\u0163ie al B\u0103ncii Na\u0163ionale a Rom\u00e2niei, \u00een Consiliul Na\u0163ional al Audiovizualului \u015fi \u00een Consiliul Autorit\u0103\u0163ii de Supraveghere Financiar\u0103. \u015eedin\u0163a este programat\u0103 s\u0103 \u00eenceap\u0103 la ora 15,00. \u00cenainte de plenul reunit, candida\u0163ii pentru aceste func\u0163ii vor fi audia\u0163i \u00een comisiile parlamentare de buget,&#8230;<\/p>","protected":false},"author":4,"featured_media":1340,"comment_status":"open","ping_status":"open","sticky":false,"template":"","format":"standard","meta":{"footnotes":""},"categories":[1],"tags":[],"class_list":["post-1343","post","type-post","status-publish","format-standard","has-post-thumbnail","hentry","category-uncategorized"],"yoast_head":"<!-- This site is optimized with the Yoast SEO plugin v26.1.1 - https:\/\/yoast.com\/wordpress\/plugins\/seo\/ -->\n<title>\u015eedin\u0163\u0103 de plen pentru numirea unor noi membri la BNR, CNA \u015fi ASF - Carpathia Center Romania<\/title>\n<meta name=\"robots\" content=\"index, follow, max-snippet:-1, max-image-preview:large, max-video-preview:-1\" \/>\n<link rel=\"canonical\" href=\"https:\/\/carpathiacenter.ro\/en\/sedinta-de-plen-pentru-numirea-unor-noi-membri-la-bnr-cna-si-asf\/\" \/>\n<meta property=\"og:locale\" content=\"en_GB\" \/>\n<meta property=\"og:type\" content=\"article\" \/>\n<meta property=\"og:title\" content=\"\u015eedin\u0163\u0103 de plen pentru numirea unor noi membri la BNR, CNA \u015fi ASF - Carpathia Center Romania\" \/>\n<meta property=\"og:description\" content=\"Plenul Parlamentului se reune\u015fte, mar\u0163i, pentru numirea unor noi membri \u00een Consiliul de administra\u0163ie al B\u0103ncii Na\u0163ionale a Rom\u00e2niei, \u00een Consiliul Na\u0163ional al Audiovizualului \u015fi \u00een Consiliul Autorit\u0103\u0163ii de Supraveghere Financiar\u0103. \u015eedin\u0163a este programat\u0103 s\u0103 \u00eenceap\u0103 la ora 15,00. \u00cenainte de plenul reunit, candida\u0163ii pentru aceste func\u0163ii vor fi audia\u0163i \u00een comisiile parlamentare de buget,...\" \/>\n<meta property=\"og:url\" content=\"https:\/\/carpathiacenter.ro\/en\/sedinta-de-plen-pentru-numirea-unor-noi-membri-la-bnr-cna-si-asf\/\" \/>\n<meta property=\"og:site_name\" content=\"Carpathia Center Romania\" \/>\n<meta property=\"article:publisher\" content=\"https:\/\/www.facebook.com\/fdpscarpathia\/\" \/>\n<meta property=\"article:published_time\" content=\"2024-10-01T09:24:21+00:00\" \/>\n<meta property=\"og:image\" content=\"https:\/\/carpathiacenter.ro\/wp-content\/uploads\/2024\/10\/aD00NDAmaGFzaD00OGEzOWI5ZWU2OWI3MzQ3Zjg4NGVkZTQ5Yzc1ZGI4MQ.thumb_.jpg\" \/>\n\t<meta property=\"og:image:width\" content=\"780\" \/>\n\t<meta property=\"og:image:height\" content=\"440\" \/>\n\t<meta property=\"og:image:type\" content=\"image\/jpeg\" \/>\n<meta name=\"author\" content=\"creativebitsolutions\" \/>\n<meta name=\"twitter:card\" content=\"summary_large_image\" \/>\n<meta name=\"twitter:label1\" content=\"Written by\" \/>\n\t<meta name=\"twitter:data1\" content=\"creativebitsolutions\" \/>\n\t<meta name=\"twitter:label2\" content=\"Estimated reading time\" \/>\n\t<meta name=\"twitter:data2\" content=\"2 minutes\" \/>\n<script type=\"application\/ld+json\" class=\"yoast-schema-graph\">{\"@context\":\"https:\/\/schema.org\",\"@graph\":[{\"@type\":\"Article\",\"@id\":\"https:\/\/carpathiacenter.ro\/sedinta-de-plen-pentru-numirea-unor-noi-membri-la-bnr-cna-si-asf\/#article\",\"isPartOf\":{\"@id\":\"https:\/\/carpathiacenter.ro\/sedinta-de-plen-pentru-numirea-unor-noi-membri-la-bnr-cna-si-asf\/\"},\"author\":{\"name\":\"creativebitsolutions\",\"@id\":\"https:\/\/carpathiacenter.ro\/#\/schema\/person\/03d9f58202fee8379268f34afa195006\"},\"headline\":\"\u015eedin\u0163\u0103 de plen pentru numirea unor noi membri la BNR, CNA \u015fi ASF\",\"datePublished\":\"2024-10-01T09:24:21+00:00\",\"mainEntityOfPage\":{\"@id\":\"https:\/\/carpathiacenter.ro\/sedinta-de-plen-pentru-numirea-unor-noi-membri-la-bnr-cna-si-asf\/\"},\"wordCount\":343,\"commentCount\":0,\"publisher\":{\"@id\":\"https:\/\/carpathiacenter.ro\/#organization\"},\"image\":{\"@id\":\"https:\/\/carpathiacenter.ro\/sedinta-de-plen-pentru-numirea-unor-noi-membri-la-bnr-cna-si-asf\/#primaryimage\"},\"thumbnailUrl\":\"https:\/\/carpathiacenter.ro\/wp-content\/uploads\/2024\/10\/aD00NDAmaGFzaD00OGEzOWI5ZWU2OWI3MzQ3Zjg4NGVkZTQ5Yzc1ZGI4MQ.thumb_.jpg\",\"articleSection\":[\"Uncategorized\"],\"inLanguage\":\"en-GB\",\"potentialAction\":[{\"@type\":\"CommentAction\",\"name\":\"Comment\",\"target\":[\"https:\/\/carpathiacenter.ro\/sedinta-de-plen-pentru-numirea-unor-noi-membri-la-bnr-cna-si-asf\/#respond\"]}]},{\"@type\":\"WebPage\",\"@id\":\"https:\/\/carpathiacenter.ro\/sedinta-de-plen-pentru-numirea-unor-noi-membri-la-bnr-cna-si-asf\/\",\"url\":\"https:\/\/carpathiacenter.ro\/sedinta-de-plen-pentru-numirea-unor-noi-membri-la-bnr-cna-si-asf\/\",\"name\":\"\u015eedin\u0163\u0103 de plen pentru numirea unor noi membri la BNR, CNA \u015fi ASF - Carpathia Center Romania\",\"isPartOf\":{\"@id\":\"https:\/\/carpathiacenter.ro\/#website\"},\"primaryImageOfPage\":{\"@id\":\"https:\/\/carpathiacenter.ro\/sedinta-de-plen-pentru-numirea-unor-noi-membri-la-bnr-cna-si-asf\/#primaryimage\"},\"image\":{\"@id\":\"https:\/\/carpathiacenter.ro\/sedinta-de-plen-pentru-numirea-unor-noi-membri-la-bnr-cna-si-asf\/#primaryimage\"},\"thumbnailUrl\":\"https:\/\/carpathiacenter.ro\/wp-content\/uploads\/2024\/10\/aD00NDAmaGFzaD00OGEzOWI5ZWU2OWI3MzQ3Zjg4NGVkZTQ5Yzc1ZGI4MQ.thumb_.jpg\",\"datePublished\":\"2024-10-01T09:24:21+00:00\",\"breadcrumb\":{\"@id\":\"https:\/\/carpathiacenter.ro\/sedinta-de-plen-pentru-numirea-unor-noi-membri-la-bnr-cna-si-asf\/#breadcrumb\"},\"inLanguage\":\"en-GB\",\"potentialAction\":[{\"@type\":\"ReadAction\",\"target\":[\"https:\/\/carpathiacenter.ro\/sedinta-de-plen-pentru-numirea-unor-noi-membri-la-bnr-cna-si-asf\/\"]}]},{\"@type\":\"ImageObject\",\"inLanguage\":\"en-GB\",\"@id\":\"https:\/\/carpathiacenter.ro\/sedinta-de-plen-pentru-numirea-unor-noi-membri-la-bnr-cna-si-asf\/#primaryimage\",\"url\":\"https:\/\/carpathiacenter.ro\/wp-content\/uploads\/2024\/10\/aD00NDAmaGFzaD00OGEzOWI5ZWU2OWI3MzQ3Zjg4NGVkZTQ5Yzc1ZGI4MQ.thumb_.jpg\",\"contentUrl\":\"https:\/\/carpathiacenter.ro\/wp-content\/uploads\/2024\/10\/aD00NDAmaGFzaD00OGEzOWI5ZWU2OWI3MzQ3Zjg4NGVkZTQ5Yzc1ZGI4MQ.thumb_.jpg\",\"width\":780,\"height\":440},{\"@type\":\"BreadcrumbList\",\"@id\":\"https:\/\/carpathiacenter.ro\/sedinta-de-plen-pentru-numirea-unor-noi-membri-la-bnr-cna-si-asf\/#breadcrumb\",\"itemListElement\":[{\"@type\":\"ListItem\",\"position\":1,\"name\":\"Prima pagin\u0103\",\"item\":\"https:\/\/carpathiacenter.ro\/\"},{\"@type\":\"ListItem\",\"position\":2,\"name\":\"\u015eedin\u0163\u0103 de plen pentru numirea unor noi membri la BNR, CNA \u015fi ASF\"}]},{\"@type\":\"WebSite\",\"@id\":\"https:\/\/carpathiacenter.ro\/#website\",\"url\":\"https:\/\/carpathiacenter.ro\/\",\"name\":\"Carpathia Center Romania\",\"description\":\"Impossible made possible!\",\"publisher\":{\"@id\":\"https:\/\/carpathiacenter.ro\/#organization\"},\"potentialAction\":[{\"@type\":\"SearchAction\",\"target\":{\"@type\":\"EntryPoint\",\"urlTemplate\":\"https:\/\/carpathiacenter.ro\/?s={search_term_string}\"},\"query-input\":{\"@type\":\"PropertyValueSpecification\",\"valueRequired\":true,\"valueName\":\"search_term_string\"}}],\"inLanguage\":\"en-GB\"},{\"@type\":\"Organization\",\"@id\":\"https:\/\/carpathiacenter.ro\/#organization\",\"name\":\"Carpathia Center Romania\",\"url\":\"https:\/\/carpathiacenter.ro\/\",\"logo\":{\"@type\":\"ImageObject\",\"inLanguage\":\"en-GB\",\"@id\":\"https:\/\/carpathiacenter.ro\/#\/schema\/logo\/image\/\",\"url\":\"https:\/\/carpathiacenter.ro\/wp-content\/uploads\/2024\/07\/logo-carpathia_bg_white-1024x941.png\",\"contentUrl\":\"https:\/\/carpathiacenter.ro\/wp-content\/uploads\/2024\/07\/logo-carpathia_bg_white-1024x941.png\",\"width\":1024,\"height\":941,\"caption\":\"Carpathia Center Romania\"},\"image\":{\"@id\":\"https:\/\/carpathiacenter.ro\/#\/schema\/logo\/image\/\"},\"sameAs\":[\"https:\/\/www.facebook.com\/fdpscarpathia\/\"]},{\"@type\":\"Person\",\"@id\":\"https:\/\/carpathiacenter.ro\/#\/schema\/person\/03d9f58202fee8379268f34afa195006\",\"name\":\"creativebitsolutions\",\"image\":{\"@type\":\"ImageObject\",\"inLanguage\":\"en-GB\",\"@id\":\"https:\/\/carpathiacenter.ro\/#\/schema\/person\/image\/\",\"url\":\"https:\/\/secure.gravatar.com\/avatar\/1b1a13e37f847c635dab78348f1dff2f07651ee2a3d77a5c355a4b8c75f9165a?s=96&d=mm&r=g\",\"contentUrl\":\"https:\/\/secure.gravatar.com\/avatar\/1b1a13e37f847c635dab78348f1dff2f07651ee2a3d77a5c355a4b8c75f9165a?s=96&d=mm&r=g\",\"caption\":\"creativebitsolutions\"},\"url\":\"https:\/\/carpathiacenter.ro\/en\/author\/creativebitsolutions\/\"}]}<\/script>\n<!-- \/ Yoast SEO plugin. -->","yoast_head_json":{"title":"\u015eedin\u0163\u0103 de plen pentru numirea unor noi membri la BNR, CNA \u015fi ASF - Carpathia Center Romania","robots":{"index":"index","follow":"follow","max-snippet":"max-snippet:-1","max-image-preview":"max-image-preview:large","max-video-preview":"max-video-preview:-1"},"canonical":"https:\/\/carpathiacenter.ro\/en\/sedinta-de-plen-pentru-numirea-unor-noi-membri-la-bnr-cna-si-asf\/","og_locale":"en_GB","og_type":"article","og_title":"\u015eedin\u0163\u0103 de plen pentru numirea unor noi membri la BNR, CNA \u015fi ASF - Carpathia Center Romania","og_description":"Plenul Parlamentului se reune\u015fte, mar\u0163i, pentru numirea unor noi membri \u00een Consiliul de administra\u0163ie al B\u0103ncii Na\u0163ionale a Rom\u00e2niei, \u00een Consiliul Na\u0163ional al Audiovizualului \u015fi \u00een Consiliul Autorit\u0103\u0163ii de Supraveghere Financiar\u0103. \u015eedin\u0163a este programat\u0103 s\u0103 \u00eenceap\u0103 la ora 15,00. \u00cenainte de plenul reunit, candida\u0163ii pentru aceste func\u0163ii vor fi audia\u0163i \u00een comisiile parlamentare de buget,...","og_url":"https:\/\/carpathiacenter.ro\/en\/sedinta-de-plen-pentru-numirea-unor-noi-membri-la-bnr-cna-si-asf\/","og_site_name":"Carpathia Center Romania","article_publisher":"https:\/\/www.facebook.com\/fdpscarpathia\/","article_published_time":"2024-10-01T09:24:21+00:00","og_image":[{"width":780,"height":440,"url":"https:\/\/carpathiacenter.ro\/wp-content\/uploads\/2024\/10\/aD00NDAmaGFzaD00OGEzOWI5ZWU2OWI3MzQ3Zjg4NGVkZTQ5Yzc1ZGI4MQ.thumb_.jpg","type":"image\/jpeg"}],"author":"creativebitsolutions","twitter_card":"summary_large_image","twitter_misc":{"Written by":"creativebitsolutions","Estimated reading time":"2 minutes"},"schema":{"@context":"https:\/\/schema.org","@graph":[{"@type":"Article","@id":"https:\/\/carpathiacenter.ro\/sedinta-de-plen-pentru-numirea-unor-noi-membri-la-bnr-cna-si-asf\/#article","isPartOf":{"@id":"https:\/\/carpathiacenter.ro\/sedinta-de-plen-pentru-numirea-unor-noi-membri-la-bnr-cna-si-asf\/"},"author":{"name":"creativebitsolutions","@id":"https:\/\/carpathiacenter.ro\/#\/schema\/person\/03d9f58202fee8379268f34afa195006"},"headline":"\u015eedin\u0163\u0103 de plen pentru numirea unor noi membri la BNR, CNA \u015fi ASF","datePublished":"2024-10-01T09:24:21+00:00","mainEntityOfPage":{"@id":"https:\/\/carpathiacenter.ro\/sedinta-de-plen-pentru-numirea-unor-noi-membri-la-bnr-cna-si-asf\/"},"wordCount":343,"commentCount":0,"publisher":{"@id":"https:\/\/carpathiacenter.ro\/#organization"},"image":{"@id":"https:\/\/carpathiacenter.ro\/sedinta-de-plen-pentru-numirea-unor-noi-membri-la-bnr-cna-si-asf\/#primaryimage"},"thumbnailUrl":"https:\/\/carpathiacenter.ro\/wp-content\/uploads\/2024\/10\/aD00NDAmaGFzaD00OGEzOWI5ZWU2OWI3MzQ3Zjg4NGVkZTQ5Yzc1ZGI4MQ.thumb_.jpg","articleSection":["Uncategorized"],"inLanguage":"en-GB","potentialAction":[{"@type":"CommentAction","name":"Comment","target":["https:\/\/carpathiacenter.ro\/sedinta-de-plen-pentru-numirea-unor-noi-membri-la-bnr-cna-si-asf\/#respond"]}]},{"@type":"WebPage","@id":"https:\/\/carpathiacenter.ro\/sedinta-de-plen-pentru-numirea-unor-noi-membri-la-bnr-cna-si-asf\/","url":"https:\/\/carpathiacenter.ro\/sedinta-de-plen-pentru-numirea-unor-noi-membri-la-bnr-cna-si-asf\/","name":"\u015eedin\u0163\u0103 de plen pentru numirea unor noi membri la BNR, CNA \u015fi ASF - Carpathia Center Romania","isPartOf":{"@id":"https:\/\/carpathiacenter.ro\/#website"},"primaryImageOfPage":{"@id":"https:\/\/carpathiacenter.ro\/sedinta-de-plen-pentru-numirea-unor-noi-membri-la-bnr-cna-si-asf\/#primaryimage"},"image":{"@id":"https:\/\/carpathiacenter.ro\/sedinta-de-plen-pentru-numirea-unor-noi-membri-la-bnr-cna-si-asf\/#primaryimage"},"thumbnailUrl":"https:\/\/carpathiacenter.ro\/wp-content\/uploads\/2024\/10\/aD00NDAmaGFzaD00OGEzOWI5ZWU2OWI3MzQ3Zjg4NGVkZTQ5Yzc1ZGI4MQ.thumb_.jpg","datePublished":"2024-10-01T09:24:21+00:00","breadcrumb":{"@id":"https:\/\/carpathiacenter.ro\/sedinta-de-plen-pentru-numirea-unor-noi-membri-la-bnr-cna-si-asf\/#breadcrumb"},"inLanguage":"en-GB","potentialAction":[{"@type":"ReadAction","target":["https:\/\/carpathiacenter.ro\/sedinta-de-plen-pentru-numirea-unor-noi-membri-la-bnr-cna-si-asf\/"]}]},{"@type":"ImageObject","inLanguage":"en-GB","@id":"https:\/\/carpathiacenter.ro\/sedinta-de-plen-pentru-numirea-unor-noi-membri-la-bnr-cna-si-asf\/#primaryimage","url":"https:\/\/carpathiacenter.ro\/wp-content\/uploads\/2024\/10\/aD00NDAmaGFzaD00OGEzOWI5ZWU2OWI3MzQ3Zjg4NGVkZTQ5Yzc1ZGI4MQ.thumb_.jpg","contentUrl":"https:\/\/carpathiacenter.ro\/wp-content\/uploads\/2024\/10\/aD00NDAmaGFzaD00OGEzOWI5ZWU2OWI3MzQ3Zjg4NGVkZTQ5Yzc1ZGI4MQ.thumb_.jpg","width":780,"height":440},{"@type":"BreadcrumbList","@id":"https:\/\/carpathiacenter.ro\/sedinta-de-plen-pentru-numirea-unor-noi-membri-la-bnr-cna-si-asf\/#breadcrumb","itemListElement":[{"@type":"ListItem","position":1,"name":"Prima pagin\u0103","item":"https:\/\/carpathiacenter.ro\/"},{"@type":"ListItem","position":2,"name":"\u015eedin\u0163\u0103 de plen pentru numirea unor noi membri la BNR, CNA \u015fi ASF"}]},{"@type":"WebSite","@id":"https:\/\/carpathiacenter.ro\/#website","url":"https:\/\/carpathiacenter.ro\/","name":"Carpathia Center Romania","description":"Impossible made possible!","publisher":{"@id":"https:\/\/carpathiacenter.ro\/#organization"},"potentialAction":[{"@type":"SearchAction","target":{"@type":"EntryPoint","urlTemplate":"https:\/\/carpathiacenter.ro\/?s={search_term_string}"},"query-input":{"@type":"PropertyValueSpecification","valueRequired":true,"valueName":"search_term_string"}}],"inLanguage":"en-GB"},{"@type":"Organization","@id":"https:\/\/carpathiacenter.ro\/#organization","name":"Carpathia Center Romania","url":"https:\/\/carpathiacenter.ro\/","logo":{"@type":"ImageObject","inLanguage":"en-GB","@id":"https:\/\/carpathiacenter.ro\/#\/schema\/logo\/image\/","url":"https:\/\/carpathiacenter.ro\/wp-content\/uploads\/2024\/07\/logo-carpathia_bg_white-1024x941.png","contentUrl":"https:\/\/carpathiacenter.ro\/wp-content\/uploads\/2024\/07\/logo-carpathia_bg_white-1024x941.png","width":1024,"height":941,"caption":"Carpathia Center Romania"},"image":{"@id":"https:\/\/carpathiacenter.ro\/#\/schema\/logo\/image\/"},"sameAs":["https:\/\/www.facebook.com\/fdpscarpathia\/"]},{"@type":"Person","@id":"https:\/\/carpathiacenter.ro\/#\/schema\/person\/03d9f58202fee8379268f34afa195006","name":"creativebitsolutions","image":{"@type":"ImageObject","inLanguage":"en-GB","@id":"https:\/\/carpathiacenter.ro\/#\/schema\/person\/image\/","url":"https:\/\/secure.gravatar.com\/avatar\/1b1a13e37f847c635dab78348f1dff2f07651ee2a3d77a5c355a4b8c75f9165a?s=96&d=mm&r=g","contentUrl":"https:\/\/secure.gravatar.com\/avatar\/1b1a13e37f847c635dab78348f1dff2f07651ee2a3d77a5c355a4b8c75f9165a?s=96&d=mm&r=g","caption":"creativebitsolutions"},"url":"https:\/\/carpathiacenter.ro\/en\/author\/creativebitsolutions\/"}]}},"_links":{"self":[{"href":"https:\/\/carpathiacenter.ro\/en\/wp-json\/wp\/v2\/posts\/1343","targetHints":{"allow":["GET"]}}],"collection":[{"href":"https:\/\/carpathiacenter.ro\/en\/wp-json\/wp\/v2\/posts"}],"about":[{"href":"https:\/\/carpathiacenter.ro\/en\/wp-json\/wp\/v2\/types\/post"}],"author":[{"embeddable":true,"href":"https:\/\/carpathiacenter.ro\/en\/wp-json\/wp\/v2\/users\/4"}],"replies":[{"embeddable":true,"href":"https:\/\/carpathiacenter.ro\/en\/wp-json\/wp\/v2\/comments?post=1343"}],"version-history":[{"count":1,"href":"https:\/\/carpathiacenter.ro\/en\/wp-json\/wp\/v2\/posts\/1343\/revisions"}],"predecessor-version":[{"id":1344,"href":"https:\/\/carpathiacenter.ro\/en\/wp-json\/wp\/v2\/posts\/1343\/revisions\/1344"}],"wp:featuredmedia":[{"embeddable":true,"href":"https:\/\/carpathiacenter.ro\/en\/wp-json\/wp\/v2\/media\/1340"}],"wp:attachment":[{"href":"https:\/\/carpathiacenter.ro\/en\/wp-json\/wp\/v2\/media?parent=1343"}],"wp:term":[{"taxonomy":"category","embeddable":true,"href":"https:\/\/carpathiacenter.ro\/en\/wp-json\/wp\/v2\/categories?post=1343"},{"taxonomy":"post_tag","embeddable":true,"href":"https:\/\/carpathiacenter.ro\/en\/wp-json\/wp\/v2\/tags?post=1343"}],"curies":[{"name":"wp","href":"https:\/\/api.w.org\/{rel}","templated":true}]}}