{"id":1339,"date":"2024-10-01T09:22:19","date_gmt":"2024-10-01T09:22:19","guid":{"rendered":"https:\/\/carpathiacenter.ro\/?p=1339"},"modified":"2024-10-01T09:22:19","modified_gmt":"2024-10-01T09:22:19","slug":"sab-accesorii-2024-incepe-marti-la-romexpo","status":"publish","type":"post","link":"https:\/\/carpathiacenter.ro\/en\/sab-accesorii-2024-incepe-marti-la-romexpo\/","title":{"rendered":"SAB &#038; Accesorii 2024 \u00eencepe, mar\u0163i, la Romexpo"},"content":{"rendered":"<div class=\"description_articol\">\n<p>O nou\u0103 edi\u0163ie a Salonului Auto Bucure\u015fti (SAB) &amp; Accesorii 2024 este programat\u0103 la Centrul Expozi\u0163ional Romexpo, \u00een perioada 1 &#8211; 6 octombrie, eveniment \u00een cadrul c\u0103ruia vor avea loc premiere auto na\u0163ionale \u015fi vor fi prezentate nout\u0103\u0163i ale sezonului 2024 &#8211; 2025 \u015fi oferte speciale ale companiilor participante.<\/p>\n<p>Potrivit unui comunicat de pres\u0103 al organizatorilor, edi\u0163ia din acest an a SAB &amp; Accesorii aduce \u00een prim-plan modele-concept \u015fi o serie de nout\u0103\u0163i din partea unor branduri precum: Alfa Romeo, BMW, Fiat, Ford, Hyundai, Honda, INEOS Grenadier, Jeep, Kia, LeapMotor, Maserati, Mazda, Mercedes Benz, MG, MINI, Mitsubishi, SsangYong, Subaru, Suzuki \u015fi Toyota.<\/p>\n<p>&#8220;Mobilitatea electric\u0103 are \u015fi la aceast\u0103 edi\u0163ie a SAB &amp; Accesorii 2024 o prezen\u0163\u0103 accentuat\u0103, p\u0103str\u00e2nd astfel trendul de dezvoltare \u015fi extindere al acestui segment din ce \u00een ce mai important \u00een industria auto la nivel global. Numeroase companii expozante prezint\u0103 vehicule electrice, de la ma\u015fini, scutere, p\u00e2n\u0103 la biciclete electrice, al\u0103turi de sta\u0163ii de \u00eenc\u0103rcare \u015fi tehnologii de ultim\u0103 genera\u0163ie, prezentate de numeroase companii expozante de top&#8221;, noteaz\u0103 organizatorii.<\/p>\n<p>\u00cen plus, la SAB &amp; Accesorii vor fi expuse peste 600 de branduri din domeniul echipamentelor, sp\u0103l\u0103toriilor self service, pieselor, accesoriilor \u015fi serviciilor din domeniu, acestea fiind reprezentate pe o suprafa\u0163\u0103 interioar\u0103 \u015fi exterioar\u0103 de peste 7.000 mp.<\/p>\n<p>Pre\u0163ul unui bilet de acces general la expozi\u0163ia auto este de 70 de lei, \u00een timp ce copii sub v\u00e2rsta de \u015fapte ani \u015fi persoanele cu dizabilit\u0103\u0163i pot intra gratuit.<\/p>\n<p><strong>SAB &amp; Accesorii 2024 este deschis dup\u0103 cum urmeaz\u0103: pe 1 octombrie, \u00eentre orele 12:00 &#8211; 19;00; \u00een perioada 2- 5 octombrie, \u00eentre orele 10:00 &#8211; 19;00; pe 6 octombrie, \u00eentre orele 10:00 &#8211; 18:00<\/strong>. AGERPRES\/(AS &#8211; autor: Daniel Badea, editor: Oana Tilic\u0103, editor online: Andreea L\u00e3z\u00e3roiu)<\/p>\n<p>Sursa: <a href=\"https:\/\/www.agerpres.ro\/economic-intern\/2024\/10\/01\/sabaccesorii-2024-incepe-marti-la-romexpo--1363084\">https:\/\/www.agerpres.ro\/economic-intern\/2024\/10\/01\/sabaccesorii-2024-incepe-marti-la-romexpo&#8211;1363084<\/a><\/p>\n<\/div>","protected":false},"excerpt":{"rendered":"<p>O nou\u0103 edi\u0163ie a Salonului Auto Bucure\u015fti (SAB) &amp; Accesorii 2024 este programat\u0103 la Centrul Expozi\u0163ional Romexpo, \u00een perioada 1 &#8211; 6 octombrie, eveniment \u00een cadrul c\u0103ruia vor avea loc premiere auto na\u0163ionale \u015fi vor fi prezentate nout\u0103\u0163i ale sezonului 2024 &#8211; 2025 \u015fi oferte speciale ale companiilor participante. Potrivit unui comunicat de pres\u0103 al&#8230;<\/p>","protected":false},"author":4,"featured_media":1341,"comment_status":"open","ping_status":"open","sticky":false,"template":"","format":"standard","meta":{"footnotes":""},"categories":[1],"tags":[],"class_list":["post-1339","post","type-post","status-publish","format-standard","has-post-thumbnail","hentry","category-uncategorized"],"yoast_head":"<!-- This site is optimized with the Yoast SEO plugin v26.1.1 - https:\/\/yoast.com\/wordpress\/plugins\/seo\/ -->\n<title>SAB &amp; Accesorii 2024 \u00eencepe, mar\u0163i, la Romexpo - Carpathia Center Romania<\/title>\n<meta name=\"robots\" content=\"index, follow, max-snippet:-1, max-image-preview:large, max-video-preview:-1\" \/>\n<link rel=\"canonical\" href=\"https:\/\/carpathiacenter.ro\/en\/sab-accesorii-2024-incepe-marti-la-romexpo\/\" \/>\n<meta property=\"og:locale\" content=\"en_GB\" \/>\n<meta property=\"og:type\" content=\"article\" \/>\n<meta property=\"og:title\" content=\"SAB &amp; Accesorii 2024 \u00eencepe, mar\u0163i, la Romexpo - Carpathia Center Romania\" \/>\n<meta property=\"og:description\" content=\"O nou\u0103 edi\u0163ie a Salonului Auto Bucure\u015fti (SAB) &amp; Accesorii 2024 este programat\u0103 la Centrul Expozi\u0163ional Romexpo, \u00een perioada 1 &#8211; 6 octombrie, eveniment \u00een cadrul c\u0103ruia vor avea loc premiere auto na\u0163ionale \u015fi vor fi prezentate nout\u0103\u0163i ale sezonului 2024 &#8211; 2025 \u015fi oferte speciale ale companiilor participante. Potrivit unui comunicat de pres\u0103 al...\" \/>\n<meta property=\"og:url\" content=\"https:\/\/carpathiacenter.ro\/en\/sab-accesorii-2024-incepe-marti-la-romexpo\/\" \/>\n<meta property=\"og:site_name\" content=\"Carpathia Center Romania\" \/>\n<meta property=\"article:publisher\" content=\"https:\/\/www.facebook.com\/fdpscarpathia\/\" \/>\n<meta property=\"article:published_time\" content=\"2024-10-01T09:22:19+00:00\" \/>\n<meta property=\"og:image\" content=\"https:\/\/carpathiacenter.ro\/wp-content\/uploads\/2024\/10\/SAB-2024-afis-660x410-1.jpg\" \/>\n\t<meta property=\"og:image:width\" content=\"660\" \/>\n\t<meta property=\"og:image:height\" content=\"410\" \/>\n\t<meta property=\"og:image:type\" content=\"image\/jpeg\" \/>\n<meta name=\"author\" content=\"creativebitsolutions\" \/>\n<meta name=\"twitter:card\" content=\"summary_large_image\" \/>\n<meta name=\"twitter:label1\" content=\"Written by\" \/>\n\t<meta name=\"twitter:data1\" content=\"creativebitsolutions\" \/>\n\t<meta name=\"twitter:label2\" content=\"Estimated reading time\" \/>\n\t<meta name=\"twitter:data2\" content=\"2 minutes\" \/>\n<script type=\"application\/ld+json\" class=\"yoast-schema-graph\">{\"@context\":\"https:\/\/schema.org\",\"@graph\":[{\"@type\":\"Article\",\"@id\":\"https:\/\/carpathiacenter.ro\/sab-accesorii-2024-incepe-marti-la-romexpo\/#article\",\"isPartOf\":{\"@id\":\"https:\/\/carpathiacenter.ro\/sab-accesorii-2024-incepe-marti-la-romexpo\/\"},\"author\":{\"name\":\"creativebitsolutions\",\"@id\":\"https:\/\/carpathiacenter.ro\/#\/schema\/person\/03d9f58202fee8379268f34afa195006\"},\"headline\":\"SAB &#038; Accesorii 2024 \u00eencepe, mar\u0163i, la Romexpo\",\"datePublished\":\"2024-10-01T09:22:19+00:00\",\"mainEntityOfPage\":{\"@id\":\"https:\/\/carpathiacenter.ro\/sab-accesorii-2024-incepe-marti-la-romexpo\/\"},\"wordCount\":309,\"commentCount\":0,\"publisher\":{\"@id\":\"https:\/\/carpathiacenter.ro\/#organization\"},\"image\":{\"@id\":\"https:\/\/carpathiacenter.ro\/sab-accesorii-2024-incepe-marti-la-romexpo\/#primaryimage\"},\"thumbnailUrl\":\"https:\/\/carpathiacenter.ro\/wp-content\/uploads\/2024\/10\/SAB-2024-afis-660x410-1.jpg\",\"articleSection\":[\"Uncategorized\"],\"inLanguage\":\"en-GB\",\"potentialAction\":[{\"@type\":\"CommentAction\",\"name\":\"Comment\",\"target\":[\"https:\/\/carpathiacenter.ro\/sab-accesorii-2024-incepe-marti-la-romexpo\/#respond\"]}]},{\"@type\":\"WebPage\",\"@id\":\"https:\/\/carpathiacenter.ro\/sab-accesorii-2024-incepe-marti-la-romexpo\/\",\"url\":\"https:\/\/carpathiacenter.ro\/sab-accesorii-2024-incepe-marti-la-romexpo\/\",\"name\":\"SAB & Accesorii 2024 \u00eencepe, mar\u0163i, la Romexpo - Carpathia Center Romania\",\"isPartOf\":{\"@id\":\"https:\/\/carpathiacenter.ro\/#website\"},\"primaryImageOfPage\":{\"@id\":\"https:\/\/carpathiacenter.ro\/sab-accesorii-2024-incepe-marti-la-romexpo\/#primaryimage\"},\"image\":{\"@id\":\"https:\/\/carpathiacenter.ro\/sab-accesorii-2024-incepe-marti-la-romexpo\/#primaryimage\"},\"thumbnailUrl\":\"https:\/\/carpathiacenter.ro\/wp-content\/uploads\/2024\/10\/SAB-2024-afis-660x410-1.jpg\",\"datePublished\":\"2024-10-01T09:22:19+00:00\",\"breadcrumb\":{\"@id\":\"https:\/\/carpathiacenter.ro\/sab-accesorii-2024-incepe-marti-la-romexpo\/#breadcrumb\"},\"inLanguage\":\"en-GB\",\"potentialAction\":[{\"@type\":\"ReadAction\",\"target\":[\"https:\/\/carpathiacenter.ro\/sab-accesorii-2024-incepe-marti-la-romexpo\/\"]}]},{\"@type\":\"ImageObject\",\"inLanguage\":\"en-GB\",\"@id\":\"https:\/\/carpathiacenter.ro\/sab-accesorii-2024-incepe-marti-la-romexpo\/#primaryimage\",\"url\":\"https:\/\/carpathiacenter.ro\/wp-content\/uploads\/2024\/10\/SAB-2024-afis-660x410-1.jpg\",\"contentUrl\":\"https:\/\/carpathiacenter.ro\/wp-content\/uploads\/2024\/10\/SAB-2024-afis-660x410-1.jpg\",\"width\":660,\"height\":410},{\"@type\":\"BreadcrumbList\",\"@id\":\"https:\/\/carpathiacenter.ro\/sab-accesorii-2024-incepe-marti-la-romexpo\/#breadcrumb\",\"itemListElement\":[{\"@type\":\"ListItem\",\"position\":1,\"name\":\"Prima pagin\u0103\",\"item\":\"https:\/\/carpathiacenter.ro\/\"},{\"@type\":\"ListItem\",\"position\":2,\"name\":\"SAB &#038; Accesorii 2024 \u00eencepe, mar\u0163i, la Romexpo\"}]},{\"@type\":\"WebSite\",\"@id\":\"https:\/\/carpathiacenter.ro\/#website\",\"url\":\"https:\/\/carpathiacenter.ro\/\",\"name\":\"Carpathia Center Romania\",\"description\":\"Impossible made possible!\",\"publisher\":{\"@id\":\"https:\/\/carpathiacenter.ro\/#organization\"},\"potentialAction\":[{\"@type\":\"SearchAction\",\"target\":{\"@type\":\"EntryPoint\",\"urlTemplate\":\"https:\/\/carpathiacenter.ro\/?s={search_term_string}\"},\"query-input\":{\"@type\":\"PropertyValueSpecification\",\"valueRequired\":true,\"valueName\":\"search_term_string\"}}],\"inLanguage\":\"en-GB\"},{\"@type\":\"Organization\",\"@id\":\"https:\/\/carpathiacenter.ro\/#organization\",\"name\":\"Carpathia Center Romania\",\"url\":\"https:\/\/carpathiacenter.ro\/\",\"logo\":{\"@type\":\"ImageObject\",\"inLanguage\":\"en-GB\",\"@id\":\"https:\/\/carpathiacenter.ro\/#\/schema\/logo\/image\/\",\"url\":\"https:\/\/carpathiacenter.ro\/wp-content\/uploads\/2024\/07\/logo-carpathia_bg_white-1024x941.png\",\"contentUrl\":\"https:\/\/carpathiacenter.ro\/wp-content\/uploads\/2024\/07\/logo-carpathia_bg_white-1024x941.png\",\"width\":1024,\"height\":941,\"caption\":\"Carpathia Center Romania\"},\"image\":{\"@id\":\"https:\/\/carpathiacenter.ro\/#\/schema\/logo\/image\/\"},\"sameAs\":[\"https:\/\/www.facebook.com\/fdpscarpathia\/\"]},{\"@type\":\"Person\",\"@id\":\"https:\/\/carpathiacenter.ro\/#\/schema\/person\/03d9f58202fee8379268f34afa195006\",\"name\":\"creativebitsolutions\",\"image\":{\"@type\":\"ImageObject\",\"inLanguage\":\"en-GB\",\"@id\":\"https:\/\/carpathiacenter.ro\/#\/schema\/person\/image\/\",\"url\":\"https:\/\/secure.gravatar.com\/avatar\/1b1a13e37f847c635dab78348f1dff2f07651ee2a3d77a5c355a4b8c75f9165a?s=96&d=mm&r=g\",\"contentUrl\":\"https:\/\/secure.gravatar.com\/avatar\/1b1a13e37f847c635dab78348f1dff2f07651ee2a3d77a5c355a4b8c75f9165a?s=96&d=mm&r=g\",\"caption\":\"creativebitsolutions\"},\"url\":\"https:\/\/carpathiacenter.ro\/en\/author\/creativebitsolutions\/\"}]}<\/script>\n<!-- \/ Yoast SEO plugin. -->","yoast_head_json":{"title":"SAB & Accesorii 2024 \u00eencepe, mar\u0163i, la Romexpo - Carpathia Center Romania","robots":{"index":"index","follow":"follow","max-snippet":"max-snippet:-1","max-image-preview":"max-image-preview:large","max-video-preview":"max-video-preview:-1"},"canonical":"https:\/\/carpathiacenter.ro\/en\/sab-accesorii-2024-incepe-marti-la-romexpo\/","og_locale":"en_GB","og_type":"article","og_title":"SAB & Accesorii 2024 \u00eencepe, mar\u0163i, la Romexpo - Carpathia Center Romania","og_description":"O nou\u0103 edi\u0163ie a Salonului Auto Bucure\u015fti (SAB) &amp; Accesorii 2024 este programat\u0103 la Centrul Expozi\u0163ional Romexpo, \u00een perioada 1 &#8211; 6 octombrie, eveniment \u00een cadrul c\u0103ruia vor avea loc premiere auto na\u0163ionale \u015fi vor fi prezentate nout\u0103\u0163i ale sezonului 2024 &#8211; 2025 \u015fi oferte speciale ale companiilor participante. Potrivit unui comunicat de pres\u0103 al...","og_url":"https:\/\/carpathiacenter.ro\/en\/sab-accesorii-2024-incepe-marti-la-romexpo\/","og_site_name":"Carpathia Center Romania","article_publisher":"https:\/\/www.facebook.com\/fdpscarpathia\/","article_published_time":"2024-10-01T09:22:19+00:00","og_image":[{"width":660,"height":410,"url":"https:\/\/carpathiacenter.ro\/wp-content\/uploads\/2024\/10\/SAB-2024-afis-660x410-1.jpg","type":"image\/jpeg"}],"author":"creativebitsolutions","twitter_card":"summary_large_image","twitter_misc":{"Written by":"creativebitsolutions","Estimated reading time":"2 minutes"},"schema":{"@context":"https:\/\/schema.org","@graph":[{"@type":"Article","@id":"https:\/\/carpathiacenter.ro\/sab-accesorii-2024-incepe-marti-la-romexpo\/#article","isPartOf":{"@id":"https:\/\/carpathiacenter.ro\/sab-accesorii-2024-incepe-marti-la-romexpo\/"},"author":{"name":"creativebitsolutions","@id":"https:\/\/carpathiacenter.ro\/#\/schema\/person\/03d9f58202fee8379268f34afa195006"},"headline":"SAB &#038; Accesorii 2024 \u00eencepe, mar\u0163i, la Romexpo","datePublished":"2024-10-01T09:22:19+00:00","mainEntityOfPage":{"@id":"https:\/\/carpathiacenter.ro\/sab-accesorii-2024-incepe-marti-la-romexpo\/"},"wordCount":309,"commentCount":0,"publisher":{"@id":"https:\/\/carpathiacenter.ro\/#organization"},"image":{"@id":"https:\/\/carpathiacenter.ro\/sab-accesorii-2024-incepe-marti-la-romexpo\/#primaryimage"},"thumbnailUrl":"https:\/\/carpathiacenter.ro\/wp-content\/uploads\/2024\/10\/SAB-2024-afis-660x410-1.jpg","articleSection":["Uncategorized"],"inLanguage":"en-GB","potentialAction":[{"@type":"CommentAction","name":"Comment","target":["https:\/\/carpathiacenter.ro\/sab-accesorii-2024-incepe-marti-la-romexpo\/#respond"]}]},{"@type":"WebPage","@id":"https:\/\/carpathiacenter.ro\/sab-accesorii-2024-incepe-marti-la-romexpo\/","url":"https:\/\/carpathiacenter.ro\/sab-accesorii-2024-incepe-marti-la-romexpo\/","name":"SAB & Accesorii 2024 \u00eencepe, mar\u0163i, la Romexpo - Carpathia Center Romania","isPartOf":{"@id":"https:\/\/carpathiacenter.ro\/#website"},"primaryImageOfPage":{"@id":"https:\/\/carpathiacenter.ro\/sab-accesorii-2024-incepe-marti-la-romexpo\/#primaryimage"},"image":{"@id":"https:\/\/carpathiacenter.ro\/sab-accesorii-2024-incepe-marti-la-romexpo\/#primaryimage"},"thumbnailUrl":"https:\/\/carpathiacenter.ro\/wp-content\/uploads\/2024\/10\/SAB-2024-afis-660x410-1.jpg","datePublished":"2024-10-01T09:22:19+00:00","breadcrumb":{"@id":"https:\/\/carpathiacenter.ro\/sab-accesorii-2024-incepe-marti-la-romexpo\/#breadcrumb"},"inLanguage":"en-GB","potentialAction":[{"@type":"ReadAction","target":["https:\/\/carpathiacenter.ro\/sab-accesorii-2024-incepe-marti-la-romexpo\/"]}]},{"@type":"ImageObject","inLanguage":"en-GB","@id":"https:\/\/carpathiacenter.ro\/sab-accesorii-2024-incepe-marti-la-romexpo\/#primaryimage","url":"https:\/\/carpathiacenter.ro\/wp-content\/uploads\/2024\/10\/SAB-2024-afis-660x410-1.jpg","contentUrl":"https:\/\/carpathiacenter.ro\/wp-content\/uploads\/2024\/10\/SAB-2024-afis-660x410-1.jpg","width":660,"height":410},{"@type":"BreadcrumbList","@id":"https:\/\/carpathiacenter.ro\/sab-accesorii-2024-incepe-marti-la-romexpo\/#breadcrumb","itemListElement":[{"@type":"ListItem","position":1,"name":"Prima pagin\u0103","item":"https:\/\/carpathiacenter.ro\/"},{"@type":"ListItem","position":2,"name":"SAB &#038; Accesorii 2024 \u00eencepe, mar\u0163i, la Romexpo"}]},{"@type":"WebSite","@id":"https:\/\/carpathiacenter.ro\/#website","url":"https:\/\/carpathiacenter.ro\/","name":"Carpathia Center Romania","description":"Impossible made possible!","publisher":{"@id":"https:\/\/carpathiacenter.ro\/#organization"},"potentialAction":[{"@type":"SearchAction","target":{"@type":"EntryPoint","urlTemplate":"https:\/\/carpathiacenter.ro\/?s={search_term_string}"},"query-input":{"@type":"PropertyValueSpecification","valueRequired":true,"valueName":"search_term_string"}}],"inLanguage":"en-GB"},{"@type":"Organization","@id":"https:\/\/carpathiacenter.ro\/#organization","name":"Carpathia Center Romania","url":"https:\/\/carpathiacenter.ro\/","logo":{"@type":"ImageObject","inLanguage":"en-GB","@id":"https:\/\/carpathiacenter.ro\/#\/schema\/logo\/image\/","url":"https:\/\/carpathiacenter.ro\/wp-content\/uploads\/2024\/07\/logo-carpathia_bg_white-1024x941.png","contentUrl":"https:\/\/carpathiacenter.ro\/wp-content\/uploads\/2024\/07\/logo-carpathia_bg_white-1024x941.png","width":1024,"height":941,"caption":"Carpathia Center Romania"},"image":{"@id":"https:\/\/carpathiacenter.ro\/#\/schema\/logo\/image\/"},"sameAs":["https:\/\/www.facebook.com\/fdpscarpathia\/"]},{"@type":"Person","@id":"https:\/\/carpathiacenter.ro\/#\/schema\/person\/03d9f58202fee8379268f34afa195006","name":"creativebitsolutions","image":{"@type":"ImageObject","inLanguage":"en-GB","@id":"https:\/\/carpathiacenter.ro\/#\/schema\/person\/image\/","url":"https:\/\/secure.gravatar.com\/avatar\/1b1a13e37f847c635dab78348f1dff2f07651ee2a3d77a5c355a4b8c75f9165a?s=96&d=mm&r=g","contentUrl":"https:\/\/secure.gravatar.com\/avatar\/1b1a13e37f847c635dab78348f1dff2f07651ee2a3d77a5c355a4b8c75f9165a?s=96&d=mm&r=g","caption":"creativebitsolutions"},"url":"https:\/\/carpathiacenter.ro\/en\/author\/creativebitsolutions\/"}]}},"_links":{"self":[{"href":"https:\/\/carpathiacenter.ro\/en\/wp-json\/wp\/v2\/posts\/1339","targetHints":{"allow":["GET"]}}],"collection":[{"href":"https:\/\/carpathiacenter.ro\/en\/wp-json\/wp\/v2\/posts"}],"about":[{"href":"https:\/\/carpathiacenter.ro\/en\/wp-json\/wp\/v2\/types\/post"}],"author":[{"embeddable":true,"href":"https:\/\/carpathiacenter.ro\/en\/wp-json\/wp\/v2\/users\/4"}],"replies":[{"embeddable":true,"href":"https:\/\/carpathiacenter.ro\/en\/wp-json\/wp\/v2\/comments?post=1339"}],"version-history":[{"count":1,"href":"https:\/\/carpathiacenter.ro\/en\/wp-json\/wp\/v2\/posts\/1339\/revisions"}],"predecessor-version":[{"id":1342,"href":"https:\/\/carpathiacenter.ro\/en\/wp-json\/wp\/v2\/posts\/1339\/revisions\/1342"}],"wp:featuredmedia":[{"embeddable":true,"href":"https:\/\/carpathiacenter.ro\/en\/wp-json\/wp\/v2\/media\/1341"}],"wp:attachment":[{"href":"https:\/\/carpathiacenter.ro\/en\/wp-json\/wp\/v2\/media?parent=1339"}],"wp:term":[{"taxonomy":"category","embeddable":true,"href":"https:\/\/carpathiacenter.ro\/en\/wp-json\/wp\/v2\/categories?post=1339"},{"taxonomy":"post_tag","embeddable":true,"href":"https:\/\/carpathiacenter.ro\/en\/wp-json\/wp\/v2\/tags?post=1339"}],"curies":[{"name":"wp","href":"https:\/\/api.w.org\/{rel}","templated":true}]}}