{"id":1334,"date":"2024-09-30T12:13:14","date_gmt":"2024-09-30T12:13:14","guid":{"rendered":"https:\/\/carpathiacenter.ro\/?p=1334"},"modified":"2024-09-30T12:13:14","modified_gmt":"2024-09-30T12:13:14","slug":"icr-a-lansat-apel-de-candidaturi-pentru-bursele-enescu-si-brancusi","status":"publish","type":"post","link":"https:\/\/carpathiacenter.ro\/en\/icr-a-lansat-apel-de-candidaturi-pentru-bursele-enescu-si-brancusi\/","title":{"rendered":"ICR a lansat apel de candidaturi pentru Bursele Enescu \u015fi Br\u00e2ncu\u015fi"},"content":{"rendered":"<div class=\"description_articol\">\n<p>Institutul Cultural Rom\u00e2n a lansat un apel la candidaturi pentru a oferi \u00een anul 2025 dou\u0103 Burse Enescu \u015fi dou\u0103 Burse Br\u00e2ncu\u015fi, sub forma unor stagii de trei luni la Cite Internationale des Arts din Paris.<\/p>\n<p>Potrivit unui comunicat al Institutului Cultural Rom\u00e2n transmis, luni, AGERPRES, valoarea fiec\u0103rei burse este de 6.000 de euro.<\/p>\n<p>Bursele &#8220;Constantin Br\u00e2ncu\u015fi&#8221; sunt dedicate arti\u015ftilor plastici\/vizuali rom\u00e2ni, iar bursele &#8220;George Enescu&#8221; sunt dedicate muzicienilor rom\u00e2ni.<\/p>\n<p>Arti\u015ftii interesa\u0163i sunt a\u015ftepta\u0163i s\u0103-\u015fi depun\u0103 dosarele de candidatur\u0103 p\u00e2n\u0103 pe data de 18 octombrie, ora 16,00, prin e-mail.<\/p>\n<p>&#8220;Obiectivul principal al programului de burse este introducerea arti\u015ftilor rom\u00e2ni \u00een circuitul valorilor europene, prin oportunitatea de a lucra \u00eentr-un mediu artistic interna\u0163ional. Selec\u0163ia este f\u0103cut\u0103 de o comisie independent\u0103 de speciali\u015fti, personalit\u0103\u0163i recunoscute \u00een domeniile de referin\u0163\u0103, pe baza dosarelor de candidatur\u0103 primite&#8221;, se precizeaz\u0103 \u00een comunicat.<\/p>\n<p>Criteriile de evaluare pentru bursele &#8220;Constantin Br\u00e2ncu\u015fi&#8221; sunt: relevan\u0163a activit\u0103\u0163ii artistice de p\u00e2n\u0103 acum (expozi\u0163ii, recomand\u0103ri, dosar de pres\u0103), proiectul ca atare, calitatea proiectului propus \u00een raport cu locul de desf\u0103\u015furare, fezabilitatea proiectului \u00een intervalul bursei, caracterul inovativ al proiectului \u00een contextul experien\u0163ei artistice anterioare, contacte relevante \u00een locul de desf\u0103\u015furare al bursei.<\/p>\n<p>Pentru bursele &#8220;George Enescu&#8221; criteriile de evaluare sunt: performan\u0163a academic\u0103 a candida\u0163ilor, specializ\u0103ri \u015fi masterclassuri, premii na\u0163ionale \u015fi interna\u0163ionale, calitatea proiectului propus \u00een raport cu locul de desf\u0103\u015furare, performan\u0163a artistic\u0103.<\/p>\n<p>Cite Internationale des Arts este o funda\u0163ie privat\u0103 recunoscut\u0103 ca organiza\u0163ie de interes public. De la inaugurarea sa, \u00een 1965, a g\u0103zduit arti\u015fti \u00een reziden\u0163\u0103 din \u00eentreaga lume. Este o organiza\u0163ie care \u00eencurajeaz\u0103 dialogul intercultural, un loc al schimburilor culturale \u00een care arti\u015ftii se pot \u00eent\u00e2lni cu publicul \u015fi cu al\u0163i profesioni\u015fti. Cite Internationale des Arts este localizat \u00een cartierele Marais \u015fi Montmartre. \u00cen fiecare lun\u0103, \u00een parteneriat cu peste 130 de organiza\u0163ii franceze \u015fi interna\u0163ionale, Cite Internationale des Arts prime\u015fte peste 300 de arti\u015fti \u00een reziden\u0163\u0103, care lucreaz\u0103 \u00eentr-o gam\u0103 larg\u0103 de discipline.<\/p>\n<p>Bursele &#8220;Constantin Br\u00e2ncu\u015fi&#8221; se adreseaz\u0103 arti\u015ftilor plastici\/vizuali rom\u00e2ni cu studii universitare de specialitate \u00eencheiate \u015fi cu performan\u0163e recunoscute \u00een domeniu. Sunt oferite anual dou\u0103 burse &#8220;Constantin Br\u00e2ncu\u015fi&#8221; pentru perioade de c\u00e2te trei luni, \u00een vederea desf\u0103\u015fur\u0103rii unor proiecte artistice \u00een atelierul dedicat Rom\u00e2niei la Cite Internationale des Arts, Paris-Fran\u0163a.<\/p>\n<p>Perioadele de desf\u0103\u015furare a burselor &#8220;Constantin Br\u00e2ncu\u015fi sunt mai &#8211; iulie 2025 \u015fi noiembrie 2025 &#8211; ianuarie 2026;<\/p>\n<p>Bursele George Enescu&#8221; se adreseaz\u0103 muzicienilor rom\u00e2ni cu studii universitare de specialitate \u00eencheiate \u015fi cu performan\u0163e recunoscute \u00een domeniu. Sunt oferite anual dou\u0103 burse &#8220;George Enescu&#8221; pentru perioade de c\u00e2te trei luni, \u00een vederea desf\u0103\u015fur\u0103rii unor proiecte artistice \u00een atelierul dedicat Rom\u00e2niei de la Cite Internationale des Arts din Paris.<\/p>\n<p>Perioadele de desf\u0103\u015furare a burselor &#8220;George Enescu&#8221; sunt februarie &#8211; aprilie 2025 \u015fi august &#8211; octombrie 2025.<\/p>\n<p>Proiectele de reziden\u0163\u0103 \u015fi CV-urile vor fi redactate at\u00e2t \u00een limba rom\u00e2n\u0103, c\u00e2t \u015fi \u00een limba francez\u0103.<\/p>\n<p>Afi\u015farea rezultatelor, conform calendarului, va avea loc pe 31 octombrie. Contesta\u0163iile pot fi depuse \u00een intervalul 1 &#8211; 6 noiembrie, ora 13,00.<\/p>\n<p>Afi\u015farea rezultatelor finale va avea loc pe 25 noiembrie. AGERPRES\/(AS &#8211; autor: Petronius Craiu, editor: Claudia St\u0103nescu, editor online: Andreea L\u00e3z\u00e3roiu)<\/p>\n<p>Sursa: https:\/\/www.agerpres.ro\/cultura\/2024\/09\/30\/icr-a-lansat-apel-de-candidaturi-pentru-bursele-enescu-si-brancusi&#8211;1362570<\/p>\n<\/div>","protected":false},"excerpt":{"rendered":"<p>Institutul Cultural Rom\u00e2n a lansat un apel la candidaturi pentru a oferi \u00een anul 2025 dou\u0103 Burse Enescu \u015fi dou\u0103 Burse Br\u00e2ncu\u015fi, sub forma unor stagii de trei luni la Cite Internationale des Arts din Paris. Potrivit unui comunicat al Institutului Cultural Rom\u00e2n transmis, luni, AGERPRES, valoarea fiec\u0103rei burse este de 6.000 de euro. Bursele&#8230;<\/p>","protected":false},"author":4,"featured_media":1336,"comment_status":"open","ping_status":"open","sticky":false,"template":"","format":"standard","meta":{"footnotes":""},"categories":[1],"tags":[],"class_list":["post-1334","post","type-post","status-publish","format-standard","has-post-thumbnail","hentry","category-uncategorized"],"yoast_head":"<!-- This site is optimized with the Yoast SEO plugin v26.1.1 - https:\/\/yoast.com\/wordpress\/plugins\/seo\/ -->\n<title>ICR a lansat apel de candidaturi pentru Bursele Enescu \u015fi Br\u00e2ncu\u015fi - Carpathia Center Romania<\/title>\n<meta name=\"robots\" content=\"index, follow, max-snippet:-1, max-image-preview:large, max-video-preview:-1\" \/>\n<link rel=\"canonical\" href=\"https:\/\/carpathiacenter.ro\/en\/icr-a-lansat-apel-de-candidaturi-pentru-bursele-enescu-si-brancusi\/\" \/>\n<meta property=\"og:locale\" content=\"en_GB\" \/>\n<meta property=\"og:type\" content=\"article\" \/>\n<meta property=\"og:title\" content=\"ICR a lansat apel de candidaturi pentru Bursele Enescu \u015fi Br\u00e2ncu\u015fi - Carpathia Center Romania\" \/>\n<meta property=\"og:description\" content=\"Institutul Cultural Rom\u00e2n a lansat un apel la candidaturi pentru a oferi \u00een anul 2025 dou\u0103 Burse Enescu \u015fi dou\u0103 Burse Br\u00e2ncu\u015fi, sub forma unor stagii de trei luni la Cite Internationale des Arts din Paris. Potrivit unui comunicat al Institutului Cultural Rom\u00e2n transmis, luni, AGERPRES, valoarea fiec\u0103rei burse este de 6.000 de euro. Bursele...\" \/>\n<meta property=\"og:url\" content=\"https:\/\/carpathiacenter.ro\/en\/icr-a-lansat-apel-de-candidaturi-pentru-bursele-enescu-si-brancusi\/\" \/>\n<meta property=\"og:site_name\" content=\"Carpathia Center Romania\" \/>\n<meta property=\"article:publisher\" content=\"https:\/\/www.facebook.com\/fdpscarpathia\/\" \/>\n<meta property=\"article:published_time\" content=\"2024-09-30T12:13:14+00:00\" \/>\n<meta property=\"og:image\" content=\"https:\/\/carpathiacenter.ro\/wp-content\/uploads\/2024\/09\/icr_venetia.jpg\" \/>\n\t<meta property=\"og:image:width\" content=\"960\" \/>\n\t<meta property=\"og:image:height\" content=\"636\" \/>\n\t<meta property=\"og:image:type\" content=\"image\/jpeg\" \/>\n<meta name=\"author\" content=\"creativebitsolutions\" \/>\n<meta name=\"twitter:card\" content=\"summary_large_image\" \/>\n<meta name=\"twitter:label1\" content=\"Written by\" \/>\n\t<meta name=\"twitter:data1\" content=\"creativebitsolutions\" \/>\n\t<meta name=\"twitter:label2\" content=\"Estimated reading time\" \/>\n\t<meta name=\"twitter:data2\" content=\"3 minutes\" \/>\n<script type=\"application\/ld+json\" class=\"yoast-schema-graph\">{\"@context\":\"https:\/\/schema.org\",\"@graph\":[{\"@type\":\"Article\",\"@id\":\"https:\/\/carpathiacenter.ro\/icr-a-lansat-apel-de-candidaturi-pentru-bursele-enescu-si-brancusi\/#article\",\"isPartOf\":{\"@id\":\"https:\/\/carpathiacenter.ro\/icr-a-lansat-apel-de-candidaturi-pentru-bursele-enescu-si-brancusi\/\"},\"author\":{\"name\":\"creativebitsolutions\",\"@id\":\"https:\/\/carpathiacenter.ro\/#\/schema\/person\/03d9f58202fee8379268f34afa195006\"},\"headline\":\"ICR a lansat apel de candidaturi pentru Bursele Enescu \u015fi Br\u00e2ncu\u015fi\",\"datePublished\":\"2024-09-30T12:13:14+00:00\",\"mainEntityOfPage\":{\"@id\":\"https:\/\/carpathiacenter.ro\/icr-a-lansat-apel-de-candidaturi-pentru-bursele-enescu-si-brancusi\/\"},\"wordCount\":599,\"commentCount\":0,\"publisher\":{\"@id\":\"https:\/\/carpathiacenter.ro\/#organization\"},\"image\":{\"@id\":\"https:\/\/carpathiacenter.ro\/icr-a-lansat-apel-de-candidaturi-pentru-bursele-enescu-si-brancusi\/#primaryimage\"},\"thumbnailUrl\":\"https:\/\/carpathiacenter.ro\/wp-content\/uploads\/2024\/09\/icr_venetia.jpg\",\"articleSection\":[\"Uncategorized\"],\"inLanguage\":\"en-GB\",\"potentialAction\":[{\"@type\":\"CommentAction\",\"name\":\"Comment\",\"target\":[\"https:\/\/carpathiacenter.ro\/icr-a-lansat-apel-de-candidaturi-pentru-bursele-enescu-si-brancusi\/#respond\"]}]},{\"@type\":\"WebPage\",\"@id\":\"https:\/\/carpathiacenter.ro\/icr-a-lansat-apel-de-candidaturi-pentru-bursele-enescu-si-brancusi\/\",\"url\":\"https:\/\/carpathiacenter.ro\/icr-a-lansat-apel-de-candidaturi-pentru-bursele-enescu-si-brancusi\/\",\"name\":\"ICR a lansat apel de candidaturi pentru Bursele Enescu \u015fi Br\u00e2ncu\u015fi - Carpathia Center Romania\",\"isPartOf\":{\"@id\":\"https:\/\/carpathiacenter.ro\/#website\"},\"primaryImageOfPage\":{\"@id\":\"https:\/\/carpathiacenter.ro\/icr-a-lansat-apel-de-candidaturi-pentru-bursele-enescu-si-brancusi\/#primaryimage\"},\"image\":{\"@id\":\"https:\/\/carpathiacenter.ro\/icr-a-lansat-apel-de-candidaturi-pentru-bursele-enescu-si-brancusi\/#primaryimage\"},\"thumbnailUrl\":\"https:\/\/carpathiacenter.ro\/wp-content\/uploads\/2024\/09\/icr_venetia.jpg\",\"datePublished\":\"2024-09-30T12:13:14+00:00\",\"breadcrumb\":{\"@id\":\"https:\/\/carpathiacenter.ro\/icr-a-lansat-apel-de-candidaturi-pentru-bursele-enescu-si-brancusi\/#breadcrumb\"},\"inLanguage\":\"en-GB\",\"potentialAction\":[{\"@type\":\"ReadAction\",\"target\":[\"https:\/\/carpathiacenter.ro\/icr-a-lansat-apel-de-candidaturi-pentru-bursele-enescu-si-brancusi\/\"]}]},{\"@type\":\"ImageObject\",\"inLanguage\":\"en-GB\",\"@id\":\"https:\/\/carpathiacenter.ro\/icr-a-lansat-apel-de-candidaturi-pentru-bursele-enescu-si-brancusi\/#primaryimage\",\"url\":\"https:\/\/carpathiacenter.ro\/wp-content\/uploads\/2024\/09\/icr_venetia.jpg\",\"contentUrl\":\"https:\/\/carpathiacenter.ro\/wp-content\/uploads\/2024\/09\/icr_venetia.jpg\",\"width\":960,\"height\":636},{\"@type\":\"BreadcrumbList\",\"@id\":\"https:\/\/carpathiacenter.ro\/icr-a-lansat-apel-de-candidaturi-pentru-bursele-enescu-si-brancusi\/#breadcrumb\",\"itemListElement\":[{\"@type\":\"ListItem\",\"position\":1,\"name\":\"Prima pagin\u0103\",\"item\":\"https:\/\/carpathiacenter.ro\/\"},{\"@type\":\"ListItem\",\"position\":2,\"name\":\"ICR a lansat apel de candidaturi pentru Bursele Enescu \u015fi Br\u00e2ncu\u015fi\"}]},{\"@type\":\"WebSite\",\"@id\":\"https:\/\/carpathiacenter.ro\/#website\",\"url\":\"https:\/\/carpathiacenter.ro\/\",\"name\":\"Carpathia Center Romania\",\"description\":\"Impossible made possible!\",\"publisher\":{\"@id\":\"https:\/\/carpathiacenter.ro\/#organization\"},\"potentialAction\":[{\"@type\":\"SearchAction\",\"target\":{\"@type\":\"EntryPoint\",\"urlTemplate\":\"https:\/\/carpathiacenter.ro\/?s={search_term_string}\"},\"query-input\":{\"@type\":\"PropertyValueSpecification\",\"valueRequired\":true,\"valueName\":\"search_term_string\"}}],\"inLanguage\":\"en-GB\"},{\"@type\":\"Organization\",\"@id\":\"https:\/\/carpathiacenter.ro\/#organization\",\"name\":\"Carpathia Center Romania\",\"url\":\"https:\/\/carpathiacenter.ro\/\",\"logo\":{\"@type\":\"ImageObject\",\"inLanguage\":\"en-GB\",\"@id\":\"https:\/\/carpathiacenter.ro\/#\/schema\/logo\/image\/\",\"url\":\"https:\/\/carpathiacenter.ro\/wp-content\/uploads\/2024\/07\/logo-carpathia_bg_white-1024x941.png\",\"contentUrl\":\"https:\/\/carpathiacenter.ro\/wp-content\/uploads\/2024\/07\/logo-carpathia_bg_white-1024x941.png\",\"width\":1024,\"height\":941,\"caption\":\"Carpathia Center Romania\"},\"image\":{\"@id\":\"https:\/\/carpathiacenter.ro\/#\/schema\/logo\/image\/\"},\"sameAs\":[\"https:\/\/www.facebook.com\/fdpscarpathia\/\"]},{\"@type\":\"Person\",\"@id\":\"https:\/\/carpathiacenter.ro\/#\/schema\/person\/03d9f58202fee8379268f34afa195006\",\"name\":\"creativebitsolutions\",\"image\":{\"@type\":\"ImageObject\",\"inLanguage\":\"en-GB\",\"@id\":\"https:\/\/carpathiacenter.ro\/#\/schema\/person\/image\/\",\"url\":\"https:\/\/secure.gravatar.com\/avatar\/1b1a13e37f847c635dab78348f1dff2f07651ee2a3d77a5c355a4b8c75f9165a?s=96&d=mm&r=g\",\"contentUrl\":\"https:\/\/secure.gravatar.com\/avatar\/1b1a13e37f847c635dab78348f1dff2f07651ee2a3d77a5c355a4b8c75f9165a?s=96&d=mm&r=g\",\"caption\":\"creativebitsolutions\"},\"url\":\"https:\/\/carpathiacenter.ro\/en\/author\/creativebitsolutions\/\"}]}<\/script>\n<!-- \/ Yoast SEO plugin. -->","yoast_head_json":{"title":"ICR a lansat apel de candidaturi pentru Bursele Enescu \u015fi Br\u00e2ncu\u015fi - Carpathia Center Romania","robots":{"index":"index","follow":"follow","max-snippet":"max-snippet:-1","max-image-preview":"max-image-preview:large","max-video-preview":"max-video-preview:-1"},"canonical":"https:\/\/carpathiacenter.ro\/en\/icr-a-lansat-apel-de-candidaturi-pentru-bursele-enescu-si-brancusi\/","og_locale":"en_GB","og_type":"article","og_title":"ICR a lansat apel de candidaturi pentru Bursele Enescu \u015fi Br\u00e2ncu\u015fi - Carpathia Center Romania","og_description":"Institutul Cultural Rom\u00e2n a lansat un apel la candidaturi pentru a oferi \u00een anul 2025 dou\u0103 Burse Enescu \u015fi dou\u0103 Burse Br\u00e2ncu\u015fi, sub forma unor stagii de trei luni la Cite Internationale des Arts din Paris. Potrivit unui comunicat al Institutului Cultural Rom\u00e2n transmis, luni, AGERPRES, valoarea fiec\u0103rei burse este de 6.000 de euro. Bursele...","og_url":"https:\/\/carpathiacenter.ro\/en\/icr-a-lansat-apel-de-candidaturi-pentru-bursele-enescu-si-brancusi\/","og_site_name":"Carpathia Center Romania","article_publisher":"https:\/\/www.facebook.com\/fdpscarpathia\/","article_published_time":"2024-09-30T12:13:14+00:00","og_image":[{"width":960,"height":636,"url":"https:\/\/carpathiacenter.ro\/wp-content\/uploads\/2024\/09\/icr_venetia.jpg","type":"image\/jpeg"}],"author":"creativebitsolutions","twitter_card":"summary_large_image","twitter_misc":{"Written by":"creativebitsolutions","Estimated reading time":"3 minutes"},"schema":{"@context":"https:\/\/schema.org","@graph":[{"@type":"Article","@id":"https:\/\/carpathiacenter.ro\/icr-a-lansat-apel-de-candidaturi-pentru-bursele-enescu-si-brancusi\/#article","isPartOf":{"@id":"https:\/\/carpathiacenter.ro\/icr-a-lansat-apel-de-candidaturi-pentru-bursele-enescu-si-brancusi\/"},"author":{"name":"creativebitsolutions","@id":"https:\/\/carpathiacenter.ro\/#\/schema\/person\/03d9f58202fee8379268f34afa195006"},"headline":"ICR a lansat apel de candidaturi pentru Bursele Enescu \u015fi Br\u00e2ncu\u015fi","datePublished":"2024-09-30T12:13:14+00:00","mainEntityOfPage":{"@id":"https:\/\/carpathiacenter.ro\/icr-a-lansat-apel-de-candidaturi-pentru-bursele-enescu-si-brancusi\/"},"wordCount":599,"commentCount":0,"publisher":{"@id":"https:\/\/carpathiacenter.ro\/#organization"},"image":{"@id":"https:\/\/carpathiacenter.ro\/icr-a-lansat-apel-de-candidaturi-pentru-bursele-enescu-si-brancusi\/#primaryimage"},"thumbnailUrl":"https:\/\/carpathiacenter.ro\/wp-content\/uploads\/2024\/09\/icr_venetia.jpg","articleSection":["Uncategorized"],"inLanguage":"en-GB","potentialAction":[{"@type":"CommentAction","name":"Comment","target":["https:\/\/carpathiacenter.ro\/icr-a-lansat-apel-de-candidaturi-pentru-bursele-enescu-si-brancusi\/#respond"]}]},{"@type":"WebPage","@id":"https:\/\/carpathiacenter.ro\/icr-a-lansat-apel-de-candidaturi-pentru-bursele-enescu-si-brancusi\/","url":"https:\/\/carpathiacenter.ro\/icr-a-lansat-apel-de-candidaturi-pentru-bursele-enescu-si-brancusi\/","name":"ICR a lansat apel de candidaturi pentru Bursele Enescu \u015fi Br\u00e2ncu\u015fi - Carpathia Center Romania","isPartOf":{"@id":"https:\/\/carpathiacenter.ro\/#website"},"primaryImageOfPage":{"@id":"https:\/\/carpathiacenter.ro\/icr-a-lansat-apel-de-candidaturi-pentru-bursele-enescu-si-brancusi\/#primaryimage"},"image":{"@id":"https:\/\/carpathiacenter.ro\/icr-a-lansat-apel-de-candidaturi-pentru-bursele-enescu-si-brancusi\/#primaryimage"},"thumbnailUrl":"https:\/\/carpathiacenter.ro\/wp-content\/uploads\/2024\/09\/icr_venetia.jpg","datePublished":"2024-09-30T12:13:14+00:00","breadcrumb":{"@id":"https:\/\/carpathiacenter.ro\/icr-a-lansat-apel-de-candidaturi-pentru-bursele-enescu-si-brancusi\/#breadcrumb"},"inLanguage":"en-GB","potentialAction":[{"@type":"ReadAction","target":["https:\/\/carpathiacenter.ro\/icr-a-lansat-apel-de-candidaturi-pentru-bursele-enescu-si-brancusi\/"]}]},{"@type":"ImageObject","inLanguage":"en-GB","@id":"https:\/\/carpathiacenter.ro\/icr-a-lansat-apel-de-candidaturi-pentru-bursele-enescu-si-brancusi\/#primaryimage","url":"https:\/\/carpathiacenter.ro\/wp-content\/uploads\/2024\/09\/icr_venetia.jpg","contentUrl":"https:\/\/carpathiacenter.ro\/wp-content\/uploads\/2024\/09\/icr_venetia.jpg","width":960,"height":636},{"@type":"BreadcrumbList","@id":"https:\/\/carpathiacenter.ro\/icr-a-lansat-apel-de-candidaturi-pentru-bursele-enescu-si-brancusi\/#breadcrumb","itemListElement":[{"@type":"ListItem","position":1,"name":"Prima pagin\u0103","item":"https:\/\/carpathiacenter.ro\/"},{"@type":"ListItem","position":2,"name":"ICR a lansat apel de candidaturi pentru Bursele Enescu \u015fi Br\u00e2ncu\u015fi"}]},{"@type":"WebSite","@id":"https:\/\/carpathiacenter.ro\/#website","url":"https:\/\/carpathiacenter.ro\/","name":"Carpathia Center Romania","description":"Impossible made possible!","publisher":{"@id":"https:\/\/carpathiacenter.ro\/#organization"},"potentialAction":[{"@type":"SearchAction","target":{"@type":"EntryPoint","urlTemplate":"https:\/\/carpathiacenter.ro\/?s={search_term_string}"},"query-input":{"@type":"PropertyValueSpecification","valueRequired":true,"valueName":"search_term_string"}}],"inLanguage":"en-GB"},{"@type":"Organization","@id":"https:\/\/carpathiacenter.ro\/#organization","name":"Carpathia Center Romania","url":"https:\/\/carpathiacenter.ro\/","logo":{"@type":"ImageObject","inLanguage":"en-GB","@id":"https:\/\/carpathiacenter.ro\/#\/schema\/logo\/image\/","url":"https:\/\/carpathiacenter.ro\/wp-content\/uploads\/2024\/07\/logo-carpathia_bg_white-1024x941.png","contentUrl":"https:\/\/carpathiacenter.ro\/wp-content\/uploads\/2024\/07\/logo-carpathia_bg_white-1024x941.png","width":1024,"height":941,"caption":"Carpathia Center Romania"},"image":{"@id":"https:\/\/carpathiacenter.ro\/#\/schema\/logo\/image\/"},"sameAs":["https:\/\/www.facebook.com\/fdpscarpathia\/"]},{"@type":"Person","@id":"https:\/\/carpathiacenter.ro\/#\/schema\/person\/03d9f58202fee8379268f34afa195006","name":"creativebitsolutions","image":{"@type":"ImageObject","inLanguage":"en-GB","@id":"https:\/\/carpathiacenter.ro\/#\/schema\/person\/image\/","url":"https:\/\/secure.gravatar.com\/avatar\/1b1a13e37f847c635dab78348f1dff2f07651ee2a3d77a5c355a4b8c75f9165a?s=96&d=mm&r=g","contentUrl":"https:\/\/secure.gravatar.com\/avatar\/1b1a13e37f847c635dab78348f1dff2f07651ee2a3d77a5c355a4b8c75f9165a?s=96&d=mm&r=g","caption":"creativebitsolutions"},"url":"https:\/\/carpathiacenter.ro\/en\/author\/creativebitsolutions\/"}]}},"_links":{"self":[{"href":"https:\/\/carpathiacenter.ro\/en\/wp-json\/wp\/v2\/posts\/1334","targetHints":{"allow":["GET"]}}],"collection":[{"href":"https:\/\/carpathiacenter.ro\/en\/wp-json\/wp\/v2\/posts"}],"about":[{"href":"https:\/\/carpathiacenter.ro\/en\/wp-json\/wp\/v2\/types\/post"}],"author":[{"embeddable":true,"href":"https:\/\/carpathiacenter.ro\/en\/wp-json\/wp\/v2\/users\/4"}],"replies":[{"embeddable":true,"href":"https:\/\/carpathiacenter.ro\/en\/wp-json\/wp\/v2\/comments?post=1334"}],"version-history":[{"count":1,"href":"https:\/\/carpathiacenter.ro\/en\/wp-json\/wp\/v2\/posts\/1334\/revisions"}],"predecessor-version":[{"id":1338,"href":"https:\/\/carpathiacenter.ro\/en\/wp-json\/wp\/v2\/posts\/1334\/revisions\/1338"}],"wp:featuredmedia":[{"embeddable":true,"href":"https:\/\/carpathiacenter.ro\/en\/wp-json\/wp\/v2\/media\/1336"}],"wp:attachment":[{"href":"https:\/\/carpathiacenter.ro\/en\/wp-json\/wp\/v2\/media?parent=1334"}],"wp:term":[{"taxonomy":"category","embeddable":true,"href":"https:\/\/carpathiacenter.ro\/en\/wp-json\/wp\/v2\/categories?post=1334"},{"taxonomy":"post_tag","embeddable":true,"href":"https:\/\/carpathiacenter.ro\/en\/wp-json\/wp\/v2\/tags?post=1334"}],"curies":[{"name":"wp","href":"https:\/\/api.w.org\/{rel}","templated":true}]}}