{"id":1333,"date":"2024-09-30T12:12:18","date_gmt":"2024-09-30T12:12:18","guid":{"rendered":"https:\/\/carpathiacenter.ro\/?p=1333"},"modified":"2024-09-30T12:12:18","modified_gmt":"2024-09-30T12:12:18","slug":"cele-cinci-provocari-care-il-asteapta-pe-noul-sef-al-nato-olandezul-mark-rutte-france-presse","status":"publish","type":"post","link":"https:\/\/carpathiacenter.ro\/en\/cele-cinci-provocari-care-il-asteapta-pe-noul-sef-al-nato-olandezul-mark-rutte-france-presse\/","title":{"rendered":"Cele cinci provoc\u0103ri care \u00eel a\u015fteapt\u0103 pe noul \u015fef al NATO, olandezul Mark Rutte (France Presse)"},"content":{"rendered":"<div class=\"description_articol\">\n<p>Olandezul Mark Rutte, care va prelua mar\u0163i func\u0163ia de \u015fef al NATO, se va confrunta cu multe dificult\u0103\u0163i, de la r\u0103zboiul Rusiei \u00eempotriva Ucrainei p\u00e2n\u0103 la Donald Trump \u015fi China, comenteaz\u0103 luni France Presse, care trece \u00een revist\u0103 principalele cinci provoc\u0103ri.<\/p>\n<p>Perspectiva revenirii lui Donald Trump la Casa Alb\u0103 b\u00e2ntuie coridoarele NATO de luni de zile. Declara\u0163iile sale furtunoase \u00eempotriva \u0163\u0103rilor europene ale Alian\u0163ei, vinovate \u00een ochii s\u0103i de finan\u0163are insuficient\u0103 a ap\u0103r\u0103rii, sunt \u00eenc\u0103 \u00een amintirea tuturor.<\/p>\n<p>Un veteran al politicii europene, Mark Rutte \u00eel cunoa\u015fte bine pe fostul pre\u015fedinte al SUA. A reu\u015fit s\u0103 se fac\u0103 auzit \u015fi respectat de miliardarul american, fiind de acord cu el asupra lipsei de angajament a europenilor fa\u0163\u0103 de propria ap\u0103rare.<\/p>\n<p>Va reu\u015fi s\u0103-l canalizeze pe imprevizibilul fost pre\u015fedinte american, dac\u0103 acesta s-ar \u00eentoarce la Casa Alb\u0103 dup\u0103 alegerile din noiembrie?<\/p>\n<p>O victorie a democratei Kamala Harris ar fi \u00eent\u00e2mpinat\u0103 cu u\u015furare la sediul NATO. Dar ea nu va pune sub semnul \u00eentreb\u0103rii reorientarea politicii americane din Europa \u00een Asia, potrivit exper\u0163ilor \u015fi diploma\u0163ilor.<\/p>\n<p>Posibila revenire a lui Trump la putere la Washington face ca sprijinul SUA pentru Ucraina s\u0103 fie mai incert.<\/p>\n<p>NATO a \u00eencercat s\u0103 remedieze acest lucru prin plasarea sprijinului militar pentru Kiev departe de orice pericol politic. La summitul de la Washington din iulie, alia\u0163ii au promis cel pu\u0163in 40 de miliarde de euro pe an pentru a sprijini Ucraina at\u00e2t timp c\u00e2t va fi nevoie.<\/p>\n<p>\u00cen acela\u015fi spirit, coordonarea acestui ajutor militar occidental, oferit p\u00e2n\u0103 acum de Statele Unite, va fi asigurat\u0103 de NATO.<\/p>\n<p>Dar sprijinul celor 32 de \u0163\u0103ri NATO, mai pu\u0163in Ungaria, pentru acest angajament financiar pe mai mul\u0163i ani este \u00eenc\u0103 departe de a fi atins. Italia, de exemplu, a avertizat deja c\u0103 acest lucru este exclus.<\/p>\n<p>Noul secretar general va trebui s\u0103 gestioneze \u015fi frustr\u0103rile Ucrainei, hot\u0103r\u00e2t\u0103 s\u0103 adere \u00eentr-o zi la Alian\u0163a Nord-Atlantic\u0103, \u00een fa\u0163a reticen\u0163ei puternice a unor \u0163\u0103ri precum Statele Unite \u015fi Germania.<\/p>\n<p>Misiunea NATO este de a se preg\u0103ti pentru toate eventualit\u0103\u0163ile, \u00eencep\u00e2nd cu cea a unui r\u0103zboi cu Rusia. Invazia rus\u0103 asupra Ucrainei \u00een februarie 2022 a accelerat aceste preg\u0103tiri.<\/p>\n<p>Alian\u0163a a adoptat planuri de ap\u0103rare la summitul s\u0103u de la Vilnius din 2023, care au fost implementate doar par\u0163ial p\u00e2n\u0103 \u00een prezent.<\/p>\n<p>NATO trebuie s\u0103-\u015fi dezvolte \u00een mod imperativ produc\u0163ia de sisteme de ap\u0103rare antiaerian\u0103, rachete \u015fi obuze de artilerie, subliniaz\u0103 diploma\u0163ii de la Bruxelles. Va fi la latitudinea viitorului secretar general s\u0103 se asigure c\u0103 Alian\u0163a este \u00een capacitate de lupt\u0103.<\/p>\n<p>Preg\u0103tirea pentru r\u0103zboi necesit\u0103 multe investi\u0163ii, iar \u0163\u0103rile NATO s-au angajat \u00een urm\u0103 cu zece ani, dup\u0103 anexarea peninsulei ucrainene Crimeea de c\u0103tre Rusia, s\u0103 dedice cel pu\u0163in 2% din produsul intern brut (PIB) cheltuielilor militare. Un num\u0103r de 23 din 32 de \u0163\u0103ri membre \u015fi-au respectat acest angajament.<\/p>\n<p>Olanda lui Mark Rutte a reu\u015fit s\u0103 fac\u0103 acest lucru abia anul acesta \u015fi va depinde de noul secretar general s\u0103 se asigure, cel pu\u0163in, c\u0103 efortul este men\u0163inut \u00eentr-un moment \u00een care unii, cum ar fi \u0163\u0103rile baltice sau Polonia, cer mult mai multe resurse.<\/p>\n<p>O adev\u0103rat\u0103 provocare pentru fostul prim-ministru al unei \u0163\u0103ri adepte a austerit\u0103\u0163ii bugetare.<\/p>\n<p><strong>\u00cemp\u0103r\u0163irea sarcinilor \u00eentre europeni \u015fi americani, care asigur\u0103 singuri mai mult de jum\u0103tate din cheltuieli, va fi, de asemenea, esen\u0163ial\u0103 pentru capacitatea Alian\u0163ei de a-\u015fi men\u0163ine coeziunea.<\/strong><\/p>\n<p>NATO este limitat\u0103 geografic la zona euro-atlantic\u0103. Dar Statele Unite au cerut \u00een mod repetat Alian\u0163ei s\u0103 r\u0103spund\u0103 la ascensiunea Chinei.<\/p>\n<p>Sprijinul Beijingului pentru Rusia a amplificat \u015fi mai mult aceste temeri, iar Alian\u0163a va fi mai orientat\u0103 spre Asia \u00een viitor, spun exper\u0163ii.<\/p>\n<p>Dar noul \u015fef al NATO va trebui s\u0103 \u0163in\u0103 cont \u015fi de reticen\u0163a unor \u0163\u0103ri, inclusiv a Fran\u0163ei, de a vedea Alian\u0163a Nord-Atlantic\u0103 \u00eendep\u0103rt\u00e2ndu-se de zona sa tradi\u0163ional\u0103 de interese. AGERPRES\/(AS &#8211; autor: Ionu\u0163 Mare\u015f, editor: Gabriela Ionescu, editor online: Adrian D\u00e3d\u00e2rlat)<\/p>\n<p>Sursa:https:\/\/www.agerpres.ro\/politica-externa\/2024\/09\/30\/cele-cinci-provocari-care-il-asteapta-pe-noul-sef-al-nato-olandezul-mark-rutte-france-presse&#8211;1362533<\/p>\n<\/div>","protected":false},"excerpt":{"rendered":"<p>Olandezul Mark Rutte, care va prelua mar\u0163i func\u0163ia de \u015fef al NATO, se va confrunta cu multe dificult\u0103\u0163i, de la r\u0103zboiul Rusiei \u00eempotriva Ucrainei p\u00e2n\u0103 la Donald Trump \u015fi China, comenteaz\u0103 luni France Presse, care trece \u00een revist\u0103 principalele cinci provoc\u0103ri. Perspectiva revenirii lui Donald Trump la Casa Alb\u0103 b\u00e2ntuie coridoarele NATO de luni de&#8230;<\/p>","protected":false},"author":4,"featured_media":1335,"comment_status":"open","ping_status":"open","sticky":false,"template":"","format":"standard","meta":{"footnotes":""},"categories":[1],"tags":[],"class_list":["post-1333","post","type-post","status-publish","format-standard","has-post-thumbnail","hentry","category-uncategorized"],"yoast_head":"<!-- This site is optimized with the Yoast SEO plugin v26.1.1 - https:\/\/yoast.com\/wordpress\/plugins\/seo\/ -->\n<title>Cele cinci provoc\u0103ri care \u00eel a\u015fteapt\u0103 pe noul \u015fef al NATO, olandezul Mark Rutte (France Presse) - Carpathia Center Romania<\/title>\n<meta name=\"robots\" content=\"index, follow, max-snippet:-1, max-image-preview:large, max-video-preview:-1\" \/>\n<link rel=\"canonical\" href=\"https:\/\/carpathiacenter.ro\/en\/cele-cinci-provocari-care-il-asteapta-pe-noul-sef-al-nato-olandezul-mark-rutte-france-presse\/\" \/>\n<meta property=\"og:locale\" content=\"en_GB\" \/>\n<meta property=\"og:type\" content=\"article\" \/>\n<meta property=\"og:title\" content=\"Cele cinci provoc\u0103ri care \u00eel a\u015fteapt\u0103 pe noul \u015fef al NATO, olandezul Mark Rutte (France Presse) - Carpathia Center Romania\" \/>\n<meta property=\"og:description\" content=\"Olandezul Mark Rutte, care va prelua mar\u0163i func\u0163ia de \u015fef al NATO, se va confrunta cu multe dificult\u0103\u0163i, de la r\u0103zboiul Rusiei \u00eempotriva Ucrainei p\u00e2n\u0103 la Donald Trump \u015fi China, comenteaz\u0103 luni France Presse, care trece \u00een revist\u0103 principalele cinci provoc\u0103ri. Perspectiva revenirii lui Donald Trump la Casa Alb\u0103 b\u00e2ntuie coridoarele NATO de luni de...\" \/>\n<meta property=\"og:url\" content=\"https:\/\/carpathiacenter.ro\/en\/cele-cinci-provocari-care-il-asteapta-pe-noul-sef-al-nato-olandezul-mark-rutte-france-presse\/\" \/>\n<meta property=\"og:site_name\" content=\"Carpathia Center Romania\" \/>\n<meta property=\"article:publisher\" content=\"https:\/\/www.facebook.com\/fdpscarpathia\/\" \/>\n<meta property=\"article:published_time\" content=\"2024-09-30T12:12:18+00:00\" \/>\n<meta property=\"og:image\" content=\"https:\/\/carpathiacenter.ro\/wp-content\/uploads\/2024\/09\/index-1.webp\" \/>\n\t<meta property=\"og:image:width\" content=\"700\" \/>\n\t<meta property=\"og:image:height\" content=\"467\" \/>\n\t<meta property=\"og:image:type\" content=\"image\/webp\" \/>\n<meta name=\"author\" content=\"creativebitsolutions\" \/>\n<meta name=\"twitter:card\" content=\"summary_large_image\" \/>\n<meta name=\"twitter:label1\" content=\"Written by\" \/>\n\t<meta name=\"twitter:data1\" content=\"creativebitsolutions\" \/>\n\t<meta name=\"twitter:label2\" content=\"Estimated reading time\" \/>\n\t<meta name=\"twitter:data2\" content=\"4 minutes\" \/>\n<script type=\"application\/ld+json\" class=\"yoast-schema-graph\">{\"@context\":\"https:\/\/schema.org\",\"@graph\":[{\"@type\":\"Article\",\"@id\":\"https:\/\/carpathiacenter.ro\/cele-cinci-provocari-care-il-asteapta-pe-noul-sef-al-nato-olandezul-mark-rutte-france-presse\/#article\",\"isPartOf\":{\"@id\":\"https:\/\/carpathiacenter.ro\/cele-cinci-provocari-care-il-asteapta-pe-noul-sef-al-nato-olandezul-mark-rutte-france-presse\/\"},\"author\":{\"name\":\"creativebitsolutions\",\"@id\":\"https:\/\/carpathiacenter.ro\/#\/schema\/person\/03d9f58202fee8379268f34afa195006\"},\"headline\":\"Cele cinci provoc\u0103ri care \u00eel a\u015fteapt\u0103 pe noul \u015fef al NATO, olandezul Mark Rutte (France Presse)\",\"datePublished\":\"2024-09-30T12:12:18+00:00\",\"mainEntityOfPage\":{\"@id\":\"https:\/\/carpathiacenter.ro\/cele-cinci-provocari-care-il-asteapta-pe-noul-sef-al-nato-olandezul-mark-rutte-france-presse\/\"},\"wordCount\":740,\"commentCount\":0,\"publisher\":{\"@id\":\"https:\/\/carpathiacenter.ro\/#organization\"},\"image\":{\"@id\":\"https:\/\/carpathiacenter.ro\/cele-cinci-provocari-care-il-asteapta-pe-noul-sef-al-nato-olandezul-mark-rutte-france-presse\/#primaryimage\"},\"thumbnailUrl\":\"https:\/\/carpathiacenter.ro\/wp-content\/uploads\/2024\/09\/index-1.webp\",\"articleSection\":[\"Uncategorized\"],\"inLanguage\":\"en-GB\",\"potentialAction\":[{\"@type\":\"CommentAction\",\"name\":\"Comment\",\"target\":[\"https:\/\/carpathiacenter.ro\/cele-cinci-provocari-care-il-asteapta-pe-noul-sef-al-nato-olandezul-mark-rutte-france-presse\/#respond\"]}]},{\"@type\":\"WebPage\",\"@id\":\"https:\/\/carpathiacenter.ro\/cele-cinci-provocari-care-il-asteapta-pe-noul-sef-al-nato-olandezul-mark-rutte-france-presse\/\",\"url\":\"https:\/\/carpathiacenter.ro\/cele-cinci-provocari-care-il-asteapta-pe-noul-sef-al-nato-olandezul-mark-rutte-france-presse\/\",\"name\":\"Cele cinci provoc\u0103ri care \u00eel a\u015fteapt\u0103 pe noul \u015fef al NATO, olandezul Mark Rutte (France Presse) - Carpathia Center Romania\",\"isPartOf\":{\"@id\":\"https:\/\/carpathiacenter.ro\/#website\"},\"primaryImageOfPage\":{\"@id\":\"https:\/\/carpathiacenter.ro\/cele-cinci-provocari-care-il-asteapta-pe-noul-sef-al-nato-olandezul-mark-rutte-france-presse\/#primaryimage\"},\"image\":{\"@id\":\"https:\/\/carpathiacenter.ro\/cele-cinci-provocari-care-il-asteapta-pe-noul-sef-al-nato-olandezul-mark-rutte-france-presse\/#primaryimage\"},\"thumbnailUrl\":\"https:\/\/carpathiacenter.ro\/wp-content\/uploads\/2024\/09\/index-1.webp\",\"datePublished\":\"2024-09-30T12:12:18+00:00\",\"breadcrumb\":{\"@id\":\"https:\/\/carpathiacenter.ro\/cele-cinci-provocari-care-il-asteapta-pe-noul-sef-al-nato-olandezul-mark-rutte-france-presse\/#breadcrumb\"},\"inLanguage\":\"en-GB\",\"potentialAction\":[{\"@type\":\"ReadAction\",\"target\":[\"https:\/\/carpathiacenter.ro\/cele-cinci-provocari-care-il-asteapta-pe-noul-sef-al-nato-olandezul-mark-rutte-france-presse\/\"]}]},{\"@type\":\"ImageObject\",\"inLanguage\":\"en-GB\",\"@id\":\"https:\/\/carpathiacenter.ro\/cele-cinci-provocari-care-il-asteapta-pe-noul-sef-al-nato-olandezul-mark-rutte-france-presse\/#primaryimage\",\"url\":\"https:\/\/carpathiacenter.ro\/wp-content\/uploads\/2024\/09\/index-1.webp\",\"contentUrl\":\"https:\/\/carpathiacenter.ro\/wp-content\/uploads\/2024\/09\/index-1.webp\",\"width\":700,\"height\":467},{\"@type\":\"BreadcrumbList\",\"@id\":\"https:\/\/carpathiacenter.ro\/cele-cinci-provocari-care-il-asteapta-pe-noul-sef-al-nato-olandezul-mark-rutte-france-presse\/#breadcrumb\",\"itemListElement\":[{\"@type\":\"ListItem\",\"position\":1,\"name\":\"Prima pagin\u0103\",\"item\":\"https:\/\/carpathiacenter.ro\/\"},{\"@type\":\"ListItem\",\"position\":2,\"name\":\"Cele cinci provoc\u0103ri care \u00eel a\u015fteapt\u0103 pe noul \u015fef al NATO, olandezul Mark Rutte (France Presse)\"}]},{\"@type\":\"WebSite\",\"@id\":\"https:\/\/carpathiacenter.ro\/#website\",\"url\":\"https:\/\/carpathiacenter.ro\/\",\"name\":\"Carpathia Center Romania\",\"description\":\"Impossible made possible!\",\"publisher\":{\"@id\":\"https:\/\/carpathiacenter.ro\/#organization\"},\"potentialAction\":[{\"@type\":\"SearchAction\",\"target\":{\"@type\":\"EntryPoint\",\"urlTemplate\":\"https:\/\/carpathiacenter.ro\/?s={search_term_string}\"},\"query-input\":{\"@type\":\"PropertyValueSpecification\",\"valueRequired\":true,\"valueName\":\"search_term_string\"}}],\"inLanguage\":\"en-GB\"},{\"@type\":\"Organization\",\"@id\":\"https:\/\/carpathiacenter.ro\/#organization\",\"name\":\"Carpathia Center Romania\",\"url\":\"https:\/\/carpathiacenter.ro\/\",\"logo\":{\"@type\":\"ImageObject\",\"inLanguage\":\"en-GB\",\"@id\":\"https:\/\/carpathiacenter.ro\/#\/schema\/logo\/image\/\",\"url\":\"https:\/\/carpathiacenter.ro\/wp-content\/uploads\/2024\/07\/logo-carpathia_bg_white-1024x941.png\",\"contentUrl\":\"https:\/\/carpathiacenter.ro\/wp-content\/uploads\/2024\/07\/logo-carpathia_bg_white-1024x941.png\",\"width\":1024,\"height\":941,\"caption\":\"Carpathia Center Romania\"},\"image\":{\"@id\":\"https:\/\/carpathiacenter.ro\/#\/schema\/logo\/image\/\"},\"sameAs\":[\"https:\/\/www.facebook.com\/fdpscarpathia\/\"]},{\"@type\":\"Person\",\"@id\":\"https:\/\/carpathiacenter.ro\/#\/schema\/person\/03d9f58202fee8379268f34afa195006\",\"name\":\"creativebitsolutions\",\"image\":{\"@type\":\"ImageObject\",\"inLanguage\":\"en-GB\",\"@id\":\"https:\/\/carpathiacenter.ro\/#\/schema\/person\/image\/\",\"url\":\"https:\/\/secure.gravatar.com\/avatar\/1b1a13e37f847c635dab78348f1dff2f07651ee2a3d77a5c355a4b8c75f9165a?s=96&d=mm&r=g\",\"contentUrl\":\"https:\/\/secure.gravatar.com\/avatar\/1b1a13e37f847c635dab78348f1dff2f07651ee2a3d77a5c355a4b8c75f9165a?s=96&d=mm&r=g\",\"caption\":\"creativebitsolutions\"},\"url\":\"https:\/\/carpathiacenter.ro\/en\/author\/creativebitsolutions\/\"}]}<\/script>\n<!-- \/ Yoast SEO plugin. -->","yoast_head_json":{"title":"Cele cinci provoc\u0103ri care \u00eel a\u015fteapt\u0103 pe noul \u015fef al NATO, olandezul Mark Rutte (France Presse) - Carpathia Center Romania","robots":{"index":"index","follow":"follow","max-snippet":"max-snippet:-1","max-image-preview":"max-image-preview:large","max-video-preview":"max-video-preview:-1"},"canonical":"https:\/\/carpathiacenter.ro\/en\/cele-cinci-provocari-care-il-asteapta-pe-noul-sef-al-nato-olandezul-mark-rutte-france-presse\/","og_locale":"en_GB","og_type":"article","og_title":"Cele cinci provoc\u0103ri care \u00eel a\u015fteapt\u0103 pe noul \u015fef al NATO, olandezul Mark Rutte (France Presse) - Carpathia Center Romania","og_description":"Olandezul Mark Rutte, care va prelua mar\u0163i func\u0163ia de \u015fef al NATO, se va confrunta cu multe dificult\u0103\u0163i, de la r\u0103zboiul Rusiei \u00eempotriva Ucrainei p\u00e2n\u0103 la Donald Trump \u015fi China, comenteaz\u0103 luni France Presse, care trece \u00een revist\u0103 principalele cinci provoc\u0103ri. Perspectiva revenirii lui Donald Trump la Casa Alb\u0103 b\u00e2ntuie coridoarele NATO de luni de...","og_url":"https:\/\/carpathiacenter.ro\/en\/cele-cinci-provocari-care-il-asteapta-pe-noul-sef-al-nato-olandezul-mark-rutte-france-presse\/","og_site_name":"Carpathia Center Romania","article_publisher":"https:\/\/www.facebook.com\/fdpscarpathia\/","article_published_time":"2024-09-30T12:12:18+00:00","og_image":[{"width":700,"height":467,"url":"https:\/\/carpathiacenter.ro\/wp-content\/uploads\/2024\/09\/index-1.webp","type":"image\/webp"}],"author":"creativebitsolutions","twitter_card":"summary_large_image","twitter_misc":{"Written by":"creativebitsolutions","Estimated reading time":"4 minutes"},"schema":{"@context":"https:\/\/schema.org","@graph":[{"@type":"Article","@id":"https:\/\/carpathiacenter.ro\/cele-cinci-provocari-care-il-asteapta-pe-noul-sef-al-nato-olandezul-mark-rutte-france-presse\/#article","isPartOf":{"@id":"https:\/\/carpathiacenter.ro\/cele-cinci-provocari-care-il-asteapta-pe-noul-sef-al-nato-olandezul-mark-rutte-france-presse\/"},"author":{"name":"creativebitsolutions","@id":"https:\/\/carpathiacenter.ro\/#\/schema\/person\/03d9f58202fee8379268f34afa195006"},"headline":"Cele cinci provoc\u0103ri care \u00eel a\u015fteapt\u0103 pe noul \u015fef al NATO, olandezul Mark Rutte (France Presse)","datePublished":"2024-09-30T12:12:18+00:00","mainEntityOfPage":{"@id":"https:\/\/carpathiacenter.ro\/cele-cinci-provocari-care-il-asteapta-pe-noul-sef-al-nato-olandezul-mark-rutte-france-presse\/"},"wordCount":740,"commentCount":0,"publisher":{"@id":"https:\/\/carpathiacenter.ro\/#organization"},"image":{"@id":"https:\/\/carpathiacenter.ro\/cele-cinci-provocari-care-il-asteapta-pe-noul-sef-al-nato-olandezul-mark-rutte-france-presse\/#primaryimage"},"thumbnailUrl":"https:\/\/carpathiacenter.ro\/wp-content\/uploads\/2024\/09\/index-1.webp","articleSection":["Uncategorized"],"inLanguage":"en-GB","potentialAction":[{"@type":"CommentAction","name":"Comment","target":["https:\/\/carpathiacenter.ro\/cele-cinci-provocari-care-il-asteapta-pe-noul-sef-al-nato-olandezul-mark-rutte-france-presse\/#respond"]}]},{"@type":"WebPage","@id":"https:\/\/carpathiacenter.ro\/cele-cinci-provocari-care-il-asteapta-pe-noul-sef-al-nato-olandezul-mark-rutte-france-presse\/","url":"https:\/\/carpathiacenter.ro\/cele-cinci-provocari-care-il-asteapta-pe-noul-sef-al-nato-olandezul-mark-rutte-france-presse\/","name":"Cele cinci provoc\u0103ri care \u00eel a\u015fteapt\u0103 pe noul \u015fef al NATO, olandezul Mark Rutte (France Presse) - Carpathia Center Romania","isPartOf":{"@id":"https:\/\/carpathiacenter.ro\/#website"},"primaryImageOfPage":{"@id":"https:\/\/carpathiacenter.ro\/cele-cinci-provocari-care-il-asteapta-pe-noul-sef-al-nato-olandezul-mark-rutte-france-presse\/#primaryimage"},"image":{"@id":"https:\/\/carpathiacenter.ro\/cele-cinci-provocari-care-il-asteapta-pe-noul-sef-al-nato-olandezul-mark-rutte-france-presse\/#primaryimage"},"thumbnailUrl":"https:\/\/carpathiacenter.ro\/wp-content\/uploads\/2024\/09\/index-1.webp","datePublished":"2024-09-30T12:12:18+00:00","breadcrumb":{"@id":"https:\/\/carpathiacenter.ro\/cele-cinci-provocari-care-il-asteapta-pe-noul-sef-al-nato-olandezul-mark-rutte-france-presse\/#breadcrumb"},"inLanguage":"en-GB","potentialAction":[{"@type":"ReadAction","target":["https:\/\/carpathiacenter.ro\/cele-cinci-provocari-care-il-asteapta-pe-noul-sef-al-nato-olandezul-mark-rutte-france-presse\/"]}]},{"@type":"ImageObject","inLanguage":"en-GB","@id":"https:\/\/carpathiacenter.ro\/cele-cinci-provocari-care-il-asteapta-pe-noul-sef-al-nato-olandezul-mark-rutte-france-presse\/#primaryimage","url":"https:\/\/carpathiacenter.ro\/wp-content\/uploads\/2024\/09\/index-1.webp","contentUrl":"https:\/\/carpathiacenter.ro\/wp-content\/uploads\/2024\/09\/index-1.webp","width":700,"height":467},{"@type":"BreadcrumbList","@id":"https:\/\/carpathiacenter.ro\/cele-cinci-provocari-care-il-asteapta-pe-noul-sef-al-nato-olandezul-mark-rutte-france-presse\/#breadcrumb","itemListElement":[{"@type":"ListItem","position":1,"name":"Prima pagin\u0103","item":"https:\/\/carpathiacenter.ro\/"},{"@type":"ListItem","position":2,"name":"Cele cinci provoc\u0103ri care \u00eel a\u015fteapt\u0103 pe noul \u015fef al NATO, olandezul Mark Rutte (France Presse)"}]},{"@type":"WebSite","@id":"https:\/\/carpathiacenter.ro\/#website","url":"https:\/\/carpathiacenter.ro\/","name":"Carpathia Center Romania","description":"Impossible made possible!","publisher":{"@id":"https:\/\/carpathiacenter.ro\/#organization"},"potentialAction":[{"@type":"SearchAction","target":{"@type":"EntryPoint","urlTemplate":"https:\/\/carpathiacenter.ro\/?s={search_term_string}"},"query-input":{"@type":"PropertyValueSpecification","valueRequired":true,"valueName":"search_term_string"}}],"inLanguage":"en-GB"},{"@type":"Organization","@id":"https:\/\/carpathiacenter.ro\/#organization","name":"Carpathia Center Romania","url":"https:\/\/carpathiacenter.ro\/","logo":{"@type":"ImageObject","inLanguage":"en-GB","@id":"https:\/\/carpathiacenter.ro\/#\/schema\/logo\/image\/","url":"https:\/\/carpathiacenter.ro\/wp-content\/uploads\/2024\/07\/logo-carpathia_bg_white-1024x941.png","contentUrl":"https:\/\/carpathiacenter.ro\/wp-content\/uploads\/2024\/07\/logo-carpathia_bg_white-1024x941.png","width":1024,"height":941,"caption":"Carpathia Center Romania"},"image":{"@id":"https:\/\/carpathiacenter.ro\/#\/schema\/logo\/image\/"},"sameAs":["https:\/\/www.facebook.com\/fdpscarpathia\/"]},{"@type":"Person","@id":"https:\/\/carpathiacenter.ro\/#\/schema\/person\/03d9f58202fee8379268f34afa195006","name":"creativebitsolutions","image":{"@type":"ImageObject","inLanguage":"en-GB","@id":"https:\/\/carpathiacenter.ro\/#\/schema\/person\/image\/","url":"https:\/\/secure.gravatar.com\/avatar\/1b1a13e37f847c635dab78348f1dff2f07651ee2a3d77a5c355a4b8c75f9165a?s=96&d=mm&r=g","contentUrl":"https:\/\/secure.gravatar.com\/avatar\/1b1a13e37f847c635dab78348f1dff2f07651ee2a3d77a5c355a4b8c75f9165a?s=96&d=mm&r=g","caption":"creativebitsolutions"},"url":"https:\/\/carpathiacenter.ro\/en\/author\/creativebitsolutions\/"}]}},"_links":{"self":[{"href":"https:\/\/carpathiacenter.ro\/en\/wp-json\/wp\/v2\/posts\/1333","targetHints":{"allow":["GET"]}}],"collection":[{"href":"https:\/\/carpathiacenter.ro\/en\/wp-json\/wp\/v2\/posts"}],"about":[{"href":"https:\/\/carpathiacenter.ro\/en\/wp-json\/wp\/v2\/types\/post"}],"author":[{"embeddable":true,"href":"https:\/\/carpathiacenter.ro\/en\/wp-json\/wp\/v2\/users\/4"}],"replies":[{"embeddable":true,"href":"https:\/\/carpathiacenter.ro\/en\/wp-json\/wp\/v2\/comments?post=1333"}],"version-history":[{"count":1,"href":"https:\/\/carpathiacenter.ro\/en\/wp-json\/wp\/v2\/posts\/1333\/revisions"}],"predecessor-version":[{"id":1337,"href":"https:\/\/carpathiacenter.ro\/en\/wp-json\/wp\/v2\/posts\/1333\/revisions\/1337"}],"wp:featuredmedia":[{"embeddable":true,"href":"https:\/\/carpathiacenter.ro\/en\/wp-json\/wp\/v2\/media\/1335"}],"wp:attachment":[{"href":"https:\/\/carpathiacenter.ro\/en\/wp-json\/wp\/v2\/media?parent=1333"}],"wp:term":[{"taxonomy":"category","embeddable":true,"href":"https:\/\/carpathiacenter.ro\/en\/wp-json\/wp\/v2\/categories?post=1333"},{"taxonomy":"post_tag","embeddable":true,"href":"https:\/\/carpathiacenter.ro\/en\/wp-json\/wp\/v2\/tags?post=1333"}],"curies":[{"name":"wp","href":"https:\/\/api.w.org\/{rel}","templated":true}]}}