{"id":1317,"date":"2024-09-25T13:40:06","date_gmt":"2024-09-25T13:40:06","guid":{"rendered":"https:\/\/carpathiacenter.ro\/?p=1317"},"modified":"2024-09-25T13:40:06","modified_gmt":"2024-09-25T13:40:06","slug":"casa-verde-fotovoltaice-2024-pentru-persoane-fizice-demareaza-pe-27-septembrie-se-va-finanta-si-stocarea-energiei","status":"publish","type":"post","link":"https:\/\/carpathiacenter.ro\/en\/casa-verde-fotovoltaice-2024-pentru-persoane-fizice-demareaza-pe-27-septembrie-se-va-finanta-si-stocarea-energiei\/","title":{"rendered":"&#8221;Casa Verde Fotovoltaice 2024&#8221; pentru persoane fizice demareaz\u0103 pe 27 septembrie; se va finan\u0163a \u015fi stocarea energiei"},"content":{"rendered":"<div class=\"description_articol\">\n<p>Sesiunea 2024 de finan\u0163are pentru \u00eenscrierea solicitan\u0163ilor persoane fizice \u00een cadrul Programului &#8220;Casa Verde Fotovoltaice&#8221; se va derula \u00een perioada 27 septembrie &#8211; 8 octombrie, cu etape de c\u00e2te o zi pentru fiecare regiune sau p\u00e2n\u0103 la epuizarea bugetului aferent fiec\u0103rei regiuni, informeaz\u0103 Administra\u0163ia Fondului pentru Mediu (AFM), \u00eentr-un comunicat de pres\u0103 transmis, mar\u0163i, AGERPRES.<\/p>\n<p>\u00cen acela\u015fi timp, unit\u0103\u0163ile de cult se vor putea \u00eenscrie \u00een program pe data de 9 octombrie 2024, de la ora 10:00, sau p\u00e2n\u0103 la epuizarea bugetului.<\/p>\n<p>&#8220;\u00cen anul 2024, Administra\u0163ia Fondului pentru Mediu lanseaz\u0103 sesiunea de \u00eenscriere cu un buget record de aproximativ dou\u0103 miliarde de lei. Scopul nostru este s\u0103 facilit\u0103m accesul unui num\u0103r c\u00e2t mai mare de beneficiari la finan\u0163area oferit\u0103 prin acest program. Ne dorim s\u0103 asigur\u0103m resursele necesare pentru a sprijini implementarea sistemelor de panouri fotovoltaice \u00een alte aproximativ 67.000 de gospod\u0103rii, astfel c\u0103, dup\u0103 aceast\u0103 sesiune vom putea discuta despre aproximativ 200.000 de gospod\u0103rii care \u00ee\u015fi vor reduce costul facturii la energie electric\u0103 \u015fi care vor utiliza energie verde. Sesiunea din 2024 aduce nout\u0103\u0163i deosebit de importante \u00een cadrul Programului. Este vorba despre finan\u0163area instala\u0163iilor pentru stocarea energiei electrice produse de panourile fotovoltaice, o m\u0103sur\u0103 esen\u0163ial\u0103 pentru maximizarea eficien\u0163ei \u015fi independen\u0163ei energetice a gospod\u0103riilor. Totodat\u0103, am crescut considerabil subven\u0163ia, de la 20.000 lei la 30.000 lei, oferind astfel un sprijin financiar mai mare pentru cei care doresc s\u0103 investeasc\u0103 \u00een energia verde&#8221;, a declarat, \u00een comunicatul citat, pre\u015fedintele AFM, Lauren\u0163iu-Adrian Neculaescu.<\/p>\n<p>Potrivit institu\u0163iei, conturile utilizatorilor pot fi create \u00eenainte de deschiderea oficial\u0103 a sesiunii de \u00eenscriere, ceea ce le va permite acestora s\u0103 se familiarizeze cu aplica\u0163ia \u015fi s\u0103 fie preg\u0103ti\u0163i \u00een avans. Astfel, \u00een ziua dedicat\u0103 \u00eenscrierii va fi necesar\u0103 doar \u00eenc\u0103rcarea documentelor solicitate.<\/p>\n<p>Solicitan\u0163ii se vor \u00eenscrie personal \u00een cadrul programului &#8220;Casa Verde Fotovoltaice 2024&#8221; prin intermediul aplica\u0163iei informatice, conform urm\u0103torului calendar: pe 27 septembrie &#8211; Regiunea Nord Vest (jude\u0163ele: Bihor, Bistri\u0163a-N\u0103s\u0103ud, Cluj, S\u0103laj, Satu Mare \u015fi Maramure\u015f) &#8211; buget de 274,290 milioane de lei; 30 septembrie &#8211; Regiunea Centru (jude\u0163ele: Alba, Bra\u015fov, Covasna, Harghita, Mure\u015f \u015fi Sibiu), buget de 280,050 milioane de lei; 1 octombrie &#8211; Regiunea Nord Est (jude\u0163ele: Bac\u0103u, Boto\u015fani, Ia\u015fi, Neam\u0163, Suceava \u015fi Vaslui), buget de 319,380 milioane de lei; 2 octombrie &#8211; Regiunea Sud Est (jude\u0163ele: Br\u0103ila, Buz\u0103u, Constan\u0163a, Gala\u0163i, Vrancea \u015fi Tulcea), buget de 242,730 milioane de lei; 3 octombrie &#8211; Regiunea Sud Muntenia (jude\u0163ele: Arge\u015f, C\u0103l\u0103ra\u015fi, D\u00e2mbovi\u0163a, Giurgiu, Ialomi\u0163a, Prahova \u015fi Teleorman), buget de 321 milioane de lei; 4 octombrie &#8211; Regiunea Bucure\u015fti Ilfov, buget de 114,120 milioane de lei; 7 octombrie &#8211; Regiunea Sud Vest (jude\u0163ele: Dolj, Gorj, Mehedin\u0163i, Olt \u015fi V\u00e2lcea), buget de 199,2 milioane de lei; 8 octombrie &#8211; Regiunea Vest (jude\u0163ele: Arad, Cara\u015f-Severin, Hunedoara \u015fi Timi\u015f), buget de 229,110 milioane de lei.<\/p>\n<p>\u00cen cazul unit\u0103\u0163ilor de cult, alocarea bugetar\u0103 se ridic\u0103 la valoarea de 20,1 milioane de lei.<\/p>\n<p>Documentele pe care solicitantul persoan\u0103 fizic\u0103 trebuie s\u0103 le \u00eencarce \u00een aplica\u0163ie sunt: actul de identitate, valabil la data \u00eenscrierii \u00een aplica\u0163ie; certificatul de atestare fiscal\u0103 privind obliga\u0163iile de plat\u0103 c\u0103tre bugetul de stat de la ANAF; certificatul de atestare fiscal\u0103 privind impozitele \u015fi taxele locale \u015fi alte venituri ale bugetului local; extras de carte funciar\u0103, nu mai vechi de 60 de zile la data \u00eenscrierii \u00een aplica\u0163ie; copia c\u0103r\u0163ii funciare colective, dac\u0103 este cazul.<\/p>\n<p><strong>Potrivit sursei citate, solicitantul se poate \u00eenscrie o singur\u0103 dat\u0103 \u00een cadrul unei sesiuni de \u00eenscriere, pentru un singur imobil, iar proiectul se implementeaz\u0103 la adresa men\u0163ionat\u0103 ca domiciliu \u00een cartea de identitate.<\/strong><\/p>\n<p>Pentru unit\u0103\u0163ile de cult, documentele solicitate la \u00eenscrierea \u00een program sunt: certificatul de atestare fiscal\u0103 privind obliga\u0163iile de plat\u0103 c\u0103tre bugetul de stat de la ANAF; certificatul de atestare fiscal\u0103 privind impozitele \u015fi taxele locale \u015fi alte venituri ale bugetului local; extras de carte funciar\u0103, nu mai vechi de 60 de zile la data \u00eenscrierii \u00een aplica\u0163ie.<\/p>\n<p>\u015ei \u00een acest caz, unitatea de cult se poate \u00eenscrie o singur\u0103 dat\u0103 \u00een cadrul unei sesiuni, pentru un singur imobil.<\/p>\n<p>AFM precizeaz\u0103 c\u0103 aplica\u0163ia informatic\u0103 nu permite modificarea\/\u00eenlocuirea\/eliminarea documentelor \u00eenc\u0103rcate de c\u0103tre solicitant. AGERPRES\/(AS &#8211; autor: Daniel Badea, editor: Andreea Marinescu, editor online: Adrian D\u0103d\u00e2rlat)<\/p>\n<p>Sursa:<a href=\"https:\/\/www.agerpres.ro\/economic-intern\/2024\/09\/24\/casa-verde-fotovoltaice-2024-pentru-persoane-fizice-demareaza-pe-27-septembrie-se-va-finanta-si-stocarea-energiei--1359778\">https:\/\/www.agerpres.ro\/economic-intern\/2024\/09\/24\/casa-verde-fotovoltaice-2024-pentru-persoane-fizice-demareaza-pe-27-septembrie-se-va-finanta-si-stocarea-energiei&#8211;1359778<\/a><\/p>\n<\/div>","protected":false},"excerpt":{"rendered":"<p>Sesiunea 2024 de finan\u0163are pentru \u00eenscrierea solicitan\u0163ilor persoane fizice \u00een cadrul Programului &#8220;Casa Verde Fotovoltaice&#8221; se va derula \u00een perioada 27 septembrie &#8211; 8 octombrie, cu etape de c\u00e2te o zi pentru fiecare regiune sau p\u00e2n\u0103 la epuizarea bugetului aferent fiec\u0103rei regiuni, informeaz\u0103 Administra\u0163ia Fondului pentru Mediu (AFM), \u00eentr-un comunicat de pres\u0103 transmis, mar\u0163i, AGERPRES&#8230;.<\/p>","protected":false},"author":4,"featured_media":1319,"comment_status":"open","ping_status":"open","sticky":false,"template":"","format":"standard","meta":{"footnotes":""},"categories":[1],"tags":[],"class_list":["post-1317","post","type-post","status-publish","format-standard","has-post-thumbnail","hentry","category-uncategorized"],"yoast_head":"<!-- This site is optimized with the Yoast SEO plugin v26.1.1 - https:\/\/yoast.com\/wordpress\/plugins\/seo\/ -->\n<title>&#039;&#039;Casa Verde Fotovoltaice 2024&#039;&#039; pentru persoane fizice demareaz\u0103 pe 27 septembrie; se va finan\u0163a \u015fi stocarea energiei - Carpathia Center Romania<\/title>\n<meta name=\"robots\" content=\"index, follow, max-snippet:-1, max-image-preview:large, max-video-preview:-1\" \/>\n<link rel=\"canonical\" href=\"https:\/\/carpathiacenter.ro\/en\/casa-verde-fotovoltaice-2024-pentru-persoane-fizice-demareaza-pe-27-septembrie-se-va-finanta-si-stocarea-energiei\/\" \/>\n<meta property=\"og:locale\" content=\"en_GB\" \/>\n<meta property=\"og:type\" content=\"article\" \/>\n<meta property=\"og:title\" content=\"&#039;&#039;Casa Verde Fotovoltaice 2024&#039;&#039; pentru persoane fizice demareaz\u0103 pe 27 septembrie; se va finan\u0163a \u015fi stocarea energiei - Carpathia Center Romania\" \/>\n<meta property=\"og:description\" content=\"Sesiunea 2024 de finan\u0163are pentru \u00eenscrierea solicitan\u0163ilor persoane fizice \u00een cadrul Programului &#8220;Casa Verde Fotovoltaice&#8221; se va derula \u00een perioada 27 septembrie &#8211; 8 octombrie, cu etape de c\u00e2te o zi pentru fiecare regiune sau p\u00e2n\u0103 la epuizarea bugetului aferent fiec\u0103rei regiuni, informeaz\u0103 Administra\u0163ia Fondului pentru Mediu (AFM), \u00eentr-un comunicat de pres\u0103 transmis, mar\u0163i, AGERPRES....\" \/>\n<meta property=\"og:url\" content=\"https:\/\/carpathiacenter.ro\/en\/casa-verde-fotovoltaice-2024-pentru-persoane-fizice-demareaza-pe-27-septembrie-se-va-finanta-si-stocarea-energiei\/\" \/>\n<meta property=\"og:site_name\" content=\"Carpathia Center Romania\" \/>\n<meta property=\"article:publisher\" content=\"https:\/\/www.facebook.com\/fdpscarpathia\/\" \/>\n<meta property=\"article:published_time\" content=\"2024-09-25T13:40:06+00:00\" \/>\n<meta property=\"og:image\" content=\"https:\/\/carpathiacenter.ro\/wp-content\/uploads\/2024\/09\/casa-verde-fotovoltaice-2023-1000x600-1.jpg\" \/>\n\t<meta property=\"og:image:width\" content=\"1000\" \/>\n\t<meta property=\"og:image:height\" content=\"600\" \/>\n\t<meta property=\"og:image:type\" content=\"image\/jpeg\" \/>\n<meta name=\"author\" content=\"creativebitsolutions\" \/>\n<meta name=\"twitter:card\" content=\"summary_large_image\" \/>\n<meta name=\"twitter:label1\" content=\"Written by\" \/>\n\t<meta name=\"twitter:data1\" content=\"creativebitsolutions\" \/>\n\t<meta name=\"twitter:label2\" content=\"Estimated reading time\" \/>\n\t<meta name=\"twitter:data2\" content=\"4 minutes\" \/>\n<script type=\"application\/ld+json\" class=\"yoast-schema-graph\">{\"@context\":\"https:\/\/schema.org\",\"@graph\":[{\"@type\":\"Article\",\"@id\":\"https:\/\/carpathiacenter.ro\/casa-verde-fotovoltaice-2024-pentru-persoane-fizice-demareaza-pe-27-septembrie-se-va-finanta-si-stocarea-energiei\/#article\",\"isPartOf\":{\"@id\":\"https:\/\/carpathiacenter.ro\/casa-verde-fotovoltaice-2024-pentru-persoane-fizice-demareaza-pe-27-septembrie-se-va-finanta-si-stocarea-energiei\/\"},\"author\":{\"name\":\"creativebitsolutions\",\"@id\":\"https:\/\/carpathiacenter.ro\/#\/schema\/person\/03d9f58202fee8379268f34afa195006\"},\"headline\":\"&#8221;Casa Verde Fotovoltaice 2024&#8221; pentru persoane fizice demareaz\u0103 pe 27 septembrie; se va finan\u0163a \u015fi stocarea energiei\",\"datePublished\":\"2024-09-25T13:40:06+00:00\",\"mainEntityOfPage\":{\"@id\":\"https:\/\/carpathiacenter.ro\/casa-verde-fotovoltaice-2024-pentru-persoane-fizice-demareaza-pe-27-septembrie-se-va-finanta-si-stocarea-energiei\/\"},\"wordCount\":763,\"commentCount\":0,\"publisher\":{\"@id\":\"https:\/\/carpathiacenter.ro\/#organization\"},\"image\":{\"@id\":\"https:\/\/carpathiacenter.ro\/casa-verde-fotovoltaice-2024-pentru-persoane-fizice-demareaza-pe-27-septembrie-se-va-finanta-si-stocarea-energiei\/#primaryimage\"},\"thumbnailUrl\":\"https:\/\/carpathiacenter.ro\/wp-content\/uploads\/2024\/09\/casa-verde-fotovoltaice-2023-1000x600-1.jpg\",\"articleSection\":[\"Uncategorized\"],\"inLanguage\":\"en-GB\",\"potentialAction\":[{\"@type\":\"CommentAction\",\"name\":\"Comment\",\"target\":[\"https:\/\/carpathiacenter.ro\/casa-verde-fotovoltaice-2024-pentru-persoane-fizice-demareaza-pe-27-septembrie-se-va-finanta-si-stocarea-energiei\/#respond\"]}]},{\"@type\":\"WebPage\",\"@id\":\"https:\/\/carpathiacenter.ro\/casa-verde-fotovoltaice-2024-pentru-persoane-fizice-demareaza-pe-27-septembrie-se-va-finanta-si-stocarea-energiei\/\",\"url\":\"https:\/\/carpathiacenter.ro\/casa-verde-fotovoltaice-2024-pentru-persoane-fizice-demareaza-pe-27-septembrie-se-va-finanta-si-stocarea-energiei\/\",\"name\":\"''Casa Verde Fotovoltaice 2024'' pentru persoane fizice demareaz\u0103 pe 27 septembrie; se va finan\u0163a \u015fi stocarea energiei - Carpathia Center Romania\",\"isPartOf\":{\"@id\":\"https:\/\/carpathiacenter.ro\/#website\"},\"primaryImageOfPage\":{\"@id\":\"https:\/\/carpathiacenter.ro\/casa-verde-fotovoltaice-2024-pentru-persoane-fizice-demareaza-pe-27-septembrie-se-va-finanta-si-stocarea-energiei\/#primaryimage\"},\"image\":{\"@id\":\"https:\/\/carpathiacenter.ro\/casa-verde-fotovoltaice-2024-pentru-persoane-fizice-demareaza-pe-27-septembrie-se-va-finanta-si-stocarea-energiei\/#primaryimage\"},\"thumbnailUrl\":\"https:\/\/carpathiacenter.ro\/wp-content\/uploads\/2024\/09\/casa-verde-fotovoltaice-2023-1000x600-1.jpg\",\"datePublished\":\"2024-09-25T13:40:06+00:00\",\"breadcrumb\":{\"@id\":\"https:\/\/carpathiacenter.ro\/casa-verde-fotovoltaice-2024-pentru-persoane-fizice-demareaza-pe-27-septembrie-se-va-finanta-si-stocarea-energiei\/#breadcrumb\"},\"inLanguage\":\"en-GB\",\"potentialAction\":[{\"@type\":\"ReadAction\",\"target\":[\"https:\/\/carpathiacenter.ro\/casa-verde-fotovoltaice-2024-pentru-persoane-fizice-demareaza-pe-27-septembrie-se-va-finanta-si-stocarea-energiei\/\"]}]},{\"@type\":\"ImageObject\",\"inLanguage\":\"en-GB\",\"@id\":\"https:\/\/carpathiacenter.ro\/casa-verde-fotovoltaice-2024-pentru-persoane-fizice-demareaza-pe-27-septembrie-se-va-finanta-si-stocarea-energiei\/#primaryimage\",\"url\":\"https:\/\/carpathiacenter.ro\/wp-content\/uploads\/2024\/09\/casa-verde-fotovoltaice-2023-1000x600-1.jpg\",\"contentUrl\":\"https:\/\/carpathiacenter.ro\/wp-content\/uploads\/2024\/09\/casa-verde-fotovoltaice-2023-1000x600-1.jpg\",\"width\":1000,\"height\":600},{\"@type\":\"BreadcrumbList\",\"@id\":\"https:\/\/carpathiacenter.ro\/casa-verde-fotovoltaice-2024-pentru-persoane-fizice-demareaza-pe-27-septembrie-se-va-finanta-si-stocarea-energiei\/#breadcrumb\",\"itemListElement\":[{\"@type\":\"ListItem\",\"position\":1,\"name\":\"Prima pagin\u0103\",\"item\":\"https:\/\/carpathiacenter.ro\/\"},{\"@type\":\"ListItem\",\"position\":2,\"name\":\"&#8221;Casa Verde Fotovoltaice 2024&#8221; pentru persoane fizice demareaz\u0103 pe 27 septembrie; se va finan\u0163a \u015fi stocarea energiei\"}]},{\"@type\":\"WebSite\",\"@id\":\"https:\/\/carpathiacenter.ro\/#website\",\"url\":\"https:\/\/carpathiacenter.ro\/\",\"name\":\"Carpathia Center Romania\",\"description\":\"Impossible made possible!\",\"publisher\":{\"@id\":\"https:\/\/carpathiacenter.ro\/#organization\"},\"potentialAction\":[{\"@type\":\"SearchAction\",\"target\":{\"@type\":\"EntryPoint\",\"urlTemplate\":\"https:\/\/carpathiacenter.ro\/?s={search_term_string}\"},\"query-input\":{\"@type\":\"PropertyValueSpecification\",\"valueRequired\":true,\"valueName\":\"search_term_string\"}}],\"inLanguage\":\"en-GB\"},{\"@type\":\"Organization\",\"@id\":\"https:\/\/carpathiacenter.ro\/#organization\",\"name\":\"Carpathia Center Romania\",\"url\":\"https:\/\/carpathiacenter.ro\/\",\"logo\":{\"@type\":\"ImageObject\",\"inLanguage\":\"en-GB\",\"@id\":\"https:\/\/carpathiacenter.ro\/#\/schema\/logo\/image\/\",\"url\":\"https:\/\/carpathiacenter.ro\/wp-content\/uploads\/2024\/07\/logo-carpathia_bg_white-1024x941.png\",\"contentUrl\":\"https:\/\/carpathiacenter.ro\/wp-content\/uploads\/2024\/07\/logo-carpathia_bg_white-1024x941.png\",\"width\":1024,\"height\":941,\"caption\":\"Carpathia Center Romania\"},\"image\":{\"@id\":\"https:\/\/carpathiacenter.ro\/#\/schema\/logo\/image\/\"},\"sameAs\":[\"https:\/\/www.facebook.com\/fdpscarpathia\/\"]},{\"@type\":\"Person\",\"@id\":\"https:\/\/carpathiacenter.ro\/#\/schema\/person\/03d9f58202fee8379268f34afa195006\",\"name\":\"creativebitsolutions\",\"image\":{\"@type\":\"ImageObject\",\"inLanguage\":\"en-GB\",\"@id\":\"https:\/\/carpathiacenter.ro\/#\/schema\/person\/image\/\",\"url\":\"https:\/\/secure.gravatar.com\/avatar\/1b1a13e37f847c635dab78348f1dff2f07651ee2a3d77a5c355a4b8c75f9165a?s=96&d=mm&r=g\",\"contentUrl\":\"https:\/\/secure.gravatar.com\/avatar\/1b1a13e37f847c635dab78348f1dff2f07651ee2a3d77a5c355a4b8c75f9165a?s=96&d=mm&r=g\",\"caption\":\"creativebitsolutions\"},\"url\":\"https:\/\/carpathiacenter.ro\/en\/author\/creativebitsolutions\/\"}]}<\/script>\n<!-- \/ Yoast SEO plugin. -->","yoast_head_json":{"title":"''Casa Verde Fotovoltaice 2024'' pentru persoane fizice demareaz\u0103 pe 27 septembrie; se va finan\u0163a \u015fi stocarea energiei - Carpathia Center Romania","robots":{"index":"index","follow":"follow","max-snippet":"max-snippet:-1","max-image-preview":"max-image-preview:large","max-video-preview":"max-video-preview:-1"},"canonical":"https:\/\/carpathiacenter.ro\/en\/casa-verde-fotovoltaice-2024-pentru-persoane-fizice-demareaza-pe-27-septembrie-se-va-finanta-si-stocarea-energiei\/","og_locale":"en_GB","og_type":"article","og_title":"''Casa Verde Fotovoltaice 2024'' pentru persoane fizice demareaz\u0103 pe 27 septembrie; se va finan\u0163a \u015fi stocarea energiei - Carpathia Center Romania","og_description":"Sesiunea 2024 de finan\u0163are pentru \u00eenscrierea solicitan\u0163ilor persoane fizice \u00een cadrul Programului &#8220;Casa Verde Fotovoltaice&#8221; se va derula \u00een perioada 27 septembrie &#8211; 8 octombrie, cu etape de c\u00e2te o zi pentru fiecare regiune sau p\u00e2n\u0103 la epuizarea bugetului aferent fiec\u0103rei regiuni, informeaz\u0103 Administra\u0163ia Fondului pentru Mediu (AFM), \u00eentr-un comunicat de pres\u0103 transmis, mar\u0163i, AGERPRES....","og_url":"https:\/\/carpathiacenter.ro\/en\/casa-verde-fotovoltaice-2024-pentru-persoane-fizice-demareaza-pe-27-septembrie-se-va-finanta-si-stocarea-energiei\/","og_site_name":"Carpathia Center Romania","article_publisher":"https:\/\/www.facebook.com\/fdpscarpathia\/","article_published_time":"2024-09-25T13:40:06+00:00","og_image":[{"width":1000,"height":600,"url":"https:\/\/carpathiacenter.ro\/wp-content\/uploads\/2024\/09\/casa-verde-fotovoltaice-2023-1000x600-1.jpg","type":"image\/jpeg"}],"author":"creativebitsolutions","twitter_card":"summary_large_image","twitter_misc":{"Written by":"creativebitsolutions","Estimated reading time":"4 minutes"},"schema":{"@context":"https:\/\/schema.org","@graph":[{"@type":"Article","@id":"https:\/\/carpathiacenter.ro\/casa-verde-fotovoltaice-2024-pentru-persoane-fizice-demareaza-pe-27-septembrie-se-va-finanta-si-stocarea-energiei\/#article","isPartOf":{"@id":"https:\/\/carpathiacenter.ro\/casa-verde-fotovoltaice-2024-pentru-persoane-fizice-demareaza-pe-27-septembrie-se-va-finanta-si-stocarea-energiei\/"},"author":{"name":"creativebitsolutions","@id":"https:\/\/carpathiacenter.ro\/#\/schema\/person\/03d9f58202fee8379268f34afa195006"},"headline":"&#8221;Casa Verde Fotovoltaice 2024&#8221; pentru persoane fizice demareaz\u0103 pe 27 septembrie; se va finan\u0163a \u015fi stocarea energiei","datePublished":"2024-09-25T13:40:06+00:00","mainEntityOfPage":{"@id":"https:\/\/carpathiacenter.ro\/casa-verde-fotovoltaice-2024-pentru-persoane-fizice-demareaza-pe-27-septembrie-se-va-finanta-si-stocarea-energiei\/"},"wordCount":763,"commentCount":0,"publisher":{"@id":"https:\/\/carpathiacenter.ro\/#organization"},"image":{"@id":"https:\/\/carpathiacenter.ro\/casa-verde-fotovoltaice-2024-pentru-persoane-fizice-demareaza-pe-27-septembrie-se-va-finanta-si-stocarea-energiei\/#primaryimage"},"thumbnailUrl":"https:\/\/carpathiacenter.ro\/wp-content\/uploads\/2024\/09\/casa-verde-fotovoltaice-2023-1000x600-1.jpg","articleSection":["Uncategorized"],"inLanguage":"en-GB","potentialAction":[{"@type":"CommentAction","name":"Comment","target":["https:\/\/carpathiacenter.ro\/casa-verde-fotovoltaice-2024-pentru-persoane-fizice-demareaza-pe-27-septembrie-se-va-finanta-si-stocarea-energiei\/#respond"]}]},{"@type":"WebPage","@id":"https:\/\/carpathiacenter.ro\/casa-verde-fotovoltaice-2024-pentru-persoane-fizice-demareaza-pe-27-septembrie-se-va-finanta-si-stocarea-energiei\/","url":"https:\/\/carpathiacenter.ro\/casa-verde-fotovoltaice-2024-pentru-persoane-fizice-demareaza-pe-27-septembrie-se-va-finanta-si-stocarea-energiei\/","name":"''Casa Verde Fotovoltaice 2024'' pentru persoane fizice demareaz\u0103 pe 27 septembrie; se va finan\u0163a \u015fi stocarea energiei - Carpathia Center Romania","isPartOf":{"@id":"https:\/\/carpathiacenter.ro\/#website"},"primaryImageOfPage":{"@id":"https:\/\/carpathiacenter.ro\/casa-verde-fotovoltaice-2024-pentru-persoane-fizice-demareaza-pe-27-septembrie-se-va-finanta-si-stocarea-energiei\/#primaryimage"},"image":{"@id":"https:\/\/carpathiacenter.ro\/casa-verde-fotovoltaice-2024-pentru-persoane-fizice-demareaza-pe-27-septembrie-se-va-finanta-si-stocarea-energiei\/#primaryimage"},"thumbnailUrl":"https:\/\/carpathiacenter.ro\/wp-content\/uploads\/2024\/09\/casa-verde-fotovoltaice-2023-1000x600-1.jpg","datePublished":"2024-09-25T13:40:06+00:00","breadcrumb":{"@id":"https:\/\/carpathiacenter.ro\/casa-verde-fotovoltaice-2024-pentru-persoane-fizice-demareaza-pe-27-septembrie-se-va-finanta-si-stocarea-energiei\/#breadcrumb"},"inLanguage":"en-GB","potentialAction":[{"@type":"ReadAction","target":["https:\/\/carpathiacenter.ro\/casa-verde-fotovoltaice-2024-pentru-persoane-fizice-demareaza-pe-27-septembrie-se-va-finanta-si-stocarea-energiei\/"]}]},{"@type":"ImageObject","inLanguage":"en-GB","@id":"https:\/\/carpathiacenter.ro\/casa-verde-fotovoltaice-2024-pentru-persoane-fizice-demareaza-pe-27-septembrie-se-va-finanta-si-stocarea-energiei\/#primaryimage","url":"https:\/\/carpathiacenter.ro\/wp-content\/uploads\/2024\/09\/casa-verde-fotovoltaice-2023-1000x600-1.jpg","contentUrl":"https:\/\/carpathiacenter.ro\/wp-content\/uploads\/2024\/09\/casa-verde-fotovoltaice-2023-1000x600-1.jpg","width":1000,"height":600},{"@type":"BreadcrumbList","@id":"https:\/\/carpathiacenter.ro\/casa-verde-fotovoltaice-2024-pentru-persoane-fizice-demareaza-pe-27-septembrie-se-va-finanta-si-stocarea-energiei\/#breadcrumb","itemListElement":[{"@type":"ListItem","position":1,"name":"Prima pagin\u0103","item":"https:\/\/carpathiacenter.ro\/"},{"@type":"ListItem","position":2,"name":"&#8221;Casa Verde Fotovoltaice 2024&#8221; pentru persoane fizice demareaz\u0103 pe 27 septembrie; se va finan\u0163a \u015fi stocarea energiei"}]},{"@type":"WebSite","@id":"https:\/\/carpathiacenter.ro\/#website","url":"https:\/\/carpathiacenter.ro\/","name":"Carpathia Center Romania","description":"Impossible made possible!","publisher":{"@id":"https:\/\/carpathiacenter.ro\/#organization"},"potentialAction":[{"@type":"SearchAction","target":{"@type":"EntryPoint","urlTemplate":"https:\/\/carpathiacenter.ro\/?s={search_term_string}"},"query-input":{"@type":"PropertyValueSpecification","valueRequired":true,"valueName":"search_term_string"}}],"inLanguage":"en-GB"},{"@type":"Organization","@id":"https:\/\/carpathiacenter.ro\/#organization","name":"Carpathia Center Romania","url":"https:\/\/carpathiacenter.ro\/","logo":{"@type":"ImageObject","inLanguage":"en-GB","@id":"https:\/\/carpathiacenter.ro\/#\/schema\/logo\/image\/","url":"https:\/\/carpathiacenter.ro\/wp-content\/uploads\/2024\/07\/logo-carpathia_bg_white-1024x941.png","contentUrl":"https:\/\/carpathiacenter.ro\/wp-content\/uploads\/2024\/07\/logo-carpathia_bg_white-1024x941.png","width":1024,"height":941,"caption":"Carpathia Center Romania"},"image":{"@id":"https:\/\/carpathiacenter.ro\/#\/schema\/logo\/image\/"},"sameAs":["https:\/\/www.facebook.com\/fdpscarpathia\/"]},{"@type":"Person","@id":"https:\/\/carpathiacenter.ro\/#\/schema\/person\/03d9f58202fee8379268f34afa195006","name":"creativebitsolutions","image":{"@type":"ImageObject","inLanguage":"en-GB","@id":"https:\/\/carpathiacenter.ro\/#\/schema\/person\/image\/","url":"https:\/\/secure.gravatar.com\/avatar\/1b1a13e37f847c635dab78348f1dff2f07651ee2a3d77a5c355a4b8c75f9165a?s=96&d=mm&r=g","contentUrl":"https:\/\/secure.gravatar.com\/avatar\/1b1a13e37f847c635dab78348f1dff2f07651ee2a3d77a5c355a4b8c75f9165a?s=96&d=mm&r=g","caption":"creativebitsolutions"},"url":"https:\/\/carpathiacenter.ro\/en\/author\/creativebitsolutions\/"}]}},"_links":{"self":[{"href":"https:\/\/carpathiacenter.ro\/en\/wp-json\/wp\/v2\/posts\/1317","targetHints":{"allow":["GET"]}}],"collection":[{"href":"https:\/\/carpathiacenter.ro\/en\/wp-json\/wp\/v2\/posts"}],"about":[{"href":"https:\/\/carpathiacenter.ro\/en\/wp-json\/wp\/v2\/types\/post"}],"author":[{"embeddable":true,"href":"https:\/\/carpathiacenter.ro\/en\/wp-json\/wp\/v2\/users\/4"}],"replies":[{"embeddable":true,"href":"https:\/\/carpathiacenter.ro\/en\/wp-json\/wp\/v2\/comments?post=1317"}],"version-history":[{"count":1,"href":"https:\/\/carpathiacenter.ro\/en\/wp-json\/wp\/v2\/posts\/1317\/revisions"}],"predecessor-version":[{"id":1321,"href":"https:\/\/carpathiacenter.ro\/en\/wp-json\/wp\/v2\/posts\/1317\/revisions\/1321"}],"wp:featuredmedia":[{"embeddable":true,"href":"https:\/\/carpathiacenter.ro\/en\/wp-json\/wp\/v2\/media\/1319"}],"wp:attachment":[{"href":"https:\/\/carpathiacenter.ro\/en\/wp-json\/wp\/v2\/media?parent=1317"}],"wp:term":[{"taxonomy":"category","embeddable":true,"href":"https:\/\/carpathiacenter.ro\/en\/wp-json\/wp\/v2\/categories?post=1317"},{"taxonomy":"post_tag","embeddable":true,"href":"https:\/\/carpathiacenter.ro\/en\/wp-json\/wp\/v2\/tags?post=1317"}],"curies":[{"name":"wp","href":"https:\/\/api.w.org\/{rel}","templated":true}]}}