{"id":1311,"date":"2024-09-24T11:10:11","date_gmt":"2024-09-24T11:10:11","guid":{"rendered":"https:\/\/carpathiacenter.ro\/?p=1311"},"modified":"2024-09-24T11:10:11","modified_gmt":"2024-09-24T11:10:11","slug":"andreea-negru-pefa-am-incercat-sa-sustinem-doamnele-in-ceea-ce-inseamna-evolutia-lor-nu-doar-in-societate-ci-si-in-politica","status":"publish","type":"post","link":"https:\/\/carpathiacenter.ro\/en\/andreea-negru-pefa-am-incercat-sa-sustinem-doamnele-in-ceea-ce-inseamna-evolutia-lor-nu-doar-in-societate-ci-si-in-politica\/","title":{"rendered":"Andreea Negru (PEFA): Am \u00eencercat s\u0103 sus\u0163inem doamnele \u00een ceea ce \u00eenseamn\u0103 evolu\u0163ia lor nu doar \u00een societate, ci \u015fi \u00een politic\u0103"},"content":{"rendered":"<div class=\"description_articol\">\n<p>Patronatul European al Femeilor de Afaceri (PEFA) are \u00een curs de semnare un protocol de colaborare cu Oficiul Na\u0163ional pentru Jocuri de Noroc, pentru con\u015ftientizarea a ceea ce \u00eenseamn\u0103 responsabilitatea social\u0103, respectiv a importan\u0163ei adic\u0163iilor \u015fi a luptei \u00eempotriva dependen\u0163ei de jocuri de noroc, a declarat, luni, pre\u015fedintele PEFA, Andreea Negru.<\/p>\n<p>&#8220;M\u0103 g\u00e2ndeam cum s\u0103-mi \u00eencep discursul de ast\u0103zi \u015fi, iat\u0103, m-am g\u00e2ndit c\u0103 fix \u00een aceast\u0103 sal\u0103, acum nou\u0103 luni, lansam Patronatul European al Femeilor de Afaceri, o organiza\u0163ie membr\u0103 a Consiliului Na\u0163ional al \u00centreprinderilor Private Mici \u015fi Mijlocii, singura confedera\u0163ie reprezentativ\u0103 la nivel na\u0163ional pentru IMM-uri. Am \u00eencercat s\u0103 fac o scurt\u0103 trecere \u00een revist\u0103 a ceea ce am realizat noi, \u015fi o spun cu m\u00e2ndrie, noi, doamnele \u015fi membrii no\u015ftri din PEFA, \u00een cele nou\u0103 luni. Ei bine, dup\u0103 \u00eent\u00e2lniri cu reprezentan\u0163ii Guvernului, noi am \u00eencercat s\u0103 solu\u0163ion\u0103m diversele probleme pe care le-am avut semnalate din partea mediului de afaceri. Am elaborat un proiect na\u0163ional numit &#8216;Rom\u00e2nia viitorului &#8211; o nou\u0103 abordare \u00een afaceri&#8217;, care a demarat la Banca Na\u0163ional\u0103 a Rom\u00e2niei cu o conferin\u0163\u0103, a\u015f spune eu, etalon pentru ceea ce \u00eenseamn\u0103 tendin\u0163ele macroeconomice 2024. Am avut trei piloni importan\u0163i economici \u00een care am \u00eencercat s\u0103 vedem care sunt tendin\u0163ele de evolu\u0163ie pentru acest an, respectiv macroeconomie, energie \u015fi antreprenoriat&#8221;, a sus\u0163inut Andreea Negru, la Gala Excelen\u0163a \u00een Business 2024, eveniment g\u0103zduit de Guvernul Rom\u00e2niei.<\/p>\n<p>Totodat\u0103, PEFA a promovat egalitatea de gen, rolul \u015fi performan\u0163a femeilor \u00een politic\u0103, \u00een via\u0163a public\u0103 \u015fi \u00een societate.<\/p>\n<p>&#8220;Am fost parte a proiectului CNIPMMR &#8211; vorbim despre regenerarea Rom\u00e2niei &#8211; unde am \u00eencercat s\u0103 mergem \u00een diverse jude\u0163e din \u0163ar\u0103, lu\u00e2nd pulsul mediului de afaceri \u015fi promov\u00e2nd p\u00e2n\u0103 la urm\u0103 ceea ce facem noi prin prisma PEFA, respectiv egalitatea de gen, rolul \u015fi performan\u0163a doamnelor \u00een politic\u0103, via\u0163a public\u0103 \u015fi societate. De asemenea, am avut parteneriate \u015fi am \u00eencheiat parteneriat de colaborare cu institu\u0163ii importante din Rom\u00e2nia &#8211; vorbim de Ministerul Economiei, Antreprenoriatului \u015fi Turismului &#8211; am contribuit la ceea ce \u00eenseamn\u0103 programul &#8216;Femeia antreprenor&#8217;. \u00cempreun\u0103 cu Agen\u0163ia Na\u0163ional\u0103 pentru Egalitatea de \u015eanse \u00eentre Femei \u015fi B\u0103rba\u0163i, am semnat un memorandum de colaborare \u00een \u00eencercarea de a promova ceea ce \u00eenseamn\u0103 egalitatea de \u015fanse \u00eentre doamne \u015fi domni \u015fi sus\u0163inerea doamnelor de c\u0103tre domni \u015fi invers, de ce nu, a domnilor de c\u0103tre doamne. \u015ei, nu \u00een ultimul r\u00e2nd, avem \u00een curs de semnare \u015fi \u00een curs de \u00eencheiere un protocol de colaborare cu Oficiul Na\u0163ional pentru Jocuri de Noroc pentru a con\u015ftientiza ceea ce \u00eenseamn\u0103 responsabilitatea social\u0103, respectiv con\u015ftientizarea importan\u0163ei adic\u0163iilor \u015fi a luptei \u00eempotriva dependen\u0163ei de jocuri de noroc. Nu departe de toate aceste lucruri, am \u00eencercat s\u0103 sus\u0163inem doamnele \u00een ceea ce \u00eenseamn\u0103 evolu\u0163ia lor, nu doar \u00een societate, ci \u015fi \u00een politic\u0103&#8221;, a ad\u0103ugat pre\u015fedintele PEFA.<\/p>\n<p>Andreea Negru a precizat c\u0103 cea de-a treia edi\u0163ie a acestei gale este un concept nou, pentru c\u0103 au fost aduse \u00een aten\u0163ie \u015fi companiile na\u0163ionale care au dovedit c\u0103 pot face performan\u0163\u0103.<\/p>\n<p>&#8220;Iat\u0103-ne ajun\u015fi la a 3-a edi\u0163ie a Galei Excelen\u0163a \u00een Business, un concept nou, a\u015f spune, \u00een acest an, pentru c\u0103, al\u0103turi de mediul privat, am adus \u00een aten\u0163ia dumneavoastr\u0103 companiile na\u0163ionale, dar \u015fi institu\u0163ii ale statului care dovedesc c\u0103 pot face performan\u0163\u0103 \u00een condi\u0163ii favorabile sau mai pu\u0163in favorabile, \u00een func\u0163ie de domeniile de activitate. Ast\u0103zi suntem aici pentru a aplauda performan\u0163a, pentru a con\u015ftientiza faptul c\u0103, \u00eempreun\u0103 cu reprezentan\u0163ii guvernamentali, cu autorit\u0103\u0163ile publice centrale \u015fi locale, cu mediul de afaceri privat \u015fi cu companiile na\u0163ionale, putem contribui la dezvoltarea economic\u0103 durabil\u0103 \u015fi sustenabil\u0103&#8221;, a subliniat ea.<\/p>\n<p>Patronatul European al Femeilor de Afaceri (PEFA) a organizat, luni, Gala Excelen\u0163a \u00een Business 2024, un eveniment de referin\u0163\u0103 pentru mediul de afaceri rom\u00e2nesc, av\u00e2nd un rol crucial \u00een promovarea celor mai bune exemple de reu\u015fit\u0103 din economia na\u0163ional\u0103.<\/p>\n<p>Evenimentul a fost g\u0103zduit de Guvernul Rom\u00e2niei \u015fi a oferit o platform\u0103 unic\u0103 pentru recunoa\u015fterea \u015fi celebrarea companiilor, institu\u0163iilor publice \u015fi antreprenorilor care au demonstrat performan\u0163\u0103, inova\u0163ie \u015fi sustenabilitate \u00een activitatea lor.<\/p>\n<p>Gala Excelen\u0163a \u00een Business, aflat\u0103 la a treia edi\u0163ie, serve\u015fte ca un barometru al economiei rom\u00e2ne\u015fti, oferind o imagine clar\u0103 asupra celor mai performante sectoare, companii \u015fi institu\u0163ii. Pe l\u00e2ng\u0103 aspectele economice \u015fi comerciale, Gala joac\u0103 un rol important \u00een promovarea unui climat de afaceri etic \u015fi responsabil. Prin recunoa\u015fterea celor care au un impact pozitiv asupra societ\u0103\u0163ii, evenimentul \u00eencurajeaz\u0103 practicile sustenabile \u015fi r\u0103spunde nevoii tot mai mari de a \u00eembina succesul economic cu responsabilitatea social\u0103.<\/p>\n<p><strong>Agen\u0163ia Na\u0163ional\u0103 de Pres\u0103 AGERPRES a fost unul dintre partenerii media ai evenimentului. <\/strong>AGERPRES\/(A &#8211; autor: Oana Tilic\u0103, editor: Andreea Marinescu, editor online: Anda Badea)<\/p>\n<p>&nbsp;<\/p>\n<p>Sursa: <a href=\"https:\/\/www.agerpres.ro\/economic-intern\/2024\/09\/23\/andreea-negru-pefa-am-incercat-sa-sustinem-doamnele-in-ceea-ce-inseamna-evolutia-lor-nu-doar-in-societate-ci-si-in-politica--1359258\">https:\/\/www.agerpres.ro\/economic-intern\/2024\/09\/23\/andreea-negru-pefa-am-incercat-sa-sustinem-doamnele-in-ceea-ce-inseamna-evolutia-lor-nu-doar-in-societate-ci-si-in-politica&#8211;1359258<\/a><\/p>\n<\/div>","protected":false},"excerpt":{"rendered":"<p>Patronatul European al Femeilor de Afaceri (PEFA) are \u00een curs de semnare un protocol de colaborare cu Oficiul Na\u0163ional pentru Jocuri de Noroc, pentru con\u015ftientizarea a ceea ce \u00eenseamn\u0103 responsabilitatea social\u0103, respectiv a importan\u0163ei adic\u0163iilor \u015fi a luptei \u00eempotriva dependen\u0163ei de jocuri de noroc, a declarat, luni, pre\u015fedintele PEFA, Andreea Negru. &#8220;M\u0103 g\u00e2ndeam cum s\u0103-mi&#8230;<\/p>","protected":false},"author":4,"featured_media":1312,"comment_status":"open","ping_status":"open","sticky":false,"template":"","format":"standard","meta":{"footnotes":""},"categories":[1],"tags":[],"class_list":["post-1311","post","type-post","status-publish","format-standard","has-post-thumbnail","hentry","category-uncategorized"],"yoast_head":"<!-- This site is optimized with the Yoast SEO plugin v26.1.1 - https:\/\/yoast.com\/wordpress\/plugins\/seo\/ -->\n<title>Andreea Negru (PEFA): Am \u00eencercat s\u0103 sus\u0163inem doamnele \u00een ceea ce \u00eenseamn\u0103 evolu\u0163ia lor nu doar \u00een societate, ci \u015fi \u00een politic\u0103 - Carpathia Center Romania<\/title>\n<meta name=\"robots\" content=\"index, follow, max-snippet:-1, max-image-preview:large, max-video-preview:-1\" \/>\n<link rel=\"canonical\" href=\"https:\/\/carpathiacenter.ro\/en\/andreea-negru-pefa-am-incercat-sa-sustinem-doamnele-in-ceea-ce-inseamna-evolutia-lor-nu-doar-in-societate-ci-si-in-politica\/\" \/>\n<meta property=\"og:locale\" content=\"en_GB\" \/>\n<meta property=\"og:type\" content=\"article\" \/>\n<meta property=\"og:title\" content=\"Andreea Negru (PEFA): Am \u00eencercat s\u0103 sus\u0163inem doamnele \u00een ceea ce \u00eenseamn\u0103 evolu\u0163ia lor nu doar \u00een societate, ci \u015fi \u00een politic\u0103 - Carpathia Center Romania\" \/>\n<meta property=\"og:description\" content=\"Patronatul European al Femeilor de Afaceri (PEFA) are \u00een curs de semnare un protocol de colaborare cu Oficiul Na\u0163ional pentru Jocuri de Noroc, pentru con\u015ftientizarea a ceea ce \u00eenseamn\u0103 responsabilitatea social\u0103, respectiv a importan\u0163ei adic\u0163iilor \u015fi a luptei \u00eempotriva dependen\u0163ei de jocuri de noroc, a declarat, luni, pre\u015fedintele PEFA, Andreea Negru. &#8220;M\u0103 g\u00e2ndeam cum s\u0103-mi...\" \/>\n<meta property=\"og:url\" content=\"https:\/\/carpathiacenter.ro\/en\/andreea-negru-pefa-am-incercat-sa-sustinem-doamnele-in-ceea-ce-inseamna-evolutia-lor-nu-doar-in-societate-ci-si-in-politica\/\" \/>\n<meta property=\"og:site_name\" content=\"Carpathia Center Romania\" \/>\n<meta property=\"article:publisher\" content=\"https:\/\/www.facebook.com\/fdpscarpathia\/\" \/>\n<meta property=\"article:published_time\" content=\"2024-09-24T11:10:11+00:00\" \/>\n<meta property=\"og:image\" content=\"https:\/\/carpathiacenter.ro\/wp-content\/uploads\/2024\/09\/Andreea-Negru-e1703143715115.jpg\" \/>\n\t<meta property=\"og:image:width\" content=\"673\" \/>\n\t<meta property=\"og:image:height\" content=\"685\" \/>\n\t<meta property=\"og:image:type\" content=\"image\/jpeg\" \/>\n<meta name=\"author\" content=\"creativebitsolutions\" \/>\n<meta name=\"twitter:card\" content=\"summary_large_image\" \/>\n<meta name=\"twitter:label1\" content=\"Written by\" \/>\n\t<meta name=\"twitter:data1\" content=\"creativebitsolutions\" \/>\n\t<meta name=\"twitter:label2\" content=\"Estimated reading time\" \/>\n\t<meta name=\"twitter:data2\" content=\"4 minutes\" \/>\n<script type=\"application\/ld+json\" class=\"yoast-schema-graph\">{\"@context\":\"https:\/\/schema.org\",\"@graph\":[{\"@type\":\"Article\",\"@id\":\"https:\/\/carpathiacenter.ro\/andreea-negru-pefa-am-incercat-sa-sustinem-doamnele-in-ceea-ce-inseamna-evolutia-lor-nu-doar-in-societate-ci-si-in-politica\/#article\",\"isPartOf\":{\"@id\":\"https:\/\/carpathiacenter.ro\/andreea-negru-pefa-am-incercat-sa-sustinem-doamnele-in-ceea-ce-inseamna-evolutia-lor-nu-doar-in-societate-ci-si-in-politica\/\"},\"author\":{\"name\":\"creativebitsolutions\",\"@id\":\"https:\/\/carpathiacenter.ro\/#\/schema\/person\/03d9f58202fee8379268f34afa195006\"},\"headline\":\"Andreea Negru (PEFA): Am \u00eencercat s\u0103 sus\u0163inem doamnele \u00een ceea ce \u00eenseamn\u0103 evolu\u0163ia lor nu doar \u00een societate, ci \u015fi \u00een politic\u0103\",\"datePublished\":\"2024-09-24T11:10:11+00:00\",\"mainEntityOfPage\":{\"@id\":\"https:\/\/carpathiacenter.ro\/andreea-negru-pefa-am-incercat-sa-sustinem-doamnele-in-ceea-ce-inseamna-evolutia-lor-nu-doar-in-societate-ci-si-in-politica\/\"},\"wordCount\":896,\"commentCount\":0,\"publisher\":{\"@id\":\"https:\/\/carpathiacenter.ro\/#organization\"},\"image\":{\"@id\":\"https:\/\/carpathiacenter.ro\/andreea-negru-pefa-am-incercat-sa-sustinem-doamnele-in-ceea-ce-inseamna-evolutia-lor-nu-doar-in-societate-ci-si-in-politica\/#primaryimage\"},\"thumbnailUrl\":\"https:\/\/carpathiacenter.ro\/wp-content\/uploads\/2024\/09\/Andreea-Negru-e1703143715115.jpg\",\"articleSection\":[\"Uncategorized\"],\"inLanguage\":\"en-GB\",\"potentialAction\":[{\"@type\":\"CommentAction\",\"name\":\"Comment\",\"target\":[\"https:\/\/carpathiacenter.ro\/andreea-negru-pefa-am-incercat-sa-sustinem-doamnele-in-ceea-ce-inseamna-evolutia-lor-nu-doar-in-societate-ci-si-in-politica\/#respond\"]}]},{\"@type\":\"WebPage\",\"@id\":\"https:\/\/carpathiacenter.ro\/andreea-negru-pefa-am-incercat-sa-sustinem-doamnele-in-ceea-ce-inseamna-evolutia-lor-nu-doar-in-societate-ci-si-in-politica\/\",\"url\":\"https:\/\/carpathiacenter.ro\/andreea-negru-pefa-am-incercat-sa-sustinem-doamnele-in-ceea-ce-inseamna-evolutia-lor-nu-doar-in-societate-ci-si-in-politica\/\",\"name\":\"Andreea Negru (PEFA): Am \u00eencercat s\u0103 sus\u0163inem doamnele \u00een ceea ce \u00eenseamn\u0103 evolu\u0163ia lor nu doar \u00een societate, ci \u015fi \u00een politic\u0103 - Carpathia Center Romania\",\"isPartOf\":{\"@id\":\"https:\/\/carpathiacenter.ro\/#website\"},\"primaryImageOfPage\":{\"@id\":\"https:\/\/carpathiacenter.ro\/andreea-negru-pefa-am-incercat-sa-sustinem-doamnele-in-ceea-ce-inseamna-evolutia-lor-nu-doar-in-societate-ci-si-in-politica\/#primaryimage\"},\"image\":{\"@id\":\"https:\/\/carpathiacenter.ro\/andreea-negru-pefa-am-incercat-sa-sustinem-doamnele-in-ceea-ce-inseamna-evolutia-lor-nu-doar-in-societate-ci-si-in-politica\/#primaryimage\"},\"thumbnailUrl\":\"https:\/\/carpathiacenter.ro\/wp-content\/uploads\/2024\/09\/Andreea-Negru-e1703143715115.jpg\",\"datePublished\":\"2024-09-24T11:10:11+00:00\",\"breadcrumb\":{\"@id\":\"https:\/\/carpathiacenter.ro\/andreea-negru-pefa-am-incercat-sa-sustinem-doamnele-in-ceea-ce-inseamna-evolutia-lor-nu-doar-in-societate-ci-si-in-politica\/#breadcrumb\"},\"inLanguage\":\"en-GB\",\"potentialAction\":[{\"@type\":\"ReadAction\",\"target\":[\"https:\/\/carpathiacenter.ro\/andreea-negru-pefa-am-incercat-sa-sustinem-doamnele-in-ceea-ce-inseamna-evolutia-lor-nu-doar-in-societate-ci-si-in-politica\/\"]}]},{\"@type\":\"ImageObject\",\"inLanguage\":\"en-GB\",\"@id\":\"https:\/\/carpathiacenter.ro\/andreea-negru-pefa-am-incercat-sa-sustinem-doamnele-in-ceea-ce-inseamna-evolutia-lor-nu-doar-in-societate-ci-si-in-politica\/#primaryimage\",\"url\":\"https:\/\/carpathiacenter.ro\/wp-content\/uploads\/2024\/09\/Andreea-Negru-e1703143715115.jpg\",\"contentUrl\":\"https:\/\/carpathiacenter.ro\/wp-content\/uploads\/2024\/09\/Andreea-Negru-e1703143715115.jpg\",\"width\":673,\"height\":685},{\"@type\":\"BreadcrumbList\",\"@id\":\"https:\/\/carpathiacenter.ro\/andreea-negru-pefa-am-incercat-sa-sustinem-doamnele-in-ceea-ce-inseamna-evolutia-lor-nu-doar-in-societate-ci-si-in-politica\/#breadcrumb\",\"itemListElement\":[{\"@type\":\"ListItem\",\"position\":1,\"name\":\"Prima pagin\u0103\",\"item\":\"https:\/\/carpathiacenter.ro\/\"},{\"@type\":\"ListItem\",\"position\":2,\"name\":\"Andreea Negru (PEFA): Am \u00eencercat s\u0103 sus\u0163inem doamnele \u00een ceea ce \u00eenseamn\u0103 evolu\u0163ia lor nu doar \u00een societate, ci \u015fi \u00een politic\u0103\"}]},{\"@type\":\"WebSite\",\"@id\":\"https:\/\/carpathiacenter.ro\/#website\",\"url\":\"https:\/\/carpathiacenter.ro\/\",\"name\":\"Carpathia Center Romania\",\"description\":\"Impossible made possible!\",\"publisher\":{\"@id\":\"https:\/\/carpathiacenter.ro\/#organization\"},\"potentialAction\":[{\"@type\":\"SearchAction\",\"target\":{\"@type\":\"EntryPoint\",\"urlTemplate\":\"https:\/\/carpathiacenter.ro\/?s={search_term_string}\"},\"query-input\":{\"@type\":\"PropertyValueSpecification\",\"valueRequired\":true,\"valueName\":\"search_term_string\"}}],\"inLanguage\":\"en-GB\"},{\"@type\":\"Organization\",\"@id\":\"https:\/\/carpathiacenter.ro\/#organization\",\"name\":\"Carpathia Center Romania\",\"url\":\"https:\/\/carpathiacenter.ro\/\",\"logo\":{\"@type\":\"ImageObject\",\"inLanguage\":\"en-GB\",\"@id\":\"https:\/\/carpathiacenter.ro\/#\/schema\/logo\/image\/\",\"url\":\"https:\/\/carpathiacenter.ro\/wp-content\/uploads\/2024\/07\/logo-carpathia_bg_white-1024x941.png\",\"contentUrl\":\"https:\/\/carpathiacenter.ro\/wp-content\/uploads\/2024\/07\/logo-carpathia_bg_white-1024x941.png\",\"width\":1024,\"height\":941,\"caption\":\"Carpathia Center Romania\"},\"image\":{\"@id\":\"https:\/\/carpathiacenter.ro\/#\/schema\/logo\/image\/\"},\"sameAs\":[\"https:\/\/www.facebook.com\/fdpscarpathia\/\"]},{\"@type\":\"Person\",\"@id\":\"https:\/\/carpathiacenter.ro\/#\/schema\/person\/03d9f58202fee8379268f34afa195006\",\"name\":\"creativebitsolutions\",\"image\":{\"@type\":\"ImageObject\",\"inLanguage\":\"en-GB\",\"@id\":\"https:\/\/carpathiacenter.ro\/#\/schema\/person\/image\/\",\"url\":\"https:\/\/secure.gravatar.com\/avatar\/1b1a13e37f847c635dab78348f1dff2f07651ee2a3d77a5c355a4b8c75f9165a?s=96&d=mm&r=g\",\"contentUrl\":\"https:\/\/secure.gravatar.com\/avatar\/1b1a13e37f847c635dab78348f1dff2f07651ee2a3d77a5c355a4b8c75f9165a?s=96&d=mm&r=g\",\"caption\":\"creativebitsolutions\"},\"url\":\"https:\/\/carpathiacenter.ro\/en\/author\/creativebitsolutions\/\"}]}<\/script>\n<!-- \/ Yoast SEO plugin. -->","yoast_head_json":{"title":"Andreea Negru (PEFA): Am \u00eencercat s\u0103 sus\u0163inem doamnele \u00een ceea ce \u00eenseamn\u0103 evolu\u0163ia lor nu doar \u00een societate, ci \u015fi \u00een politic\u0103 - Carpathia Center Romania","robots":{"index":"index","follow":"follow","max-snippet":"max-snippet:-1","max-image-preview":"max-image-preview:large","max-video-preview":"max-video-preview:-1"},"canonical":"https:\/\/carpathiacenter.ro\/en\/andreea-negru-pefa-am-incercat-sa-sustinem-doamnele-in-ceea-ce-inseamna-evolutia-lor-nu-doar-in-societate-ci-si-in-politica\/","og_locale":"en_GB","og_type":"article","og_title":"Andreea Negru (PEFA): Am \u00eencercat s\u0103 sus\u0163inem doamnele \u00een ceea ce \u00eenseamn\u0103 evolu\u0163ia lor nu doar \u00een societate, ci \u015fi \u00een politic\u0103 - Carpathia Center Romania","og_description":"Patronatul European al Femeilor de Afaceri (PEFA) are \u00een curs de semnare un protocol de colaborare cu Oficiul Na\u0163ional pentru Jocuri de Noroc, pentru con\u015ftientizarea a ceea ce \u00eenseamn\u0103 responsabilitatea social\u0103, respectiv a importan\u0163ei adic\u0163iilor \u015fi a luptei \u00eempotriva dependen\u0163ei de jocuri de noroc, a declarat, luni, pre\u015fedintele PEFA, Andreea Negru. &#8220;M\u0103 g\u00e2ndeam cum s\u0103-mi...","og_url":"https:\/\/carpathiacenter.ro\/en\/andreea-negru-pefa-am-incercat-sa-sustinem-doamnele-in-ceea-ce-inseamna-evolutia-lor-nu-doar-in-societate-ci-si-in-politica\/","og_site_name":"Carpathia Center Romania","article_publisher":"https:\/\/www.facebook.com\/fdpscarpathia\/","article_published_time":"2024-09-24T11:10:11+00:00","og_image":[{"width":673,"height":685,"url":"https:\/\/carpathiacenter.ro\/wp-content\/uploads\/2024\/09\/Andreea-Negru-e1703143715115.jpg","type":"image\/jpeg"}],"author":"creativebitsolutions","twitter_card":"summary_large_image","twitter_misc":{"Written by":"creativebitsolutions","Estimated reading time":"4 minutes"},"schema":{"@context":"https:\/\/schema.org","@graph":[{"@type":"Article","@id":"https:\/\/carpathiacenter.ro\/andreea-negru-pefa-am-incercat-sa-sustinem-doamnele-in-ceea-ce-inseamna-evolutia-lor-nu-doar-in-societate-ci-si-in-politica\/#article","isPartOf":{"@id":"https:\/\/carpathiacenter.ro\/andreea-negru-pefa-am-incercat-sa-sustinem-doamnele-in-ceea-ce-inseamna-evolutia-lor-nu-doar-in-societate-ci-si-in-politica\/"},"author":{"name":"creativebitsolutions","@id":"https:\/\/carpathiacenter.ro\/#\/schema\/person\/03d9f58202fee8379268f34afa195006"},"headline":"Andreea Negru (PEFA): Am \u00eencercat s\u0103 sus\u0163inem doamnele \u00een ceea ce \u00eenseamn\u0103 evolu\u0163ia lor nu doar \u00een societate, ci \u015fi \u00een politic\u0103","datePublished":"2024-09-24T11:10:11+00:00","mainEntityOfPage":{"@id":"https:\/\/carpathiacenter.ro\/andreea-negru-pefa-am-incercat-sa-sustinem-doamnele-in-ceea-ce-inseamna-evolutia-lor-nu-doar-in-societate-ci-si-in-politica\/"},"wordCount":896,"commentCount":0,"publisher":{"@id":"https:\/\/carpathiacenter.ro\/#organization"},"image":{"@id":"https:\/\/carpathiacenter.ro\/andreea-negru-pefa-am-incercat-sa-sustinem-doamnele-in-ceea-ce-inseamna-evolutia-lor-nu-doar-in-societate-ci-si-in-politica\/#primaryimage"},"thumbnailUrl":"https:\/\/carpathiacenter.ro\/wp-content\/uploads\/2024\/09\/Andreea-Negru-e1703143715115.jpg","articleSection":["Uncategorized"],"inLanguage":"en-GB","potentialAction":[{"@type":"CommentAction","name":"Comment","target":["https:\/\/carpathiacenter.ro\/andreea-negru-pefa-am-incercat-sa-sustinem-doamnele-in-ceea-ce-inseamna-evolutia-lor-nu-doar-in-societate-ci-si-in-politica\/#respond"]}]},{"@type":"WebPage","@id":"https:\/\/carpathiacenter.ro\/andreea-negru-pefa-am-incercat-sa-sustinem-doamnele-in-ceea-ce-inseamna-evolutia-lor-nu-doar-in-societate-ci-si-in-politica\/","url":"https:\/\/carpathiacenter.ro\/andreea-negru-pefa-am-incercat-sa-sustinem-doamnele-in-ceea-ce-inseamna-evolutia-lor-nu-doar-in-societate-ci-si-in-politica\/","name":"Andreea Negru (PEFA): Am \u00eencercat s\u0103 sus\u0163inem doamnele \u00een ceea ce \u00eenseamn\u0103 evolu\u0163ia lor nu doar \u00een societate, ci \u015fi \u00een politic\u0103 - Carpathia Center Romania","isPartOf":{"@id":"https:\/\/carpathiacenter.ro\/#website"},"primaryImageOfPage":{"@id":"https:\/\/carpathiacenter.ro\/andreea-negru-pefa-am-incercat-sa-sustinem-doamnele-in-ceea-ce-inseamna-evolutia-lor-nu-doar-in-societate-ci-si-in-politica\/#primaryimage"},"image":{"@id":"https:\/\/carpathiacenter.ro\/andreea-negru-pefa-am-incercat-sa-sustinem-doamnele-in-ceea-ce-inseamna-evolutia-lor-nu-doar-in-societate-ci-si-in-politica\/#primaryimage"},"thumbnailUrl":"https:\/\/carpathiacenter.ro\/wp-content\/uploads\/2024\/09\/Andreea-Negru-e1703143715115.jpg","datePublished":"2024-09-24T11:10:11+00:00","breadcrumb":{"@id":"https:\/\/carpathiacenter.ro\/andreea-negru-pefa-am-incercat-sa-sustinem-doamnele-in-ceea-ce-inseamna-evolutia-lor-nu-doar-in-societate-ci-si-in-politica\/#breadcrumb"},"inLanguage":"en-GB","potentialAction":[{"@type":"ReadAction","target":["https:\/\/carpathiacenter.ro\/andreea-negru-pefa-am-incercat-sa-sustinem-doamnele-in-ceea-ce-inseamna-evolutia-lor-nu-doar-in-societate-ci-si-in-politica\/"]}]},{"@type":"ImageObject","inLanguage":"en-GB","@id":"https:\/\/carpathiacenter.ro\/andreea-negru-pefa-am-incercat-sa-sustinem-doamnele-in-ceea-ce-inseamna-evolutia-lor-nu-doar-in-societate-ci-si-in-politica\/#primaryimage","url":"https:\/\/carpathiacenter.ro\/wp-content\/uploads\/2024\/09\/Andreea-Negru-e1703143715115.jpg","contentUrl":"https:\/\/carpathiacenter.ro\/wp-content\/uploads\/2024\/09\/Andreea-Negru-e1703143715115.jpg","width":673,"height":685},{"@type":"BreadcrumbList","@id":"https:\/\/carpathiacenter.ro\/andreea-negru-pefa-am-incercat-sa-sustinem-doamnele-in-ceea-ce-inseamna-evolutia-lor-nu-doar-in-societate-ci-si-in-politica\/#breadcrumb","itemListElement":[{"@type":"ListItem","position":1,"name":"Prima pagin\u0103","item":"https:\/\/carpathiacenter.ro\/"},{"@type":"ListItem","position":2,"name":"Andreea Negru (PEFA): Am \u00eencercat s\u0103 sus\u0163inem doamnele \u00een ceea ce \u00eenseamn\u0103 evolu\u0163ia lor nu doar \u00een societate, ci \u015fi \u00een politic\u0103"}]},{"@type":"WebSite","@id":"https:\/\/carpathiacenter.ro\/#website","url":"https:\/\/carpathiacenter.ro\/","name":"Carpathia Center Romania","description":"Impossible made possible!","publisher":{"@id":"https:\/\/carpathiacenter.ro\/#organization"},"potentialAction":[{"@type":"SearchAction","target":{"@type":"EntryPoint","urlTemplate":"https:\/\/carpathiacenter.ro\/?s={search_term_string}"},"query-input":{"@type":"PropertyValueSpecification","valueRequired":true,"valueName":"search_term_string"}}],"inLanguage":"en-GB"},{"@type":"Organization","@id":"https:\/\/carpathiacenter.ro\/#organization","name":"Carpathia Center Romania","url":"https:\/\/carpathiacenter.ro\/","logo":{"@type":"ImageObject","inLanguage":"en-GB","@id":"https:\/\/carpathiacenter.ro\/#\/schema\/logo\/image\/","url":"https:\/\/carpathiacenter.ro\/wp-content\/uploads\/2024\/07\/logo-carpathia_bg_white-1024x941.png","contentUrl":"https:\/\/carpathiacenter.ro\/wp-content\/uploads\/2024\/07\/logo-carpathia_bg_white-1024x941.png","width":1024,"height":941,"caption":"Carpathia Center Romania"},"image":{"@id":"https:\/\/carpathiacenter.ro\/#\/schema\/logo\/image\/"},"sameAs":["https:\/\/www.facebook.com\/fdpscarpathia\/"]},{"@type":"Person","@id":"https:\/\/carpathiacenter.ro\/#\/schema\/person\/03d9f58202fee8379268f34afa195006","name":"creativebitsolutions","image":{"@type":"ImageObject","inLanguage":"en-GB","@id":"https:\/\/carpathiacenter.ro\/#\/schema\/person\/image\/","url":"https:\/\/secure.gravatar.com\/avatar\/1b1a13e37f847c635dab78348f1dff2f07651ee2a3d77a5c355a4b8c75f9165a?s=96&d=mm&r=g","contentUrl":"https:\/\/secure.gravatar.com\/avatar\/1b1a13e37f847c635dab78348f1dff2f07651ee2a3d77a5c355a4b8c75f9165a?s=96&d=mm&r=g","caption":"creativebitsolutions"},"url":"https:\/\/carpathiacenter.ro\/en\/author\/creativebitsolutions\/"}]}},"_links":{"self":[{"href":"https:\/\/carpathiacenter.ro\/en\/wp-json\/wp\/v2\/posts\/1311","targetHints":{"allow":["GET"]}}],"collection":[{"href":"https:\/\/carpathiacenter.ro\/en\/wp-json\/wp\/v2\/posts"}],"about":[{"href":"https:\/\/carpathiacenter.ro\/en\/wp-json\/wp\/v2\/types\/post"}],"author":[{"embeddable":true,"href":"https:\/\/carpathiacenter.ro\/en\/wp-json\/wp\/v2\/users\/4"}],"replies":[{"embeddable":true,"href":"https:\/\/carpathiacenter.ro\/en\/wp-json\/wp\/v2\/comments?post=1311"}],"version-history":[{"count":1,"href":"https:\/\/carpathiacenter.ro\/en\/wp-json\/wp\/v2\/posts\/1311\/revisions"}],"predecessor-version":[{"id":1314,"href":"https:\/\/carpathiacenter.ro\/en\/wp-json\/wp\/v2\/posts\/1311\/revisions\/1314"}],"wp:featuredmedia":[{"embeddable":true,"href":"https:\/\/carpathiacenter.ro\/en\/wp-json\/wp\/v2\/media\/1312"}],"wp:attachment":[{"href":"https:\/\/carpathiacenter.ro\/en\/wp-json\/wp\/v2\/media?parent=1311"}],"wp:term":[{"taxonomy":"category","embeddable":true,"href":"https:\/\/carpathiacenter.ro\/en\/wp-json\/wp\/v2\/categories?post=1311"},{"taxonomy":"post_tag","embeddable":true,"href":"https:\/\/carpathiacenter.ro\/en\/wp-json\/wp\/v2\/tags?post=1311"}],"curies":[{"name":"wp","href":"https:\/\/api.w.org\/{rel}","templated":true}]}}