{"id":1300,"date":"2024-09-20T07:43:37","date_gmt":"2024-09-20T07:43:37","guid":{"rendered":"https:\/\/carpathiacenter.ro\/?p=1300"},"modified":"2024-09-20T07:43:37","modified_gmt":"2024-09-20T07:43:37","slug":"proiect-pnl-presedintele-romaniei-poate-candida-in-ultimele-3-luni-de-mandat-la-alegerile-parlamentare","status":"publish","type":"post","link":"https:\/\/carpathiacenter.ro\/en\/proiect-pnl-presedintele-romaniei-poate-candida-in-ultimele-3-luni-de-mandat-la-alegerile-parlamentare\/","title":{"rendered":"Proiect PNL: Pre\u015fedintele Rom\u00e2niei poate candida, \u00een ultimele 3 luni de mandat, la alegerile parlamentare"},"content":{"rendered":"<div class=\"description_articol\">\n<p><strong>Parlamentarii PNL Daniel Fenechiu \u015fi Gabriel Andronache au depus, miercuri, la Parlament, propunerea legislativ\u0103 prin care pre\u015fedintele Rom\u00e2niei poate candida, \u00een ultimele 3 luni ale mandatului, ca independent pe listele unui partid sau alian\u0163\u0103 la alegerile parlamentare.<\/strong><\/p>\n<p>Proiectul modific\u0103, \u00een acest sens, articolul 52 din legea privind alegerea Senatului \u015fi Camerei Deputa\u0163ilor.<\/p>\n<p>&#8220;Pre\u015fedintele Rom\u00e2niei, \u00een func\u0163ie de data alegerii Camerei Deputa\u0163ilor \u015fi Senatului, dac\u0103 se afl\u0103 \u00een ultimele 3 luni ale mandatului, poate candida ca independent pe listele unui partid politic, a unei alian\u0163e politice sau a unei alian\u0163e electorale pentru ob\u0163inerea unui mandat de senator sau de deputat. \u00cen cazul \u00een care este ales senator sau deputat, pre\u015fedintele Rom\u00e2niei este obligat, dup\u0103 validare, s\u0103 opteze \u00eentre calitatea de senator sau deputat \u015fi cea de pre\u015fedinte&#8221;, prevede proiectul.<\/p>\n<p>Ini\u0163iatorii arat\u0103, \u00een expunerea de motive a proiectului, c\u0103 articolul 52 din Legea nr. 208\/2015 privind alegerea Senatului \u015fi a Camerei Deputa\u0163ilor, precum \u015fi pentru organizarea \u015fi func\u0163ionarea Autorit\u0103\u0163ii Electorale Permanente este reglementat\u0103 interdic\u0163ia expres\u0103 pentru un independent de a candida pe listele unui partid sau alian\u0163e politice ori electorale.<\/p>\n<p>&#8220;Dispozi\u0163ia legal\u0103 instituie la modul absolut aceast\u0103 interdic\u0163ie, de\u015fi exist\u0103 cel pu\u0163in o situa\u0163ie care, nereglementat\u0103, constituie o veritabil\u0103 \u00eenc\u0103lcare a drepturilor \u015fi libert\u0103\u0163ilor fundamentale ale omului, respectiv a dreptului constitu\u0163ional de a fi ales prev\u0103zut de art.37 din Constitu\u0163ie. Situa\u0163ia care este necesar\u0103 a fi reglementat\u0103 \u00een procedur\u0103 de urgen\u0163\u0103 este situa\u0163ia Pre\u015fedintelui Rom\u00e2niei, aflat \u00een exercitarea mandatului, care nu are dreptul de a candida la alegerile generale \u00een cazul \u00een care alegerile pentru Senat \u015fi Camera Deputa\u0163ilor se desf\u0103\u015foar\u0103 \u00een acela\u015fi an cu data la care ajunge la termen mandatul de pre\u015fedinte pe care \u00eel exercit\u0103&#8221;, arat\u0103 ace\u015ftia.<\/p>\n<p>De asemenea, ini\u0163iatorii mai men\u0163ioneaz\u0103 c\u0103 necesitatea modific\u0103rii legislative rezult\u0103 \u015fi din &#8220;jurispruden\u0163a Cur\u0163ii Constitu\u0163ionale care a consacrat obliga\u0163ia reglement\u0103rii situa\u0163iei care constituie obiectul de reglementare al prezentei propuneri legislative&#8221;.<\/p>\n<p>Potrivit acestora, &#8220;solu\u0163ia legislativ\u0103 nu este o noutate \u00een dreptul pozitiv rom\u00e2nesc, fiind norm\u0103 \u00een vigoare \u00een perioada 2004 &#8211; 2008 ( art.5 alin.7 din Legea nr.373\/2004)&#8221;.<\/p>\n<p>&#8220;Solu\u0163ia legislativ\u0103 \u00ee\u015fi justific\u0103 urgen\u0163a deoarece suntem \u00een situa\u0163ia \u00een care unor cet\u0103\u0163eni le este interzis dreptul de a fi ale\u015fi, de\u015fi \u00eendeplinesc toate condi\u0163iile constitu\u0163ionale \u015fi legale de a exercita acest drept. Solu\u0163ia legislativ\u0103 respect\u0103 recomand\u0103rile Comisiei de la Vene\u0163ia, deoarece este \u00een favoarea l\u0103rgirii con\u0163inutului dreptului de a fi ales, ci nu restr\u00e2nge acest drept electoral fundamental. Preciz\u0103m c\u0103 m\u0103surile propuse prin prezentul act normativ nu sunt de natur\u0103 a afecta drepturile electorale, \u00een \u00een\u0163elesul stabilit de jurispruden\u0163a Cur\u0163ii Constitu\u0163ionale a Rom\u00e2niei (de exemplu Deciziile Cur\u0163ii Constitu\u0163ionale a Rom\u00e2niei nr. 1189\/2008, nr. 1248\/2008, nr. 1221\/2008 \u015fi nr. 47\/2018), respectiv Codul de bune practici \u00een materie electoral\u0103, \u015fi nici nu \u00eengreuneaz\u0103 organizarea \u015fi desf\u0103\u015furarea alegerilor. Prezenta ini\u0163iativ\u0103 legislativ\u0103 nu are un impact asupra bugetului de stat&#8221;, mai precizeaz\u0103 cei doi ini\u0163iatori \u00een expunerea de motive.<\/p>\n<p>Ini\u0163iatorii au solicitat procedur\u0103 de urgen\u0163\u0103 \u00een dezbaterea \u015fi adoptarea actului normativ.<\/p>\n<p>Proiectul va intra mai \u00eent\u00e2i \u00een dezbaterea Senatului \u015fi apoi a Camerei Deputa\u0163ilor, care este for decizional. AGERPRES\/(AS &#8211; autor: Alina Nov\u0103ceanu, editor: Florin Marin, editor online: Simona Aru\u015ftei)<\/p>\n<\/div>","protected":false},"excerpt":{"rendered":"<p>Parlamentarii PNL Daniel Fenechiu \u015fi Gabriel Andronache au depus, miercuri, la Parlament, propunerea legislativ\u0103 prin care pre\u015fedintele Rom\u00e2niei poate candida, \u00een ultimele 3 luni ale mandatului, ca independent pe listele unui partid sau alian\u0163\u0103 la alegerile parlamentare. Proiectul modific\u0103, \u00een acest sens, articolul 52 din legea privind alegerea Senatului \u015fi Camerei Deputa\u0163ilor. &#8220;Pre\u015fedintele Rom\u00e2niei, \u00een&#8230;<\/p>","protected":false},"author":4,"featured_media":1301,"comment_status":"open","ping_status":"open","sticky":false,"template":"","format":"standard","meta":{"footnotes":""},"categories":[1],"tags":[],"class_list":["post-1300","post","type-post","status-publish","format-standard","has-post-thumbnail","hentry","category-uncategorized"],"yoast_head":"<!-- This site is optimized with the Yoast SEO plugin v26.1.1 - https:\/\/yoast.com\/wordpress\/plugins\/seo\/ -->\n<title>Proiect PNL: Pre\u015fedintele Rom\u00e2niei poate candida, \u00een ultimele 3 luni de mandat, la alegerile parlamentare - Carpathia Center Romania<\/title>\n<meta name=\"robots\" content=\"index, follow, max-snippet:-1, max-image-preview:large, max-video-preview:-1\" \/>\n<link rel=\"canonical\" href=\"https:\/\/carpathiacenter.ro\/en\/proiect-pnl-presedintele-romaniei-poate-candida-in-ultimele-3-luni-de-mandat-la-alegerile-parlamentare\/\" \/>\n<meta property=\"og:locale\" content=\"en_GB\" \/>\n<meta property=\"og:type\" content=\"article\" \/>\n<meta property=\"og:title\" content=\"Proiect PNL: Pre\u015fedintele Rom\u00e2niei poate candida, \u00een ultimele 3 luni de mandat, la alegerile parlamentare - Carpathia Center Romania\" \/>\n<meta property=\"og:description\" content=\"Parlamentarii PNL Daniel Fenechiu \u015fi Gabriel Andronache au depus, miercuri, la Parlament, propunerea legislativ\u0103 prin care pre\u015fedintele Rom\u00e2niei poate candida, \u00een ultimele 3 luni ale mandatului, ca independent pe listele unui partid sau alian\u0163\u0103 la alegerile parlamentare. Proiectul modific\u0103, \u00een acest sens, articolul 52 din legea privind alegerea Senatului \u015fi Camerei Deputa\u0163ilor. &#8220;Pre\u015fedintele Rom\u00e2niei, \u00een...\" \/>\n<meta property=\"og:url\" content=\"https:\/\/carpathiacenter.ro\/en\/proiect-pnl-presedintele-romaniei-poate-candida-in-ultimele-3-luni-de-mandat-la-alegerile-parlamentare\/\" \/>\n<meta property=\"og:site_name\" content=\"Carpathia Center Romania\" \/>\n<meta property=\"article:publisher\" content=\"https:\/\/www.facebook.com\/fdpscarpathia\/\" \/>\n<meta property=\"article:published_time\" content=\"2024-09-20T07:43:37+00:00\" \/>\n<meta property=\"og:image\" content=\"https:\/\/carpathiacenter.ro\/wp-content\/uploads\/2024\/09\/povestile-sediilor-de-partid-din-bucuresti-de-la-case-de-boieri-la-cuiburi-de-politicieni-18614383.jpg\" \/>\n\t<meta property=\"og:image:width\" content=\"1200\" \/>\n\t<meta property=\"og:image:height\" content=\"675\" \/>\n\t<meta property=\"og:image:type\" content=\"image\/jpeg\" \/>\n<meta name=\"author\" content=\"creativebitsolutions\" \/>\n<meta name=\"twitter:card\" content=\"summary_large_image\" \/>\n<meta name=\"twitter:label1\" content=\"Written by\" \/>\n\t<meta name=\"twitter:data1\" content=\"creativebitsolutions\" \/>\n\t<meta name=\"twitter:label2\" content=\"Estimated reading time\" \/>\n\t<meta name=\"twitter:data2\" content=\"3 minutes\" \/>\n<script type=\"application\/ld+json\" class=\"yoast-schema-graph\">{\"@context\":\"https:\/\/schema.org\",\"@graph\":[{\"@type\":\"Article\",\"@id\":\"https:\/\/carpathiacenter.ro\/proiect-pnl-presedintele-romaniei-poate-candida-in-ultimele-3-luni-de-mandat-la-alegerile-parlamentare\/#article\",\"isPartOf\":{\"@id\":\"https:\/\/carpathiacenter.ro\/proiect-pnl-presedintele-romaniei-poate-candida-in-ultimele-3-luni-de-mandat-la-alegerile-parlamentare\/\"},\"author\":{\"name\":\"creativebitsolutions\",\"@id\":\"https:\/\/carpathiacenter.ro\/#\/schema\/person\/03d9f58202fee8379268f34afa195006\"},\"headline\":\"Proiect PNL: Pre\u015fedintele Rom\u00e2niei poate candida, \u00een ultimele 3 luni de mandat, la alegerile parlamentare\",\"datePublished\":\"2024-09-20T07:43:37+00:00\",\"mainEntityOfPage\":{\"@id\":\"https:\/\/carpathiacenter.ro\/proiect-pnl-presedintele-romaniei-poate-candida-in-ultimele-3-luni-de-mandat-la-alegerile-parlamentare\/\"},\"wordCount\":598,\"commentCount\":0,\"publisher\":{\"@id\":\"https:\/\/carpathiacenter.ro\/#organization\"},\"image\":{\"@id\":\"https:\/\/carpathiacenter.ro\/proiect-pnl-presedintele-romaniei-poate-candida-in-ultimele-3-luni-de-mandat-la-alegerile-parlamentare\/#primaryimage\"},\"thumbnailUrl\":\"https:\/\/carpathiacenter.ro\/wp-content\/uploads\/2024\/09\/povestile-sediilor-de-partid-din-bucuresti-de-la-case-de-boieri-la-cuiburi-de-politicieni-18614383.jpg\",\"articleSection\":[\"Uncategorized\"],\"inLanguage\":\"en-GB\",\"potentialAction\":[{\"@type\":\"CommentAction\",\"name\":\"Comment\",\"target\":[\"https:\/\/carpathiacenter.ro\/proiect-pnl-presedintele-romaniei-poate-candida-in-ultimele-3-luni-de-mandat-la-alegerile-parlamentare\/#respond\"]}]},{\"@type\":\"WebPage\",\"@id\":\"https:\/\/carpathiacenter.ro\/proiect-pnl-presedintele-romaniei-poate-candida-in-ultimele-3-luni-de-mandat-la-alegerile-parlamentare\/\",\"url\":\"https:\/\/carpathiacenter.ro\/proiect-pnl-presedintele-romaniei-poate-candida-in-ultimele-3-luni-de-mandat-la-alegerile-parlamentare\/\",\"name\":\"Proiect PNL: Pre\u015fedintele Rom\u00e2niei poate candida, \u00een ultimele 3 luni de mandat, la alegerile parlamentare - Carpathia Center Romania\",\"isPartOf\":{\"@id\":\"https:\/\/carpathiacenter.ro\/#website\"},\"primaryImageOfPage\":{\"@id\":\"https:\/\/carpathiacenter.ro\/proiect-pnl-presedintele-romaniei-poate-candida-in-ultimele-3-luni-de-mandat-la-alegerile-parlamentare\/#primaryimage\"},\"image\":{\"@id\":\"https:\/\/carpathiacenter.ro\/proiect-pnl-presedintele-romaniei-poate-candida-in-ultimele-3-luni-de-mandat-la-alegerile-parlamentare\/#primaryimage\"},\"thumbnailUrl\":\"https:\/\/carpathiacenter.ro\/wp-content\/uploads\/2024\/09\/povestile-sediilor-de-partid-din-bucuresti-de-la-case-de-boieri-la-cuiburi-de-politicieni-18614383.jpg\",\"datePublished\":\"2024-09-20T07:43:37+00:00\",\"breadcrumb\":{\"@id\":\"https:\/\/carpathiacenter.ro\/proiect-pnl-presedintele-romaniei-poate-candida-in-ultimele-3-luni-de-mandat-la-alegerile-parlamentare\/#breadcrumb\"},\"inLanguage\":\"en-GB\",\"potentialAction\":[{\"@type\":\"ReadAction\",\"target\":[\"https:\/\/carpathiacenter.ro\/proiect-pnl-presedintele-romaniei-poate-candida-in-ultimele-3-luni-de-mandat-la-alegerile-parlamentare\/\"]}]},{\"@type\":\"ImageObject\",\"inLanguage\":\"en-GB\",\"@id\":\"https:\/\/carpathiacenter.ro\/proiect-pnl-presedintele-romaniei-poate-candida-in-ultimele-3-luni-de-mandat-la-alegerile-parlamentare\/#primaryimage\",\"url\":\"https:\/\/carpathiacenter.ro\/wp-content\/uploads\/2024\/09\/povestile-sediilor-de-partid-din-bucuresti-de-la-case-de-boieri-la-cuiburi-de-politicieni-18614383.jpg\",\"contentUrl\":\"https:\/\/carpathiacenter.ro\/wp-content\/uploads\/2024\/09\/povestile-sediilor-de-partid-din-bucuresti-de-la-case-de-boieri-la-cuiburi-de-politicieni-18614383.jpg\",\"width\":1200,\"height\":675},{\"@type\":\"BreadcrumbList\",\"@id\":\"https:\/\/carpathiacenter.ro\/proiect-pnl-presedintele-romaniei-poate-candida-in-ultimele-3-luni-de-mandat-la-alegerile-parlamentare\/#breadcrumb\",\"itemListElement\":[{\"@type\":\"ListItem\",\"position\":1,\"name\":\"Prima pagin\u0103\",\"item\":\"https:\/\/carpathiacenter.ro\/\"},{\"@type\":\"ListItem\",\"position\":2,\"name\":\"Proiect PNL: Pre\u015fedintele Rom\u00e2niei poate candida, \u00een ultimele 3 luni de mandat, la alegerile parlamentare\"}]},{\"@type\":\"WebSite\",\"@id\":\"https:\/\/carpathiacenter.ro\/#website\",\"url\":\"https:\/\/carpathiacenter.ro\/\",\"name\":\"Carpathia Center Romania\",\"description\":\"Impossible made possible!\",\"publisher\":{\"@id\":\"https:\/\/carpathiacenter.ro\/#organization\"},\"potentialAction\":[{\"@type\":\"SearchAction\",\"target\":{\"@type\":\"EntryPoint\",\"urlTemplate\":\"https:\/\/carpathiacenter.ro\/?s={search_term_string}\"},\"query-input\":{\"@type\":\"PropertyValueSpecification\",\"valueRequired\":true,\"valueName\":\"search_term_string\"}}],\"inLanguage\":\"en-GB\"},{\"@type\":\"Organization\",\"@id\":\"https:\/\/carpathiacenter.ro\/#organization\",\"name\":\"Carpathia Center Romania\",\"url\":\"https:\/\/carpathiacenter.ro\/\",\"logo\":{\"@type\":\"ImageObject\",\"inLanguage\":\"en-GB\",\"@id\":\"https:\/\/carpathiacenter.ro\/#\/schema\/logo\/image\/\",\"url\":\"https:\/\/carpathiacenter.ro\/wp-content\/uploads\/2024\/07\/logo-carpathia_bg_white-1024x941.png\",\"contentUrl\":\"https:\/\/carpathiacenter.ro\/wp-content\/uploads\/2024\/07\/logo-carpathia_bg_white-1024x941.png\",\"width\":1024,\"height\":941,\"caption\":\"Carpathia Center Romania\"},\"image\":{\"@id\":\"https:\/\/carpathiacenter.ro\/#\/schema\/logo\/image\/\"},\"sameAs\":[\"https:\/\/www.facebook.com\/fdpscarpathia\/\"]},{\"@type\":\"Person\",\"@id\":\"https:\/\/carpathiacenter.ro\/#\/schema\/person\/03d9f58202fee8379268f34afa195006\",\"name\":\"creativebitsolutions\",\"image\":{\"@type\":\"ImageObject\",\"inLanguage\":\"en-GB\",\"@id\":\"https:\/\/carpathiacenter.ro\/#\/schema\/person\/image\/\",\"url\":\"https:\/\/secure.gravatar.com\/avatar\/1b1a13e37f847c635dab78348f1dff2f07651ee2a3d77a5c355a4b8c75f9165a?s=96&d=mm&r=g\",\"contentUrl\":\"https:\/\/secure.gravatar.com\/avatar\/1b1a13e37f847c635dab78348f1dff2f07651ee2a3d77a5c355a4b8c75f9165a?s=96&d=mm&r=g\",\"caption\":\"creativebitsolutions\"},\"url\":\"https:\/\/carpathiacenter.ro\/en\/author\/creativebitsolutions\/\"}]}<\/script>\n<!-- \/ Yoast SEO plugin. -->","yoast_head_json":{"title":"Proiect PNL: Pre\u015fedintele Rom\u00e2niei poate candida, \u00een ultimele 3 luni de mandat, la alegerile parlamentare - Carpathia Center Romania","robots":{"index":"index","follow":"follow","max-snippet":"max-snippet:-1","max-image-preview":"max-image-preview:large","max-video-preview":"max-video-preview:-1"},"canonical":"https:\/\/carpathiacenter.ro\/en\/proiect-pnl-presedintele-romaniei-poate-candida-in-ultimele-3-luni-de-mandat-la-alegerile-parlamentare\/","og_locale":"en_GB","og_type":"article","og_title":"Proiect PNL: Pre\u015fedintele Rom\u00e2niei poate candida, \u00een ultimele 3 luni de mandat, la alegerile parlamentare - Carpathia Center Romania","og_description":"Parlamentarii PNL Daniel Fenechiu \u015fi Gabriel Andronache au depus, miercuri, la Parlament, propunerea legislativ\u0103 prin care pre\u015fedintele Rom\u00e2niei poate candida, \u00een ultimele 3 luni ale mandatului, ca independent pe listele unui partid sau alian\u0163\u0103 la alegerile parlamentare. Proiectul modific\u0103, \u00een acest sens, articolul 52 din legea privind alegerea Senatului \u015fi Camerei Deputa\u0163ilor. &#8220;Pre\u015fedintele Rom\u00e2niei, \u00een...","og_url":"https:\/\/carpathiacenter.ro\/en\/proiect-pnl-presedintele-romaniei-poate-candida-in-ultimele-3-luni-de-mandat-la-alegerile-parlamentare\/","og_site_name":"Carpathia Center Romania","article_publisher":"https:\/\/www.facebook.com\/fdpscarpathia\/","article_published_time":"2024-09-20T07:43:37+00:00","og_image":[{"width":1200,"height":675,"url":"https:\/\/carpathiacenter.ro\/wp-content\/uploads\/2024\/09\/povestile-sediilor-de-partid-din-bucuresti-de-la-case-de-boieri-la-cuiburi-de-politicieni-18614383.jpg","type":"image\/jpeg"}],"author":"creativebitsolutions","twitter_card":"summary_large_image","twitter_misc":{"Written by":"creativebitsolutions","Estimated reading time":"3 minutes"},"schema":{"@context":"https:\/\/schema.org","@graph":[{"@type":"Article","@id":"https:\/\/carpathiacenter.ro\/proiect-pnl-presedintele-romaniei-poate-candida-in-ultimele-3-luni-de-mandat-la-alegerile-parlamentare\/#article","isPartOf":{"@id":"https:\/\/carpathiacenter.ro\/proiect-pnl-presedintele-romaniei-poate-candida-in-ultimele-3-luni-de-mandat-la-alegerile-parlamentare\/"},"author":{"name":"creativebitsolutions","@id":"https:\/\/carpathiacenter.ro\/#\/schema\/person\/03d9f58202fee8379268f34afa195006"},"headline":"Proiect PNL: Pre\u015fedintele Rom\u00e2niei poate candida, \u00een ultimele 3 luni de mandat, la alegerile parlamentare","datePublished":"2024-09-20T07:43:37+00:00","mainEntityOfPage":{"@id":"https:\/\/carpathiacenter.ro\/proiect-pnl-presedintele-romaniei-poate-candida-in-ultimele-3-luni-de-mandat-la-alegerile-parlamentare\/"},"wordCount":598,"commentCount":0,"publisher":{"@id":"https:\/\/carpathiacenter.ro\/#organization"},"image":{"@id":"https:\/\/carpathiacenter.ro\/proiect-pnl-presedintele-romaniei-poate-candida-in-ultimele-3-luni-de-mandat-la-alegerile-parlamentare\/#primaryimage"},"thumbnailUrl":"https:\/\/carpathiacenter.ro\/wp-content\/uploads\/2024\/09\/povestile-sediilor-de-partid-din-bucuresti-de-la-case-de-boieri-la-cuiburi-de-politicieni-18614383.jpg","articleSection":["Uncategorized"],"inLanguage":"en-GB","potentialAction":[{"@type":"CommentAction","name":"Comment","target":["https:\/\/carpathiacenter.ro\/proiect-pnl-presedintele-romaniei-poate-candida-in-ultimele-3-luni-de-mandat-la-alegerile-parlamentare\/#respond"]}]},{"@type":"WebPage","@id":"https:\/\/carpathiacenter.ro\/proiect-pnl-presedintele-romaniei-poate-candida-in-ultimele-3-luni-de-mandat-la-alegerile-parlamentare\/","url":"https:\/\/carpathiacenter.ro\/proiect-pnl-presedintele-romaniei-poate-candida-in-ultimele-3-luni-de-mandat-la-alegerile-parlamentare\/","name":"Proiect PNL: Pre\u015fedintele Rom\u00e2niei poate candida, \u00een ultimele 3 luni de mandat, la alegerile parlamentare - Carpathia Center Romania","isPartOf":{"@id":"https:\/\/carpathiacenter.ro\/#website"},"primaryImageOfPage":{"@id":"https:\/\/carpathiacenter.ro\/proiect-pnl-presedintele-romaniei-poate-candida-in-ultimele-3-luni-de-mandat-la-alegerile-parlamentare\/#primaryimage"},"image":{"@id":"https:\/\/carpathiacenter.ro\/proiect-pnl-presedintele-romaniei-poate-candida-in-ultimele-3-luni-de-mandat-la-alegerile-parlamentare\/#primaryimage"},"thumbnailUrl":"https:\/\/carpathiacenter.ro\/wp-content\/uploads\/2024\/09\/povestile-sediilor-de-partid-din-bucuresti-de-la-case-de-boieri-la-cuiburi-de-politicieni-18614383.jpg","datePublished":"2024-09-20T07:43:37+00:00","breadcrumb":{"@id":"https:\/\/carpathiacenter.ro\/proiect-pnl-presedintele-romaniei-poate-candida-in-ultimele-3-luni-de-mandat-la-alegerile-parlamentare\/#breadcrumb"},"inLanguage":"en-GB","potentialAction":[{"@type":"ReadAction","target":["https:\/\/carpathiacenter.ro\/proiect-pnl-presedintele-romaniei-poate-candida-in-ultimele-3-luni-de-mandat-la-alegerile-parlamentare\/"]}]},{"@type":"ImageObject","inLanguage":"en-GB","@id":"https:\/\/carpathiacenter.ro\/proiect-pnl-presedintele-romaniei-poate-candida-in-ultimele-3-luni-de-mandat-la-alegerile-parlamentare\/#primaryimage","url":"https:\/\/carpathiacenter.ro\/wp-content\/uploads\/2024\/09\/povestile-sediilor-de-partid-din-bucuresti-de-la-case-de-boieri-la-cuiburi-de-politicieni-18614383.jpg","contentUrl":"https:\/\/carpathiacenter.ro\/wp-content\/uploads\/2024\/09\/povestile-sediilor-de-partid-din-bucuresti-de-la-case-de-boieri-la-cuiburi-de-politicieni-18614383.jpg","width":1200,"height":675},{"@type":"BreadcrumbList","@id":"https:\/\/carpathiacenter.ro\/proiect-pnl-presedintele-romaniei-poate-candida-in-ultimele-3-luni-de-mandat-la-alegerile-parlamentare\/#breadcrumb","itemListElement":[{"@type":"ListItem","position":1,"name":"Prima pagin\u0103","item":"https:\/\/carpathiacenter.ro\/"},{"@type":"ListItem","position":2,"name":"Proiect PNL: Pre\u015fedintele Rom\u00e2niei poate candida, \u00een ultimele 3 luni de mandat, la alegerile parlamentare"}]},{"@type":"WebSite","@id":"https:\/\/carpathiacenter.ro\/#website","url":"https:\/\/carpathiacenter.ro\/","name":"Carpathia Center Romania","description":"Impossible made possible!","publisher":{"@id":"https:\/\/carpathiacenter.ro\/#organization"},"potentialAction":[{"@type":"SearchAction","target":{"@type":"EntryPoint","urlTemplate":"https:\/\/carpathiacenter.ro\/?s={search_term_string}"},"query-input":{"@type":"PropertyValueSpecification","valueRequired":true,"valueName":"search_term_string"}}],"inLanguage":"en-GB"},{"@type":"Organization","@id":"https:\/\/carpathiacenter.ro\/#organization","name":"Carpathia Center Romania","url":"https:\/\/carpathiacenter.ro\/","logo":{"@type":"ImageObject","inLanguage":"en-GB","@id":"https:\/\/carpathiacenter.ro\/#\/schema\/logo\/image\/","url":"https:\/\/carpathiacenter.ro\/wp-content\/uploads\/2024\/07\/logo-carpathia_bg_white-1024x941.png","contentUrl":"https:\/\/carpathiacenter.ro\/wp-content\/uploads\/2024\/07\/logo-carpathia_bg_white-1024x941.png","width":1024,"height":941,"caption":"Carpathia Center Romania"},"image":{"@id":"https:\/\/carpathiacenter.ro\/#\/schema\/logo\/image\/"},"sameAs":["https:\/\/www.facebook.com\/fdpscarpathia\/"]},{"@type":"Person","@id":"https:\/\/carpathiacenter.ro\/#\/schema\/person\/03d9f58202fee8379268f34afa195006","name":"creativebitsolutions","image":{"@type":"ImageObject","inLanguage":"en-GB","@id":"https:\/\/carpathiacenter.ro\/#\/schema\/person\/image\/","url":"https:\/\/secure.gravatar.com\/avatar\/1b1a13e37f847c635dab78348f1dff2f07651ee2a3d77a5c355a4b8c75f9165a?s=96&d=mm&r=g","contentUrl":"https:\/\/secure.gravatar.com\/avatar\/1b1a13e37f847c635dab78348f1dff2f07651ee2a3d77a5c355a4b8c75f9165a?s=96&d=mm&r=g","caption":"creativebitsolutions"},"url":"https:\/\/carpathiacenter.ro\/en\/author\/creativebitsolutions\/"}]}},"_links":{"self":[{"href":"https:\/\/carpathiacenter.ro\/en\/wp-json\/wp\/v2\/posts\/1300","targetHints":{"allow":["GET"]}}],"collection":[{"href":"https:\/\/carpathiacenter.ro\/en\/wp-json\/wp\/v2\/posts"}],"about":[{"href":"https:\/\/carpathiacenter.ro\/en\/wp-json\/wp\/v2\/types\/post"}],"author":[{"embeddable":true,"href":"https:\/\/carpathiacenter.ro\/en\/wp-json\/wp\/v2\/users\/4"}],"replies":[{"embeddable":true,"href":"https:\/\/carpathiacenter.ro\/en\/wp-json\/wp\/v2\/comments?post=1300"}],"version-history":[{"count":1,"href":"https:\/\/carpathiacenter.ro\/en\/wp-json\/wp\/v2\/posts\/1300\/revisions"}],"predecessor-version":[{"id":1302,"href":"https:\/\/carpathiacenter.ro\/en\/wp-json\/wp\/v2\/posts\/1300\/revisions\/1302"}],"wp:featuredmedia":[{"embeddable":true,"href":"https:\/\/carpathiacenter.ro\/en\/wp-json\/wp\/v2\/media\/1301"}],"wp:attachment":[{"href":"https:\/\/carpathiacenter.ro\/en\/wp-json\/wp\/v2\/media?parent=1300"}],"wp:term":[{"taxonomy":"category","embeddable":true,"href":"https:\/\/carpathiacenter.ro\/en\/wp-json\/wp\/v2\/categories?post=1300"},{"taxonomy":"post_tag","embeddable":true,"href":"https:\/\/carpathiacenter.ro\/en\/wp-json\/wp\/v2\/tags?post=1300"}],"curies":[{"name":"wp","href":"https:\/\/api.w.org\/{rel}","templated":true}]}}