{"id":1297,"date":"2024-09-20T07:42:37","date_gmt":"2024-09-20T07:42:37","guid":{"rendered":"https:\/\/carpathiacenter.ro\/?p=1297"},"modified":"2024-09-20T07:42:37","modified_gmt":"2024-09-20T07:42:37","slug":"turcan-organizarea-la-bucuresti-a-summitului-european-al-patrimoniului-confirma-progresul-romaniei-in-domeniu","status":"publish","type":"post","link":"https:\/\/carpathiacenter.ro\/en\/turcan-organizarea-la-bucuresti-a-summitului-european-al-patrimoniului-confirma-progresul-romaniei-in-domeniu\/","title":{"rendered":"Turcan: Organizarea la Bucure\u015fti a Summitului European al Patrimoniului confirm\u0103 progresul Rom\u00e2niei \u00een domeniu"},"content":{"rendered":"<div class=\"description_articol\">\n<p><strong>Ministrul Culturii, Raluca Turcan, a afirmat miercuri c\u0103 2024 este un an cu &#8220;reu\u015fite reprezentative&#8221; pentru patrimoniul cultural na\u0163ional, Summitul European al Patrimoniului de la Bucure\u015fti confirm\u00e2nd progresul Rom\u00e2niei \u00een domeniul protej\u0103rii \u015fi promov\u0103rii acestuia.<\/strong><\/p>\n<p>&#8220;Este o onoare pentru Rom\u00e2nia s\u0103 g\u0103zduiasc\u0103 luna viitoare, pentru prima dat\u0103, Summitul European al Patrimoniului Cultural. 2024 este un an cu reu\u015fite reprezentative pentru patrimoniul cultural na\u0163ional, iar acest summit confirm\u0103 \u015fi el interesul \u015fi progresul Rom\u00e2niei \u00een protejarea \u015fi promovarea propriului patrimoniu, parte a patrimoniului cultural european. Ne afl\u0103m aici \u00eentr-un spa\u0163iu cu o simbolistic\u0103 aparte pentru identitatea noastr\u0103 na\u0163ional\u0103, care acum se bucur\u0103 \u015fi de o recunoa\u015ftere special\u0103 la nivel european. Reamintesc faptul c\u0103, \u00een aceast\u0103 prim\u0103var\u0103, Ateneul Rom\u00e2n a primit Marca patrimoniului european din partea Comisiei Europene pentru rolul semnificativ jucat \u00een istoria \u015fi cultura Europei. Consider, deci, g\u0103zduirea Galei Europa Nostra \u015fi a acestei conferin\u0163e de pres\u0103 la Ateneu un prilej fericit de a sublinia aceast\u0103 frumoas\u0103 recunoa\u015fterea&#8221;, spus Turcan, la conferin\u0163a de pres\u0103 dedicat\u0103 evenimentului, desf\u0103\u015furat\u0103 la Ateneul Rom\u00e2n.<\/p>\n<p>Bucure\u015ftiul va g\u0103zdui \u00eentre 6 \u015fi 8 octombrie Summitul European al Patrimoniului, cel mai important eveniment dedicat conserv\u0103rii patrimoniului cultural european din Uniunea European\u0103, precum \u015fi ceremonia de decernare a Premiilor Europene pentru Patrimoniu, acordate de Comisia European\u0103, \u00een cadrul c\u0103rora vor fi recompensate \u015fi dou\u0103 proiecte din Rom\u00e2nia &#8211; Biserica S\u0103seasc\u0103 din Alma Vii, jude\u0163ul Sibiu, \u015fi Biserica Sf\u00e2ntului Mihail, Cluj-Napoca. La eveniment sunt a\u015ftepta\u0163i s\u0103 participe importan\u0163i exper\u0163i \u015fi deciden\u0163i din domeniul patrimoniului cultural, Europa Nostra, federa\u0163ia pan-european\u0103 a ONG-urilor specializate \u00een protejarea patrimoniului cultural \u015fi organizatoarea Summitului.<\/p>\n<p>Raluca Turcan a reamintit o serie de realiz\u0103ri ale Ministerului Culturii, precum \u00eenscrierea \u00een Lista Patrimoniului Mondial UNESCO a &#8220;Ansamblului monumental realizat de Constantin Br\u00e2ncu\u015fi la T\u00e2rgu Jiu&#8221; \u015fi a &#8220;Frontierelor Imperiului Roman &#8211; Dacia&#8221;, ca \u015fi \u00eenscrierea, \u00een urm\u0103 cu dou\u0103 luni, \u00een lista indicativ\u0103 a Rom\u00e2niei pentru lista patrimoniului mondial UNESCO a ctitoriilor Domne\u015fti din \u0162ara Rom\u00e2neasc\u0103 \u015fi Moldova, a Re\u015fedin\u0163elor regale din Sinaia ca \u015fi a fostelor \u00eenchisori comuniste din Rom\u00e2nia (Sighet, Pite\u015fti, Jilava, R\u00e2mnicu S\u0103rat \u015fi F\u0103g\u0103ra\u015f), precum \u015fi a Pe\u015fterii Movile.<\/p>\n<p>&#8220;Vin din Sibiu, acolo unde cultura a fost \u015fi r\u0103m\u00e2ne pilon al dezvolt\u0103rii comunitare. M\u0103 bucur nespus c\u0103 proiectul Ministerului Culturii de reabilitare a Bisericii s\u0103se\u015fti din Alma Vii, jude\u0163ul Sibiu, i-a adus acestei cl\u0103diri de patrimoniu oportunitatea de a se afla printre c\u00e2\u015ftig\u0103torii Premiilor Europene pentru Patrimoniu\/Premiilor Europa Nostra 2024, al\u0103turi de Biserica Sf\u00e2ntul Mihail din Cluj-Napoca. Transilvania \u015fi Rom\u00e2nia au o mo\u015ftenire multicultural\u0103 extraordinar\u0103, care a\u015fteapt\u0103 s\u0103 fie descoperit\u0103 de c\u00e2t mai mul\u0163i europeni&#8221;, a punctat Turcan.<\/p>\n<p>Proiectul &#8220;Temelii culturale&#8221;, pentru salvarea unor monumente istorice \u015fi construirea de cl\u0103diri noi, cu destina\u0163ie cultural\u0103, investi\u0163iile &#8220;notabile&#8221; precum noul sediu al Operei Rom\u00e2ne din Ia\u015fi, restaurarea cl\u0103dirii Teatrului Na\u0163ional \u015fi a Operei Na\u0163ionale Rom\u00e2ne Cluj-Napoca, restaurarea cl\u0103dirii Teatrului Na\u0163ional &#8220;Marin Sorescu&#8221; din Craiova, ob\u0163inerea de fonduri pentru un program na\u0163ional de renovare a unor case memoriale, sau efortul Ministerului Culturii de digitalizare a patrimoniului imobil al Rom\u00e2niei, prin programul E-patrimoniu, au fost alte proiecte \u00eemplinite anun\u0163ate de Raluca Turcan.<\/p>\n<p>Secretarul general al Europa Nostra, Sneska Quaedvlieg-Mihailovic, a elogiat realiz\u0103rile Rom\u00e2niei \u00een protejarea \u015fi promovarea patrimoniului.<\/p>\n<p>&#8220;Organizarea acestui summit, acum, \u00een Bucure\u015fti, reprezint\u0103 un omagiu adus Rom\u00e2niei \u015fi nu doar patrimoniului material \u015fi imaterial cultural extrem de divers \u015fi bogat al \u0163\u0103rii dumneavoastr\u0103, care face parte din patrimoniul cultural comun al Europei, ca \u015fi un omagiu adus numeroaselor institu\u0163ii, persoane \u015fi organiza\u0163ii, competente, preocupate de salvarea \u015fi conservarea patrimoniului \u015fi transmiterea acestuia genera\u0163iilor viitoare&#8221;, a spus oficialul Europa Nostra.<\/p>\n<p>Sneska Quaedvlieg-Mihailovic a anun\u0163at c\u0103 la Summitul de la Bucure\u015fti le va fi transmis noilor lideri europeni un mesaj important dedicat politicilor de patrimoniu.<\/p>\n<p>&#8220;Vrem s\u0103 vorbim despre rolul extrem de important al principiilor de calitate \u00een restaurarea patrimoniului, \u00een regenerarea ora\u015felor \u015fi satelor, \u00een sens mai larg pentru orice proiect de patrimoniu cu finan\u0163are public\u0103 sau privat\u0103. \u00cen acest sens vom avea o \u00eent\u00e2lnire de tip agora, \u00een data de 8 octombrie, la care se va elabora &#8216;Manifestul de la Bucure\u015fti&#8217;, care va fi \u00eenm\u00e2nat liderilor europeni \u015fi celor ai Rom\u00e2nei. Documentul va fi elaborat \u00een str\u00e2ns\u0103 colaborare cu ONG-urile \u015fi partenerii no\u015ftri din Rom\u00e2nia. De asemenea, \u00een data de 5 octombrie, va avea loc o alt\u0103 discu\u0163ie \u00een urma c\u0103reia se va elabora un document legat de nevoile Rom\u00e2niei \u00een domeniul patrimoniului cultural&#8221;, a detaliat secretarul general al Europa Nostra.<\/p>\n<p>Aceasta a felicitat Rom\u00e2nia pentru alegerea Roxanei M\u00e2nzatu \u00een func\u0163ia de comisar european din partea Rom\u00e2niei.<\/p>\n<p>\u00cen cadrul conferin\u0163ei, la care au fost prezen\u0163i primarul general al Capitalei, Nicu\u015for Dan, directorul general al Filarmonicii &#8216;George Enescu&#8217;, Marin Cazacu, precum \u015fi fondatorul organiza\u0163iei Ambulan\u0163a pentru Monumente \u015fi membru al juriului Premiilor Europene pentru Patrimoniu, Eugen Vaida, consilierul preziden\u0163ial pentru cultur\u0103, Sergiu Nistor, a \u00eenm\u00e2nat secretarului general al Europa Nostra diploma de \u00cenalt Patronaj al Pre\u015fedintelui Rom\u00e2niei, acordat\u0103 Summitului European al Patrimoniului.<\/p>\n<p>* Fondat\u0103 \u00een 1963, Europa Nostra este o federa\u0163ie pan-european\u0103 de ONG-uri din domeniul patrimoniului, sus\u0163inut\u0103 de o re\u0163ea larg\u0103 de organisme publice, companii private \u015fi persoane fizice, acoperind peste 40 de \u0163\u0103ri. Federa\u0163ia militeaz\u0103 pentru salvarea monumentelor, siturilor \u015fi peisajelor europene aflate \u00een pericol de dispari\u0163ie, \u00een special prin intermediul Programului 7 Most Endangered. Re\u0163eaua celebreaz\u0103 \u015fi disemineaz\u0103 excelen\u0163a prin intermediul Premiilor Europene pentru Patrimoniu \/ Premiilor Europa Nostra. Este cea mai mare re\u0163ea de patrimoniu din Europa, men\u0163in\u00e2nd rela\u0163ii str\u00e2nse cu Uniunea European\u0103, Consiliul Europei, UNESCO \u015fi alte organisme interna\u0163ionale.<\/p>\n<p>* Europa Creativ\u0103 este programul UE care sprijin\u0103 sectoarele culturale \u015fi creative, permi\u0163\u00e2ndu-le s\u0103 \u00ee\u015fi sporeasc\u0103 contribu\u0163ia la societatea, economia \u015fi mediul de via\u0163\u0103 din Europa. Cu un buget de 2,4 miliarde de euro pentru perioada 2021-2027, sprijin\u0103 organiza\u0163ii din domeniile patrimoniului, artelor spectacolului, artelor plastice, artelor interdisciplinare, editurilor, filmului, televiziunii, muzicii \u015fi jocurilor video, precum \u015fi zeci de mii de arti\u015fti, profesioni\u015fti din domeniul cultural \u015fi audiovizual.<\/p>\n<p>* Premiile Europene pentru Patrimoniu \/ Premiile Europa Nostra au fost lansate de Comisia European\u0103 \u00een 2002 \u015fi de atunci sunt gestionate de Europa Nostra. Timp de 22 de ani, premiile au fost un instrument cheie pentru recunoa\u015fterea \u015fi promovarea multiplelor valori ale patrimoniului pentru societatea, economia \u015fi mediul din Europa. Apelul de \u00eenscrieri pentru edi\u0163ia din 2025 a premiilor va fi deschis \u00een toamna anului 2024. AGERPRES\/(A, AS &#8211; autor: Daniel Popescu, editor: Florin Marin, editor online: Simona Aru\u015ftei)<\/p>\n<\/div>","protected":false},"excerpt":{"rendered":"<p>Ministrul Culturii, Raluca Turcan, a afirmat miercuri c\u0103 2024 este un an cu &#8220;reu\u015fite reprezentative&#8221; pentru patrimoniul cultural na\u0163ional, Summitul European al Patrimoniului de la Bucure\u015fti confirm\u00e2nd progresul Rom\u00e2niei \u00een domeniul protej\u0103rii \u015fi promov\u0103rii acestuia. &#8220;Este o onoare pentru Rom\u00e2nia s\u0103 g\u0103zduiasc\u0103 luna viitoare, pentru prima dat\u0103, Summitul European al Patrimoniului Cultural. 2024 este un&#8230;<\/p>","protected":false},"author":4,"featured_media":1298,"comment_status":"open","ping_status":"open","sticky":false,"template":"","format":"standard","meta":{"footnotes":""},"categories":[1],"tags":[],"class_list":["post-1297","post","type-post","status-publish","format-standard","has-post-thumbnail","hentry","category-uncategorized"],"yoast_head":"<!-- This site is optimized with the Yoast SEO plugin v26.1.1 - https:\/\/yoast.com\/wordpress\/plugins\/seo\/ -->\n<title>Turcan: Organizarea la Bucure\u015fti a Summitului European al Patrimoniului confirm\u0103 progresul Rom\u00e2niei \u00een domeniu - Carpathia Center Romania<\/title>\n<meta name=\"robots\" content=\"index, follow, max-snippet:-1, max-image-preview:large, max-video-preview:-1\" \/>\n<link rel=\"canonical\" href=\"https:\/\/carpathiacenter.ro\/en\/turcan-organizarea-la-bucuresti-a-summitului-european-al-patrimoniului-confirma-progresul-romaniei-in-domeniu\/\" \/>\n<meta property=\"og:locale\" content=\"en_GB\" \/>\n<meta property=\"og:type\" content=\"article\" \/>\n<meta property=\"og:title\" content=\"Turcan: Organizarea la Bucure\u015fti a Summitului European al Patrimoniului confirm\u0103 progresul Rom\u00e2niei \u00een domeniu - Carpathia Center Romania\" \/>\n<meta property=\"og:description\" content=\"Ministrul Culturii, Raluca Turcan, a afirmat miercuri c\u0103 2024 este un an cu &#8220;reu\u015fite reprezentative&#8221; pentru patrimoniul cultural na\u0163ional, Summitul European al Patrimoniului de la Bucure\u015fti confirm\u00e2nd progresul Rom\u00e2niei \u00een domeniul protej\u0103rii \u015fi promov\u0103rii acestuia. &#8220;Este o onoare pentru Rom\u00e2nia s\u0103 g\u0103zduiasc\u0103 luna viitoare, pentru prima dat\u0103, Summitul European al Patrimoniului Cultural. 2024 este un...\" \/>\n<meta property=\"og:url\" content=\"https:\/\/carpathiacenter.ro\/en\/turcan-organizarea-la-bucuresti-a-summitului-european-al-patrimoniului-confirma-progresul-romaniei-in-domeniu\/\" \/>\n<meta property=\"og:site_name\" content=\"Carpathia Center Romania\" \/>\n<meta property=\"article:publisher\" content=\"https:\/\/www.facebook.com\/fdpscarpathia\/\" \/>\n<meta property=\"article:published_time\" content=\"2024-09-20T07:42:37+00:00\" \/>\n<meta property=\"og:image\" content=\"https:\/\/carpathiacenter.ro\/wp-content\/uploads\/2024\/09\/438097130_978330496984547_308904831595550883_n.webp\" \/>\n\t<meta property=\"og:image:width\" content=\"1280\" \/>\n\t<meta property=\"og:image:height\" content=\"960\" \/>\n\t<meta property=\"og:image:type\" content=\"image\/webp\" \/>\n<meta name=\"author\" content=\"creativebitsolutions\" \/>\n<meta name=\"twitter:card\" content=\"summary_large_image\" \/>\n<meta name=\"twitter:label1\" content=\"Written by\" \/>\n\t<meta name=\"twitter:data1\" content=\"creativebitsolutions\" \/>\n\t<meta name=\"twitter:label2\" content=\"Estimated reading time\" \/>\n\t<meta name=\"twitter:data2\" content=\"6 minutes\" \/>\n<script type=\"application\/ld+json\" class=\"yoast-schema-graph\">{\"@context\":\"https:\/\/schema.org\",\"@graph\":[{\"@type\":\"Article\",\"@id\":\"https:\/\/carpathiacenter.ro\/turcan-organizarea-la-bucuresti-a-summitului-european-al-patrimoniului-confirma-progresul-romaniei-in-domeniu\/#article\",\"isPartOf\":{\"@id\":\"https:\/\/carpathiacenter.ro\/turcan-organizarea-la-bucuresti-a-summitului-european-al-patrimoniului-confirma-progresul-romaniei-in-domeniu\/\"},\"author\":{\"name\":\"creativebitsolutions\",\"@id\":\"https:\/\/carpathiacenter.ro\/#\/schema\/person\/03d9f58202fee8379268f34afa195006\"},\"headline\":\"Turcan: Organizarea la Bucure\u015fti a Summitului European al Patrimoniului confirm\u0103 progresul Rom\u00e2niei \u00een domeniu\",\"datePublished\":\"2024-09-20T07:42:37+00:00\",\"mainEntityOfPage\":{\"@id\":\"https:\/\/carpathiacenter.ro\/turcan-organizarea-la-bucuresti-a-summitului-european-al-patrimoniului-confirma-progresul-romaniei-in-domeniu\/\"},\"wordCount\":1184,\"commentCount\":0,\"publisher\":{\"@id\":\"https:\/\/carpathiacenter.ro\/#organization\"},\"image\":{\"@id\":\"https:\/\/carpathiacenter.ro\/turcan-organizarea-la-bucuresti-a-summitului-european-al-patrimoniului-confirma-progresul-romaniei-in-domeniu\/#primaryimage\"},\"thumbnailUrl\":\"https:\/\/carpathiacenter.ro\/wp-content\/uploads\/2024\/09\/438097130_978330496984547_308904831595550883_n.webp\",\"articleSection\":[\"Uncategorized\"],\"inLanguage\":\"en-GB\",\"potentialAction\":[{\"@type\":\"CommentAction\",\"name\":\"Comment\",\"target\":[\"https:\/\/carpathiacenter.ro\/turcan-organizarea-la-bucuresti-a-summitului-european-al-patrimoniului-confirma-progresul-romaniei-in-domeniu\/#respond\"]}]},{\"@type\":\"WebPage\",\"@id\":\"https:\/\/carpathiacenter.ro\/turcan-organizarea-la-bucuresti-a-summitului-european-al-patrimoniului-confirma-progresul-romaniei-in-domeniu\/\",\"url\":\"https:\/\/carpathiacenter.ro\/turcan-organizarea-la-bucuresti-a-summitului-european-al-patrimoniului-confirma-progresul-romaniei-in-domeniu\/\",\"name\":\"Turcan: Organizarea la Bucure\u015fti a Summitului European al Patrimoniului confirm\u0103 progresul Rom\u00e2niei \u00een domeniu - Carpathia Center Romania\",\"isPartOf\":{\"@id\":\"https:\/\/carpathiacenter.ro\/#website\"},\"primaryImageOfPage\":{\"@id\":\"https:\/\/carpathiacenter.ro\/turcan-organizarea-la-bucuresti-a-summitului-european-al-patrimoniului-confirma-progresul-romaniei-in-domeniu\/#primaryimage\"},\"image\":{\"@id\":\"https:\/\/carpathiacenter.ro\/turcan-organizarea-la-bucuresti-a-summitului-european-al-patrimoniului-confirma-progresul-romaniei-in-domeniu\/#primaryimage\"},\"thumbnailUrl\":\"https:\/\/carpathiacenter.ro\/wp-content\/uploads\/2024\/09\/438097130_978330496984547_308904831595550883_n.webp\",\"datePublished\":\"2024-09-20T07:42:37+00:00\",\"breadcrumb\":{\"@id\":\"https:\/\/carpathiacenter.ro\/turcan-organizarea-la-bucuresti-a-summitului-european-al-patrimoniului-confirma-progresul-romaniei-in-domeniu\/#breadcrumb\"},\"inLanguage\":\"en-GB\",\"potentialAction\":[{\"@type\":\"ReadAction\",\"target\":[\"https:\/\/carpathiacenter.ro\/turcan-organizarea-la-bucuresti-a-summitului-european-al-patrimoniului-confirma-progresul-romaniei-in-domeniu\/\"]}]},{\"@type\":\"ImageObject\",\"inLanguage\":\"en-GB\",\"@id\":\"https:\/\/carpathiacenter.ro\/turcan-organizarea-la-bucuresti-a-summitului-european-al-patrimoniului-confirma-progresul-romaniei-in-domeniu\/#primaryimage\",\"url\":\"https:\/\/carpathiacenter.ro\/wp-content\/uploads\/2024\/09\/438097130_978330496984547_308904831595550883_n.webp\",\"contentUrl\":\"https:\/\/carpathiacenter.ro\/wp-content\/uploads\/2024\/09\/438097130_978330496984547_308904831595550883_n.webp\",\"width\":1280,\"height\":960},{\"@type\":\"BreadcrumbList\",\"@id\":\"https:\/\/carpathiacenter.ro\/turcan-organizarea-la-bucuresti-a-summitului-european-al-patrimoniului-confirma-progresul-romaniei-in-domeniu\/#breadcrumb\",\"itemListElement\":[{\"@type\":\"ListItem\",\"position\":1,\"name\":\"Prima pagin\u0103\",\"item\":\"https:\/\/carpathiacenter.ro\/\"},{\"@type\":\"ListItem\",\"position\":2,\"name\":\"Turcan: Organizarea la Bucure\u015fti a Summitului European al Patrimoniului confirm\u0103 progresul Rom\u00e2niei \u00een domeniu\"}]},{\"@type\":\"WebSite\",\"@id\":\"https:\/\/carpathiacenter.ro\/#website\",\"url\":\"https:\/\/carpathiacenter.ro\/\",\"name\":\"Carpathia Center Romania\",\"description\":\"Impossible made possible!\",\"publisher\":{\"@id\":\"https:\/\/carpathiacenter.ro\/#organization\"},\"potentialAction\":[{\"@type\":\"SearchAction\",\"target\":{\"@type\":\"EntryPoint\",\"urlTemplate\":\"https:\/\/carpathiacenter.ro\/?s={search_term_string}\"},\"query-input\":{\"@type\":\"PropertyValueSpecification\",\"valueRequired\":true,\"valueName\":\"search_term_string\"}}],\"inLanguage\":\"en-GB\"},{\"@type\":\"Organization\",\"@id\":\"https:\/\/carpathiacenter.ro\/#organization\",\"name\":\"Carpathia Center Romania\",\"url\":\"https:\/\/carpathiacenter.ro\/\",\"logo\":{\"@type\":\"ImageObject\",\"inLanguage\":\"en-GB\",\"@id\":\"https:\/\/carpathiacenter.ro\/#\/schema\/logo\/image\/\",\"url\":\"https:\/\/carpathiacenter.ro\/wp-content\/uploads\/2024\/07\/logo-carpathia_bg_white-1024x941.png\",\"contentUrl\":\"https:\/\/carpathiacenter.ro\/wp-content\/uploads\/2024\/07\/logo-carpathia_bg_white-1024x941.png\",\"width\":1024,\"height\":941,\"caption\":\"Carpathia Center Romania\"},\"image\":{\"@id\":\"https:\/\/carpathiacenter.ro\/#\/schema\/logo\/image\/\"},\"sameAs\":[\"https:\/\/www.facebook.com\/fdpscarpathia\/\"]},{\"@type\":\"Person\",\"@id\":\"https:\/\/carpathiacenter.ro\/#\/schema\/person\/03d9f58202fee8379268f34afa195006\",\"name\":\"creativebitsolutions\",\"image\":{\"@type\":\"ImageObject\",\"inLanguage\":\"en-GB\",\"@id\":\"https:\/\/carpathiacenter.ro\/#\/schema\/person\/image\/\",\"url\":\"https:\/\/secure.gravatar.com\/avatar\/1b1a13e37f847c635dab78348f1dff2f07651ee2a3d77a5c355a4b8c75f9165a?s=96&d=mm&r=g\",\"contentUrl\":\"https:\/\/secure.gravatar.com\/avatar\/1b1a13e37f847c635dab78348f1dff2f07651ee2a3d77a5c355a4b8c75f9165a?s=96&d=mm&r=g\",\"caption\":\"creativebitsolutions\"},\"url\":\"https:\/\/carpathiacenter.ro\/en\/author\/creativebitsolutions\/\"}]}<\/script>\n<!-- \/ Yoast SEO plugin. -->","yoast_head_json":{"title":"Turcan: Organizarea la Bucure\u015fti a Summitului European al Patrimoniului confirm\u0103 progresul Rom\u00e2niei \u00een domeniu - Carpathia Center Romania","robots":{"index":"index","follow":"follow","max-snippet":"max-snippet:-1","max-image-preview":"max-image-preview:large","max-video-preview":"max-video-preview:-1"},"canonical":"https:\/\/carpathiacenter.ro\/en\/turcan-organizarea-la-bucuresti-a-summitului-european-al-patrimoniului-confirma-progresul-romaniei-in-domeniu\/","og_locale":"en_GB","og_type":"article","og_title":"Turcan: Organizarea la Bucure\u015fti a Summitului European al Patrimoniului confirm\u0103 progresul Rom\u00e2niei \u00een domeniu - Carpathia Center Romania","og_description":"Ministrul Culturii, Raluca Turcan, a afirmat miercuri c\u0103 2024 este un an cu &#8220;reu\u015fite reprezentative&#8221; pentru patrimoniul cultural na\u0163ional, Summitul European al Patrimoniului de la Bucure\u015fti confirm\u00e2nd progresul Rom\u00e2niei \u00een domeniul protej\u0103rii \u015fi promov\u0103rii acestuia. &#8220;Este o onoare pentru Rom\u00e2nia s\u0103 g\u0103zduiasc\u0103 luna viitoare, pentru prima dat\u0103, Summitul European al Patrimoniului Cultural. 2024 este un...","og_url":"https:\/\/carpathiacenter.ro\/en\/turcan-organizarea-la-bucuresti-a-summitului-european-al-patrimoniului-confirma-progresul-romaniei-in-domeniu\/","og_site_name":"Carpathia Center Romania","article_publisher":"https:\/\/www.facebook.com\/fdpscarpathia\/","article_published_time":"2024-09-20T07:42:37+00:00","og_image":[{"width":1280,"height":960,"url":"https:\/\/carpathiacenter.ro\/wp-content\/uploads\/2024\/09\/438097130_978330496984547_308904831595550883_n.webp","type":"image\/webp"}],"author":"creativebitsolutions","twitter_card":"summary_large_image","twitter_misc":{"Written by":"creativebitsolutions","Estimated reading time":"6 minutes"},"schema":{"@context":"https:\/\/schema.org","@graph":[{"@type":"Article","@id":"https:\/\/carpathiacenter.ro\/turcan-organizarea-la-bucuresti-a-summitului-european-al-patrimoniului-confirma-progresul-romaniei-in-domeniu\/#article","isPartOf":{"@id":"https:\/\/carpathiacenter.ro\/turcan-organizarea-la-bucuresti-a-summitului-european-al-patrimoniului-confirma-progresul-romaniei-in-domeniu\/"},"author":{"name":"creativebitsolutions","@id":"https:\/\/carpathiacenter.ro\/#\/schema\/person\/03d9f58202fee8379268f34afa195006"},"headline":"Turcan: Organizarea la Bucure\u015fti a Summitului European al Patrimoniului confirm\u0103 progresul Rom\u00e2niei \u00een domeniu","datePublished":"2024-09-20T07:42:37+00:00","mainEntityOfPage":{"@id":"https:\/\/carpathiacenter.ro\/turcan-organizarea-la-bucuresti-a-summitului-european-al-patrimoniului-confirma-progresul-romaniei-in-domeniu\/"},"wordCount":1184,"commentCount":0,"publisher":{"@id":"https:\/\/carpathiacenter.ro\/#organization"},"image":{"@id":"https:\/\/carpathiacenter.ro\/turcan-organizarea-la-bucuresti-a-summitului-european-al-patrimoniului-confirma-progresul-romaniei-in-domeniu\/#primaryimage"},"thumbnailUrl":"https:\/\/carpathiacenter.ro\/wp-content\/uploads\/2024\/09\/438097130_978330496984547_308904831595550883_n.webp","articleSection":["Uncategorized"],"inLanguage":"en-GB","potentialAction":[{"@type":"CommentAction","name":"Comment","target":["https:\/\/carpathiacenter.ro\/turcan-organizarea-la-bucuresti-a-summitului-european-al-patrimoniului-confirma-progresul-romaniei-in-domeniu\/#respond"]}]},{"@type":"WebPage","@id":"https:\/\/carpathiacenter.ro\/turcan-organizarea-la-bucuresti-a-summitului-european-al-patrimoniului-confirma-progresul-romaniei-in-domeniu\/","url":"https:\/\/carpathiacenter.ro\/turcan-organizarea-la-bucuresti-a-summitului-european-al-patrimoniului-confirma-progresul-romaniei-in-domeniu\/","name":"Turcan: Organizarea la Bucure\u015fti a Summitului European al Patrimoniului confirm\u0103 progresul Rom\u00e2niei \u00een domeniu - Carpathia Center Romania","isPartOf":{"@id":"https:\/\/carpathiacenter.ro\/#website"},"primaryImageOfPage":{"@id":"https:\/\/carpathiacenter.ro\/turcan-organizarea-la-bucuresti-a-summitului-european-al-patrimoniului-confirma-progresul-romaniei-in-domeniu\/#primaryimage"},"image":{"@id":"https:\/\/carpathiacenter.ro\/turcan-organizarea-la-bucuresti-a-summitului-european-al-patrimoniului-confirma-progresul-romaniei-in-domeniu\/#primaryimage"},"thumbnailUrl":"https:\/\/carpathiacenter.ro\/wp-content\/uploads\/2024\/09\/438097130_978330496984547_308904831595550883_n.webp","datePublished":"2024-09-20T07:42:37+00:00","breadcrumb":{"@id":"https:\/\/carpathiacenter.ro\/turcan-organizarea-la-bucuresti-a-summitului-european-al-patrimoniului-confirma-progresul-romaniei-in-domeniu\/#breadcrumb"},"inLanguage":"en-GB","potentialAction":[{"@type":"ReadAction","target":["https:\/\/carpathiacenter.ro\/turcan-organizarea-la-bucuresti-a-summitului-european-al-patrimoniului-confirma-progresul-romaniei-in-domeniu\/"]}]},{"@type":"ImageObject","inLanguage":"en-GB","@id":"https:\/\/carpathiacenter.ro\/turcan-organizarea-la-bucuresti-a-summitului-european-al-patrimoniului-confirma-progresul-romaniei-in-domeniu\/#primaryimage","url":"https:\/\/carpathiacenter.ro\/wp-content\/uploads\/2024\/09\/438097130_978330496984547_308904831595550883_n.webp","contentUrl":"https:\/\/carpathiacenter.ro\/wp-content\/uploads\/2024\/09\/438097130_978330496984547_308904831595550883_n.webp","width":1280,"height":960},{"@type":"BreadcrumbList","@id":"https:\/\/carpathiacenter.ro\/turcan-organizarea-la-bucuresti-a-summitului-european-al-patrimoniului-confirma-progresul-romaniei-in-domeniu\/#breadcrumb","itemListElement":[{"@type":"ListItem","position":1,"name":"Prima pagin\u0103","item":"https:\/\/carpathiacenter.ro\/"},{"@type":"ListItem","position":2,"name":"Turcan: Organizarea la Bucure\u015fti a Summitului European al Patrimoniului confirm\u0103 progresul Rom\u00e2niei \u00een domeniu"}]},{"@type":"WebSite","@id":"https:\/\/carpathiacenter.ro\/#website","url":"https:\/\/carpathiacenter.ro\/","name":"Carpathia Center Romania","description":"Impossible made possible!","publisher":{"@id":"https:\/\/carpathiacenter.ro\/#organization"},"potentialAction":[{"@type":"SearchAction","target":{"@type":"EntryPoint","urlTemplate":"https:\/\/carpathiacenter.ro\/?s={search_term_string}"},"query-input":{"@type":"PropertyValueSpecification","valueRequired":true,"valueName":"search_term_string"}}],"inLanguage":"en-GB"},{"@type":"Organization","@id":"https:\/\/carpathiacenter.ro\/#organization","name":"Carpathia Center Romania","url":"https:\/\/carpathiacenter.ro\/","logo":{"@type":"ImageObject","inLanguage":"en-GB","@id":"https:\/\/carpathiacenter.ro\/#\/schema\/logo\/image\/","url":"https:\/\/carpathiacenter.ro\/wp-content\/uploads\/2024\/07\/logo-carpathia_bg_white-1024x941.png","contentUrl":"https:\/\/carpathiacenter.ro\/wp-content\/uploads\/2024\/07\/logo-carpathia_bg_white-1024x941.png","width":1024,"height":941,"caption":"Carpathia Center Romania"},"image":{"@id":"https:\/\/carpathiacenter.ro\/#\/schema\/logo\/image\/"},"sameAs":["https:\/\/www.facebook.com\/fdpscarpathia\/"]},{"@type":"Person","@id":"https:\/\/carpathiacenter.ro\/#\/schema\/person\/03d9f58202fee8379268f34afa195006","name":"creativebitsolutions","image":{"@type":"ImageObject","inLanguage":"en-GB","@id":"https:\/\/carpathiacenter.ro\/#\/schema\/person\/image\/","url":"https:\/\/secure.gravatar.com\/avatar\/1b1a13e37f847c635dab78348f1dff2f07651ee2a3d77a5c355a4b8c75f9165a?s=96&d=mm&r=g","contentUrl":"https:\/\/secure.gravatar.com\/avatar\/1b1a13e37f847c635dab78348f1dff2f07651ee2a3d77a5c355a4b8c75f9165a?s=96&d=mm&r=g","caption":"creativebitsolutions"},"url":"https:\/\/carpathiacenter.ro\/en\/author\/creativebitsolutions\/"}]}},"_links":{"self":[{"href":"https:\/\/carpathiacenter.ro\/en\/wp-json\/wp\/v2\/posts\/1297","targetHints":{"allow":["GET"]}}],"collection":[{"href":"https:\/\/carpathiacenter.ro\/en\/wp-json\/wp\/v2\/posts"}],"about":[{"href":"https:\/\/carpathiacenter.ro\/en\/wp-json\/wp\/v2\/types\/post"}],"author":[{"embeddable":true,"href":"https:\/\/carpathiacenter.ro\/en\/wp-json\/wp\/v2\/users\/4"}],"replies":[{"embeddable":true,"href":"https:\/\/carpathiacenter.ro\/en\/wp-json\/wp\/v2\/comments?post=1297"}],"version-history":[{"count":1,"href":"https:\/\/carpathiacenter.ro\/en\/wp-json\/wp\/v2\/posts\/1297\/revisions"}],"predecessor-version":[{"id":1299,"href":"https:\/\/carpathiacenter.ro\/en\/wp-json\/wp\/v2\/posts\/1297\/revisions\/1299"}],"wp:featuredmedia":[{"embeddable":true,"href":"https:\/\/carpathiacenter.ro\/en\/wp-json\/wp\/v2\/media\/1298"}],"wp:attachment":[{"href":"https:\/\/carpathiacenter.ro\/en\/wp-json\/wp\/v2\/media?parent=1297"}],"wp:term":[{"taxonomy":"category","embeddable":true,"href":"https:\/\/carpathiacenter.ro\/en\/wp-json\/wp\/v2\/categories?post=1297"},{"taxonomy":"post_tag","embeddable":true,"href":"https:\/\/carpathiacenter.ro\/en\/wp-json\/wp\/v2\/tags?post=1297"}],"curies":[{"name":"wp","href":"https:\/\/api.w.org\/{rel}","templated":true}]}}