{"id":1289,"date":"2024-09-18T17:23:53","date_gmt":"2024-09-18T17:23:53","guid":{"rendered":"https:\/\/carpathiacenter.ro\/?p=1289"},"modified":"2024-09-18T17:23:53","modified_gmt":"2024-09-18T17:23:53","slug":"ciolacu-promovarea-rezilientei-fiscal-financiare-in-sectorul-public-este-vitala-pentru-a-asigura-stabilitatea-guvernelor","status":"publish","type":"post","link":"https:\/\/carpathiacenter.ro\/en\/ciolacu-promovarea-rezilientei-fiscal-financiare-in-sectorul-public-este-vitala-pentru-a-asigura-stabilitatea-guvernelor\/","title":{"rendered":"Ciolacu: Promovarea rezilien\u0163ei fiscal-financiare \u00een sectorul public este vital\u0103 pentru a asigura stabilitatea guvernelor"},"content":{"rendered":"<div class=\"tdb-block-inner td-fix-index\">\n<p>Promovarea rezilien\u0163ei fiscal-financiare \u00een sectorul public este vital\u0103 pentru a asigura stabilitatea \u015fi capacitatea guvernelor de a r\u0103spunde \u00een mod eficient la crizele din sistem, precum \u015fi pentru a asigura furnizarea de servicii esen\u0163iale societ\u0103\u0163ii, a declarat prim-ministrul Marcel Ciolacu, miercuri, la evenimentul dedicat \u00eemplinirii a 160 de ani de la \u00eenfiin\u0163area Cur\u0163ii de Conturi a Rom\u00e2niei.<\/p>\n<p>\u015eeful Executivului particip\u0103 la Ateneul Rom\u00e2n, al\u0103turi de pre\u015fedintele Rom\u00e2niei, Klaus Iohannis, pre\u015fedintele Senatului, Nicolae Ciuc\u0103, pre\u015fedintele Camerei Deputa\u0163ilor, Daniel Suciu, \u015fi de pre\u015fedintele Cur\u0163ii de Conturi, Mihai Busuioc, \u015fi al\u0163i \u00eenal\u0163i invita\u0163i, la evenimentul intitulat \u201cResponsabilitate. Relevan\u0163\u0103. Rezilien\u0163\u0103 \u00eentr-o lume a provoc\u0103rilor\u201d, care marcheaz\u0103 aniversarea Cur\u0163ii de Conturi.<\/p>\n<p>\u201cM\u0103 bucur s\u0103 fiu ast\u0103zi al\u0103turi de dumneavoastr\u0103 pentru a celebra 160 de ani de la \u00eenfiin\u0163area acestei institu\u0163ii fundamentale a statului care este Curtea de Conturi a Rom\u00e2niei. Sunt 160 de ani \u00een care Curtea a trecut prin reforme \u015fi transform\u0103ri profunde ajung\u00e2nd ast\u0103zi un exemplu de bun\u0103 practic\u0103 pentru tot ceea ce \u00eenseamn\u0103 sistemul institu\u0163ional din Rom\u00e2nia. De aceea, vreau s\u0103 felicit \u00eentreaga conducere a Cur\u0163ii de Conturi pentru eforturile depuse \u00een continuarea procesului de modernizare a acestei institu\u0163ii. \u015etiu c\u0103 a\u0163i avut de \u00eenfruntat provoc\u0103ri majore, dar prin dialog \u015fi echilibru a\u0163i reu\u015fit s\u0103 g\u0103si\u0163i \u00eentotdeauna solu\u0163ii pentru a v\u0103 ridica la nivelul a\u015ftept\u0103rilor acestei institu\u0163ii\u201d, a declarat Marcel Ciolacu.<\/p>\n<p>Premierul a salutat, \u00een mod special, schimb\u0103rile care s-au produs at\u00e2t \u00een auditul fondurilor publice, c\u00e2t \u015fi \u00een ceea ce prive\u015fte comunicarea dintre Curte \u015fi factorii de decizie din societate.<\/p>\n<p>\u201cPutem avea \u00een institu\u0163ia suprem\u0103 de audit a Rom\u00e2niei un partener \u00een auditarea politicilor publice pentru a \u015fti cum putem veni mai bine \u00een sprijinul beneficiarului final, cet\u0103\u0163eanul\u201d, a ad\u0103ugat Ciolacu.<\/p>\n<p><strong>Premierul a punctat importan\u0163a Cur\u0163ii de Conturi \u00een asigurarea bunei guvernan\u0163e.<\/strong><\/p>\n<p>\u201cExist\u0103 un concept tot mai prezent pe agenda public\u0103 care reune\u015fte la nivel de responsabilit\u0103\u0163i to\u0163i factorii deciden\u0163i din societate: buna guvernan\u0163\u0103. Aici institu\u0163iile supreme de audit joac\u0103 un rol esen\u0163ial \u00een a oferi o imagine real\u0103 a impactului politicilor publice \u00een via\u0163a cet\u0103\u0163enilor. Acest nou model de guvernan\u0163\u0103 se caracterizeaz\u0103 prin gestionarea provoc\u0103rilor \u00eentr-un mediu turbulent, iar rezilien\u0163a \u00een acest context presupune \u00eent\u0103rirea mecanismelor administra\u0163iei publice. \u015ei aici m\u0103 refer \u00een mod deosebit la reforma sistemului de management al resurselor umane, cre\u015fterea calit\u0103\u0163ii datelor pe baza c\u0103rora sunt luate deciziile \u015fi adoptarea unei culturi a inov\u0103rii sociale \u015fi digitale. Promovarea rezilien\u0163ei fiscal-financiare \u00een sectorul public este vital\u0103 pentru a asigura stabilitatea \u015fi capacitatea guvernelor de a r\u0103spunde \u00een mod eficient la crizele din sistem, precum \u015fi pentru a asigura furnizarea de servicii esen\u0163iale societ\u0103\u0163ii. Aceasta este o parte integrant\u0103 a bunei guvernan\u0163e \u00een sectorul public \u201c, a declarat Ciolacu.<\/p>\n<p>Totodat\u0103, \u015feful Executivului a apreciat procesul de modernizare parcurs de Curtea de Conturi \u00een ultimii ani \u015fi a afirmat necesitatea unei colabor\u0103ri mai aplicate \u00eentre institu\u0163iile centrale pentru dezvoltarea Rom\u00e2niei.<\/p>\n<p>\u201cApreciez pa\u015fii spre modernizare f\u0103cu\u0163i \u00een ultimii ani de Curtea de Conturi \u015fi am \u00eencredere c\u0103 putem folosi mai mult munca profesionist\u0103 \u015fi responsabil\u0103 a auditorilor dumneavoastr\u0103. O institu\u0163ie suprem\u0103 de audit modern\u0103 este un factor obiectiv \u015fi echilibrat ce poate oferi m\u0103sura performan\u0163ei unei guvern\u0103ri, precum \u015fi a performan\u0163ei institu\u0163iilor ce ofer\u0103 servicii publice cet\u0103\u0163enilor. La 160 de ani de la \u00eenfiin\u0163area Cur\u0163ii de Conturi este momentul s\u0103 colabor\u0103m \u00eentre noi mai mult pentru dezvoltarea Rom\u00e2niei \u015fi pentru un viitor mai bun al tuturor cet\u0103\u0163enilor ei\u201d, a afirmat Ciolacu.<\/p>\n<p>Premierul a \u00eencheiat, spun\u00e2nd c\u0103 are disponibilitatea de a veni \u015fi la aniversarea de 200 de ani a Cur\u0163ii de Conturi.<\/p>\n<p>\u201cLa mul\u0163i ani Cur\u0163ii de Conturi \u015fi tuturor celor care, prin activitatea lor, contribuie la prestigiul \u015fi performan\u0163a ei! \u015ei, nu \u00een ultimul r\u00e2nd, domnule pre\u015fedinte Mihai Busuioc, al Cur\u0163ii de Conturi, s\u0103 \u015fti\u0163i c\u0103 eu \u00eenc\u0103 de ast\u0103zi \u00eemi ar\u0103t disponibilitatea s\u0103 fiu prezent \u015fi c\u00e2nd vom s\u0103rb\u0103tori 200 de ani \u201c, a \u00eencheiat premierul.<\/p>\n<p>\u00cen cadrul evenimentului a fost lansat \u015fi un album filatelic dedicat anivers\u0103rii a 160 de ani de la \u00eenfiin\u0163area Cur\u0163ii de Conturi a Rom\u00e2niei. AGERPRES\/ (A,AS \u2013 autor: Daniel Florea, editor: Mihai Simionescu, editor online: Adrian D\u00e3d\u00e2rlat)<\/p>\n<p>Sursa:<a href=\" https:\/\/www.agerpres.ro\/politica\/2024\/09\/18\/ciolacu-promovarea-rezilientei-fiscal-financiare-in-sectorul-public-este-vitala-pentru-a-asigura-stabilitatea-guvernelor--1356560\"> https:\/\/www.agerpres.ro\/politica\/2024\/09\/18\/ciolacu-promovarea-rezilientei-fiscal-financiare-in-sectorul-public-este-vitala-pentru-a-asigura-stabilitatea-guvernelor\u20131356560<\/a><\/p>\n<\/p>\n<\/div>","protected":false},"excerpt":{"rendered":"<p>Promovarea rezilien\u0163ei fiscal-financiare \u00een sectorul public este vital\u0103 pentru a asigura stabilitatea \u015fi capacitatea guvernelor de a r\u0103spunde \u00een mod eficient la crizele din sistem, precum \u015fi pentru a asigura furnizarea de servicii esen\u0163iale societ\u0103\u0163ii, a declarat prim-ministrul Marcel Ciolacu, miercuri, la evenimentul dedicat \u00eemplinirii a 160 de ani de la \u00eenfiin\u0163area Cur\u0163ii de Conturi&#8230;<\/p>","protected":false},"author":4,"featured_media":1286,"comment_status":"open","ping_status":"open","sticky":false,"template":"","format":"standard","meta":{"footnotes":""},"categories":[1],"tags":[],"class_list":["post-1289","post","type-post","status-publish","format-standard","has-post-thumbnail","hentry","category-uncategorized"],"yoast_head":"<!-- This site is optimized with the Yoast SEO plugin v26.1.1 - https:\/\/yoast.com\/wordpress\/plugins\/seo\/ -->\n<title>Ciolacu: Promovarea rezilien\u0163ei fiscal-financiare \u00een sectorul public este vital\u0103 pentru a asigura stabilitatea guvernelor - Carpathia Center Romania<\/title>\n<meta name=\"robots\" content=\"index, follow, max-snippet:-1, max-image-preview:large, max-video-preview:-1\" \/>\n<link rel=\"canonical\" href=\"https:\/\/carpathiacenter.ro\/en\/ciolacu-promovarea-rezilientei-fiscal-financiare-in-sectorul-public-este-vitala-pentru-a-asigura-stabilitatea-guvernelor\/\" \/>\n<meta property=\"og:locale\" content=\"en_GB\" \/>\n<meta property=\"og:type\" content=\"article\" \/>\n<meta property=\"og:title\" content=\"Ciolacu: Promovarea rezilien\u0163ei fiscal-financiare \u00een sectorul public este vital\u0103 pentru a asigura stabilitatea guvernelor - Carpathia Center Romania\" \/>\n<meta property=\"og:description\" content=\"Promovarea rezilien\u0163ei fiscal-financiare \u00een sectorul public este vital\u0103 pentru a asigura stabilitatea \u015fi capacitatea guvernelor de a r\u0103spunde \u00een mod eficient la crizele din sistem, precum \u015fi pentru a asigura furnizarea de servicii esen\u0163iale societ\u0103\u0163ii, a declarat prim-ministrul Marcel Ciolacu, miercuri, la evenimentul dedicat \u00eemplinirii a 160 de ani de la \u00eenfiin\u0163area Cur\u0163ii de Conturi...\" \/>\n<meta property=\"og:url\" content=\"https:\/\/carpathiacenter.ro\/en\/ciolacu-promovarea-rezilientei-fiscal-financiare-in-sectorul-public-este-vitala-pentru-a-asigura-stabilitatea-guvernelor\/\" \/>\n<meta property=\"og:site_name\" content=\"Carpathia Center Romania\" \/>\n<meta property=\"article:publisher\" content=\"https:\/\/www.facebook.com\/fdpscarpathia\/\" \/>\n<meta property=\"article:published_time\" content=\"2024-09-18T17:23:53+00:00\" \/>\n<meta property=\"og:image\" content=\"https:\/\/carpathiacenter.ro\/wp-content\/uploads\/2024\/09\/mitus-ciolacu-11-1024x575-1.webp\" \/>\n\t<meta property=\"og:image:width\" content=\"1024\" \/>\n\t<meta property=\"og:image:height\" content=\"575\" \/>\n\t<meta property=\"og:image:type\" content=\"image\/webp\" \/>\n<meta name=\"author\" content=\"creativebitsolutions\" \/>\n<meta name=\"twitter:card\" content=\"summary_large_image\" \/>\n<meta name=\"twitter:label1\" content=\"Written by\" \/>\n\t<meta name=\"twitter:data1\" content=\"creativebitsolutions\" \/>\n\t<meta name=\"twitter:label2\" content=\"Estimated reading time\" \/>\n\t<meta name=\"twitter:data2\" content=\"4 minutes\" \/>\n<script type=\"application\/ld+json\" class=\"yoast-schema-graph\">{\"@context\":\"https:\/\/schema.org\",\"@graph\":[{\"@type\":\"Article\",\"@id\":\"https:\/\/carpathiacenter.ro\/ciolacu-promovarea-rezilientei-fiscal-financiare-in-sectorul-public-este-vitala-pentru-a-asigura-stabilitatea-guvernelor\/#article\",\"isPartOf\":{\"@id\":\"https:\/\/carpathiacenter.ro\/ciolacu-promovarea-rezilientei-fiscal-financiare-in-sectorul-public-este-vitala-pentru-a-asigura-stabilitatea-guvernelor\/\"},\"author\":{\"name\":\"creativebitsolutions\",\"@id\":\"https:\/\/carpathiacenter.ro\/#\/schema\/person\/03d9f58202fee8379268f34afa195006\"},\"headline\":\"Ciolacu: Promovarea rezilien\u0163ei fiscal-financiare \u00een sectorul public este vital\u0103 pentru a asigura stabilitatea guvernelor\",\"datePublished\":\"2024-09-18T17:23:53+00:00\",\"mainEntityOfPage\":{\"@id\":\"https:\/\/carpathiacenter.ro\/ciolacu-promovarea-rezilientei-fiscal-financiare-in-sectorul-public-este-vitala-pentru-a-asigura-stabilitatea-guvernelor\/\"},\"wordCount\":801,\"commentCount\":0,\"publisher\":{\"@id\":\"https:\/\/carpathiacenter.ro\/#organization\"},\"image\":{\"@id\":\"https:\/\/carpathiacenter.ro\/ciolacu-promovarea-rezilientei-fiscal-financiare-in-sectorul-public-este-vitala-pentru-a-asigura-stabilitatea-guvernelor\/#primaryimage\"},\"thumbnailUrl\":\"https:\/\/carpathiacenter.ro\/wp-content\/uploads\/2024\/09\/mitus-ciolacu-11-1024x575-1.webp\",\"articleSection\":[\"Uncategorized\"],\"inLanguage\":\"en-GB\",\"potentialAction\":[{\"@type\":\"CommentAction\",\"name\":\"Comment\",\"target\":[\"https:\/\/carpathiacenter.ro\/ciolacu-promovarea-rezilientei-fiscal-financiare-in-sectorul-public-este-vitala-pentru-a-asigura-stabilitatea-guvernelor\/#respond\"]}]},{\"@type\":\"WebPage\",\"@id\":\"https:\/\/carpathiacenter.ro\/ciolacu-promovarea-rezilientei-fiscal-financiare-in-sectorul-public-este-vitala-pentru-a-asigura-stabilitatea-guvernelor\/\",\"url\":\"https:\/\/carpathiacenter.ro\/ciolacu-promovarea-rezilientei-fiscal-financiare-in-sectorul-public-este-vitala-pentru-a-asigura-stabilitatea-guvernelor\/\",\"name\":\"Ciolacu: Promovarea rezilien\u0163ei fiscal-financiare \u00een sectorul public este vital\u0103 pentru a asigura stabilitatea guvernelor - Carpathia Center Romania\",\"isPartOf\":{\"@id\":\"https:\/\/carpathiacenter.ro\/#website\"},\"primaryImageOfPage\":{\"@id\":\"https:\/\/carpathiacenter.ro\/ciolacu-promovarea-rezilientei-fiscal-financiare-in-sectorul-public-este-vitala-pentru-a-asigura-stabilitatea-guvernelor\/#primaryimage\"},\"image\":{\"@id\":\"https:\/\/carpathiacenter.ro\/ciolacu-promovarea-rezilientei-fiscal-financiare-in-sectorul-public-este-vitala-pentru-a-asigura-stabilitatea-guvernelor\/#primaryimage\"},\"thumbnailUrl\":\"https:\/\/carpathiacenter.ro\/wp-content\/uploads\/2024\/09\/mitus-ciolacu-11-1024x575-1.webp\",\"datePublished\":\"2024-09-18T17:23:53+00:00\",\"breadcrumb\":{\"@id\":\"https:\/\/carpathiacenter.ro\/ciolacu-promovarea-rezilientei-fiscal-financiare-in-sectorul-public-este-vitala-pentru-a-asigura-stabilitatea-guvernelor\/#breadcrumb\"},\"inLanguage\":\"en-GB\",\"potentialAction\":[{\"@type\":\"ReadAction\",\"target\":[\"https:\/\/carpathiacenter.ro\/ciolacu-promovarea-rezilientei-fiscal-financiare-in-sectorul-public-este-vitala-pentru-a-asigura-stabilitatea-guvernelor\/\"]}]},{\"@type\":\"ImageObject\",\"inLanguage\":\"en-GB\",\"@id\":\"https:\/\/carpathiacenter.ro\/ciolacu-promovarea-rezilientei-fiscal-financiare-in-sectorul-public-este-vitala-pentru-a-asigura-stabilitatea-guvernelor\/#primaryimage\",\"url\":\"https:\/\/carpathiacenter.ro\/wp-content\/uploads\/2024\/09\/mitus-ciolacu-11-1024x575-1.webp\",\"contentUrl\":\"https:\/\/carpathiacenter.ro\/wp-content\/uploads\/2024\/09\/mitus-ciolacu-11-1024x575-1.webp\",\"width\":1024,\"height\":575},{\"@type\":\"BreadcrumbList\",\"@id\":\"https:\/\/carpathiacenter.ro\/ciolacu-promovarea-rezilientei-fiscal-financiare-in-sectorul-public-este-vitala-pentru-a-asigura-stabilitatea-guvernelor\/#breadcrumb\",\"itemListElement\":[{\"@type\":\"ListItem\",\"position\":1,\"name\":\"Prima pagin\u0103\",\"item\":\"https:\/\/carpathiacenter.ro\/\"},{\"@type\":\"ListItem\",\"position\":2,\"name\":\"Ciolacu: Promovarea rezilien\u0163ei fiscal-financiare \u00een sectorul public este vital\u0103 pentru a asigura stabilitatea guvernelor\"}]},{\"@type\":\"WebSite\",\"@id\":\"https:\/\/carpathiacenter.ro\/#website\",\"url\":\"https:\/\/carpathiacenter.ro\/\",\"name\":\"Carpathia Center Romania\",\"description\":\"Impossible made possible!\",\"publisher\":{\"@id\":\"https:\/\/carpathiacenter.ro\/#organization\"},\"potentialAction\":[{\"@type\":\"SearchAction\",\"target\":{\"@type\":\"EntryPoint\",\"urlTemplate\":\"https:\/\/carpathiacenter.ro\/?s={search_term_string}\"},\"query-input\":{\"@type\":\"PropertyValueSpecification\",\"valueRequired\":true,\"valueName\":\"search_term_string\"}}],\"inLanguage\":\"en-GB\"},{\"@type\":\"Organization\",\"@id\":\"https:\/\/carpathiacenter.ro\/#organization\",\"name\":\"Carpathia Center Romania\",\"url\":\"https:\/\/carpathiacenter.ro\/\",\"logo\":{\"@type\":\"ImageObject\",\"inLanguage\":\"en-GB\",\"@id\":\"https:\/\/carpathiacenter.ro\/#\/schema\/logo\/image\/\",\"url\":\"https:\/\/carpathiacenter.ro\/wp-content\/uploads\/2024\/07\/logo-carpathia_bg_white-1024x941.png\",\"contentUrl\":\"https:\/\/carpathiacenter.ro\/wp-content\/uploads\/2024\/07\/logo-carpathia_bg_white-1024x941.png\",\"width\":1024,\"height\":941,\"caption\":\"Carpathia Center Romania\"},\"image\":{\"@id\":\"https:\/\/carpathiacenter.ro\/#\/schema\/logo\/image\/\"},\"sameAs\":[\"https:\/\/www.facebook.com\/fdpscarpathia\/\"]},{\"@type\":\"Person\",\"@id\":\"https:\/\/carpathiacenter.ro\/#\/schema\/person\/03d9f58202fee8379268f34afa195006\",\"name\":\"creativebitsolutions\",\"image\":{\"@type\":\"ImageObject\",\"inLanguage\":\"en-GB\",\"@id\":\"https:\/\/carpathiacenter.ro\/#\/schema\/person\/image\/\",\"url\":\"https:\/\/secure.gravatar.com\/avatar\/1b1a13e37f847c635dab78348f1dff2f07651ee2a3d77a5c355a4b8c75f9165a?s=96&d=mm&r=g\",\"contentUrl\":\"https:\/\/secure.gravatar.com\/avatar\/1b1a13e37f847c635dab78348f1dff2f07651ee2a3d77a5c355a4b8c75f9165a?s=96&d=mm&r=g\",\"caption\":\"creativebitsolutions\"},\"url\":\"https:\/\/carpathiacenter.ro\/en\/author\/creativebitsolutions\/\"}]}<\/script>\n<!-- \/ Yoast SEO plugin. -->","yoast_head_json":{"title":"Ciolacu: Promovarea rezilien\u0163ei fiscal-financiare \u00een sectorul public este vital\u0103 pentru a asigura stabilitatea guvernelor - Carpathia Center Romania","robots":{"index":"index","follow":"follow","max-snippet":"max-snippet:-1","max-image-preview":"max-image-preview:large","max-video-preview":"max-video-preview:-1"},"canonical":"https:\/\/carpathiacenter.ro\/en\/ciolacu-promovarea-rezilientei-fiscal-financiare-in-sectorul-public-este-vitala-pentru-a-asigura-stabilitatea-guvernelor\/","og_locale":"en_GB","og_type":"article","og_title":"Ciolacu: Promovarea rezilien\u0163ei fiscal-financiare \u00een sectorul public este vital\u0103 pentru a asigura stabilitatea guvernelor - Carpathia Center Romania","og_description":"Promovarea rezilien\u0163ei fiscal-financiare \u00een sectorul public este vital\u0103 pentru a asigura stabilitatea \u015fi capacitatea guvernelor de a r\u0103spunde \u00een mod eficient la crizele din sistem, precum \u015fi pentru a asigura furnizarea de servicii esen\u0163iale societ\u0103\u0163ii, a declarat prim-ministrul Marcel Ciolacu, miercuri, la evenimentul dedicat \u00eemplinirii a 160 de ani de la \u00eenfiin\u0163area Cur\u0163ii de Conturi...","og_url":"https:\/\/carpathiacenter.ro\/en\/ciolacu-promovarea-rezilientei-fiscal-financiare-in-sectorul-public-este-vitala-pentru-a-asigura-stabilitatea-guvernelor\/","og_site_name":"Carpathia Center Romania","article_publisher":"https:\/\/www.facebook.com\/fdpscarpathia\/","article_published_time":"2024-09-18T17:23:53+00:00","og_image":[{"width":1024,"height":575,"url":"https:\/\/carpathiacenter.ro\/wp-content\/uploads\/2024\/09\/mitus-ciolacu-11-1024x575-1.webp","type":"image\/webp"}],"author":"creativebitsolutions","twitter_card":"summary_large_image","twitter_misc":{"Written by":"creativebitsolutions","Estimated reading time":"4 minutes"},"schema":{"@context":"https:\/\/schema.org","@graph":[{"@type":"Article","@id":"https:\/\/carpathiacenter.ro\/ciolacu-promovarea-rezilientei-fiscal-financiare-in-sectorul-public-este-vitala-pentru-a-asigura-stabilitatea-guvernelor\/#article","isPartOf":{"@id":"https:\/\/carpathiacenter.ro\/ciolacu-promovarea-rezilientei-fiscal-financiare-in-sectorul-public-este-vitala-pentru-a-asigura-stabilitatea-guvernelor\/"},"author":{"name":"creativebitsolutions","@id":"https:\/\/carpathiacenter.ro\/#\/schema\/person\/03d9f58202fee8379268f34afa195006"},"headline":"Ciolacu: Promovarea rezilien\u0163ei fiscal-financiare \u00een sectorul public este vital\u0103 pentru a asigura stabilitatea guvernelor","datePublished":"2024-09-18T17:23:53+00:00","mainEntityOfPage":{"@id":"https:\/\/carpathiacenter.ro\/ciolacu-promovarea-rezilientei-fiscal-financiare-in-sectorul-public-este-vitala-pentru-a-asigura-stabilitatea-guvernelor\/"},"wordCount":801,"commentCount":0,"publisher":{"@id":"https:\/\/carpathiacenter.ro\/#organization"},"image":{"@id":"https:\/\/carpathiacenter.ro\/ciolacu-promovarea-rezilientei-fiscal-financiare-in-sectorul-public-este-vitala-pentru-a-asigura-stabilitatea-guvernelor\/#primaryimage"},"thumbnailUrl":"https:\/\/carpathiacenter.ro\/wp-content\/uploads\/2024\/09\/mitus-ciolacu-11-1024x575-1.webp","articleSection":["Uncategorized"],"inLanguage":"en-GB","potentialAction":[{"@type":"CommentAction","name":"Comment","target":["https:\/\/carpathiacenter.ro\/ciolacu-promovarea-rezilientei-fiscal-financiare-in-sectorul-public-este-vitala-pentru-a-asigura-stabilitatea-guvernelor\/#respond"]}]},{"@type":"WebPage","@id":"https:\/\/carpathiacenter.ro\/ciolacu-promovarea-rezilientei-fiscal-financiare-in-sectorul-public-este-vitala-pentru-a-asigura-stabilitatea-guvernelor\/","url":"https:\/\/carpathiacenter.ro\/ciolacu-promovarea-rezilientei-fiscal-financiare-in-sectorul-public-este-vitala-pentru-a-asigura-stabilitatea-guvernelor\/","name":"Ciolacu: Promovarea rezilien\u0163ei fiscal-financiare \u00een sectorul public este vital\u0103 pentru a asigura stabilitatea guvernelor - Carpathia Center Romania","isPartOf":{"@id":"https:\/\/carpathiacenter.ro\/#website"},"primaryImageOfPage":{"@id":"https:\/\/carpathiacenter.ro\/ciolacu-promovarea-rezilientei-fiscal-financiare-in-sectorul-public-este-vitala-pentru-a-asigura-stabilitatea-guvernelor\/#primaryimage"},"image":{"@id":"https:\/\/carpathiacenter.ro\/ciolacu-promovarea-rezilientei-fiscal-financiare-in-sectorul-public-este-vitala-pentru-a-asigura-stabilitatea-guvernelor\/#primaryimage"},"thumbnailUrl":"https:\/\/carpathiacenter.ro\/wp-content\/uploads\/2024\/09\/mitus-ciolacu-11-1024x575-1.webp","datePublished":"2024-09-18T17:23:53+00:00","breadcrumb":{"@id":"https:\/\/carpathiacenter.ro\/ciolacu-promovarea-rezilientei-fiscal-financiare-in-sectorul-public-este-vitala-pentru-a-asigura-stabilitatea-guvernelor\/#breadcrumb"},"inLanguage":"en-GB","potentialAction":[{"@type":"ReadAction","target":["https:\/\/carpathiacenter.ro\/ciolacu-promovarea-rezilientei-fiscal-financiare-in-sectorul-public-este-vitala-pentru-a-asigura-stabilitatea-guvernelor\/"]}]},{"@type":"ImageObject","inLanguage":"en-GB","@id":"https:\/\/carpathiacenter.ro\/ciolacu-promovarea-rezilientei-fiscal-financiare-in-sectorul-public-este-vitala-pentru-a-asigura-stabilitatea-guvernelor\/#primaryimage","url":"https:\/\/carpathiacenter.ro\/wp-content\/uploads\/2024\/09\/mitus-ciolacu-11-1024x575-1.webp","contentUrl":"https:\/\/carpathiacenter.ro\/wp-content\/uploads\/2024\/09\/mitus-ciolacu-11-1024x575-1.webp","width":1024,"height":575},{"@type":"BreadcrumbList","@id":"https:\/\/carpathiacenter.ro\/ciolacu-promovarea-rezilientei-fiscal-financiare-in-sectorul-public-este-vitala-pentru-a-asigura-stabilitatea-guvernelor\/#breadcrumb","itemListElement":[{"@type":"ListItem","position":1,"name":"Prima pagin\u0103","item":"https:\/\/carpathiacenter.ro\/"},{"@type":"ListItem","position":2,"name":"Ciolacu: Promovarea rezilien\u0163ei fiscal-financiare \u00een sectorul public este vital\u0103 pentru a asigura stabilitatea guvernelor"}]},{"@type":"WebSite","@id":"https:\/\/carpathiacenter.ro\/#website","url":"https:\/\/carpathiacenter.ro\/","name":"Carpathia Center Romania","description":"Impossible made possible!","publisher":{"@id":"https:\/\/carpathiacenter.ro\/#organization"},"potentialAction":[{"@type":"SearchAction","target":{"@type":"EntryPoint","urlTemplate":"https:\/\/carpathiacenter.ro\/?s={search_term_string}"},"query-input":{"@type":"PropertyValueSpecification","valueRequired":true,"valueName":"search_term_string"}}],"inLanguage":"en-GB"},{"@type":"Organization","@id":"https:\/\/carpathiacenter.ro\/#organization","name":"Carpathia Center Romania","url":"https:\/\/carpathiacenter.ro\/","logo":{"@type":"ImageObject","inLanguage":"en-GB","@id":"https:\/\/carpathiacenter.ro\/#\/schema\/logo\/image\/","url":"https:\/\/carpathiacenter.ro\/wp-content\/uploads\/2024\/07\/logo-carpathia_bg_white-1024x941.png","contentUrl":"https:\/\/carpathiacenter.ro\/wp-content\/uploads\/2024\/07\/logo-carpathia_bg_white-1024x941.png","width":1024,"height":941,"caption":"Carpathia Center Romania"},"image":{"@id":"https:\/\/carpathiacenter.ro\/#\/schema\/logo\/image\/"},"sameAs":["https:\/\/www.facebook.com\/fdpscarpathia\/"]},{"@type":"Person","@id":"https:\/\/carpathiacenter.ro\/#\/schema\/person\/03d9f58202fee8379268f34afa195006","name":"creativebitsolutions","image":{"@type":"ImageObject","inLanguage":"en-GB","@id":"https:\/\/carpathiacenter.ro\/#\/schema\/person\/image\/","url":"https:\/\/secure.gravatar.com\/avatar\/1b1a13e37f847c635dab78348f1dff2f07651ee2a3d77a5c355a4b8c75f9165a?s=96&d=mm&r=g","contentUrl":"https:\/\/secure.gravatar.com\/avatar\/1b1a13e37f847c635dab78348f1dff2f07651ee2a3d77a5c355a4b8c75f9165a?s=96&d=mm&r=g","caption":"creativebitsolutions"},"url":"https:\/\/carpathiacenter.ro\/en\/author\/creativebitsolutions\/"}]}},"_links":{"self":[{"href":"https:\/\/carpathiacenter.ro\/en\/wp-json\/wp\/v2\/posts\/1289","targetHints":{"allow":["GET"]}}],"collection":[{"href":"https:\/\/carpathiacenter.ro\/en\/wp-json\/wp\/v2\/posts"}],"about":[{"href":"https:\/\/carpathiacenter.ro\/en\/wp-json\/wp\/v2\/types\/post"}],"author":[{"embeddable":true,"href":"https:\/\/carpathiacenter.ro\/en\/wp-json\/wp\/v2\/users\/4"}],"replies":[{"embeddable":true,"href":"https:\/\/carpathiacenter.ro\/en\/wp-json\/wp\/v2\/comments?post=1289"}],"version-history":[{"count":1,"href":"https:\/\/carpathiacenter.ro\/en\/wp-json\/wp\/v2\/posts\/1289\/revisions"}],"predecessor-version":[{"id":1290,"href":"https:\/\/carpathiacenter.ro\/en\/wp-json\/wp\/v2\/posts\/1289\/revisions\/1290"}],"wp:featuredmedia":[{"embeddable":true,"href":"https:\/\/carpathiacenter.ro\/en\/wp-json\/wp\/v2\/media\/1286"}],"wp:attachment":[{"href":"https:\/\/carpathiacenter.ro\/en\/wp-json\/wp\/v2\/media?parent=1289"}],"wp:term":[{"taxonomy":"category","embeddable":true,"href":"https:\/\/carpathiacenter.ro\/en\/wp-json\/wp\/v2\/categories?post=1289"},{"taxonomy":"post_tag","embeddable":true,"href":"https:\/\/carpathiacenter.ro\/en\/wp-json\/wp\/v2\/tags?post=1289"}],"curies":[{"name":"wp","href":"https:\/\/api.w.org\/{rel}","templated":true}]}}